{"id":10185,"date":"2021-02-17T12:30:28","date_gmt":"2021-02-17T11:30:28","guid":{"rendered":"https:\/\/www.welovecycling.com\/hu\/?p=10185"},"modified":"2022-02-03T13:04:18","modified_gmt":"2022-02-03T11:04:18","slug":"csinald-egy-olimpikon-utan-parti-andras-utvonala","status":"publish","type":"post","link":"https:\/\/www.welovecycling.com\/hu\/honap-utvonala\/csinald-egy-olimpikon-utan-parti-andras-utvonala\/","title":{"rendered":"Csin\u00e1ld egy Olimpikon ut\u00e1n! \u2013 Parti Andr\u00e1s \u00fatvonala"},"content":{"rendered":"<p><strong>Rengeteg ker\u00e9kp\u00e1ros \u00fat, t\u00fara\u00fatvonal, bringap\u00e1lya \u00e9s felfedezetlen \u00f6sv\u00e9ny keresztezi az vil\u00e1got, amiket minden biciklisnek l\u00e1tnia kell! Az\u00e9rt vagyunk k\u00f6z\u00f6ss\u00e9g, hogy megosszuk egym\u00e1ssal tapasztalatainkat, seg\u00edts\u00fcnk m\u00e1soknak \u00faj helyeket felfedezni \u00e9s \u00faj \u00e9lm\u00e9nyekkel er\u0151s\u00edts\u00fck k\u00f6z\u00f6s szenved\u00e9ly\u00fcnk \u00f6sszetart\u00f3 erej\u00e9t. Ez\u00e9rt ind\u00edtottuk el <em>A h\u00f3nap \u00fatvonala<\/em> kamp\u00e1nyunkat, mely sor\u00e1n b\u00e1rki megoszthatja saj\u00e1t \u00e9lm\u00e9nyeit, hogy m\u00e1sok is \u00e1t\u00e9lhess\u00e9k \u0151ket! Ahogy ezt Parti Andr\u00e1s is tette.<\/strong><!--more--><\/p>\n<p>A h\u00e1romszoros olimpikon mountain bike-os, Parti Andr\u00e1s, 1982-ben sz\u00fcletett \u00e9s 15 \u00e9vesen indult az els\u0151 verseny\u00e9n. 2007-ben a legjobb hazai MTB versenyz\u0151nek v\u00e1lasztott\u00e1k, nem v\u00e9letlen\u00fcl: ekkor m\u00e1r &#8211; a sz\u00e1mos belf\u00f6ldi \u00e9s kisebb k\u00fclf\u00f6ldi verseny mellett &#8211; egy vil\u00e1gbajnoks\u00e1g \u00e9s egy eur\u00f3pai bajnoks\u00e1g is \u00e1llt a h\u00e1ta m\u00f6g\u00f6tt. Ezut\u00e1n m\u00e9g h\u00e9tszer \u00e9rdemelte ki ezt a c\u00edmet. \u00d6sszesen 22-szer lett magyar bajnok, \u00e9s a pekingi, a londoni \u00e9s a ri\u00f3i olimpi\u00e1n is versenyzett. Nem titok, hogy negyedszerre is k\u00e9pviselni szeretn\u00e9 Magyarorsz\u00e1got a j\u00e1t\u00e9kokon, a felk\u00e9sz\u00fcl\u00e9s pedig m\u00e1r el is kezd\u0151d\u00f6tt: az \u00e9v els\u0151 fel\u00e9t egy tenerifei edz\u0151t\u00e1borban t\u00f6lt\u00f6tte.<\/p>\n<figure id=\"attachment_10186\" aria-describedby=\"caption-attachment-10186\" style=\"width: 1024px\" class=\"wp-caption aligncenter\"><img loading=\"lazy\" decoding=\"async\" class=\"size-large wp-image-10186\" src=\"https:\/\/d2p6e6u75xmxt8.cloudfront.net\/12\/2021\/02\/parti-andras_prega-1024x733.jpg\" alt=\"\" width=\"1024\" height=\"733\" srcset=\"https:\/\/d2p6e6u75xmxt8.cloudfront.net\/12\/2021\/02\/parti-andras_prega-1024x733.jpg 1024w, https:\/\/d2p6e6u75xmxt8.cloudfront.net\/12\/2021\/02\/parti-andras_prega-300x215.jpg 300w, https:\/\/d2p6e6u75xmxt8.cloudfront.net\/12\/2021\/02\/parti-andras_prega-768x550.jpg 768w, https:\/\/d2p6e6u75xmxt8.cloudfront.net\/12\/2021\/02\/parti-andras_prega-1536x1099.jpg 1536w, https:\/\/d2p6e6u75xmxt8.cloudfront.net\/12\/2021\/02\/parti-andras_prega-2048x1465.jpg 2048w, https:\/\/d2p6e6u75xmxt8.cloudfront.net\/12\/2021\/02\/parti-andras_prega-1920x1374.jpg 1920w, https:\/\/d2p6e6u75xmxt8.cloudfront.net\/12\/2021\/02\/parti-andras_prega-1920x1374.jpg 1920w\" sizes=\"auto, (max-width: 1024px) 100vw, 1024px\" \/><figcaption id=\"caption-attachment-10186\" class=\"wp-caption-text\">Parti Andr\u00e1s, h\u00e1romszoros olimpikon. Fot\u00f3: wellandfit.hu<\/figcaption><\/figure>\n<p>A tavalyi \u00e9v persze neki is neh\u00e9zs\u00e9gekkel volt tele. Nem csak a versenyszezon borult fel, de Andr\u00e1s is elkapta a koronav\u00edrust, a l\u00e1badoz\u00e1sa pedig sok\u00e1ig tartott. Augusztusban azonban a betegs\u00e9g ellen\u00e9re is siker\u00fclt visszaszereznie a bajnoki c\u00edmet, a Zalaegerszegen megrendezett Restart XCO Orsz\u00e1gos Bajnoks\u00e1gon. Jelenleg az \u00dajpesti Torna Egyes\u00fclt (UTE) sz\u00edneiben teker.<\/p>\n<p>Az olimpikon montis szeret betartani az el\u0151re eltervezett menetrendet, nem csak azt tudja este, hogy m\u00e1snap merre \u00e9s mennyit fog tekerni, de azt is, mikor \u00e9s mit eszik, \u00e9s hol pihen!<\/p>\n<p>Andr\u00e1s Tenerif\u00e9r\u0151l hozott nek\u00fcnk egy \u00fatvonalat, amit egy edz\u0151t\u00e1bor sor\u00e1n j\u00e1rt be. Ha m\u00e9g nem tervezt\u00e9tek meg az idei nyaral\u00e1st (\u00e9s persze, ha a j\u00e1rv\u00e1nyhelyzet engedi), a gyakorlottabb bring\u00e1sok mindenk\u00e9pp vegy\u00e9k fontol\u00f3ra Tenerif\u00e9t, \u00e9s Andr\u00e1s \u00fatvonal\u00e1t! De csak ha szerettek m\u00e1szni!<\/p>\n<p>\u00c9s ha m\u00e1r itt j\u00e1rtok, Andr\u00e1s aj\u00e1nlott m\u00e9g egy k\u00f6rt: a Santiago del Teide feletti Arena Negra-t, ahol igazi holdb\u00e9li t\u00e1j v\u00e1r r\u00e1tok!<\/p>\n<figure id=\"attachment_10187\" aria-describedby=\"caption-attachment-10187\" style=\"width: 720px\" class=\"wp-caption aligncenter\"><img loading=\"lazy\" decoding=\"async\" class=\"size-full wp-image-10187\" src=\"https:\/\/d2p6e6u75xmxt8.cloudfront.net\/12\/2021\/02\/bed3ee67edfcd2e234a9cdd6743593cf.jpg\" alt=\"\" width=\"720\" height=\"873\" srcset=\"https:\/\/d2p6e6u75xmxt8.cloudfront.net\/12\/2021\/02\/bed3ee67edfcd2e234a9cdd6743593cf.jpg 720w, https:\/\/d2p6e6u75xmxt8.cloudfront.net\/12\/2021\/02\/bed3ee67edfcd2e234a9cdd6743593cf-247x300.jpg 247w\" sizes=\"auto, (max-width: 720px) 100vw, 720px\" \/><figcaption id=\"caption-attachment-10187\" class=\"wp-caption-text\">Az Arena Negra strandja<\/figcaption><\/figure>\n<p>B\u00e1r Magyarorsz\u00e1gon is tal\u00e1lni csod\u00e1latos magaslatokat \u00e9s neh\u00e9z terepeket \u2013 Andr\u00e1s szerint a M\u00e1tr\u00e1ban a legizgalmasabb tekerni \u2013 a tenerifei \u00fatvonal eg\u00e9szen m\u00e1s. 1500 m\u00e9ter felett m\u00e1r ritkul a leveg\u0151, ehhez pedig hozz\u00e1 kell szokni. A legjobb, ha egy darabig le is t\u00e1boroztok a magasban miel\u0151tt \u00fatnak indultok. Andr\u00e1s sajnos most nem tudta ezt megtenni, de \u0151 m\u00e1r ismeri az \u00e9rz\u00e9st, tudta mi v\u00e1r r\u00e1. Nem is tervezett intenz\u00edv r\u00e9szt\u00e1vokat\u2026<\/p>\n<p><strong>Legyen a tied a k\u00f6vetkez\u0151 H\u00f3nap \u00fatvonala!<\/strong><\/p>\n<p><em>Ha te is szeretn\u00e9d megosztani kedvenc \u00fatvonalaidat bring\u00e1s k\u00f6z\u00f6ss\u00e9g\u00fcnkkel, k\u00e9sz\u00edts fot\u00f3kat, \u00e9s k\u00fcldj el nek\u00fcnk egy besz\u00e1mol\u00f3t a t\u00far\u00e1r\u00f3l, illetve a legfontosabb tudnival\u00f3kr\u00f3l a <\/em><a href=\"https:\/\/www.welovecycling.com\/hu\/honap-utvonala\/honap-utvonala-szeptember-zelenij-linda-kedvenc-dh-palyaja\/welovecycling@skoda.hu\"><em>welovecycling@skoda.hu<\/em><\/a><em>\u00a0e-mail c\u00edmre! A r\u00e9szletekr\u0151l <a href=\"https:\/\/www.welovecycling.com\/hu\/honap-utvonala\/legyen-a-te-kedvenc-bringautad-a-honap-utvonala\/\"><u>itt olvashatsz<\/u><\/a>.<\/em><\/p>\n","protected":false},"excerpt":{"rendered":"<p>Rengeteg ker\u00e9kp\u00e1ros \u00fat, t\u00fara\u00fatvonal, bringap\u00e1lya \u00e9s felfedezetlen \u00f6sv\u00e9ny keresztezi az vil\u00e1got, amiket minden biciklisnek l\u00e1tnia kell! Az\u00e9rt vagyunk k\u00f6z\u00f6ss\u00e9g, hogy [&hellip;]<\/p>\n","protected":false},"author":71,"featured_media":10190,"comment_status":"open","ping_status":"open","sticky":false,"template":"","format":"video","meta":{"footnotes":""},"categories":[461],"tags":[],"global-categories":[419],"class_list":["post-10185","post","type-post","status-publish","format-video","has-post-thumbnail","hentry","category-honap-utvonala","post_format-post-format-video","global-categories-cycling"],"yoast_head":"<!-- This site is optimized with the Yoast SEO Premium plugin v25.3 (Yoast SEO v25.9) - https:\/\/yoast.com\/wordpress\/plugins\/seo\/ -->\n<title>Csin\u00e1ld egy Olimpikon ut\u00e1n! \u2013 Parti Andr\u00e1s \u00fatvonala - \u0160koda We Love Cycling - Magyarorsz\u00e1g<\/title>\n<meta name=\"description\" content=\"Rengeteg ker\u00e9kp\u00e1ros \u00fat, t\u00fara\u00fatvonal, bringap\u00e1lya \u00e9s felfedezetlen \u00f6sv\u00e9ny keresztezi az vil\u00e1got, amiket minden biciklisnek l\u00e1tnia kell!\" \/>\n<meta name=\"robots\" content=\"index, follow, max-snippet:-1, max-image-preview:large, max-video-preview:-1\" \/>\n<link rel=\"canonical\" href=\"https:\/\/www.welovecycling.com\/hu\/honap-utvonala\/csinald-egy-olimpikon-utan-parti-andras-utvonala\/\" \/>\n<meta property=\"og:locale\" content=\"hu_HU\" \/>\n<meta property=\"og:type\" content=\"article\" \/>\n<meta property=\"og:title\" content=\"Csin\u00e1ld egy Olimpikon ut\u00e1n! \u2013 Parti Andr\u00e1s \u00fatvonala\" \/>\n<meta property=\"og:description\" content=\"Rengeteg ker\u00e9kp\u00e1ros \u00fat, t\u00fara\u00fatvonal, bringap\u00e1lya \u00e9s felfedezetlen \u00f6sv\u00e9ny keresztezi az vil\u00e1got, amiket minden biciklisnek l\u00e1tnia kell!\" \/>\n<meta property=\"og:url\" content=\"https:\/\/www.welovecycling.com\/hu\/honap-utvonala\/csinald-egy-olimpikon-utan-parti-andras-utvonala\/\" \/>\n<meta property=\"og:site_name\" content=\"\u0160koda We Love Cycling - Magyarorsz\u00e1g\" \/>\n<meta property=\"article:publisher\" content=\"https:\/\/www.facebook.com\/WeLoveCyclingHungary\/\" \/>\n<meta property=\"article:published_time\" content=\"2021-02-17T11:30:28+00:00\" \/>\n<meta property=\"article:modified_time\" content=\"2022-02-03T11:04:18+00:00\" \/>\n<meta property=\"og:image\" content=\"https:\/\/d2p6e6u75xmxt8.cloudfront.net\/12\/2021\/02\/honap_utconala_cikk_cover-min.jpg\" \/>\n\t<meta property=\"og:image:width\" content=\"1380\" \/>\n\t<meta property=\"og:image:height\" content=\"600\" \/>\n\t<meta property=\"og:image:type\" content=\"image\/jpeg\" \/>\n<meta name=\"author\" content=\"hegyizs\" \/>\n<meta name=\"twitter:card\" content=\"summary_large_image\" \/>\n<meta name=\"twitter:label1\" content=\"Written by\" \/>\n\t<meta name=\"twitter:data1\" content=\"WLC\" \/>\n\t<meta name=\"twitter:label2\" content=\"Est. reading time\" \/>\n\t<meta name=\"twitter:data2\" content=\"3 minutes\" \/>\n<script type=\"application\/ld+json\" class=\"yoast-schema-graph\">{\"@context\":\"https:\/\/schema.org\",\"@graph\":[{\"@type\":\"WebPage\",\"@id\":\"https:\/\/www.welovecycling.com\/hu\/honap-utvonala\/csinald-egy-olimpikon-utan-parti-andras-utvonala\/\",\"url\":\"https:\/\/www.welovecycling.com\/hu\/honap-utvonala\/csinald-egy-olimpikon-utan-parti-andras-utvonala\/\",\"name\":\"Csin\u00e1ld egy Olimpikon ut\u00e1n! \u2013 Parti Andr\u00e1s \u00fatvonala - \u0160koda We Love Cycling - Magyarorsz\u00e1g\",\"isPartOf\":{\"@id\":\"https:\/\/www.welovecycling.com\/hu\/#website\"},\"primaryImageOfPage\":{\"@id\":\"https:\/\/www.welovecycling.com\/hu\/honap-utvonala\/csinald-egy-olimpikon-utan-parti-andras-utvonala\/#primaryimage\"},\"image\":{\"@id\":\"https:\/\/www.welovecycling.com\/hu\/honap-utvonala\/csinald-egy-olimpikon-utan-parti-andras-utvonala\/#primaryimage\"},\"thumbnailUrl\":\"https:\/\/d2p6e6u75xmxt8.cloudfront.net\/12\/2021\/02\/honap_utconala_cikk_cover-min.jpg\",\"datePublished\":\"2021-02-17T11:30:28+00:00\",\"dateModified\":\"2022-02-03T11:04:18+00:00\",\"author\":{\"@id\":\"https:\/\/www.welovecycling.com\/hu\/#\/schema\/person\/414a2aebf1801691a5320edb6468e194\"},\"description\":\"Rengeteg ker\u00e9kp\u00e1ros \u00fat, t\u00fara\u00fatvonal, bringap\u00e1lya \u00e9s felfedezetlen \u00f6sv\u00e9ny keresztezi az vil\u00e1got, amiket minden biciklisnek l\u00e1tnia kell!\",\"breadcrumb\":{\"@id\":\"https:\/\/www.welovecycling.com\/hu\/honap-utvonala\/csinald-egy-olimpikon-utan-parti-andras-utvonala\/#breadcrumb\"},\"inLanguage\":\"hu\",\"potentialAction\":[{\"@type\":\"ReadAction\",\"target\":[\"https:\/\/www.welovecycling.com\/hu\/honap-utvonala\/csinald-egy-olimpikon-utan-parti-andras-utvonala\/\"]}]},{\"@type\":\"ImageObject\",\"inLanguage\":\"hu\",\"@id\":\"https:\/\/www.welovecycling.com\/hu\/honap-utvonala\/csinald-egy-olimpikon-utan-parti-andras-utvonala\/#primaryimage\",\"url\":\"https:\/\/d2p6e6u75xmxt8.cloudfront.net\/12\/2021\/02\/honap_utconala_cikk_cover-min.jpg\",\"contentUrl\":\"https:\/\/d2p6e6u75xmxt8.cloudfront.net\/12\/2021\/02\/honap_utconala_cikk_cover-min.jpg\",\"width\":1380,\"height\":600},{\"@type\":\"BreadcrumbList\",\"@id\":\"https:\/\/www.welovecycling.com\/hu\/honap-utvonala\/csinald-egy-olimpikon-utan-parti-andras-utvonala\/#breadcrumb\",\"itemListElement\":[{\"@type\":\"ListItem\",\"position\":1,\"name\":\"Home\",\"item\":\"https:\/\/www.welovecycling.com\/hu\/\"},{\"@type\":\"ListItem\",\"position\":2,\"name\":\"Csin\u00e1ld egy Olimpikon ut\u00e1n! \u2013 Parti Andr\u00e1s \u00fatvonala\"}]},{\"@type\":\"WebSite\",\"@id\":\"https:\/\/www.welovecycling.com\/hu\/#website\",\"url\":\"https:\/\/www.welovecycling.com\/hu\/\",\"name\":\"\u0160koda We Love Cycling - Magyarorsz\u00e1g\",\"description\":\"\u0160koda WeLoveCycling\",\"potentialAction\":[{\"@type\":\"SearchAction\",\"target\":{\"@type\":\"EntryPoint\",\"urlTemplate\":\"https:\/\/www.welovecycling.com\/hu\/?s={search_term_string}\"},\"query-input\":{\"@type\":\"PropertyValueSpecification\",\"valueRequired\":true,\"valueName\":\"search_term_string\"}}],\"inLanguage\":\"hu\"},{\"@type\":\"Person\",\"@id\":\"https:\/\/www.welovecycling.com\/hu\/#\/schema\/person\/414a2aebf1801691a5320edb6468e194\",\"name\":\"hegyizs\",\"image\":{\"@type\":\"ImageObject\",\"inLanguage\":\"hu\",\"@id\":\"https:\/\/www.welovecycling.com\/hu\/#\/schema\/person\/image\/\",\"url\":\"https:\/\/secure.gravatar.com\/avatar\/02cf8a7906b8cf90cecb4679defac7cfd33a1c2e3b88e4903d947f3bb58eedd3?s=96&d=mm&r=g\",\"contentUrl\":\"https:\/\/secure.gravatar.com\/avatar\/02cf8a7906b8cf90cecb4679defac7cfd33a1c2e3b88e4903d947f3bb58eedd3?s=96&d=mm&r=g\",\"caption\":\"hegyizs\"},\"url\":\"https:\/\/www.welovecycling.com\/hu\/author\/hegyizs\/\"}]}<\/script>\n<!-- \/ Yoast SEO Premium plugin. -->","yoast_head_json":{"title":"Csin\u00e1ld egy Olimpikon ut\u00e1n! \u2013 Parti Andr\u00e1s \u00fatvonala - \u0160koda We Love Cycling - Magyarorsz\u00e1g","description":"Rengeteg ker\u00e9kp\u00e1ros \u00fat, t\u00fara\u00fatvonal, bringap\u00e1lya \u00e9s felfedezetlen \u00f6sv\u00e9ny keresztezi az vil\u00e1got, amiket minden biciklisnek l\u00e1tnia kell!","robots":{"index":"index","follow":"follow","max-snippet":"max-snippet:-1","max-image-preview":"max-image-preview:large","max-video-preview":"max-video-preview:-1"},"canonical":"https:\/\/www.welovecycling.com\/hu\/honap-utvonala\/csinald-egy-olimpikon-utan-parti-andras-utvonala\/","og_locale":"hu_HU","og_type":"article","og_title":"Csin\u00e1ld egy Olimpikon ut\u00e1n! \u2013 Parti Andr\u00e1s \u00fatvonala","og_description":"Rengeteg ker\u00e9kp\u00e1ros \u00fat, t\u00fara\u00fatvonal, bringap\u00e1lya \u00e9s felfedezetlen \u00f6sv\u00e9ny keresztezi az vil\u00e1got, amiket minden biciklisnek l\u00e1tnia kell!","og_url":"https:\/\/www.welovecycling.com\/hu\/honap-utvonala\/csinald-egy-olimpikon-utan-parti-andras-utvonala\/","og_site_name":"\u0160koda We Love Cycling - Magyarorsz\u00e1g","article_publisher":"https:\/\/www.facebook.com\/WeLoveCyclingHungary\/","article_published_time":"2021-02-17T11:30:28+00:00","article_modified_time":"2022-02-03T11:04:18+00:00","og_image":[{"width":1380,"height":600,"url":"https:\/\/d2p6e6u75xmxt8.cloudfront.net\/12\/2021\/02\/honap_utconala_cikk_cover-min.jpg","type":"image\/jpeg"}],"author":"hegyizs","twitter_card":"summary_large_image","twitter_misc":{"Written by":"WLC","Est. reading time":"3 minutes"},"schema":{"@context":"https:\/\/schema.org","@graph":[{"@type":"WebPage","@id":"https:\/\/www.welovecycling.com\/hu\/honap-utvonala\/csinald-egy-olimpikon-utan-parti-andras-utvonala\/","url":"https:\/\/www.welovecycling.com\/hu\/honap-utvonala\/csinald-egy-olimpikon-utan-parti-andras-utvonala\/","name":"Csin\u00e1ld egy Olimpikon ut\u00e1n! \u2013 Parti Andr\u00e1s \u00fatvonala - \u0160koda We Love Cycling - Magyarorsz\u00e1g","isPartOf":{"@id":"https:\/\/www.welovecycling.com\/hu\/#website"},"primaryImageOfPage":{"@id":"https:\/\/www.welovecycling.com\/hu\/honap-utvonala\/csinald-egy-olimpikon-utan-parti-andras-utvonala\/#primaryimage"},"image":{"@id":"https:\/\/www.welovecycling.com\/hu\/honap-utvonala\/csinald-egy-olimpikon-utan-parti-andras-utvonala\/#primaryimage"},"thumbnailUrl":"https:\/\/d2p6e6u75xmxt8.cloudfront.net\/12\/2021\/02\/honap_utconala_cikk_cover-min.jpg","datePublished":"2021-02-17T11:30:28+00:00","dateModified":"2022-02-03T11:04:18+00:00","author":{"@id":"https:\/\/www.welovecycling.com\/hu\/#\/schema\/person\/414a2aebf1801691a5320edb6468e194"},"description":"Rengeteg ker\u00e9kp\u00e1ros \u00fat, t\u00fara\u00fatvonal, bringap\u00e1lya \u00e9s felfedezetlen \u00f6sv\u00e9ny keresztezi az vil\u00e1got, amiket minden biciklisnek l\u00e1tnia kell!","breadcrumb":{"@id":"https:\/\/www.welovecycling.com\/hu\/honap-utvonala\/csinald-egy-olimpikon-utan-parti-andras-utvonala\/#breadcrumb"},"inLanguage":"hu","potentialAction":[{"@type":"ReadAction","target":["https:\/\/www.welovecycling.com\/hu\/honap-utvonala\/csinald-egy-olimpikon-utan-parti-andras-utvonala\/"]}]},{"@type":"ImageObject","inLanguage":"hu","@id":"https:\/\/www.welovecycling.com\/hu\/honap-utvonala\/csinald-egy-olimpikon-utan-parti-andras-utvonala\/#primaryimage","url":"https:\/\/d2p6e6u75xmxt8.cloudfront.net\/12\/2021\/02\/honap_utconala_cikk_cover-min.jpg","contentUrl":"https:\/\/d2p6e6u75xmxt8.cloudfront.net\/12\/2021\/02\/honap_utconala_cikk_cover-min.jpg","width":1380,"height":600},{"@type":"BreadcrumbList","@id":"https:\/\/www.welovecycling.com\/hu\/honap-utvonala\/csinald-egy-olimpikon-utan-parti-andras-utvonala\/#breadcrumb","itemListElement":[{"@type":"ListItem","position":1,"name":"Home","item":"https:\/\/www.welovecycling.com\/hu\/"},{"@type":"ListItem","position":2,"name":"Csin\u00e1ld egy Olimpikon ut\u00e1n! \u2013 Parti Andr\u00e1s \u00fatvonala"}]},{"@type":"WebSite","@id":"https:\/\/www.welovecycling.com\/hu\/#website","url":"https:\/\/www.welovecycling.com\/hu\/","name":"\u0160koda We Love Cycling - Magyarorsz\u00e1g","description":"\u0160koda WeLoveCycling","potentialAction":[{"@type":"SearchAction","target":{"@type":"EntryPoint","urlTemplate":"https:\/\/www.welovecycling.com\/hu\/?s={search_term_string}"},"query-input":{"@type":"PropertyValueSpecification","valueRequired":true,"valueName":"search_term_string"}}],"inLanguage":"hu"},{"@type":"Person","@id":"https:\/\/www.welovecycling.com\/hu\/#\/schema\/person\/414a2aebf1801691a5320edb6468e194","name":"hegyizs","image":{"@type":"ImageObject","inLanguage":"hu","@id":"https:\/\/www.welovecycling.com\/hu\/#\/schema\/person\/image\/","url":"https:\/\/secure.gravatar.com\/avatar\/02cf8a7906b8cf90cecb4679defac7cfd33a1c2e3b88e4903d947f3bb58eedd3?s=96&d=mm&r=g","contentUrl":"https:\/\/secure.gravatar.com\/avatar\/02cf8a7906b8cf90cecb4679defac7cfd33a1c2e3b88e4903d947f3bb58eedd3?s=96&d=mm&r=g","caption":"hegyizs"},"url":"https:\/\/www.welovecycling.com\/hu\/author\/hegyizs\/"}]}},"_links":{"self":[{"href":"https:\/\/www.welovecycling.com\/hu\/wp-json\/wp\/v2\/posts\/10185","targetHints":{"allow":["GET"]}}],"collection":[{"href":"https:\/\/www.welovecycling.com\/hu\/wp-json\/wp\/v2\/posts"}],"about":[{"href":"https:\/\/www.welovecycling.com\/hu\/wp-json\/wp\/v2\/types\/post"}],"author":[{"embeddable":true,"href":"https:\/\/www.welovecycling.com\/hu\/wp-json\/wp\/v2\/users\/71"}],"replies":[{"embeddable":true,"href":"https:\/\/www.welovecycling.com\/hu\/wp-json\/wp\/v2\/comments?post=10185"}],"version-history":[{"count":2,"href":"https:\/\/www.welovecycling.com\/hu\/wp-json\/wp\/v2\/posts\/10185\/revisions"}],"predecessor-version":[{"id":13535,"href":"https:\/\/www.welovecycling.com\/hu\/wp-json\/wp\/v2\/posts\/10185\/revisions\/13535"}],"wp:featuredmedia":[{"embeddable":true,"href":"https:\/\/www.welovecycling.com\/hu\/wp-json\/wp\/v2\/media\/10190"}],"wp:attachment":[{"href":"https:\/\/www.welovecycling.com\/hu\/wp-json\/wp\/v2\/media?parent=10185"}],"wp:term":[{"taxonomy":"category","embeddable":true,"href":"https:\/\/www.welovecycling.com\/hu\/wp-json\/wp\/v2\/categories?post=10185"},{"taxonomy":"post_tag","embeddable":true,"href":"https:\/\/www.welovecycling.com\/hu\/wp-json\/wp\/v2\/tags?post=10185"},{"taxonomy":"global-categories","embeddable":true,"href":"https:\/\/www.welovecycling.com\/hu\/wp-json\/wp\/v2\/global-categories?post=10185"}],"curies":[{"name":"wp","href":"https:\/\/api.w.org\/{rel}","templated":true}]}}