{"id":10158,"date":"2021-02-13T08:00:59","date_gmt":"2021-02-13T07:00:59","guid":{"rendered":"https:\/\/www.welovecycling.com\/hu\/?p=10158"},"modified":"2021-02-12T17:18:08","modified_gmt":"2021-02-12T16:18:08","slug":"biciklizessel-szivproblemak-ellen-rob-tortenete","status":"publish","type":"post","link":"https:\/\/www.welovecycling.com\/hu\/blog\/biciklizessel-szivproblemak-ellen-rob-tortenete\/","title":{"rendered":"Bicikliz\u00e9ssel sz\u00edvprobl\u00e9m\u00e1k ellen \u2013 Rob t\u00f6rt\u00e9nete"},"content":{"rendered":"<p><strong>Rob Myre-nek nem voltak sz\u00edvprobl\u00e9m\u00e1kra utal\u00f3 t\u00fcnetei, de a felmen\u0151i k\u00f6z\u00f6tt sokszor el\u0151fordul\u00f3 betegs\u00e9gek miatt kivizsg\u00e1ltatta mag\u00e1t. \u00c9s milyen j\u00f3l tette.<\/strong><!--more--><\/p>\n<p>2002-ben majdnem 100 kil\u00f3t nyomtam (36 \u00e9ves voltam \u00e9s 188 centi). Eg\u00e9szs\u00e9g\u00fcgyi probl\u00e9m\u00e1im voltak, \u00e9s annak ellen\u00e9re, hogy tudtam, hogy csal\u00e1dom t\u00f6bb tagja sz\u00edvbetegs\u00e9gben szenvedett, nagyon keveset mozogtam. A feles\u00e9gem figyelmeztetett, hogy t\u00fal fiatal vagyok ahhoz, hogy ilyen rossz \u00e1llapotban legyek, \u00e9s hogy m\u00e9g sok\u00e1ig itt kell lennem a gyerekeinknek.<\/p>\n<p>Elkezdtem teh\u00e1t sportolni \u00e9s eg\u00e9szs\u00e9gesebben \u00e9tkezni &#8211; teljes \u00e9teleket, valamint t\u00f6bb gy\u00fcm\u00f6lcs\u00f6t \u00e9s z\u00f6lds\u00e9get enni-, de csak akkor v\u00e1ltozott meg minden, amikor \u00fajra felfedeztem a ker\u00e9kp\u00e1roz\u00e1st. A javul\u00e1s nagy r\u00e9sz\u00e9t ennek k\u00f6sz\u00f6nhetem. De ami a legfontosabb, seg\u00edtett cs\u00f6kkenteni a sz\u00edv- \u00e9s \u00e9rrendszeri betegs\u00e9gek kock\u00e1zat\u00e1t!<\/p>\n<p>2020 m\u00e1rcius\u00e1ban, a pand\u00e9mia okozta stressz \u00e9s az \u00e9letemben bek\u00f6vetkez\u0151 egy\u00e9b dolgok k\u00f6zepette kr\u00f3nikus sz\u00edvdobog\u00e1s t\u00f6rt r\u00e1m, ez\u00e9rt elmentem egy kardiol\u00f3gushoz, hogy kivizsg\u00e1ljon. A tesztek azt mutatt\u00e1k, hogy t\u00fal sok adrenalint termelek, ez\u00e9rt fel\u00edrtak nekem n\u00e9h\u00e1ny gy\u00f3gyszert, \u00e9s a t\u00fcneteim elm\u00faltak. A kardiol\u00f3gusom azonban azt mondta, hogy mivel a csal\u00e1domban voltak sz\u00edvprobl\u00e9m\u00e1k, nagyon oda kell figyelnem, t\u00f6bbek k\u00f6z\u00f6tt a stresszre is.<\/p>\n<figure id=\"attachment_10160\" aria-describedby=\"caption-attachment-10160\" style=\"width: 1024px\" class=\"wp-caption aligncenter\"><img loading=\"lazy\" decoding=\"async\" class=\"size-large wp-image-10160\" src=\"https:\/\/d2p6e6u75xmxt8.cloudfront.net\/12\/2021\/02\/cyclist-1537843_1280-1024x682.jpg\" alt=\"\" width=\"1024\" height=\"682\" srcset=\"https:\/\/d2p6e6u75xmxt8.cloudfront.net\/12\/2021\/02\/cyclist-1537843_1280-1024x682.jpg 1024w, https:\/\/d2p6e6u75xmxt8.cloudfront.net\/12\/2021\/02\/cyclist-1537843_1280-300x200.jpg 300w, https:\/\/d2p6e6u75xmxt8.cloudfront.net\/12\/2021\/02\/cyclist-1537843_1280-768x512.jpg 768w, https:\/\/d2p6e6u75xmxt8.cloudfront.net\/12\/2021\/02\/cyclist-1537843_1280-272x182.jpg 272w, https:\/\/d2p6e6u75xmxt8.cloudfront.net\/12\/2021\/02\/cyclist-1537843_1280.jpg 1280w\" sizes=\"auto, (max-width: 1024px) 100vw, 1024px\" \/><figcaption id=\"caption-attachment-10160\" class=\"wp-caption-text\">A bicikliz\u00e9s remek stresszold\u00f3! Fot\u00f3: pixabay.com<\/figcaption><\/figure>\n<p>Mivel a t\u00fcneteim elm\u00faltak, \u00fagy d\u00f6nt\u00f6tt\u00fcnk, hogy megv\u00e1rjuk a k\u00f6vetkez\u0151 teszttel a j\u00faniust. Addig is tekertem tov\u00e1bb. Megtettem egy 100 kilom\u00e9teres j\u00f3t\u00e9konys\u00e1gi utat, \u00a0\u00e9s tov\u00e1bbra sem voltak probl\u00e9m\u00e1k a pulzusommal.<\/p>\n<p>K\u00fcl\u00f6nb\u00f6z\u0151 akad\u00e1lyok miatt v\u00e9g\u00fcl 2020 okt\u00f3ber\u00e9ben jutottam el \u00fajra kivizsg\u00e1l\u00e1sra. A CT 95, illetve 70%-os elz\u00e1r\u00f3d\u00e1st mutatott ki k\u00e9t art\u00e9ri\u00e1mban. A teljes elz\u00e1r\u00f3d\u00e1s sz\u00edvrohamot jelent. Amint lehetett, be\u00fcltettek k\u00e9t stentet. A kardiol\u00f3gusom szerint a bicikliz\u00e9s mentett meg a sz\u00edvrohamt\u00f3l.<\/p>\n<p>K\u00e9t h\u00e9t l\u00e1badoz\u00e1s ut\u00e1n \u00fajra mozoghattam, azonban a hideg miatt kevesebbet tudok tekerni. K\u00f6r\u00fclbel\u00fcl 270 km-et tettem meg az\u00f3ta.<\/p>\n<p>Mivel nincsenek t\u00fcneteim, bonyolult kezel\u00e9st kapok, nagyon gyakran kell ellen\u0151rz\u00e9sre mennem. Szeretn\u00e9m hangs\u00falyozni, hogy nagyon fontos, hogy id\u0151r\u0151l id\u0151re kivizsg\u00e1ltasd magad, f\u0151leg, ha a csal\u00e1dodban jellemz\u0151 a sz\u00edvbetegs\u00e9g! Sz\u00f3 szerint megmentheti az \u00e9leted, ha id\u0151ben \u00e9szrevesznek egy probl\u00e9m\u00e1t.<\/p>\n<p><em>Forr\u00e1s: <\/em><a href=\"https:\/\/www.bicycling.com\/culture\/a35338102\/weight-loss-cycling-rob-myre\/\"><em>bicycling.com<\/em><\/a><\/p>\n<p><em>Bor\u00edt\u00f3k\u00e9p: <\/em><a href=\"https:\/\/www.bicycling.com\/culture\/a35338102\/weight-loss-cycling-rob-myre\/\"><em>bicycling.com<\/em><\/a><\/p>\n","protected":false},"excerpt":{"rendered":"<p>Rob Myre-nek nem voltak sz\u00edvprobl\u00e9m\u00e1kra utal\u00f3 t\u00fcnetei, de a felmen\u0151i k\u00f6z\u00f6tt sokszor el\u0151fordul\u00f3 betegs\u00e9gek miatt kivizsg\u00e1ltatta mag\u00e1t. \u00c9s milyen j\u00f3l [&hellip;]<\/p>\n","protected":false},"author":71,"featured_media":10159,"comment_status":"open","ping_status":"open","sticky":false,"template":"","format":"standard","meta":{"footnotes":""},"categories":[13],"tags":[],"global-categories":[],"class_list":["post-10158","post","type-post","status-publish","format-standard","has-post-thumbnail","hentry","category-blog"],"yoast_head":"<!-- This site is optimized with the Yoast SEO Premium plugin v25.3 (Yoast SEO v25.9) - https:\/\/yoast.com\/wordpress\/plugins\/seo\/ -->\n<title>Bicikliz\u00e9ssel sz\u00edvprobl\u00e9m\u00e1k ellen \u2013 Rob t\u00f6rt\u00e9nete - \u0160koda We Love Cycling - Magyarorsz\u00e1g<\/title>\n<meta name=\"description\" content=\"Rob Myre-nek nem voltak sz\u00edvprobl\u00e9m\u00e1kra utal\u00f3 t\u00fcnetei, de a felmen\u0151i k\u00f6z\u00f6tt sokszor el\u0151fordul\u00f3 betegs\u00e9gek miatt kivizsg\u00e1ltatta mag\u00e1t. \u00c9s milyen j\u00f3l tette.\" \/>\n<meta name=\"robots\" content=\"index, follow, max-snippet:-1, max-image-preview:large, max-video-preview:-1\" \/>\n<link rel=\"canonical\" href=\"https:\/\/www.welovecycling.com\/hu\/blog\/biciklizessel-szivproblemak-ellen-rob-tortenete\/\" \/>\n<meta property=\"og:locale\" content=\"hu_HU\" \/>\n<meta property=\"og:type\" content=\"article\" \/>\n<meta property=\"og:title\" content=\"Bicikliz\u00e9ssel sz\u00edvprobl\u00e9m\u00e1k ellen \u2013 Rob t\u00f6rt\u00e9nete\" \/>\n<meta property=\"og:description\" content=\"Rob Myre-nek nem voltak sz\u00edvprobl\u00e9m\u00e1kra utal\u00f3 t\u00fcnetei, de a felmen\u0151i k\u00f6z\u00f6tt sokszor el\u0151fordul\u00f3 betegs\u00e9gek miatt kivizsg\u00e1ltatta mag\u00e1t. \u00c9s milyen j\u00f3l tette.\" \/>\n<meta property=\"og:url\" content=\"https:\/\/www.welovecycling.com\/hu\/blog\/biciklizessel-szivproblemak-ellen-rob-tortenete\/\" \/>\n<meta property=\"og:site_name\" content=\"\u0160koda We Love Cycling - Magyarorsz\u00e1g\" \/>\n<meta property=\"article:publisher\" content=\"https:\/\/www.facebook.com\/WeLoveCyclingHungary\/\" \/>\n<meta property=\"article:published_time\" content=\"2021-02-13T07:00:59+00:00\" \/>\n<meta property=\"og:image\" content=\"https:\/\/d2p6e6u75xmxt8.cloudfront.net\/12\/2021\/02\/rob-myre-1611769514.jpg\" \/>\n\t<meta property=\"og:image:width\" content=\"980\" \/>\n\t<meta property=\"og:image:height\" content=\"490\" \/>\n\t<meta property=\"og:image:type\" content=\"image\/jpeg\" \/>\n<meta name=\"author\" content=\"hegyizs\" \/>\n<meta name=\"twitter:card\" content=\"summary_large_image\" \/>\n<meta name=\"twitter:label1\" content=\"Written by\" \/>\n\t<meta name=\"twitter:data1\" content=\"WLC\" \/>\n\t<meta name=\"twitter:label2\" content=\"Est. reading time\" \/>\n\t<meta name=\"twitter:data2\" content=\"2 minutes\" \/>\n<script type=\"application\/ld+json\" class=\"yoast-schema-graph\">{\"@context\":\"https:\/\/schema.org\",\"@graph\":[{\"@type\":\"WebPage\",\"@id\":\"https:\/\/www.welovecycling.com\/hu\/blog\/biciklizessel-szivproblemak-ellen-rob-tortenete\/\",\"url\":\"https:\/\/www.welovecycling.com\/hu\/blog\/biciklizessel-szivproblemak-ellen-rob-tortenete\/\",\"name\":\"Bicikliz\u00e9ssel sz\u00edvprobl\u00e9m\u00e1k ellen \u2013 Rob t\u00f6rt\u00e9nete - \u0160koda We Love Cycling - Magyarorsz\u00e1g\",\"isPartOf\":{\"@id\":\"https:\/\/www.welovecycling.com\/hu\/#website\"},\"primaryImageOfPage\":{\"@id\":\"https:\/\/www.welovecycling.com\/hu\/blog\/biciklizessel-szivproblemak-ellen-rob-tortenete\/#primaryimage\"},\"image\":{\"@id\":\"https:\/\/www.welovecycling.com\/hu\/blog\/biciklizessel-szivproblemak-ellen-rob-tortenete\/#primaryimage\"},\"thumbnailUrl\":\"https:\/\/d2p6e6u75xmxt8.cloudfront.net\/12\/2021\/02\/rob-myre-1611769514.jpg\",\"datePublished\":\"2021-02-13T07:00:59+00:00\",\"author\":{\"@id\":\"https:\/\/www.welovecycling.com\/hu\/#\/schema\/person\/414a2aebf1801691a5320edb6468e194\"},\"description\":\"Rob Myre-nek nem voltak sz\u00edvprobl\u00e9m\u00e1kra utal\u00f3 t\u00fcnetei, de a felmen\u0151i k\u00f6z\u00f6tt sokszor el\u0151fordul\u00f3 betegs\u00e9gek miatt kivizsg\u00e1ltatta mag\u00e1t. \u00c9s milyen j\u00f3l tette.\",\"breadcrumb\":{\"@id\":\"https:\/\/www.welovecycling.com\/hu\/blog\/biciklizessel-szivproblemak-ellen-rob-tortenete\/#breadcrumb\"},\"inLanguage\":\"hu\",\"potentialAction\":[{\"@type\":\"ReadAction\",\"target\":[\"https:\/\/www.welovecycling.com\/hu\/blog\/biciklizessel-szivproblemak-ellen-rob-tortenete\/\"]}]},{\"@type\":\"ImageObject\",\"inLanguage\":\"hu\",\"@id\":\"https:\/\/www.welovecycling.com\/hu\/blog\/biciklizessel-szivproblemak-ellen-rob-tortenete\/#primaryimage\",\"url\":\"https:\/\/d2p6e6u75xmxt8.cloudfront.net\/12\/2021\/02\/rob-myre-1611769514.jpg\",\"contentUrl\":\"https:\/\/d2p6e6u75xmxt8.cloudfront.net\/12\/2021\/02\/rob-myre-1611769514.jpg\",\"width\":980,\"height\":490},{\"@type\":\"BreadcrumbList\",\"@id\":\"https:\/\/www.welovecycling.com\/hu\/blog\/biciklizessel-szivproblemak-ellen-rob-tortenete\/#breadcrumb\",\"itemListElement\":[{\"@type\":\"ListItem\",\"position\":1,\"name\":\"Home\",\"item\":\"https:\/\/www.welovecycling.com\/hu\/\"},{\"@type\":\"ListItem\",\"position\":2,\"name\":\"Bicikliz\u00e9ssel sz\u00edvprobl\u00e9m\u00e1k ellen \u2013 Rob t\u00f6rt\u00e9nete\"}]},{\"@type\":\"WebSite\",\"@id\":\"https:\/\/www.welovecycling.com\/hu\/#website\",\"url\":\"https:\/\/www.welovecycling.com\/hu\/\",\"name\":\"\u0160koda We Love Cycling - Magyarorsz\u00e1g\",\"description\":\"\u0160koda WeLoveCycling\",\"potentialAction\":[{\"@type\":\"SearchAction\",\"target\":{\"@type\":\"EntryPoint\",\"urlTemplate\":\"https:\/\/www.welovecycling.com\/hu\/?s={search_term_string}\"},\"query-input\":{\"@type\":\"PropertyValueSpecification\",\"valueRequired\":true,\"valueName\":\"search_term_string\"}}],\"inLanguage\":\"hu\"},{\"@type\":\"Person\",\"@id\":\"https:\/\/www.welovecycling.com\/hu\/#\/schema\/person\/414a2aebf1801691a5320edb6468e194\",\"name\":\"hegyizs\",\"image\":{\"@type\":\"ImageObject\",\"inLanguage\":\"hu\",\"@id\":\"https:\/\/www.welovecycling.com\/hu\/#\/schema\/person\/image\/\",\"url\":\"https:\/\/secure.gravatar.com\/avatar\/02cf8a7906b8cf90cecb4679defac7cfd33a1c2e3b88e4903d947f3bb58eedd3?s=96&d=mm&r=g\",\"contentUrl\":\"https:\/\/secure.gravatar.com\/avatar\/02cf8a7906b8cf90cecb4679defac7cfd33a1c2e3b88e4903d947f3bb58eedd3?s=96&d=mm&r=g\",\"caption\":\"hegyizs\"},\"url\":\"https:\/\/www.welovecycling.com\/hu\/author\/hegyizs\/\"}]}<\/script>\n<!-- \/ Yoast SEO Premium plugin. -->","yoast_head_json":{"title":"Bicikliz\u00e9ssel sz\u00edvprobl\u00e9m\u00e1k ellen \u2013 Rob t\u00f6rt\u00e9nete - \u0160koda We Love Cycling - Magyarorsz\u00e1g","description":"Rob Myre-nek nem voltak sz\u00edvprobl\u00e9m\u00e1kra utal\u00f3 t\u00fcnetei, de a felmen\u0151i k\u00f6z\u00f6tt sokszor el\u0151fordul\u00f3 betegs\u00e9gek miatt kivizsg\u00e1ltatta mag\u00e1t. \u00c9s milyen j\u00f3l tette.","robots":{"index":"index","follow":"follow","max-snippet":"max-snippet:-1","max-image-preview":"max-image-preview:large","max-video-preview":"max-video-preview:-1"},"canonical":"https:\/\/www.welovecycling.com\/hu\/blog\/biciklizessel-szivproblemak-ellen-rob-tortenete\/","og_locale":"hu_HU","og_type":"article","og_title":"Bicikliz\u00e9ssel sz\u00edvprobl\u00e9m\u00e1k ellen \u2013 Rob t\u00f6rt\u00e9nete","og_description":"Rob Myre-nek nem voltak sz\u00edvprobl\u00e9m\u00e1kra utal\u00f3 t\u00fcnetei, de a felmen\u0151i k\u00f6z\u00f6tt sokszor el\u0151fordul\u00f3 betegs\u00e9gek miatt kivizsg\u00e1ltatta mag\u00e1t. \u00c9s milyen j\u00f3l tette.","og_url":"https:\/\/www.welovecycling.com\/hu\/blog\/biciklizessel-szivproblemak-ellen-rob-tortenete\/","og_site_name":"\u0160koda We Love Cycling - Magyarorsz\u00e1g","article_publisher":"https:\/\/www.facebook.com\/WeLoveCyclingHungary\/","article_published_time":"2021-02-13T07:00:59+00:00","og_image":[{"width":980,"height":490,"url":"https:\/\/d2p6e6u75xmxt8.cloudfront.net\/12\/2021\/02\/rob-myre-1611769514.jpg","type":"image\/jpeg"}],"author":"hegyizs","twitter_card":"summary_large_image","twitter_misc":{"Written by":"WLC","Est. reading time":"2 minutes"},"schema":{"@context":"https:\/\/schema.org","@graph":[{"@type":"WebPage","@id":"https:\/\/www.welovecycling.com\/hu\/blog\/biciklizessel-szivproblemak-ellen-rob-tortenete\/","url":"https:\/\/www.welovecycling.com\/hu\/blog\/biciklizessel-szivproblemak-ellen-rob-tortenete\/","name":"Bicikliz\u00e9ssel sz\u00edvprobl\u00e9m\u00e1k ellen \u2013 Rob t\u00f6rt\u00e9nete - \u0160koda We Love Cycling - Magyarorsz\u00e1g","isPartOf":{"@id":"https:\/\/www.welovecycling.com\/hu\/#website"},"primaryImageOfPage":{"@id":"https:\/\/www.welovecycling.com\/hu\/blog\/biciklizessel-szivproblemak-ellen-rob-tortenete\/#primaryimage"},"image":{"@id":"https:\/\/www.welovecycling.com\/hu\/blog\/biciklizessel-szivproblemak-ellen-rob-tortenete\/#primaryimage"},"thumbnailUrl":"https:\/\/d2p6e6u75xmxt8.cloudfront.net\/12\/2021\/02\/rob-myre-1611769514.jpg","datePublished":"2021-02-13T07:00:59+00:00","author":{"@id":"https:\/\/www.welovecycling.com\/hu\/#\/schema\/person\/414a2aebf1801691a5320edb6468e194"},"description":"Rob Myre-nek nem voltak sz\u00edvprobl\u00e9m\u00e1kra utal\u00f3 t\u00fcnetei, de a felmen\u0151i k\u00f6z\u00f6tt sokszor el\u0151fordul\u00f3 betegs\u00e9gek miatt kivizsg\u00e1ltatta mag\u00e1t. \u00c9s milyen j\u00f3l tette.","breadcrumb":{"@id":"https:\/\/www.welovecycling.com\/hu\/blog\/biciklizessel-szivproblemak-ellen-rob-tortenete\/#breadcrumb"},"inLanguage":"hu","potentialAction":[{"@type":"ReadAction","target":["https:\/\/www.welovecycling.com\/hu\/blog\/biciklizessel-szivproblemak-ellen-rob-tortenete\/"]}]},{"@type":"ImageObject","inLanguage":"hu","@id":"https:\/\/www.welovecycling.com\/hu\/blog\/biciklizessel-szivproblemak-ellen-rob-tortenete\/#primaryimage","url":"https:\/\/d2p6e6u75xmxt8.cloudfront.net\/12\/2021\/02\/rob-myre-1611769514.jpg","contentUrl":"https:\/\/d2p6e6u75xmxt8.cloudfront.net\/12\/2021\/02\/rob-myre-1611769514.jpg","width":980,"height":490},{"@type":"BreadcrumbList","@id":"https:\/\/www.welovecycling.com\/hu\/blog\/biciklizessel-szivproblemak-ellen-rob-tortenete\/#breadcrumb","itemListElement":[{"@type":"ListItem","position":1,"name":"Home","item":"https:\/\/www.welovecycling.com\/hu\/"},{"@type":"ListItem","position":2,"name":"Bicikliz\u00e9ssel sz\u00edvprobl\u00e9m\u00e1k ellen \u2013 Rob t\u00f6rt\u00e9nete"}]},{"@type":"WebSite","@id":"https:\/\/www.welovecycling.com\/hu\/#website","url":"https:\/\/www.welovecycling.com\/hu\/","name":"\u0160koda We Love Cycling - Magyarorsz\u00e1g","description":"\u0160koda WeLoveCycling","potentialAction":[{"@type":"SearchAction","target":{"@type":"EntryPoint","urlTemplate":"https:\/\/www.welovecycling.com\/hu\/?s={search_term_string}"},"query-input":{"@type":"PropertyValueSpecification","valueRequired":true,"valueName":"search_term_string"}}],"inLanguage":"hu"},{"@type":"Person","@id":"https:\/\/www.welovecycling.com\/hu\/#\/schema\/person\/414a2aebf1801691a5320edb6468e194","name":"hegyizs","image":{"@type":"ImageObject","inLanguage":"hu","@id":"https:\/\/www.welovecycling.com\/hu\/#\/schema\/person\/image\/","url":"https:\/\/secure.gravatar.com\/avatar\/02cf8a7906b8cf90cecb4679defac7cfd33a1c2e3b88e4903d947f3bb58eedd3?s=96&d=mm&r=g","contentUrl":"https:\/\/secure.gravatar.com\/avatar\/02cf8a7906b8cf90cecb4679defac7cfd33a1c2e3b88e4903d947f3bb58eedd3?s=96&d=mm&r=g","caption":"hegyizs"},"url":"https:\/\/www.welovecycling.com\/hu\/author\/hegyizs\/"}]}},"_links":{"self":[{"href":"https:\/\/www.welovecycling.com\/hu\/wp-json\/wp\/v2\/posts\/10158","targetHints":{"allow":["GET"]}}],"collection":[{"href":"https:\/\/www.welovecycling.com\/hu\/wp-json\/wp\/v2\/posts"}],"about":[{"href":"https:\/\/www.welovecycling.com\/hu\/wp-json\/wp\/v2\/types\/post"}],"author":[{"embeddable":true,"href":"https:\/\/www.welovecycling.com\/hu\/wp-json\/wp\/v2\/users\/71"}],"replies":[{"embeddable":true,"href":"https:\/\/www.welovecycling.com\/hu\/wp-json\/wp\/v2\/comments?post=10158"}],"version-history":[{"count":1,"href":"https:\/\/www.welovecycling.com\/hu\/wp-json\/wp\/v2\/posts\/10158\/revisions"}],"predecessor-version":[{"id":10161,"href":"https:\/\/www.welovecycling.com\/hu\/wp-json\/wp\/v2\/posts\/10158\/revisions\/10161"}],"wp:featuredmedia":[{"embeddable":true,"href":"https:\/\/www.welovecycling.com\/hu\/wp-json\/wp\/v2\/media\/10159"}],"wp:attachment":[{"href":"https:\/\/www.welovecycling.com\/hu\/wp-json\/wp\/v2\/media?parent=10158"}],"wp:term":[{"taxonomy":"category","embeddable":true,"href":"https:\/\/www.welovecycling.com\/hu\/wp-json\/wp\/v2\/categories?post=10158"},{"taxonomy":"post_tag","embeddable":true,"href":"https:\/\/www.welovecycling.com\/hu\/wp-json\/wp\/v2\/tags?post=10158"},{"taxonomy":"global-categories","embeddable":true,"href":"https:\/\/www.welovecycling.com\/hu\/wp-json\/wp\/v2\/global-categories?post=10158"}],"curies":[{"name":"wp","href":"https:\/\/api.w.org\/{rel}","templated":true}]}}