{"id":10138,"date":"2021-02-16T08:00:55","date_gmt":"2021-02-16T07:00:55","guid":{"rendered":"https:\/\/www.welovecycling.com\/hu\/?p=10138"},"modified":"2021-02-14T13:50:55","modified_gmt":"2021-02-14T12:50:55","slug":"bikepacking-tippek-fozes-es-etkezesek","status":"publish","type":"post","link":"https:\/\/www.welovecycling.com\/hu\/trekking-mtb\/bikepacking-tippek-fozes-es-etkezesek\/","title":{"rendered":"Bikepacking-tippek: F\u0151z\u00e9s \u00e9s \u00e9tkez\u00e9sek"},"content":{"rendered":"<p><strong>Fiatalkoromban a ker\u00e9kp\u00e1ros t\u00far\u00e1kon mindig 100% -ban \u00f6nell\u00e1t\u00f3 voltam. \u00dagy ker\u00fcltem a p\u00e9nzk\u00f6lt\u00e9st, mint manaps\u00e1g a COVID-19-et, \u00e9s nagyon b\u00fcszke voltam arra, hogy b\u00e1rmin el tudok \u00e9lni, amit tal\u00e1lok. Ez m\u00e1ra m\u00e1r v\u00e1ltozott kicsit. Szeretem keverni a k\u00fcl\u00f6nb\u00f6z\u0151 tapasztalatokat, m\u00e1r t\u00f6bb sz\u00ednben l\u00e1tom a vil\u00e1got. R\u00e1ad\u00e1sul nagyon megszerettem a finom \u00e9teleket \u00e9s italokat. Teh\u00e1t, ami a f\u0151z\u0151eszk\u00f6z\u00f6ket \u00e9s a t\u00e1pl\u00e1lkoz\u00e1st illeti, a bikepackingnek ezt a r\u00e9sz\u00e9t is ugyanolyan alaposan \u00e1tgondolom, mint a t\u00f6bbit. Engedj\u00e9tek meg, hogy megosszam veletek a gondolataimat!<\/strong><\/p>\n<p><!--more--><\/p>\n<h2><strong>Kempingt\u0171zhely<\/strong><\/h2>\n<p>Hacsak nem tervezel bev\u00e1s\u00e1rolni reggelire \/ eb\u00e9dre \/ vacsor\u00e1ra \u00fatk\u00f6zben, meg kell tervezned a f\u0151z\u00e9seket, mivel nem tudsz t\u00fal sok \u00e9telt magaddal vinni.<\/p>\n<p>Ez a cikk nem azokr\u00f3l a sz\u00e9ls\u0151s\u00e9ges utaz\u00e1sokr\u00f3l sz\u00f3l, amikhez nagyon kifinomult felszerel\u00e9sre van sz\u00fcks\u00e9g a sz\u00e9l, h\u0151m\u00e9rs\u00e9klet vagy m\u00e1s extr\u00e9m k\u00f6r\u00fclm\u00e9ny miatt. A t\u00f6bbs\u00e9g\u00fcnknek, szabadid\u0151s bikepackereknek \u00edr\u00f3dott ink\u00e1bb, akik m\u00e9g mindig pr\u00f3b\u00e1ljuk kicsit j\u00e1t\u00e9kosan felfogni ezt a csod\u00e1latos tev\u00e9kenys\u00e9get, m\u00e9g akkor is, ha tisztess\u00e9ges t\u00e1vols\u00e1got tesz\u00fcnk meg utunk sor\u00e1n.<\/p>\n<p>Teh\u00e1t \u00fagy gondolom, hogy a s\u00fct\u0151 kiv\u00e1laszt\u00e1sakor a legfontosabb szempont az \u00fczemanyag t\u00edpusa. Ez alapj\u00e1n azt mondan\u00e1m, hogy n\u00e9gy f\u0151 t\u00edpus l\u00e9tezik: t\u00f6bb\u00fczem\u0171, g\u00e1zpatronos, foly\u00e9kony \u00fczem\u0171 \u00e9s fat\u00fczel\u00e9s\u0171 s\u00fct\u0151.<\/p>\n<h4><strong>Vegyes \u00fczem\u0171 \/ hibrid<\/strong><\/h4>\n<p>A legels\u0151 t\u0171zhelyem t\u00f6bb \u00fczem\u0171 volt. Mindig \u00fagy gondoltam, jobb, ha mindenre k\u00e9szen \u00e1llok. K\u00e9s\u0151bb r\u00e1j\u00f6ttem, hogy az \u00e9tel benzinnel t\u00f6rt\u00e9n\u0151 megf\u0151z\u00e9se nem \u00e9ppen a legjobb \u00f6tlet, mivel nagyon b\u00fcd\u00f6s, \u00e9s piszkosan hagyja a s\u00fct\u0151t &#8211; teh\u00e1t hacsak nem egy nagyon t\u00e1voli egzotikus \u00faton haladok \u00e1t, ez nem tartozik az els\u0151 v\u00e1laszt\u00e1saim k\u00f6z\u00e9. Nehezebbek \u00e9s el\u00e9g sok helyet foglalnak el, ez\u00e9rt nem nevezn\u00e9m praktikusnak \u0151ket.<\/p>\n<figure id=\"attachment_10139\" aria-describedby=\"caption-attachment-10139\" style=\"width: 567px\" class=\"wp-caption alignnone\"><a href=\"https:\/\/d2p6e6u75xmxt8.cloudfront.net\/12\/2021\/02\/Multi-fuel-stove.jpg\"><img loading=\"lazy\" decoding=\"async\" class=\"size-full wp-image-10139\" src=\"https:\/\/d2p6e6u75xmxt8.cloudfront.net\/12\/2021\/02\/Multi-fuel-stove.jpg\" alt=\"Multi-fuel stove\" width=\"567\" height=\"418\" srcset=\"https:\/\/d2p6e6u75xmxt8.cloudfront.net\/12\/2021\/02\/Multi-fuel-stove.jpg 567w, https:\/\/d2p6e6u75xmxt8.cloudfront.net\/12\/2021\/02\/Multi-fuel-stove-300x221.jpg 300w\" sizes=\"auto, (max-width: 567px) 100vw, 567px\" \/><\/a><figcaption id=\"caption-attachment-10139\" class=\"wp-caption-text\"><em>A vegyes \u00fczem\u0171 t\u0171zhelyek nagyszer\u0171ek nagy kalandokhoz, de nehezebbek \u00e9s nagyobbak t\u00e1rsaikn\u00e1l.<\/em><\/figcaption><\/figure>\n<h4><strong>Patronos s\u00fct\u0151k<\/strong><\/h4>\n<p>Ez a fajta s\u00fct\u0151 g\u00e1zt (but\u00e1nt, prop\u00e1nt vagy a kett\u0151 kever\u00e9k\u00e9t) tartalmaz\u00f3 patronokkal m\u0171k\u00f6dik. Haszn\u00e1lata nagyon egyszer\u0171. Ha egy kempingter\u00fcleten s\u00e9t\u00e1lsz, l\u00e1tni fogod, hogy a legt\u00f6bben ilyet visznek magukkal s\u00e1trazni. Tiszt\u00e1k, mivel nem \u00e9rintkeznek az \u00fczemanyaggal, \u00e9s k\u00f6nny\u0171ek, az \u00e9n Optimus Crux Light k\u00e9sz\u00fcl\u00e9kem p\u00e9ld\u00e1ul k\u00f6r\u00fclbel\u00fcl 72 gramm. A patron m\u00e9ret\u00e9t az utaz\u00e1s hossza \u00e9s ig\u00e9nyei alapj\u00e1n is kiv\u00e1laszthatod, \u00edgy t\u00e9ve \u0151ket m\u00e9g rugalmasabb megold\u00e1ss\u00e1. A bikepackinghez van egy patronom, aminek kevesebb, mint 200 g a s\u00falya \u00e9s egy m\u00e1sik, ami majdnem 500 g.<\/p>\n<p>Teh\u00e1t, ha a haz\u00e1mban biciklizek vagy aut\u00f3val kell mennem valahova, mindig ezeket a s\u00fct\u0151ket prefer\u00e1lom. Rep\u00fcl\u0151n probl\u00e9m\u00e1t okozhatnak, mivel a patron nem vihet\u0151 fel a fed\u00e9lzetre \u00e9s nem akarom megkock\u00e1ztatni, hogy id\u0151t vesztegessek azzal, hogy a c\u00e9l\u00e1llom\u00e1son keresek olyan boltot, ahol kaphat\u00f3 lenne. Szeles helyeken nem egyszer\u0171 a haszn\u00e1latuk, ilyenkor j\u00f3 \u00f6tlet lehet a sz\u00e9lv\u00e9d\u0151 haszn\u00e1lata (a kieg\u00e9sz\u00edt\u0151kr\u0151l lejjebb olvashatsz). Sose felejtem el azt az \u00edr nyugati parti bicikliutat, amikor t\u00e9szt\u00e1t akartam f\u0151zni \u00e9s t\u00f6bb \u00e9vet \u00f6regedtem, mire felforrt a v\u00edz.<\/p>\n<figure id=\"attachment_10140\" aria-describedby=\"caption-attachment-10140\" style=\"width: 1022px\" class=\"wp-caption alignnone\"><a href=\"https:\/\/d2p6e6u75xmxt8.cloudfront.net\/12\/2021\/02\/cartridge-stove.jpg\"><img loading=\"lazy\" decoding=\"async\" class=\"wp-image-10140 size-full\" src=\"https:\/\/d2p6e6u75xmxt8.cloudfront.net\/12\/2021\/02\/cartridge-stove.jpg\" alt=\"Cartridge stove\" width=\"1022\" height=\"681\" srcset=\"https:\/\/d2p6e6u75xmxt8.cloudfront.net\/12\/2021\/02\/cartridge-stove.jpg 1022w, https:\/\/d2p6e6u75xmxt8.cloudfront.net\/12\/2021\/02\/cartridge-stove-300x200.jpg 300w, https:\/\/d2p6e6u75xmxt8.cloudfront.net\/12\/2021\/02\/cartridge-stove-768x512.jpg 768w, https:\/\/d2p6e6u75xmxt8.cloudfront.net\/12\/2021\/02\/cartridge-stove-272x182.jpg 272w\" sizes=\"auto, (max-width: 1022px) 100vw, 1022px\" \/><\/a><figcaption id=\"caption-attachment-10140\" class=\"wp-caption-text\"><em>A patronos s\u00fct\u0151k k\u00f6nnyen kezelhet\u0151k \u00e9s k\u00f6nny\u0171ek.<\/em><\/figcaption><\/figure>\n<h4><strong>Foly\u00e9kony t\u00fczel\u00e9s\u0171 s\u00fct\u0151k<\/strong><\/h4>\n<p>Ha rep\u00fcl\u0151g\u00e9ppel utazol, az alkoholos s\u00fct\u0151 nagyon j\u00f3 lehet\u0151s\u00e9g, mivel csak egy kis olyan folyad\u00e9kra van sz\u00fcks\u00e9ged, ami t\u00f6bb mint 70% alkoholt tartalmaz, ezt pedig sok k\u00fcl\u00f6nb\u00f6z\u0151 \u00fczletben megv\u00e1s\u00e1rolhatod, p\u00e9ld\u00e1ul szupermarketekben, gy\u00f3gyszert\u00e1rakban vagy vas\u00e1ru boltban. Ez egy olcs\u00f3, biztons\u00e1gos \u00e9s k\u00f6nnyen el\u00e9rhet\u0151 opci\u00f3. Ami gondot jelenthet az az alkohol t\u00e1rol\u00e1sa. Ehhez egy speci\u00e1lis palackra van sz\u00fcks\u00e9g, ami extra tervez\u00e9st ig\u00e9nyel. Azon k\u00edv\u00fcl, hogy remek a nemzetk\u00f6zi utaz\u00e1sokhoz, azt szeretem ebben a rendszerben, hogy nincs sz\u00fcks\u00e9ged semmilyen felszerel\u00e9sre a last-minute f\u0151z\u00e9sekhez.<\/p>\n<figure id=\"attachment_10141\" aria-describedby=\"caption-attachment-10141\" style=\"width: 650px\" class=\"wp-caption alignnone\"><a href=\"https:\/\/d2p6e6u75xmxt8.cloudfront.net\/12\/2021\/02\/DYI-stove.jpg\"><img loading=\"lazy\" decoding=\"async\" class=\"size-full wp-image-10141\" src=\"https:\/\/d2p6e6u75xmxt8.cloudfront.net\/12\/2021\/02\/DYI-stove.jpg\" alt=\"DIY stove\" width=\"650\" height=\"433\" srcset=\"https:\/\/d2p6e6u75xmxt8.cloudfront.net\/12\/2021\/02\/DYI-stove.jpg 650w, https:\/\/d2p6e6u75xmxt8.cloudfront.net\/12\/2021\/02\/DYI-stove-300x200.jpg 300w, https:\/\/d2p6e6u75xmxt8.cloudfront.net\/12\/2021\/02\/DYI-stove-272x182.jpg 272w\" sizes=\"auto, (max-width: 650px) 100vw, 650px\" \/><\/a><figcaption id=\"caption-attachment-10141\" class=\"wp-caption-text\"><em>A foly\u00e9kony \u00fczemanyag\u00fa s\u00fct\u0151k a kedvenceim k\u00fclf\u00f6ldi utaz\u00e1sokhoz.<\/em><\/figcaption><\/figure>\n<h4><strong>Fat\u00fczel\u00e9s\u0171 s\u00fct\u0151<\/strong><\/h4>\n<p>A fat\u00fczel\u00e9s\u0171 s\u00fct\u0151 olcs\u00f3 \u00e9s praktikus megold\u00e1s, egyed\u00fcl fa sz\u00fcks\u00e9ges hozz\u00e1. M\u00e1sr\u00e9szt viszont a f\u0151z\u00e9s hosszabb ideig tart \u00e9s nem lehet mindenhol t\u00fczet gy\u00fajtani. A t\u0171z vonzza a figyelmet. Azt hiszem, nagyon men\u0151k \u00e9s hangulatosak bizonyos alkalmakkor \u00e9s term\u00e9szetesen nagyon j\u00f3 k\u00e9pek k\u00e9sz\u00fclhetnek ilyenkor, de v\u00e9lem\u00e9nyem szerint csak korl\u00e1tozott esetben el\u0151ny\u00f6sek. Ny\u00e1ron gyakran utazunk a bar\u00e1taimmal Pr\u00e1g\u00e1n k\u00edv\u00fclre, ilyenkor a f\u0151v\u00e1ros feletti dombokon t\u00f6ltj\u00fck az \u00e9jszak\u00e1t. Ekkor fat\u00fczel\u00e9s\u0171 s\u00fct\u0151t haszn\u00e1lunk, mert seg\u00edt megteremteni a hangulatos l\u00e9gk\u00f6rt. Nekem egy Oakvue s\u00fct\u0151m van, amit az Amazonon v\u00e1s\u00e1roltam.<\/p>\n<figure id=\"attachment_10142\" aria-describedby=\"caption-attachment-10142\" style=\"width: 1024px\" class=\"wp-caption alignnone\"><a href=\"https:\/\/d2p6e6u75xmxt8.cloudfront.net\/2\/2021\/02\/firestove.jpg\"><img loading=\"lazy\" decoding=\"async\" class=\"size-large wp-image-10142\" src=\"https:\/\/d2p6e6u75xmxt8.cloudfront.net\/12\/2021\/02\/firestove-1024x840.jpg\" alt=\"Wood-burning stove\" width=\"1024\" height=\"840\" srcset=\"https:\/\/d2p6e6u75xmxt8.cloudfront.net\/12\/2021\/02\/firestove-1024x840.jpg 1024w, https:\/\/d2p6e6u75xmxt8.cloudfront.net\/12\/2021\/02\/firestove-300x246.jpg 300w, https:\/\/d2p6e6u75xmxt8.cloudfront.net\/12\/2021\/02\/firestove-768x630.jpg 768w, https:\/\/d2p6e6u75xmxt8.cloudfront.net\/12\/2021\/02\/firestove.jpg 1296w\" sizes=\"auto, (max-width: 1024px) 100vw, 1024px\" \/><\/a><figcaption id=\"caption-attachment-10142\" class=\"wp-caption-text\"><em>A fat\u00fczel\u00e9s\u0171 s\u00fct\u0151k el\u00e9g Instagram-kompatibilisek.<\/em><\/figcaption><\/figure>\n<h2><strong>Kieg\u00e9sz\u00edt\u0151k<\/strong><\/h2>\n<h4><strong>F\u0151z\u0151k\u00e9szlet<\/strong><\/h4>\n<p>Ha van s\u00fct\u0151d, sz\u00fcks\u00e9ged lesz f\u0151z\u0151k\u00e9szletre is. Szerencs\u00e9re szinte minden s\u00fct\u0151gy\u00e1rt\u00f3 \u00e1rul.<\/p>\n<figure id=\"attachment_10143\" aria-describedby=\"caption-attachment-10143\" style=\"width: 910px\" class=\"wp-caption alignnone\"><a href=\"https:\/\/d2p6e6u75xmxt8.cloudfront.net\/12\/2021\/02\/Cooking-set.jpg\"><img loading=\"lazy\" decoding=\"async\" class=\"size-full wp-image-10143\" src=\"https:\/\/d2p6e6u75xmxt8.cloudfront.net\/12\/2021\/02\/Cooking-set.jpg\" alt=\"Cooking set\" width=\"910\" height=\"684\" srcset=\"https:\/\/d2p6e6u75xmxt8.cloudfront.net\/12\/2021\/02\/Cooking-set.jpg 910w, https:\/\/d2p6e6u75xmxt8.cloudfront.net\/12\/2021\/02\/Cooking-set-300x225.jpg 300w, https:\/\/d2p6e6u75xmxt8.cloudfront.net\/12\/2021\/02\/Cooking-set-768x577.jpg 768w\" sizes=\"auto, (max-width: 910px) 100vw, 910px\" \/><\/a><figcaption id=\"caption-attachment-10143\" class=\"wp-caption-text\"><em>Az \u00e9n szab\u00e1lyom az, hogy a f\u0151z\u0151k\u00e9szletnek el kell f\u00e9rnie a h\u00e1ts\u00f3 bikepacking t\u00e1sk\u00e1mban.<\/em><\/figcaption><\/figure>\n<h4><strong>Sz\u00e9lv\u00e9d\u0151<\/strong><\/h4>\n<p>K\u00fcl\u00f6n\u00f6sen patronos s\u00fct\u0151k eset\u00e9ben gyakran sz\u00fcks\u00e9ges a sz\u00e9lv\u00e9d\u0151 haszn\u00e1lata, ha a sz\u00e9l zavarja a l\u00e1ngot. Rengeteg fajta sz\u00e9lv\u00e9d\u0151 l\u00e9tezik, bele\u00e9rtve a konzervdobozb\u00f3l k\u00e9sz\u00fclt DIY lehet\u0151s\u00e9geket is. Helytakar\u00e9koss\u00e1g miatt \u00e9n ink\u00e1bb nem viszek magammal, kiv\u00e9ve, ha nagyon sz\u00e9lf\u00fatta helyre indulok (\u00cdrorsz\u00e1g, \u00c9szak-Eur\u00f3pa, tengerparti utaz\u00e1sok).<\/p>\n<h4><strong>Flaska<\/strong><\/h4>\n<p>Id\u0151r\u0151l id\u0151re szeretek est\u00e9nk\u00e9nt iszogatni a bar\u00e1taimmal. Tal\u00e1n az\u00e9rt, hogy meg\u00fcnnepelj\u00fck valaki sz\u00fclet\u00e9snapj\u00e1t, el\u00e9rt eredm\u00e9ny\u00e9t vagy csak egy kalandot, ami a v\u00e9g\u00e9hez k\u00f6zeledik. Teh\u00e1t, ha van m\u00e9g helyem, hozom a flask\u00e1mat (tele rummal vagy grapp\u00e1val).<\/p>\n<p><a href=\"https:\/\/d2p6e6u75xmxt8.cloudfront.net\/12\/2021\/02\/Flask.jpg\"><img loading=\"lazy\" decoding=\"async\" class=\"alignnone size-full wp-image-10144\" src=\"https:\/\/d2p6e6u75xmxt8.cloudfront.net\/12\/2021\/02\/Flask.jpg\" alt=\"Flask\" width=\"1000\" height=\"850\" srcset=\"https:\/\/d2p6e6u75xmxt8.cloudfront.net\/12\/2021\/02\/Flask.jpg 1000w, https:\/\/d2p6e6u75xmxt8.cloudfront.net\/12\/2021\/02\/Flask-300x255.jpg 300w, https:\/\/d2p6e6u75xmxt8.cloudfront.net\/12\/2021\/02\/Flask-768x653.jpg 768w\" sizes=\"auto, (max-width: 1000px) 100vw, 1000px\" \/><\/a><\/p>\n<h4><strong>K\u00e1v\u00e9k\u00e9sz\u00edt\u00e9s<\/strong><\/h4>\n<p>A k\u00e1v\u00e9f\u0151z\u00e9s a bikepacking kult\u00fara fontos r\u00e9sz\u00e9t k\u00e9pezi. Nagyon fontos szertart\u00e1s. Sokf\u00e9le m\u00f3don \u00e9lvezhetsz egy cs\u00e9sze k\u00e1v\u00e9t, mik\u00f6zben k\u00f6rbevesz a gy\u00f6ny\u00f6r\u0171 term\u00e9szet. A legegyszer\u0171bb m\u00f3dszer az instant k\u00e1v\u00e9 haszn\u00e1lata. Nem nagyszer\u0171, de jobb, mint a semmi. A legikonikusabb pedig val\u00f3sz\u00edn\u0171leg egy kotyog\u00f3s. Persze sok helyet foglal el, de m\u00e9gis nagyon szeretem r\u00f6vid h\u00e9tv\u00e9gi kir\u00e1ndul\u00e1sok alkalm\u00e1val.<\/p>\n<p>L\u00e9teznek csod\u00e1latos \u00e9s kifinomult term\u00e9kek kiv\u00e1l\u00f3 min\u0151s\u00e9g\u0171 k\u00e1v\u00e9 k\u00e9sz\u00edt\u00e9s\u00e9hez, amivel meglepheted bar\u00e1taidat, mint p\u00e9ld\u00e1ul az Aeropress Go (326gr.), vagy a Nanopresso (336gr.). Egyik sem olcs\u00f3, de kicsik, \u00e9s hihetetlen \u00e9lm\u00e9nyben r\u00e9szes\u00edtenek.<\/p>\n<p><a href=\"https:\/\/d2p6e6u75xmxt8.cloudfront.net\/2\/2021\/02\/Nanopresso.jpg\"><img loading=\"lazy\" decoding=\"async\" class=\"alignnone size-large wp-image-10145\" src=\"https:\/\/d2p6e6u75xmxt8.cloudfront.net\/12\/2021\/02\/Nanopresso-1024x384.jpg\" alt=\"Nanopresso\" width=\"1024\" height=\"384\" srcset=\"https:\/\/d2p6e6u75xmxt8.cloudfront.net\/12\/2021\/02\/Nanopresso-1024x384.jpg 1024w, https:\/\/d2p6e6u75xmxt8.cloudfront.net\/12\/2021\/02\/Nanopresso-300x113.jpg 300w, https:\/\/d2p6e6u75xmxt8.cloudfront.net\/12\/2021\/02\/Nanopresso-768x288.jpg 768w, https:\/\/d2p6e6u75xmxt8.cloudfront.net\/12\/2021\/02\/Nanopresso.jpg 1440w\" sizes=\"auto, (max-width: 1024px) 100vw, 1024px\" \/><\/a><\/p>\n<h2><strong>Fogyaszthat\u00f3 \u00e9telek<\/strong><\/h2>\n<p>B\u00e1r szoktam f\u0151zni, mindig fogyasztok k\u00e9sz \u00e9teleket is. Nem fogok most olyan energiaszeletekr\u0151l besz\u00e9lni, amiket m\u00e1r \u00fagyis mindannyian ismer\u00fcnk, viszont szeretn\u00e9m felh\u00edvni a figyelmet n\u00e9h\u00e1ny olyan \u00e9telre, amik extr\u00e9m t\u00e1vokon nagyon hasznosnak bizonyulhatnak, p\u00e9ld\u00e1ul a Rando Imperatoron, ami minden m\u00e1jusom egyik cs\u00facspontja. Ilyenkor legyen b\u00e1rmilyen az id\u0151, legal\u00e1bb 350 km-t tesz\u00fcnk meg sz\u00fcnet n\u00e9lk\u00fcl az Alpokban.<\/p>\n<p>Olaszorsz\u00e1gb\u00f3l sz\u00e1rmazom, eg\u00e9szen pontosan a Grana Padano r\u00e9gi\u00f3b\u00f3l. Mindannyian tudjuk, hogy a Grana szuper \u00e9lelmiszer, ami szinte istenszer\u0171 er\u0151vel v\u00e9rtezhet fel. Teh\u00e1t nagy t\u00e1vols\u00e1gok eset\u00e9n mindig van n\u00e1lam egy zacsk\u00f3 Grana kocka!<\/p>\n<p><a href=\"https:\/\/d2p6e6u75xmxt8.cloudfront.net\/12\/2021\/02\/Dried-fruit.jpg\"><img loading=\"lazy\" decoding=\"async\" class=\"alignnone size-full wp-image-10146\" src=\"https:\/\/d2p6e6u75xmxt8.cloudfront.net\/12\/2021\/02\/Dried-fruit.jpg\" alt=\"Dried fruit\" width=\"1022\" height=\"677\" srcset=\"https:\/\/d2p6e6u75xmxt8.cloudfront.net\/12\/2021\/02\/Dried-fruit.jpg 1022w, https:\/\/d2p6e6u75xmxt8.cloudfront.net\/12\/2021\/02\/Dried-fruit-300x199.jpg 300w, https:\/\/d2p6e6u75xmxt8.cloudfront.net\/12\/2021\/02\/Dried-fruit-768x509.jpg 768w\" sizes=\"auto, (max-width: 1022px) 100vw, 1022px\" \/><\/a><\/p>\n<p>S\u0151t, mindig viszek sz\u00e1r\u00edtott h\u00fast is. Nagyszer\u0171 feh\u00e9rjeforr\u00e1s, csod\u00e1latos az \u00edze \u00e9s k\u00f6nnyen sz\u00e1ll\u00edthat\u00f3. Ide\u00e1lis esetben helyi bar\u00e1tokt\u00f3l szerzem be, de n\u00e9pszer\u0171s\u00e9g\u00e9nek h\u00e1la m\u00e1r egyre t\u00f6bb helyen kapni.<\/p>\n<p>V\u00e9g\u00fcl, de nem utols\u00f3sorban mindig van n\u00e1lam di\u00f3 \u00e9s sz\u00e1r\u00edtott gy\u00fcm\u00f6lcs. \u00dagy gondolom, egy biciklis sz\u00e1m\u00e1ra ezek elengedhetetlenek. Az egyetlen probl\u00e9m\u00e1m ezzel az \u00e9tellel az, hogy sokszor k\u00f6h\u00f6g\u00f6k t\u0151l\u00fck. Ilyenkor visszat\u00e9rek a Gran\u00e1hoz \u00e9s a sz\u00e1r\u00edtott h\u00fashoz.<\/p>\n","protected":false},"excerpt":{"rendered":"<p>Fiatalkoromban a ker\u00e9kp\u00e1ros t\u00far\u00e1kon mindig 100% -ban \u00f6nell\u00e1t\u00f3 voltam. \u00dagy ker\u00fcltem a p\u00e9nzk\u00f6lt\u00e9st, mint manaps\u00e1g a COVID-19-et, \u00e9s nagyon b\u00fcszke [&hellip;]<\/p>\n","protected":false},"author":71,"featured_media":10148,"comment_status":"closed","ping_status":"closed","sticky":false,"template":"","format":"standard","meta":{"footnotes":""},"categories":[7],"tags":[],"global-categories":[],"class_list":["post-10138","post","type-post","status-publish","format-standard","has-post-thumbnail","hentry","category-trekking-mtb"],"yoast_head":"<!-- This site is optimized with the Yoast SEO Premium plugin v25.3 (Yoast SEO v25.9) - https:\/\/yoast.com\/wordpress\/plugins\/seo\/ -->\n<title>Bikepacking-tippek: F\u0151z\u00e9s \u00e9s \u00e9tkez\u00e9sek - \u0160koda We Love Cycling - Magyarorsz\u00e1g<\/title>\n<meta name=\"description\" content=\"Fiatalkoromban a ker\u00e9kp\u00e1ros t\u00far\u00e1kon mindig 100% -ban \u00f6nell\u00e1t\u00f3 voltam. \u00dagy ker\u00fcltem a p\u00e9nzk\u00f6lt\u00e9st, mint manaps\u00e1g a COVID-19-et, \u00e9s nagyon b\u00fcszke voltam arra, hogy b\u00e1rmin el tudok \u00e9lni, amit tal\u00e1lok. Ez m\u00e1ra m\u00e1r v\u00e1ltozott kicsit.\" \/>\n<meta name=\"robots\" content=\"index, follow, max-snippet:-1, max-image-preview:large, max-video-preview:-1\" \/>\n<link rel=\"canonical\" href=\"https:\/\/www.welovecycling.com\/hu\/trekking-mtb\/bikepacking-tippek-fozes-es-etkezesek\/\" \/>\n<meta property=\"og:locale\" content=\"hu_HU\" \/>\n<meta property=\"og:type\" content=\"article\" \/>\n<meta property=\"og:title\" content=\"Bikepacking-tippek: F\u0151z\u00e9s \u00e9s \u00e9tkez\u00e9sek\" \/>\n<meta property=\"og:description\" content=\"Fiatalkoromban a ker\u00e9kp\u00e1ros t\u00far\u00e1kon mindig 100% -ban \u00f6nell\u00e1t\u00f3 voltam. \u00dagy ker\u00fcltem a p\u00e9nzk\u00f6lt\u00e9st, mint manaps\u00e1g a COVID-19-et, \u00e9s nagyon b\u00fcszke voltam arra, hogy b\u00e1rmin el tudok \u00e9lni, amit tal\u00e1lok. Ez m\u00e1ra m\u00e1r v\u00e1ltozott kicsit.\" \/>\n<meta property=\"og:url\" content=\"https:\/\/www.welovecycling.com\/hu\/trekking-mtb\/bikepacking-tippek-fozes-es-etkezesek\/\" \/>\n<meta property=\"og:site_name\" content=\"\u0160koda We Love Cycling - Magyarorsz\u00e1g\" \/>\n<meta property=\"article:publisher\" content=\"https:\/\/www.facebook.com\/WeLoveCyclingHungary\/\" \/>\n<meta property=\"article:published_time\" content=\"2021-02-16T07:00:55+00:00\" \/>\n<meta property=\"og:image\" content=\"https:\/\/d2p6e6u75xmxt8.cloudfront.net\/12\/2021\/02\/Camp-bikepacking-CVR.jpg\" \/>\n\t<meta property=\"og:image:width\" content=\"1366\" \/>\n\t<meta property=\"og:image:height\" content=\"600\" \/>\n\t<meta property=\"og:image:type\" content=\"image\/jpeg\" \/>\n<meta name=\"author\" content=\"hegyizs\" \/>\n<meta name=\"twitter:card\" content=\"summary_large_image\" \/>\n<meta name=\"twitter:label1\" content=\"Written by\" \/>\n\t<meta name=\"twitter:data1\" content=\"Filippo Mari\" \/>\n\t<meta name=\"twitter:label2\" content=\"Est. reading time\" \/>\n\t<meta name=\"twitter:data2\" content=\"7\" \/>\n<script type=\"application\/ld+json\" class=\"yoast-schema-graph\">{\"@context\":\"https:\/\/schema.org\",\"@graph\":[{\"@type\":\"WebPage\",\"@id\":\"https:\/\/www.welovecycling.com\/hu\/trekking-mtb\/bikepacking-tippek-fozes-es-etkezesek\/\",\"url\":\"https:\/\/www.welovecycling.com\/hu\/trekking-mtb\/bikepacking-tippek-fozes-es-etkezesek\/\",\"name\":\"Bikepacking-tippek: F\u0151z\u00e9s \u00e9s \u00e9tkez\u00e9sek - \u0160koda We Love Cycling - Magyarorsz\u00e1g\",\"isPartOf\":{\"@id\":\"https:\/\/www.welovecycling.com\/hu\/#website\"},\"primaryImageOfPage\":{\"@id\":\"https:\/\/www.welovecycling.com\/hu\/trekking-mtb\/bikepacking-tippek-fozes-es-etkezesek\/#primaryimage\"},\"image\":{\"@id\":\"https:\/\/www.welovecycling.com\/hu\/trekking-mtb\/bikepacking-tippek-fozes-es-etkezesek\/#primaryimage\"},\"thumbnailUrl\":\"https:\/\/d2p6e6u75xmxt8.cloudfront.net\/12\/2021\/02\/Camp-bikepacking-CVR.jpg\",\"datePublished\":\"2021-02-16T07:00:55+00:00\",\"author\":{\"@id\":\"https:\/\/www.welovecycling.com\/hu\/#\/schema\/person\/414a2aebf1801691a5320edb6468e194\"},\"description\":\"Fiatalkoromban a ker\u00e9kp\u00e1ros t\u00far\u00e1kon mindig 100% -ban \u00f6nell\u00e1t\u00f3 voltam. \u00dagy ker\u00fcltem a p\u00e9nzk\u00f6lt\u00e9st, mint manaps\u00e1g a COVID-19-et, \u00e9s nagyon b\u00fcszke voltam arra, hogy b\u00e1rmin el tudok \u00e9lni, amit tal\u00e1lok. Ez m\u00e1ra m\u00e1r v\u00e1ltozott kicsit.\",\"breadcrumb\":{\"@id\":\"https:\/\/www.welovecycling.com\/hu\/trekking-mtb\/bikepacking-tippek-fozes-es-etkezesek\/#breadcrumb\"},\"inLanguage\":\"hu\",\"potentialAction\":[{\"@type\":\"ReadAction\",\"target\":[\"https:\/\/www.welovecycling.com\/hu\/trekking-mtb\/bikepacking-tippek-fozes-es-etkezesek\/\"]}]},{\"@type\":\"ImageObject\",\"inLanguage\":\"hu\",\"@id\":\"https:\/\/www.welovecycling.com\/hu\/trekking-mtb\/bikepacking-tippek-fozes-es-etkezesek\/#primaryimage\",\"url\":\"https:\/\/d2p6e6u75xmxt8.cloudfront.net\/12\/2021\/02\/Camp-bikepacking-CVR.jpg\",\"contentUrl\":\"https:\/\/d2p6e6u75xmxt8.cloudfront.net\/12\/2021\/02\/Camp-bikepacking-CVR.jpg\",\"width\":1366,\"height\":600,\"caption\":\"Camping\"},{\"@type\":\"BreadcrumbList\",\"@id\":\"https:\/\/www.welovecycling.com\/hu\/trekking-mtb\/bikepacking-tippek-fozes-es-etkezesek\/#breadcrumb\",\"itemListElement\":[{\"@type\":\"ListItem\",\"position\":1,\"name\":\"Home\",\"item\":\"https:\/\/www.welovecycling.com\/hu\/\"},{\"@type\":\"ListItem\",\"position\":2,\"name\":\"Bikepacking-tippek: F\u0151z\u00e9s \u00e9s \u00e9tkez\u00e9sek\"}]},{\"@type\":\"WebSite\",\"@id\":\"https:\/\/www.welovecycling.com\/hu\/#website\",\"url\":\"https:\/\/www.welovecycling.com\/hu\/\",\"name\":\"\u0160koda We Love Cycling - Magyarorsz\u00e1g\",\"description\":\"\u0160koda WeLoveCycling\",\"potentialAction\":[{\"@type\":\"SearchAction\",\"target\":{\"@type\":\"EntryPoint\",\"urlTemplate\":\"https:\/\/www.welovecycling.com\/hu\/?s={search_term_string}\"},\"query-input\":{\"@type\":\"PropertyValueSpecification\",\"valueRequired\":true,\"valueName\":\"search_term_string\"}}],\"inLanguage\":\"hu\"},{\"@type\":\"Person\",\"@id\":\"https:\/\/www.welovecycling.com\/hu\/#\/schema\/person\/414a2aebf1801691a5320edb6468e194\",\"name\":\"hegyizs\",\"image\":{\"@type\":\"ImageObject\",\"inLanguage\":\"hu\",\"@id\":\"https:\/\/www.welovecycling.com\/hu\/#\/schema\/person\/image\/\",\"url\":\"https:\/\/secure.gravatar.com\/avatar\/02cf8a7906b8cf90cecb4679defac7cfd33a1c2e3b88e4903d947f3bb58eedd3?s=96&d=mm&r=g\",\"contentUrl\":\"https:\/\/secure.gravatar.com\/avatar\/02cf8a7906b8cf90cecb4679defac7cfd33a1c2e3b88e4903d947f3bb58eedd3?s=96&d=mm&r=g\",\"caption\":\"hegyizs\"},\"url\":\"https:\/\/www.welovecycling.com\/hu\/author\/hegyizs\/\"}]}<\/script>\n<!-- \/ Yoast SEO Premium plugin. -->","yoast_head_json":{"title":"Bikepacking-tippek: F\u0151z\u00e9s \u00e9s \u00e9tkez\u00e9sek - \u0160koda We Love Cycling - Magyarorsz\u00e1g","description":"Fiatalkoromban a ker\u00e9kp\u00e1ros t\u00far\u00e1kon mindig 100% -ban \u00f6nell\u00e1t\u00f3 voltam. \u00dagy ker\u00fcltem a p\u00e9nzk\u00f6lt\u00e9st, mint manaps\u00e1g a COVID-19-et, \u00e9s nagyon b\u00fcszke voltam arra, hogy b\u00e1rmin el tudok \u00e9lni, amit tal\u00e1lok. Ez m\u00e1ra m\u00e1r v\u00e1ltozott kicsit.","robots":{"index":"index","follow":"follow","max-snippet":"max-snippet:-1","max-image-preview":"max-image-preview:large","max-video-preview":"max-video-preview:-1"},"canonical":"https:\/\/www.welovecycling.com\/hu\/trekking-mtb\/bikepacking-tippek-fozes-es-etkezesek\/","og_locale":"hu_HU","og_type":"article","og_title":"Bikepacking-tippek: F\u0151z\u00e9s \u00e9s \u00e9tkez\u00e9sek","og_description":"Fiatalkoromban a ker\u00e9kp\u00e1ros t\u00far\u00e1kon mindig 100% -ban \u00f6nell\u00e1t\u00f3 voltam. \u00dagy ker\u00fcltem a p\u00e9nzk\u00f6lt\u00e9st, mint manaps\u00e1g a COVID-19-et, \u00e9s nagyon b\u00fcszke voltam arra, hogy b\u00e1rmin el tudok \u00e9lni, amit tal\u00e1lok. Ez m\u00e1ra m\u00e1r v\u00e1ltozott kicsit.","og_url":"https:\/\/www.welovecycling.com\/hu\/trekking-mtb\/bikepacking-tippek-fozes-es-etkezesek\/","og_site_name":"\u0160koda We Love Cycling - Magyarorsz\u00e1g","article_publisher":"https:\/\/www.facebook.com\/WeLoveCyclingHungary\/","article_published_time":"2021-02-16T07:00:55+00:00","og_image":[{"width":1366,"height":600,"url":"https:\/\/d2p6e6u75xmxt8.cloudfront.net\/12\/2021\/02\/Camp-bikepacking-CVR.jpg","type":"image\/jpeg"}],"author":"hegyizs","twitter_card":"summary_large_image","twitter_misc":{"Written by":"Filippo Mari","Est. reading time":"7"},"schema":{"@context":"https:\/\/schema.org","@graph":[{"@type":"WebPage","@id":"https:\/\/www.welovecycling.com\/hu\/trekking-mtb\/bikepacking-tippek-fozes-es-etkezesek\/","url":"https:\/\/www.welovecycling.com\/hu\/trekking-mtb\/bikepacking-tippek-fozes-es-etkezesek\/","name":"Bikepacking-tippek: F\u0151z\u00e9s \u00e9s \u00e9tkez\u00e9sek - \u0160koda We Love Cycling - Magyarorsz\u00e1g","isPartOf":{"@id":"https:\/\/www.welovecycling.com\/hu\/#website"},"primaryImageOfPage":{"@id":"https:\/\/www.welovecycling.com\/hu\/trekking-mtb\/bikepacking-tippek-fozes-es-etkezesek\/#primaryimage"},"image":{"@id":"https:\/\/www.welovecycling.com\/hu\/trekking-mtb\/bikepacking-tippek-fozes-es-etkezesek\/#primaryimage"},"thumbnailUrl":"https:\/\/d2p6e6u75xmxt8.cloudfront.net\/12\/2021\/02\/Camp-bikepacking-CVR.jpg","datePublished":"2021-02-16T07:00:55+00:00","author":{"@id":"https:\/\/www.welovecycling.com\/hu\/#\/schema\/person\/414a2aebf1801691a5320edb6468e194"},"description":"Fiatalkoromban a ker\u00e9kp\u00e1ros t\u00far\u00e1kon mindig 100% -ban \u00f6nell\u00e1t\u00f3 voltam. \u00dagy ker\u00fcltem a p\u00e9nzk\u00f6lt\u00e9st, mint manaps\u00e1g a COVID-19-et, \u00e9s nagyon b\u00fcszke voltam arra, hogy b\u00e1rmin el tudok \u00e9lni, amit tal\u00e1lok. Ez m\u00e1ra m\u00e1r v\u00e1ltozott kicsit.","breadcrumb":{"@id":"https:\/\/www.welovecycling.com\/hu\/trekking-mtb\/bikepacking-tippek-fozes-es-etkezesek\/#breadcrumb"},"inLanguage":"hu","potentialAction":[{"@type":"ReadAction","target":["https:\/\/www.welovecycling.com\/hu\/trekking-mtb\/bikepacking-tippek-fozes-es-etkezesek\/"]}]},{"@type":"ImageObject","inLanguage":"hu","@id":"https:\/\/www.welovecycling.com\/hu\/trekking-mtb\/bikepacking-tippek-fozes-es-etkezesek\/#primaryimage","url":"https:\/\/d2p6e6u75xmxt8.cloudfront.net\/12\/2021\/02\/Camp-bikepacking-CVR.jpg","contentUrl":"https:\/\/d2p6e6u75xmxt8.cloudfront.net\/12\/2021\/02\/Camp-bikepacking-CVR.jpg","width":1366,"height":600,"caption":"Camping"},{"@type":"BreadcrumbList","@id":"https:\/\/www.welovecycling.com\/hu\/trekking-mtb\/bikepacking-tippek-fozes-es-etkezesek\/#breadcrumb","itemListElement":[{"@type":"ListItem","position":1,"name":"Home","item":"https:\/\/www.welovecycling.com\/hu\/"},{"@type":"ListItem","position":2,"name":"Bikepacking-tippek: F\u0151z\u00e9s \u00e9s \u00e9tkez\u00e9sek"}]},{"@type":"WebSite","@id":"https:\/\/www.welovecycling.com\/hu\/#website","url":"https:\/\/www.welovecycling.com\/hu\/","name":"\u0160koda We Love Cycling - Magyarorsz\u00e1g","description":"\u0160koda WeLoveCycling","potentialAction":[{"@type":"SearchAction","target":{"@type":"EntryPoint","urlTemplate":"https:\/\/www.welovecycling.com\/hu\/?s={search_term_string}"},"query-input":{"@type":"PropertyValueSpecification","valueRequired":true,"valueName":"search_term_string"}}],"inLanguage":"hu"},{"@type":"Person","@id":"https:\/\/www.welovecycling.com\/hu\/#\/schema\/person\/414a2aebf1801691a5320edb6468e194","name":"hegyizs","image":{"@type":"ImageObject","inLanguage":"hu","@id":"https:\/\/www.welovecycling.com\/hu\/#\/schema\/person\/image\/","url":"https:\/\/secure.gravatar.com\/avatar\/02cf8a7906b8cf90cecb4679defac7cfd33a1c2e3b88e4903d947f3bb58eedd3?s=96&d=mm&r=g","contentUrl":"https:\/\/secure.gravatar.com\/avatar\/02cf8a7906b8cf90cecb4679defac7cfd33a1c2e3b88e4903d947f3bb58eedd3?s=96&d=mm&r=g","caption":"hegyizs"},"url":"https:\/\/www.welovecycling.com\/hu\/author\/hegyizs\/"}]}},"_links":{"self":[{"href":"https:\/\/www.welovecycling.com\/hu\/wp-json\/wp\/v2\/posts\/10138","targetHints":{"allow":["GET"]}}],"collection":[{"href":"https:\/\/www.welovecycling.com\/hu\/wp-json\/wp\/v2\/posts"}],"about":[{"href":"https:\/\/www.welovecycling.com\/hu\/wp-json\/wp\/v2\/types\/post"}],"author":[{"embeddable":true,"href":"https:\/\/www.welovecycling.com\/hu\/wp-json\/wp\/v2\/users\/71"}],"replies":[{"embeddable":true,"href":"https:\/\/www.welovecycling.com\/hu\/wp-json\/wp\/v2\/comments?post=10138"}],"version-history":[{"count":2,"href":"https:\/\/www.welovecycling.com\/hu\/wp-json\/wp\/v2\/posts\/10138\/revisions"}],"predecessor-version":[{"id":10165,"href":"https:\/\/www.welovecycling.com\/hu\/wp-json\/wp\/v2\/posts\/10138\/revisions\/10165"}],"wp:featuredmedia":[{"embeddable":true,"href":"https:\/\/www.welovecycling.com\/hu\/wp-json\/wp\/v2\/media\/10148"}],"wp:attachment":[{"href":"https:\/\/www.welovecycling.com\/hu\/wp-json\/wp\/v2\/media?parent=10138"}],"wp:term":[{"taxonomy":"category","embeddable":true,"href":"https:\/\/www.welovecycling.com\/hu\/wp-json\/wp\/v2\/categories?post=10138"},{"taxonomy":"post_tag","embeddable":true,"href":"https:\/\/www.welovecycling.com\/hu\/wp-json\/wp\/v2\/tags?post=10138"},{"taxonomy":"global-categories","embeddable":true,"href":"https:\/\/www.welovecycling.com\/hu\/wp-json\/wp\/v2\/global-categories?post=10138"}],"curies":[{"name":"wp","href":"https:\/\/api.w.org\/{rel}","templated":true}]}}