{"id":10131,"date":"2021-02-15T08:00:54","date_gmt":"2021-02-15T07:00:54","guid":{"rendered":"https:\/\/www.welovecycling.com\/hu\/?p=10131"},"modified":"2021-02-17T10:12:07","modified_gmt":"2021-02-17T09:12:07","slug":"thibaut-pinot-kulonos-esete","status":"publish","type":"post","link":"https:\/\/www.welovecycling.com\/hu\/orszaguti-kerekpar\/thibaut-pinot-kulonos-esete\/","title":{"rendered":"Thibaut Pinot k\u00fcl\u00f6n\u00f6s esete"},"content":{"rendered":"<p><strong>T\u00e9ny: 1985 \u00f3ta nem nyerte meg francia a Tour de France-t, az\u00f3ta, hogy Bernard Hinault viselhette a s\u00e1rga trik\u00f3t P\u00e1rizsban, az utols\u00f3 szakasz ut\u00e1n.<\/strong><\/p>\n<p><!--more--><\/p>\n<p>Szint\u00e9n t\u00e9ny: Thibaut Pinot egy francia versenyz\u0151, aki m\u00e9g nem nyerte meg a Tour de France-t.<\/p>\n<p>\u00c9s t\u00e9ny ez is: Pinot 2021-ben sem fogja megnyerni a Tour de France-t, mivel kihagyja a Giro d\u2019Italia miatt.<\/p>\n<p>A 30 \u00e9ves Groupama \u2013 FDJ versenyz\u0151 d\u00f6nt\u00e9se val\u00f3sz\u00edn\u0171leg nagy meglepet\u00e9st okozott sok honfit\u00e1rs\u00e1nak, akik az\u00f3ta \u0151t tartj\u00e1k a leges\u00e9lyesebb versenyz\u0151nek, (aki megt\u00f6rheti a 35 \u00e9ves veres\u00e9gsorozatot) mi\u00f3ta 22 \u00e9vesen megnyert egy szakaszt a 2012-es Tour-on \u00e9s 10. helyen v\u00e9gzett az \u00f6sszes\u00edtett versenyen. 22 \u00e9vesen \u00e9s 54 naposan \u0151 volt a legfiatalabb versenyz\u0151, aki az els\u0151 10 k\u00f6z\u00f6tt v\u00e9gzett Raymond Impanis 1947-es eredm\u00e9nye \u00f3ta.<\/p>\n<figure id=\"attachment_10132\" aria-describedby=\"caption-attachment-10132\" style=\"width: 1024px\" class=\"wp-caption alignnone\"><a href=\"https:\/\/d2p6e6u75xmxt8.cloudfront.net\/2\/2021\/02\/Pinot-2012-profimedia-0228290956.jpg\"><img loading=\"lazy\" decoding=\"async\" class=\"wp-image-10132 size-large\" src=\"https:\/\/d2p6e6u75xmxt8.cloudfront.net\/12\/2021\/02\/Pinot-2012-profimedia-0228290956-1024x696.jpg\" alt=\"Thibaut Pinot in 2012\" width=\"1024\" height=\"696\" srcset=\"https:\/\/d2p6e6u75xmxt8.cloudfront.net\/12\/2021\/02\/Pinot-2012-profimedia-0228290956-1024x696.jpg 1024w, https:\/\/d2p6e6u75xmxt8.cloudfront.net\/12\/2021\/02\/Pinot-2012-profimedia-0228290956-300x204.jpg 300w, https:\/\/d2p6e6u75xmxt8.cloudfront.net\/12\/2021\/02\/Pinot-2012-profimedia-0228290956-768x522.jpg 768w, https:\/\/d2p6e6u75xmxt8.cloudfront.net\/12\/2021\/02\/Pinot-2012-profimedia-0228290956.jpg 1250w\" sizes=\"auto, (max-width: 1024px) 100vw, 1024px\" \/><\/a><figcaption id=\"caption-attachment-10132\" class=\"wp-caption-text\"><em>A 2012-es Tour-on Pinot az \u00f6sszes\u00edt\u00e9sben a 10. helyen v\u00e9gzett. \u00a9 Profimedia<\/em><\/figcaption><\/figure>\n<p>Az\u00f3ta azonban kev\u00e9s diadalt \u00e9s sok kudarcot \u00e9lt meg a k\u00f6rversenyen. 2013-ban a Pireneusokban egy hegyi ereszked\u00e9s sor\u00e1n j\u00f3csk\u00e1n elmaradt a vezet\u0151kt\u0151l, k\u00e9s\u0151bb azt \u00e1ll\u00edtotta, f\u00e9lt a gyors sebess\u00e9gt\u0151l. <em>\u201eVannak, akik a p\u00f3kokt\u00f3l vagy a k\u00edgy\u00f3kt\u00f3l f\u00e9lnek, \u00e9n a sebess\u00e9gt\u0151l. Ez egy f\u00f3bia\u201d<\/em> \u2013 vallotta be Thibaut Pinot. Ezut\u00e1n fejhallgat\u00f3j\u00e1nak k\u00e1bele beleakadt az els\u0151 ker\u00e9kbe \u00e9s a nyaka k\u00f6r\u00e9 tekeredett. A m\u00e1sodik h\u00e9t ut\u00e1n v\u00e9g\u00fcl kiesett, az \u00f6sszes\u00edtett versenyen 52. lett.<\/p>\n<p>A 2014-ben szerzett ragyog\u00f3 harmadik helyez\u00e9s azzal a rem\u00e9nnyel kecsegtetett, hogy a k\u00f6vetkez\u0151 \u00e9v m\u00e9g jobb lesz. Azonban egy korai szakaszon biciklije defektet kapott, a csapat aut\u00f3ja igen lassan \u00e9rkezett meg, \u00e9s Pinot \u00f6sszeomlott \u2013 n\u00e9h\u00e1ny perc m\u00falva pedig m\u00e9g a v\u00e1lt\u00f3ja is elromlott, \u00edgy 6 percet vesz\u00edtett\u2026 v\u00e9g\u00fcl a tizenhatodik helyen v\u00e9gzett.<\/p>\n<p>2016-ban h\u00f6rghurut miatt volt k\u00e9nytelen feladni a versenyt. A k\u00f6vetkez\u0151 \u00e9vben l\u00e1z miatt nem \u00e9rezte mag\u00e1t form\u00e1ban, \u00edgy nem indult. 2018-ban t\u00fcd\u0151gyullad\u00e1st kapott a Giro-n, emiatt a Tour-ra m\u00e1r nem nevezett be. 2019-ben hi\u00e1ba \u00e1llt az 5. helyen, a 19. szakasz sor\u00e1n izomszakad\u00e1s miatt k\u00e9nytelen volt feladni.<\/p>\n<figure id=\"attachment_10133\" aria-describedby=\"caption-attachment-10133\" style=\"width: 1024px\" class=\"wp-caption alignnone\"><a href=\"https:\/\/d2p6e6u75xmxt8.cloudfront.net\/2\/2021\/02\/Pinot-2020-Tour-profimedia-0552679397.jpg\"><img loading=\"lazy\" decoding=\"async\" class=\"wp-image-10133 size-large\" src=\"https:\/\/d2p6e6u75xmxt8.cloudfront.net\/12\/2021\/02\/Pinot-2020-Tour-profimedia-0552679397-1024x605.jpg\" alt=\"2020 Tour de France\" width=\"1024\" height=\"605\" srcset=\"https:\/\/d2p6e6u75xmxt8.cloudfront.net\/12\/2021\/02\/Pinot-2020-Tour-profimedia-0552679397-1024x605.jpg 1024w, https:\/\/d2p6e6u75xmxt8.cloudfront.net\/12\/2021\/02\/Pinot-2020-Tour-profimedia-0552679397-300x177.jpg 300w, https:\/\/d2p6e6u75xmxt8.cloudfront.net\/12\/2021\/02\/Pinot-2020-Tour-profimedia-0552679397-768x454.jpg 768w, https:\/\/d2p6e6u75xmxt8.cloudfront.net\/12\/2021\/02\/Pinot-2020-Tour-profimedia-0552679397.jpg 1250w\" sizes=\"auto, (max-width: 1024px) 100vw, 1024px\" \/><\/a><figcaption id=\"caption-attachment-10133\" class=\"wp-caption-text\"><em>\u00a0\u201eF\u00e9lek a sebess\u00e9gt\u0151l. Ez egy f\u00f3bia.\u201d \u00a9 Profimedia<\/em><\/figcaption><\/figure>\n<p>Tavaly Pinot minden es\u00e9ly\u00e9t elvesztette a gy\u0151zelemre, amikor az els\u0151 szakasz sor\u00e1n elesett \u00e9s beverte a h\u00e1t\u00e1t. Tov\u00e1bb k\u00fczd\u00f6tt \u00e9s teljes\u00edtette a versenyt, 29. lett. Pinot d\u00f6nt\u00e9se, miszerint nem indul az idei versenyen, mindenkit \u0151szint\u00e9n meglepett, mert a sok kudarc ellen\u00e9re tov\u00e1bbra is \u201enagy francia rem\u00e9nynek\u201d sz\u00e1m\u00edt. Egyesek tal\u00e1n azt hihetik, a tov\u00e1bbi csal\u00f3d\u00e1sokt\u00f3l szeretn\u00e9 megk\u00edm\u00e9lni mag\u00e1t, de \u00e1ll\u00edt\u00e1sa szerint az idei verseny egyszer\u0171en nem felel meg a st\u00edlus\u00e1nak.<\/p>\n<p><em>&#8220;Ez egy igazi klasszikus Tour lesz&#8221;<\/em> &#8211; mondta novemberben a L&#8217;Equipe-nek. <em>&#8220;El\u00e9g sok sprint szakasszal.\u201d<\/em><\/p>\n<p>Ehelyett a Giro d&#8217;Italia-ra koncentr\u00e1l, ami m\u00e1jus 8-30 k\u00f6z\u00f6tt zajlik majd. Kem\u00e9ny versenyre sz\u00e1m\u00edt, olyan biciklisek ellen, mint Vincenzo Nibali, Bauke Mollema, Simon Yates, Emanuel Buchmann, Mikel Landa, Aleksandr Vlasov \u00e9s esetleg Egan Bernal.<\/p>\n<figure id=\"attachment_10134\" aria-describedby=\"caption-attachment-10134\" style=\"width: 1024px\" class=\"wp-caption alignnone\"><a href=\"https:\/\/d2p6e6u75xmxt8.cloudfront.net\/2\/2021\/02\/profimedia-0552900266.jpg\"><img loading=\"lazy\" decoding=\"async\" class=\"size-large wp-image-10134\" src=\"https:\/\/d2p6e6u75xmxt8.cloudfront.net\/12\/2021\/02\/profimedia-0552900266-1024x656.jpg\" alt=\"Pinot at Criterium du Dauphine\" width=\"1024\" height=\"656\" srcset=\"https:\/\/d2p6e6u75xmxt8.cloudfront.net\/12\/2021\/02\/profimedia-0552900266-1024x656.jpg 1024w, https:\/\/d2p6e6u75xmxt8.cloudfront.net\/12\/2021\/02\/profimedia-0552900266-300x192.jpg 300w, https:\/\/d2p6e6u75xmxt8.cloudfront.net\/12\/2021\/02\/profimedia-0552900266-768x492.jpg 768w, https:\/\/d2p6e6u75xmxt8.cloudfront.net\/12\/2021\/02\/profimedia-0552900266.jpg 1250w\" sizes=\"auto, (max-width: 1024px) 100vw, 1024px\" \/><\/a><figcaption id=\"caption-attachment-10134\" class=\"wp-caption-text\"><em>Pinot a 72. Criterium du Dauphine \u00f6t\u00f6dik szakasz\u00e1n.<\/em><\/figcaption><\/figure>\n<p><em>&#8220;A maglia rosa, a s\u00e1rga trik\u00f3hoz hasonl\u00f3an vonz&#8221;<\/em> &#8211; mondta Pinot d\u00f6nt\u00e9se bejelent\u00e9sekor. <em>&#8220;Ez az egyik legszebb verseny, amin gy\u0151zni lehet.&#8221;<\/em> Pinot most fog harmadszor indulni a Giro-n. 2017-ben negyedik helyen deb\u00fct\u00e1lt, a k\u00f6vetkez\u0151 \u00e9vben dobog\u00f3s helyet szerzett volna, ha az utols\u00f3 el\u0151tti szakaszon nem sz\u00e1ll ki betegs\u00e9g miatt.<\/p>\n<p>2022-ben tervez visszat\u00e9rni a Tour-ra, de sokaknak vannak k\u00e9ts\u00e9gei ezzel kapcsolatban. Miut\u00e1n Pinot h\u00e1tf\u00e1j\u00e1s miatt nem tudott l\u00e9p\u00e9st tartani a tavalyi Tour 8. szakasz\u00e1n az \u00e9lmeny\u0151zzel, ezt nyilatkozta: <em>\u201eTal\u00e1n ez egy fordul\u00f3pont a karrieremben. T\u00fal sok kudarcot kellett m\u00e1r elszenvednem. Ennek ellen\u00e9re folytatom a harcot. \u201d<\/em><\/p>\n<p>A s\u00e9r\u00fcl\u00e9sek \u00e9s betegs\u00e9gek azonban nemcsak a Tour de France-on, de a Giro-n \u00e9s a Vuelt\u00e1n sem ker\u00fclt\u00e9k el. A Grand Tour \u00f6sszes verseny\u00e9t n\u00e9zve a fel\u00e9t nem siker\u00fclt v\u00e9gigcsin\u00e1lnia: n\u00e9gy Vuelt\u00e1b\u00f3l kett\u0151t, k\u00e9t Giro-b\u00f3l egyet \u00e9s nyolc Tourb\u00f3l n\u00e9gyet adott fel.<\/p>\n<p>A 2015-\u00f6s Tour sor\u00e1n, miut\u00e1n messze lemaradt az \u00e9lmez\u0151nyt\u0151l, a France TV-nek ezt nyilatkozta: <em>\u201eNem \u00e9rtem, mi\u00e9rt van mindig ez. Hiszek magamban, k\u00fcl\u00f6nben nem lenn\u00e9k itt\u2026\u201d<\/em><\/p>\n<figure id=\"attachment_10135\" aria-describedby=\"caption-attachment-10135\" style=\"width: 1024px\" class=\"wp-caption alignnone\"><a href=\"https:\/\/d2p6e6u75xmxt8.cloudfront.net\/2\/2021\/02\/Thibaut-Pinot-2015-profimedia-0253591097.jpg\"><img loading=\"lazy\" decoding=\"async\" class=\"wp-image-10135 size-large\" src=\"https:\/\/d2p6e6u75xmxt8.cloudfront.net\/12\/2021\/02\/Thibaut-Pinot-2015-profimedia-0253591097-1024x682.jpg\" alt=\"Thibaut Pinot at the 2015 Tour\" width=\"1024\" height=\"682\" srcset=\"https:\/\/d2p6e6u75xmxt8.cloudfront.net\/12\/2021\/02\/Thibaut-Pinot-2015-profimedia-0253591097-1024x682.jpg 1024w, https:\/\/d2p6e6u75xmxt8.cloudfront.net\/12\/2021\/02\/Thibaut-Pinot-2015-profimedia-0253591097-300x200.jpg 300w, https:\/\/d2p6e6u75xmxt8.cloudfront.net\/12\/2021\/02\/Thibaut-Pinot-2015-profimedia-0253591097-768x512.jpg 768w, https:\/\/d2p6e6u75xmxt8.cloudfront.net\/12\/2021\/02\/Thibaut-Pinot-2015-profimedia-0253591097-272x182.jpg 272w, https:\/\/d2p6e6u75xmxt8.cloudfront.net\/12\/2021\/02\/Thibaut-Pinot-2015-profimedia-0253591097.jpg 1250w\" sizes=\"auto, (max-width: 1024px) 100vw, 1024px\" \/><\/a><figcaption id=\"caption-attachment-10135\" class=\"wp-caption-text\"><em>\u201cNem \u00e9rtem, mi\u00e9rt van mindig ez.\u201d \u00a9 Profimedia<\/em><\/figcaption><\/figure>\n<p>Egyes komment\u00e1torok szerint Thibaut Pinot fej\u00e9ben t\u00f6rt\u00e9nik a baj. P\u00e9ld\u00e1ul Cyrille Guimard t\u00e9v\u00e9s komment\u00e1tor \u00e9s egykori k\u00f6z\u00fati versenyz\u0151 2015-ben a BFM TV-nek a k\u00f6vetkez\u0151ket mondta: <em>\u201e[A probl\u00e9ma] szellemi: bizalomveszt\u00e9s. A c\u00e9l el\u00e9rhetetlennek t\u0171nik, \u00e9s hirtelen teljesen kikapcsol. Norm\u00e1lis, hogy elhagy az er\u0151nk, amint \u00fagy gondoljuk, hogy m\u00e1r nem nyerhet\u00fcnk.\u201d<\/em><\/p>\n<p>A baj forr\u00e1sa lehet egyszer\u0171en az is, hogy Pinot-nak nincs el\u00e9g szellemi \u00e9s fizikai ellen\u00e1ll\u00f3k\u00e9pess\u00e9ge ahhoz, hogy sikeres Grand Tour versenyz\u0151 legyen. Az 50% -os felad\u00e1si ar\u00e1ny megh\u00f6kkent\u0151, k\u00fcl\u00f6n\u00f6sen, ha figyelembe vessz\u00fck kudarcainak sokf\u00e9le ok\u00e1t. Sokkal jobban teljes\u00edtett azonban m\u00e1s szakaszversenyeken, p\u00e9ld\u00e1ul a Crit\u00e9rium du Dauphin\u00e9 \u00e9s a Tour de Suisse versenyeken.<\/p>\n<p>A 2010-es Grand Tour versenyeken Pinot 16 futamon v\u00e9gzett az els\u0151 t\u00edz k\u00f6z\u00f6tt, amibe a tavalyi Crit\u00e9rium-on el\u00e9rt ragyog\u00f3 m\u00e1sodik helyez\u00e9se is belesz\u00e1m\u00edt. Tal\u00e1n Thibaut Pinot probl\u00e9m\u00e1ja az t\u00e9nyleg az ellen\u00e1ll\u00f3k\u00e9pess\u00e9g, mind szellemileg, mind fizikailag. Legal\u00e1bbis a l\u00e1tottak ezt sugallj\u00e1k.<\/p>\n","protected":false},"excerpt":{"rendered":"<p>T\u00e9ny: 1985 \u00f3ta nem nyerte meg francia a Tour de France-t, az\u00f3ta, hogy Bernard Hinault viselhette a s\u00e1rga trik\u00f3t P\u00e1rizsban, [&hellip;]<\/p>\n","protected":false},"author":71,"featured_media":10137,"comment_status":"open","ping_status":"open","sticky":false,"template":"","format":"standard","meta":{"footnotes":""},"categories":[8],"tags":[],"global-categories":[],"class_list":["post-10131","post","type-post","status-publish","format-standard","has-post-thumbnail","hentry","category-orszaguti-kerekpar"],"yoast_head":"<!-- This site is optimized with the Yoast SEO Premium plugin v25.3 (Yoast SEO v25.9) - https:\/\/yoast.com\/wordpress\/plugins\/seo\/ -->\n<title>Thibaut Pinot k\u00fcl\u00f6n\u00f6s esete - \u0160koda We Love Cycling - Magyarorsz\u00e1g<\/title>\n<meta name=\"description\" content=\"T\u00e9ny: 1985 \u00f3ta nem nyerte meg francia a Tour de France-t, az\u00f3ta, hogy Bernard Hinault viselhette a s\u00e1rga trik\u00f3t P\u00e1rizsban, az utols\u00f3 szakasz ut\u00e1n.\" \/>\n<meta name=\"robots\" content=\"index, follow, max-snippet:-1, max-image-preview:large, max-video-preview:-1\" \/>\n<link rel=\"canonical\" href=\"https:\/\/www.welovecycling.com\/hu\/orszaguti-kerekpar\/thibaut-pinot-kulonos-esete\/\" \/>\n<meta property=\"og:locale\" content=\"hu_HU\" \/>\n<meta property=\"og:type\" content=\"article\" \/>\n<meta property=\"og:title\" content=\"Thibaut Pinot k\u00fcl\u00f6n\u00f6s esete\" \/>\n<meta property=\"og:description\" content=\"T\u00e9ny: 1985 \u00f3ta nem nyerte meg francia a Tour de France-t, az\u00f3ta, hogy Bernard Hinault viselhette a s\u00e1rga trik\u00f3t P\u00e1rizsban, az utols\u00f3 szakasz ut\u00e1n.\" \/>\n<meta property=\"og:url\" content=\"https:\/\/www.welovecycling.com\/hu\/orszaguti-kerekpar\/thibaut-pinot-kulonos-esete\/\" \/>\n<meta property=\"og:site_name\" content=\"\u0160koda We Love Cycling - Magyarorsz\u00e1g\" \/>\n<meta property=\"article:publisher\" content=\"https:\/\/www.facebook.com\/WeLoveCyclingHungary\/\" \/>\n<meta property=\"article:published_time\" content=\"2021-02-15T07:00:54+00:00\" \/>\n<meta property=\"article:modified_time\" content=\"2021-02-17T09:12:07+00:00\" \/>\n<meta property=\"og:image\" content=\"https:\/\/d2p6e6u75xmxt8.cloudfront.net\/12\/2021\/02\/Thibaut-Pinot-profimedia-0556823057-CVR.jpg\" \/>\n\t<meta property=\"og:image:width\" content=\"1366\" \/>\n\t<meta property=\"og:image:height\" content=\"600\" \/>\n\t<meta property=\"og:image:type\" content=\"image\/jpeg\" \/>\n<meta name=\"author\" content=\"hegyizs\" \/>\n<meta name=\"twitter:card\" content=\"summary_large_image\" \/>\n<meta name=\"twitter:label1\" content=\"Written by\" \/>\n\t<meta name=\"twitter:data1\" content=\"Siegfried Mortkowitz\" \/>\n\t<meta name=\"twitter:label2\" content=\"Est. reading time\" \/>\n\t<meta name=\"twitter:data2\" content=\"6\" \/>\n<script type=\"application\/ld+json\" class=\"yoast-schema-graph\">{\"@context\":\"https:\/\/schema.org\",\"@graph\":[{\"@type\":\"WebPage\",\"@id\":\"https:\/\/www.welovecycling.com\/hu\/orszaguti-kerekpar\/thibaut-pinot-kulonos-esete\/\",\"url\":\"https:\/\/www.welovecycling.com\/hu\/orszaguti-kerekpar\/thibaut-pinot-kulonos-esete\/\",\"name\":\"Thibaut Pinot k\u00fcl\u00f6n\u00f6s esete - \u0160koda We Love Cycling - Magyarorsz\u00e1g\",\"isPartOf\":{\"@id\":\"https:\/\/www.welovecycling.com\/hu\/#website\"},\"primaryImageOfPage\":{\"@id\":\"https:\/\/www.welovecycling.com\/hu\/orszaguti-kerekpar\/thibaut-pinot-kulonos-esete\/#primaryimage\"},\"image\":{\"@id\":\"https:\/\/www.welovecycling.com\/hu\/orszaguti-kerekpar\/thibaut-pinot-kulonos-esete\/#primaryimage\"},\"thumbnailUrl\":\"https:\/\/d2p6e6u75xmxt8.cloudfront.net\/12\/2021\/02\/Thibaut-Pinot-profimedia-0556823057-CVR.jpg\",\"datePublished\":\"2021-02-15T07:00:54+00:00\",\"dateModified\":\"2021-02-17T09:12:07+00:00\",\"author\":{\"@id\":\"https:\/\/www.welovecycling.com\/hu\/#\/schema\/person\/414a2aebf1801691a5320edb6468e194\"},\"description\":\"T\u00e9ny: 1985 \u00f3ta nem nyerte meg francia a Tour de France-t, az\u00f3ta, hogy Bernard Hinault viselhette a s\u00e1rga trik\u00f3t P\u00e1rizsban, az utols\u00f3 szakasz ut\u00e1n.\",\"breadcrumb\":{\"@id\":\"https:\/\/www.welovecycling.com\/hu\/orszaguti-kerekpar\/thibaut-pinot-kulonos-esete\/#breadcrumb\"},\"inLanguage\":\"hu\",\"potentialAction\":[{\"@type\":\"ReadAction\",\"target\":[\"https:\/\/www.welovecycling.com\/hu\/orszaguti-kerekpar\/thibaut-pinot-kulonos-esete\/\"]}]},{\"@type\":\"ImageObject\",\"inLanguage\":\"hu\",\"@id\":\"https:\/\/www.welovecycling.com\/hu\/orszaguti-kerekpar\/thibaut-pinot-kulonos-esete\/#primaryimage\",\"url\":\"https:\/\/d2p6e6u75xmxt8.cloudfront.net\/12\/2021\/02\/Thibaut-Pinot-profimedia-0556823057-CVR.jpg\",\"contentUrl\":\"https:\/\/d2p6e6u75xmxt8.cloudfront.net\/12\/2021\/02\/Thibaut-Pinot-profimedia-0556823057-CVR.jpg\",\"width\":1366,\"height\":600,\"caption\":\"Thibaut Pinot\"},{\"@type\":\"BreadcrumbList\",\"@id\":\"https:\/\/www.welovecycling.com\/hu\/orszaguti-kerekpar\/thibaut-pinot-kulonos-esete\/#breadcrumb\",\"itemListElement\":[{\"@type\":\"ListItem\",\"position\":1,\"name\":\"Home\",\"item\":\"https:\/\/www.welovecycling.com\/hu\/\"},{\"@type\":\"ListItem\",\"position\":2,\"name\":\"Thibaut Pinot k\u00fcl\u00f6n\u00f6s esete\"}]},{\"@type\":\"WebSite\",\"@id\":\"https:\/\/www.welovecycling.com\/hu\/#website\",\"url\":\"https:\/\/www.welovecycling.com\/hu\/\",\"name\":\"\u0160koda We Love Cycling - Magyarorsz\u00e1g\",\"description\":\"\u0160koda WeLoveCycling\",\"potentialAction\":[{\"@type\":\"SearchAction\",\"target\":{\"@type\":\"EntryPoint\",\"urlTemplate\":\"https:\/\/www.welovecycling.com\/hu\/?s={search_term_string}\"},\"query-input\":{\"@type\":\"PropertyValueSpecification\",\"valueRequired\":true,\"valueName\":\"search_term_string\"}}],\"inLanguage\":\"hu\"},{\"@type\":\"Person\",\"@id\":\"https:\/\/www.welovecycling.com\/hu\/#\/schema\/person\/414a2aebf1801691a5320edb6468e194\",\"name\":\"hegyizs\",\"image\":{\"@type\":\"ImageObject\",\"inLanguage\":\"hu\",\"@id\":\"https:\/\/www.welovecycling.com\/hu\/#\/schema\/person\/image\/\",\"url\":\"https:\/\/secure.gravatar.com\/avatar\/02cf8a7906b8cf90cecb4679defac7cfd33a1c2e3b88e4903d947f3bb58eedd3?s=96&d=mm&r=g\",\"contentUrl\":\"https:\/\/secure.gravatar.com\/avatar\/02cf8a7906b8cf90cecb4679defac7cfd33a1c2e3b88e4903d947f3bb58eedd3?s=96&d=mm&r=g\",\"caption\":\"hegyizs\"},\"url\":\"https:\/\/www.welovecycling.com\/hu\/author\/hegyizs\/\"}]}<\/script>\n<!-- \/ Yoast SEO Premium plugin. -->","yoast_head_json":{"title":"Thibaut Pinot k\u00fcl\u00f6n\u00f6s esete - \u0160koda We Love Cycling - Magyarorsz\u00e1g","description":"T\u00e9ny: 1985 \u00f3ta nem nyerte meg francia a Tour de France-t, az\u00f3ta, hogy Bernard Hinault viselhette a s\u00e1rga trik\u00f3t P\u00e1rizsban, az utols\u00f3 szakasz ut\u00e1n.","robots":{"index":"index","follow":"follow","max-snippet":"max-snippet:-1","max-image-preview":"max-image-preview:large","max-video-preview":"max-video-preview:-1"},"canonical":"https:\/\/www.welovecycling.com\/hu\/orszaguti-kerekpar\/thibaut-pinot-kulonos-esete\/","og_locale":"hu_HU","og_type":"article","og_title":"Thibaut Pinot k\u00fcl\u00f6n\u00f6s esete","og_description":"T\u00e9ny: 1985 \u00f3ta nem nyerte meg francia a Tour de France-t, az\u00f3ta, hogy Bernard Hinault viselhette a s\u00e1rga trik\u00f3t P\u00e1rizsban, az utols\u00f3 szakasz ut\u00e1n.","og_url":"https:\/\/www.welovecycling.com\/hu\/orszaguti-kerekpar\/thibaut-pinot-kulonos-esete\/","og_site_name":"\u0160koda We Love Cycling - Magyarorsz\u00e1g","article_publisher":"https:\/\/www.facebook.com\/WeLoveCyclingHungary\/","article_published_time":"2021-02-15T07:00:54+00:00","article_modified_time":"2021-02-17T09:12:07+00:00","og_image":[{"width":1366,"height":600,"url":"https:\/\/d2p6e6u75xmxt8.cloudfront.net\/12\/2021\/02\/Thibaut-Pinot-profimedia-0556823057-CVR.jpg","type":"image\/jpeg"}],"author":"hegyizs","twitter_card":"summary_large_image","twitter_misc":{"Written by":"Siegfried Mortkowitz","Est. reading time":"6"},"schema":{"@context":"https:\/\/schema.org","@graph":[{"@type":"WebPage","@id":"https:\/\/www.welovecycling.com\/hu\/orszaguti-kerekpar\/thibaut-pinot-kulonos-esete\/","url":"https:\/\/www.welovecycling.com\/hu\/orszaguti-kerekpar\/thibaut-pinot-kulonos-esete\/","name":"Thibaut Pinot k\u00fcl\u00f6n\u00f6s esete - \u0160koda We Love Cycling - Magyarorsz\u00e1g","isPartOf":{"@id":"https:\/\/www.welovecycling.com\/hu\/#website"},"primaryImageOfPage":{"@id":"https:\/\/www.welovecycling.com\/hu\/orszaguti-kerekpar\/thibaut-pinot-kulonos-esete\/#primaryimage"},"image":{"@id":"https:\/\/www.welovecycling.com\/hu\/orszaguti-kerekpar\/thibaut-pinot-kulonos-esete\/#primaryimage"},"thumbnailUrl":"https:\/\/d2p6e6u75xmxt8.cloudfront.net\/12\/2021\/02\/Thibaut-Pinot-profimedia-0556823057-CVR.jpg","datePublished":"2021-02-15T07:00:54+00:00","dateModified":"2021-02-17T09:12:07+00:00","author":{"@id":"https:\/\/www.welovecycling.com\/hu\/#\/schema\/person\/414a2aebf1801691a5320edb6468e194"},"description":"T\u00e9ny: 1985 \u00f3ta nem nyerte meg francia a Tour de France-t, az\u00f3ta, hogy Bernard Hinault viselhette a s\u00e1rga trik\u00f3t P\u00e1rizsban, az utols\u00f3 szakasz ut\u00e1n.","breadcrumb":{"@id":"https:\/\/www.welovecycling.com\/hu\/orszaguti-kerekpar\/thibaut-pinot-kulonos-esete\/#breadcrumb"},"inLanguage":"hu","potentialAction":[{"@type":"ReadAction","target":["https:\/\/www.welovecycling.com\/hu\/orszaguti-kerekpar\/thibaut-pinot-kulonos-esete\/"]}]},{"@type":"ImageObject","inLanguage":"hu","@id":"https:\/\/www.welovecycling.com\/hu\/orszaguti-kerekpar\/thibaut-pinot-kulonos-esete\/#primaryimage","url":"https:\/\/d2p6e6u75xmxt8.cloudfront.net\/12\/2021\/02\/Thibaut-Pinot-profimedia-0556823057-CVR.jpg","contentUrl":"https:\/\/d2p6e6u75xmxt8.cloudfront.net\/12\/2021\/02\/Thibaut-Pinot-profimedia-0556823057-CVR.jpg","width":1366,"height":600,"caption":"Thibaut Pinot"},{"@type":"BreadcrumbList","@id":"https:\/\/www.welovecycling.com\/hu\/orszaguti-kerekpar\/thibaut-pinot-kulonos-esete\/#breadcrumb","itemListElement":[{"@type":"ListItem","position":1,"name":"Home","item":"https:\/\/www.welovecycling.com\/hu\/"},{"@type":"ListItem","position":2,"name":"Thibaut Pinot k\u00fcl\u00f6n\u00f6s esete"}]},{"@type":"WebSite","@id":"https:\/\/www.welovecycling.com\/hu\/#website","url":"https:\/\/www.welovecycling.com\/hu\/","name":"\u0160koda We Love Cycling - Magyarorsz\u00e1g","description":"\u0160koda WeLoveCycling","potentialAction":[{"@type":"SearchAction","target":{"@type":"EntryPoint","urlTemplate":"https:\/\/www.welovecycling.com\/hu\/?s={search_term_string}"},"query-input":{"@type":"PropertyValueSpecification","valueRequired":true,"valueName":"search_term_string"}}],"inLanguage":"hu"},{"@type":"Person","@id":"https:\/\/www.welovecycling.com\/hu\/#\/schema\/person\/414a2aebf1801691a5320edb6468e194","name":"hegyizs","image":{"@type":"ImageObject","inLanguage":"hu","@id":"https:\/\/www.welovecycling.com\/hu\/#\/schema\/person\/image\/","url":"https:\/\/secure.gravatar.com\/avatar\/02cf8a7906b8cf90cecb4679defac7cfd33a1c2e3b88e4903d947f3bb58eedd3?s=96&d=mm&r=g","contentUrl":"https:\/\/secure.gravatar.com\/avatar\/02cf8a7906b8cf90cecb4679defac7cfd33a1c2e3b88e4903d947f3bb58eedd3?s=96&d=mm&r=g","caption":"hegyizs"},"url":"https:\/\/www.welovecycling.com\/hu\/author\/hegyizs\/"}]}},"_links":{"self":[{"href":"https:\/\/www.welovecycling.com\/hu\/wp-json\/wp\/v2\/posts\/10131","targetHints":{"allow":["GET"]}}],"collection":[{"href":"https:\/\/www.welovecycling.com\/hu\/wp-json\/wp\/v2\/posts"}],"about":[{"href":"https:\/\/www.welovecycling.com\/hu\/wp-json\/wp\/v2\/types\/post"}],"author":[{"embeddable":true,"href":"https:\/\/www.welovecycling.com\/hu\/wp-json\/wp\/v2\/users\/71"}],"replies":[{"embeddable":true,"href":"https:\/\/www.welovecycling.com\/hu\/wp-json\/wp\/v2\/comments?post=10131"}],"version-history":[{"count":2,"href":"https:\/\/www.welovecycling.com\/hu\/wp-json\/wp\/v2\/posts\/10131\/revisions"}],"predecessor-version":[{"id":10182,"href":"https:\/\/www.welovecycling.com\/hu\/wp-json\/wp\/v2\/posts\/10131\/revisions\/10182"}],"wp:featuredmedia":[{"embeddable":true,"href":"https:\/\/www.welovecycling.com\/hu\/wp-json\/wp\/v2\/media\/10137"}],"wp:attachment":[{"href":"https:\/\/www.welovecycling.com\/hu\/wp-json\/wp\/v2\/media?parent=10131"}],"wp:term":[{"taxonomy":"category","embeddable":true,"href":"https:\/\/www.welovecycling.com\/hu\/wp-json\/wp\/v2\/categories?post=10131"},{"taxonomy":"post_tag","embeddable":true,"href":"https:\/\/www.welovecycling.com\/hu\/wp-json\/wp\/v2\/tags?post=10131"},{"taxonomy":"global-categories","embeddable":true,"href":"https:\/\/www.welovecycling.com\/hu\/wp-json\/wp\/v2\/global-categories?post=10131"}],"curies":[{"name":"wp","href":"https:\/\/api.w.org\/{rel}","templated":true}]}}