{"id":10121,"date":"2021-02-19T08:00:54","date_gmt":"2021-02-19T07:00:54","guid":{"rendered":"https:\/\/www.welovecycling.com\/hu\/?p=10121"},"modified":"2021-02-14T13:51:59","modified_gmt":"2021-02-14T12:51:59","slug":"ez-tortenik-ha-egy-honapig-nem-iszol-alkoholt","status":"publish","type":"post","link":"https:\/\/www.welovecycling.com\/hu\/edzes-es-eletmod\/ez-tortenik-ha-egy-honapig-nem-iszol-alkoholt\/","title":{"rendered":"Ez t\u00f6rt\u00e9nik, ha egy h\u00f3napig nem iszol alkoholt"},"content":{"rendered":"<p><strong>Kimaradt a sz\u00e1raz janu\u00e1r? Semmi gond, b\u00e1rmelyik m\u00e1sik h\u00f3nap t\u00f6k\u00e9letesen megteszi. Az alkoholr\u00f3l val\u00f3 lemond\u00e1s nem k\u00f6nny\u0171 dolog, ez\u00e9rt jobb, ha tiszt\u00e1ban vagy vele, mi\u00e9rt csin\u00e1lod. \u00d6ssze\u00e1ll\u00edtottunk egy list\u00e1t azokr\u00f3l a dolgokr\u00f3l, amik akkor t\u00f6rt\u00e9nnek veled, amikor lemondasz r\u00f3la egy h\u00f3napig. Olvass tov\u00e1bb \u00e9s inspir\u00e1l\u00f3dj vel\u00fcnk!<\/strong><!--more--><\/p>\n<h2><strong>El\u0151fordulhat, hogy fogyni fogsz<\/strong><\/h2>\n<p>B\u00e1r tudjuk, hogy az alkohol k\u00f6zel sem kal\u00f3riamentes, de mivel szeretj\u00fck, elfogadjuk ezt a t\u00e9nyt. Meglepet\u00e9st okozhat viszont a plusz s\u00faly, amit a s\u00f6r \u00e9s a bor miatt szed\u00fcnk fel. Azok sz\u00e1m\u00e1ra, akik rendszeresen iszogatnak, egy h\u00f3nap absztinencia 2 kg fogy\u00e1st jelenthet. De m\u00e1r csup\u00e1n az, ha 30 napig nem fogyasztunk el minden este egy poh\u00e1r port, 0,5 kg-al kevesebb testzs\u00edrnak felel meg. Ehelyett viszont ehetsz k\u00f6r\u00fclbel\u00fcl 20 extra f\u00e1nkot, hogy megtartsd a s\u00falyodat!<\/p>\n<figure id=\"attachment_10122\" aria-describedby=\"caption-attachment-10122\" style=\"width: 1024px\" class=\"wp-caption alignnone\"><a href=\"https:\/\/d2p6e6u75xmxt8.cloudfront.net\/2\/2018\/12\/Wine-Alcohol-Glass-pexels-photo-696218-1.jpeg\"><img loading=\"lazy\" decoding=\"async\" class=\"wp-image-10122 size-large\" src=\"https:\/\/d2p6e6u75xmxt8.cloudfront.net\/12\/2021\/02\/Wine-Alcohol-Glass-pexels-photo-696218-1-1024x682.jpeg\" alt=\"Alcohol\" width=\"1024\" height=\"682\" srcset=\"https:\/\/d2p6e6u75xmxt8.cloudfront.net\/12\/2021\/02\/Wine-Alcohol-Glass-pexels-photo-696218-1-1024x682.jpeg 1024w, https:\/\/d2p6e6u75xmxt8.cloudfront.net\/12\/2021\/02\/Wine-Alcohol-Glass-pexels-photo-696218-1-300x200.jpeg 300w, https:\/\/d2p6e6u75xmxt8.cloudfront.net\/12\/2021\/02\/Wine-Alcohol-Glass-pexels-photo-696218-1-768x512.jpeg 768w, https:\/\/d2p6e6u75xmxt8.cloudfront.net\/12\/2021\/02\/Wine-Alcohol-Glass-pexels-photo-696218-1-272x182.jpeg 272w, https:\/\/d2p6e6u75xmxt8.cloudfront.net\/12\/2021\/02\/Wine-Alcohol-Glass-pexels-photo-696218-1.jpeg 1280w\" sizes=\"auto, (max-width: 1024px) 100vw, 1024px\" \/><\/a><figcaption id=\"caption-attachment-10122\" class=\"wp-caption-text\"><em>Egy alkoholmentes h\u00f3nap fogy\u00e1shoz vezethet. \u00a9 Profimedia<\/em><\/figcaption><\/figure>\n<h2><strong>Sp\u00f3rolhatsz<\/strong><\/h2>\n<p>A rendszeres alkoholfogyaszt\u00e1s p\u00e9nzbe ker\u00fcl, k\u00fcl\u00f6n\u00f6sen, ha a min\u0151s\u00e9gre m\u00e9sz. Ha egy eg\u00e9sz h\u00f3napra lemondasz r\u00f3la, az a k\u00f6lts\u00e9gvet\u00e9seden is meg fog l\u00e1tsz\u00f3dni. M\u00e1ris k\u00f6zelebb vagy egy \u00faj biciklihez, ugye? Vagy esetleg egy \u00faj belt\u00e9ri edz\u0151g\u00e9phez?<\/p>\n<h2><strong>Tiszt\u00e1bb gondolkod\u00e1s \u00e9s j\u00f3 k\u00f6z\u00e9rzet<\/strong><\/h2>\n<p>Term\u00e9szetesen nem azonnal. Eleinte ingerl\u00e9kenynek \u00e9s bossz\u00fasnak \u00e9rezheted magad, ha nem fogyaszthatod kedvenc italod. De miut\u00e1n t\u00faljutsz ezen, r\u00e1j\u00f6ssz, hogy magasabb az energiaszinted, tiszt\u00e1bban gondolkozol \u00e9s produkt\u00edvabb vagy.<\/p>\n<h2><strong>Jobban fogsz aludni<\/strong><\/h2>\n<p>Ha \u00fagy alszol el, hogy alkohol van a v\u00e9redben, az az alv\u00e1smin\u0151s\u00e9g rov\u00e1s\u00e1ra megy. Elveszi t\u0151led az \u00e9rt\u00e9kes m\u00e9lyalv\u00e1st \u00e9s egy\u00e1ltal\u00e1n nem leszel reggel kipihent. Ne t\u00e9vesszen meg az a t\u00e9ny, hogy k\u00f6nnyebb elaludni iv\u00e1s ut\u00e1n, ez csup\u00e1n ill\u00fazi\u00f3. Meg fogsz lep\u0151dni, mennyivel jobban alszol majd egy alkoholmentes h\u00f3nap ut\u00e1n.<\/p>\n<figure id=\"attachment_9919\" aria-describedby=\"caption-attachment-9919\" style=\"width: 1024px\" class=\"wp-caption alignnone\"><a href=\"https:\/\/d2p6e6u75xmxt8.cloudfront.net\/2\/2020\/12\/sleep-pexels-ivan-oboleninov-935777.jpg\"><img loading=\"lazy\" decoding=\"async\" class=\"wp-image-9919 size-large\" src=\"https:\/\/d2p6e6u75xmxt8.cloudfront.net\/12\/2021\/01\/sleep-pexels-ivan-oboleninov-935777-1024x682.jpg\" alt=\"Sleeping woman\" width=\"1024\" height=\"682\" srcset=\"https:\/\/d2p6e6u75xmxt8.cloudfront.net\/12\/2021\/01\/sleep-pexels-ivan-oboleninov-935777-1024x682.jpg 1024w, https:\/\/d2p6e6u75xmxt8.cloudfront.net\/12\/2021\/01\/sleep-pexels-ivan-oboleninov-935777-300x200.jpg 300w, https:\/\/d2p6e6u75xmxt8.cloudfront.net\/12\/2021\/01\/sleep-pexels-ivan-oboleninov-935777-768x512.jpg 768w, https:\/\/d2p6e6u75xmxt8.cloudfront.net\/12\/2021\/01\/sleep-pexels-ivan-oboleninov-935777-272x182.jpg 272w, https:\/\/d2p6e6u75xmxt8.cloudfront.net\/12\/2021\/01\/sleep-pexels-ivan-oboleninov-935777.jpg 1280w\" sizes=\"auto, (max-width: 1024px) 100vw, 1024px\" \/><\/a><figcaption id=\"caption-attachment-9919\" class=\"wp-caption-text\"><em>Sokkal jobban fogsz aludni! \u00a9 Profimedia<\/em><\/figcaption><\/figure>\n<h2><strong>Javulhat az eg\u00e9szs\u00e9ged<\/strong><\/h2>\n<p>Sok ember sz\u00e1mol be k\u00fcl\u00f6nf\u00e9le eg\u00e9szs\u00e9g\u00fcgyi javul\u00e1sokr\u00f3l az alkoholt\u00f3l val\u00f3 tart\u00f3zkod\u00e1sa sor\u00e1n. A tiszt\u00e1bb b\u0151rt\u0151l, az er\u0151sebb immunrendszert\u0151l, a m\u00e1j kevesebb terhel\u00e9s\u00e9t\u0151l kezdve ezek a javul\u00e1sok eg\u00e9szen a rendszeresebb em\u00e9szt\u00e9sig terjedhetnek. Az alkohol nagy stresszt jelent a test sz\u00e1m\u00e1ra \u00e9s ennek az elh\u00e1r\u00edt\u00e1sa lehet\u0151v\u00e9 teheti, hogy eg\u00e9szs\u00e9gesebb\u00e9 v\u00e1ljunk.<\/p>\n<h2><strong>Tiszt\u00e1n fogod l\u00e1tni az iv\u00e1si szok\u00e1saidat<\/strong><\/h2>\n<p>Ez az el\u0151ny eleinte nem fog felt\u0171nni, de t\u00e9ny, hogy az alkoholfogyaszt\u00e1si szok\u00e1said nagyon vil\u00e1gosan megmutatj\u00e1k, milyen val\u00f3j\u00e1ban az alkoholhoz val\u00f3 viszonyod. Megtudhatod, mennyit iszol \u00e9s mi\u00e9rt. Ez ak\u00e1r hossz\u00fa t\u00e1von is elgondolkodtathat.<\/p>\n<h2><strong>Megtanulod m\u00e1sk\u00e9pp levezetni a stresszt <\/strong><\/h2>\n<p>Le kell vezetni valamivel azt a stresszt, ami egy \u0151r\u00fclt munkanap ut\u00e1n sem m\u00falik el. M\u00e9g mindig azt fogod \u00e9rezni, hogy j\u00f3l esne egy poh\u00e1r ital, de elk\u00f6telezted magad, \u00edgy ez nem opci\u00f3. M\u00e1s utat kell tal\u00e1lnod. Ez lehet\u0151v\u00e9 teszi, hogy \u00fajra felfedezd egy r\u00e9gi hobbidat, vagy \u00faj szintre l\u00e9pj a mostanival!<\/p>\n<p>Annyi mindent el lehet \u00e9rni azzal, ha egy h\u00f3napra lemondunk az alkoholr\u00f3l, \u00e9s val\u00f3j\u00e1ban nincs is nagy vesztenival\u00f3nk. Adj es\u00e9lyt egy sz\u00e1raz h\u00f3napnak, \u00e9s ki tudja, el\u0151fordulhat, hogy ezent\u00fal minden \u00e9vben meg fogod ism\u00e9telni!<\/p>\n","protected":false},"excerpt":{"rendered":"<p>Kimaradt a sz\u00e1raz janu\u00e1r? Semmi gond, b\u00e1rmelyik m\u00e1sik h\u00f3nap t\u00f6k\u00e9letesen megteszi. Az alkoholr\u00f3l val\u00f3 lemond\u00e1s nem k\u00f6nny\u0171 dolog, ez\u00e9rt jobb, [&hellip;]<\/p>\n","protected":false},"author":71,"featured_media":10124,"comment_status":"open","ping_status":"open","sticky":false,"template":"","format":"standard","meta":{"footnotes":""},"categories":[6],"tags":[],"global-categories":[],"class_list":["post-10121","post","type-post","status-publish","format-standard","has-post-thumbnail","hentry","category-edzes-es-eletmod"],"yoast_head":"<!-- This site is optimized with the Yoast SEO Premium plugin v25.3 (Yoast SEO v25.9) - https:\/\/yoast.com\/wordpress\/plugins\/seo\/ -->\n<title>Ez t\u00f6rt\u00e9nik, ha egy h\u00f3napig nem iszol alkoholt<\/title>\n<meta name=\"description\" content=\"Kimaradt a sz\u00e1raz janu\u00e1r? Semmi gond, b\u00e1rmelyik m\u00e1sik h\u00f3nap t\u00f6k\u00e9letesen megteszi.\" \/>\n<meta name=\"robots\" content=\"index, follow, max-snippet:-1, max-image-preview:large, max-video-preview:-1\" \/>\n<link rel=\"canonical\" href=\"https:\/\/www.welovecycling.com\/hu\/edzes-es-eletmod\/ez-tortenik-ha-egy-honapig-nem-iszol-alkoholt\/\" \/>\n<meta property=\"og:locale\" content=\"hu_HU\" \/>\n<meta property=\"og:type\" content=\"article\" \/>\n<meta property=\"og:title\" content=\"Ez t\u00f6rt\u00e9nik, ha egy h\u00f3napig nem iszol alkoholt\" \/>\n<meta property=\"og:description\" content=\"Kimaradt a sz\u00e1raz janu\u00e1r? Semmi gond, b\u00e1rmelyik m\u00e1sik h\u00f3nap t\u00f6k\u00e9letesen megteszi.\" \/>\n<meta property=\"og:url\" content=\"https:\/\/www.welovecycling.com\/hu\/edzes-es-eletmod\/ez-tortenik-ha-egy-honapig-nem-iszol-alkoholt\/\" \/>\n<meta property=\"og:site_name\" content=\"\u0160koda We Love Cycling - Magyarorsz\u00e1g\" \/>\n<meta property=\"article:publisher\" content=\"https:\/\/www.facebook.com\/WeLoveCyclingHungary\/\" \/>\n<meta property=\"article:published_time\" content=\"2021-02-19T07:00:54+00:00\" \/>\n<meta property=\"og:image\" content=\"https:\/\/d2p6e6u75xmxt8.cloudfront.net\/12\/2021\/02\/Wine-glass-profimedia-0379349900-CVR.jpg\" \/>\n\t<meta property=\"og:image:width\" content=\"1366\" \/>\n\t<meta property=\"og:image:height\" content=\"600\" \/>\n\t<meta property=\"og:image:type\" content=\"image\/jpeg\" \/>\n<meta name=\"author\" content=\"hegyizs\" \/>\n<meta name=\"twitter:card\" content=\"summary_large_image\" \/>\n<meta name=\"twitter:label1\" content=\"Written by\" \/>\n\t<meta name=\"twitter:data1\" content=\"Jiri Kaloc\" \/>\n\t<meta name=\"twitter:label2\" content=\"Est. reading time\" \/>\n\t<meta name=\"twitter:data2\" content=\"5\" \/>\n<script type=\"application\/ld+json\" class=\"yoast-schema-graph\">{\"@context\":\"https:\/\/schema.org\",\"@graph\":[{\"@type\":\"WebPage\",\"@id\":\"https:\/\/www.welovecycling.com\/hu\/edzes-es-eletmod\/ez-tortenik-ha-egy-honapig-nem-iszol-alkoholt\/\",\"url\":\"https:\/\/www.welovecycling.com\/hu\/edzes-es-eletmod\/ez-tortenik-ha-egy-honapig-nem-iszol-alkoholt\/\",\"name\":\"Ez t\u00f6rt\u00e9nik, ha egy h\u00f3napig nem iszol alkoholt\",\"isPartOf\":{\"@id\":\"https:\/\/www.welovecycling.com\/hu\/#website\"},\"primaryImageOfPage\":{\"@id\":\"https:\/\/www.welovecycling.com\/hu\/edzes-es-eletmod\/ez-tortenik-ha-egy-honapig-nem-iszol-alkoholt\/#primaryimage\"},\"image\":{\"@id\":\"https:\/\/www.welovecycling.com\/hu\/edzes-es-eletmod\/ez-tortenik-ha-egy-honapig-nem-iszol-alkoholt\/#primaryimage\"},\"thumbnailUrl\":\"https:\/\/d2p6e6u75xmxt8.cloudfront.net\/12\/2021\/02\/Wine-glass-profimedia-0379349900-CVR.jpg\",\"datePublished\":\"2021-02-19T07:00:54+00:00\",\"author\":{\"@id\":\"https:\/\/www.welovecycling.com\/hu\/#\/schema\/person\/414a2aebf1801691a5320edb6468e194\"},\"description\":\"Kimaradt a sz\u00e1raz janu\u00e1r? Semmi gond, b\u00e1rmelyik m\u00e1sik h\u00f3nap t\u00f6k\u00e9letesen megteszi.\",\"breadcrumb\":{\"@id\":\"https:\/\/www.welovecycling.com\/hu\/edzes-es-eletmod\/ez-tortenik-ha-egy-honapig-nem-iszol-alkoholt\/#breadcrumb\"},\"inLanguage\":\"hu\",\"potentialAction\":[{\"@type\":\"ReadAction\",\"target\":[\"https:\/\/www.welovecycling.com\/hu\/edzes-es-eletmod\/ez-tortenik-ha-egy-honapig-nem-iszol-alkoholt\/\"]}]},{\"@type\":\"ImageObject\",\"inLanguage\":\"hu\",\"@id\":\"https:\/\/www.welovecycling.com\/hu\/edzes-es-eletmod\/ez-tortenik-ha-egy-honapig-nem-iszol-alkoholt\/#primaryimage\",\"url\":\"https:\/\/d2p6e6u75xmxt8.cloudfront.net\/12\/2021\/02\/Wine-glass-profimedia-0379349900-CVR.jpg\",\"contentUrl\":\"https:\/\/d2p6e6u75xmxt8.cloudfront.net\/12\/2021\/02\/Wine-glass-profimedia-0379349900-CVR.jpg\",\"width\":1366,\"height\":600,\"caption\":\"Wine glass\"},{\"@type\":\"BreadcrumbList\",\"@id\":\"https:\/\/www.welovecycling.com\/hu\/edzes-es-eletmod\/ez-tortenik-ha-egy-honapig-nem-iszol-alkoholt\/#breadcrumb\",\"itemListElement\":[{\"@type\":\"ListItem\",\"position\":1,\"name\":\"Home\",\"item\":\"https:\/\/www.welovecycling.com\/hu\/\"},{\"@type\":\"ListItem\",\"position\":2,\"name\":\"Ez t\u00f6rt\u00e9nik, ha egy h\u00f3napig nem iszol alkoholt\"}]},{\"@type\":\"WebSite\",\"@id\":\"https:\/\/www.welovecycling.com\/hu\/#website\",\"url\":\"https:\/\/www.welovecycling.com\/hu\/\",\"name\":\"\u0160koda We Love Cycling - Magyarorsz\u00e1g\",\"description\":\"\u0160koda WeLoveCycling\",\"potentialAction\":[{\"@type\":\"SearchAction\",\"target\":{\"@type\":\"EntryPoint\",\"urlTemplate\":\"https:\/\/www.welovecycling.com\/hu\/?s={search_term_string}\"},\"query-input\":{\"@type\":\"PropertyValueSpecification\",\"valueRequired\":true,\"valueName\":\"search_term_string\"}}],\"inLanguage\":\"hu\"},{\"@type\":\"Person\",\"@id\":\"https:\/\/www.welovecycling.com\/hu\/#\/schema\/person\/414a2aebf1801691a5320edb6468e194\",\"name\":\"hegyizs\",\"image\":{\"@type\":\"ImageObject\",\"inLanguage\":\"hu\",\"@id\":\"https:\/\/www.welovecycling.com\/hu\/#\/schema\/person\/image\/\",\"url\":\"https:\/\/secure.gravatar.com\/avatar\/02cf8a7906b8cf90cecb4679defac7cfd33a1c2e3b88e4903d947f3bb58eedd3?s=96&d=mm&r=g\",\"contentUrl\":\"https:\/\/secure.gravatar.com\/avatar\/02cf8a7906b8cf90cecb4679defac7cfd33a1c2e3b88e4903d947f3bb58eedd3?s=96&d=mm&r=g\",\"caption\":\"hegyizs\"},\"url\":\"https:\/\/www.welovecycling.com\/hu\/author\/hegyizs\/\"}]}<\/script>\n<!-- \/ Yoast SEO Premium plugin. -->","yoast_head_json":{"title":"Ez t\u00f6rt\u00e9nik, ha egy h\u00f3napig nem iszol alkoholt","description":"Kimaradt a sz\u00e1raz janu\u00e1r? Semmi gond, b\u00e1rmelyik m\u00e1sik h\u00f3nap t\u00f6k\u00e9letesen megteszi.","robots":{"index":"index","follow":"follow","max-snippet":"max-snippet:-1","max-image-preview":"max-image-preview:large","max-video-preview":"max-video-preview:-1"},"canonical":"https:\/\/www.welovecycling.com\/hu\/edzes-es-eletmod\/ez-tortenik-ha-egy-honapig-nem-iszol-alkoholt\/","og_locale":"hu_HU","og_type":"article","og_title":"Ez t\u00f6rt\u00e9nik, ha egy h\u00f3napig nem iszol alkoholt","og_description":"Kimaradt a sz\u00e1raz janu\u00e1r? Semmi gond, b\u00e1rmelyik m\u00e1sik h\u00f3nap t\u00f6k\u00e9letesen megteszi.","og_url":"https:\/\/www.welovecycling.com\/hu\/edzes-es-eletmod\/ez-tortenik-ha-egy-honapig-nem-iszol-alkoholt\/","og_site_name":"\u0160koda We Love Cycling - Magyarorsz\u00e1g","article_publisher":"https:\/\/www.facebook.com\/WeLoveCyclingHungary\/","article_published_time":"2021-02-19T07:00:54+00:00","og_image":[{"width":1366,"height":600,"url":"https:\/\/d2p6e6u75xmxt8.cloudfront.net\/12\/2021\/02\/Wine-glass-profimedia-0379349900-CVR.jpg","type":"image\/jpeg"}],"author":"hegyizs","twitter_card":"summary_large_image","twitter_misc":{"Written by":"Jiri Kaloc","Est. reading time":"5"},"schema":{"@context":"https:\/\/schema.org","@graph":[{"@type":"WebPage","@id":"https:\/\/www.welovecycling.com\/hu\/edzes-es-eletmod\/ez-tortenik-ha-egy-honapig-nem-iszol-alkoholt\/","url":"https:\/\/www.welovecycling.com\/hu\/edzes-es-eletmod\/ez-tortenik-ha-egy-honapig-nem-iszol-alkoholt\/","name":"Ez t\u00f6rt\u00e9nik, ha egy h\u00f3napig nem iszol alkoholt","isPartOf":{"@id":"https:\/\/www.welovecycling.com\/hu\/#website"},"primaryImageOfPage":{"@id":"https:\/\/www.welovecycling.com\/hu\/edzes-es-eletmod\/ez-tortenik-ha-egy-honapig-nem-iszol-alkoholt\/#primaryimage"},"image":{"@id":"https:\/\/www.welovecycling.com\/hu\/edzes-es-eletmod\/ez-tortenik-ha-egy-honapig-nem-iszol-alkoholt\/#primaryimage"},"thumbnailUrl":"https:\/\/d2p6e6u75xmxt8.cloudfront.net\/12\/2021\/02\/Wine-glass-profimedia-0379349900-CVR.jpg","datePublished":"2021-02-19T07:00:54+00:00","author":{"@id":"https:\/\/www.welovecycling.com\/hu\/#\/schema\/person\/414a2aebf1801691a5320edb6468e194"},"description":"Kimaradt a sz\u00e1raz janu\u00e1r? Semmi gond, b\u00e1rmelyik m\u00e1sik h\u00f3nap t\u00f6k\u00e9letesen megteszi.","breadcrumb":{"@id":"https:\/\/www.welovecycling.com\/hu\/edzes-es-eletmod\/ez-tortenik-ha-egy-honapig-nem-iszol-alkoholt\/#breadcrumb"},"inLanguage":"hu","potentialAction":[{"@type":"ReadAction","target":["https:\/\/www.welovecycling.com\/hu\/edzes-es-eletmod\/ez-tortenik-ha-egy-honapig-nem-iszol-alkoholt\/"]}]},{"@type":"ImageObject","inLanguage":"hu","@id":"https:\/\/www.welovecycling.com\/hu\/edzes-es-eletmod\/ez-tortenik-ha-egy-honapig-nem-iszol-alkoholt\/#primaryimage","url":"https:\/\/d2p6e6u75xmxt8.cloudfront.net\/12\/2021\/02\/Wine-glass-profimedia-0379349900-CVR.jpg","contentUrl":"https:\/\/d2p6e6u75xmxt8.cloudfront.net\/12\/2021\/02\/Wine-glass-profimedia-0379349900-CVR.jpg","width":1366,"height":600,"caption":"Wine glass"},{"@type":"BreadcrumbList","@id":"https:\/\/www.welovecycling.com\/hu\/edzes-es-eletmod\/ez-tortenik-ha-egy-honapig-nem-iszol-alkoholt\/#breadcrumb","itemListElement":[{"@type":"ListItem","position":1,"name":"Home","item":"https:\/\/www.welovecycling.com\/hu\/"},{"@type":"ListItem","position":2,"name":"Ez t\u00f6rt\u00e9nik, ha egy h\u00f3napig nem iszol alkoholt"}]},{"@type":"WebSite","@id":"https:\/\/www.welovecycling.com\/hu\/#website","url":"https:\/\/www.welovecycling.com\/hu\/","name":"\u0160koda We Love Cycling - Magyarorsz\u00e1g","description":"\u0160koda WeLoveCycling","potentialAction":[{"@type":"SearchAction","target":{"@type":"EntryPoint","urlTemplate":"https:\/\/www.welovecycling.com\/hu\/?s={search_term_string}"},"query-input":{"@type":"PropertyValueSpecification","valueRequired":true,"valueName":"search_term_string"}}],"inLanguage":"hu"},{"@type":"Person","@id":"https:\/\/www.welovecycling.com\/hu\/#\/schema\/person\/414a2aebf1801691a5320edb6468e194","name":"hegyizs","image":{"@type":"ImageObject","inLanguage":"hu","@id":"https:\/\/www.welovecycling.com\/hu\/#\/schema\/person\/image\/","url":"https:\/\/secure.gravatar.com\/avatar\/02cf8a7906b8cf90cecb4679defac7cfd33a1c2e3b88e4903d947f3bb58eedd3?s=96&d=mm&r=g","contentUrl":"https:\/\/secure.gravatar.com\/avatar\/02cf8a7906b8cf90cecb4679defac7cfd33a1c2e3b88e4903d947f3bb58eedd3?s=96&d=mm&r=g","caption":"hegyizs"},"url":"https:\/\/www.welovecycling.com\/hu\/author\/hegyizs\/"}]}},"_links":{"self":[{"href":"https:\/\/www.welovecycling.com\/hu\/wp-json\/wp\/v2\/posts\/10121","targetHints":{"allow":["GET"]}}],"collection":[{"href":"https:\/\/www.welovecycling.com\/hu\/wp-json\/wp\/v2\/posts"}],"about":[{"href":"https:\/\/www.welovecycling.com\/hu\/wp-json\/wp\/v2\/types\/post"}],"author":[{"embeddable":true,"href":"https:\/\/www.welovecycling.com\/hu\/wp-json\/wp\/v2\/users\/71"}],"replies":[{"embeddable":true,"href":"https:\/\/www.welovecycling.com\/hu\/wp-json\/wp\/v2\/comments?post=10121"}],"version-history":[{"count":2,"href":"https:\/\/www.welovecycling.com\/hu\/wp-json\/wp\/v2\/posts\/10121\/revisions"}],"predecessor-version":[{"id":10162,"href":"https:\/\/www.welovecycling.com\/hu\/wp-json\/wp\/v2\/posts\/10121\/revisions\/10162"}],"wp:featuredmedia":[{"embeddable":true,"href":"https:\/\/www.welovecycling.com\/hu\/wp-json\/wp\/v2\/media\/10124"}],"wp:attachment":[{"href":"https:\/\/www.welovecycling.com\/hu\/wp-json\/wp\/v2\/media?parent=10121"}],"wp:term":[{"taxonomy":"category","embeddable":true,"href":"https:\/\/www.welovecycling.com\/hu\/wp-json\/wp\/v2\/categories?post=10121"},{"taxonomy":"post_tag","embeddable":true,"href":"https:\/\/www.welovecycling.com\/hu\/wp-json\/wp\/v2\/tags?post=10121"},{"taxonomy":"global-categories","embeddable":true,"href":"https:\/\/www.welovecycling.com\/hu\/wp-json\/wp\/v2\/global-categories?post=10121"}],"curies":[{"name":"wp","href":"https:\/\/api.w.org\/{rel}","templated":true}]}}