{"id":10114,"date":"2021-02-17T08:00:33","date_gmt":"2021-02-17T07:00:33","guid":{"rendered":"https:\/\/www.welovecycling.com\/hu\/?p=10114"},"modified":"2021-02-14T13:51:26","modified_gmt":"2021-02-14T12:51:26","slug":"biciklizes-pandemia-idejen-tavirat-mallorcarol","status":"publish","type":"post","link":"https:\/\/www.welovecycling.com\/hu\/kozosseg-es-kultura\/biciklizes-pandemia-idejen-tavirat-mallorcarol\/","title":{"rendered":"Bicikliz\u00e9s pand\u00e9mia idej\u00e9n: T\u00e1virat Mallorc\u00e1r\u00f3l"},"content":{"rendered":"<p><strong>A New York-i sz\u00e1rmaz\u00e1s\u00fa Julie Chasin 2018-ban k\u00f6lt\u00f6z\u00f6tt Mallorc\u00e1ra, hogy megval\u00f3s\u00edtsa \u00e1lm\u00e1 \u00e9s ker\u00e9kp\u00e1ros idegenvezet\u0151i legyen. Miut\u00e1n letelepedett, megalap\u00edtotta saj\u00e1t c\u00e9g\u00e9t, a Venga Cycling idegenvezet\u0151i v\u00e1llalkoz\u00e1st, ahol tervei szerint lelkigyakorlatokat is tartani akart biciklisek sz\u00e1m\u00e1ra. Rengetegen lelkesedtek az \u00f6tlet ir\u00e1nt, a c\u00e9g 2020 tavasz\u00e1n el is indult, r\u00e1ad\u00e1sul telth\u00e1zzal. Mindannyian tudjuk, hogy ezut\u00e1n mi t\u00f6rt\u00e9nt. Julie \u00e9s csapata 2020 m\u00e1rcius elej\u00e9n tartotta meg az els\u0151 n\u0151i Vengla Cycling t\u00e1bort, ami nagy sikerrel z\u00e1rult, de 24 \u00f3r\u00e1val a v\u00e9ge ut\u00e1n eg\u00e9sz Spanyolorsz\u00e1got lez\u00e1rt\u00e1k.<\/strong><\/p>\n<p><!--more--><\/p>\n<p>Julie nem az az ember, akit k\u00f6nnyen ki lehet hozni a sodr\u00e1b\u00f3l. Az elm\u00falt \u00e9vet Mallorca felfedez\u00e9s\u00e9vel t\u00f6lt\u00f6tte, emellett ker\u00e9kp\u00e1r edz\u0151i k\u00e9pes\u00edt\u00e9seket szerzett \u00e9s saj\u00e1t m\u00e1rk\u00e1ja tervez\u00e9s\u00e9vel \u00e9s fejleszt\u00e9s\u00e9vel foglalkozott. Interj\u00fank sor\u00e1n arr\u00f3l besz\u00e9lgett\u00fcnk, hogyan \u00e9rt\u00e9kelte \u00fajra a bicikliz\u00e9st, mik\u00f6zben felfedezte, val\u00f3j\u00e1ban mennyi n\u0151i ker\u00e9kp\u00e1ros van, illetve arr\u00f3l, hogyan j\u00f6tt l\u00e9tre a pand\u00e9mia idej\u00e9n egy egym\u00e1st seg\u00edt\u0151 ker\u00e9kp\u00e1ros k\u00f6z\u00f6ss\u00e9g.<\/p>\n<figure id=\"attachment_10115\" aria-describedby=\"caption-attachment-10115\" style=\"width: 922px\" class=\"wp-caption alignnone\"><a href=\"https:\/\/d2p6e6u75xmxt8.cloudfront.net\/12\/2021\/02\/Julie-Chasin.jpg\"><img loading=\"lazy\" decoding=\"async\" class=\"wp-image-10115 size-full\" src=\"https:\/\/d2p6e6u75xmxt8.cloudfront.net\/12\/2021\/02\/Julie-Chasin.jpg\" alt=\"Julie Chasin\" width=\"922\" height=\"692\" srcset=\"https:\/\/d2p6e6u75xmxt8.cloudfront.net\/12\/2021\/02\/Julie-Chasin.jpg 922w, https:\/\/d2p6e6u75xmxt8.cloudfront.net\/12\/2021\/02\/Julie-Chasin-300x225.jpg 300w, https:\/\/d2p6e6u75xmxt8.cloudfront.net\/12\/2021\/02\/Julie-Chasin-768x576.jpg 768w\" sizes=\"auto, (max-width: 922px) 100vw, 922px\" \/><\/a><figcaption id=\"caption-attachment-10115\" class=\"wp-caption-text\">Julie<\/figcaption><\/figure>\n<p><strong>V\u00e1ltozott a kapcsolatod a bicikliz\u00e9ssel a j\u00e1rv\u00e1ny \u00f3ta?<\/strong><\/p>\n<p>Amikor a lez\u00e1r\u00e1s idej\u00e9n nem hagyhattuk el az otthonainkat, az az id\u0151 mentett meg, amit a teraszon l\u00e9v\u0151 turb\u00f3n t\u00f6lt\u00f6ttem. Ez jelentette sz\u00e1momra a testmozg\u00e1st, a rendszert \u00e9s a kapcsolattart\u00e1st a bar\u00e1taimmal.<\/p>\n<p>Mikor m\u00e1r kimehett\u00fcnk edzeni, tov\u00e1bbra is a ker\u00e9kp\u00e1roz\u00e1s volt az, ami fitten tartott \u00e9s seg\u00edtett meg\u0151rizni az \u00e9pelm\u00e9j\u0171s\u00e9gemet. Biztos \u00e9s kisz\u00e1m\u00edthat\u00f3 strukt\u00far\u00e1t ny\u00fajtott egy olyan vil\u00e1gban, amiben semmit sem lehetett megj\u00f3solni vagy megtervezni. Amat\u0151r versenyz\u0151k\u00e9nt a n\u00e9h\u00e1ny \u00e9ven \u00e1t tart\u00f3 szervezett edz\u00e9s, majd a t\u00f6bb \u00e9ves versenyz\u00e9s ut\u00e1n az elm\u00falt hat h\u00f3napban sz\u00f3rakoz\u00e1sb\u00f3l bicikliztem, mert ez volt az egyetlen dolog, amit k\u00e9pes voltam csin\u00e1lni. M\u00e1r nem m\u00e9rtem a teljes\u00edtm\u00e9nyemet, csak kij\u00f6ttem \u00e9s tekertem, mert ha 2020 tan\u00edtott nekem valamit, akkor az az, hogy \u00e9rt\u00e9keljem azt a szabads\u00e1got, amit a bicikliz\u00e9s ad.<\/p>\n<figure id=\"attachment_10116\" aria-describedby=\"caption-attachment-10116\" style=\"width: 955px\" class=\"wp-caption alignnone\"><a href=\"https:\/\/d2p6e6u75xmxt8.cloudfront.net\/12\/2021\/02\/Cycling-in-Mallorca.jpg\"><img loading=\"lazy\" decoding=\"async\" class=\"wp-image-10116 size-full\" src=\"https:\/\/d2p6e6u75xmxt8.cloudfront.net\/12\/2021\/02\/Cycling-in-Mallorca.jpg\" alt=\"Cycling in Mallorca\" width=\"955\" height=\"811\" srcset=\"https:\/\/d2p6e6u75xmxt8.cloudfront.net\/12\/2021\/02\/Cycling-in-Mallorca.jpg 955w, https:\/\/d2p6e6u75xmxt8.cloudfront.net\/12\/2021\/02\/Cycling-in-Mallorca-300x255.jpg 300w, https:\/\/d2p6e6u75xmxt8.cloudfront.net\/12\/2021\/02\/Cycling-in-Mallorca-768x652.jpg 768w\" sizes=\"auto, (max-width: 955px) 100vw, 955px\" \/><\/a><figcaption id=\"caption-attachment-10116\" class=\"wp-caption-text\"><em>Az \u00e9v egyik legnagyobb f\u00e9nypontja az volt, hogy r\u00e1j\u00f6ttem, mennyi n\u0151i biciklis \u00e9l a szigeten.<\/em><\/figcaption><\/figure>\n<p><strong>Hogyan v\u00e1ltozott a mallorcai ker\u00e9kp\u00e1ros k\u00f6z\u00f6ss\u00e9g a korl\u00e1toz\u00e1s hat\u00e1lybal\u00e9p\u00e9se \u00f3ta?<\/strong><\/p>\n<p>A mallorcai ker\u00e9kp\u00e1ros k\u00f6z\u00f6ss\u00e9g egyszer\u0171en hihetetlen. A turizmust\u00f3l f\u00fcgg\u0151 kis szigetk\u00e9nt a j\u00e1rv\u00e1ny sokunkat rendk\u00edv\u00fcl s\u00falyosan \u00e9rintett. Most \u00e9ppen a harmadik hull\u00e1mot \u00e9lj\u00fck (2020 tavasz, 2020 \u0151sz, 2021 tavasz) ennek az id\u0151szaknak. Sok kisv\u00e1llalkoz\u00e1s z\u00e1rta be az \u00fczlet\u00e9t \u00e9s sok ker\u00e9kp\u00e1ros \u00fczlet\u00e1gban dolgoz\u00f3 emigr\u00e1ns d\u00f6nt\u00f6tt \u00fagy, hogy elhagyja Mallorc\u00e1t, \u00e9s visszamegy haz\u00e1j\u00e1ba, hogy m\u00e1s munka ut\u00e1n n\u00e9zzen. De k\u00f6zt\u00fcnk, akik szerencs\u00e9sek vagyunk, \u00e9s itt tudtunk maradni (v\u00e1rva, hogy mikor lehet majd \u00fajra utazni), hihetetlen\u00fcl t\u00e1mogat\u00f3 k\u00f6z\u00f6ss\u00e9g alakult ki.<\/p>\n<p>Egy \u00e1tlagos \u00e9vben t\u00fal elfoglaltak vagyunk ahhoz, hogy egy fejb\u00f3lint\u00e1sn\u00e1l, mosolyg\u00e1sn\u00e1l \u00e9s egy gyors csevelyn\u00e9l t\u00f6bbet sz\u00e1njunk egym\u00e1sra, ink\u00e1bb csak elsiet\u00fcnk ismer\u0151seink mellett. Most rengeteg id\u0151nk volt arra, hogy sokkal nyugodtabb k\u00f6r\u00fclm\u00e9nyek k\u00f6z\u00f6tt bar\u00e1tkozzunk, hiszen nem vagyunk folyton kimer\u00fcltek. A k\u00e1v\u00e9z\u00f3tulajdonosok, a boltok tulajdonosai \u00e9s a szerel\u0151k most m\u00e1r a bar\u00e1taim, akikkel sz\u00edvesen tal\u00e1lkozom egy italra.<\/p>\n<figure id=\"attachment_10117\" aria-describedby=\"caption-attachment-10117\" style=\"width: 1025px\" class=\"wp-caption alignnone\"><a href=\"https:\/\/d2p6e6u75xmxt8.cloudfront.net\/12\/2021\/02\/Julie-Chasin-2.jpg\"><img loading=\"lazy\" decoding=\"async\" class=\"wp-image-10117 size-full\" src=\"https:\/\/d2p6e6u75xmxt8.cloudfront.net\/12\/2021\/02\/Julie-Chasin-2.jpg\" alt=\"Cycling friends\" width=\"1025\" height=\"768\" srcset=\"https:\/\/d2p6e6u75xmxt8.cloudfront.net\/12\/2021\/02\/Julie-Chasin-2.jpg 1025w, https:\/\/d2p6e6u75xmxt8.cloudfront.net\/12\/2021\/02\/Julie-Chasin-2-300x225.jpg 300w, https:\/\/d2p6e6u75xmxt8.cloudfront.net\/12\/2021\/02\/Julie-Chasin-2-768x575.jpg 768w\" sizes=\"auto, (max-width: 1025px) 100vw, 1025px\" \/><\/a><figcaption id=\"caption-attachment-10117\" class=\"wp-caption-text\"><em>Bicikliz\u00e9s az egyik kedvenc mallorcai k\u00e1v\u00e9z\u00f3-\u00e9s sz\u00e1llodatulajdonossal. Egy \u00e1tlagos tavasz sor\u00e1n erre sosincs id\u0151.<\/em><\/figcaption><\/figure>\n<p><strong>Eg\u00e9szen m\u00e1s lehet a hangulat turist\u00e1k n\u00e9lk\u00fcl! Most, hogy az egym\u00e1s k\u00f6z\u00f6tti kapcsolat ennyivel m\u00e9lyebb lett, milyen \u00e9rz\u00e9s csak olyan embereket l\u00e1tni a bicikliken, akiket ismersz?<\/strong><\/p>\n<p>Id\u00e9n r\u00e1j\u00f6ttem, hogy val\u00f3j\u00e1ban mennyi n\u0151i ker\u00e9kp\u00e1ros \u00e9l a szigeten, \u00e9s hogy egyre n\u00e9pszer\u0171bb lesz a bicikliz\u00e9s a n\u0151k k\u00f6r\u00e9ben. M\u00edg az ut\u00f3bbi \u00e9vekben egyre t\u00f6bb n\u0151i ker\u00e9kp\u00e1ros klub \u00e9s csoport indult az Egyes\u00fclt Kir\u00e1lys\u00e1gban \u00e9s az Egyes\u00fclt \u00c1llamokban, amikor 2018-ban el\u0151sz\u00f6r meg\u00e9rkeztem Mallorc\u00e1ra, ritk\u00e1n l\u00e1ttam n\u0151ket biciklizni. De, mint sok helyen vil\u00e1gszerte, id\u00e9n Mallorc\u00e1n is n\u00e9pszer\u0171bb lett a bicajoz\u00e1s a n\u0151k k\u00f6r\u00e9ben is. Nem ritka, hogy itt nemzetk\u00f6zi vagy mallorcai n\u0151k kis csoportjai egy\u00fctt ker\u00e9kp\u00e1roznak.<\/p>\n<p>Jelenleg h\u00e1rom k\u00fcl\u00f6nb\u00f6z\u0151 n\u0151i csoporttal j\u00e1rok edzeni; a nemzetk\u00f6zi orsz\u00e1g\u00fati versenyz\u0151kkel (a csoportban k\u00fcl\u00f6nb\u00f6z\u0151 szint\u0171 ker\u00e9kp\u00e1rosok vannak \u00cdrorsz\u00e1gb\u00f3l, az Egyes\u00fclt Kir\u00e1lys\u00e1gb\u00f3l, az Egyes\u00fclt \u00c1llamokb\u00f3l, N\u00e9metorsz\u00e1gb\u00f3l, Csehorsz\u00e1gb\u00f3l, Kanad\u00e1b\u00f3l, Hollandi\u00e1b\u00f3l \u00e9s Baszkf\u00f6ldr\u0151l!), egy kis csoport mallorcai n\u0151vel \u00e9s egy kezd\u0151 n\u0151i hegyiker\u00e9kp\u00e1ros csoporttal. A h\u00edrek egym\u00e1s k\u00f6z\u00f6tti megoszt\u00e1sa a helyi k\u00e1v\u00e9z\u00f3kon \u00e9s a WhatsApp csoportokon kereszt\u00fcl t\u00f6rt\u00e9nik. Most ind\u00edtottam el a \u201eMallorca Women&#8217;s Cycling\u201d Facebook-csoportot is, ami egy bar\u00e1ts\u00e1gos \u00e9s befogad\u00f3 hely n\u0151k sz\u00e1m\u00e1ra, akik jelenleg Mallorc\u00e1n \u00e9lnek, vagy szeretn\u00e9nek idel\u00e1togatni. Tan\u00e1csokat \u00e9s tippeket adunk egym\u00e1snak, p\u00e9ld\u00e1ul a legjobb \u00fatvonalakr\u00f3l, k\u00e1v\u00e9z\u00f3kr\u00f3l vagy \u00fczletekr\u0151l.<\/p>\n<figure id=\"attachment_10118\" aria-describedby=\"caption-attachment-10118\" style=\"width: 1024px\" class=\"wp-caption alignnone\"><a href=\"https:\/\/d2p6e6u75xmxt8.cloudfront.net\/12\/2021\/02\/IMG_0016.JPG.jpg\"><img loading=\"lazy\" decoding=\"async\" class=\"wp-image-10118 size-full\" src=\"https:\/\/d2p6e6u75xmxt8.cloudfront.net\/12\/2021\/02\/IMG_0016.JPG.jpg\" alt=\"Women cyclists\" width=\"1024\" height=\"768\" srcset=\"https:\/\/d2p6e6u75xmxt8.cloudfront.net\/12\/2021\/02\/IMG_0016.JPG.jpg 1024w, https:\/\/d2p6e6u75xmxt8.cloudfront.net\/12\/2021\/02\/IMG_0016.JPG-300x225.jpg 300w, https:\/\/d2p6e6u75xmxt8.cloudfront.net\/12\/2021\/02\/IMG_0016.JPG-768x576.jpg 768w\" sizes=\"auto, (max-width: 1024px) 100vw, 1024px\" \/><\/a><figcaption id=\"caption-attachment-10118\" class=\"wp-caption-text\"><em>Szeretem ezt a n\u0151i k\u00f6z\u00f6ss\u00e9get, akik m\u00e1ra m\u00e1r szinte csal\u00e1dtagokk\u00e1 v\u00e1ltak. Jelenleg mindannyian itt \u00e9l\u00fcnk, de k\u00fcl\u00f6nb\u00f6z\u0151 helyekr\u0151l sz\u00e1rmazunk: az Egyes\u00fclt \u00c1llamokb\u00f3l, Kanad\u00e1b\u00f3l, Baszkf\u00f6ldr\u0151l, \u00cdrorsz\u00e1gb\u00f3l, N\u00e9metorsz\u00e1gb\u00f3l \u00e9s Csehorsz\u00e1gb\u00f3l.<\/em><\/figcaption><\/figure>\n<p><strong>Lettek \u00faj biciklis bar\u00e1taid a j\u00e1rv\u00e1ny k\u00f6vetkezt\u00e9ben?<\/strong><\/p>\n<p>Nagyon sok! A lez\u00e1r\u00e1s el\u0151tt, ha nem a vend\u00e9gekkel ker\u00e9kp\u00e1roztam, akkor a legt\u00f6bb t\u00far\u00e1n maroknyi bar\u00e1taimmal vagy a helyi ker\u00e9kp\u00e1ros klubbal tekertem. Annyi ember lett munkan\u00e9lk\u00fcli, de a gy\u00f6ny\u00f6r\u0171 utakat \u00e9s a ragyog\u00f3 naps\u00fct\u00e9st senki nem tudta elvenni t\u0151l\u00fcnk. Sok embernek lett el\u00e9g ideje ahhoz, hogy kimozduljon \u00e9s annyit biciklizzen, amennyit csak akar, \u00e9s egyre t\u00f6bb emberrel kezdtem ker\u00e9kp\u00e1rozni. Mostanra a mallorcai kavicsszak\u00e9rt\u0151t\u0151l kezdve egy rem\u00e9nybeli n\u0151i olimpikonig, mindenf\u00e9le bar\u00e1tom van. M\u00e9g mindig hetente egyszer ker\u00e9kp\u00e1rozok a helyi falusi klubommal (CC Sa Pobla), a mallorcai sz\u00f3kincsem is b\u0151v\u00fclt, r\u00e1ad\u00e1sul \u00e9letemben el\u0151sz\u00f6r mountain bike-oztam egy kisebb nemzetk\u00f6zi csoporttal is. \u00d6sszess\u00e9g\u00e9ben v\u00e1rom, hogy k\u00e9t ker\u00e9ken \u00f6sszefussak b\u00e1rmelyik bar\u00e1tommal. Van enn\u00e9l jobb indok a bicikliz\u00e9sre?<\/p>\n","protected":false},"excerpt":{"rendered":"<p>A New York-i sz\u00e1rmaz\u00e1s\u00fa Julie Chasin 2018-ban k\u00f6lt\u00f6z\u00f6tt Mallorc\u00e1ra, hogy megval\u00f3s\u00edtsa \u00e1lm\u00e1 \u00e9s ker\u00e9kp\u00e1ros idegenvezet\u0151i legyen. Miut\u00e1n letelepedett, megalap\u00edtotta saj\u00e1t [&hellip;]<\/p>\n","protected":false},"author":71,"featured_media":10120,"comment_status":"open","ping_status":"open","sticky":false,"template":"","format":"standard","meta":{"footnotes":""},"categories":[12],"tags":[],"global-categories":[],"class_list":["post-10114","post","type-post","status-publish","format-standard","has-post-thumbnail","hentry","category-kozosseg-es-kultura"],"yoast_head":"<!-- This site is optimized with the Yoast SEO Premium plugin v25.3 (Yoast SEO v25.9) - https:\/\/yoast.com\/wordpress\/plugins\/seo\/ -->\n<title>Bicikliz\u00e9s pand\u00e9mia idej\u00e9n: T\u00e1virat Mallorc\u00e1r\u00f3l<\/title>\n<meta name=\"description\" content=\"A New York-i sz\u00e1rmaz\u00e1s\u00fa Julie Chasin 2018-ban k\u00f6lt\u00f6z\u00f6tt Mallorc\u00e1ra, hogy megval\u00f3s\u00edtsa \u00e1lm\u00e1 \u00e9s ker\u00e9kp\u00e1ros idegenvezet\u0151i legyen. Miut\u00e1n letelepedett, megalap\u00edtotta saj\u00e1t c\u00e9g\u00e9t, a Venga Cycling idegenvezet\u0151i v\u00e1llalkoz\u00e1st, ahol tervei szerint lelkigyakorlatokat is tartani akart biciklisek sz\u00e1m\u00e1ra.\" \/>\n<meta name=\"robots\" content=\"index, follow, max-snippet:-1, max-image-preview:large, max-video-preview:-1\" \/>\n<link rel=\"canonical\" href=\"https:\/\/www.welovecycling.com\/hu\/kozosseg-es-kultura\/biciklizes-pandemia-idejen-tavirat-mallorcarol\/\" \/>\n<meta property=\"og:locale\" content=\"hu_HU\" \/>\n<meta property=\"og:type\" content=\"article\" \/>\n<meta property=\"og:title\" content=\"Bicikliz\u00e9s pand\u00e9mia idej\u00e9n: T\u00e1virat Mallorc\u00e1r\u00f3l\" \/>\n<meta property=\"og:description\" content=\"A New York-i sz\u00e1rmaz\u00e1s\u00fa Julie Chasin 2018-ban k\u00f6lt\u00f6z\u00f6tt Mallorc\u00e1ra, hogy megval\u00f3s\u00edtsa \u00e1lm\u00e1 \u00e9s ker\u00e9kp\u00e1ros idegenvezet\u0151i legyen. Miut\u00e1n letelepedett, megalap\u00edtotta saj\u00e1t c\u00e9g\u00e9t, a Venga Cycling idegenvezet\u0151i v\u00e1llalkoz\u00e1st, ahol tervei szerint lelkigyakorlatokat is tartani akart biciklisek sz\u00e1m\u00e1ra.\" \/>\n<meta property=\"og:url\" content=\"https:\/\/www.welovecycling.com\/hu\/kozosseg-es-kultura\/biciklizes-pandemia-idejen-tavirat-mallorcarol\/\" \/>\n<meta property=\"og:site_name\" content=\"\u0160koda We Love Cycling - Magyarorsz\u00e1g\" \/>\n<meta property=\"article:publisher\" content=\"https:\/\/www.facebook.com\/WeLoveCyclingHungary\/\" \/>\n<meta property=\"article:published_time\" content=\"2021-02-17T07:00:33+00:00\" \/>\n<meta property=\"og:image\" content=\"https:\/\/d2p6e6u75xmxt8.cloudfront.net\/12\/2021\/02\/Julie-Chasin-CVR.jpg\" \/>\n\t<meta property=\"og:image:width\" content=\"1366\" \/>\n\t<meta property=\"og:image:height\" content=\"600\" \/>\n\t<meta property=\"og:image:type\" content=\"image\/jpeg\" \/>\n<meta name=\"author\" content=\"hegyizs\" \/>\n<meta name=\"twitter:card\" content=\"summary_large_image\" \/>\n<meta name=\"twitter:label1\" content=\"Written by\" \/>\n\t<meta name=\"twitter:data1\" content=\"Megan Flottorp\" \/>\n\t<meta name=\"twitter:label2\" content=\"Est. reading time\" \/>\n\t<meta name=\"twitter:data2\" content=\"6\" \/>\n<script type=\"application\/ld+json\" class=\"yoast-schema-graph\">{\"@context\":\"https:\/\/schema.org\",\"@graph\":[{\"@type\":\"WebPage\",\"@id\":\"https:\/\/www.welovecycling.com\/hu\/kozosseg-es-kultura\/biciklizes-pandemia-idejen-tavirat-mallorcarol\/\",\"url\":\"https:\/\/www.welovecycling.com\/hu\/kozosseg-es-kultura\/biciklizes-pandemia-idejen-tavirat-mallorcarol\/\",\"name\":\"Bicikliz\u00e9s pand\u00e9mia idej\u00e9n: T\u00e1virat Mallorc\u00e1r\u00f3l\",\"isPartOf\":{\"@id\":\"https:\/\/www.welovecycling.com\/hu\/#website\"},\"primaryImageOfPage\":{\"@id\":\"https:\/\/www.welovecycling.com\/hu\/kozosseg-es-kultura\/biciklizes-pandemia-idejen-tavirat-mallorcarol\/#primaryimage\"},\"image\":{\"@id\":\"https:\/\/www.welovecycling.com\/hu\/kozosseg-es-kultura\/biciklizes-pandemia-idejen-tavirat-mallorcarol\/#primaryimage\"},\"thumbnailUrl\":\"https:\/\/d2p6e6u75xmxt8.cloudfront.net\/12\/2021\/02\/Julie-Chasin-CVR.jpg\",\"datePublished\":\"2021-02-17T07:00:33+00:00\",\"author\":{\"@id\":\"https:\/\/www.welovecycling.com\/hu\/#\/schema\/person\/414a2aebf1801691a5320edb6468e194\"},\"description\":\"A New York-i sz\u00e1rmaz\u00e1s\u00fa Julie Chasin 2018-ban k\u00f6lt\u00f6z\u00f6tt Mallorc\u00e1ra, hogy megval\u00f3s\u00edtsa \u00e1lm\u00e1 \u00e9s ker\u00e9kp\u00e1ros idegenvezet\u0151i legyen. Miut\u00e1n letelepedett, megalap\u00edtotta saj\u00e1t c\u00e9g\u00e9t, a Venga Cycling idegenvezet\u0151i v\u00e1llalkoz\u00e1st, ahol tervei szerint lelkigyakorlatokat is tartani akart biciklisek sz\u00e1m\u00e1ra.\",\"breadcrumb\":{\"@id\":\"https:\/\/www.welovecycling.com\/hu\/kozosseg-es-kultura\/biciklizes-pandemia-idejen-tavirat-mallorcarol\/#breadcrumb\"},\"inLanguage\":\"hu\",\"potentialAction\":[{\"@type\":\"ReadAction\",\"target\":[\"https:\/\/www.welovecycling.com\/hu\/kozosseg-es-kultura\/biciklizes-pandemia-idejen-tavirat-mallorcarol\/\"]}]},{\"@type\":\"ImageObject\",\"inLanguage\":\"hu\",\"@id\":\"https:\/\/www.welovecycling.com\/hu\/kozosseg-es-kultura\/biciklizes-pandemia-idejen-tavirat-mallorcarol\/#primaryimage\",\"url\":\"https:\/\/d2p6e6u75xmxt8.cloudfront.net\/12\/2021\/02\/Julie-Chasin-CVR.jpg\",\"contentUrl\":\"https:\/\/d2p6e6u75xmxt8.cloudfront.net\/12\/2021\/02\/Julie-Chasin-CVR.jpg\",\"width\":1366,\"height\":600,\"caption\":\"Julie Chasin\"},{\"@type\":\"BreadcrumbList\",\"@id\":\"https:\/\/www.welovecycling.com\/hu\/kozosseg-es-kultura\/biciklizes-pandemia-idejen-tavirat-mallorcarol\/#breadcrumb\",\"itemListElement\":[{\"@type\":\"ListItem\",\"position\":1,\"name\":\"Home\",\"item\":\"https:\/\/www.welovecycling.com\/hu\/\"},{\"@type\":\"ListItem\",\"position\":2,\"name\":\"Bicikliz\u00e9s pand\u00e9mia idej\u00e9n: T\u00e1virat Mallorc\u00e1r\u00f3l\"}]},{\"@type\":\"WebSite\",\"@id\":\"https:\/\/www.welovecycling.com\/hu\/#website\",\"url\":\"https:\/\/www.welovecycling.com\/hu\/\",\"name\":\"\u0160koda We Love Cycling - Magyarorsz\u00e1g\",\"description\":\"\u0160koda WeLoveCycling\",\"potentialAction\":[{\"@type\":\"SearchAction\",\"target\":{\"@type\":\"EntryPoint\",\"urlTemplate\":\"https:\/\/www.welovecycling.com\/hu\/?s={search_term_string}\"},\"query-input\":{\"@type\":\"PropertyValueSpecification\",\"valueRequired\":true,\"valueName\":\"search_term_string\"}}],\"inLanguage\":\"hu\"},{\"@type\":\"Person\",\"@id\":\"https:\/\/www.welovecycling.com\/hu\/#\/schema\/person\/414a2aebf1801691a5320edb6468e194\",\"name\":\"hegyizs\",\"image\":{\"@type\":\"ImageObject\",\"inLanguage\":\"hu\",\"@id\":\"https:\/\/www.welovecycling.com\/hu\/#\/schema\/person\/image\/\",\"url\":\"https:\/\/secure.gravatar.com\/avatar\/02cf8a7906b8cf90cecb4679defac7cfd33a1c2e3b88e4903d947f3bb58eedd3?s=96&d=mm&r=g\",\"contentUrl\":\"https:\/\/secure.gravatar.com\/avatar\/02cf8a7906b8cf90cecb4679defac7cfd33a1c2e3b88e4903d947f3bb58eedd3?s=96&d=mm&r=g\",\"caption\":\"hegyizs\"},\"url\":\"https:\/\/www.welovecycling.com\/hu\/author\/hegyizs\/\"}]}<\/script>\n<!-- \/ Yoast SEO Premium plugin. -->","yoast_head_json":{"title":"Bicikliz\u00e9s pand\u00e9mia idej\u00e9n: T\u00e1virat Mallorc\u00e1r\u00f3l","description":"A New York-i sz\u00e1rmaz\u00e1s\u00fa Julie Chasin 2018-ban k\u00f6lt\u00f6z\u00f6tt Mallorc\u00e1ra, hogy megval\u00f3s\u00edtsa \u00e1lm\u00e1 \u00e9s ker\u00e9kp\u00e1ros idegenvezet\u0151i legyen. Miut\u00e1n letelepedett, megalap\u00edtotta saj\u00e1t c\u00e9g\u00e9t, a Venga Cycling idegenvezet\u0151i v\u00e1llalkoz\u00e1st, ahol tervei szerint lelkigyakorlatokat is tartani akart biciklisek sz\u00e1m\u00e1ra.","robots":{"index":"index","follow":"follow","max-snippet":"max-snippet:-1","max-image-preview":"max-image-preview:large","max-video-preview":"max-video-preview:-1"},"canonical":"https:\/\/www.welovecycling.com\/hu\/kozosseg-es-kultura\/biciklizes-pandemia-idejen-tavirat-mallorcarol\/","og_locale":"hu_HU","og_type":"article","og_title":"Bicikliz\u00e9s pand\u00e9mia idej\u00e9n: T\u00e1virat Mallorc\u00e1r\u00f3l","og_description":"A New York-i sz\u00e1rmaz\u00e1s\u00fa Julie Chasin 2018-ban k\u00f6lt\u00f6z\u00f6tt Mallorc\u00e1ra, hogy megval\u00f3s\u00edtsa \u00e1lm\u00e1 \u00e9s ker\u00e9kp\u00e1ros idegenvezet\u0151i legyen. Miut\u00e1n letelepedett, megalap\u00edtotta saj\u00e1t c\u00e9g\u00e9t, a Venga Cycling idegenvezet\u0151i v\u00e1llalkoz\u00e1st, ahol tervei szerint lelkigyakorlatokat is tartani akart biciklisek sz\u00e1m\u00e1ra.","og_url":"https:\/\/www.welovecycling.com\/hu\/kozosseg-es-kultura\/biciklizes-pandemia-idejen-tavirat-mallorcarol\/","og_site_name":"\u0160koda We Love Cycling - Magyarorsz\u00e1g","article_publisher":"https:\/\/www.facebook.com\/WeLoveCyclingHungary\/","article_published_time":"2021-02-17T07:00:33+00:00","og_image":[{"width":1366,"height":600,"url":"https:\/\/d2p6e6u75xmxt8.cloudfront.net\/12\/2021\/02\/Julie-Chasin-CVR.jpg","type":"image\/jpeg"}],"author":"hegyizs","twitter_card":"summary_large_image","twitter_misc":{"Written by":"Megan Flottorp","Est. reading time":"6"},"schema":{"@context":"https:\/\/schema.org","@graph":[{"@type":"WebPage","@id":"https:\/\/www.welovecycling.com\/hu\/kozosseg-es-kultura\/biciklizes-pandemia-idejen-tavirat-mallorcarol\/","url":"https:\/\/www.welovecycling.com\/hu\/kozosseg-es-kultura\/biciklizes-pandemia-idejen-tavirat-mallorcarol\/","name":"Bicikliz\u00e9s pand\u00e9mia idej\u00e9n: T\u00e1virat Mallorc\u00e1r\u00f3l","isPartOf":{"@id":"https:\/\/www.welovecycling.com\/hu\/#website"},"primaryImageOfPage":{"@id":"https:\/\/www.welovecycling.com\/hu\/kozosseg-es-kultura\/biciklizes-pandemia-idejen-tavirat-mallorcarol\/#primaryimage"},"image":{"@id":"https:\/\/www.welovecycling.com\/hu\/kozosseg-es-kultura\/biciklizes-pandemia-idejen-tavirat-mallorcarol\/#primaryimage"},"thumbnailUrl":"https:\/\/d2p6e6u75xmxt8.cloudfront.net\/12\/2021\/02\/Julie-Chasin-CVR.jpg","datePublished":"2021-02-17T07:00:33+00:00","author":{"@id":"https:\/\/www.welovecycling.com\/hu\/#\/schema\/person\/414a2aebf1801691a5320edb6468e194"},"description":"A New York-i sz\u00e1rmaz\u00e1s\u00fa Julie Chasin 2018-ban k\u00f6lt\u00f6z\u00f6tt Mallorc\u00e1ra, hogy megval\u00f3s\u00edtsa \u00e1lm\u00e1 \u00e9s ker\u00e9kp\u00e1ros idegenvezet\u0151i legyen. Miut\u00e1n letelepedett, megalap\u00edtotta saj\u00e1t c\u00e9g\u00e9t, a Venga Cycling idegenvezet\u0151i v\u00e1llalkoz\u00e1st, ahol tervei szerint lelkigyakorlatokat is tartani akart biciklisek sz\u00e1m\u00e1ra.","breadcrumb":{"@id":"https:\/\/www.welovecycling.com\/hu\/kozosseg-es-kultura\/biciklizes-pandemia-idejen-tavirat-mallorcarol\/#breadcrumb"},"inLanguage":"hu","potentialAction":[{"@type":"ReadAction","target":["https:\/\/www.welovecycling.com\/hu\/kozosseg-es-kultura\/biciklizes-pandemia-idejen-tavirat-mallorcarol\/"]}]},{"@type":"ImageObject","inLanguage":"hu","@id":"https:\/\/www.welovecycling.com\/hu\/kozosseg-es-kultura\/biciklizes-pandemia-idejen-tavirat-mallorcarol\/#primaryimage","url":"https:\/\/d2p6e6u75xmxt8.cloudfront.net\/12\/2021\/02\/Julie-Chasin-CVR.jpg","contentUrl":"https:\/\/d2p6e6u75xmxt8.cloudfront.net\/12\/2021\/02\/Julie-Chasin-CVR.jpg","width":1366,"height":600,"caption":"Julie Chasin"},{"@type":"BreadcrumbList","@id":"https:\/\/www.welovecycling.com\/hu\/kozosseg-es-kultura\/biciklizes-pandemia-idejen-tavirat-mallorcarol\/#breadcrumb","itemListElement":[{"@type":"ListItem","position":1,"name":"Home","item":"https:\/\/www.welovecycling.com\/hu\/"},{"@type":"ListItem","position":2,"name":"Bicikliz\u00e9s pand\u00e9mia idej\u00e9n: T\u00e1virat Mallorc\u00e1r\u00f3l"}]},{"@type":"WebSite","@id":"https:\/\/www.welovecycling.com\/hu\/#website","url":"https:\/\/www.welovecycling.com\/hu\/","name":"\u0160koda We Love Cycling - Magyarorsz\u00e1g","description":"\u0160koda WeLoveCycling","potentialAction":[{"@type":"SearchAction","target":{"@type":"EntryPoint","urlTemplate":"https:\/\/www.welovecycling.com\/hu\/?s={search_term_string}"},"query-input":{"@type":"PropertyValueSpecification","valueRequired":true,"valueName":"search_term_string"}}],"inLanguage":"hu"},{"@type":"Person","@id":"https:\/\/www.welovecycling.com\/hu\/#\/schema\/person\/414a2aebf1801691a5320edb6468e194","name":"hegyizs","image":{"@type":"ImageObject","inLanguage":"hu","@id":"https:\/\/www.welovecycling.com\/hu\/#\/schema\/person\/image\/","url":"https:\/\/secure.gravatar.com\/avatar\/02cf8a7906b8cf90cecb4679defac7cfd33a1c2e3b88e4903d947f3bb58eedd3?s=96&d=mm&r=g","contentUrl":"https:\/\/secure.gravatar.com\/avatar\/02cf8a7906b8cf90cecb4679defac7cfd33a1c2e3b88e4903d947f3bb58eedd3?s=96&d=mm&r=g","caption":"hegyizs"},"url":"https:\/\/www.welovecycling.com\/hu\/author\/hegyizs\/"}]}},"_links":{"self":[{"href":"https:\/\/www.welovecycling.com\/hu\/wp-json\/wp\/v2\/posts\/10114","targetHints":{"allow":["GET"]}}],"collection":[{"href":"https:\/\/www.welovecycling.com\/hu\/wp-json\/wp\/v2\/posts"}],"about":[{"href":"https:\/\/www.welovecycling.com\/hu\/wp-json\/wp\/v2\/types\/post"}],"author":[{"embeddable":true,"href":"https:\/\/www.welovecycling.com\/hu\/wp-json\/wp\/v2\/users\/71"}],"replies":[{"embeddable":true,"href":"https:\/\/www.welovecycling.com\/hu\/wp-json\/wp\/v2\/comments?post=10114"}],"version-history":[{"count":2,"href":"https:\/\/www.welovecycling.com\/hu\/wp-json\/wp\/v2\/posts\/10114\/revisions"}],"predecessor-version":[{"id":10157,"href":"https:\/\/www.welovecycling.com\/hu\/wp-json\/wp\/v2\/posts\/10114\/revisions\/10157"}],"wp:featuredmedia":[{"embeddable":true,"href":"https:\/\/www.welovecycling.com\/hu\/wp-json\/wp\/v2\/media\/10120"}],"wp:attachment":[{"href":"https:\/\/www.welovecycling.com\/hu\/wp-json\/wp\/v2\/media?parent=10114"}],"wp:term":[{"taxonomy":"category","embeddable":true,"href":"https:\/\/www.welovecycling.com\/hu\/wp-json\/wp\/v2\/categories?post=10114"},{"taxonomy":"post_tag","embeddable":true,"href":"https:\/\/www.welovecycling.com\/hu\/wp-json\/wp\/v2\/tags?post=10114"},{"taxonomy":"global-categories","embeddable":true,"href":"https:\/\/www.welovecycling.com\/hu\/wp-json\/wp\/v2\/global-categories?post=10114"}],"curies":[{"name":"wp","href":"https:\/\/api.w.org\/{rel}","templated":true}]}}