{"id":10093,"date":"2021-02-11T08:00:30","date_gmt":"2021-02-11T07:00:30","guid":{"rendered":"https:\/\/www.welovecycling.com\/hu\/?p=10093"},"modified":"2021-02-06T10:31:47","modified_gmt":"2021-02-06T09:31:47","slug":"bikepacking-tippek-alapkellekek-egy-kalandos-bicikliturahoz","status":"publish","type":"post","link":"https:\/\/www.welovecycling.com\/hu\/trekking-mtb\/bikepacking-tippek-alapkellekek-egy-kalandos-bicikliturahoz\/","title":{"rendered":"Bikepacking-tippek: Alapkell\u00e9kek egy kalandos biciklit\u00far\u00e1hoz"},"content":{"rendered":"<p><strong>Van egy dolog, ami mindig velem van: egy csomag, amiben a n\u00e9lk\u00fcl\u00f6zhetetlen dolgaimat t\u00e1rolom. Szem\u00e9lyes gy\u0171jtem\u00e9nyemben minden megtal\u00e1lhat\u00f3, ami hasznos lehet egy v\u00e1ratlan helyzetben. Annyira szeretem, hogy hossz\u00fa \u00e9vek \u00f3ta m\u00e9g ker\u00e9kp\u00e1ron k\u00edv\u00fcl is magamn\u00e1l hordom. Na de besz\u00e9lj\u00fcnk r\u00f3la egy kicsit r\u00e9szletesebben!<\/strong><strong>\u00a0<\/strong><\/p>\n<h2><!--more--><\/h2>\n<h2><strong>Kicsi, k\u00f6nny\u0171, egyszer\u0171 \u00e9s nagyon hat\u00e9kony<\/strong><\/h2>\n<p>Minimalista vagyok, ez\u00e9rt nem szeretek t\u00fal sok cuccot cipelni. \u00a0A bikepackinghez sz\u00fcks\u00e9ges alapcsomagom teh\u00e1t nagyon kicsi, \u00edgy a h\u00e1tizs\u00e1kban maradhat an\u00e9lk\u00fcl, hogy elfoglaln\u00e1 az \u00e9rt\u00e9kes helyet. K\u00f6nny\u0171, mind\u00f6ssze 324 gramm. A csomagban n\u00e9h\u00e1ny egyszer\u0171 t\u00e1rgy tal\u00e1lhat\u00f3, amik k\u00f6nnyen beszerezhet\u0151ek. A legt\u00f6bb dologgal val\u00f3sz\u00edn\u0171leg m\u00e1r most is rendelkezel.<\/p>\n<p>A csomagban tal\u00e1lhat\u00f3 t\u00e1rgyak list\u00e1ja:<\/p>\n<ul>\n<li>Szersz\u00e1mos t\u00e1ska<\/li>\n<li>Multitool penge<\/li>\n<li>Gemkapocs<\/li>\n<li>Gyorsk\u00f6t\u00f6z\u0151<\/li>\n<li>Bankjegy \u00e9s apr\u00f3<\/li>\n<li>Feh\u00e9r pap\u00edrlap a 3 legfontosabb telefonsz\u00e1mmal<\/li>\n<li>Toll<\/li>\n<li>Sebtapasz kisebb v\u00e1g\u00e1sokhoz \u00e9s h\u00f3lyagokhoz<\/li>\n<li>Ragaszt\u00f3szalag<\/li>\n<li>Dokumentumok m\u00e1solata<\/li>\n<li>F\u00e1jdalomcsillap\u00edt\u00f3<\/li>\n<li>1 energiaszelet vagy zsel\u00e9<\/li>\n<li>Kis powerbank r\u00f6vid k\u00e1bellel<\/li>\n<li>1 m\u0171anyag k\u00e1rtya<\/li>\n<li>Schrader \/ Presta adapter<\/li>\n<\/ul>\n<p><a href=\"https:\/\/d2p6e6u75xmxt8.cloudfront.net\/2\/2021\/01\/Essential-kit.jpg\"><img loading=\"lazy\" decoding=\"async\" class=\"alignnone size-large wp-image-10094\" src=\"https:\/\/d2p6e6u75xmxt8.cloudfront.net\/12\/2021\/02\/Essential-kit-1024x352.jpg\" alt=\"Essential kit\" width=\"1024\" height=\"352\" srcset=\"https:\/\/d2p6e6u75xmxt8.cloudfront.net\/12\/2021\/02\/Essential-kit-1024x352.jpg 1024w, https:\/\/d2p6e6u75xmxt8.cloudfront.net\/12\/2021\/02\/Essential-kit-300x103.jpg 300w, https:\/\/d2p6e6u75xmxt8.cloudfront.net\/12\/2021\/02\/Essential-kit-768x264.jpg 768w, https:\/\/d2p6e6u75xmxt8.cloudfront.net\/12\/2021\/02\/Essential-kit-1536x528.jpg 1536w, https:\/\/d2p6e6u75xmxt8.cloudfront.net\/12\/2021\/02\/Essential-kit.jpg 1920w\" sizes=\"auto, (max-width: 1024px) 100vw, 1024px\" \/><\/a><\/p>\n<h2><strong>Szersz\u00e1mos t\u00e1ska<\/strong><\/h2>\n<p>El\u0151sz\u00f6r is, mindenk\u00e9pp praktikusnak kell lennie, hogy minden fontos dolog elf\u00e9rjen benne. Az eny\u00e9mhez egyszer\u0171en t\u00f6k\u00e9letes. Egy\u00e9bk\u00e9nt b\u00e1rmely \u00f6sszecsukhat\u00f3 biciklis zs\u00e1k alkalmas erre a feladatra. Ami n\u00e9lk\u00fcl\u00f6zhetetlen sz\u00e1momra, az a cipz\u00e1ras bels\u0151 zseb.<\/p>\n<div id='gallery-1' class='gallery galleryid-10093 gallery-columns-2 gallery-size-large'><figure class='gallery-item'>\n\t\t\t<div class='gallery-icon landscape'>\n\t\t\t\t<a href='https:\/\/d2p6e6u75xmxt8.cloudfront.net\/12\/2021\/02\/Tool-bag_01_l.jpg'><img loading=\"lazy\" decoding=\"async\" width=\"1024\" height=\"682\" src=\"https:\/\/d2p6e6u75xmxt8.cloudfront.net\/12\/2021\/02\/Tool-bag_01_l.jpg\" class=\"attachment-large size-large\" alt=\"Tool bag\" srcset=\"https:\/\/d2p6e6u75xmxt8.cloudfront.net\/12\/2021\/02\/Tool-bag_01_l.jpg 1024w, https:\/\/d2p6e6u75xmxt8.cloudfront.net\/12\/2021\/02\/Tool-bag_01_l-300x200.jpg 300w, https:\/\/d2p6e6u75xmxt8.cloudfront.net\/12\/2021\/02\/Tool-bag_01_l-768x512.jpg 768w, https:\/\/d2p6e6u75xmxt8.cloudfront.net\/12\/2021\/02\/Tool-bag_01_l-272x182.jpg 272w\" sizes=\"auto, (max-width: 1024px) 100vw, 1024px\" \/><\/a>\n\t\t\t<\/div><\/figure><figure class='gallery-item'>\n\t\t\t<div class='gallery-icon landscape'>\n\t\t\t\t<a href='https:\/\/d2p6e6u75xmxt8.cloudfront.net\/12\/2021\/02\/Tool-bag_03_l.jpg'><img loading=\"lazy\" decoding=\"async\" width=\"1024\" height=\"682\" src=\"https:\/\/d2p6e6u75xmxt8.cloudfront.net\/12\/2021\/02\/Tool-bag_03_l.jpg\" class=\"attachment-large size-large\" alt=\"\" srcset=\"https:\/\/d2p6e6u75xmxt8.cloudfront.net\/12\/2021\/02\/Tool-bag_03_l.jpg 1024w, https:\/\/d2p6e6u75xmxt8.cloudfront.net\/12\/2021\/02\/Tool-bag_03_l-300x200.jpg 300w, https:\/\/d2p6e6u75xmxt8.cloudfront.net\/12\/2021\/02\/Tool-bag_03_l-768x512.jpg 768w, https:\/\/d2p6e6u75xmxt8.cloudfront.net\/12\/2021\/02\/Tool-bag_03_l-272x182.jpg 272w\" sizes=\"auto, (max-width: 1024px) 100vw, 1024px\" \/><\/a>\n\t\t\t<\/div><\/figure>\n\t\t<\/div>\n\n<h2><strong>Multitool<\/strong><\/h2>\n<p>Ha van el\u00e9g helyem, akkor mindenk\u00e9pp magamn\u00e1l tartom a sv\u00e1jci bicsk\u00e1m, ami m\u00e1r t\u00f6bb ezer kaland sor\u00e1n volt h\u0171 bar\u00e1tom \u00e9s t\u00e1rsam. De a csomagomba ink\u00e1bb egy j\u00f3 ker\u00e9kp\u00e1ros multitoolt tettem. Ennek az az oka, hogy nagyon sokf\u00e9le eszk\u00f6z van rajta, \u00edgy a biciklin k\u00edv\u00fcl is haszn\u00e1lhat\u00f3, r\u00e1ad\u00e1sul kicsi, \u00edgy nem foglal sok helyet.<\/p>\n<p>Fontos: a sv\u00e1jci bicska helyettes\u00edt\u00e9s\u00e9hez a multiszersz\u00e1mnak tartalmaznia kell egy peng\u00e9t, hogy sz\u00fcks\u00e9g eset\u00e9n felv\u00e1ghassuk vele az \u00e9telt!<\/p>\n<p>&nbsp;<\/p>\n<p><a href=\"https:\/\/d2p6e6u75xmxt8.cloudfront.net\/2\/2021\/01\/Multitool.jpg\"><img loading=\"lazy\" decoding=\"async\" class=\"alignnone size-large wp-image-10095\" src=\"https:\/\/d2p6e6u75xmxt8.cloudfront.net\/12\/2021\/02\/Multitool-1024x482.jpg\" alt=\"Multitool\" width=\"1024\" height=\"482\" srcset=\"https:\/\/d2p6e6u75xmxt8.cloudfront.net\/12\/2021\/02\/Multitool-1024x482.jpg 1024w, https:\/\/d2p6e6u75xmxt8.cloudfront.net\/12\/2021\/02\/Multitool-300x141.jpg 300w, https:\/\/d2p6e6u75xmxt8.cloudfront.net\/12\/2021\/02\/Multitool-768x361.jpg 768w, https:\/\/d2p6e6u75xmxt8.cloudfront.net\/12\/2021\/02\/Multitool.jpg 1280w\" sizes=\"auto, (max-width: 1024px) 100vw, 1024px\" \/><\/a><\/p>\n<h2><strong>Gemkapocs, gyorsk\u00f6t\u00f6z\u0151k \u00e9s gumiszalagok\u00a0<\/strong><\/h2>\n<p>Mindegyik alapvet\u0151, nem is v\u00e9letlen\u00fcl. Nem tudok gyorsk\u00f6t\u00f6z\u0151 n\u00e9lk\u00fcl \u00e9lni, olyan hihetetlen tal\u00e1lm\u00e1ny, \u00e9s milli\u00f3 k\u00fcl\u00f6nb\u00f6z\u0151 m\u00f3don felhaszn\u00e1lhat\u00f3. A gemkapcsokat pedig ki lehet ny\u0151jtani \u00e9s felhaszn\u00e1lni p\u00e9ld\u00e1ul t\u0171k\u00e9nt varr\u00e1shoz. Az elasztikus gumiszalagokn\u00e1l szerintem nincs sz\u00fcks\u00e9g magyar\u00e1zatra. Amikor tehetem, ink\u00e1bb a r\u00e9gi bels\u0151 cs\u00f6veket haszn\u00e1lom v\u00e9kony szalagokra v\u00e1gva a klasszikus gumiszalagok helyett.<\/p>\n<p>Legut\u00f3bb gemkapoccsal szedtem ki a SIM-k\u00e1rty\u00e1t a telefonomb\u00f3l, elfelejtve, hova tettem az ehhez val\u00f3 speci\u00e1lis kulcsot. Gumiszalagokat haszn\u00e1ltam, hogy r\u00f6gz\u00edtsem a Garmin-t a korm\u00e1nyhoz. \u00c9s gyorsk\u00f6t\u00f6z\u0151vel r\u00f6gz\u00edtettem a fejl\u00e1mp\u00e1t a sisakomhoz.<\/p>\n<p><a href=\"https:\/\/d2p6e6u75xmxt8.cloudfront.net\/12\/2021\/02\/rubber-band.jpg\"><img loading=\"lazy\" decoding=\"async\" class=\"alignnone size-full wp-image-10096\" src=\"https:\/\/d2p6e6u75xmxt8.cloudfront.net\/12\/2021\/02\/rubber-band.jpg\" alt=\"Rubber band\" width=\"1024\" height=\"510\" srcset=\"https:\/\/d2p6e6u75xmxt8.cloudfront.net\/12\/2021\/02\/rubber-band.jpg 1024w, https:\/\/d2p6e6u75xmxt8.cloudfront.net\/12\/2021\/02\/rubber-band-300x149.jpg 300w, https:\/\/d2p6e6u75xmxt8.cloudfront.net\/12\/2021\/02\/rubber-band-768x383.jpg 768w\" sizes=\"auto, (max-width: 1024px) 100vw, 1024px\" \/><\/a><\/p>\n<h2><strong>Bankjegy \u00e9s apr\u00f3<\/strong><\/h2>\n<p>Eml\u00e9kszel, amikor elfelejtetted magaddal vinni a p\u00e9nzt\u00e1rc\u00e1dat, \u00e9s olyan \u00e9hes volt\u00e1l, mint egy farkas, vagy amikor nem volt n\u00e1lad p\u00e9nz a parkol\u00e1shoz? \u00c9n igen. Okos dolognak gondolom, ha v\u00e1ratlan helyzetek eset\u00e9re mindig tartasz magadn\u00e1l kis mennyis\u00e9g\u0171 p\u00e9nzt, a biztons\u00e1g kedv\u00e9\u00e9rt a p\u00e9nzt\u00e1rc\u00e1don k\u00edv\u00fcl is \u2013 ennek is a biciklis csomagodban a helye!<\/p>\n<h2><strong>F\u00e1jdalomcsillap\u00edt\u00f3k \u00e9s sebtapaszok<\/strong><strong>\u00a0<\/strong><\/h2>\n<p>M\u00e9g akkor is, ha nagyon kem\u00e9ny vagy, \u00e9s nem \u00e9rzel f\u00e1jdalmat, hasznos, ha van n\u00e1lad f\u00e1jdalomcsillap\u00edt\u00f3, hogy seg\u00edteni tudj a bar\u00e1todnak \/ feles\u00e9gednek. Ritk\u00e1n haszn\u00e1lom, de n\u00e9h\u00e1nyszor m\u00e1r nagyon \u00f6r\u00fcltem neki. P\u00e9ld\u00e1ul t\u00f6bbsz\u00f6r seg\u00edtettek megsz\u00fcntetni a fejf\u00e1j\u00e1st egy nem t\u00fal pihentet\u0151 \u00e9jszaka ut\u00e1n a s\u00e1torban vagy a f\u00fcgg\u0151\u00e1gyban.<\/p>\n<p>A sebtapaszok k\u00f6nnyen hordozhat\u00f3k \u00e9s hasznosak, k\u00fcl\u00f6n\u00f6sen a h\u00f3lyagok eset\u00e9ben. Sokszor mentett\u00e9k m\u00e1r meg a napomat.<\/p>\n<figure id=\"attachment_10097\" aria-describedby=\"caption-attachment-10097\" style=\"width: 1024px\" class=\"wp-caption alignnone\"><a href=\"https:\/\/d2p6e6u75xmxt8.cloudfront.net\/2\/2021\/01\/Shoe-detail-profimedia-0573531154.jpg\"><img loading=\"lazy\" decoding=\"async\" class=\"wp-image-10097 size-large\" src=\"https:\/\/d2p6e6u75xmxt8.cloudfront.net\/12\/2021\/02\/Shoe-detail-profimedia-0573531154-1024x682.jpg\" alt=\"Cyclin shoe\" width=\"1024\" height=\"682\" srcset=\"https:\/\/d2p6e6u75xmxt8.cloudfront.net\/12\/2021\/02\/Shoe-detail-profimedia-0573531154-1024x682.jpg 1024w, https:\/\/d2p6e6u75xmxt8.cloudfront.net\/12\/2021\/02\/Shoe-detail-profimedia-0573531154-300x200.jpg 300w, https:\/\/d2p6e6u75xmxt8.cloudfront.net\/12\/2021\/02\/Shoe-detail-profimedia-0573531154-768x512.jpg 768w, https:\/\/d2p6e6u75xmxt8.cloudfront.net\/12\/2021\/02\/Shoe-detail-profimedia-0573531154-272x182.jpg 272w, https:\/\/d2p6e6u75xmxt8.cloudfront.net\/12\/2021\/02\/Shoe-detail-profimedia-0573531154.jpg 1250w\" sizes=\"auto, (max-width: 1024px) 100vw, 1024px\" \/><\/a><figcaption id=\"caption-attachment-10097\" class=\"wp-caption-text\">\u00a9 Profimedia<\/figcaption><\/figure>\n<h2><strong>Ragaszt\u00f3szalag \u00e9s m\u0171anyag k\u00e1rtya<\/strong><\/h2>\n<p>Minden modern kalandor egyik kedvenc t\u00e1rgya a ragaszt\u00f3szalag. Szinte b\u00e1rmit meg tud jav\u00edtani, m\u00e9g a tested is. (B\u00e1r csak r\u00f6vid ideig, am\u00edg be nem ker\u00fclsz a k\u00f3rh\u00e1zba. Egyszer egy bar\u00e1tom nagyon cs\u00fany\u00e1n lev\u00e1gta a h\u00fcvelykujj\u00e1t egy k\u00e9ssel, mik\u00f6zben az egyik bikepacking kalandunk sor\u00e1n f\u0151z\u00f6tt. Egy mindent\u0151l t\u00e1vol es\u0151 erd\u0151ben t\u00e1boroztunk le, nem kev\u00e9s l\u00e9lekjelenl\u00e9t kellett, hogy fert\u0151tlen\u00edts\u00fck a sebet \u00e9s a v\u00e1g\u00e1st szalaggal sikeresen befedj\u00fck, am\u00edg m\u00e1snap be nem \u00e9rt\u00fcnk a k\u00f3rh\u00e1zba.) Csak egy probl\u00e9ma van, nagy sok helyet foglal. Ezt \u00fagy oldottam meg, hogy amennyire sz\u00fcks\u00e9gem volt, azt betekertem egy m\u0171anyag k\u00e1rtya k\u00f6r\u00e9, ami a sok haszontalan h\u0171s\u00e9gk\u00e1rtya egyike, ilyet biztosan te is hordasz a p\u00e9nzt\u00e1rc\u00e1dban. A k\u00e1rtya id\u0151r\u0151l id\u0151re hasznos is lehet!<\/p>\n<p><a href=\"https:\/\/d2p6e6u75xmxt8.cloudfront.net\/2\/2021\/01\/Tape.jpg\"><img loading=\"lazy\" decoding=\"async\" class=\"alignnone size-large wp-image-10098\" src=\"https:\/\/d2p6e6u75xmxt8.cloudfront.net\/12\/2021\/02\/Tape-1024x370.jpg\" alt=\"Duct tape\" width=\"1024\" height=\"370\" srcset=\"https:\/\/d2p6e6u75xmxt8.cloudfront.net\/12\/2021\/02\/Tape-1024x370.jpg 1024w, https:\/\/d2p6e6u75xmxt8.cloudfront.net\/12\/2021\/02\/Tape-300x108.jpg 300w, https:\/\/d2p6e6u75xmxt8.cloudfront.net\/12\/2021\/02\/Tape-768x278.jpg 768w, https:\/\/d2p6e6u75xmxt8.cloudfront.net\/12\/2021\/02\/Tape.jpg 1500w\" sizes=\"auto, (max-width: 1024px) 100vw, 1024px\" \/><\/a><\/p>\n<p>Legut\u00f3bb ezt haszn\u00e1ltam a gumiabroncs jav\u00edt\u00e1s\u00e1hoz. El\u00e9gg\u00e9 megv\u00e1gta egy \u00e9les kavics, ki is j\u00f6tt a bels\u0151 cs\u0151, \u00edgy a k\u00e1rty\u00e1t a cs\u0151 \u00e9s a gumiabroncs k\u00f6z\u00e9 tettem, \u00edgy k\u00f6nnyed\u00e9n eljuthattam a legk\u00f6zelebbi ker\u00e9kp\u00e1r\u00fczletig.<\/p>\n<h2><strong>Egy pap\u00edr, rajta a 3 legfontosabb telefonsz\u00e1mmal<\/strong><\/h2>\n<p>Nagyon hasznosnak \u00e9s megnyugtat\u00f3nak tartom, ha van n\u00e1lam egy darab pap\u00edr, amire a h\u00e1rom legfontosabb telefonsz\u00e1m van fel\u00edrva. Ha elvesz\u00edtem a telefonom vagy lemer\u00fcl az akkumul\u00e1tor, nehezen eml\u00e9kszem fejb\u0151l a telefonsz\u00e1mokra. Mivel n\u00e1lam van egy darab pap\u00edr, tollat \u200b\u200bis viszek, h\u00e1tha jegyzetet kell \u00edrnom vagy t\u00e9rk\u00e9pet kell rajzolnom.<\/p>\n<h2><strong>1 darab energiaszelet \/ zsel\u00e9<\/strong><\/h2>\n<p>Az egyik legnagyobb f\u00e9lelmem a bikepacking \u00e9s \u00e1ltal\u00e1ban a bicikliz\u00e9s ter\u00e9n, hogy elfogy az energi\u00e1m. Sajnos azon emberek k\u00f6z\u00e9 tartozom, akik \u00f6sszeomlanak \u00e9s elgyeng\u00fclnek, amikor leesik a cukruk. Sokszor t\u00f6rt\u00e9nt m\u00e1r meg ez velem. Ez\u00e9rt mindig viszek egy kis energiaszeletet a biciklis pakkomban. Nem megyek sehova en\u00e9lk\u00fcl a v\u00e9d\u0151h\u00e1l\u00f3m n\u00e9lk\u00fcl.<\/p>\n<h2><strong>Powerbank r\u00f6vid k\u00e1bellel<\/strong><\/h2>\n<p>Utaz\u00e1skor egy nagy, er\u0151s powerbanket viszek magammal, mivel sz\u00e1mos dolgot fel kell t\u00f6ltenem: a Garmin \u00f3r\u00e1mat, a Garmin navig\u00e1ci\u00f3s k\u00e9sz\u00fcl\u00e9kemet, a mobiltelefont, a l\u00e1mp\u00e1kat, a f\u00e9nyk\u00e9pez\u0151g\u00e9peket stb.<\/p>\n<p>&nbsp;<\/p>\n<p><a href=\"https:\/\/d2p6e6u75xmxt8.cloudfront.net\/12\/2021\/02\/small-power-bank.jpg\"><img loading=\"lazy\" decoding=\"async\" class=\"alignnone size-full wp-image-10099\" src=\"https:\/\/d2p6e6u75xmxt8.cloudfront.net\/12\/2021\/02\/small-power-bank.jpg\" alt=\"Power bank\" width=\"500\" height=\"350\" srcset=\"https:\/\/d2p6e6u75xmxt8.cloudfront.net\/12\/2021\/02\/small-power-bank.jpg 500w, https:\/\/d2p6e6u75xmxt8.cloudfront.net\/12\/2021\/02\/small-power-bank-300x210.jpg 300w\" sizes=\"auto, (max-width: 500px) 100vw, 500px\" \/><\/a><\/p>\n<h2><strong>Schrader-Presta szelep adapter<\/strong><\/h2>\n<p>\u00c9letemben egyszer fordult el\u0151 velem, de az b\u0151ven el\u00e9g is volt. \u00c9szak-Eur\u00f3p\u00e1ban voltam bikepackingen \u00e9s \u00e9szrevettem, hogy elt\u00f6rt a szivatty\u00fam. N\u00e9h\u00e1ny kilom\u00e9teren \u00e1t toltam a biciklimet, v\u00e9g\u00fcl eljutottam egy benzink\u00fatig. Az\u00f3ta a t\u00e1sk\u00e1m alapvet\u0151 kell\u00e9kek\u00e9nt viszek magammal Schrader-Presta adaptert.<\/p>\n<p><a href=\"https:\/\/d2p6e6u75xmxt8.cloudfront.net\/12\/2021\/02\/adapter-presta.jpg\"><img loading=\"lazy\" decoding=\"async\" class=\"alignnone size-full wp-image-10100\" src=\"https:\/\/d2p6e6u75xmxt8.cloudfront.net\/12\/2021\/02\/adapter-presta.jpg\" alt=\"Presta adapter\" width=\"580\" height=\"580\" srcset=\"https:\/\/d2p6e6u75xmxt8.cloudfront.net\/12\/2021\/02\/adapter-presta.jpg 580w, https:\/\/d2p6e6u75xmxt8.cloudfront.net\/12\/2021\/02\/adapter-presta-300x300.jpg 300w, https:\/\/d2p6e6u75xmxt8.cloudfront.net\/12\/2021\/02\/adapter-presta-150x150.jpg 150w\" sizes=\"auto, (max-width: 580px) 100vw, 580px\" \/><\/a><\/p>\n<h2><strong>Dokumentumok m\u00e1solatai<\/strong><\/h2>\n<p>V\u00e9g\u00fcl, de nem utols\u00f3sorban, nem \u00e1rt m\u00e1solatokat k\u00e9sz\u00edteni a fontos dokumentumokb\u00f3l. K\u00f6nny\u0171 elpakolni, \u00e9s bizonyos helyzetekben nagyon hasznosak lehetnek, p\u00e9ld\u00e1ul ha elvesz\u00edted a p\u00e9nzt\u00e1rc\u00e1dat, vagy ha valamit b\u00e9relned kell.<\/p>\n<h2><strong>Extra \u00f6tlet: f\u00e9nysz\u00f3r\u00f3<\/strong><strong>\u00a0<\/strong><\/h2>\n<p>N\u00e9ha viszek magammal egy kis f\u00e9nysz\u00f3r\u00f3t is. Aj\u00e1nd\u00e9kba kaptam egy olyat, ami csak 70 grammot nyom az akkumul\u00e1torral egy\u00fctt, de ennek ellen\u00e9re el\u00e9g er\u0151s. Nincs mindig n\u00e1lam, de amikor elmegyek n\u00e9h\u00e1ny napra, ezt is elpakolom. Elf\u00e9r a szersz\u00e1mt\u00e1sk\u00e1ban, \u00edgy nincs vele gond. Fontos, hogy olyan akkumul\u00e1tort szerezz be, ami USB-vel t\u00f6lthet\u0151, \u00edgy haszn\u00e1lhatod a powerbankedet!<\/p>\n","protected":false},"excerpt":{"rendered":"<p>Van egy dolog, ami mindig velem van: egy csomag, amiben a n\u00e9lk\u00fcl\u00f6zhetetlen dolgaimat t\u00e1rolom. Szem\u00e9lyes gy\u0171jtem\u00e9nyemben minden megtal\u00e1lhat\u00f3, ami hasznos [&hellip;]<\/p>\n","protected":false},"author":71,"featured_media":10102,"comment_status":"closed","ping_status":"closed","sticky":false,"template":"","format":"standard","meta":{"footnotes":""},"categories":[7],"tags":[],"global-categories":[],"class_list":["post-10093","post","type-post","status-publish","format-standard","has-post-thumbnail","hentry","category-trekking-mtb"],"yoast_head":"<!-- This site is optimized with the Yoast SEO Premium plugin v25.3 (Yoast SEO v25.9) - https:\/\/yoast.com\/wordpress\/plugins\/seo\/ -->\n<title>Bikepacking-tippek: Alapkell\u00e9kek egy kalandos biciklit\u00far\u00e1hoz<\/title>\n<meta name=\"description\" content=\"Van egy dolog, ami mindig velem van: egy csomag, amiben a n\u00e9lk\u00fcl\u00f6zhetetlen dolgaimat t\u00e1rolom.\" \/>\n<meta name=\"robots\" content=\"index, follow, max-snippet:-1, max-image-preview:large, max-video-preview:-1\" \/>\n<link rel=\"canonical\" href=\"https:\/\/www.welovecycling.com\/hu\/trekking-mtb\/bikepacking-tippek-alapkellekek-egy-kalandos-bicikliturahoz\/\" \/>\n<meta property=\"og:locale\" content=\"hu_HU\" \/>\n<meta property=\"og:type\" content=\"article\" \/>\n<meta property=\"og:title\" content=\"Bikepacking-tippek: Alapkell\u00e9kek egy kalandos biciklit\u00far\u00e1hoz\" \/>\n<meta property=\"og:description\" content=\"Van egy dolog, ami mindig velem van: egy csomag, amiben a n\u00e9lk\u00fcl\u00f6zhetetlen dolgaimat t\u00e1rolom.\" \/>\n<meta property=\"og:url\" content=\"https:\/\/www.welovecycling.com\/hu\/trekking-mtb\/bikepacking-tippek-alapkellekek-egy-kalandos-bicikliturahoz\/\" \/>\n<meta property=\"og:site_name\" content=\"\u0160koda We Love Cycling - Magyarorsz\u00e1g\" \/>\n<meta property=\"article:publisher\" content=\"https:\/\/www.facebook.com\/WeLoveCyclingHungary\/\" \/>\n<meta property=\"article:published_time\" content=\"2021-02-11T07:00:30+00:00\" \/>\n<meta property=\"og:image\" content=\"https:\/\/d2p6e6u75xmxt8.cloudfront.net\/12\/2021\/02\/Bikepacking-pexels-marek-piwnicki-5951884-CVR.jpg\" \/>\n\t<meta property=\"og:image:width\" content=\"1366\" \/>\n\t<meta property=\"og:image:height\" content=\"600\" \/>\n\t<meta property=\"og:image:type\" content=\"image\/jpeg\" \/>\n<meta name=\"author\" content=\"hegyizs\" \/>\n<meta name=\"twitter:card\" content=\"summary_large_image\" \/>\n<meta name=\"twitter:label1\" content=\"Written by\" \/>\n\t<meta name=\"twitter:data1\" content=\"Filippo Mari\" \/>\n\t<meta name=\"twitter:label2\" content=\"Est. reading time\" \/>\n\t<meta name=\"twitter:data2\" content=\"7\" \/>\n<script type=\"application\/ld+json\" class=\"yoast-schema-graph\">{\"@context\":\"https:\/\/schema.org\",\"@graph\":[{\"@type\":\"WebPage\",\"@id\":\"https:\/\/www.welovecycling.com\/hu\/trekking-mtb\/bikepacking-tippek-alapkellekek-egy-kalandos-bicikliturahoz\/\",\"url\":\"https:\/\/www.welovecycling.com\/hu\/trekking-mtb\/bikepacking-tippek-alapkellekek-egy-kalandos-bicikliturahoz\/\",\"name\":\"Bikepacking-tippek: Alapkell\u00e9kek egy kalandos biciklit\u00far\u00e1hoz\",\"isPartOf\":{\"@id\":\"https:\/\/www.welovecycling.com\/hu\/#website\"},\"primaryImageOfPage\":{\"@id\":\"https:\/\/www.welovecycling.com\/hu\/trekking-mtb\/bikepacking-tippek-alapkellekek-egy-kalandos-bicikliturahoz\/#primaryimage\"},\"image\":{\"@id\":\"https:\/\/www.welovecycling.com\/hu\/trekking-mtb\/bikepacking-tippek-alapkellekek-egy-kalandos-bicikliturahoz\/#primaryimage\"},\"thumbnailUrl\":\"https:\/\/d2p6e6u75xmxt8.cloudfront.net\/12\/2021\/02\/Bikepacking-pexels-marek-piwnicki-5951884-CVR.jpg\",\"datePublished\":\"2021-02-11T07:00:30+00:00\",\"author\":{\"@id\":\"https:\/\/www.welovecycling.com\/hu\/#\/schema\/person\/414a2aebf1801691a5320edb6468e194\"},\"description\":\"Van egy dolog, ami mindig velem van: egy csomag, amiben a n\u00e9lk\u00fcl\u00f6zhetetlen dolgaimat t\u00e1rolom.\",\"breadcrumb\":{\"@id\":\"https:\/\/www.welovecycling.com\/hu\/trekking-mtb\/bikepacking-tippek-alapkellekek-egy-kalandos-bicikliturahoz\/#breadcrumb\"},\"inLanguage\":\"hu\",\"potentialAction\":[{\"@type\":\"ReadAction\",\"target\":[\"https:\/\/www.welovecycling.com\/hu\/trekking-mtb\/bikepacking-tippek-alapkellekek-egy-kalandos-bicikliturahoz\/\"]}]},{\"@type\":\"ImageObject\",\"inLanguage\":\"hu\",\"@id\":\"https:\/\/www.welovecycling.com\/hu\/trekking-mtb\/bikepacking-tippek-alapkellekek-egy-kalandos-bicikliturahoz\/#primaryimage\",\"url\":\"https:\/\/d2p6e6u75xmxt8.cloudfront.net\/12\/2021\/02\/Bikepacking-pexels-marek-piwnicki-5951884-CVR.jpg\",\"contentUrl\":\"https:\/\/d2p6e6u75xmxt8.cloudfront.net\/12\/2021\/02\/Bikepacking-pexels-marek-piwnicki-5951884-CVR.jpg\",\"width\":1366,\"height\":600,\"caption\":\"Bikepacking bicycle\"},{\"@type\":\"BreadcrumbList\",\"@id\":\"https:\/\/www.welovecycling.com\/hu\/trekking-mtb\/bikepacking-tippek-alapkellekek-egy-kalandos-bicikliturahoz\/#breadcrumb\",\"itemListElement\":[{\"@type\":\"ListItem\",\"position\":1,\"name\":\"Home\",\"item\":\"https:\/\/www.welovecycling.com\/hu\/\"},{\"@type\":\"ListItem\",\"position\":2,\"name\":\"Bikepacking-tippek: Alapkell\u00e9kek egy kalandos biciklit\u00far\u00e1hoz\"}]},{\"@type\":\"WebSite\",\"@id\":\"https:\/\/www.welovecycling.com\/hu\/#website\",\"url\":\"https:\/\/www.welovecycling.com\/hu\/\",\"name\":\"\u0160koda We Love Cycling - Magyarorsz\u00e1g\",\"description\":\"\u0160koda WeLoveCycling\",\"potentialAction\":[{\"@type\":\"SearchAction\",\"target\":{\"@type\":\"EntryPoint\",\"urlTemplate\":\"https:\/\/www.welovecycling.com\/hu\/?s={search_term_string}\"},\"query-input\":{\"@type\":\"PropertyValueSpecification\",\"valueRequired\":true,\"valueName\":\"search_term_string\"}}],\"inLanguage\":\"hu\"},{\"@type\":\"Person\",\"@id\":\"https:\/\/www.welovecycling.com\/hu\/#\/schema\/person\/414a2aebf1801691a5320edb6468e194\",\"name\":\"hegyizs\",\"image\":{\"@type\":\"ImageObject\",\"inLanguage\":\"hu\",\"@id\":\"https:\/\/www.welovecycling.com\/hu\/#\/schema\/person\/image\/\",\"url\":\"https:\/\/secure.gravatar.com\/avatar\/02cf8a7906b8cf90cecb4679defac7cfd33a1c2e3b88e4903d947f3bb58eedd3?s=96&d=mm&r=g\",\"contentUrl\":\"https:\/\/secure.gravatar.com\/avatar\/02cf8a7906b8cf90cecb4679defac7cfd33a1c2e3b88e4903d947f3bb58eedd3?s=96&d=mm&r=g\",\"caption\":\"hegyizs\"},\"url\":\"https:\/\/www.welovecycling.com\/hu\/author\/hegyizs\/\"}]}<\/script>\n<!-- \/ Yoast SEO Premium plugin. -->","yoast_head_json":{"title":"Bikepacking-tippek: Alapkell\u00e9kek egy kalandos biciklit\u00far\u00e1hoz","description":"Van egy dolog, ami mindig velem van: egy csomag, amiben a n\u00e9lk\u00fcl\u00f6zhetetlen dolgaimat t\u00e1rolom.","robots":{"index":"index","follow":"follow","max-snippet":"max-snippet:-1","max-image-preview":"max-image-preview:large","max-video-preview":"max-video-preview:-1"},"canonical":"https:\/\/www.welovecycling.com\/hu\/trekking-mtb\/bikepacking-tippek-alapkellekek-egy-kalandos-bicikliturahoz\/","og_locale":"hu_HU","og_type":"article","og_title":"Bikepacking-tippek: Alapkell\u00e9kek egy kalandos biciklit\u00far\u00e1hoz","og_description":"Van egy dolog, ami mindig velem van: egy csomag, amiben a n\u00e9lk\u00fcl\u00f6zhetetlen dolgaimat t\u00e1rolom.","og_url":"https:\/\/www.welovecycling.com\/hu\/trekking-mtb\/bikepacking-tippek-alapkellekek-egy-kalandos-bicikliturahoz\/","og_site_name":"\u0160koda We Love Cycling - Magyarorsz\u00e1g","article_publisher":"https:\/\/www.facebook.com\/WeLoveCyclingHungary\/","article_published_time":"2021-02-11T07:00:30+00:00","og_image":[{"width":1366,"height":600,"url":"https:\/\/d2p6e6u75xmxt8.cloudfront.net\/12\/2021\/02\/Bikepacking-pexels-marek-piwnicki-5951884-CVR.jpg","type":"image\/jpeg"}],"author":"hegyizs","twitter_card":"summary_large_image","twitter_misc":{"Written by":"Filippo Mari","Est. reading time":"7"},"schema":{"@context":"https:\/\/schema.org","@graph":[{"@type":"WebPage","@id":"https:\/\/www.welovecycling.com\/hu\/trekking-mtb\/bikepacking-tippek-alapkellekek-egy-kalandos-bicikliturahoz\/","url":"https:\/\/www.welovecycling.com\/hu\/trekking-mtb\/bikepacking-tippek-alapkellekek-egy-kalandos-bicikliturahoz\/","name":"Bikepacking-tippek: Alapkell\u00e9kek egy kalandos biciklit\u00far\u00e1hoz","isPartOf":{"@id":"https:\/\/www.welovecycling.com\/hu\/#website"},"primaryImageOfPage":{"@id":"https:\/\/www.welovecycling.com\/hu\/trekking-mtb\/bikepacking-tippek-alapkellekek-egy-kalandos-bicikliturahoz\/#primaryimage"},"image":{"@id":"https:\/\/www.welovecycling.com\/hu\/trekking-mtb\/bikepacking-tippek-alapkellekek-egy-kalandos-bicikliturahoz\/#primaryimage"},"thumbnailUrl":"https:\/\/d2p6e6u75xmxt8.cloudfront.net\/12\/2021\/02\/Bikepacking-pexels-marek-piwnicki-5951884-CVR.jpg","datePublished":"2021-02-11T07:00:30+00:00","author":{"@id":"https:\/\/www.welovecycling.com\/hu\/#\/schema\/person\/414a2aebf1801691a5320edb6468e194"},"description":"Van egy dolog, ami mindig velem van: egy csomag, amiben a n\u00e9lk\u00fcl\u00f6zhetetlen dolgaimat t\u00e1rolom.","breadcrumb":{"@id":"https:\/\/www.welovecycling.com\/hu\/trekking-mtb\/bikepacking-tippek-alapkellekek-egy-kalandos-bicikliturahoz\/#breadcrumb"},"inLanguage":"hu","potentialAction":[{"@type":"ReadAction","target":["https:\/\/www.welovecycling.com\/hu\/trekking-mtb\/bikepacking-tippek-alapkellekek-egy-kalandos-bicikliturahoz\/"]}]},{"@type":"ImageObject","inLanguage":"hu","@id":"https:\/\/www.welovecycling.com\/hu\/trekking-mtb\/bikepacking-tippek-alapkellekek-egy-kalandos-bicikliturahoz\/#primaryimage","url":"https:\/\/d2p6e6u75xmxt8.cloudfront.net\/12\/2021\/02\/Bikepacking-pexels-marek-piwnicki-5951884-CVR.jpg","contentUrl":"https:\/\/d2p6e6u75xmxt8.cloudfront.net\/12\/2021\/02\/Bikepacking-pexels-marek-piwnicki-5951884-CVR.jpg","width":1366,"height":600,"caption":"Bikepacking bicycle"},{"@type":"BreadcrumbList","@id":"https:\/\/www.welovecycling.com\/hu\/trekking-mtb\/bikepacking-tippek-alapkellekek-egy-kalandos-bicikliturahoz\/#breadcrumb","itemListElement":[{"@type":"ListItem","position":1,"name":"Home","item":"https:\/\/www.welovecycling.com\/hu\/"},{"@type":"ListItem","position":2,"name":"Bikepacking-tippek: Alapkell\u00e9kek egy kalandos biciklit\u00far\u00e1hoz"}]},{"@type":"WebSite","@id":"https:\/\/www.welovecycling.com\/hu\/#website","url":"https:\/\/www.welovecycling.com\/hu\/","name":"\u0160koda We Love Cycling - Magyarorsz\u00e1g","description":"\u0160koda WeLoveCycling","potentialAction":[{"@type":"SearchAction","target":{"@type":"EntryPoint","urlTemplate":"https:\/\/www.welovecycling.com\/hu\/?s={search_term_string}"},"query-input":{"@type":"PropertyValueSpecification","valueRequired":true,"valueName":"search_term_string"}}],"inLanguage":"hu"},{"@type":"Person","@id":"https:\/\/www.welovecycling.com\/hu\/#\/schema\/person\/414a2aebf1801691a5320edb6468e194","name":"hegyizs","image":{"@type":"ImageObject","inLanguage":"hu","@id":"https:\/\/www.welovecycling.com\/hu\/#\/schema\/person\/image\/","url":"https:\/\/secure.gravatar.com\/avatar\/02cf8a7906b8cf90cecb4679defac7cfd33a1c2e3b88e4903d947f3bb58eedd3?s=96&d=mm&r=g","contentUrl":"https:\/\/secure.gravatar.com\/avatar\/02cf8a7906b8cf90cecb4679defac7cfd33a1c2e3b88e4903d947f3bb58eedd3?s=96&d=mm&r=g","caption":"hegyizs"},"url":"https:\/\/www.welovecycling.com\/hu\/author\/hegyizs\/"}]}},"_links":{"self":[{"href":"https:\/\/www.welovecycling.com\/hu\/wp-json\/wp\/v2\/posts\/10093","targetHints":{"allow":["GET"]}}],"collection":[{"href":"https:\/\/www.welovecycling.com\/hu\/wp-json\/wp\/v2\/posts"}],"about":[{"href":"https:\/\/www.welovecycling.com\/hu\/wp-json\/wp\/v2\/types\/post"}],"author":[{"embeddable":true,"href":"https:\/\/www.welovecycling.com\/hu\/wp-json\/wp\/v2\/users\/71"}],"replies":[{"embeddable":true,"href":"https:\/\/www.welovecycling.com\/hu\/wp-json\/wp\/v2\/comments?post=10093"}],"version-history":[{"count":2,"href":"https:\/\/www.welovecycling.com\/hu\/wp-json\/wp\/v2\/posts\/10093\/revisions"}],"predecessor-version":[{"id":10106,"href":"https:\/\/www.welovecycling.com\/hu\/wp-json\/wp\/v2\/posts\/10093\/revisions\/10106"}],"wp:featuredmedia":[{"embeddable":true,"href":"https:\/\/www.welovecycling.com\/hu\/wp-json\/wp\/v2\/media\/10102"}],"wp:attachment":[{"href":"https:\/\/www.welovecycling.com\/hu\/wp-json\/wp\/v2\/media?parent=10093"}],"wp:term":[{"taxonomy":"category","embeddable":true,"href":"https:\/\/www.welovecycling.com\/hu\/wp-json\/wp\/v2\/categories?post=10093"},{"taxonomy":"post_tag","embeddable":true,"href":"https:\/\/www.welovecycling.com\/hu\/wp-json\/wp\/v2\/tags?post=10093"},{"taxonomy":"global-categories","embeddable":true,"href":"https:\/\/www.welovecycling.com\/hu\/wp-json\/wp\/v2\/global-categories?post=10093"}],"curies":[{"name":"wp","href":"https:\/\/api.w.org\/{rel}","templated":true}]}}