{"id":10085,"date":"2021-02-12T08:00:42","date_gmt":"2021-02-12T07:00:42","guid":{"rendered":"https:\/\/www.welovecycling.com\/hu\/?p=10085"},"modified":"2021-02-06T10:32:34","modified_gmt":"2021-02-06T09:32:34","slug":"az-oruletbe-kerget-az-etrend-tervezes","status":"publish","type":"post","link":"https:\/\/www.welovecycling.com\/hu\/edzes-es-eletmod\/az-oruletbe-kerget-az-etrend-tervezes\/","title":{"rendered":"Az \u0151r\u00fcletbe kerget az \u00e9trend-tervez\u00e9s!"},"content":{"rendered":"<p><strong>Olyan egyszer\u0171 lenne fogy\u00f3k\u00far\u00e1zni, ha minden egyes \u00e9tkez\u00e9sn\u00e9l rendelkez\u00e9sre \u00e1llna egy szem\u00e9lyi szak\u00e1cs! Sajnos azonban legt\u00f6bb\u00fcnknek f\u0151znie kell, ha meleg \u00e9telt akarunk enni, \u00e9s ez bizony alapos tervez\u00e9st ig\u00e9nyel. Ez a folyamat pedig v\u00edzv\u00e1laszt\u00f3 lehet a di\u00e9ta betart\u00e1sa \u00e9s felad\u00e1sa k\u00f6z\u00f6tt. L\u00e1ssuk, mi\u00e9rt olyan neh\u00e9z a tervez\u00e9s \u00e9s hogyan lehet megk\u00f6nny\u00edteni!<\/strong><br \/>\n<!--more--><\/p>\n<h2><strong>A tervez\u00e9s ijeszt\u0151nek t\u0171nhet<\/strong><\/h2>\n<p>Az \u00e9tkez\u00e9sek megtervez\u00e9se t\u00fal sok munk\u00e1nak t\u0171nhet, olyannak, amit csak a szak\u00e1csok vagy a profi sportol\u00f3k tudnak megcsin\u00e1lni. Bev\u00e1s\u00e1rolni vas\u00e1rnap, f\u0151zni \u00e9s az egyes adagokat kis adagokban elcsomagolni a k\u00f6vetkez\u0151 h\u00e9tre: valljuk be, a legt\u00f6bb ember sz\u00e1m\u00e1ra ez nem t\u0171nik re\u00e1lis c\u00e9lnak. De ez egy nagyon extr\u00e9m p\u00e9lda! L\u00e9teznek m\u00e1s, gyorsabb m\u00f3dszerek is, amik nem ig\u00e9nyelnek annyi id\u0151t, m\u00e9gis hatalmas seg\u00edts\u00e9get ny\u00fajtanak.<\/p>\n<figure id=\"attachment_10086\" aria-describedby=\"caption-attachment-10086\" style=\"width: 1024px\" class=\"wp-caption alignnone\"><a href=\"https:\/\/d2p6e6u75xmxt8.cloudfront.net\/2\/2021\/01\/Vacuum-sealed-beans-profimedia-0570807107.jpg\"><img loading=\"lazy\" decoding=\"async\" class=\"size-large wp-image-10086\" src=\"https:\/\/d2p6e6u75xmxt8.cloudfront.net\/12\/2021\/02\/Vacuum-sealed-beans-profimedia-0570807107-1024x682.jpg\" alt=\"Vacuum sealed beans\" width=\"1024\" height=\"682\" srcset=\"https:\/\/d2p6e6u75xmxt8.cloudfront.net\/12\/2021\/02\/Vacuum-sealed-beans-profimedia-0570807107-1024x682.jpg 1024w, https:\/\/d2p6e6u75xmxt8.cloudfront.net\/12\/2021\/02\/Vacuum-sealed-beans-profimedia-0570807107-300x200.jpg 300w, https:\/\/d2p6e6u75xmxt8.cloudfront.net\/12\/2021\/02\/Vacuum-sealed-beans-profimedia-0570807107-768x511.jpg 768w, https:\/\/d2p6e6u75xmxt8.cloudfront.net\/12\/2021\/02\/Vacuum-sealed-beans-profimedia-0570807107-272x182.jpg 272w, https:\/\/d2p6e6u75xmxt8.cloudfront.net\/12\/2021\/02\/Vacuum-sealed-beans-profimedia-0570807107.jpg 1250w\" sizes=\"auto, (max-width: 1024px) 100vw, 1024px\" \/><\/a><figcaption id=\"caption-attachment-10086\" class=\"wp-caption-text\"><em>Egy \u00e1tlagos ember sz\u00e1m\u00e1ra az \u00e9telek v\u00e1kuumos csomagol\u00e1sa szinte lehetetlennek t\u0171nhet. \u00a9 Profimedia<\/em><\/figcaption><\/figure>\n<h2><strong>K\u00f6nny\u00edtsd meg magadnak!<\/strong><\/h2>\n<p>Van n\u00e9h\u00e1ny dolog, amivel megk\u00f6nny\u00edtheted a j\u00f6v\u0151beli tervez\u00e9seidet. Olvasd el az al\u00e1bbi tippeket \u00e9s d\u00f6ntsd el, melyik v\u00e1lna be neked! Akkor is lehet tervezni, ha nagyon kev\u00e9s id\u0151 \u00e1ll rendelkez\u00e9sedre, csup\u00e1n megfelel\u0151 gondolkod\u00e1sm\u00f3d \u00e9s felszerel\u00e9s kell hozz\u00e1.<\/p>\n<h2><strong>Kezdd kis l\u00e9p\u00e9sekkel<\/strong><\/h2>\n<p>Ha csak 5 percet t\u00f6ltesz el vele, m\u00e1r az is sokkal jobb, mintha egy\u00e1ltal\u00e1n nem tervezn\u00e9l. Kezdd egy nagy \u00e9tkez\u00e9s megtervez\u00e9s\u00e9vel, amit a h\u00e9tv\u00e9g\u00e9n fogsz elk\u00e9sz\u00edteni. K\u00e9sz\u00edts nagyobb adagot, az nem ig\u00e9nyel sokkal t\u00f6bb id\u0151t vagy er\u0151fesz\u00edt\u00e9st \u00e9s p\u00e1r napra le lesz a gond a f\u0151z\u00e9sr\u0151l! A sikeres kezd\u00e9s arra \u00f6szt\u00f6n\u00f6zhet, hogy a k\u00f6vetkez\u0151 h\u00e9ten m\u00e9g jobban belevesd magad a tervez\u00e9sbe.<\/p>\n<h2><strong>Sz\u00e1raz \u00e1ruk<\/strong><\/h2>\n<figure id=\"attachment_10087\" aria-describedby=\"caption-attachment-10087\" style=\"width: 1024px\" class=\"wp-caption alignnone\"><a href=\"https:\/\/d2p6e6u75xmxt8.cloudfront.net\/2\/2021\/01\/Dry-goods-profimedia-0565306445.jpg\"><img loading=\"lazy\" decoding=\"async\" class=\"wp-image-10087 size-large\" src=\"https:\/\/d2p6e6u75xmxt8.cloudfront.net\/12\/2021\/02\/Dry-goods-profimedia-0565306445-1024x682.jpg\" alt=\"Dried goods\" width=\"1024\" height=\"682\" srcset=\"https:\/\/d2p6e6u75xmxt8.cloudfront.net\/12\/2021\/02\/Dry-goods-profimedia-0565306445-1024x682.jpg 1024w, https:\/\/d2p6e6u75xmxt8.cloudfront.net\/12\/2021\/02\/Dry-goods-profimedia-0565306445-300x200.jpg 300w, https:\/\/d2p6e6u75xmxt8.cloudfront.net\/12\/2021\/02\/Dry-goods-profimedia-0565306445-768x512.jpg 768w, https:\/\/d2p6e6u75xmxt8.cloudfront.net\/12\/2021\/02\/Dry-goods-profimedia-0565306445-272x182.jpg 272w, https:\/\/d2p6e6u75xmxt8.cloudfront.net\/12\/2021\/02\/Dry-goods-profimedia-0565306445.jpg 1250w\" sizes=\"auto, (max-width: 1024px) 100vw, 1024px\" \/><\/a><figcaption id=\"caption-attachment-10087\" class=\"wp-caption-text\"><em>Neked fel van t\u00f6ltve a kamr\u00e1d? \u00a9 Profimedia<\/em><\/figcaption><\/figure>\n<p>Sokkal k\u00f6nnyebbnek t\u0171nik a tervez\u00e9s, ha tudod, hogy minden sz\u00fcks\u00e9ges dolog megtal\u00e1lhat\u00f3 a kamr\u00e1ban. K\u00e9sz\u00edts list\u00e1t az \u00f6sszes sz\u00e1r\u00edtott term\u00e9kr\u0151l, amit hossz\u00fa ideig t\u00e1rolhatsz \u00e9s hozz l\u00e9tre egy k\u00e9sz \u00e9l\u00e9skamr\u00e1t otthon! Kezdd p\u00e9ld\u00e1ul ezekkel:<\/p>\n<ul>\n<li>\u00cdzes\u00edt\u00e9shez: gy\u00f3gyn\u00f6v\u00e9nyek, f\u0171szerek, ecet, sz\u00f3jasz\u00f3sz, must\u00e1r<\/li>\n<li>S\u00fct\u00e9shez: s\u00fct\u0151por, sz\u00f3dabikarb\u00f3na, liszt, olajok<\/li>\n<li>K\u00f6retek: rizs, quinoa, zab, bulgur, t\u00e9szta, polenta<\/li>\n<li>H\u00fcvelyesek: konzerv vagy sz\u00e1r\u00edtott bab, bors\u00f3, lencse, csicseribors\u00f3<\/li>\n<li>Z\u00f6lds\u00e9gkonzervek: paradicsom, artics\u00f3ka, olajbogy\u00f3, kukorica, savany\u00fas\u00e1g, alga<\/li>\n<li>\u00c1llati konzervek: tonhal, lazac, szard\u00ednia, csirke, marhah\u00fas<\/li>\n<li>Di\u00f3f\u00e9l\u00e9k, magvak, vaj, sz\u00e1r\u00edtott gy\u00fcm\u00f6lcs, \u00e9tcsokol\u00e1d\u00e9<\/li>\n<\/ul>\n<p>Ezt a v\u00e1s\u00e1rl\u00e1st el\u00e9g csak egyszer megtenned egy \u00e9vben. Hidd el, ezut\u00e1n sokkal r\u00f6videbb lesz a bev\u00e1s\u00e1rl\u00f3list\u00e1d!<\/p>\n<h2><strong>K\u00e9sz\u00edts bev\u00e1s\u00e1rl\u00f3list\u00e1t a friss term\u00e9kekr\u0151l<\/strong><\/h2>\n<figure id=\"attachment_10088\" aria-describedby=\"caption-attachment-10088\" style=\"width: 1024px\" class=\"wp-caption alignnone\"><a href=\"https:\/\/d2p6e6u75xmxt8.cloudfront.net\/2\/2021\/01\/Vegetables-profimedia-0346825394.jpg\"><img loading=\"lazy\" decoding=\"async\" class=\"wp-image-10088 size-large\" src=\"https:\/\/d2p6e6u75xmxt8.cloudfront.net\/12\/2021\/02\/Vegetables-profimedia-0346825394-1024x715.jpg\" alt=\"Vegetables\" width=\"1024\" height=\"715\" srcset=\"https:\/\/d2p6e6u75xmxt8.cloudfront.net\/12\/2021\/02\/Vegetables-profimedia-0346825394-1024x715.jpg 1024w, https:\/\/d2p6e6u75xmxt8.cloudfront.net\/12\/2021\/02\/Vegetables-profimedia-0346825394-300x210.jpg 300w, https:\/\/d2p6e6u75xmxt8.cloudfront.net\/12\/2021\/02\/Vegetables-profimedia-0346825394-768x536.jpg 768w, https:\/\/d2p6e6u75xmxt8.cloudfront.net\/12\/2021\/02\/Vegetables-profimedia-0346825394.jpg 1250w\" sizes=\"auto, (max-width: 1024px) 100vw, 1024px\" \/><\/a><figcaption id=\"caption-attachment-10088\" class=\"wp-caption-text\"><em>L\u00e1togasd meg a termel\u0151i piacot! \u00a9 Profimedia<\/em><\/figcaption><\/figure>\n<p>Most, hogy megvan minden olyan sz\u00e1raz \u00f6sszetev\u0151, amire valaha sz\u00fcks\u00e9ged lehet, itt az id\u0151, hogy beszerezd a friss term\u00e9keket. Nem kell m\u00e1s, csak friss gy\u00fcm\u00f6lcs, z\u00f6lds\u00e9g, valamint h\u00fas- \u00e9s tejterm\u00e9kek, \u00e9s m\u00e1r meg is vagy. Ez seg\u00edt elker\u00fclni a boltban val\u00f3 k\u00f3borl\u00e1st \u00e9s az \u00f3cska \u00e9lelmiszerek megv\u00e1s\u00e1rl\u00e1s\u00e1t. V\u00e1s\u00e1rolhatsz recept alapj\u00e1n vagy kiv\u00e1laszthatod a legjobb term\u00e9keket, amik alapj\u00e1n eld\u00f6nt\u00f6d, mit f\u0151z\u00f6l.<\/p>\n<h2><strong>Szerezd be a megfelel\u0151 felszerel\u00e9st<\/strong><\/h2>\n<p>Most m\u00e1r k\u00e9szen is \u00e1llsz az \u00e9tkez\u00e9s megtervez\u00e9s\u00e9re. Ragaszkodhatsz ahhoz, hogy megf\u0151z\u00f6l egy nagy adag \u00e9telt hetente vagy v\u00e1laszthatod azt, hogy t\u00f6bbf\u00e9le fog\u00e1st k\u00e9sz\u00edtesz el. Ak\u00e1rhogy is, fel kell k\u00e9sz\u00fcln\u00f6d a marad\u00e9kok t\u00e1rol\u00e1s\u00e1ra. Az \u00e9lelmiszert\u00e1rol\u00f3 ed\u00e9nyek elengedhetetlenek. A biztons\u00e1g kedv\u00e9\u00e9rt t\u00f6lts el egy kis id\u0151t \u00e9s p\u00e9nzt a k\u00fcl\u00f6nf\u00e9le m\u00e9ret\u0171, min\u0151s\u00e9gi dobozok beszerz\u00e9s\u00e9re. Ellen\u0151rizd, hogy lehet-e fagyaszt\u00f3ba, mikr\u00f3ba \u00e9s mosogat\u00f3ba tenni \u0151ket!<\/p>\n<p>Ezekkel az el\u0151k\u00e9sz\u00fcletekkel m\u00e1r k\u00e9szen is \u00e1llsz a f\u0151z\u00e9sre \u00e9s a v\u00e1s\u00e1rl\u00e1sra, \u00edgy fokozatosan szok\u00e1sodd\u00e1 v\u00e1lik majd az el\u0151re tervez\u00e9s. \u00cdrd fel azokat a recepteket, amik bej\u00f6ttek! Ha kitart\u00f3 vagy, ezek az \u00faj szok\u00e1sok a vil\u00e1g legterm\u00e9szetesebb dolgaiv\u00e1 v\u00e1lhatnak.<\/p>\n","protected":false},"excerpt":{"rendered":"<p>Olyan egyszer\u0171 lenne fogy\u00f3k\u00far\u00e1zni, ha minden egyes \u00e9tkez\u00e9sn\u00e9l rendelkez\u00e9sre \u00e1llna egy szem\u00e9lyi szak\u00e1cs! Sajnos azonban legt\u00f6bb\u00fcnknek f\u0151znie kell, ha meleg [&hellip;]<\/p>\n","protected":false},"author":71,"featured_media":10090,"comment_status":"closed","ping_status":"closed","sticky":false,"template":"","format":"standard","meta":{"footnotes":""},"categories":[6],"tags":[],"global-categories":[],"class_list":["post-10085","post","type-post","status-publish","format-standard","has-post-thumbnail","hentry","category-edzes-es-eletmod"],"yoast_head":"<!-- This site is optimized with the Yoast SEO Premium plugin v25.3 (Yoast SEO v25.9) - https:\/\/yoast.com\/wordpress\/plugins\/seo\/ -->\n<title>Az \u0151r\u00fcletbe kerget az \u00e9trend-tervez\u00e9s!<\/title>\n<meta name=\"description\" content=\"Olyan egyszer\u0171 lenne fogy\u00f3k\u00far\u00e1zni, ha minden egyes \u00e9tkez\u00e9sn\u00e9l rendelkez\u00e9sre \u00e1llna egy szem\u00e9lyi szak\u00e1cs!\" \/>\n<meta name=\"robots\" content=\"index, follow, max-snippet:-1, max-image-preview:large, max-video-preview:-1\" \/>\n<link rel=\"canonical\" href=\"https:\/\/www.welovecycling.com\/hu\/edzes-es-eletmod\/az-oruletbe-kerget-az-etrend-tervezes\/\" \/>\n<meta property=\"og:locale\" content=\"hu_HU\" \/>\n<meta property=\"og:type\" content=\"article\" \/>\n<meta property=\"og:title\" content=\"Az \u0151r\u00fcletbe kerget az \u00e9trend-tervez\u00e9s!\" \/>\n<meta property=\"og:description\" content=\"Olyan egyszer\u0171 lenne fogy\u00f3k\u00far\u00e1zni, ha minden egyes \u00e9tkez\u00e9sn\u00e9l rendelkez\u00e9sre \u00e1llna egy szem\u00e9lyi szak\u00e1cs! Sajnos azonban legt\u00f6bb\u00fcnknek f\u0151znie kell, ha meleg \u00e9telt akarunk enni, \u00e9s ez bizony alapos tervez\u00e9st ig\u00e9nyel. Ez a folyamat pedig v\u00edzv\u00e1laszt\u00f3 lehet a di\u00e9ta betart\u00e1sa \u00e9s felad\u00e1sa k\u00f6z\u00f6tt. L\u00e1ssuk, mi\u00e9rt olyan neh\u00e9z a tervez\u00e9s \u00e9s hogyan lehet megk\u00f6nny\u00edteni!\" \/>\n<meta property=\"og:url\" content=\"https:\/\/www.welovecycling.com\/hu\/edzes-es-eletmod\/az-oruletbe-kerget-az-etrend-tervezes\/\" \/>\n<meta property=\"og:site_name\" content=\"\u0160koda We Love Cycling - Magyarorsz\u00e1g\" \/>\n<meta property=\"article:publisher\" content=\"https:\/\/www.facebook.com\/WeLoveCyclingHungary\/\" \/>\n<meta property=\"article:published_time\" content=\"2021-02-12T07:00:42+00:00\" \/>\n<meta property=\"og:image\" content=\"https:\/\/d2p6e6u75xmxt8.cloudfront.net\/12\/2021\/02\/Fresh-food-vegetables-meat-profimedia-0573036058-CVR.jpg\" \/>\n\t<meta property=\"og:image:width\" content=\"1366\" \/>\n\t<meta property=\"og:image:height\" content=\"600\" \/>\n\t<meta property=\"og:image:type\" content=\"image\/jpeg\" \/>\n<meta name=\"author\" content=\"hegyizs\" \/>\n<meta name=\"twitter:card\" content=\"summary_large_image\" \/>\n<meta name=\"twitter:label1\" content=\"Written by\" \/>\n\t<meta name=\"twitter:data1\" content=\"Jiri Kaloc\" \/>\n\t<meta name=\"twitter:label2\" content=\"Est. reading time\" \/>\n\t<meta name=\"twitter:data2\" content=\"5\" \/>\n<script type=\"application\/ld+json\" class=\"yoast-schema-graph\">{\"@context\":\"https:\/\/schema.org\",\"@graph\":[{\"@type\":\"WebPage\",\"@id\":\"https:\/\/www.welovecycling.com\/hu\/edzes-es-eletmod\/az-oruletbe-kerget-az-etrend-tervezes\/\",\"url\":\"https:\/\/www.welovecycling.com\/hu\/edzes-es-eletmod\/az-oruletbe-kerget-az-etrend-tervezes\/\",\"name\":\"Az \u0151r\u00fcletbe kerget az \u00e9trend-tervez\u00e9s!\",\"isPartOf\":{\"@id\":\"https:\/\/www.welovecycling.com\/hu\/#website\"},\"primaryImageOfPage\":{\"@id\":\"https:\/\/www.welovecycling.com\/hu\/edzes-es-eletmod\/az-oruletbe-kerget-az-etrend-tervezes\/#primaryimage\"},\"image\":{\"@id\":\"https:\/\/www.welovecycling.com\/hu\/edzes-es-eletmod\/az-oruletbe-kerget-az-etrend-tervezes\/#primaryimage\"},\"thumbnailUrl\":\"https:\/\/d2p6e6u75xmxt8.cloudfront.net\/12\/2021\/02\/Fresh-food-vegetables-meat-profimedia-0573036058-CVR.jpg\",\"datePublished\":\"2021-02-12T07:00:42+00:00\",\"author\":{\"@id\":\"https:\/\/www.welovecycling.com\/hu\/#\/schema\/person\/414a2aebf1801691a5320edb6468e194\"},\"description\":\"Olyan egyszer\u0171 lenne fogy\u00f3k\u00far\u00e1zni, ha minden egyes \u00e9tkez\u00e9sn\u00e9l rendelkez\u00e9sre \u00e1llna egy szem\u00e9lyi szak\u00e1cs!\",\"breadcrumb\":{\"@id\":\"https:\/\/www.welovecycling.com\/hu\/edzes-es-eletmod\/az-oruletbe-kerget-az-etrend-tervezes\/#breadcrumb\"},\"inLanguage\":\"hu\",\"potentialAction\":[{\"@type\":\"ReadAction\",\"target\":[\"https:\/\/www.welovecycling.com\/hu\/edzes-es-eletmod\/az-oruletbe-kerget-az-etrend-tervezes\/\"]}]},{\"@type\":\"ImageObject\",\"inLanguage\":\"hu\",\"@id\":\"https:\/\/www.welovecycling.com\/hu\/edzes-es-eletmod\/az-oruletbe-kerget-az-etrend-tervezes\/#primaryimage\",\"url\":\"https:\/\/d2p6e6u75xmxt8.cloudfront.net\/12\/2021\/02\/Fresh-food-vegetables-meat-profimedia-0573036058-CVR.jpg\",\"contentUrl\":\"https:\/\/d2p6e6u75xmxt8.cloudfront.net\/12\/2021\/02\/Fresh-food-vegetables-meat-profimedia-0573036058-CVR.jpg\",\"width\":1366,\"height\":600,\"caption\":\"Fresh Food\"},{\"@type\":\"BreadcrumbList\",\"@id\":\"https:\/\/www.welovecycling.com\/hu\/edzes-es-eletmod\/az-oruletbe-kerget-az-etrend-tervezes\/#breadcrumb\",\"itemListElement\":[{\"@type\":\"ListItem\",\"position\":1,\"name\":\"Home\",\"item\":\"https:\/\/www.welovecycling.com\/hu\/\"},{\"@type\":\"ListItem\",\"position\":2,\"name\":\"Az \u0151r\u00fcletbe kerget az \u00e9trend-tervez\u00e9s!\"}]},{\"@type\":\"WebSite\",\"@id\":\"https:\/\/www.welovecycling.com\/hu\/#website\",\"url\":\"https:\/\/www.welovecycling.com\/hu\/\",\"name\":\"\u0160koda We Love Cycling - Magyarorsz\u00e1g\",\"description\":\"\u0160koda WeLoveCycling\",\"potentialAction\":[{\"@type\":\"SearchAction\",\"target\":{\"@type\":\"EntryPoint\",\"urlTemplate\":\"https:\/\/www.welovecycling.com\/hu\/?s={search_term_string}\"},\"query-input\":{\"@type\":\"PropertyValueSpecification\",\"valueRequired\":true,\"valueName\":\"search_term_string\"}}],\"inLanguage\":\"hu\"},{\"@type\":\"Person\",\"@id\":\"https:\/\/www.welovecycling.com\/hu\/#\/schema\/person\/414a2aebf1801691a5320edb6468e194\",\"name\":\"hegyizs\",\"image\":{\"@type\":\"ImageObject\",\"inLanguage\":\"hu\",\"@id\":\"https:\/\/www.welovecycling.com\/hu\/#\/schema\/person\/image\/\",\"url\":\"https:\/\/secure.gravatar.com\/avatar\/02cf8a7906b8cf90cecb4679defac7cfd33a1c2e3b88e4903d947f3bb58eedd3?s=96&d=mm&r=g\",\"contentUrl\":\"https:\/\/secure.gravatar.com\/avatar\/02cf8a7906b8cf90cecb4679defac7cfd33a1c2e3b88e4903d947f3bb58eedd3?s=96&d=mm&r=g\",\"caption\":\"hegyizs\"},\"url\":\"https:\/\/www.welovecycling.com\/hu\/author\/hegyizs\/\"}]}<\/script>\n<!-- \/ Yoast SEO Premium plugin. -->","yoast_head_json":{"title":"Az \u0151r\u00fcletbe kerget az \u00e9trend-tervez\u00e9s!","description":"Olyan egyszer\u0171 lenne fogy\u00f3k\u00far\u00e1zni, ha minden egyes \u00e9tkez\u00e9sn\u00e9l rendelkez\u00e9sre \u00e1llna egy szem\u00e9lyi szak\u00e1cs!","robots":{"index":"index","follow":"follow","max-snippet":"max-snippet:-1","max-image-preview":"max-image-preview:large","max-video-preview":"max-video-preview:-1"},"canonical":"https:\/\/www.welovecycling.com\/hu\/edzes-es-eletmod\/az-oruletbe-kerget-az-etrend-tervezes\/","og_locale":"hu_HU","og_type":"article","og_title":"Az \u0151r\u00fcletbe kerget az \u00e9trend-tervez\u00e9s!","og_description":"Olyan egyszer\u0171 lenne fogy\u00f3k\u00far\u00e1zni, ha minden egyes \u00e9tkez\u00e9sn\u00e9l rendelkez\u00e9sre \u00e1llna egy szem\u00e9lyi szak\u00e1cs! Sajnos azonban legt\u00f6bb\u00fcnknek f\u0151znie kell, ha meleg \u00e9telt akarunk enni, \u00e9s ez bizony alapos tervez\u00e9st ig\u00e9nyel. Ez a folyamat pedig v\u00edzv\u00e1laszt\u00f3 lehet a di\u00e9ta betart\u00e1sa \u00e9s felad\u00e1sa k\u00f6z\u00f6tt. L\u00e1ssuk, mi\u00e9rt olyan neh\u00e9z a tervez\u00e9s \u00e9s hogyan lehet megk\u00f6nny\u00edteni!","og_url":"https:\/\/www.welovecycling.com\/hu\/edzes-es-eletmod\/az-oruletbe-kerget-az-etrend-tervezes\/","og_site_name":"\u0160koda We Love Cycling - Magyarorsz\u00e1g","article_publisher":"https:\/\/www.facebook.com\/WeLoveCyclingHungary\/","article_published_time":"2021-02-12T07:00:42+00:00","og_image":[{"width":1366,"height":600,"url":"https:\/\/d2p6e6u75xmxt8.cloudfront.net\/12\/2021\/02\/Fresh-food-vegetables-meat-profimedia-0573036058-CVR.jpg","type":"image\/jpeg"}],"author":"hegyizs","twitter_card":"summary_large_image","twitter_misc":{"Written by":"Jiri Kaloc","Est. reading time":"5"},"schema":{"@context":"https:\/\/schema.org","@graph":[{"@type":"WebPage","@id":"https:\/\/www.welovecycling.com\/hu\/edzes-es-eletmod\/az-oruletbe-kerget-az-etrend-tervezes\/","url":"https:\/\/www.welovecycling.com\/hu\/edzes-es-eletmod\/az-oruletbe-kerget-az-etrend-tervezes\/","name":"Az \u0151r\u00fcletbe kerget az \u00e9trend-tervez\u00e9s!","isPartOf":{"@id":"https:\/\/www.welovecycling.com\/hu\/#website"},"primaryImageOfPage":{"@id":"https:\/\/www.welovecycling.com\/hu\/edzes-es-eletmod\/az-oruletbe-kerget-az-etrend-tervezes\/#primaryimage"},"image":{"@id":"https:\/\/www.welovecycling.com\/hu\/edzes-es-eletmod\/az-oruletbe-kerget-az-etrend-tervezes\/#primaryimage"},"thumbnailUrl":"https:\/\/d2p6e6u75xmxt8.cloudfront.net\/12\/2021\/02\/Fresh-food-vegetables-meat-profimedia-0573036058-CVR.jpg","datePublished":"2021-02-12T07:00:42+00:00","author":{"@id":"https:\/\/www.welovecycling.com\/hu\/#\/schema\/person\/414a2aebf1801691a5320edb6468e194"},"description":"Olyan egyszer\u0171 lenne fogy\u00f3k\u00far\u00e1zni, ha minden egyes \u00e9tkez\u00e9sn\u00e9l rendelkez\u00e9sre \u00e1llna egy szem\u00e9lyi szak\u00e1cs!","breadcrumb":{"@id":"https:\/\/www.welovecycling.com\/hu\/edzes-es-eletmod\/az-oruletbe-kerget-az-etrend-tervezes\/#breadcrumb"},"inLanguage":"hu","potentialAction":[{"@type":"ReadAction","target":["https:\/\/www.welovecycling.com\/hu\/edzes-es-eletmod\/az-oruletbe-kerget-az-etrend-tervezes\/"]}]},{"@type":"ImageObject","inLanguage":"hu","@id":"https:\/\/www.welovecycling.com\/hu\/edzes-es-eletmod\/az-oruletbe-kerget-az-etrend-tervezes\/#primaryimage","url":"https:\/\/d2p6e6u75xmxt8.cloudfront.net\/12\/2021\/02\/Fresh-food-vegetables-meat-profimedia-0573036058-CVR.jpg","contentUrl":"https:\/\/d2p6e6u75xmxt8.cloudfront.net\/12\/2021\/02\/Fresh-food-vegetables-meat-profimedia-0573036058-CVR.jpg","width":1366,"height":600,"caption":"Fresh Food"},{"@type":"BreadcrumbList","@id":"https:\/\/www.welovecycling.com\/hu\/edzes-es-eletmod\/az-oruletbe-kerget-az-etrend-tervezes\/#breadcrumb","itemListElement":[{"@type":"ListItem","position":1,"name":"Home","item":"https:\/\/www.welovecycling.com\/hu\/"},{"@type":"ListItem","position":2,"name":"Az \u0151r\u00fcletbe kerget az \u00e9trend-tervez\u00e9s!"}]},{"@type":"WebSite","@id":"https:\/\/www.welovecycling.com\/hu\/#website","url":"https:\/\/www.welovecycling.com\/hu\/","name":"\u0160koda We Love Cycling - Magyarorsz\u00e1g","description":"\u0160koda WeLoveCycling","potentialAction":[{"@type":"SearchAction","target":{"@type":"EntryPoint","urlTemplate":"https:\/\/www.welovecycling.com\/hu\/?s={search_term_string}"},"query-input":{"@type":"PropertyValueSpecification","valueRequired":true,"valueName":"search_term_string"}}],"inLanguage":"hu"},{"@type":"Person","@id":"https:\/\/www.welovecycling.com\/hu\/#\/schema\/person\/414a2aebf1801691a5320edb6468e194","name":"hegyizs","image":{"@type":"ImageObject","inLanguage":"hu","@id":"https:\/\/www.welovecycling.com\/hu\/#\/schema\/person\/image\/","url":"https:\/\/secure.gravatar.com\/avatar\/02cf8a7906b8cf90cecb4679defac7cfd33a1c2e3b88e4903d947f3bb58eedd3?s=96&d=mm&r=g","contentUrl":"https:\/\/secure.gravatar.com\/avatar\/02cf8a7906b8cf90cecb4679defac7cfd33a1c2e3b88e4903d947f3bb58eedd3?s=96&d=mm&r=g","caption":"hegyizs"},"url":"https:\/\/www.welovecycling.com\/hu\/author\/hegyizs\/"}]}},"_links":{"self":[{"href":"https:\/\/www.welovecycling.com\/hu\/wp-json\/wp\/v2\/posts\/10085","targetHints":{"allow":["GET"]}}],"collection":[{"href":"https:\/\/www.welovecycling.com\/hu\/wp-json\/wp\/v2\/posts"}],"about":[{"href":"https:\/\/www.welovecycling.com\/hu\/wp-json\/wp\/v2\/types\/post"}],"author":[{"embeddable":true,"href":"https:\/\/www.welovecycling.com\/hu\/wp-json\/wp\/v2\/users\/71"}],"replies":[{"embeddable":true,"href":"https:\/\/www.welovecycling.com\/hu\/wp-json\/wp\/v2\/comments?post=10085"}],"version-history":[{"count":2,"href":"https:\/\/www.welovecycling.com\/hu\/wp-json\/wp\/v2\/posts\/10085\/revisions"}],"predecessor-version":[{"id":10107,"href":"https:\/\/www.welovecycling.com\/hu\/wp-json\/wp\/v2\/posts\/10085\/revisions\/10107"}],"wp:featuredmedia":[{"embeddable":true,"href":"https:\/\/www.welovecycling.com\/hu\/wp-json\/wp\/v2\/media\/10090"}],"wp:attachment":[{"href":"https:\/\/www.welovecycling.com\/hu\/wp-json\/wp\/v2\/media?parent=10085"}],"wp:term":[{"taxonomy":"category","embeddable":true,"href":"https:\/\/www.welovecycling.com\/hu\/wp-json\/wp\/v2\/categories?post=10085"},{"taxonomy":"post_tag","embeddable":true,"href":"https:\/\/www.welovecycling.com\/hu\/wp-json\/wp\/v2\/tags?post=10085"},{"taxonomy":"global-categories","embeddable":true,"href":"https:\/\/www.welovecycling.com\/hu\/wp-json\/wp\/v2\/global-categories?post=10085"}],"curies":[{"name":"wp","href":"https:\/\/api.w.org\/{rel}","templated":true}]}}