{"id":10050,"date":"2021-02-05T08:00:12","date_gmt":"2021-02-05T07:00:12","guid":{"rendered":"https:\/\/www.welovecycling.com\/hu\/?p=10050"},"modified":"2021-02-03T17:02:49","modified_gmt":"2021-02-03T16:02:49","slug":"ezeket-edd-hogy-gyorsan-regeneralodj","status":"publish","type":"post","link":"https:\/\/www.welovecycling.com\/hu\/edzes-es-eletmod\/ezeket-edd-hogy-gyorsan-regeneralodj\/","title":{"rendered":"Ezeket edd, hogy gyorsan regener\u00e1l\u00f3dj"},"content":{"rendered":"<p><strong>Egy s\u00e9r\u00fcl\u00e9s vagy egy kem\u00e9ny edz\u00e9s ut\u00e1n az izmok fel\u00e9p\u00fcl\u00e9s\u00e9hez sok energia kell, de nem mindegy, hogy milyen forr\u00e1sb\u00f3l vissz\u00fck be. Hoztunk n\u00e9h\u00e1ny eg\u00e9szs\u00e9ges alapanyagot a nap minden szakasz\u00e1ra, amik seg\u00edtenek, hogy mihamarabb vissza\u00fclhess a nyeregbe!<\/strong><!--more--><\/p>\n<h2><strong>Z\u00f6lds\u00e9gek \u00e9s gy\u00fcm\u00f6lcs\u00f6k<\/strong><\/h2>\n<p><img loading=\"lazy\" decoding=\"async\" class=\"aligncenter size-large wp-image-10054\" src=\"https:\/\/d2p6e6u75xmxt8.cloudfront.net\/12\/2021\/02\/pexels-wendy-wei-16566631-1024x683.jpg\" alt=\"\" width=\"1024\" height=\"683\" srcset=\"https:\/\/d2p6e6u75xmxt8.cloudfront.net\/12\/2021\/02\/pexels-wendy-wei-16566631-1024x683.jpg 1024w, https:\/\/d2p6e6u75xmxt8.cloudfront.net\/12\/2021\/02\/pexels-wendy-wei-16566631-300x200.jpg 300w, https:\/\/d2p6e6u75xmxt8.cloudfront.net\/12\/2021\/02\/pexels-wendy-wei-16566631-768x512.jpg 768w, https:\/\/d2p6e6u75xmxt8.cloudfront.net\/12\/2021\/02\/pexels-wendy-wei-16566631-272x182.jpg 272w, https:\/\/d2p6e6u75xmxt8.cloudfront.net\/12\/2021\/02\/pexels-wendy-wei-16566631.jpg 1280w\" sizes=\"auto, (max-width: 1024px) 100vw, 1024px\" \/><\/p>\n<p><strong>Ezeket szerezd be:<\/strong> S\u00e1rgar\u00e9pa, spen\u00f3t, \u00e9desburgonya \u00e9s kelk\u00e1poszta az A-vitamin\u00e9rt; narancs, eper, paprika \u00e9s brokkoli a C-vitamin\u00e9rt<\/p>\n<h3><strong>Mi\u00e9rt?<\/strong><\/h3>\n<p>Az A-vitamin seg\u00edti a feh\u00e9rv\u00e9rsejteket a gyullad\u00e1sok cs\u00f6kkent\u00e9s\u00e9ben, ez pedig kritikus pont egy s\u00e9r\u00fcl\u00e9s vagy az izmok t\u00falterhel\u00e9se ut\u00e1n.<\/p>\n<p>A C-vitamin pedig a sebek gyorsabb gy\u00f3gyul\u00e1s\u00e1hoz j\u00e1rul hozz\u00e1, ami \u00e9rt\u00e9kes sz\u00f6vets\u00e9gess\u00e9 teszi az z\u00faz\u00f3d\u00e1sok \u00e1pol\u00e1sakor. Ezen k\u00edv\u00fcl seg\u00edt a k\u00f6t\u0151sz\u00f6vetek \u00e9s a porcok fel\u00e9p\u00fcl\u00e9s\u00e9ben is: serkenti a kollag\u00e9n k\u00e9pz\u0151d\u00e9s\u00e9t, ami a hegesed\u00e9s\u00e9rt, valamint az erek \u00e9s csontsejtek regener\u00e1ci\u00f3j\u00e1\u00e9rt felel.<\/p>\n<h2><strong>H\u00fasf\u00e9l\u00e9k<\/strong><\/h2>\n<p><img loading=\"lazy\" decoding=\"async\" class=\"aligncenter size-large wp-image-10055\" src=\"https:\/\/d2p6e6u75xmxt8.cloudfront.net\/12\/2021\/02\/pexels-malidate-van-769289-1024x682.jpg\" alt=\"\" width=\"1024\" height=\"682\" srcset=\"https:\/\/d2p6e6u75xmxt8.cloudfront.net\/12\/2021\/02\/pexels-malidate-van-769289-1024x682.jpg 1024w, https:\/\/d2p6e6u75xmxt8.cloudfront.net\/12\/2021\/02\/pexels-malidate-van-769289-300x200.jpg 300w, https:\/\/d2p6e6u75xmxt8.cloudfront.net\/12\/2021\/02\/pexels-malidate-van-769289-768x512.jpg 768w, https:\/\/d2p6e6u75xmxt8.cloudfront.net\/12\/2021\/02\/pexels-malidate-van-769289-272x182.jpg 272w, https:\/\/d2p6e6u75xmxt8.cloudfront.net\/12\/2021\/02\/pexels-malidate-van-769289.jpg 1280w\" sizes=\"auto, (max-width: 1024px) 100vw, 1024px\" \/><\/p>\n<p><strong>Ezeket szerezd be:<\/strong> Sov\u00e1ny pulyka, b\u00e9lsz\u00edn \u00e9s csirke<\/p>\n<h3><strong>Mi\u00e9rt?<\/strong><\/h3>\n<p>A sov\u00e1ny h\u00fasok tele vannak feh\u00e9rj\u00e9vel, ami kritikus \u00e9p\u00edt\u0151elem az \u00faj sejtek el\u0151\u00e1ll\u00edt\u00e1s\u00e1hoz. A <em>Journal of the Federation of American Societies for Experimental Biology<\/em> foly\u00f3iratban megjelent tanulm\u00e1ny szerint az ottawai egyetem kutat\u00f3i azonos\u00edtottak egy feh\u00e9rj\u00e9t, ami egyfajta h\u00eddk\u00e9nt m\u0171k\u00f6d\u00f6tt a s\u00e9r\u00fclt sz\u00f6vetek k\u00f6z\u00f6tt, el\u0151seg\u00edtve a regener\u00e1ci\u00f3t.<\/p>\n<p>A sportol\u00f3knak az optim\u00e1lis regener\u00e1ci\u00f3hoz napi 112 gramm feh\u00e9rj\u00e9re van sz\u00fcks\u00e9g\u00fck, a h\u00fasfogyaszt\u00e1s pedig egyszer\u0171 m\u00f3dja annak, hogy gyorsabban el\u00e9rj\u00e9k ezt a c\u00e9lt.<\/p>\n<p>Ha veg\u00e1n vagy veget\u00e1ri\u00e1nus vagy, v\u00e1lassz n\u00f6v\u00e9nyi eredet\u0171 feh\u00e9rj\u00e9ket, p\u00e9ld\u00e1ul tofut, tempeh-t, csicseribors\u00f3t, f\u00f6ldimogyor\u00f3t vagy mandul\u00e1t!<\/p>\n<h2><strong>Tejterm\u00e9kek<\/strong><\/h2>\n<p><img loading=\"lazy\" decoding=\"async\" class=\"aligncenter size-large wp-image-10056\" src=\"https:\/\/d2p6e6u75xmxt8.cloudfront.net\/12\/2021\/02\/pexels-burst-373897-1024x682.jpg\" alt=\"\" width=\"1024\" height=\"682\" srcset=\"https:\/\/d2p6e6u75xmxt8.cloudfront.net\/12\/2021\/02\/pexels-burst-373897-1024x682.jpg 1024w, https:\/\/d2p6e6u75xmxt8.cloudfront.net\/12\/2021\/02\/pexels-burst-373897-300x200.jpg 300w, https:\/\/d2p6e6u75xmxt8.cloudfront.net\/12\/2021\/02\/pexels-burst-373897-768x512.jpg 768w, https:\/\/d2p6e6u75xmxt8.cloudfront.net\/12\/2021\/02\/pexels-burst-373897-272x182.jpg 272w, https:\/\/d2p6e6u75xmxt8.cloudfront.net\/12\/2021\/02\/pexels-burst-373897.jpg 1280w\" sizes=\"auto, (max-width: 1024px) 100vw, 1024px\" \/><\/p>\n<p><strong>Ezeket szered be:<\/strong> Joghurt \u00e9s tej<\/p>\n<h3><strong>Mi\u00e9rt?<\/strong><\/h3>\n<p>Mindkett\u0151 szuper feh\u00e9rjeforr\u00e1s, r\u00e1ad\u00e1sul k\u00e1lciumot is tartalmaznak, ami seg\u00edt a csontok \u00e9s az izmok helyre\u00e1ll\u00edt\u00e1s\u00e1ban. A tejterm\u00e9kekben tal\u00e1lhat\u00f3 D-vitamin jav\u00edtja a k\u00e1lcium felsz\u00edv\u00f3d\u00e1s\u00e1t, \u00e9s szint\u00e9n hozz\u00e1j\u00e1rul a s\u00e9r\u00fclt izmok \u00e9s csontok gy\u00f3gyul\u00e1s\u00e1hoz.<\/p>\n<h2><strong>M\u00fczlik<\/strong><\/h2>\n<p><img loading=\"lazy\" decoding=\"async\" class=\"wp-image-10057 alignnone\" src=\"https:\/\/d2p6e6u75xmxt8.cloudfront.net\/12\/2021\/02\/pexels-rachel-claire-4846164-200x300.jpg\" alt=\"\" width=\"360\" height=\"540\" srcset=\"https:\/\/d2p6e6u75xmxt8.cloudfront.net\/12\/2021\/02\/pexels-rachel-claire-4846164-200x300.jpg 200w, https:\/\/d2p6e6u75xmxt8.cloudfront.net\/12\/2021\/02\/pexels-rachel-claire-4846164.jpg 640w\" sizes=\"auto, (max-width: 360px) 100vw, 360px\" \/><\/p>\n<p><strong>Ezt szered be:<\/strong> D\u00fas\u00edtott gabon\u00e1b\u00f3l k\u00e9sz\u00fclt m\u00fczli<\/p>\n<h3><strong>Mi\u00e9rt?<\/strong><\/h3>\n<p>Cinket tartalmaz, ami bizony\u00edtottan jav\u00edtja az immunrendszert \u00e9s a sebeket. A v\u00f6r\u00f6s h\u00fas mellett a d\u00fas\u00edtott gabonaf\u00e9l\u00e9k a legjobb energiaforr\u00e1sok. \u00d6nmag\u00e1ban a cink nem gy\u00f3gy\u00edtja a s\u00e9r\u00fclt sz\u00f6veteket, de seg\u00edti olyan t\u00e1panyagok felsz\u00edv\u00f3d\u00e1s\u00e1t, amik viszont igen!<\/p>\n<p>Csak ne vidd t\u00falz\u00e1sba a m\u00fczliz\u00e9st! Egy feln\u0151tt sz\u00e1m\u00e1ra napi 40 gramm a hat\u00e1r, enn\u00e9l nagyobb mennyis\u00e9g m\u00e1r cs\u00f6kkentheti a j\u00f3 koleszterolt (HDL) \u00e9s rosszat tesz az immunrendszernek.<\/p>\n<h2><strong>Tenger gy\u00fcm\u00f6lcsei<\/strong><\/h2>\n<p><img loading=\"lazy\" decoding=\"async\" class=\"aligncenter size-large wp-image-10058\" src=\"https:\/\/d2p6e6u75xmxt8.cloudfront.net\/12\/2021\/02\/pexels-pixabay-357756-1024x682.jpg\" alt=\"\" width=\"1024\" height=\"682\" srcset=\"https:\/\/d2p6e6u75xmxt8.cloudfront.net\/12\/2021\/02\/pexels-pixabay-357756-1024x682.jpg 1024w, https:\/\/d2p6e6u75xmxt8.cloudfront.net\/12\/2021\/02\/pexels-pixabay-357756-300x200.jpg 300w, https:\/\/d2p6e6u75xmxt8.cloudfront.net\/12\/2021\/02\/pexels-pixabay-357756-768x512.jpg 768w, https:\/\/d2p6e6u75xmxt8.cloudfront.net\/12\/2021\/02\/pexels-pixabay-357756-272x182.jpg 272w, https:\/\/d2p6e6u75xmxt8.cloudfront.net\/12\/2021\/02\/pexels-pixabay-357756.jpg 1280w\" sizes=\"auto, (max-width: 1024px) 100vw, 1024px\" \/><\/p>\n<p><strong>Ezeket szerezd be:<\/strong> lazac, tonhal, pisztr\u00e1ng<\/p>\n<h3><strong>Mi\u00e9rt?<\/strong><\/h3>\n<p>A rengeteg feh\u00e9rje mellett a hal tele van omega-3-mal \u00e9s zs\u00edrsavakkal, melyek csillap\u00edtj\u00e1k a fel\u00e9p\u00fcl\u00e9st akad\u00e1lyoz\u00f3 gyullad\u00e1st.<\/p>\n<h2><strong>T\u00e1pl\u00e1l\u00e9kkieg\u00e9sz\u00edt\u0151k<\/strong><\/h2>\n<p><img loading=\"lazy\" decoding=\"async\" class=\"aligncenter size-large wp-image-10059\" src=\"https:\/\/d2p6e6u75xmxt8.cloudfront.net\/12\/2021\/02\/pexels-ready-made-3850790-1024x682.jpg\" alt=\"\" width=\"1024\" height=\"682\" srcset=\"https:\/\/d2p6e6u75xmxt8.cloudfront.net\/12\/2021\/02\/pexels-ready-made-3850790-1024x682.jpg 1024w, https:\/\/d2p6e6u75xmxt8.cloudfront.net\/12\/2021\/02\/pexels-ready-made-3850790-300x200.jpg 300w, https:\/\/d2p6e6u75xmxt8.cloudfront.net\/12\/2021\/02\/pexels-ready-made-3850790-768x512.jpg 768w, https:\/\/d2p6e6u75xmxt8.cloudfront.net\/12\/2021\/02\/pexels-ready-made-3850790-272x182.jpg 272w, https:\/\/d2p6e6u75xmxt8.cloudfront.net\/12\/2021\/02\/pexels-ready-made-3850790.jpg 1280w\" sizes=\"auto, (max-width: 1024px) 100vw, 1024px\" \/><\/p>\n<p><strong>Ezeket szerezd be:<\/strong> D-vitamin, K\u00e1lcium<\/p>\n<h3><strong>Mi\u00e9rt?<\/strong><\/h3>\n<p>Amint fentebb eml\u00edtett\u00fck, a D-vitamin seg\u00edti a k\u00e1lcium felsz\u00edv\u00f3d\u00e1s\u00e1t. Ez k\u00fcl\u00f6n\u00f6sen fontos csonts\u00e9r\u00fcl\u00e9sek eset\u00e9n! Kev\u00e9s olyan \u00e9tel van, ami tartalmaz D-vitamint, a tested pedig csak napf\u00e9ny hat\u00e1s\u00e1ra k\u00e9pes el\u0151\u00e1ll\u00edtani, fontos teh\u00e1t, hogy t\u00e1pl\u00e1l\u00e9kkieg\u00e9sz\u00edt\u0151k\u00e9nt is vigy\u00fcnk be bel\u0151le!<\/p>\n<p>Ha pedig tejmentesen \u00e9tkezel, sz\u00fcks\u00e9g lehet k\u00e1lciumtablett\u00e1kra is. Fordulj orvosodhoz, hogy megtal\u00e1ld a megfelel\u0151 mennyis\u00e9get, mindk\u00e9t vitaminb\u00f3l!<\/p>\n<p><em>Forr\u00e1s: <\/em><a href=\"https:\/\/www.bicycling.com\/health-nutrition\/a20052687\/eat-these-foods-for-faster-recovery-from-injury-0\/\"><em>bicycling.com<\/em><\/a><\/p>\n","protected":false},"excerpt":{"rendered":"<p>Egy s\u00e9r\u00fcl\u00e9s vagy egy kem\u00e9ny edz\u00e9s ut\u00e1n az izmok fel\u00e9p\u00fcl\u00e9s\u00e9hez sok energia kell, de nem mindegy, hogy milyen forr\u00e1sb\u00f3l vissz\u00fck [&hellip;]<\/p>\n","protected":false},"author":71,"featured_media":10051,"comment_status":"closed","ping_status":"closed","sticky":false,"template":"","format":"standard","meta":{"footnotes":""},"categories":[6],"tags":[],"global-categories":[],"class_list":["post-10050","post","type-post","status-publish","format-standard","has-post-thumbnail","hentry","category-edzes-es-eletmod"],"yoast_head":"<!-- This site is optimized with the Yoast SEO Premium plugin v25.3 (Yoast SEO v25.9) - https:\/\/yoast.com\/wordpress\/plugins\/seo\/ -->\n<title>Ezeket edd, hogy gyorsan regener\u00e1l\u00f3dj - \u0160koda We Love Cycling - Magyarorsz\u00e1g<\/title>\n<meta name=\"description\" content=\"Egy s\u00e9r\u00fcl\u00e9s vagy egy kem\u00e9ny edz\u00e9s ut\u00e1n az izmok fel\u00e9p\u00fcl\u00e9s\u00e9hez sok energia kell, de nem mindegy, hogy milyen forr\u00e1sb\u00f3l vissz\u00fck be. Hoztunk n\u00e9h\u00e1ny eg\u00e9szs\u00e9ges alapanyagot a nap minden szakasz\u00e1ra, amik seg\u00edtenek, hogy mihamarabb vissza\u00fclhess a nyeregbe!\" \/>\n<meta name=\"robots\" content=\"index, follow, max-snippet:-1, max-image-preview:large, max-video-preview:-1\" \/>\n<link rel=\"canonical\" href=\"https:\/\/www.welovecycling.com\/hu\/edzes-es-eletmod\/ezeket-edd-hogy-gyorsan-regeneralodj\/\" \/>\n<meta property=\"og:locale\" content=\"hu_HU\" \/>\n<meta property=\"og:type\" content=\"article\" \/>\n<meta property=\"og:title\" content=\"Ezeket edd, hogy gyorsan regener\u00e1l\u00f3dj\" \/>\n<meta property=\"og:description\" content=\"Egy s\u00e9r\u00fcl\u00e9s vagy egy kem\u00e9ny edz\u00e9s ut\u00e1n az izmok fel\u00e9p\u00fcl\u00e9s\u00e9hez sok energia kell, de nem mindegy, hogy milyen forr\u00e1sb\u00f3l vissz\u00fck be. Hoztunk n\u00e9h\u00e1ny eg\u00e9szs\u00e9ges alapanyagot a nap minden szakasz\u00e1ra, amik seg\u00edtenek, hogy mihamarabb vissza\u00fclhess a nyeregbe!\" \/>\n<meta property=\"og:url\" content=\"https:\/\/www.welovecycling.com\/hu\/edzes-es-eletmod\/ezeket-edd-hogy-gyorsan-regeneralodj\/\" \/>\n<meta property=\"og:site_name\" content=\"\u0160koda We Love Cycling - Magyarorsz\u00e1g\" \/>\n<meta property=\"article:publisher\" content=\"https:\/\/www.facebook.com\/WeLoveCyclingHungary\/\" \/>\n<meta property=\"article:published_time\" content=\"2021-02-05T07:00:12+00:00\" \/>\n<meta property=\"og:image\" content=\"https:\/\/d2p6e6u75xmxt8.cloudfront.net\/12\/2021\/02\/pexels-alesia-kozik-6065181.jpg\" \/>\n\t<meta property=\"og:image:width\" content=\"1280\" \/>\n\t<meta property=\"og:image:height\" content=\"854\" \/>\n\t<meta property=\"og:image:type\" content=\"image\/jpeg\" \/>\n<meta name=\"author\" content=\"hegyizs\" \/>\n<meta name=\"twitter:card\" content=\"summary_large_image\" \/>\n<meta name=\"twitter:label1\" content=\"Written by\" \/>\n\t<meta name=\"twitter:data1\" content=\"WLC\" \/>\n\t<meta name=\"twitter:label2\" content=\"Est. reading time\" \/>\n\t<meta name=\"twitter:data2\" content=\"3 minutes\" \/>\n<script type=\"application\/ld+json\" class=\"yoast-schema-graph\">{\"@context\":\"https:\/\/schema.org\",\"@graph\":[{\"@type\":\"WebPage\",\"@id\":\"https:\/\/www.welovecycling.com\/hu\/edzes-es-eletmod\/ezeket-edd-hogy-gyorsan-regeneralodj\/\",\"url\":\"https:\/\/www.welovecycling.com\/hu\/edzes-es-eletmod\/ezeket-edd-hogy-gyorsan-regeneralodj\/\",\"name\":\"Ezeket edd, hogy gyorsan regener\u00e1l\u00f3dj - \u0160koda We Love Cycling - Magyarorsz\u00e1g\",\"isPartOf\":{\"@id\":\"https:\/\/www.welovecycling.com\/hu\/#website\"},\"primaryImageOfPage\":{\"@id\":\"https:\/\/www.welovecycling.com\/hu\/edzes-es-eletmod\/ezeket-edd-hogy-gyorsan-regeneralodj\/#primaryimage\"},\"image\":{\"@id\":\"https:\/\/www.welovecycling.com\/hu\/edzes-es-eletmod\/ezeket-edd-hogy-gyorsan-regeneralodj\/#primaryimage\"},\"thumbnailUrl\":\"https:\/\/d2p6e6u75xmxt8.cloudfront.net\/12\/2021\/02\/pexels-alesia-kozik-6065181.jpg\",\"datePublished\":\"2021-02-05T07:00:12+00:00\",\"author\":{\"@id\":\"https:\/\/www.welovecycling.com\/hu\/#\/schema\/person\/414a2aebf1801691a5320edb6468e194\"},\"description\":\"Egy s\u00e9r\u00fcl\u00e9s vagy egy kem\u00e9ny edz\u00e9s ut\u00e1n az izmok fel\u00e9p\u00fcl\u00e9s\u00e9hez sok energia kell, de nem mindegy, hogy milyen forr\u00e1sb\u00f3l vissz\u00fck be. Hoztunk n\u00e9h\u00e1ny eg\u00e9szs\u00e9ges alapanyagot a nap minden szakasz\u00e1ra, amik seg\u00edtenek, hogy mihamarabb vissza\u00fclhess a nyeregbe!\",\"breadcrumb\":{\"@id\":\"https:\/\/www.welovecycling.com\/hu\/edzes-es-eletmod\/ezeket-edd-hogy-gyorsan-regeneralodj\/#breadcrumb\"},\"inLanguage\":\"hu\",\"potentialAction\":[{\"@type\":\"ReadAction\",\"target\":[\"https:\/\/www.welovecycling.com\/hu\/edzes-es-eletmod\/ezeket-edd-hogy-gyorsan-regeneralodj\/\"]}]},{\"@type\":\"ImageObject\",\"inLanguage\":\"hu\",\"@id\":\"https:\/\/www.welovecycling.com\/hu\/edzes-es-eletmod\/ezeket-edd-hogy-gyorsan-regeneralodj\/#primaryimage\",\"url\":\"https:\/\/d2p6e6u75xmxt8.cloudfront.net\/12\/2021\/02\/pexels-alesia-kozik-6065181.jpg\",\"contentUrl\":\"https:\/\/d2p6e6u75xmxt8.cloudfront.net\/12\/2021\/02\/pexels-alesia-kozik-6065181.jpg\",\"width\":1280,\"height\":854},{\"@type\":\"BreadcrumbList\",\"@id\":\"https:\/\/www.welovecycling.com\/hu\/edzes-es-eletmod\/ezeket-edd-hogy-gyorsan-regeneralodj\/#breadcrumb\",\"itemListElement\":[{\"@type\":\"ListItem\",\"position\":1,\"name\":\"Home\",\"item\":\"https:\/\/www.welovecycling.com\/hu\/\"},{\"@type\":\"ListItem\",\"position\":2,\"name\":\"Ezeket edd, hogy gyorsan regener\u00e1l\u00f3dj\"}]},{\"@type\":\"WebSite\",\"@id\":\"https:\/\/www.welovecycling.com\/hu\/#website\",\"url\":\"https:\/\/www.welovecycling.com\/hu\/\",\"name\":\"\u0160koda We Love Cycling - Magyarorsz\u00e1g\",\"description\":\"\u0160koda WeLoveCycling\",\"potentialAction\":[{\"@type\":\"SearchAction\",\"target\":{\"@type\":\"EntryPoint\",\"urlTemplate\":\"https:\/\/www.welovecycling.com\/hu\/?s={search_term_string}\"},\"query-input\":{\"@type\":\"PropertyValueSpecification\",\"valueRequired\":true,\"valueName\":\"search_term_string\"}}],\"inLanguage\":\"hu\"},{\"@type\":\"Person\",\"@id\":\"https:\/\/www.welovecycling.com\/hu\/#\/schema\/person\/414a2aebf1801691a5320edb6468e194\",\"name\":\"hegyizs\",\"image\":{\"@type\":\"ImageObject\",\"inLanguage\":\"hu\",\"@id\":\"https:\/\/www.welovecycling.com\/hu\/#\/schema\/person\/image\/\",\"url\":\"https:\/\/secure.gravatar.com\/avatar\/02cf8a7906b8cf90cecb4679defac7cfd33a1c2e3b88e4903d947f3bb58eedd3?s=96&d=mm&r=g\",\"contentUrl\":\"https:\/\/secure.gravatar.com\/avatar\/02cf8a7906b8cf90cecb4679defac7cfd33a1c2e3b88e4903d947f3bb58eedd3?s=96&d=mm&r=g\",\"caption\":\"hegyizs\"},\"url\":\"https:\/\/www.welovecycling.com\/hu\/author\/hegyizs\/\"}]}<\/script>\n<!-- \/ Yoast SEO Premium plugin. -->","yoast_head_json":{"title":"Ezeket edd, hogy gyorsan regener\u00e1l\u00f3dj - \u0160koda We Love Cycling - Magyarorsz\u00e1g","description":"Egy s\u00e9r\u00fcl\u00e9s vagy egy kem\u00e9ny edz\u00e9s ut\u00e1n az izmok fel\u00e9p\u00fcl\u00e9s\u00e9hez sok energia kell, de nem mindegy, hogy milyen forr\u00e1sb\u00f3l vissz\u00fck be. Hoztunk n\u00e9h\u00e1ny eg\u00e9szs\u00e9ges alapanyagot a nap minden szakasz\u00e1ra, amik seg\u00edtenek, hogy mihamarabb vissza\u00fclhess a nyeregbe!","robots":{"index":"index","follow":"follow","max-snippet":"max-snippet:-1","max-image-preview":"max-image-preview:large","max-video-preview":"max-video-preview:-1"},"canonical":"https:\/\/www.welovecycling.com\/hu\/edzes-es-eletmod\/ezeket-edd-hogy-gyorsan-regeneralodj\/","og_locale":"hu_HU","og_type":"article","og_title":"Ezeket edd, hogy gyorsan regener\u00e1l\u00f3dj","og_description":"Egy s\u00e9r\u00fcl\u00e9s vagy egy kem\u00e9ny edz\u00e9s ut\u00e1n az izmok fel\u00e9p\u00fcl\u00e9s\u00e9hez sok energia kell, de nem mindegy, hogy milyen forr\u00e1sb\u00f3l vissz\u00fck be. Hoztunk n\u00e9h\u00e1ny eg\u00e9szs\u00e9ges alapanyagot a nap minden szakasz\u00e1ra, amik seg\u00edtenek, hogy mihamarabb vissza\u00fclhess a nyeregbe!","og_url":"https:\/\/www.welovecycling.com\/hu\/edzes-es-eletmod\/ezeket-edd-hogy-gyorsan-regeneralodj\/","og_site_name":"\u0160koda We Love Cycling - Magyarorsz\u00e1g","article_publisher":"https:\/\/www.facebook.com\/WeLoveCyclingHungary\/","article_published_time":"2021-02-05T07:00:12+00:00","og_image":[{"width":1280,"height":854,"url":"https:\/\/d2p6e6u75xmxt8.cloudfront.net\/12\/2021\/02\/pexels-alesia-kozik-6065181.jpg","type":"image\/jpeg"}],"author":"hegyizs","twitter_card":"summary_large_image","twitter_misc":{"Written by":"WLC","Est. reading time":"3 minutes"},"schema":{"@context":"https:\/\/schema.org","@graph":[{"@type":"WebPage","@id":"https:\/\/www.welovecycling.com\/hu\/edzes-es-eletmod\/ezeket-edd-hogy-gyorsan-regeneralodj\/","url":"https:\/\/www.welovecycling.com\/hu\/edzes-es-eletmod\/ezeket-edd-hogy-gyorsan-regeneralodj\/","name":"Ezeket edd, hogy gyorsan regener\u00e1l\u00f3dj - \u0160koda We Love Cycling - Magyarorsz\u00e1g","isPartOf":{"@id":"https:\/\/www.welovecycling.com\/hu\/#website"},"primaryImageOfPage":{"@id":"https:\/\/www.welovecycling.com\/hu\/edzes-es-eletmod\/ezeket-edd-hogy-gyorsan-regeneralodj\/#primaryimage"},"image":{"@id":"https:\/\/www.welovecycling.com\/hu\/edzes-es-eletmod\/ezeket-edd-hogy-gyorsan-regeneralodj\/#primaryimage"},"thumbnailUrl":"https:\/\/d2p6e6u75xmxt8.cloudfront.net\/12\/2021\/02\/pexels-alesia-kozik-6065181.jpg","datePublished":"2021-02-05T07:00:12+00:00","author":{"@id":"https:\/\/www.welovecycling.com\/hu\/#\/schema\/person\/414a2aebf1801691a5320edb6468e194"},"description":"Egy s\u00e9r\u00fcl\u00e9s vagy egy kem\u00e9ny edz\u00e9s ut\u00e1n az izmok fel\u00e9p\u00fcl\u00e9s\u00e9hez sok energia kell, de nem mindegy, hogy milyen forr\u00e1sb\u00f3l vissz\u00fck be. Hoztunk n\u00e9h\u00e1ny eg\u00e9szs\u00e9ges alapanyagot a nap minden szakasz\u00e1ra, amik seg\u00edtenek, hogy mihamarabb vissza\u00fclhess a nyeregbe!","breadcrumb":{"@id":"https:\/\/www.welovecycling.com\/hu\/edzes-es-eletmod\/ezeket-edd-hogy-gyorsan-regeneralodj\/#breadcrumb"},"inLanguage":"hu","potentialAction":[{"@type":"ReadAction","target":["https:\/\/www.welovecycling.com\/hu\/edzes-es-eletmod\/ezeket-edd-hogy-gyorsan-regeneralodj\/"]}]},{"@type":"ImageObject","inLanguage":"hu","@id":"https:\/\/www.welovecycling.com\/hu\/edzes-es-eletmod\/ezeket-edd-hogy-gyorsan-regeneralodj\/#primaryimage","url":"https:\/\/d2p6e6u75xmxt8.cloudfront.net\/12\/2021\/02\/pexels-alesia-kozik-6065181.jpg","contentUrl":"https:\/\/d2p6e6u75xmxt8.cloudfront.net\/12\/2021\/02\/pexels-alesia-kozik-6065181.jpg","width":1280,"height":854},{"@type":"BreadcrumbList","@id":"https:\/\/www.welovecycling.com\/hu\/edzes-es-eletmod\/ezeket-edd-hogy-gyorsan-regeneralodj\/#breadcrumb","itemListElement":[{"@type":"ListItem","position":1,"name":"Home","item":"https:\/\/www.welovecycling.com\/hu\/"},{"@type":"ListItem","position":2,"name":"Ezeket edd, hogy gyorsan regener\u00e1l\u00f3dj"}]},{"@type":"WebSite","@id":"https:\/\/www.welovecycling.com\/hu\/#website","url":"https:\/\/www.welovecycling.com\/hu\/","name":"\u0160koda We Love Cycling - Magyarorsz\u00e1g","description":"\u0160koda WeLoveCycling","potentialAction":[{"@type":"SearchAction","target":{"@type":"EntryPoint","urlTemplate":"https:\/\/www.welovecycling.com\/hu\/?s={search_term_string}"},"query-input":{"@type":"PropertyValueSpecification","valueRequired":true,"valueName":"search_term_string"}}],"inLanguage":"hu"},{"@type":"Person","@id":"https:\/\/www.welovecycling.com\/hu\/#\/schema\/person\/414a2aebf1801691a5320edb6468e194","name":"hegyizs","image":{"@type":"ImageObject","inLanguage":"hu","@id":"https:\/\/www.welovecycling.com\/hu\/#\/schema\/person\/image\/","url":"https:\/\/secure.gravatar.com\/avatar\/02cf8a7906b8cf90cecb4679defac7cfd33a1c2e3b88e4903d947f3bb58eedd3?s=96&d=mm&r=g","contentUrl":"https:\/\/secure.gravatar.com\/avatar\/02cf8a7906b8cf90cecb4679defac7cfd33a1c2e3b88e4903d947f3bb58eedd3?s=96&d=mm&r=g","caption":"hegyizs"},"url":"https:\/\/www.welovecycling.com\/hu\/author\/hegyizs\/"}]}},"_links":{"self":[{"href":"https:\/\/www.welovecycling.com\/hu\/wp-json\/wp\/v2\/posts\/10050","targetHints":{"allow":["GET"]}}],"collection":[{"href":"https:\/\/www.welovecycling.com\/hu\/wp-json\/wp\/v2\/posts"}],"about":[{"href":"https:\/\/www.welovecycling.com\/hu\/wp-json\/wp\/v2\/types\/post"}],"author":[{"embeddable":true,"href":"https:\/\/www.welovecycling.com\/hu\/wp-json\/wp\/v2\/users\/71"}],"replies":[{"embeddable":true,"href":"https:\/\/www.welovecycling.com\/hu\/wp-json\/wp\/v2\/comments?post=10050"}],"version-history":[{"count":2,"href":"https:\/\/www.welovecycling.com\/hu\/wp-json\/wp\/v2\/posts\/10050\/revisions"}],"predecessor-version":[{"id":10060,"href":"https:\/\/www.welovecycling.com\/hu\/wp-json\/wp\/v2\/posts\/10050\/revisions\/10060"}],"wp:featuredmedia":[{"embeddable":true,"href":"https:\/\/www.welovecycling.com\/hu\/wp-json\/wp\/v2\/media\/10051"}],"wp:attachment":[{"href":"https:\/\/www.welovecycling.com\/hu\/wp-json\/wp\/v2\/media?parent=10050"}],"wp:term":[{"taxonomy":"category","embeddable":true,"href":"https:\/\/www.welovecycling.com\/hu\/wp-json\/wp\/v2\/categories?post=10050"},{"taxonomy":"post_tag","embeddable":true,"href":"https:\/\/www.welovecycling.com\/hu\/wp-json\/wp\/v2\/tags?post=10050"},{"taxonomy":"global-categories","embeddable":true,"href":"https:\/\/www.welovecycling.com\/hu\/wp-json\/wp\/v2\/global-categories?post=10050"}],"curies":[{"name":"wp","href":"https:\/\/api.w.org\/{rel}","templated":true}]}}