{"id":10037,"date":"2021-02-07T08:00:34","date_gmt":"2021-02-07T07:00:34","guid":{"rendered":"https:\/\/www.welovecycling.com\/hu\/?p=10037"},"modified":"2021-02-06T10:28:07","modified_gmt":"2021-02-06T09:28:07","slug":"mikor-szegd-meg-a-kozlekedesi-szabalyokat","status":"publish","type":"post","link":"https:\/\/www.welovecycling.com\/hu\/orszaguti-kerekpar\/mikor-szegd-meg-a-kozlekedesi-szabalyokat\/","title":{"rendered":"Mikor szegd meg a k\u00f6zleked\u00e9si szab\u00e1lyokat?"},"content":{"rendered":"<p><strong>Nem sokan \u00e9rten\u00e9nek egyet azzal, hogy 2020 nem volt neh\u00e9z \u00e9v. Vannak azonban olyan bosszant\u00f3 dolgok, amik nem m\u00faltak el az \u00f3\u00e9vvel, ilyen p\u00e9ld\u00e1ul a szab\u00e1lyok betart\u00e1sa \u00e9s be nem tart\u00e1sa. N\u00e9zz\u00fck, melyik szab\u00e1lyokat kell mindenk\u00e9pp betartani, \u00e9s mik azok az \u00edrott vagy \u00edratlan k\u00f6zmegegyez\u00e9sek, amiket figyelmen k\u00edv\u00fcl hagyhatsz.<\/strong><\/p>\n<h2><!--more--><\/h2>\n<h2><strong>Ints a t\u00f6bbi biciklisnek!<\/strong><\/h2>\n<p>Heves vit\u00e1k folynak arr\u00f3l, hogy egy bar\u00e1ts\u00e1gos int\u00e9s m\u00e1s bicikliseknek, vajon t\u00e1pl\u00e1lja a ker\u00e9kp\u00e1ros k\u00f6z\u00f6ss\u00e9get, vagy ink\u00e1bb egy passz\u00edv-agressz\u00edv k\u00f6vetel\u00e9se ugyanennek.<\/p>\n<p>https:\/\/www.instagram.com\/p\/CKR2wefnIaZ\/?hl=en<\/p>\n<p>A bikeradar.com oldal\u00e1n egy fuzzdog felhaszn\u00e1l\u00f3n\u00e9ven ismert ker\u00e9kp\u00e1ros arr\u00f3l besz\u00e9l, hogy a z\u00f6ld \u00f6vezet\u0171 Surrey-b\u0151l London belv\u00e1ros\u00e1ba k\u00f6lt\u00f6z\u00f6tt, ahol a bring\u00e1sok, a 6000 \u00a3-os Pinarello-jukon <em>\u201e0 tiszteletet mutatnak\u201d <\/em>azzal, hogy nem k\u00f6sz\u00f6nnek, egy m\u00e1sik felhaszn\u00e1l\u00f3 szerint <em>\u201enincs semmilyen k\u00f6telezetts\u00e9ged m\u00e1s bring\u00e1sok fel\u00e9. Csak \u00e9lvezd az utat&#8221;.<\/em><\/p>\n<h2><strong>Jav\u00edtsd meg a defektet!<\/strong><\/h2>\n<p>V\u00e9lem\u00e9nyem szerint sosem szabadna saj\u00e1t kez\u0171leg megpr\u00f3b\u00e1lnod a bels\u0151 gumik jav\u00edt\u00e1s\u00e1t. Mindig t\u00f6bb tartal\u00e9k gumit \u00e9s szersz\u00e1mokat is cipelek magammal, hogy cser\u00e9lni tudjam a gumit, ha kell, de nincs id\u0151m a hib\u00e1s gumik jav\u00edt\u00e1s\u00e1ra. A szabadid\u0151met ink\u00e1bb arra haszn\u00e1lom, hogy a szakadt gumikb\u00f3l \u00fajrahasznos\u00edtott p\u00e9nzt\u00e1rc\u00e1kat k\u00e9sz\u00edtsek, \u00e9s azokat \u00e1ruljam.<\/p>\n<div class=\"embed-controller-wrapper\">\n<div class=\"embed-wrapper\"><iframe title=\"Locate and Fix A Leaking Bicycle Tube - DIY\" width=\"500\" height=\"281\" data-src=\"https:\/\/www.youtube.com\/embed\/HGL7b1ox7RU?feature=oembed\" frameborder=\"0\" allow=\"accelerometer; autoplay; clipboard-write; encrypted-media; gyroscope; picture-in-picture; web-share\" referrerpolicy=\"strict-origin-when-cross-origin\" allowfullscreen><\/iframe><\/div>\n<\/div>\n<p>Meg vagyok gy\u0151z\u0151dve arr\u00f3l, hogy csak akkor kell egy bels\u0151 gumit befoltoznod, ha apa vagy, \u00e9s a gyereked m\u00e1r megint t\u00f6nkre tett egyet. Visszagondolva, ap\u00e1m biztosan b\u00fcntetni akart minket, gyerekeket azzal, hogy arra k\u00e9nyszer\u00edtett, t\u00f6lts\u00fcnk meg egy v\u00f6dr\u00f6t j\u00e9ghideg v\u00edzzel a teraszon, kenj\u00fck be mosogat\u00f3szerrel a gumikat \u00e9s dugjuk a v\u00edzbe \u0151ket, k\u00f6zben pedig keress\u00fcnk bubor\u00e9kokat. Ez a mai napig arra sarkall, hogy elker\u00fcljek minden \u00e9lesnek t\u0171n\u0151 dolgot az \u00faton.<\/p>\n<h2><strong>Ne menj \u00e1t a piroson!<\/strong><\/h2>\n<p>Greg Dickinson l\u00e1z\u00edt\u00f3 c\u00edmmel \u00edrt cikket a The Telegraph-nak: \u201e<em>\u00c1tmegyek a piroson \u00e9s neked is \u00e1t k\u00e9ne\u201d<\/em>. \u00c9n szem\u00e9ly szerint azt t\u00e1mogatom, hogy ne szegj\u00fck meg a t\u00f6rv\u00e9nyeket. Lekapcsolnak a rend\u0151r\u00f6k \u00e9s fix, hogy megb\u00fcntetetnek.<\/p>\n<lite-youtube videoid=9InSOWU4xAw params=\"enablejsapi=1\" style=\"background-image: url('https:\/\/i.ytimg.com\/vi_webp\/9InSOWU4xAw\/maxresdefault.webp');\"><\/lite-youtube>\n<p>N\u00e9h\u00e1ny csom\u00f3pont \u00fagy n\u00e9z ki, mintha a l\u00e1mpa z\u00f6ldre v\u00e1lt\u00e1sa el\u0151tti indul\u00e1s lehet\u0151v\u00e9 tenn\u00e9 a forgalom megel\u0151z\u00e9s\u00e9t. Ennek ellen\u00e9re nem hiszem, hogy ez \u00e9szszer\u0171 ok lenne a t\u00f6rv\u00e9ny megs\u00e9rt\u00e9s\u00e9re &#8211; k\u00fcl\u00f6n\u00f6sen mivel a ker\u00e9kp\u00e1rosok igen kiszolg\u00e1ltatottak. Ink\u00e1bb \u00edrj a helyi hat\u00f3s\u00e1goknak, ha \u00fagy gondolod, hogy egy csom\u00f3pont jav\u00edt\u00e1sra szorul, ne pr\u00f3b\u00e1ld meg kij\u00e1tszani a rendszert!<\/p>\n<p>Gondolj arra, hogy mit szolg\u00e1lnak a szab\u00e1lyok &#8211; ha az\u00e9rt l\u00e9teznek, hogy biztons\u00e1gban legy\u00fcnk, k\u00f6vesd \u0151ket! R\u00e1ad\u00e1sul ha odafigyel\u00fcnk egym\u00e1sra, 2021 jobb \u00e9v lehet, mint a tavalyi.<\/p>\n","protected":false},"excerpt":{"rendered":"<p>Nem sokan \u00e9rten\u00e9nek egyet azzal, hogy 2020 nem volt neh\u00e9z \u00e9v. Vannak azonban olyan bosszant\u00f3 dolgok, amik nem m\u00faltak el [&hellip;]<\/p>\n","protected":false},"author":71,"featured_media":10041,"comment_status":"closed","ping_status":"closed","sticky":false,"template":"","format":"standard","meta":{"footnotes":""},"categories":[8],"tags":[],"global-categories":[],"class_list":["post-10037","post","type-post","status-publish","format-standard","has-post-thumbnail","hentry","category-orszaguti-kerekpar"],"yoast_head":"<!-- This site is optimized with the Yoast SEO Premium plugin v25.3 (Yoast SEO v25.9) - https:\/\/yoast.com\/wordpress\/plugins\/seo\/ -->\n<title>Mikor szegd meg a k\u00f6zleked\u00e9si szab\u00e1lyokat? - \u0160koda We Love Cycling - Magyarorsz\u00e1g<\/title>\n<meta name=\"description\" content=\"Nem sokan \u00e9rten\u00e9nek egyet azzal, hogy 2020 nem volt neh\u00e9z \u00e9v. Vannak azonban olyan bosszant\u00f3 dolgok, amik nem m\u00faltak el az \u00f3\u00e9vvel, ilyen p\u00e9ld\u00e1ul a szab\u00e1lyok betart\u00e1sa \u00e9s be nem tart\u00e1sa. N\u00e9zz\u00fck, melyik szab\u00e1lyokat kell mindenk\u00e9pp betartani, \u00e9s mik azok az \u00edrott vagy \u00edratlan k\u00f6zmegegyez\u00e9sek, amiket figyelmen k\u00edv\u00fcl hagyhatsz.\" \/>\n<meta name=\"robots\" content=\"index, follow, max-snippet:-1, max-image-preview:large, max-video-preview:-1\" \/>\n<link rel=\"canonical\" href=\"https:\/\/www.welovecycling.com\/hu\/orszaguti-kerekpar\/mikor-szegd-meg-a-kozlekedesi-szabalyokat\/\" \/>\n<meta property=\"og:locale\" content=\"hu_HU\" \/>\n<meta property=\"og:type\" content=\"article\" \/>\n<meta property=\"og:title\" content=\"Mikor szegd meg a k\u00f6zleked\u00e9si szab\u00e1lyokat?\" \/>\n<meta property=\"og:description\" content=\"Nem sokan \u00e9rten\u00e9nek egyet azzal, hogy 2020 nem volt neh\u00e9z \u00e9v. Vannak azonban olyan bosszant\u00f3 dolgok, amik nem m\u00faltak el az \u00f3\u00e9vvel, ilyen p\u00e9ld\u00e1ul a szab\u00e1lyok betart\u00e1sa \u00e9s be nem tart\u00e1sa. N\u00e9zz\u00fck, melyik szab\u00e1lyokat kell mindenk\u00e9pp betartani, \u00e9s mik azok az \u00edrott vagy \u00edratlan k\u00f6zmegegyez\u00e9sek, amiket figyelmen k\u00edv\u00fcl hagyhatsz.\" \/>\n<meta property=\"og:url\" content=\"https:\/\/www.welovecycling.com\/hu\/orszaguti-kerekpar\/mikor-szegd-meg-a-kozlekedesi-szabalyokat\/\" \/>\n<meta property=\"og:site_name\" content=\"\u0160koda We Love Cycling - Magyarorsz\u00e1g\" \/>\n<meta property=\"article:publisher\" content=\"https:\/\/www.facebook.com\/WeLoveCyclingHungary\/\" \/>\n<meta property=\"article:published_time\" content=\"2021-02-07T07:00:34+00:00\" \/>\n<meta property=\"og:image\" content=\"https:\/\/d2p6e6u75xmxt8.cloudfront.net\/12\/2021\/01\/Traffic-light-profimedia-0562842922-CVR.jpg\" \/>\n\t<meta property=\"og:image:width\" content=\"1366\" \/>\n\t<meta property=\"og:image:height\" content=\"600\" \/>\n\t<meta property=\"og:image:type\" content=\"image\/jpeg\" \/>\n<meta name=\"author\" content=\"hegyizs\" \/>\n<meta name=\"twitter:card\" content=\"summary_large_image\" \/>\n<meta name=\"twitter:label1\" content=\"Written by\" \/>\n\t<meta name=\"twitter:data1\" content=\"Christopher Ashley\" \/>\n\t<meta name=\"twitter:label2\" content=\"Est. reading time\" \/>\n\t<meta name=\"twitter:data2\" content=\"5\" \/>\n<script type=\"application\/ld+json\" class=\"yoast-schema-graph\">{\"@context\":\"https:\/\/schema.org\",\"@graph\":[{\"@type\":\"WebPage\",\"@id\":\"https:\/\/www.welovecycling.com\/hu\/orszaguti-kerekpar\/mikor-szegd-meg-a-kozlekedesi-szabalyokat\/\",\"url\":\"https:\/\/www.welovecycling.com\/hu\/orszaguti-kerekpar\/mikor-szegd-meg-a-kozlekedesi-szabalyokat\/\",\"name\":\"Mikor szegd meg a k\u00f6zleked\u00e9si szab\u00e1lyokat? - \u0160koda We Love Cycling - Magyarorsz\u00e1g\",\"isPartOf\":{\"@id\":\"https:\/\/www.welovecycling.com\/hu\/#website\"},\"primaryImageOfPage\":{\"@id\":\"https:\/\/www.welovecycling.com\/hu\/orszaguti-kerekpar\/mikor-szegd-meg-a-kozlekedesi-szabalyokat\/#primaryimage\"},\"image\":{\"@id\":\"https:\/\/www.welovecycling.com\/hu\/orszaguti-kerekpar\/mikor-szegd-meg-a-kozlekedesi-szabalyokat\/#primaryimage\"},\"thumbnailUrl\":\"https:\/\/d2p6e6u75xmxt8.cloudfront.net\/12\/2021\/01\/Traffic-light-profimedia-0562842922-CVR.jpg\",\"datePublished\":\"2021-02-07T07:00:34+00:00\",\"author\":{\"@id\":\"https:\/\/www.welovecycling.com\/hu\/#\/schema\/person\/414a2aebf1801691a5320edb6468e194\"},\"description\":\"Nem sokan \u00e9rten\u00e9nek egyet azzal, hogy 2020 nem volt neh\u00e9z \u00e9v. Vannak azonban olyan bosszant\u00f3 dolgok, amik nem m\u00faltak el az \u00f3\u00e9vvel, ilyen p\u00e9ld\u00e1ul a szab\u00e1lyok betart\u00e1sa \u00e9s be nem tart\u00e1sa. N\u00e9zz\u00fck, melyik szab\u00e1lyokat kell mindenk\u00e9pp betartani, \u00e9s mik azok az \u00edrott vagy \u00edratlan k\u00f6zmegegyez\u00e9sek, amiket figyelmen k\u00edv\u00fcl hagyhatsz.\",\"breadcrumb\":{\"@id\":\"https:\/\/www.welovecycling.com\/hu\/orszaguti-kerekpar\/mikor-szegd-meg-a-kozlekedesi-szabalyokat\/#breadcrumb\"},\"inLanguage\":\"hu\",\"potentialAction\":[{\"@type\":\"ReadAction\",\"target\":[\"https:\/\/www.welovecycling.com\/hu\/orszaguti-kerekpar\/mikor-szegd-meg-a-kozlekedesi-szabalyokat\/\"]}]},{\"@type\":\"ImageObject\",\"inLanguage\":\"hu\",\"@id\":\"https:\/\/www.welovecycling.com\/hu\/orszaguti-kerekpar\/mikor-szegd-meg-a-kozlekedesi-szabalyokat\/#primaryimage\",\"url\":\"https:\/\/d2p6e6u75xmxt8.cloudfront.net\/12\/2021\/01\/Traffic-light-profimedia-0562842922-CVR.jpg\",\"contentUrl\":\"https:\/\/d2p6e6u75xmxt8.cloudfront.net\/12\/2021\/01\/Traffic-light-profimedia-0562842922-CVR.jpg\",\"width\":1366,\"height\":600,\"caption\":\"Bicycle light\"},{\"@type\":\"BreadcrumbList\",\"@id\":\"https:\/\/www.welovecycling.com\/hu\/orszaguti-kerekpar\/mikor-szegd-meg-a-kozlekedesi-szabalyokat\/#breadcrumb\",\"itemListElement\":[{\"@type\":\"ListItem\",\"position\":1,\"name\":\"Home\",\"item\":\"https:\/\/www.welovecycling.com\/hu\/\"},{\"@type\":\"ListItem\",\"position\":2,\"name\":\"Mikor szegd meg a k\u00f6zleked\u00e9si szab\u00e1lyokat?\"}]},{\"@type\":\"WebSite\",\"@id\":\"https:\/\/www.welovecycling.com\/hu\/#website\",\"url\":\"https:\/\/www.welovecycling.com\/hu\/\",\"name\":\"\u0160koda We Love Cycling - Magyarorsz\u00e1g\",\"description\":\"\u0160koda WeLoveCycling\",\"potentialAction\":[{\"@type\":\"SearchAction\",\"target\":{\"@type\":\"EntryPoint\",\"urlTemplate\":\"https:\/\/www.welovecycling.com\/hu\/?s={search_term_string}\"},\"query-input\":{\"@type\":\"PropertyValueSpecification\",\"valueRequired\":true,\"valueName\":\"search_term_string\"}}],\"inLanguage\":\"hu\"},{\"@type\":\"Person\",\"@id\":\"https:\/\/www.welovecycling.com\/hu\/#\/schema\/person\/414a2aebf1801691a5320edb6468e194\",\"name\":\"hegyizs\",\"image\":{\"@type\":\"ImageObject\",\"inLanguage\":\"hu\",\"@id\":\"https:\/\/www.welovecycling.com\/hu\/#\/schema\/person\/image\/\",\"url\":\"https:\/\/secure.gravatar.com\/avatar\/02cf8a7906b8cf90cecb4679defac7cfd33a1c2e3b88e4903d947f3bb58eedd3?s=96&d=mm&r=g\",\"contentUrl\":\"https:\/\/secure.gravatar.com\/avatar\/02cf8a7906b8cf90cecb4679defac7cfd33a1c2e3b88e4903d947f3bb58eedd3?s=96&d=mm&r=g\",\"caption\":\"hegyizs\"},\"url\":\"https:\/\/www.welovecycling.com\/hu\/author\/hegyizs\/\"}]}<\/script>\n<!-- \/ Yoast SEO Premium plugin. -->","yoast_head_json":{"title":"Mikor szegd meg a k\u00f6zleked\u00e9si szab\u00e1lyokat? - \u0160koda We Love Cycling - Magyarorsz\u00e1g","description":"Nem sokan \u00e9rten\u00e9nek egyet azzal, hogy 2020 nem volt neh\u00e9z \u00e9v. Vannak azonban olyan bosszant\u00f3 dolgok, amik nem m\u00faltak el az \u00f3\u00e9vvel, ilyen p\u00e9ld\u00e1ul a szab\u00e1lyok betart\u00e1sa \u00e9s be nem tart\u00e1sa. N\u00e9zz\u00fck, melyik szab\u00e1lyokat kell mindenk\u00e9pp betartani, \u00e9s mik azok az \u00edrott vagy \u00edratlan k\u00f6zmegegyez\u00e9sek, amiket figyelmen k\u00edv\u00fcl hagyhatsz.","robots":{"index":"index","follow":"follow","max-snippet":"max-snippet:-1","max-image-preview":"max-image-preview:large","max-video-preview":"max-video-preview:-1"},"canonical":"https:\/\/www.welovecycling.com\/hu\/orszaguti-kerekpar\/mikor-szegd-meg-a-kozlekedesi-szabalyokat\/","og_locale":"hu_HU","og_type":"article","og_title":"Mikor szegd meg a k\u00f6zleked\u00e9si szab\u00e1lyokat?","og_description":"Nem sokan \u00e9rten\u00e9nek egyet azzal, hogy 2020 nem volt neh\u00e9z \u00e9v. Vannak azonban olyan bosszant\u00f3 dolgok, amik nem m\u00faltak el az \u00f3\u00e9vvel, ilyen p\u00e9ld\u00e1ul a szab\u00e1lyok betart\u00e1sa \u00e9s be nem tart\u00e1sa. N\u00e9zz\u00fck, melyik szab\u00e1lyokat kell mindenk\u00e9pp betartani, \u00e9s mik azok az \u00edrott vagy \u00edratlan k\u00f6zmegegyez\u00e9sek, amiket figyelmen k\u00edv\u00fcl hagyhatsz.","og_url":"https:\/\/www.welovecycling.com\/hu\/orszaguti-kerekpar\/mikor-szegd-meg-a-kozlekedesi-szabalyokat\/","og_site_name":"\u0160koda We Love Cycling - Magyarorsz\u00e1g","article_publisher":"https:\/\/www.facebook.com\/WeLoveCyclingHungary\/","article_published_time":"2021-02-07T07:00:34+00:00","og_image":[{"width":1366,"height":600,"url":"https:\/\/d2p6e6u75xmxt8.cloudfront.net\/12\/2021\/01\/Traffic-light-profimedia-0562842922-CVR.jpg","type":"image\/jpeg"}],"author":"hegyizs","twitter_card":"summary_large_image","twitter_misc":{"Written by":"Christopher Ashley","Est. reading time":"5"},"schema":{"@context":"https:\/\/schema.org","@graph":[{"@type":"WebPage","@id":"https:\/\/www.welovecycling.com\/hu\/orszaguti-kerekpar\/mikor-szegd-meg-a-kozlekedesi-szabalyokat\/","url":"https:\/\/www.welovecycling.com\/hu\/orszaguti-kerekpar\/mikor-szegd-meg-a-kozlekedesi-szabalyokat\/","name":"Mikor szegd meg a k\u00f6zleked\u00e9si szab\u00e1lyokat? - \u0160koda We Love Cycling - Magyarorsz\u00e1g","isPartOf":{"@id":"https:\/\/www.welovecycling.com\/hu\/#website"},"primaryImageOfPage":{"@id":"https:\/\/www.welovecycling.com\/hu\/orszaguti-kerekpar\/mikor-szegd-meg-a-kozlekedesi-szabalyokat\/#primaryimage"},"image":{"@id":"https:\/\/www.welovecycling.com\/hu\/orszaguti-kerekpar\/mikor-szegd-meg-a-kozlekedesi-szabalyokat\/#primaryimage"},"thumbnailUrl":"https:\/\/d2p6e6u75xmxt8.cloudfront.net\/12\/2021\/01\/Traffic-light-profimedia-0562842922-CVR.jpg","datePublished":"2021-02-07T07:00:34+00:00","author":{"@id":"https:\/\/www.welovecycling.com\/hu\/#\/schema\/person\/414a2aebf1801691a5320edb6468e194"},"description":"Nem sokan \u00e9rten\u00e9nek egyet azzal, hogy 2020 nem volt neh\u00e9z \u00e9v. Vannak azonban olyan bosszant\u00f3 dolgok, amik nem m\u00faltak el az \u00f3\u00e9vvel, ilyen p\u00e9ld\u00e1ul a szab\u00e1lyok betart\u00e1sa \u00e9s be nem tart\u00e1sa. N\u00e9zz\u00fck, melyik szab\u00e1lyokat kell mindenk\u00e9pp betartani, \u00e9s mik azok az \u00edrott vagy \u00edratlan k\u00f6zmegegyez\u00e9sek, amiket figyelmen k\u00edv\u00fcl hagyhatsz.","breadcrumb":{"@id":"https:\/\/www.welovecycling.com\/hu\/orszaguti-kerekpar\/mikor-szegd-meg-a-kozlekedesi-szabalyokat\/#breadcrumb"},"inLanguage":"hu","potentialAction":[{"@type":"ReadAction","target":["https:\/\/www.welovecycling.com\/hu\/orszaguti-kerekpar\/mikor-szegd-meg-a-kozlekedesi-szabalyokat\/"]}]},{"@type":"ImageObject","inLanguage":"hu","@id":"https:\/\/www.welovecycling.com\/hu\/orszaguti-kerekpar\/mikor-szegd-meg-a-kozlekedesi-szabalyokat\/#primaryimage","url":"https:\/\/d2p6e6u75xmxt8.cloudfront.net\/12\/2021\/01\/Traffic-light-profimedia-0562842922-CVR.jpg","contentUrl":"https:\/\/d2p6e6u75xmxt8.cloudfront.net\/12\/2021\/01\/Traffic-light-profimedia-0562842922-CVR.jpg","width":1366,"height":600,"caption":"Bicycle light"},{"@type":"BreadcrumbList","@id":"https:\/\/www.welovecycling.com\/hu\/orszaguti-kerekpar\/mikor-szegd-meg-a-kozlekedesi-szabalyokat\/#breadcrumb","itemListElement":[{"@type":"ListItem","position":1,"name":"Home","item":"https:\/\/www.welovecycling.com\/hu\/"},{"@type":"ListItem","position":2,"name":"Mikor szegd meg a k\u00f6zleked\u00e9si szab\u00e1lyokat?"}]},{"@type":"WebSite","@id":"https:\/\/www.welovecycling.com\/hu\/#website","url":"https:\/\/www.welovecycling.com\/hu\/","name":"\u0160koda We Love Cycling - Magyarorsz\u00e1g","description":"\u0160koda WeLoveCycling","potentialAction":[{"@type":"SearchAction","target":{"@type":"EntryPoint","urlTemplate":"https:\/\/www.welovecycling.com\/hu\/?s={search_term_string}"},"query-input":{"@type":"PropertyValueSpecification","valueRequired":true,"valueName":"search_term_string"}}],"inLanguage":"hu"},{"@type":"Person","@id":"https:\/\/www.welovecycling.com\/hu\/#\/schema\/person\/414a2aebf1801691a5320edb6468e194","name":"hegyizs","image":{"@type":"ImageObject","inLanguage":"hu","@id":"https:\/\/www.welovecycling.com\/hu\/#\/schema\/person\/image\/","url":"https:\/\/secure.gravatar.com\/avatar\/02cf8a7906b8cf90cecb4679defac7cfd33a1c2e3b88e4903d947f3bb58eedd3?s=96&d=mm&r=g","contentUrl":"https:\/\/secure.gravatar.com\/avatar\/02cf8a7906b8cf90cecb4679defac7cfd33a1c2e3b88e4903d947f3bb58eedd3?s=96&d=mm&r=g","caption":"hegyizs"},"url":"https:\/\/www.welovecycling.com\/hu\/author\/hegyizs\/"}]}},"_links":{"self":[{"href":"https:\/\/www.welovecycling.com\/hu\/wp-json\/wp\/v2\/posts\/10037","targetHints":{"allow":["GET"]}}],"collection":[{"href":"https:\/\/www.welovecycling.com\/hu\/wp-json\/wp\/v2\/posts"}],"about":[{"href":"https:\/\/www.welovecycling.com\/hu\/wp-json\/wp\/v2\/types\/post"}],"author":[{"embeddable":true,"href":"https:\/\/www.welovecycling.com\/hu\/wp-json\/wp\/v2\/users\/71"}],"replies":[{"embeddable":true,"href":"https:\/\/www.welovecycling.com\/hu\/wp-json\/wp\/v2\/comments?post=10037"}],"version-history":[{"count":1,"href":"https:\/\/www.welovecycling.com\/hu\/wp-json\/wp\/v2\/posts\/10037\/revisions"}],"predecessor-version":[{"id":10043,"href":"https:\/\/www.welovecycling.com\/hu\/wp-json\/wp\/v2\/posts\/10037\/revisions\/10043"}],"wp:featuredmedia":[{"embeddable":true,"href":"https:\/\/www.welovecycling.com\/hu\/wp-json\/wp\/v2\/media\/10041"}],"wp:attachment":[{"href":"https:\/\/www.welovecycling.com\/hu\/wp-json\/wp\/v2\/media?parent=10037"}],"wp:term":[{"taxonomy":"category","embeddable":true,"href":"https:\/\/www.welovecycling.com\/hu\/wp-json\/wp\/v2\/categories?post=10037"},{"taxonomy":"post_tag","embeddable":true,"href":"https:\/\/www.welovecycling.com\/hu\/wp-json\/wp\/v2\/tags?post=10037"},{"taxonomy":"global-categories","embeddable":true,"href":"https:\/\/www.welovecycling.com\/hu\/wp-json\/wp\/v2\/global-categories?post=10037"}],"curies":[{"name":"wp","href":"https:\/\/api.w.org\/{rel}","templated":true}]}}