{"id":10033,"date":"2021-02-02T08:00:44","date_gmt":"2021-02-02T07:00:44","guid":{"rendered":"https:\/\/www.welovecycling.com\/hu\/?p=10033"},"modified":"2021-01-29T16:51:43","modified_gmt":"2021-01-29T15:51:43","slug":"a-koronavirus-okozta-a-biciklizes-harmadik-nagy-nepszerusegi-hullamat","status":"publish","type":"post","link":"https:\/\/www.welovecycling.com\/hu\/orszaguti-kerekpar\/a-koronavirus-okozta-a-biciklizes-harmadik-nagy-nepszerusegi-hullamat\/","title":{"rendered":"\u201eA koronav\u00edrus okozta a bicikliz\u00e9s harmadik nagy n\u00e9pszer\u0171s\u00e9gi hull\u00e1m\u00e1t\u201d"},"content":{"rendered":"<p><strong>A Rapha sz\u00e1m\u00e1ra jelent\u0151s profitot hozott a vil\u00e1gm\u00e9ret\u0171 j\u00e1rv\u00e1ny, a londoni ruh\u00e1zati c\u00e9g vez\u00e9rigazgat\u00f3ja szerint a mostani lehet a harmadik nagy bicikli-bumm.<\/strong><\/p>\n<p><!--more--><\/p>\n<p>Simon Mottram 2017-ben a t\u00f6bbs\u00e9gi r\u00e9szesed\u00e9s\u00e9t eladta egy befektet\u00e9si csoportnak, amit a Walmart t\u00e1rsas\u00e1g \u00f6r\u00f6k\u00f6sei ir\u00e1ny\u00edtanak. Azonban tov\u00e1bbra is \u0151 a Rapha f\u0151n\u00f6ke. Nem r\u00e9g a Telegraphnak adott interj\u00fat a c\u00e9g jelenlegi p\u00e9nz\u00fcgyi helyzet\u00e9r\u0151l. Mottram \u00e1ll\u00edt\u00e1sa szerint a 2008-as glob\u00e1lis gazdas\u00e1gi \u00f6sszeoml\u00e1s seg\u00edtett a v\u00e1llalatnak, ak\u00e1rcsak n\u00e9gy \u00e9vvel k\u00e9s\u0151bb a londoni olimpia. \u00c9s most a COVID-19 is.<\/p>\n<p><em>\u201eAzt hiszem, ez a harmadik fellend\u00fcl\u00e9s, amelyet a Rapha-n\u00e1l l\u00e1ttam, a harmadik biciklis robban\u00e1s. \u00c9rdekes, hogy a ker\u00e9kp\u00e1roz\u00e1s csod\u00e1latos pillanatai mennyire k\u00e9z a k\u00e9zben j\u00e1rnak a gazdas\u00e1gi probl\u00e9m\u00e1kkal.\u201d <\/em><\/p>\n<div class=\"embed-controller-wrapper\">\n<blockquote class=\"twitter-tweet\" data-width=\"500\" data-dnt=\"true\">\n<p lang=\"en\" dir=\"ltr\">Every January, each one of us at Rapha sets a new riding goal for the season ahead and we want to hear yours. <\/p>\n<p>Share your goal with us on Instagram using the hashtag <a href=\"https:\/\/twitter.com\/hashtag\/RaphaRidingGoals?src=hash&amp;ref_src=twsrc%5Etfw\">#RaphaRidingGoals<\/a> and we may just help make it happen. <a href=\"https:\/\/t.co\/w0Kf4kPSjm\">pic.twitter.com\/w0Kf4kPSjm<\/a><\/p>\n<p>&mdash; Rapha (@rapha) <a href=\"https:\/\/twitter.com\/rapha\/status\/1348253262168920065?ref_src=twsrc%5Etfw\">January 10, 2021<\/a><\/p><\/blockquote>\n<p><script async data-src=\"https:\/\/platform.twitter.com\/widgets.js\" charset=\"utf-8\"><\/script><\/div>\n<p>Mottram azt \u00e1ll\u00edtja, hogy a v\u00e1llalat 38% -os n\u00f6veked\u00e9st \u00e9rt el 2020-ban, mik\u00f6zben megd\u00f6bbent\u0151 13,8 milli\u00f3 fontot keresett (ad\u00f3z\u00e1s el\u0151tt).<\/p>\n<p><em> \u201eHa megn\u00e9zz\u00fck az \u00faj \u00fcgyfeleinket &#8211; tavaly, 2020-ban 155 000 \u00fcgyfelet vonzottunk be -, ezek az emberek nagyr\u00e9szt ker\u00e9kp\u00e1rosok, a vil\u00e1g minden t\u00e1j\u00e1n. Nem olyan emberek, akik \u00e9ppen \u00fagy d\u00f6nt\u00f6ttek, hogy vesznek egy sz\u00e9ldzsekit \u00e9s egy elektromos biciklit, amivel munk\u00e1ba j\u00e1rhatnak, a lez\u00e1r\u00e1s miatt. Olyan emberekr\u0151l van sz\u00f3, akik m\u00e1r bicikliztek, esetleg m\u00e1r kor\u00e1bban el\u00e9rte \u0151ket egy hull\u00e1m el\u00e9rte \u0151ket, de egy-k\u00e9t \u00e9v ut\u00e1n valamilyen okn\u00e1l fogva abbahagyt\u00e1k. A COVID-19 okozta v\u00e1ltoz\u00e1sok miatt sok ember kezdett \u00fajra \u00e9rdekl\u0151dni a bicikliz\u00e9s ir\u00e1nt.\u201d<\/em><\/p>\n<p>https:\/\/www.instagram.com\/p\/CKEr9OED1L8\/?utm_source=ig_web_copy_link<\/p>\n<p><em>\u201eK\u00e9t-h\u00e1rom teker\u00e9sn\u00e9l nem is kell t\u00f6bb, ahhoz, hogy esz\u00fcnkbe jusson: \u201eIm\u00e1dom ezt. El is felejtettem, mennyire szeretem csin\u00e1lni.\u201d Ezut\u00e1n a k\u00f6vetkez\u0151k\u00f6n kezd\u00fcnk agyalni:\u201e Nos, nem megyek nyaralni, \u00e9s \u00faj aut\u00f3t sem tervezek venni. Teh\u00e1t tal\u00e1n megengedhetek magamnak egy \u00faj r\u00f6vidnadr\u00e1got? \u201d<\/em><\/p>\n<p>K\u00f6r\u00fcl\u00f6tted is \u00e9szrevehet\u0151 a bicikliz\u00e9s fellend\u00fcl\u00e9se?<\/p>\n","protected":false},"excerpt":{"rendered":"<p>A Rapha sz\u00e1m\u00e1ra jelent\u0151s profitot hozott a vil\u00e1gm\u00e9ret\u0171 j\u00e1rv\u00e1ny, a londoni ruh\u00e1zati c\u00e9g vez\u00e9rigazgat\u00f3ja szerint a mostani lehet a harmadik [&hellip;]<\/p>\n","protected":false},"author":71,"featured_media":10036,"comment_status":"closed","ping_status":"closed","sticky":false,"template":"","format":"standard","meta":{"footnotes":""},"categories":[8],"tags":[],"global-categories":[],"class_list":["post-10033","post","type-post","status-publish","format-standard","has-post-thumbnail","hentry","category-orszaguti-kerekpar"],"yoast_head":"<!-- This site is optimized with the Yoast SEO Premium plugin v25.3 (Yoast SEO v25.9) - https:\/\/yoast.com\/wordpress\/plugins\/seo\/ -->\n<title>\u201eA koronav\u00edrus okozta a bicikliz\u00e9s harmadik nagy n\u00e9pszer\u0171s\u00e9gi hull\u00e1m\u00e1t\u201d<\/title>\n<meta name=\"description\" content=\"A Rapha sz\u00e1m\u00e1ra jelent\u0151s profitot hozott a vil\u00e1gm\u00e9ret\u0171 j\u00e1rv\u00e1ny, a londoni ruh\u00e1zati c\u00e9g vez\u00e9rigazgat\u00f3ja szerint a mostani lehet a harmadik nagy bicikli-bumm.\" \/>\n<meta name=\"robots\" content=\"index, follow, max-snippet:-1, max-image-preview:large, max-video-preview:-1\" \/>\n<link rel=\"canonical\" href=\"https:\/\/www.welovecycling.com\/hu\/orszaguti-kerekpar\/a-koronavirus-okozta-a-biciklizes-harmadik-nagy-nepszerusegi-hullamat\/\" \/>\n<meta property=\"og:locale\" content=\"hu_HU\" \/>\n<meta property=\"og:type\" content=\"article\" \/>\n<meta property=\"og:title\" content=\"\u201eA koronav\u00edrus okozta a bicikliz\u00e9s harmadik nagy n\u00e9pszer\u0171s\u00e9gi hull\u00e1m\u00e1t\u201d\" \/>\n<meta property=\"og:description\" content=\"A Rapha sz\u00e1m\u00e1ra jelent\u0151s profitot hozott a vil\u00e1gm\u00e9ret\u0171 j\u00e1rv\u00e1ny, a londoni ruh\u00e1zati c\u00e9g vez\u00e9rigazgat\u00f3ja szerint a mostani lehet a harmadik nagy bicikli-bumm.\" \/>\n<meta property=\"og:url\" content=\"https:\/\/www.welovecycling.com\/hu\/orszaguti-kerekpar\/a-koronavirus-okozta-a-biciklizes-harmadik-nagy-nepszerusegi-hullamat\/\" \/>\n<meta property=\"og:site_name\" content=\"\u0160koda We Love Cycling - Magyarorsz\u00e1g\" \/>\n<meta property=\"article:publisher\" content=\"https:\/\/www.facebook.com\/WeLoveCyclingHungary\/\" \/>\n<meta property=\"article:published_time\" content=\"2021-02-02T07:00:44+00:00\" \/>\n<meta property=\"og:image\" content=\"https:\/\/d2p6e6u75xmxt8.cloudfront.net\/12\/2021\/01\/Urban-cycling-London-profimedia-0584167028-CVR.jpg\" \/>\n\t<meta property=\"og:image:width\" content=\"1366\" \/>\n\t<meta property=\"og:image:height\" content=\"600\" \/>\n\t<meta property=\"og:image:type\" content=\"image\/jpeg\" \/>\n<meta name=\"author\" content=\"hegyizs\" \/>\n<meta name=\"twitter:card\" content=\"summary_large_image\" \/>\n<meta name=\"twitter:label1\" content=\"Written by\" \/>\n\t<meta name=\"twitter:data1\" content=\"Monica Buck\" \/>\n\t<meta name=\"twitter:label2\" content=\"Est. reading time\" \/>\n\t<meta name=\"twitter:data2\" content=\"5\" \/>\n<script type=\"application\/ld+json\" class=\"yoast-schema-graph\">{\"@context\":\"https:\/\/schema.org\",\"@graph\":[{\"@type\":\"WebPage\",\"@id\":\"https:\/\/www.welovecycling.com\/hu\/orszaguti-kerekpar\/a-koronavirus-okozta-a-biciklizes-harmadik-nagy-nepszerusegi-hullamat\/\",\"url\":\"https:\/\/www.welovecycling.com\/hu\/orszaguti-kerekpar\/a-koronavirus-okozta-a-biciklizes-harmadik-nagy-nepszerusegi-hullamat\/\",\"name\":\"\u201eA koronav\u00edrus okozta a bicikliz\u00e9s harmadik nagy n\u00e9pszer\u0171s\u00e9gi hull\u00e1m\u00e1t\u201d\",\"isPartOf\":{\"@id\":\"https:\/\/www.welovecycling.com\/hu\/#website\"},\"primaryImageOfPage\":{\"@id\":\"https:\/\/www.welovecycling.com\/hu\/orszaguti-kerekpar\/a-koronavirus-okozta-a-biciklizes-harmadik-nagy-nepszerusegi-hullamat\/#primaryimage\"},\"image\":{\"@id\":\"https:\/\/www.welovecycling.com\/hu\/orszaguti-kerekpar\/a-koronavirus-okozta-a-biciklizes-harmadik-nagy-nepszerusegi-hullamat\/#primaryimage\"},\"thumbnailUrl\":\"https:\/\/d2p6e6u75xmxt8.cloudfront.net\/12\/2021\/01\/Urban-cycling-London-profimedia-0584167028-CVR.jpg\",\"datePublished\":\"2021-02-02T07:00:44+00:00\",\"author\":{\"@id\":\"https:\/\/www.welovecycling.com\/hu\/#\/schema\/person\/414a2aebf1801691a5320edb6468e194\"},\"description\":\"A Rapha sz\u00e1m\u00e1ra jelent\u0151s profitot hozott a vil\u00e1gm\u00e9ret\u0171 j\u00e1rv\u00e1ny, a londoni ruh\u00e1zati c\u00e9g vez\u00e9rigazgat\u00f3ja szerint a mostani lehet a harmadik nagy bicikli-bumm.\",\"breadcrumb\":{\"@id\":\"https:\/\/www.welovecycling.com\/hu\/orszaguti-kerekpar\/a-koronavirus-okozta-a-biciklizes-harmadik-nagy-nepszerusegi-hullamat\/#breadcrumb\"},\"inLanguage\":\"hu\",\"potentialAction\":[{\"@type\":\"ReadAction\",\"target\":[\"https:\/\/www.welovecycling.com\/hu\/orszaguti-kerekpar\/a-koronavirus-okozta-a-biciklizes-harmadik-nagy-nepszerusegi-hullamat\/\"]}]},{\"@type\":\"ImageObject\",\"inLanguage\":\"hu\",\"@id\":\"https:\/\/www.welovecycling.com\/hu\/orszaguti-kerekpar\/a-koronavirus-okozta-a-biciklizes-harmadik-nagy-nepszerusegi-hullamat\/#primaryimage\",\"url\":\"https:\/\/d2p6e6u75xmxt8.cloudfront.net\/12\/2021\/01\/Urban-cycling-London-profimedia-0584167028-CVR.jpg\",\"contentUrl\":\"https:\/\/d2p6e6u75xmxt8.cloudfront.net\/12\/2021\/01\/Urban-cycling-London-profimedia-0584167028-CVR.jpg\",\"width\":1366,\"height\":600,\"caption\":\"Cycling in London\"},{\"@type\":\"BreadcrumbList\",\"@id\":\"https:\/\/www.welovecycling.com\/hu\/orszaguti-kerekpar\/a-koronavirus-okozta-a-biciklizes-harmadik-nagy-nepszerusegi-hullamat\/#breadcrumb\",\"itemListElement\":[{\"@type\":\"ListItem\",\"position\":1,\"name\":\"Home\",\"item\":\"https:\/\/www.welovecycling.com\/hu\/\"},{\"@type\":\"ListItem\",\"position\":2,\"name\":\"\u201eA koronav\u00edrus okozta a bicikliz\u00e9s harmadik nagy n\u00e9pszer\u0171s\u00e9gi hull\u00e1m\u00e1t\u201d\"}]},{\"@type\":\"WebSite\",\"@id\":\"https:\/\/www.welovecycling.com\/hu\/#website\",\"url\":\"https:\/\/www.welovecycling.com\/hu\/\",\"name\":\"\u0160koda We Love Cycling - Magyarorsz\u00e1g\",\"description\":\"\u0160koda WeLoveCycling\",\"potentialAction\":[{\"@type\":\"SearchAction\",\"target\":{\"@type\":\"EntryPoint\",\"urlTemplate\":\"https:\/\/www.welovecycling.com\/hu\/?s={search_term_string}\"},\"query-input\":{\"@type\":\"PropertyValueSpecification\",\"valueRequired\":true,\"valueName\":\"search_term_string\"}}],\"inLanguage\":\"hu\"},{\"@type\":\"Person\",\"@id\":\"https:\/\/www.welovecycling.com\/hu\/#\/schema\/person\/414a2aebf1801691a5320edb6468e194\",\"name\":\"hegyizs\",\"image\":{\"@type\":\"ImageObject\",\"inLanguage\":\"hu\",\"@id\":\"https:\/\/www.welovecycling.com\/hu\/#\/schema\/person\/image\/\",\"url\":\"https:\/\/secure.gravatar.com\/avatar\/02cf8a7906b8cf90cecb4679defac7cfd33a1c2e3b88e4903d947f3bb58eedd3?s=96&d=mm&r=g\",\"contentUrl\":\"https:\/\/secure.gravatar.com\/avatar\/02cf8a7906b8cf90cecb4679defac7cfd33a1c2e3b88e4903d947f3bb58eedd3?s=96&d=mm&r=g\",\"caption\":\"hegyizs\"},\"url\":\"https:\/\/www.welovecycling.com\/hu\/author\/hegyizs\/\"}]}<\/script>\n<!-- \/ Yoast SEO Premium plugin. -->","yoast_head_json":{"title":"\u201eA koronav\u00edrus okozta a bicikliz\u00e9s harmadik nagy n\u00e9pszer\u0171s\u00e9gi hull\u00e1m\u00e1t\u201d","description":"A Rapha sz\u00e1m\u00e1ra jelent\u0151s profitot hozott a vil\u00e1gm\u00e9ret\u0171 j\u00e1rv\u00e1ny, a londoni ruh\u00e1zati c\u00e9g vez\u00e9rigazgat\u00f3ja szerint a mostani lehet a harmadik nagy bicikli-bumm.","robots":{"index":"index","follow":"follow","max-snippet":"max-snippet:-1","max-image-preview":"max-image-preview:large","max-video-preview":"max-video-preview:-1"},"canonical":"https:\/\/www.welovecycling.com\/hu\/orszaguti-kerekpar\/a-koronavirus-okozta-a-biciklizes-harmadik-nagy-nepszerusegi-hullamat\/","og_locale":"hu_HU","og_type":"article","og_title":"\u201eA koronav\u00edrus okozta a bicikliz\u00e9s harmadik nagy n\u00e9pszer\u0171s\u00e9gi hull\u00e1m\u00e1t\u201d","og_description":"A Rapha sz\u00e1m\u00e1ra jelent\u0151s profitot hozott a vil\u00e1gm\u00e9ret\u0171 j\u00e1rv\u00e1ny, a londoni ruh\u00e1zati c\u00e9g vez\u00e9rigazgat\u00f3ja szerint a mostani lehet a harmadik nagy bicikli-bumm.","og_url":"https:\/\/www.welovecycling.com\/hu\/orszaguti-kerekpar\/a-koronavirus-okozta-a-biciklizes-harmadik-nagy-nepszerusegi-hullamat\/","og_site_name":"\u0160koda We Love Cycling - Magyarorsz\u00e1g","article_publisher":"https:\/\/www.facebook.com\/WeLoveCyclingHungary\/","article_published_time":"2021-02-02T07:00:44+00:00","og_image":[{"width":1366,"height":600,"url":"https:\/\/d2p6e6u75xmxt8.cloudfront.net\/12\/2021\/01\/Urban-cycling-London-profimedia-0584167028-CVR.jpg","type":"image\/jpeg"}],"author":"hegyizs","twitter_card":"summary_large_image","twitter_misc":{"Written by":"Monica Buck","Est. reading time":"5"},"schema":{"@context":"https:\/\/schema.org","@graph":[{"@type":"WebPage","@id":"https:\/\/www.welovecycling.com\/hu\/orszaguti-kerekpar\/a-koronavirus-okozta-a-biciklizes-harmadik-nagy-nepszerusegi-hullamat\/","url":"https:\/\/www.welovecycling.com\/hu\/orszaguti-kerekpar\/a-koronavirus-okozta-a-biciklizes-harmadik-nagy-nepszerusegi-hullamat\/","name":"\u201eA koronav\u00edrus okozta a bicikliz\u00e9s harmadik nagy n\u00e9pszer\u0171s\u00e9gi hull\u00e1m\u00e1t\u201d","isPartOf":{"@id":"https:\/\/www.welovecycling.com\/hu\/#website"},"primaryImageOfPage":{"@id":"https:\/\/www.welovecycling.com\/hu\/orszaguti-kerekpar\/a-koronavirus-okozta-a-biciklizes-harmadik-nagy-nepszerusegi-hullamat\/#primaryimage"},"image":{"@id":"https:\/\/www.welovecycling.com\/hu\/orszaguti-kerekpar\/a-koronavirus-okozta-a-biciklizes-harmadik-nagy-nepszerusegi-hullamat\/#primaryimage"},"thumbnailUrl":"https:\/\/d2p6e6u75xmxt8.cloudfront.net\/12\/2021\/01\/Urban-cycling-London-profimedia-0584167028-CVR.jpg","datePublished":"2021-02-02T07:00:44+00:00","author":{"@id":"https:\/\/www.welovecycling.com\/hu\/#\/schema\/person\/414a2aebf1801691a5320edb6468e194"},"description":"A Rapha sz\u00e1m\u00e1ra jelent\u0151s profitot hozott a vil\u00e1gm\u00e9ret\u0171 j\u00e1rv\u00e1ny, a londoni ruh\u00e1zati c\u00e9g vez\u00e9rigazgat\u00f3ja szerint a mostani lehet a harmadik nagy bicikli-bumm.","breadcrumb":{"@id":"https:\/\/www.welovecycling.com\/hu\/orszaguti-kerekpar\/a-koronavirus-okozta-a-biciklizes-harmadik-nagy-nepszerusegi-hullamat\/#breadcrumb"},"inLanguage":"hu","potentialAction":[{"@type":"ReadAction","target":["https:\/\/www.welovecycling.com\/hu\/orszaguti-kerekpar\/a-koronavirus-okozta-a-biciklizes-harmadik-nagy-nepszerusegi-hullamat\/"]}]},{"@type":"ImageObject","inLanguage":"hu","@id":"https:\/\/www.welovecycling.com\/hu\/orszaguti-kerekpar\/a-koronavirus-okozta-a-biciklizes-harmadik-nagy-nepszerusegi-hullamat\/#primaryimage","url":"https:\/\/d2p6e6u75xmxt8.cloudfront.net\/12\/2021\/01\/Urban-cycling-London-profimedia-0584167028-CVR.jpg","contentUrl":"https:\/\/d2p6e6u75xmxt8.cloudfront.net\/12\/2021\/01\/Urban-cycling-London-profimedia-0584167028-CVR.jpg","width":1366,"height":600,"caption":"Cycling in London"},{"@type":"BreadcrumbList","@id":"https:\/\/www.welovecycling.com\/hu\/orszaguti-kerekpar\/a-koronavirus-okozta-a-biciklizes-harmadik-nagy-nepszerusegi-hullamat\/#breadcrumb","itemListElement":[{"@type":"ListItem","position":1,"name":"Home","item":"https:\/\/www.welovecycling.com\/hu\/"},{"@type":"ListItem","position":2,"name":"\u201eA koronav\u00edrus okozta a bicikliz\u00e9s harmadik nagy n\u00e9pszer\u0171s\u00e9gi hull\u00e1m\u00e1t\u201d"}]},{"@type":"WebSite","@id":"https:\/\/www.welovecycling.com\/hu\/#website","url":"https:\/\/www.welovecycling.com\/hu\/","name":"\u0160koda We Love Cycling - Magyarorsz\u00e1g","description":"\u0160koda WeLoveCycling","potentialAction":[{"@type":"SearchAction","target":{"@type":"EntryPoint","urlTemplate":"https:\/\/www.welovecycling.com\/hu\/?s={search_term_string}"},"query-input":{"@type":"PropertyValueSpecification","valueRequired":true,"valueName":"search_term_string"}}],"inLanguage":"hu"},{"@type":"Person","@id":"https:\/\/www.welovecycling.com\/hu\/#\/schema\/person\/414a2aebf1801691a5320edb6468e194","name":"hegyizs","image":{"@type":"ImageObject","inLanguage":"hu","@id":"https:\/\/www.welovecycling.com\/hu\/#\/schema\/person\/image\/","url":"https:\/\/secure.gravatar.com\/avatar\/02cf8a7906b8cf90cecb4679defac7cfd33a1c2e3b88e4903d947f3bb58eedd3?s=96&d=mm&r=g","contentUrl":"https:\/\/secure.gravatar.com\/avatar\/02cf8a7906b8cf90cecb4679defac7cfd33a1c2e3b88e4903d947f3bb58eedd3?s=96&d=mm&r=g","caption":"hegyizs"},"url":"https:\/\/www.welovecycling.com\/hu\/author\/hegyizs\/"}]}},"_links":{"self":[{"href":"https:\/\/www.welovecycling.com\/hu\/wp-json\/wp\/v2\/posts\/10033","targetHints":{"allow":["GET"]}}],"collection":[{"href":"https:\/\/www.welovecycling.com\/hu\/wp-json\/wp\/v2\/posts"}],"about":[{"href":"https:\/\/www.welovecycling.com\/hu\/wp-json\/wp\/v2\/types\/post"}],"author":[{"embeddable":true,"href":"https:\/\/www.welovecycling.com\/hu\/wp-json\/wp\/v2\/users\/71"}],"replies":[{"embeddable":true,"href":"https:\/\/www.welovecycling.com\/hu\/wp-json\/wp\/v2\/comments?post=10033"}],"version-history":[{"count":1,"href":"https:\/\/www.welovecycling.com\/hu\/wp-json\/wp\/v2\/posts\/10033\/revisions"}],"predecessor-version":[{"id":10044,"href":"https:\/\/www.welovecycling.com\/hu\/wp-json\/wp\/v2\/posts\/10033\/revisions\/10044"}],"wp:featuredmedia":[{"embeddable":true,"href":"https:\/\/www.welovecycling.com\/hu\/wp-json\/wp\/v2\/media\/10036"}],"wp:attachment":[{"href":"https:\/\/www.welovecycling.com\/hu\/wp-json\/wp\/v2\/media?parent=10033"}],"wp:term":[{"taxonomy":"category","embeddable":true,"href":"https:\/\/www.welovecycling.com\/hu\/wp-json\/wp\/v2\/categories?post=10033"},{"taxonomy":"post_tag","embeddable":true,"href":"https:\/\/www.welovecycling.com\/hu\/wp-json\/wp\/v2\/tags?post=10033"},{"taxonomy":"global-categories","embeddable":true,"href":"https:\/\/www.welovecycling.com\/hu\/wp-json\/wp\/v2\/global-categories?post=10033"}],"curies":[{"name":"wp","href":"https:\/\/api.w.org\/{rel}","templated":true}]}}