{"id":10027,"date":"2021-02-03T08:00:36","date_gmt":"2021-02-03T07:00:36","guid":{"rendered":"https:\/\/www.welovecycling.com\/hu\/?p=10027"},"modified":"2022-07-22T09:36:12","modified_gmt":"2022-07-22T07:36:12","slug":"igy-valtozott-a-tour-de-france-versenyzok-testalkata-az-ido-mulasaval","status":"publish","type":"post","link":"https:\/\/www.welovecycling.com\/hu\/orszaguti-kerekpar\/igy-valtozott-a-tour-de-france-versenyzok-testalkata-az-ido-mulasaval\/","title":{"rendered":"\u00cdgy v\u00e1ltozott a Tour De France versenyz\u0151k testalkata az id\u0151 m\u00fal\u00e1s\u00e1val"},"content":{"rendered":"<p><strong>Eszedbe jutott m\u00e1r valaha, milyen lenne, ha te nyern\u00e9d meg a Tour de France-t? Most felejts\u00fck el az ehhez sz\u00fcks\u00e9ges edz\u00e9seket, az anyagi t\u00e1mogat\u00e1st \u00e9s a szerencs\u00e9t, mert ez\u00fattal csak az emberi testben rejl\u0151 lehet\u0151s\u00e9gekre szeretn\u00e9nk koncentr\u00e1lni. Robert J. Wood, a Topendsports.com munkat\u00e1rsa megvizsg\u00e1lta az elm\u00falt \u00e9vek TdF nyerteseinek testi adotts\u00e1gait, hozz\u00e1vette az \u00e9letkorukat \u00e9s \u00f6sszefoglalta az eredm\u00e9nyeket, amiket most megosztunk veled is. Te beleillen\u00e9l a potenci\u00e1lis nyertesekr\u0151l rajzolt k\u00e9pbe?<\/strong><\/p>\n<p><!--more--><\/p>\n<h2><strong>Egyre karcs\u00fabbak, de a magass\u00e1guk v\u00e1ltozatlan<\/strong><\/h2>\n<p>Mint azt te is megfigyelhetted m\u00e1r, a hivat\u00e1sos biciklisek \u00e1ltal\u00e1ban felt\u0171n\u0151en sov\u00e1nyak, v\u00e9kony karjaik \u00e9s kiemelked\u0151en hossz\u00fa combjaik teszik \u0151ket k\u00f6nnyen felismerhet\u0151v\u00e9. A hosszabb combcsontok extra er\u0151t jelentenek sz\u00e1mukra ped\u00e1loz\u00e1s k\u00f6zben. A hegyi ker\u00e9kp\u00e1rosok \u00e1ltal\u00e1ban kisebbek \u00e9s k\u00f6nnyebbek, mint a sprinterek. A hegym\u00e1sz\u00f3s szakaszok d\u00f6nt\u0151nek bizonyulnak a Tour \u00f6sszes\u00edtett rangsor\u00e1ban, az ide\u00e1lis versenyz\u0151 teh\u00e1t valahol egy hegym\u00e1sz\u00f3 \u00e9s egy sprinter k\u00f6z\u00f6tt helyezkedik el. Mennyire v\u00e1ltozott a Tour r\u00e9sztvev\u0151inek testt\u00edpusa a t\u00f6rt\u00e9nelem sor\u00e1n? Utazzunk vissza kicsit a verseny m\u00faltj\u00e1ba!<\/p>\n<figure id=\"attachment_10028\" aria-describedby=\"caption-attachment-10028\" style=\"width: 1024px\" class=\"wp-caption alignnone\"><a href=\"https:\/\/d2p6e6u75xmxt8.cloudfront.net\/2\/2021\/01\/Tour-de-France-1980-profimedia-0068271717.jpg\"><img loading=\"lazy\" decoding=\"async\" class=\"wp-image-10028 size-large\" src=\"https:\/\/d2p6e6u75xmxt8.cloudfront.net\/12\/2021\/01\/Tour-de-France-1980-profimedia-0068271717-1024x671.jpg\" alt=\"1980 Tour de France\" width=\"1024\" height=\"671\" srcset=\"https:\/\/d2p6e6u75xmxt8.cloudfront.net\/12\/2021\/01\/Tour-de-France-1980-profimedia-0068271717-1024x671.jpg 1024w, https:\/\/d2p6e6u75xmxt8.cloudfront.net\/12\/2021\/01\/Tour-de-France-1980-profimedia-0068271717-300x197.jpg 300w, https:\/\/d2p6e6u75xmxt8.cloudfront.net\/12\/2021\/01\/Tour-de-France-1980-profimedia-0068271717-768x503.jpg 768w, https:\/\/d2p6e6u75xmxt8.cloudfront.net\/12\/2021\/01\/Tour-de-France-1980-profimedia-0068271717.jpg 1250w\" sizes=\"auto, (max-width: 1024px) 100vw, 1024px\" \/><\/a><figcaption id=\"caption-attachment-10028\" class=\"wp-caption-text\"><em>V\u00e1ltozott a profi ker\u00e9kp\u00e1rosok teste a Tour de France t\u00f6rt\u00e9nelme sor\u00e1n? \u00a9 Profimedia<\/em><\/figcaption><\/figure>\n<h2><strong>Testzs\u00edrveszt\u00e9s<\/strong><\/h2>\n<p>A korl\u00e1tozott er\u0151forr\u00e1sok ellen\u00e9re a Tour de France nyerteseinek olyan alapvet\u0151 adatai, mint p\u00e9ld\u00e1ul a magass\u00e1g \u00e9s a s\u00faly, rendelkez\u00e9s\u00e9re \u00e1llnak eg\u00e9szen az 1940-es \u00e9vekt\u0151l kezdve. Robert J. Wood kisz\u00e1m\u00edtotta \u00e1tlagos BMI-\u00e9rt\u00e9k\u00fcket \u00e9s elemezte testi adotts\u00e1gaikat. A r\u00e9sztvev\u0151k \u00e1tlagos magass\u00e1ga majdnem ugyanaz maradt az \u00e9vek sor\u00e1n, s\u00falyuk azonban jelent\u0151sen cs\u00f6kkent. A kisz\u00e1m\u00edtott testt\u00f6meg-indexek szerint a sikeres versenyz\u0151k ma karcs\u00fabbak, mint valaha. A rendelkez\u00e9sre \u00e1ll\u00f3 adatok szerint 1990 \u00f3ta 5 kg-mal cs\u00f6kkent a versenyz\u0151k s\u00falya, az \u00e1tlagos magass\u00e1g viszont nem v\u00e1ltozott.<\/p>\n<p>Maga a s\u00faly azonban nem jelent gy\u0151zelmet: Luis Oca\u00f1a 1973-ban uralta a versenyt, a maga 52 kil\u00f3j\u00e1val, az \u00f6tsz\u00f6r\u00f6s gy\u0151ztes Miguel Indurainon viszont 80 kg-ot nyomott. A nyertesek adatai \u00e1tlagosan m\u00e9gis azt mutatj\u00e1k, hogy a tests\u00faly cs\u00f6kken, m\u00edg a magass\u00e1g majdnem ugyanaz. Ez azt jelenti, hogy a versenyz\u0151k test\u00e9n egyre kevesebb a zs\u00edr.<\/p>\n<figure id=\"attachment_10029\" aria-describedby=\"caption-attachment-10029\" style=\"width: 1024px\" class=\"wp-caption alignnone\"><a href=\"https:\/\/d2p6e6u75xmxt8.cloudfront.net\/2\/2021\/01\/Luis-Ocana-profimedia-0068222482.jpg\"><img loading=\"lazy\" decoding=\"async\" class=\"wp-image-10029 size-large\" src=\"https:\/\/d2p6e6u75xmxt8.cloudfront.net\/12\/2021\/01\/Luis-Ocana-profimedia-0068222482-1024x881.jpg\" alt=\"Luis Ocana\" width=\"1024\" height=\"881\" srcset=\"https:\/\/d2p6e6u75xmxt8.cloudfront.net\/12\/2021\/01\/Luis-Ocana-profimedia-0068222482-1024x881.jpg 1024w, https:\/\/d2p6e6u75xmxt8.cloudfront.net\/12\/2021\/01\/Luis-Ocana-profimedia-0068222482-300x258.jpg 300w, https:\/\/d2p6e6u75xmxt8.cloudfront.net\/12\/2021\/01\/Luis-Ocana-profimedia-0068222482-768x660.jpg 768w, https:\/\/d2p6e6u75xmxt8.cloudfront.net\/12\/2021\/01\/Luis-Ocana-profimedia-0068222482.jpg 1250w\" sizes=\"auto, (max-width: 1024px) 100vw, 1024px\" \/><\/a><figcaption id=\"caption-attachment-10029\" class=\"wp-caption-text\"><i><span style=\"font-size: 9.5pt; font-family: 'Helvetica',sans-serif; color: #999999; background: white;\">Luis Oca\u00f1a in 1973-ban. \u00a9 Profimedia<\/span><\/i><\/figcaption><\/figure>\n<h2><strong>L\u00e9tezik optim\u00e1lis magass\u00e1g?<\/strong><\/h2>\n<p>Ha alacsonyabb vagy, mint 180 cm, rossz h\u00edr\u00fcnk van. A kiv\u00e9telek ellen\u00e9re az \u00e1tlagos TdF-r\u00e9sztvev\u0151k magass\u00e1ga 190 \u00e9s 180 cm k\u00f6z\u00f6tt mozog. A mez\u0151ny \u00f3ri\u00e1sa Marcel Sieberg volt, kiugr\u00f3 198 centim\u00e9ter\u00e9vel, aki a 2007-es \u00e9s a 2008-as Tour-on is r\u00e9szt vett, m\u00edg a legalacsonyabb versenyz\u0151 Samuel Dumoulin volt, a maga 159 centij\u00e9vel, aki 2003 \u00e9s 2016 k\u00f6z\u00f6tt 12 alkalommal versenyzett a Tour de France-on. Az 1947 \u00f3ta gy\u0171jt\u00f6tt adatok azt mutatj\u00e1k, hogy a versenyz\u0151k magass\u00e1ga n\u00f6vekszik &#8211; az ut\u00f3bbi \u00e9vtizedben sz\u00e1mos gy\u0151ztes figyelemre m\u00e9lt\u00f3an magas volt -, kiv\u00e9ve a mind\u00f6ssze 175 cm-es kolumbiai Egan Bernaltot. Az olyan legend\u00e1s gy\u0151ztesek, mint Chris Froome, Andy Schleck vagy Miguel Indurain, 186 cm-es magass\u00e1gukkal vert\u00e9k a mez\u0151ny t\u00f6bbi versenyz\u0151j\u00e9t.<\/p>\n<figure id=\"attachment_10030\" aria-describedby=\"caption-attachment-10030\" style=\"width: 1024px\" class=\"wp-caption alignnone\"><a href=\"https:\/\/d2p6e6u75xmxt8.cloudfront.net\/2\/2021\/01\/Marcel-Sieberg-profimedia-0496432661.jpg\"><img loading=\"lazy\" decoding=\"async\" class=\"wp-image-10030 size-large\" src=\"https:\/\/d2p6e6u75xmxt8.cloudfront.net\/12\/2021\/01\/Marcel-Sieberg-profimedia-0496432661-1024x682.jpg\" alt=\"Marcel Sieberg\" width=\"1024\" height=\"682\" srcset=\"https:\/\/d2p6e6u75xmxt8.cloudfront.net\/12\/2021\/01\/Marcel-Sieberg-profimedia-0496432661-1024x682.jpg 1024w, https:\/\/d2p6e6u75xmxt8.cloudfront.net\/12\/2021\/01\/Marcel-Sieberg-profimedia-0496432661-300x200.jpg 300w, https:\/\/d2p6e6u75xmxt8.cloudfront.net\/12\/2021\/01\/Marcel-Sieberg-profimedia-0496432661-768x511.jpg 768w, https:\/\/d2p6e6u75xmxt8.cloudfront.net\/12\/2021\/01\/Marcel-Sieberg-profimedia-0496432661-272x182.jpg 272w, https:\/\/d2p6e6u75xmxt8.cloudfront.net\/12\/2021\/01\/Marcel-Sieberg-profimedia-0496432661.jpg 1250w\" sizes=\"auto, (max-width: 1024px) 100vw, 1024px\" \/><\/a><figcaption id=\"caption-attachment-10030\" class=\"wp-caption-text\"><em>Biztosak vagyunk benne, hogy nem lesz neh\u00e9z dolgod megtal\u00e1ni Marcel Sieberget a k\u00e9pen. \u00a9 Profimedia<\/em><\/figcaption><\/figure>\n<h2><strong>Egyre id\u0151sebbek a ker\u00e9kp\u00e1rosok<\/strong><\/h2>\n<p>A legfiatalabb gy\u0151ztes Henri Cornet volt, aki 1904-ben, mind\u00f6ssze 20 \u00e9ves kor\u00e1ban nyerte meg a versenyt, m\u00edg a legid\u0151sebb, Firmin Lambot, 36 \u00e9ves volt \u00e9s 1922-ben lett els\u0151. Annak ellen\u00e9re, hogy Tadej Poga\u010dar alig 22 \u00e9ves kor\u00e1ban \u00a0gy\u0151z\u00f6tt, az elm\u00falt \u00e9vtizedben a c\u00edmv\u00e9d\u0151k \u00e1tlag\u00e9letkora 28 \u00e9v. A nyertesek \u00e1tlag\u00e9letkora k\u00f6zvetlen kapcsolatban \u00e1ll a r\u00e9sztvev\u0151k \u00e1tlag\u00e9letkor\u00e1val, ami 28-r\u00f3l lassan a jelenlegi 30 \u00e9vre n\u0151tt. A n\u00f6veked\u00e9s \u00f6sszef\u00fcgg\u00e9sben lehet az orvostudom\u00e1ny \u00e9s a t\u00e1pl\u00e1lkoz\u00e1s ter\u00e9n el\u00e9rt fejl\u0151d\u00e9ssel, valamint az egyre nagyobb nyerem\u00e9nyekkel, amik a ker\u00e9kp\u00e1rosokat arra \u00f6szt\u00f6nzik, hogy id\u0151sebb korban is versenyezzenek. A gy\u0151ztesek \u00e1tlagos \u00e9letkora n\u00f6vekedik, mivel egyre t\u00f6bben gondolj\u00e1k \u00fagy, hogy a tapasztaltabb versenyz\u0151knek nagyobb az es\u00e9ly\u00fck a sikerre, b\u00e1r term\u00e9szetesen vannak olyan kiv\u00e9telek, mint Egan Bernal, aki a m\u00e1sodik vil\u00e1gh\u00e1bor\u00fa \u00f3ta a Tour de France m\u00e1sodik legfiatalabb gy\u0151ztese.<\/p>\n","protected":false},"excerpt":{"rendered":"<p>Eszedbe jutott m\u00e1r valaha, milyen lenne, ha te nyern\u00e9d meg a Tour de France-t? Most felejts\u00fck el az ehhez sz\u00fcks\u00e9ges [&hellip;]<\/p>\n","protected":false},"author":71,"featured_media":10032,"comment_status":"closed","ping_status":"closed","sticky":false,"template":"","format":"standard","meta":{"footnotes":""},"categories":[8],"tags":[],"global-categories":[],"class_list":["post-10027","post","type-post","status-publish","format-standard","has-post-thumbnail","hentry","category-orszaguti-kerekpar"],"yoast_head":"<!-- This site is optimized with the Yoast SEO Premium plugin v25.3 (Yoast SEO v25.9) - https:\/\/yoast.com\/wordpress\/plugins\/seo\/ -->\n<title>\u00cdgy v\u00e1ltozott a Tour De France versenyz\u0151k testalkata az id\u0151 m\u00fal\u00e1s\u00e1val - \u0160koda We Love Cycling - Magyarorsz\u00e1g<\/title>\n<meta name=\"description\" content=\"Eszedbe jutott m\u00e1r valaha, milyen lenne, ha te nyern\u00e9d meg a Tour de France-t? Most felejts\u00fck el az ehhez sz\u00fcks\u00e9ges edz\u00e9seket, az anyagi t\u00e1mogat\u00e1st \u00e9s a szerencs\u00e9t, mert ez\u00fattal csak az emberi testben rejl\u0151 lehet\u0151s\u00e9gekre szeretn\u00e9nk koncentr\u00e1lni.\" \/>\n<meta name=\"robots\" content=\"index, follow, max-snippet:-1, max-image-preview:large, max-video-preview:-1\" \/>\n<link rel=\"canonical\" href=\"https:\/\/www.welovecycling.com\/hu\/orszaguti-kerekpar\/igy-valtozott-a-tour-de-france-versenyzok-testalkata-az-ido-mulasaval\/\" \/>\n<meta property=\"og:locale\" content=\"hu_HU\" \/>\n<meta property=\"og:type\" content=\"article\" \/>\n<meta property=\"og:title\" content=\"\u00cdgy v\u00e1ltozott a Tour De France versenyz\u0151k testalkata az id\u0151 m\u00fal\u00e1s\u00e1val\" \/>\n<meta property=\"og:description\" content=\"Eszedbe jutott m\u00e1r valaha, milyen lenne, ha te nyern\u00e9d meg a Tour de France-t? Most felejts\u00fck el az ehhez sz\u00fcks\u00e9ges edz\u00e9seket, az anyagi t\u00e1mogat\u00e1st \u00e9s a szerencs\u00e9t, mert ez\u00fattal csak az emberi testben rejl\u0151 lehet\u0151s\u00e9gekre szeretn\u00e9nk koncentr\u00e1lni.\" \/>\n<meta property=\"og:url\" content=\"https:\/\/www.welovecycling.com\/hu\/orszaguti-kerekpar\/igy-valtozott-a-tour-de-france-versenyzok-testalkata-az-ido-mulasaval\/\" \/>\n<meta property=\"og:site_name\" content=\"\u0160koda We Love Cycling - Magyarorsz\u00e1g\" \/>\n<meta property=\"article:publisher\" content=\"https:\/\/www.facebook.com\/WeLoveCyclingHungary\/\" \/>\n<meta property=\"article:published_time\" content=\"2021-02-03T07:00:36+00:00\" \/>\n<meta property=\"article:modified_time\" content=\"2022-07-22T07:36:12+00:00\" \/>\n<meta property=\"og:image\" content=\"https:\/\/d2p6e6u75xmxt8.cloudfront.net\/12\/2021\/01\/Tour-de-France-peloton-profimedia-0559058623-CVR.jpg\" \/>\n\t<meta property=\"og:image:width\" content=\"1366\" \/>\n\t<meta property=\"og:image:height\" content=\"600\" \/>\n\t<meta property=\"og:image:type\" content=\"image\/jpeg\" \/>\n<meta name=\"author\" content=\"hegyizs\" \/>\n<meta name=\"twitter:card\" content=\"summary_large_image\" \/>\n<meta name=\"twitter:label1\" content=\"Written by\" \/>\n\t<meta name=\"twitter:data1\" content=\"Adam Marsal\" \/>\n\t<meta name=\"twitter:label2\" content=\"Est. reading time\" \/>\n\t<meta name=\"twitter:data2\" content=\"5\" \/>\n<script type=\"application\/ld+json\" class=\"yoast-schema-graph\">{\"@context\":\"https:\/\/schema.org\",\"@graph\":[{\"@type\":\"WebPage\",\"@id\":\"https:\/\/www.welovecycling.com\/hu\/orszaguti-kerekpar\/igy-valtozott-a-tour-de-france-versenyzok-testalkata-az-ido-mulasaval\/\",\"url\":\"https:\/\/www.welovecycling.com\/hu\/orszaguti-kerekpar\/igy-valtozott-a-tour-de-france-versenyzok-testalkata-az-ido-mulasaval\/\",\"name\":\"\u00cdgy v\u00e1ltozott a Tour De France versenyz\u0151k testalkata az id\u0151 m\u00fal\u00e1s\u00e1val - \u0160koda We Love Cycling - Magyarorsz\u00e1g\",\"isPartOf\":{\"@id\":\"https:\/\/www.welovecycling.com\/hu\/#website\"},\"primaryImageOfPage\":{\"@id\":\"https:\/\/www.welovecycling.com\/hu\/orszaguti-kerekpar\/igy-valtozott-a-tour-de-france-versenyzok-testalkata-az-ido-mulasaval\/#primaryimage\"},\"image\":{\"@id\":\"https:\/\/www.welovecycling.com\/hu\/orszaguti-kerekpar\/igy-valtozott-a-tour-de-france-versenyzok-testalkata-az-ido-mulasaval\/#primaryimage\"},\"thumbnailUrl\":\"https:\/\/d2p6e6u75xmxt8.cloudfront.net\/12\/2021\/01\/Tour-de-France-peloton-profimedia-0559058623-CVR.jpg\",\"datePublished\":\"2021-02-03T07:00:36+00:00\",\"dateModified\":\"2022-07-22T07:36:12+00:00\",\"author\":{\"@id\":\"https:\/\/www.welovecycling.com\/hu\/#\/schema\/person\/414a2aebf1801691a5320edb6468e194\"},\"description\":\"Eszedbe jutott m\u00e1r valaha, milyen lenne, ha te nyern\u00e9d meg a Tour de France-t? Most felejts\u00fck el az ehhez sz\u00fcks\u00e9ges edz\u00e9seket, az anyagi t\u00e1mogat\u00e1st \u00e9s a szerencs\u00e9t, mert ez\u00fattal csak az emberi testben rejl\u0151 lehet\u0151s\u00e9gekre szeretn\u00e9nk koncentr\u00e1lni.\",\"breadcrumb\":{\"@id\":\"https:\/\/www.welovecycling.com\/hu\/orszaguti-kerekpar\/igy-valtozott-a-tour-de-france-versenyzok-testalkata-az-ido-mulasaval\/#breadcrumb\"},\"inLanguage\":\"hu\",\"potentialAction\":[{\"@type\":\"ReadAction\",\"target\":[\"https:\/\/www.welovecycling.com\/hu\/orszaguti-kerekpar\/igy-valtozott-a-tour-de-france-versenyzok-testalkata-az-ido-mulasaval\/\"]}]},{\"@type\":\"ImageObject\",\"inLanguage\":\"hu\",\"@id\":\"https:\/\/www.welovecycling.com\/hu\/orszaguti-kerekpar\/igy-valtozott-a-tour-de-france-versenyzok-testalkata-az-ido-mulasaval\/#primaryimage\",\"url\":\"https:\/\/d2p6e6u75xmxt8.cloudfront.net\/12\/2021\/01\/Tour-de-France-peloton-profimedia-0559058623-CVR.jpg\",\"contentUrl\":\"https:\/\/d2p6e6u75xmxt8.cloudfront.net\/12\/2021\/01\/Tour-de-France-peloton-profimedia-0559058623-CVR.jpg\",\"width\":1366,\"height\":600,\"caption\":\"Tour de France\"},{\"@type\":\"BreadcrumbList\",\"@id\":\"https:\/\/www.welovecycling.com\/hu\/orszaguti-kerekpar\/igy-valtozott-a-tour-de-france-versenyzok-testalkata-az-ido-mulasaval\/#breadcrumb\",\"itemListElement\":[{\"@type\":\"ListItem\",\"position\":1,\"name\":\"Home\",\"item\":\"https:\/\/www.welovecycling.com\/hu\/\"},{\"@type\":\"ListItem\",\"position\":2,\"name\":\"\u00cdgy v\u00e1ltozott a Tour De France versenyz\u0151k testalkata az id\u0151 m\u00fal\u00e1s\u00e1val\"}]},{\"@type\":\"WebSite\",\"@id\":\"https:\/\/www.welovecycling.com\/hu\/#website\",\"url\":\"https:\/\/www.welovecycling.com\/hu\/\",\"name\":\"\u0160koda We Love Cycling - Magyarorsz\u00e1g\",\"description\":\"\u0160koda WeLoveCycling\",\"potentialAction\":[{\"@type\":\"SearchAction\",\"target\":{\"@type\":\"EntryPoint\",\"urlTemplate\":\"https:\/\/www.welovecycling.com\/hu\/?s={search_term_string}\"},\"query-input\":{\"@type\":\"PropertyValueSpecification\",\"valueRequired\":true,\"valueName\":\"search_term_string\"}}],\"inLanguage\":\"hu\"},{\"@type\":\"Person\",\"@id\":\"https:\/\/www.welovecycling.com\/hu\/#\/schema\/person\/414a2aebf1801691a5320edb6468e194\",\"name\":\"hegyizs\",\"image\":{\"@type\":\"ImageObject\",\"inLanguage\":\"hu\",\"@id\":\"https:\/\/www.welovecycling.com\/hu\/#\/schema\/person\/image\/\",\"url\":\"https:\/\/secure.gravatar.com\/avatar\/02cf8a7906b8cf90cecb4679defac7cfd33a1c2e3b88e4903d947f3bb58eedd3?s=96&d=mm&r=g\",\"contentUrl\":\"https:\/\/secure.gravatar.com\/avatar\/02cf8a7906b8cf90cecb4679defac7cfd33a1c2e3b88e4903d947f3bb58eedd3?s=96&d=mm&r=g\",\"caption\":\"hegyizs\"},\"url\":\"https:\/\/www.welovecycling.com\/hu\/author\/hegyizs\/\"}]}<\/script>\n<!-- \/ Yoast SEO Premium plugin. -->","yoast_head_json":{"title":"\u00cdgy v\u00e1ltozott a Tour De France versenyz\u0151k testalkata az id\u0151 m\u00fal\u00e1s\u00e1val - \u0160koda We Love Cycling - Magyarorsz\u00e1g","description":"Eszedbe jutott m\u00e1r valaha, milyen lenne, ha te nyern\u00e9d meg a Tour de France-t? Most felejts\u00fck el az ehhez sz\u00fcks\u00e9ges edz\u00e9seket, az anyagi t\u00e1mogat\u00e1st \u00e9s a szerencs\u00e9t, mert ez\u00fattal csak az emberi testben rejl\u0151 lehet\u0151s\u00e9gekre szeretn\u00e9nk koncentr\u00e1lni.","robots":{"index":"index","follow":"follow","max-snippet":"max-snippet:-1","max-image-preview":"max-image-preview:large","max-video-preview":"max-video-preview:-1"},"canonical":"https:\/\/www.welovecycling.com\/hu\/orszaguti-kerekpar\/igy-valtozott-a-tour-de-france-versenyzok-testalkata-az-ido-mulasaval\/","og_locale":"hu_HU","og_type":"article","og_title":"\u00cdgy v\u00e1ltozott a Tour De France versenyz\u0151k testalkata az id\u0151 m\u00fal\u00e1s\u00e1val","og_description":"Eszedbe jutott m\u00e1r valaha, milyen lenne, ha te nyern\u00e9d meg a Tour de France-t? Most felejts\u00fck el az ehhez sz\u00fcks\u00e9ges edz\u00e9seket, az anyagi t\u00e1mogat\u00e1st \u00e9s a szerencs\u00e9t, mert ez\u00fattal csak az emberi testben rejl\u0151 lehet\u0151s\u00e9gekre szeretn\u00e9nk koncentr\u00e1lni.","og_url":"https:\/\/www.welovecycling.com\/hu\/orszaguti-kerekpar\/igy-valtozott-a-tour-de-france-versenyzok-testalkata-az-ido-mulasaval\/","og_site_name":"\u0160koda We Love Cycling - Magyarorsz\u00e1g","article_publisher":"https:\/\/www.facebook.com\/WeLoveCyclingHungary\/","article_published_time":"2021-02-03T07:00:36+00:00","article_modified_time":"2022-07-22T07:36:12+00:00","og_image":[{"width":1366,"height":600,"url":"https:\/\/d2p6e6u75xmxt8.cloudfront.net\/12\/2021\/01\/Tour-de-France-peloton-profimedia-0559058623-CVR.jpg","type":"image\/jpeg"}],"author":"hegyizs","twitter_card":"summary_large_image","twitter_misc":{"Written by":"Adam Marsal","Est. reading time":"5"},"schema":{"@context":"https:\/\/schema.org","@graph":[{"@type":"WebPage","@id":"https:\/\/www.welovecycling.com\/hu\/orszaguti-kerekpar\/igy-valtozott-a-tour-de-france-versenyzok-testalkata-az-ido-mulasaval\/","url":"https:\/\/www.welovecycling.com\/hu\/orszaguti-kerekpar\/igy-valtozott-a-tour-de-france-versenyzok-testalkata-az-ido-mulasaval\/","name":"\u00cdgy v\u00e1ltozott a Tour De France versenyz\u0151k testalkata az id\u0151 m\u00fal\u00e1s\u00e1val - \u0160koda We Love Cycling - Magyarorsz\u00e1g","isPartOf":{"@id":"https:\/\/www.welovecycling.com\/hu\/#website"},"primaryImageOfPage":{"@id":"https:\/\/www.welovecycling.com\/hu\/orszaguti-kerekpar\/igy-valtozott-a-tour-de-france-versenyzok-testalkata-az-ido-mulasaval\/#primaryimage"},"image":{"@id":"https:\/\/www.welovecycling.com\/hu\/orszaguti-kerekpar\/igy-valtozott-a-tour-de-france-versenyzok-testalkata-az-ido-mulasaval\/#primaryimage"},"thumbnailUrl":"https:\/\/d2p6e6u75xmxt8.cloudfront.net\/12\/2021\/01\/Tour-de-France-peloton-profimedia-0559058623-CVR.jpg","datePublished":"2021-02-03T07:00:36+00:00","dateModified":"2022-07-22T07:36:12+00:00","author":{"@id":"https:\/\/www.welovecycling.com\/hu\/#\/schema\/person\/414a2aebf1801691a5320edb6468e194"},"description":"Eszedbe jutott m\u00e1r valaha, milyen lenne, ha te nyern\u00e9d meg a Tour de France-t? Most felejts\u00fck el az ehhez sz\u00fcks\u00e9ges edz\u00e9seket, az anyagi t\u00e1mogat\u00e1st \u00e9s a szerencs\u00e9t, mert ez\u00fattal csak az emberi testben rejl\u0151 lehet\u0151s\u00e9gekre szeretn\u00e9nk koncentr\u00e1lni.","breadcrumb":{"@id":"https:\/\/www.welovecycling.com\/hu\/orszaguti-kerekpar\/igy-valtozott-a-tour-de-france-versenyzok-testalkata-az-ido-mulasaval\/#breadcrumb"},"inLanguage":"hu","potentialAction":[{"@type":"ReadAction","target":["https:\/\/www.welovecycling.com\/hu\/orszaguti-kerekpar\/igy-valtozott-a-tour-de-france-versenyzok-testalkata-az-ido-mulasaval\/"]}]},{"@type":"ImageObject","inLanguage":"hu","@id":"https:\/\/www.welovecycling.com\/hu\/orszaguti-kerekpar\/igy-valtozott-a-tour-de-france-versenyzok-testalkata-az-ido-mulasaval\/#primaryimage","url":"https:\/\/d2p6e6u75xmxt8.cloudfront.net\/12\/2021\/01\/Tour-de-France-peloton-profimedia-0559058623-CVR.jpg","contentUrl":"https:\/\/d2p6e6u75xmxt8.cloudfront.net\/12\/2021\/01\/Tour-de-France-peloton-profimedia-0559058623-CVR.jpg","width":1366,"height":600,"caption":"Tour de France"},{"@type":"BreadcrumbList","@id":"https:\/\/www.welovecycling.com\/hu\/orszaguti-kerekpar\/igy-valtozott-a-tour-de-france-versenyzok-testalkata-az-ido-mulasaval\/#breadcrumb","itemListElement":[{"@type":"ListItem","position":1,"name":"Home","item":"https:\/\/www.welovecycling.com\/hu\/"},{"@type":"ListItem","position":2,"name":"\u00cdgy v\u00e1ltozott a Tour De France versenyz\u0151k testalkata az id\u0151 m\u00fal\u00e1s\u00e1val"}]},{"@type":"WebSite","@id":"https:\/\/www.welovecycling.com\/hu\/#website","url":"https:\/\/www.welovecycling.com\/hu\/","name":"\u0160koda We Love Cycling - Magyarorsz\u00e1g","description":"\u0160koda WeLoveCycling","potentialAction":[{"@type":"SearchAction","target":{"@type":"EntryPoint","urlTemplate":"https:\/\/www.welovecycling.com\/hu\/?s={search_term_string}"},"query-input":{"@type":"PropertyValueSpecification","valueRequired":true,"valueName":"search_term_string"}}],"inLanguage":"hu"},{"@type":"Person","@id":"https:\/\/www.welovecycling.com\/hu\/#\/schema\/person\/414a2aebf1801691a5320edb6468e194","name":"hegyizs","image":{"@type":"ImageObject","inLanguage":"hu","@id":"https:\/\/www.welovecycling.com\/hu\/#\/schema\/person\/image\/","url":"https:\/\/secure.gravatar.com\/avatar\/02cf8a7906b8cf90cecb4679defac7cfd33a1c2e3b88e4903d947f3bb58eedd3?s=96&d=mm&r=g","contentUrl":"https:\/\/secure.gravatar.com\/avatar\/02cf8a7906b8cf90cecb4679defac7cfd33a1c2e3b88e4903d947f3bb58eedd3?s=96&d=mm&r=g","caption":"hegyizs"},"url":"https:\/\/www.welovecycling.com\/hu\/author\/hegyizs\/"}]}},"_links":{"self":[{"href":"https:\/\/www.welovecycling.com\/hu\/wp-json\/wp\/v2\/posts\/10027","targetHints":{"allow":["GET"]}}],"collection":[{"href":"https:\/\/www.welovecycling.com\/hu\/wp-json\/wp\/v2\/posts"}],"about":[{"href":"https:\/\/www.welovecycling.com\/hu\/wp-json\/wp\/v2\/types\/post"}],"author":[{"embeddable":true,"href":"https:\/\/www.welovecycling.com\/hu\/wp-json\/wp\/v2\/users\/71"}],"replies":[{"embeddable":true,"href":"https:\/\/www.welovecycling.com\/hu\/wp-json\/wp\/v2\/comments?post=10027"}],"version-history":[{"count":2,"href":"https:\/\/www.welovecycling.com\/hu\/wp-json\/wp\/v2\/posts\/10027\/revisions"}],"predecessor-version":[{"id":15448,"href":"https:\/\/www.welovecycling.com\/hu\/wp-json\/wp\/v2\/posts\/10027\/revisions\/15448"}],"wp:featuredmedia":[{"embeddable":true,"href":"https:\/\/www.welovecycling.com\/hu\/wp-json\/wp\/v2\/media\/10032"}],"wp:attachment":[{"href":"https:\/\/www.welovecycling.com\/hu\/wp-json\/wp\/v2\/media?parent=10027"}],"wp:term":[{"taxonomy":"category","embeddable":true,"href":"https:\/\/www.welovecycling.com\/hu\/wp-json\/wp\/v2\/categories?post=10027"},{"taxonomy":"post_tag","embeddable":true,"href":"https:\/\/www.welovecycling.com\/hu\/wp-json\/wp\/v2\/tags?post=10027"},{"taxonomy":"global-categories","embeddable":true,"href":"https:\/\/www.welovecycling.com\/hu\/wp-json\/wp\/v2\/global-categories?post=10027"}],"curies":[{"name":"wp","href":"https:\/\/api.w.org\/{rel}","templated":true}]}}