{"id":10022,"date":"2021-02-04T08:00:01","date_gmt":"2021-02-04T07:00:01","guid":{"rendered":"https:\/\/www.welovecycling.com\/hu\/?p=10022"},"modified":"2021-01-29T16:52:59","modified_gmt":"2021-01-29T15:52:59","slug":"igy-keruld-el-a-stresszevest","status":"publish","type":"post","link":"https:\/\/www.welovecycling.com\/hu\/edzes-es-eletmod\/igy-keruld-el-a-stresszevest\/","title":{"rendered":"\u00cdgy ker\u00fcld el a stresszev\u00e9st!"},"content":{"rendered":"<p><strong>J\u00f3l ment a di\u00e9t\u00e1d, de akkor j\u00f6tt egy neh\u00e9z vizsga, p\u00e1rkapcsolati dr\u00e1ma vagy egy stresszes munkahelyi h\u00e9t \u00e9s \u00fagy \u00e9rezted, minden er\u0151fesz\u00edt\u00e9sed odaveszett. A stresszev\u00e9s gyakori oka a feladott di\u00e9t\u00e1knak. Az \u00e9tel k\u00e9pes megnyugtatni \u00e9s \u00e1tmenetileg elvonhatja a figyelmed a szomor\u00fas\u00e1gr\u00f3l \u00e9s a stresszt kiv\u00e1lt\u00f3 dolgokr\u00f3l. N\u00e9zz\u00fck meg, hogyan lehet felismerni a stresszev\u00e9st \u00e9s milyen strat\u00e9gi\u00e1kat vethet\u00fcnk be ellene!<\/strong><br \/>\n<!--more--><\/p>\n<h2><strong>Figyeld meg \u00e9s azonos\u00edtsd a probl\u00e9m\u00e1t<\/strong><\/h2>\n<p>A stresszt vagy az \u00e9rzelmek \u00e1ltal kiv\u00e1ltott \u00e9tkez\u00e9st \u00e1ltal\u00e1ban egy adott gondolat, \u00e9rz\u00e9s vagy helyzet okozza. Ez olyan viselked\u00e9si mint\u00e1t ind\u00edt el, ami annyira automatikus, hogy sokan nincsenek is tiszt\u00e1ban vele. Ez\u00e9rt nagyon fontos meghat\u00e1rozni a kiv\u00e1lt\u00f3 okot \u00e9s j\u00f3l d\u00f6nteni.<\/p>\n<figure id=\"attachment_10023\" aria-describedby=\"caption-attachment-10023\" style=\"width: 1000px\" class=\"wp-caption alignnone\"><a href=\"https:\/\/d2p6e6u75xmxt8.cloudfront.net\/12\/2021\/01\/Bag-of-chips-profimedia-0584353705.jpg\"><img loading=\"lazy\" decoding=\"async\" class=\"wp-image-10023 size-full\" src=\"https:\/\/d2p6e6u75xmxt8.cloudfront.net\/12\/2021\/01\/Bag-of-chips-profimedia-0584353705.jpg\" alt=\"Chips snack\" width=\"1000\" height=\"668\" srcset=\"https:\/\/d2p6e6u75xmxt8.cloudfront.net\/12\/2021\/01\/Bag-of-chips-profimedia-0584353705.jpg 1000w, https:\/\/d2p6e6u75xmxt8.cloudfront.net\/12\/2021\/01\/Bag-of-chips-profimedia-0584353705-300x200.jpg 300w, https:\/\/d2p6e6u75xmxt8.cloudfront.net\/12\/2021\/01\/Bag-of-chips-profimedia-0584353705-768x513.jpg 768w, https:\/\/d2p6e6u75xmxt8.cloudfront.net\/12\/2021\/01\/Bag-of-chips-profimedia-0584353705-272x182.jpg 272w\" sizes=\"auto, (max-width: 1000px) 100vw, 1000px\" \/><\/a><figcaption id=\"caption-attachment-10023\" class=\"wp-caption-text\"><em>A stressz hat\u00e9kony kezel\u00e9s\u00e9\u00e9rt meg kell tanulnod k\u00fcl\u00f6nbs\u00e9get tenni az \u00f6r\u00f6m \u00e9s a figyelemelterel\u00e9s k\u00f6z\u00f6tt. Az igaz\u00e1n kellemes dolgok lek\u00f6tik az \u00e9rz\u00e9keidet, el\u00e9gedett leszel t\u0151l\u00fck \u00e9s seg\u00edtenek a stresszes \u00e1llapotb\u00f3l nyugalomba ker\u00fclni.\u00a0 \u00a9 Profimedia<\/em><\/figcaption><\/figure>\n<p>Pr\u00f3b\u00e1lj meg visszaeml\u00e9kezni &#8211; mikor szokott r\u00e1dt\u00f6rni a v\u00e1gy olyan \u00e9telek ut\u00e1n, amik nem f\u00e9rnek bele a di\u00e9t\u00e1dba? Minden alkalommal, amikor a sz\u00fcleid h\u00edvnak? Vas\u00e1rnap \u00e9jjel az \u00fajabb munk\u00e1val teli h\u00e9t el\u0151tt? Vagy akkor, amikor eszedbe jut a volt p\u00e1rod? Koncentr\u00e1lj a kiv\u00e1lt\u00f3 okokra \u00e9s k\u00e9sz\u00edts r\u00f3luk list\u00e1t!<\/p>\n<p>Ez az els\u0151 fontos l\u00e9p\u00e9s ahhoz, hogy foglalkozni tudj a probl\u00e9m\u00e1val. Miut\u00e1n \u00e9szleled a kiv\u00e1lt\u00f3 okokat, kipr\u00f3b\u00e1lhatod a k\u00f6vetkez\u0151 taktik\u00e1k egyik\u00e9t ahhoz, hogy visszaszerezd az ir\u00e1ny\u00edt\u00e1st a di\u00e9t\u00e1d felett.<\/p>\n<h2><strong>Akad\u00e1ly k\u00f6z\u00e9d \u00e9s a nasid k\u00f6z\u00e9<\/strong><\/h2>\n<p>Amint \u00e9rzed a k\u00e9sztet\u00e9st arra, hogy egy\u00e9l valamit, amir\u0151l tudod, hogy nem szabad, k\u00f6ss egy szerz\u0151d\u00e9st saj\u00e1t magaddal. Megkaphatod azt a f\u00e1nkot, csokol\u00e1d\u00e9t, chipset vagy s\u00fctem\u00e9nyt, de csak meghat\u00e1rozott k\u00f6r\u00fclm\u00e9nyek k\u00f6z\u00f6tt. Vagy v\u00e1rnod kell 10 percet, vagy meg kell v\u00e1s\u00e1rolnod egy adott \u00fczletb\u0151l, amely 10 percre van, vagy a semmib\u0151l kell elk\u00e9sz\u00edtened.<\/p>\n<figure id=\"attachment_10024\" aria-describedby=\"caption-attachment-10024\" style=\"width: 1024px\" class=\"wp-caption alignnone\"><a href=\"https:\/\/d2p6e6u75xmxt8.cloudfront.net\/2\/2021\/01\/Brownie-pexels-ella-olsson-3026804.jpg\"><img loading=\"lazy\" decoding=\"async\" class=\"wp-image-10024 size-large\" src=\"https:\/\/d2p6e6u75xmxt8.cloudfront.net\/12\/2021\/01\/Brownie-pexels-ella-olsson-3026804-1024x768.jpg\" alt=\"Brownies\" width=\"1024\" height=\"768\" srcset=\"https:\/\/d2p6e6u75xmxt8.cloudfront.net\/12\/2021\/01\/Brownie-pexels-ella-olsson-3026804-1024x768.jpg 1024w, https:\/\/d2p6e6u75xmxt8.cloudfront.net\/12\/2021\/01\/Brownie-pexels-ella-olsson-3026804-300x225.jpg 300w, https:\/\/d2p6e6u75xmxt8.cloudfront.net\/12\/2021\/01\/Brownie-pexels-ella-olsson-3026804-768x576.jpg 768w, https:\/\/d2p6e6u75xmxt8.cloudfront.net\/12\/2021\/01\/Brownie-pexels-ella-olsson-3026804.jpg 1280w\" sizes=\"auto, (max-width: 1024px) 100vw, 1024px\" \/><\/a><figcaption id=\"caption-attachment-10024\" class=\"wp-caption-text\"><em>Az \u00fcd\u00edt\u0151, az \u00e9dess\u00e9g, a k\u00fcl\u00f6nf\u00e9le energiaszeletek \u00e9s gy\u00fcm\u00f6lcslevek hasznosak lehetnek edz\u00e9s ut\u00e1n, de az irod\u00e1ban vagy a t\u00e9v\u00e9 el\u0151tt \u00fclve nem bizonyulnak j\u00f3 megold\u00e1snak.<\/em><\/figcaption><\/figure>\n<p>Egy olyan akad\u00e1ly, ami lehet\u0151v\u00e9 teszi, hogy ne azonnal kapd meg azt, amit akarsz, nagy seg\u00edts\u00e9g lehet. Tal\u00e1n elm\u00falik az az \u00e9rz\u00e9s, ami miatt eg\u00e9szs\u00e9gtelen harapnival\u00f3ra v\u00e1gyt\u00e1l. Tal\u00e1n ez az akad\u00e1ly arra k\u00e9nyszer\u00edt, hogy megold\u00e1st keress a probl\u00e9m\u00e1ra. Ennek eredm\u00e9nyek\u00e9nt \u00fagy d\u00f6nthetsz, hogy egy\u00e1ltal\u00e1n nem nassolsz, vagy legal\u00e1bb teljes m\u00e9rt\u00e9kben tiszt\u00e1ban leszel azzal, ami t\u00f6rt\u00e9nik. Hiszen te vagy a felel\u0151s.<\/p>\n<h2><strong>Keress \u00faj m\u00f3dszereket a stressz kezel\u00e9s\u00e9re<\/strong><\/h2>\n<p>Annak ellen\u00e9re, hogy a r\u00e1g\u00e1s gyakran a leghat\u00e9konyabb m\u00f3dja annak, hogy megszabadulj az lelki f\u00e1jdalomt\u00f3l, nem ez az egyetlen megold\u00e1s. A legintenz\u00edvebb \u00e9rz\u00e9sek kevesebb, mint k\u00f6r\u00fclbel\u00fcl 15 percig tartanak, \u00edgy ha ennyi id\u0151re el tudod terelni a figyelmed valamivel, ami nem \u00e9tel, akkor megszabadulhatsz a v\u00e1gyt\u00f3l. Csin\u00e1lj valamit, ami lek\u00f6ti az \u00e9rz\u00e9keid! S\u00e9t\u00e1lj, torn\u00e1zz, k\u00e9sz\u00edts egy \u00faj lej\u00e1tsz\u00e1si list\u00e1t, vegy\u00e9k egy meleg f\u00fcrd\u0151t vagy egyszer\u0171en csak takar\u00edtsd ki a telefonod. Pr\u00f3b\u00e1lj ki k\u00fcl\u00f6nb\u00f6z\u0151 tev\u00e9kenys\u00e9geket, \u00e9s figyeld meg, mi m\u0171k\u00f6dik sz\u00e1modra!<\/p>\n<h2><strong>Egy\u00e9l rendesen, ha a nap f\u0151 \u00e9tkez\u00e9seir\u0151l van sz\u00f3<\/strong><\/h2>\n<p>Van valami, ami sokkal k\u00f6nnyebb\u00e9 teszi az el\u0151z\u0151 k\u00e9t strat\u00e9gia alkalmaz\u00e1s\u00e1t, ez pedig a j\u00f3 \u00e9trend. Ha olyan \u00e9telt fogyasztasz, ami ut\u00e1n j\u00f3llakottnak \u00e9rzed magad, akkor nem fogsz annyira csoki ut\u00e1n v\u00e1gyakozni. Sokkal nagyobb es\u00e9lyed lesz lek\u00fczdeni a stresszev\u00e9st, ha alaposan megeb\u00e9delsz!<\/p>\n","protected":false},"excerpt":{"rendered":"<p>J\u00f3l ment a di\u00e9t\u00e1d, de akkor j\u00f6tt egy neh\u00e9z vizsga, p\u00e1rkapcsolati dr\u00e1ma vagy egy stresszes munkahelyi h\u00e9t \u00e9s \u00fagy \u00e9rezted, [&hellip;]<\/p>\n","protected":false},"author":71,"featured_media":10026,"comment_status":"closed","ping_status":"closed","sticky":false,"template":"","format":"standard","meta":{"footnotes":""},"categories":[6],"tags":[],"global-categories":[],"class_list":["post-10022","post","type-post","status-publish","format-standard","has-post-thumbnail","hentry","category-edzes-es-eletmod"],"yoast_head":"<!-- This site is optimized with the Yoast SEO Premium plugin v25.3 (Yoast SEO v25.9) - https:\/\/yoast.com\/wordpress\/plugins\/seo\/ -->\n<title>\u00cdgy ker\u00fcld el a stresszev\u00e9st!<\/title>\n<meta name=\"description\" content=\"J\u00f3l ment a di\u00e9t\u00e1d, de akkor j\u00f6tt egy neh\u00e9z vizsga, p\u00e1rkapcsolati dr\u00e1ma vagy egy stresszes munkahelyi h\u00e9t \u00e9s \u00fagy \u00e9rezted, minden er\u0151fesz\u00edt\u00e9sed odaveszett.\" \/>\n<meta name=\"robots\" content=\"index, follow, max-snippet:-1, max-image-preview:large, max-video-preview:-1\" \/>\n<link rel=\"canonical\" href=\"https:\/\/www.welovecycling.com\/hu\/edzes-es-eletmod\/igy-keruld-el-a-stresszevest\/\" \/>\n<meta property=\"og:locale\" content=\"hu_HU\" \/>\n<meta property=\"og:type\" content=\"article\" \/>\n<meta property=\"og:title\" content=\"\u00cdgy ker\u00fcld el a stresszev\u00e9st!\" \/>\n<meta property=\"og:description\" content=\"J\u00f3l ment a di\u00e9t\u00e1d, de akkor j\u00f6tt egy neh\u00e9z vizsga, p\u00e1rkapcsolati dr\u00e1ma vagy egy stresszes munkahelyi h\u00e9t \u00e9s \u00fagy \u00e9rezted, minden er\u0151fesz\u00edt\u00e9sed odaveszett. A stresszev\u00e9s gyakori oka a feladott di\u00e9t\u00e1knak. Az \u00e9tel k\u00e9pes megnyugtatni \u00e9s \u00e1tmenetileg elvonhatja a figyelmed a szomor\u00fas\u00e1gr\u00f3l \u00e9s a stresszt kiv\u00e1lt\u00f3 dolgokr\u00f3l. N\u00e9zz\u00fck meg, hogyan lehet felismerni a stresszev\u00e9st \u00e9s milyen strat\u00e9gi\u00e1kat vethet\u00fcnk be ellene!\" \/>\n<meta property=\"og:url\" content=\"https:\/\/www.welovecycling.com\/hu\/edzes-es-eletmod\/igy-keruld-el-a-stresszevest\/\" \/>\n<meta property=\"og:site_name\" content=\"\u0160koda We Love Cycling - Magyarorsz\u00e1g\" \/>\n<meta property=\"article:publisher\" content=\"https:\/\/www.facebook.com\/WeLoveCyclingHungary\/\" \/>\n<meta property=\"article:published_time\" content=\"2021-02-04T07:00:01+00:00\" \/>\n<meta property=\"og:image\" content=\"https:\/\/d2p6e6u75xmxt8.cloudfront.net\/12\/2021\/01\/Oatmeal-cookies-profimedia-0332811004-CVR.jpg\" \/>\n\t<meta property=\"og:image:width\" content=\"1366\" \/>\n\t<meta property=\"og:image:height\" content=\"600\" \/>\n\t<meta property=\"og:image:type\" content=\"image\/jpeg\" \/>\n<meta name=\"author\" content=\"hegyizs\" \/>\n<meta name=\"twitter:card\" content=\"summary_large_image\" \/>\n<meta name=\"twitter:label1\" content=\"Written by\" \/>\n\t<meta name=\"twitter:data1\" content=\"Ji\u0159\u00ed Kalo\u010d\" \/>\n\t<meta name=\"twitter:label2\" content=\"Est. reading time\" \/>\n\t<meta name=\"twitter:data2\" content=\"5\" \/>\n<script type=\"application\/ld+json\" class=\"yoast-schema-graph\">{\"@context\":\"https:\/\/schema.org\",\"@graph\":[{\"@type\":\"WebPage\",\"@id\":\"https:\/\/www.welovecycling.com\/hu\/edzes-es-eletmod\/igy-keruld-el-a-stresszevest\/\",\"url\":\"https:\/\/www.welovecycling.com\/hu\/edzes-es-eletmod\/igy-keruld-el-a-stresszevest\/\",\"name\":\"\u00cdgy ker\u00fcld el a stresszev\u00e9st!\",\"isPartOf\":{\"@id\":\"https:\/\/www.welovecycling.com\/hu\/#website\"},\"primaryImageOfPage\":{\"@id\":\"https:\/\/www.welovecycling.com\/hu\/edzes-es-eletmod\/igy-keruld-el-a-stresszevest\/#primaryimage\"},\"image\":{\"@id\":\"https:\/\/www.welovecycling.com\/hu\/edzes-es-eletmod\/igy-keruld-el-a-stresszevest\/#primaryimage\"},\"thumbnailUrl\":\"https:\/\/d2p6e6u75xmxt8.cloudfront.net\/12\/2021\/01\/Oatmeal-cookies-profimedia-0332811004-CVR.jpg\",\"datePublished\":\"2021-02-04T07:00:01+00:00\",\"author\":{\"@id\":\"https:\/\/www.welovecycling.com\/hu\/#\/schema\/person\/414a2aebf1801691a5320edb6468e194\"},\"description\":\"J\u00f3l ment a di\u00e9t\u00e1d, de akkor j\u00f6tt egy neh\u00e9z vizsga, p\u00e1rkapcsolati dr\u00e1ma vagy egy stresszes munkahelyi h\u00e9t \u00e9s \u00fagy \u00e9rezted, minden er\u0151fesz\u00edt\u00e9sed odaveszett.\",\"breadcrumb\":{\"@id\":\"https:\/\/www.welovecycling.com\/hu\/edzes-es-eletmod\/igy-keruld-el-a-stresszevest\/#breadcrumb\"},\"inLanguage\":\"hu\",\"potentialAction\":[{\"@type\":\"ReadAction\",\"target\":[\"https:\/\/www.welovecycling.com\/hu\/edzes-es-eletmod\/igy-keruld-el-a-stresszevest\/\"]}]},{\"@type\":\"ImageObject\",\"inLanguage\":\"hu\",\"@id\":\"https:\/\/www.welovecycling.com\/hu\/edzes-es-eletmod\/igy-keruld-el-a-stresszevest\/#primaryimage\",\"url\":\"https:\/\/d2p6e6u75xmxt8.cloudfront.net\/12\/2021\/01\/Oatmeal-cookies-profimedia-0332811004-CVR.jpg\",\"contentUrl\":\"https:\/\/d2p6e6u75xmxt8.cloudfront.net\/12\/2021\/01\/Oatmeal-cookies-profimedia-0332811004-CVR.jpg\",\"width\":1366,\"height\":600,\"caption\":\"Oatmeal cookies\"},{\"@type\":\"BreadcrumbList\",\"@id\":\"https:\/\/www.welovecycling.com\/hu\/edzes-es-eletmod\/igy-keruld-el-a-stresszevest\/#breadcrumb\",\"itemListElement\":[{\"@type\":\"ListItem\",\"position\":1,\"name\":\"Home\",\"item\":\"https:\/\/www.welovecycling.com\/hu\/\"},{\"@type\":\"ListItem\",\"position\":2,\"name\":\"\u00cdgy ker\u00fcld el a stresszev\u00e9st!\"}]},{\"@type\":\"WebSite\",\"@id\":\"https:\/\/www.welovecycling.com\/hu\/#website\",\"url\":\"https:\/\/www.welovecycling.com\/hu\/\",\"name\":\"\u0160koda We Love Cycling - Magyarorsz\u00e1g\",\"description\":\"\u0160koda WeLoveCycling\",\"potentialAction\":[{\"@type\":\"SearchAction\",\"target\":{\"@type\":\"EntryPoint\",\"urlTemplate\":\"https:\/\/www.welovecycling.com\/hu\/?s={search_term_string}\"},\"query-input\":{\"@type\":\"PropertyValueSpecification\",\"valueRequired\":true,\"valueName\":\"search_term_string\"}}],\"inLanguage\":\"hu\"},{\"@type\":\"Person\",\"@id\":\"https:\/\/www.welovecycling.com\/hu\/#\/schema\/person\/414a2aebf1801691a5320edb6468e194\",\"name\":\"hegyizs\",\"image\":{\"@type\":\"ImageObject\",\"inLanguage\":\"hu\",\"@id\":\"https:\/\/www.welovecycling.com\/hu\/#\/schema\/person\/image\/\",\"url\":\"https:\/\/secure.gravatar.com\/avatar\/02cf8a7906b8cf90cecb4679defac7cfd33a1c2e3b88e4903d947f3bb58eedd3?s=96&d=mm&r=g\",\"contentUrl\":\"https:\/\/secure.gravatar.com\/avatar\/02cf8a7906b8cf90cecb4679defac7cfd33a1c2e3b88e4903d947f3bb58eedd3?s=96&d=mm&r=g\",\"caption\":\"hegyizs\"},\"url\":\"https:\/\/www.welovecycling.com\/hu\/author\/hegyizs\/\"}]}<\/script>\n<!-- \/ Yoast SEO Premium plugin. -->","yoast_head_json":{"title":"\u00cdgy ker\u00fcld el a stresszev\u00e9st!","description":"J\u00f3l ment a di\u00e9t\u00e1d, de akkor j\u00f6tt egy neh\u00e9z vizsga, p\u00e1rkapcsolati dr\u00e1ma vagy egy stresszes munkahelyi h\u00e9t \u00e9s \u00fagy \u00e9rezted, minden er\u0151fesz\u00edt\u00e9sed odaveszett.","robots":{"index":"index","follow":"follow","max-snippet":"max-snippet:-1","max-image-preview":"max-image-preview:large","max-video-preview":"max-video-preview:-1"},"canonical":"https:\/\/www.welovecycling.com\/hu\/edzes-es-eletmod\/igy-keruld-el-a-stresszevest\/","og_locale":"hu_HU","og_type":"article","og_title":"\u00cdgy ker\u00fcld el a stresszev\u00e9st!","og_description":"J\u00f3l ment a di\u00e9t\u00e1d, de akkor j\u00f6tt egy neh\u00e9z vizsga, p\u00e1rkapcsolati dr\u00e1ma vagy egy stresszes munkahelyi h\u00e9t \u00e9s \u00fagy \u00e9rezted, minden er\u0151fesz\u00edt\u00e9sed odaveszett. A stresszev\u00e9s gyakori oka a feladott di\u00e9t\u00e1knak. Az \u00e9tel k\u00e9pes megnyugtatni \u00e9s \u00e1tmenetileg elvonhatja a figyelmed a szomor\u00fas\u00e1gr\u00f3l \u00e9s a stresszt kiv\u00e1lt\u00f3 dolgokr\u00f3l. N\u00e9zz\u00fck meg, hogyan lehet felismerni a stresszev\u00e9st \u00e9s milyen strat\u00e9gi\u00e1kat vethet\u00fcnk be ellene!","og_url":"https:\/\/www.welovecycling.com\/hu\/edzes-es-eletmod\/igy-keruld-el-a-stresszevest\/","og_site_name":"\u0160koda We Love Cycling - Magyarorsz\u00e1g","article_publisher":"https:\/\/www.facebook.com\/WeLoveCyclingHungary\/","article_published_time":"2021-02-04T07:00:01+00:00","og_image":[{"width":1366,"height":600,"url":"https:\/\/d2p6e6u75xmxt8.cloudfront.net\/12\/2021\/01\/Oatmeal-cookies-profimedia-0332811004-CVR.jpg","type":"image\/jpeg"}],"author":"hegyizs","twitter_card":"summary_large_image","twitter_misc":{"Written by":"Ji\u0159\u00ed Kalo\u010d","Est. reading time":"5"},"schema":{"@context":"https:\/\/schema.org","@graph":[{"@type":"WebPage","@id":"https:\/\/www.welovecycling.com\/hu\/edzes-es-eletmod\/igy-keruld-el-a-stresszevest\/","url":"https:\/\/www.welovecycling.com\/hu\/edzes-es-eletmod\/igy-keruld-el-a-stresszevest\/","name":"\u00cdgy ker\u00fcld el a stresszev\u00e9st!","isPartOf":{"@id":"https:\/\/www.welovecycling.com\/hu\/#website"},"primaryImageOfPage":{"@id":"https:\/\/www.welovecycling.com\/hu\/edzes-es-eletmod\/igy-keruld-el-a-stresszevest\/#primaryimage"},"image":{"@id":"https:\/\/www.welovecycling.com\/hu\/edzes-es-eletmod\/igy-keruld-el-a-stresszevest\/#primaryimage"},"thumbnailUrl":"https:\/\/d2p6e6u75xmxt8.cloudfront.net\/12\/2021\/01\/Oatmeal-cookies-profimedia-0332811004-CVR.jpg","datePublished":"2021-02-04T07:00:01+00:00","author":{"@id":"https:\/\/www.welovecycling.com\/hu\/#\/schema\/person\/414a2aebf1801691a5320edb6468e194"},"description":"J\u00f3l ment a di\u00e9t\u00e1d, de akkor j\u00f6tt egy neh\u00e9z vizsga, p\u00e1rkapcsolati dr\u00e1ma vagy egy stresszes munkahelyi h\u00e9t \u00e9s \u00fagy \u00e9rezted, minden er\u0151fesz\u00edt\u00e9sed odaveszett.","breadcrumb":{"@id":"https:\/\/www.welovecycling.com\/hu\/edzes-es-eletmod\/igy-keruld-el-a-stresszevest\/#breadcrumb"},"inLanguage":"hu","potentialAction":[{"@type":"ReadAction","target":["https:\/\/www.welovecycling.com\/hu\/edzes-es-eletmod\/igy-keruld-el-a-stresszevest\/"]}]},{"@type":"ImageObject","inLanguage":"hu","@id":"https:\/\/www.welovecycling.com\/hu\/edzes-es-eletmod\/igy-keruld-el-a-stresszevest\/#primaryimage","url":"https:\/\/d2p6e6u75xmxt8.cloudfront.net\/12\/2021\/01\/Oatmeal-cookies-profimedia-0332811004-CVR.jpg","contentUrl":"https:\/\/d2p6e6u75xmxt8.cloudfront.net\/12\/2021\/01\/Oatmeal-cookies-profimedia-0332811004-CVR.jpg","width":1366,"height":600,"caption":"Oatmeal cookies"},{"@type":"BreadcrumbList","@id":"https:\/\/www.welovecycling.com\/hu\/edzes-es-eletmod\/igy-keruld-el-a-stresszevest\/#breadcrumb","itemListElement":[{"@type":"ListItem","position":1,"name":"Home","item":"https:\/\/www.welovecycling.com\/hu\/"},{"@type":"ListItem","position":2,"name":"\u00cdgy ker\u00fcld el a stresszev\u00e9st!"}]},{"@type":"WebSite","@id":"https:\/\/www.welovecycling.com\/hu\/#website","url":"https:\/\/www.welovecycling.com\/hu\/","name":"\u0160koda We Love Cycling - Magyarorsz\u00e1g","description":"\u0160koda WeLoveCycling","potentialAction":[{"@type":"SearchAction","target":{"@type":"EntryPoint","urlTemplate":"https:\/\/www.welovecycling.com\/hu\/?s={search_term_string}"},"query-input":{"@type":"PropertyValueSpecification","valueRequired":true,"valueName":"search_term_string"}}],"inLanguage":"hu"},{"@type":"Person","@id":"https:\/\/www.welovecycling.com\/hu\/#\/schema\/person\/414a2aebf1801691a5320edb6468e194","name":"hegyizs","image":{"@type":"ImageObject","inLanguage":"hu","@id":"https:\/\/www.welovecycling.com\/hu\/#\/schema\/person\/image\/","url":"https:\/\/secure.gravatar.com\/avatar\/02cf8a7906b8cf90cecb4679defac7cfd33a1c2e3b88e4903d947f3bb58eedd3?s=96&d=mm&r=g","contentUrl":"https:\/\/secure.gravatar.com\/avatar\/02cf8a7906b8cf90cecb4679defac7cfd33a1c2e3b88e4903d947f3bb58eedd3?s=96&d=mm&r=g","caption":"hegyizs"},"url":"https:\/\/www.welovecycling.com\/hu\/author\/hegyizs\/"}]}},"_links":{"self":[{"href":"https:\/\/www.welovecycling.com\/hu\/wp-json\/wp\/v2\/posts\/10022","targetHints":{"allow":["GET"]}}],"collection":[{"href":"https:\/\/www.welovecycling.com\/hu\/wp-json\/wp\/v2\/posts"}],"about":[{"href":"https:\/\/www.welovecycling.com\/hu\/wp-json\/wp\/v2\/types\/post"}],"author":[{"embeddable":true,"href":"https:\/\/www.welovecycling.com\/hu\/wp-json\/wp\/v2\/users\/71"}],"replies":[{"embeddable":true,"href":"https:\/\/www.welovecycling.com\/hu\/wp-json\/wp\/v2\/comments?post=10022"}],"version-history":[{"count":2,"href":"https:\/\/www.welovecycling.com\/hu\/wp-json\/wp\/v2\/posts\/10022\/revisions"}],"predecessor-version":[{"id":10046,"href":"https:\/\/www.welovecycling.com\/hu\/wp-json\/wp\/v2\/posts\/10022\/revisions\/10046"}],"wp:featuredmedia":[{"embeddable":true,"href":"https:\/\/www.welovecycling.com\/hu\/wp-json\/wp\/v2\/media\/10026"}],"wp:attachment":[{"href":"https:\/\/www.welovecycling.com\/hu\/wp-json\/wp\/v2\/media?parent=10022"}],"wp:term":[{"taxonomy":"category","embeddable":true,"href":"https:\/\/www.welovecycling.com\/hu\/wp-json\/wp\/v2\/categories?post=10022"},{"taxonomy":"post_tag","embeddable":true,"href":"https:\/\/www.welovecycling.com\/hu\/wp-json\/wp\/v2\/tags?post=10022"},{"taxonomy":"global-categories","embeddable":true,"href":"https:\/\/www.welovecycling.com\/hu\/wp-json\/wp\/v2\/global-categories?post=10022"}],"curies":[{"name":"wp","href":"https:\/\/api.w.org\/{rel}","templated":true}]}}