{"id":1002,"date":"2018-06-14T09:39:17","date_gmt":"2018-06-14T09:39:17","guid":{"rendered":"https:\/\/www.welovecycling.com\/hu\/?p=1002"},"modified":"2018-06-14T10:00:23","modified_gmt":"2018-06-14T10:00:23","slug":"a-keselyu-napjai-igy-lett-mat-hoffmanbol-elo-legenda","status":"publish","type":"post","link":"https:\/\/www.welovecycling.com\/hu\/adrenalin\/a-keselyu-napjai-igy-lett-mat-hoffmanbol-elo-legenda\/","title":{"rendered":"A kesely\u0171 napjai: \u00edgy lett Mat Hoffman \u00e9l\u0151 legenda"},"content":{"rendered":"<p><strong>K\u00e9ts\u00e9g nem f\u00e9r hozz\u00e1, Mat Hoffman (46) tehet arr\u00f3l, hogy a freestyle BMX ma olyan, amilyen. \u00daj tr\u00fckk\u00f6k tucatjait tal\u00e1lta fel, bring\u00e1sok sz\u00e1zezreit inspir\u00e1lta \u00e9s m\u00e1r most \u00e9l\u0151 legenda egy teljes gener\u00e1ci\u00f3 sz\u00e1m\u00e1ra.<\/strong><\/p>\n<h2><!--more--><\/h2>\n<p>M\u00e1r h\u00e9t\u00e9vesen mer\u00e9sz dolgokat m\u0171velt. Fiv\u00e9r\u00e9vel rep\u00fcl\u0151g\u00e9pet \u00e9p\u00edtettek f\u00e1b\u00f3l, majd elrugaszkodtak vele egy 15 m\u00e9ter magas r\u00e1mp\u00e1r\u00f3l. F\u00f6ldet \u00e9r\u00e9skor megs\u00e9r\u00fclt, fiv\u00e9re pedig elt\u00f6rte a karj\u00e1t. Ugyanakkor egy csap\u00e1sra megsz\u00e1llottja lett a mindenf\u00e9le r\u00e1mp\u00e1knak. Miut\u00e1n 11 \u00e9vesen megkapta \u00e9lete els\u0151 BMX-\u00e9t, \u00e9desapja r\u00e1mp\u00e1t \u00e9p\u00edtett neki a h\u00e1ts\u00f3 udvarban, ahol Mat megtanulta els\u0151 tr\u00fckkjeit. Annak ellen\u00e9re, hogy kiemelked\u0151en tehets\u00e9ges volt m\u00e1s sportokban, p\u00e9ld\u00e1ul a birk\u00f3z\u00e1sban, Matnek csak egy c\u00e9lja volt: \u00e9let\u00e9t a BMX-nek akarta szentelni. 1986-ban Mat n\u00e9h\u00e1ny fot\u00f3t elk\u00fcld\u00f6tt a BMX magazinnak, amire meglep\u0151en pozit\u00edv v\u00e1lasz \u00e9rkezett. M\u00e1r 15 \u00e9vesen \u00fagy besz\u00e9ltek r\u00f3la, mint a fi\u00fa, aki nem ismer hat\u00e1rokat \u00e9s \u00fajra\u00e9rtelmezte az addig ismert vert BMX-ez\u00e9st.<\/p>\n<p><a href=\"https:\/\/www.instagram.com\/p\/Bed_G38ABKZ\/?taken-by=condorbmx\">https:\/\/www.instagram.com\/p\/Bed_G38ABKZ\/?taken-by=condorbmx<\/a><\/p>\n<p>1989-ben tette le a n\u00e9vjegy\u00e9t, amikor \u2013 csup\u00e1n 17 \u00e9vesen \u2013 a versenyt amat\u0151r \u00e9s profi kateg\u00f3ri\u00e1ban is megnyerte. Aznap nem csup\u00e1n 2,200 doll\u00e1rt kasz\u00e1lt a mindk\u00e9t kateg\u00f3ri\u00e1ban el\u00e9rt gy\u0151zelm\u00e9vel, hanem a hihetetlen magass\u00e1gban el\u0151adott tr\u00fckkjei ut\u00e1n \u00a0megkapta a Kesely\u0171 becenevet is.<\/p>\n<p>1990-ben sz\u00e1mos olyan eredm\u00e9nyt \u00e9rt el, amit addig lehetetlennek tartottak. 1990-ben \u0151 volt a legels\u0151 olyan bring\u00e1s, akinek siker\u00fclt fakie backflipet csin\u00e1lnia a franciaorsz\u00e1gi Bercy Stadionban, \u00e9s kicsivel k\u00e9s\u0151bb megcsin\u00e1lta a hamarosan \u201eflair\u201d-k\u00e9nt emlegetett 180\u00b0-os backflipet, ami kor\u00e1bban minden k\u00e9pzeletet fel\u00fclm\u00falt.<\/p>\n<p>Sajnos a 90-es \u00e9vek elej\u00e9n a sport\u00e1g lass\u00fa hanyatl\u00e1snak indult, a szponzori p\u00e9nzek elapadtak, a BMX magazinok pedig elt\u0171ntek az \u00fajs\u00e1gos standokr\u00f3l. B\u00e1r az id\u0151 nem kedvezett neki, Mat nem tett le elhat\u00e1roz\u00e1s\u00e1r\u00f3l, \u00e9s 1991-ben elind\u00edtotta saj\u00e1t Hoffman Bikes nev\u0171 m\u00e1rk\u00e1j\u00e1t. Hogy lend\u00fcletet adjon a hanyatl\u00f3 v\u00e1llalkoz\u00e1snak, megalap\u00edtotta a Hoffman Promotion v\u00e1llalatot, amely hamarosan a legakt\u00edvabb BMX-esem\u00e9nyeket szervez\u0151 c\u00e9g lett az orsz\u00e1gban. Az ESPN vezet\u0151 sportcsatorna t\u00e1mogat\u00e1s\u00e1val elind\u00edtott\u00e1k az els\u0151 X-Games olimpi\u00e1t, amely azonnal az \u00e9rdekl\u0151d\u00e9s k\u00f6z\u00e9ppontj\u00e1ba \u00e1ll\u00edtotta az extr\u00e9m sportokat, k\u00f6zt\u00fck a g\u00f6rdeszk\u00e1z\u00e1st, az inline g\u00f6rkorcsoly\u00e1z\u00e1st vagy a BMX-et. A sport\u00e1g aranykora \u00fajra felvir\u00e1gzott.<\/p>\n<p><a href=\"https:\/\/d2p6e6u75xmxt8.cloudfront.net\/12\/2018\/06\/mat-hoffman-01.jpg\"><img loading=\"lazy\" decoding=\"async\" class=\"size-full wp-image-1004\" src=\"https:\/\/d2p6e6u75xmxt8.cloudfront.net\/12\/2018\/06\/mat-hoffman-01.jpg\" alt=\"wlc-mat-hoffmann\" width=\"850\" height=\"1250\" srcset=\"https:\/\/d2p6e6u75xmxt8.cloudfront.net\/12\/2018\/06\/mat-hoffman-01.jpg 850w, https:\/\/d2p6e6u75xmxt8.cloudfront.net\/12\/2018\/06\/mat-hoffman-01-204x300.jpg 204w, https:\/\/d2p6e6u75xmxt8.cloudfront.net\/12\/2018\/06\/mat-hoffman-01-768x1129.jpg 768w, https:\/\/d2p6e6u75xmxt8.cloudfront.net\/12\/2018\/06\/mat-hoffman-01-696x1024.jpg 696w\" sizes=\"auto, (max-width: 850px) 100vw, 850px\" \/><\/a><\/p>\n<p style=\"text-align: center;\"><em><span style=\"font-size: 10pt;\">Mat Hoffman a Tribeca Filmfesztiv\u00e1lon 2010-ben.<\/span><\/em><\/p>\n<p>1991-ben Mat \u00fagy d\u00f6nt\u00f6tt, megmutatja, hogy \u0151 a legjobb, ez\u00e9rt olyan magas r\u00e1mp\u00e1t \u00e9p\u00edtett, amelyr\u0151l fel tudott sz\u00e1llni a leveg\u0151be \u00e9s mintegy 10 m\u00e9tert rep\u00fclni a tart\u00f3fal felett. Hogy m\u00e9g nagyobbat sz\u00f3ljon a mutatv\u00e1ny, egy kis motort szerelt a bring\u00e1j\u00e1ba \u00e9s \u00faj rekordot k\u00eds\u00e9relt meg fel\u00e1ll\u00edtani. A felszerel\u00e9s s\u00falya sajnos kibillentette egyens\u00faly\u00e1b\u00f3l \u00e9s Mat teljes t\u00f6meg\u00e9vel a r\u00e1mp\u00e1nak csap\u00f3dott. A l\u00e9pe leszakadt, \u00e9s ha nem viszik azonnal k\u00f3rh\u00e1zba, bele is hal. Ennek ellen\u00e9re n\u00e9h\u00e1ny h\u00e9ten bel\u00fcl megint nyeregben \u00fclt.<\/p>\n<p>Egy sor s\u00e9r\u00fcl\u00e9s ut\u00e1n 1998-ban egy f\u00e9lig leg\u00e1lis m\u0171t\u00e9tet hajtottak rajta v\u00e9gre Kanad\u00e1ban, amely sor\u00e1n az egyik orvos \u00e1tf\u00farta a csontj\u00e1t, hogy az elszakadt \u00ednszalagj\u00e1t r\u00f6gz\u00edtse \u2013 mindezt altat\u00e1s n\u00e9lk\u00fcl. A m\u0171t\u00e9t, amely k\u00e9szp\u00e9nzben el\u0151re fizetend\u0151 10 ezer doll\u00e1rba ker\u00fclt, t\u00f6bb mint k\u00ednz\u00e1s volt, mivel Matnek saj\u00e1t kez\u00e9vel kellett tartania a f\u00far\u00f3g\u00e9pet. Amikor a mennyorsz\u00e1gra gondolt, hogy elterelje a figyelm\u00e9t az elviselhetetlen f\u00e1jdalomr\u00f3l, \u00e9szrevette, hogy piros \u00e9s s\u00e1rga ragaszt\u00f3 sziv\u00e1rog ki a l\u00e1b\u00e1b\u00f3l. K\u00f6zvetlen\u00fcl a m\u0171t\u00e9t ut\u00e1n elhagyhatta a k\u00f3rh\u00e1zat \u00e9s hazataxizhatott, majd p\u00e1r nappal k\u00e9s\u0151bb m\u00e1r mank\u00f3 n\u00e9lk\u00fcl tudott j\u00e1rni. Egy h\u00e9t m\u00falva m\u00e1r bring\u00e1zott! Ez a sztori nem csak azt mutatja, hogy Mat mennyire men\u0151 is val\u00f3j\u00e1ban, hanem hogy mennyi mindent hajland\u00f3 fel\u00e1ldozni a BMX-ez\u00e9s olt\u00e1r\u00e1n. Egy-k\u00e9t bring\u00e1s cimbor\u00e1ja a \u201eval\u00f3 \u00e9let Ramb\u00f3jak\u00e9nt\u201d emlegeti, ami\u00e9rt \u00e1jul\u00e1s n\u00e9lk\u00fcl b\u00edrja a f\u00e1jdalmat.<\/p>\n<p>2001-ben \u00faj vil\u00e1grekordot \u00e1ll\u00edtott fel, miut\u00e1n egy motorral egy h\u00e1zi k\u00e9sz\u00edt\u00e9s\u0171 \u00f3ri\u00e1sugrat\u00f3ra vontatt\u00e1k fel Oklahom\u00e1ban. Nem volt el\u00e9gedett az eredm\u00e9nnyel, ez\u00e9rt \u00fagy d\u00f6nt\u00f6tt, jav\u00edt a rekorderedm\u00e9nyen, de egy 17 m\u00e9teres zuhan\u00e1s ut\u00e1n a r\u00e1mpa alj\u00e1nak csap\u00f3dott. Mat h\u00e9t napig fek\u00fcdt k\u00f3m\u00e1ban, elvesz\u00edtette \u00edz\u00e9rz\u00e9k\u00e9t \u00e9s hat h\u00f3napig amn\u00e9zi\u00e1ban szenvedett. Ez nem egy h\u00e9tk\u00f6znapi es\u00e9s volt \u2013 itt m\u00e1r agyk\u00e1rosod\u00e1s t\u00f6rt\u00e9nt. Egy \u00e9vre volt sz\u00fcks\u00e9ge a teljes fel\u00e9p\u00fcl\u00e9shez.<\/p>\n<p><a href=\"https:\/\/www.instagram.com\/p\/Bc_l7SVg37-\/?taken-by=condorbmx\">https:\/\/www.instagram.com\/p\/Bc_l7SVg37-\/?taken-by=condorbmx<\/a><\/p>\n<p>Hogy visszanyerje az \u00edzlels\u00e9t, a vil\u00e1g legcs\u00edp\u0151sebb \u00e9teleit kezdte el enni, hogy n\u00e9mi \u00edz ker\u00fclj\u00f6n az \u00e9tel\u00e9be. Annyi s\u00e9r\u00fcl\u00e9ssel a h\u00e1ta m\u00f6g\u00f6tt megtanulta m\u00e1r, hogy m\u00e9g a legdurv\u00e1bb sokk ut\u00e1n is a legm\u00e9lyebb \u00e9rzelmei j\u00f6hetnek vissza, ezeket k\u00f6vett\u00e9k az eml\u00e9kek. A m\u00falt pillanatainak visszaid\u00e9z\u00e9s\u00e9ben a feles\u00e9ge seg\u00edtette azzal, hogy r\u00e9gi f\u00e9nyk\u00e9peket mutogatott neki. Arra sem eml\u00e9kezett p\u00e9ld\u00e1ul, hogy j\u00e1rt-e m\u00e1r Jap\u00e1nban, Jaci mondta meg neki, hogy m\u00e1r legal\u00e1bb hatszor volt ott. Azt mondta, t\u00f6bb mint 100 agyr\u00e1zk\u00f3d\u00e1sa volt, ezeket a s\u00e9r\u00fcl\u00e9seket szinte \u201eheti rendszeress\u00e9g\u0171nek\u201d nevezte. Ez\u00e9rt lep\u0151d\u00f6tt meg p\u00e9ld\u00e1ul akkor, amikor az egyik balesete ut\u00e1n megl\u00e1tta, hogy a feles\u00e9ge terhes. A kismama megnyugtatta, hogy m\u00e1r a nyolcadik h\u00f3napban van.<\/p>\n<p>Nem akart lemondani a bring\u00e1z\u00e1sr\u00f3l, ez\u00e9rt indult a 2002-es X-Games-en, \u00e9s ez\u00fcst\u00e9rmet nyert, miut\u00e1n \u00e1mulatba ejtette mind a zs\u0171rit, mind a k\u00f6z\u00f6ns\u00e9get azzal, hogy elengedett korm\u00e1nnyal csin\u00e1lt v\u00e9gig egy el\u0151tte sosem l\u00e1tott 900-at. Az\u00f3ta csup\u00e1n egy bring\u00e1s ism\u00e9telte meg ezt a mutatv\u00e1nyt.<\/p>\n<p>Amikor m\u00e1sok m\u00e1r feladt\u00e1k volna, Mat felkelt hamvaib\u00f3l \u00e9s f\u00e1jdalmai ellen\u00e9re valahogy mindig \u00fajra nyeregbe pattant. Miatta a BMX-vil\u00e1g l\u00e1tv\u00e1nyosabb \u00e9s a m\u00e9dia sz\u00e1m\u00e1ra vonz\u00f3bb lett, a tin\u00e9dzserek pedig \u00faj szenved\u00e9ly\u00fckk\u00e9nt tekintenek r\u00e1. A legend\u00e1s Dave Mirra mellett \u0151 az egyetlen BMX-es, aki a digit\u00e1lisj\u00e1t\u00e9k-gy\u00e1rt\u00f3kat arra inspir\u00e1lta, hogy megalkoss\u00e1k Mat Hoffman\u2019s Pro BMX vide\u00f3j\u00e1t\u00e9kot. Mat j\u00f3l van, v\u00e1llalata most \u00fcnnepli 25 \u00e9ves sz\u00fclinapj\u00e1t, \u00fagyhogy ideje, hogy a tov\u00e1bbi kalandokhoz sok szerencs\u00e9t k\u00edv\u00e1njunk neki!<\/p>\n","protected":false},"excerpt":{"rendered":"<p>K\u00e9ts\u00e9g nem f\u00e9r hozz\u00e1, Mat Hoffman (46) tehet arr\u00f3l, hogy a freestyle BMX ma olyan, amilyen. \u00daj tr\u00fckk\u00f6k tucatjait tal\u00e1lta [&hellip;]<\/p>\n","protected":false},"author":71,"featured_media":1006,"comment_status":"open","ping_status":"open","sticky":false,"template":"","format":"standard","meta":{"footnotes":""},"categories":[5,66],"tags":[17,71,16,28,27,78],"global-categories":[],"class_list":["post-1002","post","type-post","status-publish","format-standard","has-post-thumbnail","hentry","category-adrenalin","category-bmx","tag-bicikli","tag-bmx","tag-kerekpar","tag-kerekpar-blog","tag-kerekpar-magazin","tag-mat-hoffman"],"yoast_head":"<!-- This site is optimized with the Yoast SEO Premium plugin v25.3 (Yoast SEO v25.9) - https:\/\/yoast.com\/wordpress\/plugins\/seo\/ -->\n<title>A kesely\u0171 napjai: \u00edgy lett Mat Hoffman \u00e9l\u0151 legenda - \u0160koda We Love Cycling - Magyarorsz\u00e1g<\/title>\n<meta name=\"description\" content=\"\u00daj tr\u00fckk\u00f6k tucatjait tal\u00e1lta fel, bring\u00e1sok sz\u00e1zezreit inspir\u00e1lta \u00e9s m\u00e1r most \u00e9l\u0151 legenda egy teljes gener\u00e1ci\u00f3 sz\u00e1m\u00e1ra. Olvasd el Mat Hoffman t\u00f6rt\u00e9net\u00e9t.\" \/>\n<meta name=\"robots\" content=\"index, follow, max-snippet:-1, max-image-preview:large, max-video-preview:-1\" \/>\n<link rel=\"canonical\" href=\"https:\/\/www.welovecycling.com\/hu\/adrenalin\/a-keselyu-napjai-igy-lett-mat-hoffmanbol-elo-legenda\/\" \/>\n<meta property=\"og:locale\" content=\"hu_HU\" \/>\n<meta property=\"og:type\" content=\"article\" \/>\n<meta property=\"og:title\" content=\"A kesely\u0171 napjai: \u00edgy lett Mat Hoffman \u00e9l\u0151 legenda\" \/>\n<meta property=\"og:description\" content=\"\u00daj tr\u00fckk\u00f6k tucatjait tal\u00e1lta fel, bring\u00e1sok sz\u00e1zezreit inspir\u00e1lta \u00e9s m\u00e1r most \u00e9l\u0151 legenda egy teljes gener\u00e1ci\u00f3 sz\u00e1m\u00e1ra. Olvasd el Mat Hoffman t\u00f6rt\u00e9net\u00e9t.\" \/>\n<meta property=\"og:url\" content=\"https:\/\/www.welovecycling.com\/hu\/adrenalin\/a-keselyu-napjai-igy-lett-mat-hoffmanbol-elo-legenda\/\" \/>\n<meta property=\"og:site_name\" content=\"\u0160koda We Love Cycling - Magyarorsz\u00e1g\" \/>\n<meta property=\"article:publisher\" content=\"https:\/\/www.facebook.com\/WeLoveCyclingHungary\/\" \/>\n<meta property=\"article:published_time\" content=\"2018-06-14T09:39:17+00:00\" \/>\n<meta property=\"article:modified_time\" content=\"2018-06-14T10:00:23+00:00\" \/>\n<meta property=\"og:image\" content=\"https:\/\/d2p6e6u75xmxt8.cloudfront.net\/12\/2018\/06\/mat-hoffman-cover.jpg\" \/>\n\t<meta property=\"og:image:width\" content=\"1800\" \/>\n\t<meta property=\"og:image:height\" content=\"785\" \/>\n\t<meta property=\"og:image:type\" content=\"image\/jpeg\" \/>\n<meta name=\"author\" content=\"hegyizs\" \/>\n<meta name=\"twitter:card\" content=\"summary_large_image\" \/>\n<meta name=\"twitter:label1\" content=\"Written by\" \/>\n\t<meta name=\"twitter:data1\" content=\"hegyizs\" \/>\n\t<meta name=\"twitter:label2\" content=\"Est. reading time\" \/>\n\t<meta name=\"twitter:data2\" content=\"6 minutes\" \/>\n<script type=\"application\/ld+json\" class=\"yoast-schema-graph\">{\"@context\":\"https:\/\/schema.org\",\"@graph\":[{\"@type\":\"WebPage\",\"@id\":\"https:\/\/www.welovecycling.com\/hu\/adrenalin\/a-keselyu-napjai-igy-lett-mat-hoffmanbol-elo-legenda\/\",\"url\":\"https:\/\/www.welovecycling.com\/hu\/adrenalin\/a-keselyu-napjai-igy-lett-mat-hoffmanbol-elo-legenda\/\",\"name\":\"A kesely\u0171 napjai: \u00edgy lett Mat Hoffman \u00e9l\u0151 legenda - \u0160koda We Love Cycling - Magyarorsz\u00e1g\",\"isPartOf\":{\"@id\":\"https:\/\/www.welovecycling.com\/hu\/#website\"},\"primaryImageOfPage\":{\"@id\":\"https:\/\/www.welovecycling.com\/hu\/adrenalin\/a-keselyu-napjai-igy-lett-mat-hoffmanbol-elo-legenda\/#primaryimage\"},\"image\":{\"@id\":\"https:\/\/www.welovecycling.com\/hu\/adrenalin\/a-keselyu-napjai-igy-lett-mat-hoffmanbol-elo-legenda\/#primaryimage\"},\"thumbnailUrl\":\"https:\/\/d2p6e6u75xmxt8.cloudfront.net\/12\/2018\/06\/mat-hoffman-cover.jpg\",\"datePublished\":\"2018-06-14T09:39:17+00:00\",\"dateModified\":\"2018-06-14T10:00:23+00:00\",\"author\":{\"@id\":\"https:\/\/www.welovecycling.com\/hu\/#\/schema\/person\/414a2aebf1801691a5320edb6468e194\"},\"description\":\"\u00daj tr\u00fckk\u00f6k tucatjait tal\u00e1lta fel, bring\u00e1sok sz\u00e1zezreit inspir\u00e1lta \u00e9s m\u00e1r most \u00e9l\u0151 legenda egy teljes gener\u00e1ci\u00f3 sz\u00e1m\u00e1ra. Olvasd el Mat Hoffman t\u00f6rt\u00e9net\u00e9t.\",\"breadcrumb\":{\"@id\":\"https:\/\/www.welovecycling.com\/hu\/adrenalin\/a-keselyu-napjai-igy-lett-mat-hoffmanbol-elo-legenda\/#breadcrumb\"},\"inLanguage\":\"hu\",\"potentialAction\":[{\"@type\":\"ReadAction\",\"target\":[\"https:\/\/www.welovecycling.com\/hu\/adrenalin\/a-keselyu-napjai-igy-lett-mat-hoffmanbol-elo-legenda\/\"]}]},{\"@type\":\"ImageObject\",\"inLanguage\":\"hu\",\"@id\":\"https:\/\/www.welovecycling.com\/hu\/adrenalin\/a-keselyu-napjai-igy-lett-mat-hoffmanbol-elo-legenda\/#primaryimage\",\"url\":\"https:\/\/d2p6e6u75xmxt8.cloudfront.net\/12\/2018\/06\/mat-hoffman-cover.jpg\",\"contentUrl\":\"https:\/\/d2p6e6u75xmxt8.cloudfront.net\/12\/2018\/06\/mat-hoffman-cover.jpg\",\"width\":1800,\"height\":785,\"caption\":\"mat-hoffmann\"},{\"@type\":\"BreadcrumbList\",\"@id\":\"https:\/\/www.welovecycling.com\/hu\/adrenalin\/a-keselyu-napjai-igy-lett-mat-hoffmanbol-elo-legenda\/#breadcrumb\",\"itemListElement\":[{\"@type\":\"ListItem\",\"position\":1,\"name\":\"Home\",\"item\":\"https:\/\/www.welovecycling.com\/hu\/\"},{\"@type\":\"ListItem\",\"position\":2,\"name\":\"A kesely\u0171 napjai: \u00edgy lett Mat Hoffman \u00e9l\u0151 legenda\"}]},{\"@type\":\"WebSite\",\"@id\":\"https:\/\/www.welovecycling.com\/hu\/#website\",\"url\":\"https:\/\/www.welovecycling.com\/hu\/\",\"name\":\"\u0160koda We Love Cycling - Magyarorsz\u00e1g\",\"description\":\"\u0160koda WeLoveCycling\",\"potentialAction\":[{\"@type\":\"SearchAction\",\"target\":{\"@type\":\"EntryPoint\",\"urlTemplate\":\"https:\/\/www.welovecycling.com\/hu\/?s={search_term_string}\"},\"query-input\":{\"@type\":\"PropertyValueSpecification\",\"valueRequired\":true,\"valueName\":\"search_term_string\"}}],\"inLanguage\":\"hu\"},{\"@type\":\"Person\",\"@id\":\"https:\/\/www.welovecycling.com\/hu\/#\/schema\/person\/414a2aebf1801691a5320edb6468e194\",\"name\":\"hegyizs\",\"image\":{\"@type\":\"ImageObject\",\"inLanguage\":\"hu\",\"@id\":\"https:\/\/www.welovecycling.com\/hu\/#\/schema\/person\/image\/\",\"url\":\"https:\/\/secure.gravatar.com\/avatar\/02cf8a7906b8cf90cecb4679defac7cfd33a1c2e3b88e4903d947f3bb58eedd3?s=96&d=mm&r=g\",\"contentUrl\":\"https:\/\/secure.gravatar.com\/avatar\/02cf8a7906b8cf90cecb4679defac7cfd33a1c2e3b88e4903d947f3bb58eedd3?s=96&d=mm&r=g\",\"caption\":\"hegyizs\"},\"url\":\"https:\/\/www.welovecycling.com\/hu\/author\/hegyizs\/\"}]}<\/script>\n<!-- \/ Yoast SEO Premium plugin. -->","yoast_head_json":{"title":"A kesely\u0171 napjai: \u00edgy lett Mat Hoffman \u00e9l\u0151 legenda - \u0160koda We Love Cycling - Magyarorsz\u00e1g","description":"\u00daj tr\u00fckk\u00f6k tucatjait tal\u00e1lta fel, bring\u00e1sok sz\u00e1zezreit inspir\u00e1lta \u00e9s m\u00e1r most \u00e9l\u0151 legenda egy teljes gener\u00e1ci\u00f3 sz\u00e1m\u00e1ra. Olvasd el Mat Hoffman t\u00f6rt\u00e9net\u00e9t.","robots":{"index":"index","follow":"follow","max-snippet":"max-snippet:-1","max-image-preview":"max-image-preview:large","max-video-preview":"max-video-preview:-1"},"canonical":"https:\/\/www.welovecycling.com\/hu\/adrenalin\/a-keselyu-napjai-igy-lett-mat-hoffmanbol-elo-legenda\/","og_locale":"hu_HU","og_type":"article","og_title":"A kesely\u0171 napjai: \u00edgy lett Mat Hoffman \u00e9l\u0151 legenda","og_description":"\u00daj tr\u00fckk\u00f6k tucatjait tal\u00e1lta fel, bring\u00e1sok sz\u00e1zezreit inspir\u00e1lta \u00e9s m\u00e1r most \u00e9l\u0151 legenda egy teljes gener\u00e1ci\u00f3 sz\u00e1m\u00e1ra. Olvasd el Mat Hoffman t\u00f6rt\u00e9net\u00e9t.","og_url":"https:\/\/www.welovecycling.com\/hu\/adrenalin\/a-keselyu-napjai-igy-lett-mat-hoffmanbol-elo-legenda\/","og_site_name":"\u0160koda We Love Cycling - Magyarorsz\u00e1g","article_publisher":"https:\/\/www.facebook.com\/WeLoveCyclingHungary\/","article_published_time":"2018-06-14T09:39:17+00:00","article_modified_time":"2018-06-14T10:00:23+00:00","og_image":[{"width":1800,"height":785,"url":"https:\/\/d2p6e6u75xmxt8.cloudfront.net\/12\/2018\/06\/mat-hoffman-cover.jpg","type":"image\/jpeg"}],"author":"hegyizs","twitter_card":"summary_large_image","twitter_misc":{"Written by":"hegyizs","Est. reading time":"6 minutes"},"schema":{"@context":"https:\/\/schema.org","@graph":[{"@type":"WebPage","@id":"https:\/\/www.welovecycling.com\/hu\/adrenalin\/a-keselyu-napjai-igy-lett-mat-hoffmanbol-elo-legenda\/","url":"https:\/\/www.welovecycling.com\/hu\/adrenalin\/a-keselyu-napjai-igy-lett-mat-hoffmanbol-elo-legenda\/","name":"A kesely\u0171 napjai: \u00edgy lett Mat Hoffman \u00e9l\u0151 legenda - \u0160koda We Love Cycling - Magyarorsz\u00e1g","isPartOf":{"@id":"https:\/\/www.welovecycling.com\/hu\/#website"},"primaryImageOfPage":{"@id":"https:\/\/www.welovecycling.com\/hu\/adrenalin\/a-keselyu-napjai-igy-lett-mat-hoffmanbol-elo-legenda\/#primaryimage"},"image":{"@id":"https:\/\/www.welovecycling.com\/hu\/adrenalin\/a-keselyu-napjai-igy-lett-mat-hoffmanbol-elo-legenda\/#primaryimage"},"thumbnailUrl":"https:\/\/d2p6e6u75xmxt8.cloudfront.net\/12\/2018\/06\/mat-hoffman-cover.jpg","datePublished":"2018-06-14T09:39:17+00:00","dateModified":"2018-06-14T10:00:23+00:00","author":{"@id":"https:\/\/www.welovecycling.com\/hu\/#\/schema\/person\/414a2aebf1801691a5320edb6468e194"},"description":"\u00daj tr\u00fckk\u00f6k tucatjait tal\u00e1lta fel, bring\u00e1sok sz\u00e1zezreit inspir\u00e1lta \u00e9s m\u00e1r most \u00e9l\u0151 legenda egy teljes gener\u00e1ci\u00f3 sz\u00e1m\u00e1ra. Olvasd el Mat Hoffman t\u00f6rt\u00e9net\u00e9t.","breadcrumb":{"@id":"https:\/\/www.welovecycling.com\/hu\/adrenalin\/a-keselyu-napjai-igy-lett-mat-hoffmanbol-elo-legenda\/#breadcrumb"},"inLanguage":"hu","potentialAction":[{"@type":"ReadAction","target":["https:\/\/www.welovecycling.com\/hu\/adrenalin\/a-keselyu-napjai-igy-lett-mat-hoffmanbol-elo-legenda\/"]}]},{"@type":"ImageObject","inLanguage":"hu","@id":"https:\/\/www.welovecycling.com\/hu\/adrenalin\/a-keselyu-napjai-igy-lett-mat-hoffmanbol-elo-legenda\/#primaryimage","url":"https:\/\/d2p6e6u75xmxt8.cloudfront.net\/12\/2018\/06\/mat-hoffman-cover.jpg","contentUrl":"https:\/\/d2p6e6u75xmxt8.cloudfront.net\/12\/2018\/06\/mat-hoffman-cover.jpg","width":1800,"height":785,"caption":"mat-hoffmann"},{"@type":"BreadcrumbList","@id":"https:\/\/www.welovecycling.com\/hu\/adrenalin\/a-keselyu-napjai-igy-lett-mat-hoffmanbol-elo-legenda\/#breadcrumb","itemListElement":[{"@type":"ListItem","position":1,"name":"Home","item":"https:\/\/www.welovecycling.com\/hu\/"},{"@type":"ListItem","position":2,"name":"A kesely\u0171 napjai: \u00edgy lett Mat Hoffman \u00e9l\u0151 legenda"}]},{"@type":"WebSite","@id":"https:\/\/www.welovecycling.com\/hu\/#website","url":"https:\/\/www.welovecycling.com\/hu\/","name":"\u0160koda We Love Cycling - Magyarorsz\u00e1g","description":"\u0160koda WeLoveCycling","potentialAction":[{"@type":"SearchAction","target":{"@type":"EntryPoint","urlTemplate":"https:\/\/www.welovecycling.com\/hu\/?s={search_term_string}"},"query-input":{"@type":"PropertyValueSpecification","valueRequired":true,"valueName":"search_term_string"}}],"inLanguage":"hu"},{"@type":"Person","@id":"https:\/\/www.welovecycling.com\/hu\/#\/schema\/person\/414a2aebf1801691a5320edb6468e194","name":"hegyizs","image":{"@type":"ImageObject","inLanguage":"hu","@id":"https:\/\/www.welovecycling.com\/hu\/#\/schema\/person\/image\/","url":"https:\/\/secure.gravatar.com\/avatar\/02cf8a7906b8cf90cecb4679defac7cfd33a1c2e3b88e4903d947f3bb58eedd3?s=96&d=mm&r=g","contentUrl":"https:\/\/secure.gravatar.com\/avatar\/02cf8a7906b8cf90cecb4679defac7cfd33a1c2e3b88e4903d947f3bb58eedd3?s=96&d=mm&r=g","caption":"hegyizs"},"url":"https:\/\/www.welovecycling.com\/hu\/author\/hegyizs\/"}]}},"_links":{"self":[{"href":"https:\/\/www.welovecycling.com\/hu\/wp-json\/wp\/v2\/posts\/1002","targetHints":{"allow":["GET"]}}],"collection":[{"href":"https:\/\/www.welovecycling.com\/hu\/wp-json\/wp\/v2\/posts"}],"about":[{"href":"https:\/\/www.welovecycling.com\/hu\/wp-json\/wp\/v2\/types\/post"}],"author":[{"embeddable":true,"href":"https:\/\/www.welovecycling.com\/hu\/wp-json\/wp\/v2\/users\/71"}],"replies":[{"embeddable":true,"href":"https:\/\/www.welovecycling.com\/hu\/wp-json\/wp\/v2\/comments?post=1002"}],"version-history":[{"count":1,"href":"https:\/\/www.welovecycling.com\/hu\/wp-json\/wp\/v2\/posts\/1002\/revisions"}],"predecessor-version":[{"id":1007,"href":"https:\/\/www.welovecycling.com\/hu\/wp-json\/wp\/v2\/posts\/1002\/revisions\/1007"}],"wp:featuredmedia":[{"embeddable":true,"href":"https:\/\/www.welovecycling.com\/hu\/wp-json\/wp\/v2\/media\/1006"}],"wp:attachment":[{"href":"https:\/\/www.welovecycling.com\/hu\/wp-json\/wp\/v2\/media?parent=1002"}],"wp:term":[{"taxonomy":"category","embeddable":true,"href":"https:\/\/www.welovecycling.com\/hu\/wp-json\/wp\/v2\/categories?post=1002"},{"taxonomy":"post_tag","embeddable":true,"href":"https:\/\/www.welovecycling.com\/hu\/wp-json\/wp\/v2\/tags?post=1002"},{"taxonomy":"global-categories","embeddable":true,"href":"https:\/\/www.welovecycling.com\/hu\/wp-json\/wp\/v2\/global-categories?post=1002"}],"curies":[{"name":"wp","href":"https:\/\/api.w.org\/{rel}","templated":true}]}}