{"id":10013,"date":"2021-02-01T08:00:17","date_gmt":"2021-02-01T07:00:17","guid":{"rendered":"https:\/\/www.welovecycling.com\/hu\/?p=10013"},"modified":"2021-01-29T16:51:02","modified_gmt":"2021-01-29T15:51:02","slug":"igy-szallits-szinte-barmit-biciklin","status":"publish","type":"post","link":"https:\/\/www.welovecycling.com\/hu\/varosi-kerekparozas\/igy-szallits-szinte-barmit-biciklin\/","title":{"rendered":"\u00cdgy sz\u00e1ll\u00edts szinte b\u00e1rmit biciklin"},"content":{"rendered":"<p><strong>Nagyobb terheket szeretn\u00e9l cipelni a bicikliden? J\u00f3 n\u00e9h\u00e1ny lehet\u0151s\u00e9g l\u00e9tezik arra, hogyan lehet \u00e1rut, okostelefont vagy ak\u00e1r egy ugat\u00f3 kutyust sz\u00e1ll\u00edtani k\u00e9t ker\u00e9ken. V\u00e1lassz az ig\u00e9nyeidnek megfelel\u0151 megold\u00e1st!<\/strong><\/p>\n<p><!--more--><\/p>\n<h2><strong>\u00c1tlagos h\u00e1tizs\u00e1k<\/strong><\/h2>\n<figure id=\"attachment_10014\" aria-describedby=\"caption-attachment-10014\" style=\"width: 1024px\" class=\"wp-caption alignnone\"><a href=\"https:\/\/d2p6e6u75xmxt8.cloudfront.net\/2\/2021\/01\/Cyclist-road-profimedia-0580124932.jpg\"><img loading=\"lazy\" decoding=\"async\" class=\"wp-image-10014 size-large\" src=\"https:\/\/d2p6e6u75xmxt8.cloudfront.net\/12\/2021\/01\/Cyclist-road-profimedia-0580124932-1024x682.jpg\" alt=\"Cyclist on a road\" width=\"1024\" height=\"682\" srcset=\"https:\/\/d2p6e6u75xmxt8.cloudfront.net\/12\/2021\/01\/Cyclist-road-profimedia-0580124932-1024x682.jpg 1024w, https:\/\/d2p6e6u75xmxt8.cloudfront.net\/12\/2021\/01\/Cyclist-road-profimedia-0580124932-300x200.jpg 300w, https:\/\/d2p6e6u75xmxt8.cloudfront.net\/12\/2021\/01\/Cyclist-road-profimedia-0580124932-768x512.jpg 768w, https:\/\/d2p6e6u75xmxt8.cloudfront.net\/12\/2021\/01\/Cyclist-road-profimedia-0580124932-272x182.jpg 272w, https:\/\/d2p6e6u75xmxt8.cloudfront.net\/12\/2021\/01\/Cyclist-road-profimedia-0580124932.jpg 1250w\" sizes=\"auto, (max-width: 1024px) 100vw, 1024px\" \/><\/a><figcaption id=\"caption-attachment-10014\" class=\"wp-caption-text\"><em>El\u00e9g f\u00e1raszt\u00f3 a h\u00e1tadon cipelni a cuccokat.\u00a9 Profimedia<\/em><\/figcaption><\/figure>\n<p>A h\u00e1tizs\u00e1k a legelterjedtebb \u00e9s k\u00e9ts\u00e9gtelen\u00fcl a legk\u00f6nnyebben el\u00e9rhet\u0151 lehet\u0151s\u00e9g a holmik hordoz\u00e1s\u00e1ra, nyilv\u00e1nval\u00f3 h\u00e1tr\u00e1nyai ellen\u00e9re.<\/p>\n<h4><strong>Mi teszi meglehet\u0151sen kellemetlenn\u00e9?<\/strong><\/h4>\n<p>A s\u00faly cipel\u00e9se a h\u00e1tadon kimer\u00edt\u0151 \u00e9s egy id\u0151 ut\u00e1n a nyakadnak \u00e9s a h\u00e1tadnak is szenved\u00e9st okoz. S\u0151t, egy h\u00e1tizs\u00e1k m\u00e9g h\u0171v\u00f6sebb napokon is izzads\u00e1gfoltokat hagy a ruh\u00e1don. Az ilyen kellemetlens\u00e9gek elker\u00fcl\u00e9se \u00e9rdek\u00e9ben haszn\u00e1lhatsz post\u00e1st\u00e1sk\u00e1t, a fels\u0151testedre r\u00f6gz\u00edtve a sz\u00edjat, de az eredm\u00e9ny val\u00f3sz\u00edn\u0171leg el\u00e9g kellemetlen lesz, mivel ez a fajta t\u00e1ska \u00e1ltal\u00e1ban egyik oldalr\u00f3l a m\u00e1sikra leng.<\/p>\n<h2><strong>Kos\u00e1r<\/strong><\/h2>\n<figure id=\"attachment_10015\" aria-describedby=\"caption-attachment-10015\" style=\"width: 1024px\" class=\"wp-caption alignnone\"><a href=\"https:\/\/d2p6e6u75xmxt8.cloudfront.net\/2\/2021\/01\/profimedia-0524005770.jpg\"><img loading=\"lazy\" decoding=\"async\" class=\"size-large wp-image-10015\" src=\"https:\/\/d2p6e6u75xmxt8.cloudfront.net\/12\/2021\/01\/profimedia-0524005770-1024x682.jpg\" alt=\"Bicycle basket\" width=\"1024\" height=\"682\" srcset=\"https:\/\/d2p6e6u75xmxt8.cloudfront.net\/12\/2021\/01\/profimedia-0524005770-1024x682.jpg 1024w, https:\/\/d2p6e6u75xmxt8.cloudfront.net\/12\/2021\/01\/profimedia-0524005770-300x200.jpg 300w, https:\/\/d2p6e6u75xmxt8.cloudfront.net\/12\/2021\/01\/profimedia-0524005770-768x512.jpg 768w, https:\/\/d2p6e6u75xmxt8.cloudfront.net\/12\/2021\/01\/profimedia-0524005770-272x182.jpg 272w, https:\/\/d2p6e6u75xmxt8.cloudfront.net\/12\/2021\/01\/profimedia-0524005770.jpg 1250w\" sizes=\"auto, (max-width: 1024px) 100vw, 1024px\" \/><\/a><figcaption id=\"caption-attachment-10015\" class=\"wp-caption-text\"><em>Kell egy fuvar a kuty\u00e1dnak? \u00a9 Profimedia<\/em><\/figcaption><\/figure>\n<p>Minden id\u0151k legnagyobb klasszikusa, amely b\u00e1rmilyen t\u00edpus\u00fa v\u00e1rosi ker\u00e9kp\u00e1ron remek\u00fcl n\u00e9z ki, \u00e9s val\u00f3ban seg\u00edthet n\u00e9h\u00e1ny k\u00f6nnyebb t\u00e1rgy, p\u00e9ld\u00e1ul bolti szatyor, p\u00e9nzt\u00e1rca, jegyzetf\u00fczet vagy ak\u00e1r kis\u00e1llatok sz\u00e1ll\u00edt\u00e1s\u00e1ban. Ha a kos\u00e1r k\u00f6zvetlen\u00fcl a korm\u00e1nyon van, a csomagok v\u00e9gig az ellen\u0151rz\u00e9sed alatt maradnak, \u00e9s folyamatosan besz\u00e9lgethetsz macsk\u00e1ddal, vagy kuty\u00e1ddal.<\/p>\n<h4><strong>Mire figyelj?<\/strong><\/h4>\n<p>Ha t\u00fal nagy s\u00falyt helyezel a kos\u00e1rra, a terhel\u00e9s felbor\u00edthatja az egyens\u00falyt \u00e9s nehezebb lesz korm\u00e1nyozni a biciklit. Egyes alkatr\u00e9szek nem \u00fagy lettek kialak\u00edtva, hogy b\u00edrj\u00e1k a neh\u00e9z terhek okozta kileng\u00e9st, ezek megrepedhetnek vagy ak\u00e1r el is t\u00f6rhetnek. R\u00e1ad\u00e1sul a sok cucc eltakarhatja az els\u0151 l\u00e1mp\u00e1t.<\/p>\n<h2><strong>V\u00e1llt\u00e1sk\u00e1k<\/strong><\/h2>\n<figure id=\"attachment_10016\" aria-describedby=\"caption-attachment-10016\" style=\"width: 1024px\" class=\"wp-caption alignnone\"><a href=\"https:\/\/d2p6e6u75xmxt8.cloudfront.net\/2\/2021\/01\/Bicycle-pannier-profimedia-0228601131.jpg\"><img loading=\"lazy\" decoding=\"async\" class=\"wp-image-10016 size-large\" src=\"https:\/\/d2p6e6u75xmxt8.cloudfront.net\/12\/2021\/01\/Bicycle-pannier-profimedia-0228601131-1024x682.jpg\" alt=\"Panniers\" width=\"1024\" height=\"682\" srcset=\"https:\/\/d2p6e6u75xmxt8.cloudfront.net\/12\/2021\/01\/Bicycle-pannier-profimedia-0228601131-1024x682.jpg 1024w, https:\/\/d2p6e6u75xmxt8.cloudfront.net\/12\/2021\/01\/Bicycle-pannier-profimedia-0228601131-300x200.jpg 300w, https:\/\/d2p6e6u75xmxt8.cloudfront.net\/12\/2021\/01\/Bicycle-pannier-profimedia-0228601131-768x512.jpg 768w, https:\/\/d2p6e6u75xmxt8.cloudfront.net\/12\/2021\/01\/Bicycle-pannier-profimedia-0228601131-272x182.jpg 272w, https:\/\/d2p6e6u75xmxt8.cloudfront.net\/12\/2021\/01\/Bicycle-pannier-profimedia-0228601131.jpg 1250w\" sizes=\"auto, (max-width: 1024px) 100vw, 1024px\" \/><\/a><figcaption id=\"caption-attachment-10016\" class=\"wp-caption-text\"><em>Egy \u00faj biciklit\u00e1ska kiv\u00e1laszt\u00e1sa nem k\u00f6nny\u0171 d\u00f6nt\u00e9s. \u00a9 Profimedia<\/em><\/figcaption><\/figure>\n<p>K\u00fcl\u00f6nb\u00f6z\u0151 form\u00e1j\u00fa \u00e9s m\u00e9ret\u0171 biciklire r\u00f6gz\u00edthet\u0151 t\u00e1sk\u00e1k l\u00e9teznek, amiket ak\u00e1r a korm\u00e1nyon, a v\u00e1zon vagy az \u00fcl\u00e9s alatti lehet t\u00e1rolni. Megfizethet\u0151ek, \u00e9s nagyon j\u00f3l tudnak j\u00f6nni, amikor olyan t\u00e1rgyakat kell magaddal vinned, mint a p\u00e9nzt\u00e1rca, okostelefon, kulcsok, extra gumibels\u0151 vagy m\u00e1s alapvet\u0151 holmi.<\/p>\n<h4><strong>Mi\u00e9rt nem szeretj\u00fck \u0151ket<\/strong><\/h4>\n<p>Annak ellen\u00e9re, hogy lehet\u0151s\u00e9g van a t\u00e1rgyak (\u00e9s enn\u00e9lfogva a s\u00faly) eloszt\u00e1s\u00e1ra k\u00fcl\u00f6nf\u00e9le t\u00e1sk\u00e1k seg\u00edts\u00e9g\u00e9vel, a korl\u00e1tozott terhelhet\u0151s\u00e9g miatt szuper logisztik\u00e1ra van sz\u00fcks\u00e9g, \u00e9s egy\u00e9ni \u00edzl\u00e9st\u0151l f\u00fcggetlen\u00fcl, sokan \u00fagy gondolj\u00e1k, hogy a v\u00e9geredm\u00e9ny el\u00e9g cs\u00fanya l\u00e1tv\u00e1ny lesz.<\/p>\n<h2><strong>Csomagtart\u00f3<\/strong><\/h2>\n<figure id=\"attachment_10017\" aria-describedby=\"caption-attachment-10017\" style=\"width: 999px\" class=\"wp-caption alignnone\"><a href=\"https:\/\/d2p6e6u75xmxt8.cloudfront.net\/12\/2021\/01\/Bike-rack-profimedia-0534988552.jpg\"><img loading=\"lazy\" decoding=\"async\" class=\"wp-image-10017 size-full\" src=\"https:\/\/d2p6e6u75xmxt8.cloudfront.net\/12\/2021\/01\/Bike-rack-profimedia-0534988552.jpg\" alt=\"Bicycle rear rack\" width=\"999\" height=\"665\" srcset=\"https:\/\/d2p6e6u75xmxt8.cloudfront.net\/12\/2021\/01\/Bike-rack-profimedia-0534988552.jpg 999w, https:\/\/d2p6e6u75xmxt8.cloudfront.net\/12\/2021\/01\/Bike-rack-profimedia-0534988552-300x200.jpg 300w, https:\/\/d2p6e6u75xmxt8.cloudfront.net\/12\/2021\/01\/Bike-rack-profimedia-0534988552-768x511.jpg 768w, https:\/\/d2p6e6u75xmxt8.cloudfront.net\/12\/2021\/01\/Bike-rack-profimedia-0534988552-272x182.jpg 272w\" sizes=\"auto, (max-width: 999px) 100vw, 999px\" \/><\/a><figcaption id=\"caption-attachment-10017\" class=\"wp-caption-text\"><em>El\u00f6l vagy h\u00e1tul? \u00a9 Profimedia<\/em><\/figcaption><\/figure>\n<p>Az ac\u00e9lb\u00f3l vagy f\u00e9m\u00f6tv\u00f6zetb\u0151l k\u00e9sz\u00fclt csomagtart\u00f3k sokoldal\u00faak \u00e9s k\u00e9pesek maxim\u00e1lisan kihaszn\u00e1lni minden bicikli teherb\u00edr\u00f3 k\u00e9pess\u00e9g\u00e9t. L\u00e9tezik el\u0151re \u00e9s h\u00e1tulra r\u00f6gz\u00edthet\u0151 v\u00e1ltozat is, k\u00f6nnyen felszerelhet\u0151ek \u00e9s nagy teherb\u00edr\u00e1s\u00faak. Tov\u00e1bbi hevederekkel vagy rakom\u00e1nyh\u00e1l\u00f3val kieg\u00e9sz\u00edtve szinte mindent elb\u00edrnak.<\/p>\n<h4><strong>Mit kell figyelembe venni?<\/strong><\/h4>\n<p>Mindenkinek, aki k\u00e9tnaponta nehezebb rakom\u00e1nyokat sz\u00e1ll\u00edt, \u00e9rdemes kihaszn\u00e1lnia az \u00e1llv\u00e1nyok er\u0151s fel\u00e9p\u00edt\u00e9s\u00e9t, de ha csak id\u0151nk\u00e9nt van sz\u00fcks\u00e9ged nagyobb terhek cipel\u00e9s\u00e9re, csak feleslegesen nehezebb\u00e9 teszik a bring\u00e1d. A megpakolt t\u00e1sk\u00e1kat a tart\u00f3kra kell r\u00f6gz\u00edteni, amiket minden meg\u00e1ll\u00f3n\u00e1l le kell szerelni, hogy nehogy ellopj\u00e1k, ameddig \u0151rizetlen\u00fcl hagyjuk a j\u00e1rg\u00e1nyt. Ez sok embert elriaszthat, akik v\u00e9g\u00fcl a hagyom\u00e1nyos h\u00e1tizs\u00e1k mellett d\u00f6ntenek.<\/p>\n<h2><strong>P\u00f3tkocsik<\/strong><\/h2>\n<figure id=\"attachment_10018\" aria-describedby=\"caption-attachment-10018\" style=\"width: 1024px\" class=\"wp-caption alignnone\"><a href=\"https:\/\/d2p6e6u75xmxt8.cloudfront.net\/2\/2021\/01\/Bike-trailer-profimedia-0540602422.jpg\"><img loading=\"lazy\" decoding=\"async\" class=\"wp-image-10018 size-large\" src=\"https:\/\/d2p6e6u75xmxt8.cloudfront.net\/12\/2021\/01\/Bike-trailer-profimedia-0540602422-1024x680.jpg\" alt=\"Bike trailer\" width=\"1024\" height=\"680\" srcset=\"https:\/\/d2p6e6u75xmxt8.cloudfront.net\/12\/2021\/01\/Bike-trailer-profimedia-0540602422-1024x680.jpg 1024w, https:\/\/d2p6e6u75xmxt8.cloudfront.net\/12\/2021\/01\/Bike-trailer-profimedia-0540602422-300x199.jpg 300w, https:\/\/d2p6e6u75xmxt8.cloudfront.net\/12\/2021\/01\/Bike-trailer-profimedia-0540602422-768x510.jpg 768w, https:\/\/d2p6e6u75xmxt8.cloudfront.net\/12\/2021\/01\/Bike-trailer-profimedia-0540602422-272x182.jpg 272w, https:\/\/d2p6e6u75xmxt8.cloudfront.net\/12\/2021\/01\/Bike-trailer-profimedia-0540602422.jpg 1250w\" sizes=\"auto, (max-width: 1024px) 100vw, 1024px\" \/><\/a><figcaption id=\"caption-attachment-10018\" class=\"wp-caption-text\"><em>Egyre n\u00e9pszer\u0171bbek a p\u00f3tkocsik. \u00a9 Profimedia<\/em><\/figcaption><\/figure>\n<p>A fenntarthat\u00f3s\u00e1g kor\u00e1ban, a modern v\u00e1rosokban egyre t\u00f6bben veszik fontol\u00f3ta a ker\u00e9kp\u00e1rral t\u00f6rt\u00e9n\u0151 tehersz\u00e1ll\u00edt\u00e1st. A bev\u00e1s\u00e1rl\u00e1s, t\u00e1sk\u00e1k, kuty\u00e1k vagy m\u00e1s nagyobb m\u00e9ret\u0171 rakom\u00e1ny sz\u00e1ll\u00edt\u00e1s\u00e1ra alkalmas kocsik k\u00e9t v\u00e1ltozatban kaphat\u00f3k: vagy a nyeregcs\u0151h\u00f6z vagy a h\u00e1ts\u00f3 ker\u00e9k tengely\u00e9hez r\u00f6gz\u00edthet\u0151k.<\/p>\n<h4><strong>Ki ker\u00fclje el \u0151ket?<\/strong><\/h4>\n<p>A leszerel\u00e9s id\u0151be telik, \u00edgy a p\u00f3tkocsik azoknak val\u00f3k, akik nem b\u00e1nj\u00e1k, ha ezzel kell foglalkozniuk. A bicikliz\u00e9s \u00edgy igazi kalandd\u00e1 v\u00e1lik, mivel a meghosszabodott ker\u00e9kp\u00e1rral val\u00f3 kanyarod\u00e1s nem kev\u00e9s el\u0151rel\u00e1t\u00e1st \u00e9s magabiztos korm\u00e1nyz\u00e1st ig\u00e9nyel. A kocsi felszerel\u00e9se ut\u00e1n a bicikli ir\u00e1ny\u00edt\u00e1sa szinte ugyanolyan ideges\u00edt\u0151v\u00e9 v\u00e1lik, mint egy zongora lecipel\u00e9se a harmadik emeletr\u0151l.<\/p>\n<h2><strong>Teherker\u00e9kp\u00e1rok<\/strong><\/h2>\n<figure id=\"attachment_10019\" aria-describedby=\"caption-attachment-10019\" style=\"width: 1024px\" class=\"wp-caption alignnone\"><a href=\"https:\/\/d2p6e6u75xmxt8.cloudfront.net\/2\/2021\/01\/Cargo-bike-profimedia-0348596072.jpg\"><img loading=\"lazy\" decoding=\"async\" class=\"wp-image-10019 size-large\" src=\"https:\/\/d2p6e6u75xmxt8.cloudfront.net\/12\/2021\/01\/Cargo-bike-profimedia-0348596072-1024x677.jpg\" alt=\"Cargo bike\" width=\"1024\" height=\"677\" srcset=\"https:\/\/d2p6e6u75xmxt8.cloudfront.net\/12\/2021\/01\/Cargo-bike-profimedia-0348596072-1024x677.jpg 1024w, https:\/\/d2p6e6u75xmxt8.cloudfront.net\/12\/2021\/01\/Cargo-bike-profimedia-0348596072-300x198.jpg 300w, https:\/\/d2p6e6u75xmxt8.cloudfront.net\/12\/2021\/01\/Cargo-bike-profimedia-0348596072-768x508.jpg 768w, https:\/\/d2p6e6u75xmxt8.cloudfront.net\/12\/2021\/01\/Cargo-bike-profimedia-0348596072.jpg 1250w\" sizes=\"auto, (max-width: 1024px) 100vw, 1024px\" \/><\/a><figcaption id=\"caption-attachment-10019\" class=\"wp-caption-text\"><em>Illik hozz\u00e1 ez a megold\u00e1s?\u00a0 \u00a9 Profimedia<\/em><\/figcaption><\/figure>\n<p>Egy egyedi gy\u00e1rt\u00e1s\u00fa teherbiciklivel sokf\u00e9le \u00e1rucikket sz\u00e1ll\u00edthatsz. Ezek m\u00e9ret\u00fckben \u00e9s form\u00e1jukban a kis kos\u00e1rt\u00f3l kezdve a hatalmas f\u00e9mdobozokig terjedhetnek. Id\u0151be telik megtanulni a biztons\u00e1gos korm\u00e1nyz\u00e1st, de ha megszokod, szinte ugyanolyan k\u00e9nyelmesen haszn\u00e1lhatod a rakom\u00e1nyker\u00e9kp\u00e1rokat, mint az \u00e1tlagos bicikliket. R\u00e1ad\u00e1sul egyre gyakrabban ker\u00fclnek e-ker\u00e9kp\u00e1rokk\u00e9nt piacra, a k\u00f6nnyebb k\u00f6zleked\u00e9s \u00e9rdek\u00e9ben.<\/p>\n<h4><strong>Csak neh\u00e9z t\u00e1rgyakhoz aj\u00e1nlott<\/strong><\/h4>\n<p>A s\u00falyos \u00e9s esetlen teherbiciklik csak neh\u00e9z t\u00e1rgyak sz\u00e1ll\u00edt\u00e1s\u00e1ra szolg\u00e1lnak. A hagyom\u00e1nyos ker\u00e9kp\u00e1r sokkal jobb ing\u00e1z\u00e1shoz \u00e9s mindennapi haszn\u00e1lathoz, hiszen tetsz\u00e9s szerint fordul, lass\u00edt \u00e9s gyorsul, ellent\u00e9tben a teherker\u00e9kp\u00e1rra, melynek sokszor \u00f6n\u00e1ll\u00f3 akarata van.<\/p>\n","protected":false},"excerpt":{"rendered":"<p>Nagyobb terheket szeretn\u00e9l cipelni a bicikliden? J\u00f3 n\u00e9h\u00e1ny lehet\u0151s\u00e9g l\u00e9tezik arra, hogyan lehet \u00e1rut, okostelefont vagy ak\u00e1r egy ugat\u00f3 kutyust [&hellip;]<\/p>\n","protected":false},"author":71,"featured_media":10021,"comment_status":"closed","ping_status":"closed","sticky":false,"template":"","format":"standard","meta":{"footnotes":""},"categories":[9],"tags":[],"global-categories":[],"class_list":["post-10013","post","type-post","status-publish","format-standard","has-post-thumbnail","hentry","category-varosi-kerekparozas"],"yoast_head":"<!-- This site is optimized with the Yoast SEO Premium plugin v25.3 (Yoast SEO v25.9) - https:\/\/yoast.com\/wordpress\/plugins\/seo\/ -->\n<title>\u00cdgy sz\u00e1ll\u00edts szinte b\u00e1rmit biciklin - \u0160koda We Love Cycling - Magyarorsz\u00e1g<\/title>\n<meta name=\"description\" content=\"Nagyobb terheket szeretn\u00e9l cipelni a bicikliden? J\u00f3 n\u00e9h\u00e1ny lehet\u0151s\u00e9g l\u00e9tezik arra, hogyan lehet \u00e1rut, okostelefont vagy ak\u00e1r egy ugat\u00f3 kutyust sz\u00e1ll\u00edtani k\u00e9t ker\u00e9ken. V\u00e1lassz az ig\u00e9nyeidnek megfelel\u0151 megold\u00e1st!\" \/>\n<meta name=\"robots\" content=\"index, follow, max-snippet:-1, max-image-preview:large, max-video-preview:-1\" \/>\n<link rel=\"canonical\" href=\"https:\/\/www.welovecycling.com\/hu\/varosi-kerekparozas\/igy-szallits-szinte-barmit-biciklin\/\" \/>\n<meta property=\"og:locale\" content=\"hu_HU\" \/>\n<meta property=\"og:type\" content=\"article\" \/>\n<meta property=\"og:title\" content=\"\u00cdgy sz\u00e1ll\u00edts szinte b\u00e1rmit biciklin\" \/>\n<meta property=\"og:description\" content=\"Nagyobb terheket szeretn\u00e9l cipelni a bicikliden? J\u00f3 n\u00e9h\u00e1ny lehet\u0151s\u00e9g l\u00e9tezik arra, hogyan lehet \u00e1rut, okostelefont vagy ak\u00e1r egy ugat\u00f3 kutyust sz\u00e1ll\u00edtani k\u00e9t ker\u00e9ken. V\u00e1lassz az ig\u00e9nyeidnek megfelel\u0151 megold\u00e1st!\" \/>\n<meta property=\"og:url\" content=\"https:\/\/www.welovecycling.com\/hu\/varosi-kerekparozas\/igy-szallits-szinte-barmit-biciklin\/\" \/>\n<meta property=\"og:site_name\" content=\"\u0160koda We Love Cycling - Magyarorsz\u00e1g\" \/>\n<meta property=\"article:publisher\" content=\"https:\/\/www.facebook.com\/WeLoveCyclingHungary\/\" \/>\n<meta property=\"article:published_time\" content=\"2021-02-01T07:00:17+00:00\" \/>\n<meta property=\"og:image\" content=\"https:\/\/d2p6e6u75xmxt8.cloudfront.net\/12\/2021\/01\/Bicycle-cargo-profimedia-0472681997-CVR.jpg\" \/>\n\t<meta property=\"og:image:width\" content=\"1366\" \/>\n\t<meta property=\"og:image:height\" content=\"600\" \/>\n\t<meta property=\"og:image:type\" content=\"image\/jpeg\" \/>\n<meta name=\"author\" content=\"hegyizs\" \/>\n<meta name=\"twitter:card\" content=\"summary_large_image\" \/>\n<meta name=\"twitter:label1\" content=\"Written by\" \/>\n\t<meta name=\"twitter:data1\" content=\"Adam Marsal\" \/>\n\t<meta name=\"twitter:label2\" content=\"Est. reading time\" \/>\n\t<meta name=\"twitter:data2\" content=\"5\" \/>\n<script type=\"application\/ld+json\" class=\"yoast-schema-graph\">{\"@context\":\"https:\/\/schema.org\",\"@graph\":[{\"@type\":\"WebPage\",\"@id\":\"https:\/\/www.welovecycling.com\/hu\/varosi-kerekparozas\/igy-szallits-szinte-barmit-biciklin\/\",\"url\":\"https:\/\/www.welovecycling.com\/hu\/varosi-kerekparozas\/igy-szallits-szinte-barmit-biciklin\/\",\"name\":\"\u00cdgy sz\u00e1ll\u00edts szinte b\u00e1rmit biciklin - \u0160koda We Love Cycling - Magyarorsz\u00e1g\",\"isPartOf\":{\"@id\":\"https:\/\/www.welovecycling.com\/hu\/#website\"},\"primaryImageOfPage\":{\"@id\":\"https:\/\/www.welovecycling.com\/hu\/varosi-kerekparozas\/igy-szallits-szinte-barmit-biciklin\/#primaryimage\"},\"image\":{\"@id\":\"https:\/\/www.welovecycling.com\/hu\/varosi-kerekparozas\/igy-szallits-szinte-barmit-biciklin\/#primaryimage\"},\"thumbnailUrl\":\"https:\/\/d2p6e6u75xmxt8.cloudfront.net\/12\/2021\/01\/Bicycle-cargo-profimedia-0472681997-CVR.jpg\",\"datePublished\":\"2021-02-01T07:00:17+00:00\",\"author\":{\"@id\":\"https:\/\/www.welovecycling.com\/hu\/#\/schema\/person\/414a2aebf1801691a5320edb6468e194\"},\"description\":\"Nagyobb terheket szeretn\u00e9l cipelni a bicikliden? J\u00f3 n\u00e9h\u00e1ny lehet\u0151s\u00e9g l\u00e9tezik arra, hogyan lehet \u00e1rut, okostelefont vagy ak\u00e1r egy ugat\u00f3 kutyust sz\u00e1ll\u00edtani k\u00e9t ker\u00e9ken. V\u00e1lassz az ig\u00e9nyeidnek megfelel\u0151 megold\u00e1st!\",\"breadcrumb\":{\"@id\":\"https:\/\/www.welovecycling.com\/hu\/varosi-kerekparozas\/igy-szallits-szinte-barmit-biciklin\/#breadcrumb\"},\"inLanguage\":\"hu\",\"potentialAction\":[{\"@type\":\"ReadAction\",\"target\":[\"https:\/\/www.welovecycling.com\/hu\/varosi-kerekparozas\/igy-szallits-szinte-barmit-biciklin\/\"]}]},{\"@type\":\"ImageObject\",\"inLanguage\":\"hu\",\"@id\":\"https:\/\/www.welovecycling.com\/hu\/varosi-kerekparozas\/igy-szallits-szinte-barmit-biciklin\/#primaryimage\",\"url\":\"https:\/\/d2p6e6u75xmxt8.cloudfront.net\/12\/2021\/01\/Bicycle-cargo-profimedia-0472681997-CVR.jpg\",\"contentUrl\":\"https:\/\/d2p6e6u75xmxt8.cloudfront.net\/12\/2021\/01\/Bicycle-cargo-profimedia-0472681997-CVR.jpg\",\"width\":1366,\"height\":600,\"caption\":\"Cargo bike\"},{\"@type\":\"BreadcrumbList\",\"@id\":\"https:\/\/www.welovecycling.com\/hu\/varosi-kerekparozas\/igy-szallits-szinte-barmit-biciklin\/#breadcrumb\",\"itemListElement\":[{\"@type\":\"ListItem\",\"position\":1,\"name\":\"Home\",\"item\":\"https:\/\/www.welovecycling.com\/hu\/\"},{\"@type\":\"ListItem\",\"position\":2,\"name\":\"\u00cdgy sz\u00e1ll\u00edts szinte b\u00e1rmit biciklin\"}]},{\"@type\":\"WebSite\",\"@id\":\"https:\/\/www.welovecycling.com\/hu\/#website\",\"url\":\"https:\/\/www.welovecycling.com\/hu\/\",\"name\":\"\u0160koda We Love Cycling - Magyarorsz\u00e1g\",\"description\":\"\u0160koda WeLoveCycling\",\"potentialAction\":[{\"@type\":\"SearchAction\",\"target\":{\"@type\":\"EntryPoint\",\"urlTemplate\":\"https:\/\/www.welovecycling.com\/hu\/?s={search_term_string}\"},\"query-input\":{\"@type\":\"PropertyValueSpecification\",\"valueRequired\":true,\"valueName\":\"search_term_string\"}}],\"inLanguage\":\"hu\"},{\"@type\":\"Person\",\"@id\":\"https:\/\/www.welovecycling.com\/hu\/#\/schema\/person\/414a2aebf1801691a5320edb6468e194\",\"name\":\"hegyizs\",\"image\":{\"@type\":\"ImageObject\",\"inLanguage\":\"hu\",\"@id\":\"https:\/\/www.welovecycling.com\/hu\/#\/schema\/person\/image\/\",\"url\":\"https:\/\/secure.gravatar.com\/avatar\/02cf8a7906b8cf90cecb4679defac7cfd33a1c2e3b88e4903d947f3bb58eedd3?s=96&d=mm&r=g\",\"contentUrl\":\"https:\/\/secure.gravatar.com\/avatar\/02cf8a7906b8cf90cecb4679defac7cfd33a1c2e3b88e4903d947f3bb58eedd3?s=96&d=mm&r=g\",\"caption\":\"hegyizs\"},\"url\":\"https:\/\/www.welovecycling.com\/hu\/author\/hegyizs\/\"}]}<\/script>\n<!-- \/ Yoast SEO Premium plugin. -->","yoast_head_json":{"title":"\u00cdgy sz\u00e1ll\u00edts szinte b\u00e1rmit biciklin - \u0160koda We Love Cycling - Magyarorsz\u00e1g","description":"Nagyobb terheket szeretn\u00e9l cipelni a bicikliden? J\u00f3 n\u00e9h\u00e1ny lehet\u0151s\u00e9g l\u00e9tezik arra, hogyan lehet \u00e1rut, okostelefont vagy ak\u00e1r egy ugat\u00f3 kutyust sz\u00e1ll\u00edtani k\u00e9t ker\u00e9ken. V\u00e1lassz az ig\u00e9nyeidnek megfelel\u0151 megold\u00e1st!","robots":{"index":"index","follow":"follow","max-snippet":"max-snippet:-1","max-image-preview":"max-image-preview:large","max-video-preview":"max-video-preview:-1"},"canonical":"https:\/\/www.welovecycling.com\/hu\/varosi-kerekparozas\/igy-szallits-szinte-barmit-biciklin\/","og_locale":"hu_HU","og_type":"article","og_title":"\u00cdgy sz\u00e1ll\u00edts szinte b\u00e1rmit biciklin","og_description":"Nagyobb terheket szeretn\u00e9l cipelni a bicikliden? J\u00f3 n\u00e9h\u00e1ny lehet\u0151s\u00e9g l\u00e9tezik arra, hogyan lehet \u00e1rut, okostelefont vagy ak\u00e1r egy ugat\u00f3 kutyust sz\u00e1ll\u00edtani k\u00e9t ker\u00e9ken. V\u00e1lassz az ig\u00e9nyeidnek megfelel\u0151 megold\u00e1st!","og_url":"https:\/\/www.welovecycling.com\/hu\/varosi-kerekparozas\/igy-szallits-szinte-barmit-biciklin\/","og_site_name":"\u0160koda We Love Cycling - Magyarorsz\u00e1g","article_publisher":"https:\/\/www.facebook.com\/WeLoveCyclingHungary\/","article_published_time":"2021-02-01T07:00:17+00:00","og_image":[{"width":1366,"height":600,"url":"https:\/\/d2p6e6u75xmxt8.cloudfront.net\/12\/2021\/01\/Bicycle-cargo-profimedia-0472681997-CVR.jpg","type":"image\/jpeg"}],"author":"hegyizs","twitter_card":"summary_large_image","twitter_misc":{"Written by":"Adam Marsal","Est. reading time":"5"},"schema":{"@context":"https:\/\/schema.org","@graph":[{"@type":"WebPage","@id":"https:\/\/www.welovecycling.com\/hu\/varosi-kerekparozas\/igy-szallits-szinte-barmit-biciklin\/","url":"https:\/\/www.welovecycling.com\/hu\/varosi-kerekparozas\/igy-szallits-szinte-barmit-biciklin\/","name":"\u00cdgy sz\u00e1ll\u00edts szinte b\u00e1rmit biciklin - \u0160koda We Love Cycling - Magyarorsz\u00e1g","isPartOf":{"@id":"https:\/\/www.welovecycling.com\/hu\/#website"},"primaryImageOfPage":{"@id":"https:\/\/www.welovecycling.com\/hu\/varosi-kerekparozas\/igy-szallits-szinte-barmit-biciklin\/#primaryimage"},"image":{"@id":"https:\/\/www.welovecycling.com\/hu\/varosi-kerekparozas\/igy-szallits-szinte-barmit-biciklin\/#primaryimage"},"thumbnailUrl":"https:\/\/d2p6e6u75xmxt8.cloudfront.net\/12\/2021\/01\/Bicycle-cargo-profimedia-0472681997-CVR.jpg","datePublished":"2021-02-01T07:00:17+00:00","author":{"@id":"https:\/\/www.welovecycling.com\/hu\/#\/schema\/person\/414a2aebf1801691a5320edb6468e194"},"description":"Nagyobb terheket szeretn\u00e9l cipelni a bicikliden? J\u00f3 n\u00e9h\u00e1ny lehet\u0151s\u00e9g l\u00e9tezik arra, hogyan lehet \u00e1rut, okostelefont vagy ak\u00e1r egy ugat\u00f3 kutyust sz\u00e1ll\u00edtani k\u00e9t ker\u00e9ken. V\u00e1lassz az ig\u00e9nyeidnek megfelel\u0151 megold\u00e1st!","breadcrumb":{"@id":"https:\/\/www.welovecycling.com\/hu\/varosi-kerekparozas\/igy-szallits-szinte-barmit-biciklin\/#breadcrumb"},"inLanguage":"hu","potentialAction":[{"@type":"ReadAction","target":["https:\/\/www.welovecycling.com\/hu\/varosi-kerekparozas\/igy-szallits-szinte-barmit-biciklin\/"]}]},{"@type":"ImageObject","inLanguage":"hu","@id":"https:\/\/www.welovecycling.com\/hu\/varosi-kerekparozas\/igy-szallits-szinte-barmit-biciklin\/#primaryimage","url":"https:\/\/d2p6e6u75xmxt8.cloudfront.net\/12\/2021\/01\/Bicycle-cargo-profimedia-0472681997-CVR.jpg","contentUrl":"https:\/\/d2p6e6u75xmxt8.cloudfront.net\/12\/2021\/01\/Bicycle-cargo-profimedia-0472681997-CVR.jpg","width":1366,"height":600,"caption":"Cargo bike"},{"@type":"BreadcrumbList","@id":"https:\/\/www.welovecycling.com\/hu\/varosi-kerekparozas\/igy-szallits-szinte-barmit-biciklin\/#breadcrumb","itemListElement":[{"@type":"ListItem","position":1,"name":"Home","item":"https:\/\/www.welovecycling.com\/hu\/"},{"@type":"ListItem","position":2,"name":"\u00cdgy sz\u00e1ll\u00edts szinte b\u00e1rmit biciklin"}]},{"@type":"WebSite","@id":"https:\/\/www.welovecycling.com\/hu\/#website","url":"https:\/\/www.welovecycling.com\/hu\/","name":"\u0160koda We Love Cycling - Magyarorsz\u00e1g","description":"\u0160koda WeLoveCycling","potentialAction":[{"@type":"SearchAction","target":{"@type":"EntryPoint","urlTemplate":"https:\/\/www.welovecycling.com\/hu\/?s={search_term_string}"},"query-input":{"@type":"PropertyValueSpecification","valueRequired":true,"valueName":"search_term_string"}}],"inLanguage":"hu"},{"@type":"Person","@id":"https:\/\/www.welovecycling.com\/hu\/#\/schema\/person\/414a2aebf1801691a5320edb6468e194","name":"hegyizs","image":{"@type":"ImageObject","inLanguage":"hu","@id":"https:\/\/www.welovecycling.com\/hu\/#\/schema\/person\/image\/","url":"https:\/\/secure.gravatar.com\/avatar\/02cf8a7906b8cf90cecb4679defac7cfd33a1c2e3b88e4903d947f3bb58eedd3?s=96&d=mm&r=g","contentUrl":"https:\/\/secure.gravatar.com\/avatar\/02cf8a7906b8cf90cecb4679defac7cfd33a1c2e3b88e4903d947f3bb58eedd3?s=96&d=mm&r=g","caption":"hegyizs"},"url":"https:\/\/www.welovecycling.com\/hu\/author\/hegyizs\/"}]}},"_links":{"self":[{"href":"https:\/\/www.welovecycling.com\/hu\/wp-json\/wp\/v2\/posts\/10013","targetHints":{"allow":["GET"]}}],"collection":[{"href":"https:\/\/www.welovecycling.com\/hu\/wp-json\/wp\/v2\/posts"}],"about":[{"href":"https:\/\/www.welovecycling.com\/hu\/wp-json\/wp\/v2\/types\/post"}],"author":[{"embeddable":true,"href":"https:\/\/www.welovecycling.com\/hu\/wp-json\/wp\/v2\/users\/71"}],"replies":[{"embeddable":true,"href":"https:\/\/www.welovecycling.com\/hu\/wp-json\/wp\/v2\/comments?post=10013"}],"version-history":[{"count":2,"href":"https:\/\/www.welovecycling.com\/hu\/wp-json\/wp\/v2\/posts\/10013\/revisions"}],"predecessor-version":[{"id":10042,"href":"https:\/\/www.welovecycling.com\/hu\/wp-json\/wp\/v2\/posts\/10013\/revisions\/10042"}],"wp:featuredmedia":[{"embeddable":true,"href":"https:\/\/www.welovecycling.com\/hu\/wp-json\/wp\/v2\/media\/10021"}],"wp:attachment":[{"href":"https:\/\/www.welovecycling.com\/hu\/wp-json\/wp\/v2\/media?parent=10013"}],"wp:term":[{"taxonomy":"category","embeddable":true,"href":"https:\/\/www.welovecycling.com\/hu\/wp-json\/wp\/v2\/categories?post=10013"},{"taxonomy":"post_tag","embeddable":true,"href":"https:\/\/www.welovecycling.com\/hu\/wp-json\/wp\/v2\/tags?post=10013"},{"taxonomy":"global-categories","embeddable":true,"href":"https:\/\/www.welovecycling.com\/hu\/wp-json\/wp\/v2\/global-categories?post=10013"}],"curies":[{"name":"wp","href":"https:\/\/api.w.org\/{rel}","templated":true}]}}