{"id":9998,"date":"2023-06-23T10:53:42","date_gmt":"2023-06-23T08:53:42","guid":{"rendered":"https:\/\/www.welovecycling.com\/es\/?p=9998"},"modified":"2023-06-07T13:44:45","modified_gmt":"2023-06-07T11:44:45","slug":"las-etapas-en-el-pais-vasco-del-tour-algo-mas-que-ciclismo","status":"publish","type":"post","link":"https:\/\/www.welovecycling.com\/es\/2023\/06\/23\/las-etapas-en-el-pais-vasco-del-tour-algo-mas-que-ciclismo\/","title":{"rendered":"Las etapas en el Pa\u00eds Vasco del Tour, algo m\u00e1s que ciclismo"},"content":{"rendered":"<p style=\"font-weight: 400;\"><strong>Si piensas que la Grand Depart del Tour de Francia, solo son tres etapas, es que no conoces la dimensi\u00f3n de la carrera francesa. La Grande Boucle es un evento mundial. Un gran drag\u00f3n con cien colas que tiene a su alrededor un incontable n\u00famero de personas interesados en saber qu\u00e9 pasa en cada momento. La &#8216;salida&#8217; del 1 de julio en Bilbao empez\u00f3 hace meses, aunque a nivel deportivo se resumir\u00e1 en las tres etapas del Pa\u00eds Vasco<\/strong><\/p>\n<p><!--more--><\/p>\n<p style=\"font-weight: 400;\">El Trofeo del ganador del Tour de Francia 2022, Jonas Vingegaard, viaj\u00f3 minutos despu\u00e9s de que el dan\u00e9s lo recogiese en Par\u00eds a Bilbao. Lo hizo en bicicleta, claro y llevado por dos ultrafondistas locales, <a href=\"https:\/\/www.welovecycling.com\/es\/2023\/01\/26\/letape-bilbao-calentando-motores\/\">Julian Sanz y Ziortza Villa<\/a>.\u00a0 Pasaron por San Sebastian, Amorebieta y Vitoria, el resto de los ejes de las tres etapas del Tour en el Pa\u00eds Vasco. Eso fue en julio de 2022 y desde entonces, <a href=\"https:\/\/letour.euskadi.eus\/inicio\/\">Le Tour Euskadi,<\/a> la fundaci\u00f3n que gestiona La Grand Depart Le Tour 2023 Pays Basque se ha dedicado a crear actividades y eventos alrededor del Tour de Francia.<\/p>\n<p>Con el lema &#8216;Ongi eTou ri&#8217; se han celebrado tres marchas cicloturistas en el Pais Vasco que han reunido a m\u00e1s de 5.000 aficionados. Una en San Sebasti\u00e1n, otra en Vitoria y LEtape du Tour Bilbao, con el mismo recorrido que la etapa inicial del Tour.\u00a0 Varios BiziTours o pedaladas populares por diversos puntos de la geograf\u00eda de Euskadi. Una exposici\u00f3n itinerante de maillots hist\u00f3ricos con m\u00e1s de 100 piezas y una serie de charlas sobre la relaci\u00f3n del ciclismo con la ciencia, el turismo y la tecnolog\u00eda. Y todo esto antes de que comiencen a rodar las bicicletas de los ciclistas profesionales.<\/p>\n<lite-youtube videoid=0N1kOojeE4c params=\"enablejsapi=1\" style=\"background-image: url('https:\/\/i.ytimg.com\/vi_webp\/0N1kOojeE4c\/maxresdefault.webp');\"><\/lite-youtube>\n<p>&nbsp;<\/p>\n<h2><strong>Agenda Grand Depart<\/strong><\/h2>\n<p>El Tour 2023 empieza el s\u00e1bado 1 de julio, pero los colores del Tour van a empezar a llegar a Bilbao como m\u00ednimo cinco d\u00edas antes. Desde el lunes 26 de junio, los hoteles de la capital vasca y sus alrededores se van a llenar con los 22 equipos que participan en esta edici\u00f3n. <strong>Por las carreteras de Euskadi van a estar entrenando los 176 mejores corredores del mundo, con sus veh\u00edculos de apoyo y una turba de periodistas siguiendo sus evoluciones.<\/strong> Habr\u00e1 ruedas de prensa y eventos en redes sociales que van a poner a hacer a Bilbao el centro del universo ciclista. No es un t\u00f3pico, porque si algo tiene el Tour es que ha conseguido que ninguna otra carrera se atreva a competir con \u00e9l. Cualquiera al que le guste el ciclismo sabr\u00e1 que los Pogacar, Vingegaard, Van Aert, M\u00e1s, Carapaz o Alaphilippe est\u00e1n en el Pa\u00eds Vasco.<\/p>\n<p>La presentaci\u00f3n oficial de los equipos, uno de los grandes eventos de la Grande Depart, ser\u00e1 el jueves 29 de junio por la tarde en los alrededores del Museo Guggenheim, con todos los corredores desfilando por el escenario y el p\u00fablico, que ese d\u00eda ya ser\u00e1 de m\u00e1s de una treintena de paises, vivi\u00e9ndolo en directo. Ese jueves se estrenar\u00e1 el <a href=\"https:\/\/letour.euskadi.eus\/entrada-blog\/las-instituciones-vascas-presentan-un-operativo-de-seguridad-sin-precedentes-en-euskadi-para-el-grand-depart-pays-basque-2023\/webtour00-content\/es\/\">plan de movilidad del Tour de Francia en Euskadi<\/a>, con todos los cortes de carretera previstos para esos d\u00edas. Para entonces ya estar\u00e1 abierta la <strong>Fan Zone del Tour en Bilbao.<\/strong><\/p>\n<h2><strong>Etapa 1. Bilbao-Bilbao (1 de julio)<\/strong><\/h2>\n<p>Los ciclistas empezar\u00e1n a dar pedales el s\u00e1bado 1 de julio a las 12:30 del mediodia en los alrededores de San Mam\u00e9s. Dos horas antes habr\u00e1 salido la Caravana Publicitaria y se habr\u00e1 abierto a invitados y pases vio el Village Depart, esa zona exclusiva del Tour en la que todos sus patrocinadores ponen su stand, donde te puedes cruzar con <strong>Hinault, Virenque, Indurain<\/strong> y por donde casi seguro no van a pasar los ciclistas profesionales, sobre todo despu\u00e9s del lo ocurrido en el Giro con el Remco Evenepoel y el Covid.<\/p>\n<p>En lo deportivo, jam\u00e1s el Tour de Francia hab\u00eda comenzado con una etapa de tanto desnivel acumulado. Son todo peque\u00f1as cotas, lo m\u00e1s alto es el Vivero, con 361 metros, a 24 kil\u00f3metros de meta, pero no hay ni un cent\u00edmetro llano. Terreno para escapadas, emboscadas y peligro para los favoritos, que deben estar atentos en una etapa de 182 kil\u00f3metros y m\u00e1s de 3.000 metros de desnivel.<\/p>\n<p>Ya desde la salida desde Bilbao la carrera el norte. La <strong>Cota de Laukiz e<\/strong>s suficiente para hacer la primera escapada. Despu\u00e9s queda toda la accidentada costa del Cant\u00e1brico por Gorliz, Bakio, la Subida a San Juan de Gaztelugatxe y la cota de Narbaniz. De vuelta al interior lo hace por el recorrido final de la Bilbao-Bilbao. La liviana subida a Morga, la dureza del Vivero (que siempre ha provocado en la Vuelta a Espa\u00f1a que no haya llegada al sprint) y la trampa de <a href=\"https:\/\/www.letour.fr\/es\/etapa-1\"><strong>Pike Bidea (Calle Pike)<\/strong><\/a> una cota de 2 kil\u00f3metros al 10% a solo una decena de kil\u00f3metros de meta. Ideal para que ciclistas como<strong> Alaphilippe, Van Aert o Pogacar<\/strong> intenten la fuga desde ah\u00ed antes de la meta en el repecho de Bego\u00f1a, que pica al 7%. All\u00ed se llegar\u00e1 sobre las 17.15 de la tarde.<\/p>\n<p><img loading=\"lazy\" decoding=\"async\" class=\"alignnone size-extra-large\" src=\"https:\/\/img.aso.fr\/core_app\/img-cycling-tdf-jpg\/tdf23-profils-web-fr-e-uetape-1\/45581\/0:0,2009:1205-960-0-90\/52c51\" width=\"960\" height=\"576\" \/><\/p>\n<h2><strong>Etapa 2. Vitoria-San Sebasti\u00e1n (2 de julio)<\/strong><\/h2>\n<p>El domingo 2 de julio la caravana se traslada a<strong> Vitoria<\/strong>, salida de la segunda etapa del Tour de Francia 2023. Ser\u00e1 la jornada m\u00e1s larga de esta edici\u00f3n con <strong>209 kil\u00f3metros y otros 3.000 metros de desnivel acumulado<\/strong>. Los primeros 50 kil\u00f3metros son totalmente planos por la allanada alavesa y los siguientes en ligero descenso, ya en territorio guizpuzcoano, hasta O\u00f1ati. Desde all\u00ed, kil\u00f3metro 73, comienza otra &#8216;carrera&#8217; con dos cotas de tercera, Udana y Alkiza, dos de cuarta, Aztiria y Gurutze y el m\u00edtico Jaizkibel en la parte final.<\/p>\n<p>Es un gui\u00f1o al recorrido hist\u00f3rico de la<a href=\"https:\/\/www.welovecycling.com\/es\/2017\/10\/13\/skoda-gran-fondo-san-sebastian-2017\/\"><strong> Cl\u00e1sica de San Sebasti\u00e1n<\/strong><\/a>, con la vertiente de <a href=\"https:\/\/www.letour.fr\/es\/etapa-2\">Hondarribia de Jaizkibel.<\/a> Son 8,1 km al 5,3%, pero incluyen un descansillo a cuatro de coronar. Los \u00faltimos no bajan del 7%. Desde la cima solo queda un r\u00e1pido descenso hacia Lezo y ocho kil\u00f3metros, con repecho incluido, antes de entrar en la meta del Boulevard.<\/p>\n<p>Los velocistas tampoco tendr\u00e1n demasiadas oportunidades en esta etapa, que quedar\u00e1 para la fuga, si el equipo del l\u00edder no quiere trabajar, o para alguno de los valientes que lo intente en <strong>Jaizkibel.<\/strong><\/p>\n<p><img loading=\"lazy\" decoding=\"async\" class=\"alignnone size-extra-large\" src=\"https:\/\/img.aso.fr\/core_app\/img-cycling-tdf-jpg\/tdf23-profils-web-fr-e-uetape-2\/45582\/0:0,2009:1206-960-0-90\/114ba\" width=\"960\" height=\"576\" \/><\/p>\n<h2><strong>Etapa 3. Amorebieta-Bayona (3 de julio)<\/strong><\/h2>\n<p>El lunes 3 de julio los ciclistas del Tour de Francia a\u00fan rodar\u00e1n 130 de los 187 kil\u00f3metros de la etapa por territorio del Pa\u00eds Vasco. La salida es en uno de los lugares con m\u00e1s tradici\u00f3n ciclista y cicloturista de Euskadi, el entorno de Amorebieta y Durango. Pese a que la organizaci\u00f3n la ha calificado como llana, en los primeros kil\u00f3metros no hay ni un cent\u00edmetro de descanso.<\/p>\n<p>De salida se asciende Trabakua (4,1 kil\u00f3metros al 5,4%), ideal para se haga la escapada. Despu\u00e9s se suben todos los repechos de la costa, por carreteras estrechas y con curvas. Milloi, paso por Lekeitio y Ondarroa, <strong>Cota de Itziar, Cota de Orioko (una vertiente del Monte Igueldo) y Cota de Gaintxurizketa<\/strong> (paralela a Jaizkibel) antes de abandonar el Pa\u00eds Vasco por Ir\u00fan camino de Hendaya. Es cierto que desde ah\u00ed hasta Bayona se va por el interior, que es pr\u00e1cticamente plano y que los equipos de los velocistas tendr\u00e1n tiempo de reorganizarse para acabar con la fuga.<\/p>\n<p><img loading=\"lazy\" decoding=\"async\" class=\"alignnone size-extra-large\" src=\"https:\/\/img.aso.fr\/core_app\/img-cycling-tdf-jpg\/tdf23-profils-web-fr-e-uetape-3\/45583\/0:0,2009:1206-960-0-90\/f3b78\" width=\"960\" height=\"576\" \/><\/p>\n","protected":false},"excerpt":{"rendered":"<p>Si piensas que la Grand Depart del Tour de Francia, solo son tres etapas, es que no conoces la dimensi\u00f3n [&hellip;]<\/p>\n","protected":false},"author":29,"featured_media":9218,"comment_status":"open","ping_status":"open","sticky":false,"template":"","format":"standard","meta":{"footnotes":""},"categories":[7],"tags":[2205,2244,2218],"global-categories":[1164],"class_list":["post-9998","post","type-post","status-publish","format-standard","has-post-thumbnail","hentry","category-carretera","tag-tour-de-francia-2023","tag-tour-de-francia-bilbao","tag-tour-euskadi","global-categories-cycling"],"yoast_head":"<!-- This site is optimized with the Yoast SEO Premium plugin v25.3 (Yoast SEO v25.9) - https:\/\/yoast.com\/wordpress\/plugins\/seo\/ -->\n<title>Las etapas en el Pa\u00eds Vasco del Tour, algo m\u00e1s que ciclismo - \u0160koda We Love Cycling - Spain<\/title>\n<meta name=\"robots\" content=\"index, follow, max-snippet:-1, max-image-preview:large, max-video-preview:-1\" \/>\n<link rel=\"canonical\" href=\"https:\/\/www.welovecycling.com\/es\/2023\/06\/23\/las-etapas-en-el-pais-vasco-del-tour-algo-mas-que-ciclismo\/\" \/>\n<meta property=\"og:locale\" content=\"es_ES\" \/>\n<meta property=\"og:type\" content=\"article\" \/>\n<meta property=\"og:title\" content=\"Las etapas en el Pa\u00eds Vasco del Tour, algo m\u00e1s que ciclismo\" \/>\n<meta property=\"og:description\" content=\"Si piensas que la Grand Depart del Tour de Francia, solo son tres etapas, es que no conoces la dimensi\u00f3n [&hellip;]\" \/>\n<meta property=\"og:url\" content=\"https:\/\/www.welovecycling.com\/es\/2023\/06\/23\/las-etapas-en-el-pais-vasco-del-tour-algo-mas-que-ciclismo\/\" \/>\n<meta property=\"og:site_name\" content=\"\u0160koda We Love Cycling - Spain\" \/>\n<meta property=\"article:published_time\" content=\"2023-06-23T08:53:42+00:00\" \/>\n<meta property=\"og:image\" content=\"https:\/\/d2p6e6u75xmxt8.cloudfront.net\/6\/2022\/08\/bilbao_la_vuelta.jpg\" \/>\n\t<meta property=\"og:image:width\" content=\"1850\" \/>\n\t<meta property=\"og:image:height\" content=\"1420\" \/>\n\t<meta property=\"og:image:type\" content=\"image\/jpeg\" \/>\n<meta name=\"author\" content=\"We Love Cycling Spain\" \/>\n<meta name=\"twitter:card\" content=\"summary_large_image\" \/>\n<meta name=\"twitter:label1\" content=\"Written by\" \/>\n\t<meta name=\"twitter:data1\" content=\"Luis Ortega @Ciclored\" \/>\n\t<meta name=\"twitter:label2\" content=\"Est. reading time\" \/>\n\t<meta name=\"twitter:data2\" content=\"6 minutes\" \/>\n<script type=\"application\/ld+json\" class=\"yoast-schema-graph\">{\"@context\":\"https:\/\/schema.org\",\"@graph\":[{\"@type\":\"WebPage\",\"@id\":\"https:\/\/www.welovecycling.com\/es\/2023\/06\/23\/las-etapas-en-el-pais-vasco-del-tour-algo-mas-que-ciclismo\/\",\"url\":\"https:\/\/www.welovecycling.com\/es\/2023\/06\/23\/las-etapas-en-el-pais-vasco-del-tour-algo-mas-que-ciclismo\/\",\"name\":\"Las etapas en el Pa\u00eds Vasco del Tour, algo m\u00e1s que ciclismo - \u0160koda We Love Cycling - Spain\",\"isPartOf\":{\"@id\":\"https:\/\/www.welovecycling.com\/es\/#website\"},\"primaryImageOfPage\":{\"@id\":\"https:\/\/www.welovecycling.com\/es\/2023\/06\/23\/las-etapas-en-el-pais-vasco-del-tour-algo-mas-que-ciclismo\/#primaryimage\"},\"image\":{\"@id\":\"https:\/\/www.welovecycling.com\/es\/2023\/06\/23\/las-etapas-en-el-pais-vasco-del-tour-algo-mas-que-ciclismo\/#primaryimage\"},\"thumbnailUrl\":\"https:\/\/d2p6e6u75xmxt8.cloudfront.net\/6\/2022\/08\/bilbao_la_vuelta.jpg\",\"datePublished\":\"2023-06-23T08:53:42+00:00\",\"author\":{\"@id\":\"https:\/\/www.welovecycling.com\/es\/#\/schema\/person\/deb61715b5812698ee79fb96f343ccd4\"},\"breadcrumb\":{\"@id\":\"https:\/\/www.welovecycling.com\/es\/2023\/06\/23\/las-etapas-en-el-pais-vasco-del-tour-algo-mas-que-ciclismo\/#breadcrumb\"},\"inLanguage\":\"es-ES\",\"potentialAction\":[{\"@type\":\"ReadAction\",\"target\":[\"https:\/\/www.welovecycling.com\/es\/2023\/06\/23\/las-etapas-en-el-pais-vasco-del-tour-algo-mas-que-ciclismo\/\"]}]},{\"@type\":\"ImageObject\",\"inLanguage\":\"es-ES\",\"@id\":\"https:\/\/www.welovecycling.com\/es\/2023\/06\/23\/las-etapas-en-el-pais-vasco-del-tour-algo-mas-que-ciclismo\/#primaryimage\",\"url\":\"https:\/\/d2p6e6u75xmxt8.cloudfront.net\/6\/2022\/08\/bilbao_la_vuelta.jpg\",\"contentUrl\":\"https:\/\/d2p6e6u75xmxt8.cloudfront.net\/6\/2022\/08\/bilbao_la_vuelta.jpg\",\"width\":1850,\"height\":1420},{\"@type\":\"BreadcrumbList\",\"@id\":\"https:\/\/www.welovecycling.com\/es\/2023\/06\/23\/las-etapas-en-el-pais-vasco-del-tour-algo-mas-que-ciclismo\/#breadcrumb\",\"itemListElement\":[{\"@type\":\"ListItem\",\"position\":1,\"name\":\"Home\",\"item\":\"https:\/\/www.welovecycling.com\/es\/\"},{\"@type\":\"ListItem\",\"position\":2,\"name\":\"Las etapas en el Pa\u00eds Vasco del Tour, algo m\u00e1s que ciclismo\"}]},{\"@type\":\"WebSite\",\"@id\":\"https:\/\/www.welovecycling.com\/es\/#website\",\"url\":\"https:\/\/www.welovecycling.com\/es\/\",\"name\":\"\u0160koda We Love Cycling - Spain\",\"description\":\"\u0160koda WeLoveCycling Spain\",\"potentialAction\":[{\"@type\":\"SearchAction\",\"target\":{\"@type\":\"EntryPoint\",\"urlTemplate\":\"https:\/\/www.welovecycling.com\/es\/?s={search_term_string}\"},\"query-input\":{\"@type\":\"PropertyValueSpecification\",\"valueRequired\":true,\"valueName\":\"search_term_string\"}}],\"inLanguage\":\"es-ES\"},{\"@type\":\"Person\",\"@id\":\"https:\/\/www.welovecycling.com\/es\/#\/schema\/person\/deb61715b5812698ee79fb96f343ccd4\",\"name\":\"We Love Cycling Spain\",\"image\":{\"@type\":\"ImageObject\",\"inLanguage\":\"es-ES\",\"@id\":\"https:\/\/www.welovecycling.com\/es\/#\/schema\/person\/image\/\",\"url\":\"https:\/\/secure.gravatar.com\/avatar\/c824b04e6df0e37a03219d0b6481672889df542894588964102459e46513159c?s=96&d=mm&r=g\",\"contentUrl\":\"https:\/\/secure.gravatar.com\/avatar\/c824b04e6df0e37a03219d0b6481672889df542894588964102459e46513159c?s=96&d=mm&r=g\",\"caption\":\"We Love Cycling Spain\"},\"url\":\"https:\/\/www.welovecycling.com\/es\/author\/amunoz\/\"}]}<\/script>\n<!-- \/ Yoast SEO Premium plugin. -->","yoast_head_json":{"title":"Las etapas en el Pa\u00eds Vasco del Tour, algo m\u00e1s que ciclismo - \u0160koda We Love Cycling - Spain","robots":{"index":"index","follow":"follow","max-snippet":"max-snippet:-1","max-image-preview":"max-image-preview:large","max-video-preview":"max-video-preview:-1"},"canonical":"https:\/\/www.welovecycling.com\/es\/2023\/06\/23\/las-etapas-en-el-pais-vasco-del-tour-algo-mas-que-ciclismo\/","og_locale":"es_ES","og_type":"article","og_title":"Las etapas en el Pa\u00eds Vasco del Tour, algo m\u00e1s que ciclismo","og_description":"Si piensas que la Grand Depart del Tour de Francia, solo son tres etapas, es que no conoces la dimensi\u00f3n [&hellip;]","og_url":"https:\/\/www.welovecycling.com\/es\/2023\/06\/23\/las-etapas-en-el-pais-vasco-del-tour-algo-mas-que-ciclismo\/","og_site_name":"\u0160koda We Love Cycling - Spain","article_published_time":"2023-06-23T08:53:42+00:00","og_image":[{"width":1850,"height":1420,"url":"https:\/\/d2p6e6u75xmxt8.cloudfront.net\/6\/2022\/08\/bilbao_la_vuelta.jpg","type":"image\/jpeg"}],"author":"We Love Cycling Spain","twitter_card":"summary_large_image","twitter_misc":{"Written by":"Luis Ortega @Ciclored","Est. reading time":"6 minutes"},"schema":{"@context":"https:\/\/schema.org","@graph":[{"@type":"WebPage","@id":"https:\/\/www.welovecycling.com\/es\/2023\/06\/23\/las-etapas-en-el-pais-vasco-del-tour-algo-mas-que-ciclismo\/","url":"https:\/\/www.welovecycling.com\/es\/2023\/06\/23\/las-etapas-en-el-pais-vasco-del-tour-algo-mas-que-ciclismo\/","name":"Las etapas en el Pa\u00eds Vasco del Tour, algo m\u00e1s que ciclismo - \u0160koda We Love Cycling - Spain","isPartOf":{"@id":"https:\/\/www.welovecycling.com\/es\/#website"},"primaryImageOfPage":{"@id":"https:\/\/www.welovecycling.com\/es\/2023\/06\/23\/las-etapas-en-el-pais-vasco-del-tour-algo-mas-que-ciclismo\/#primaryimage"},"image":{"@id":"https:\/\/www.welovecycling.com\/es\/2023\/06\/23\/las-etapas-en-el-pais-vasco-del-tour-algo-mas-que-ciclismo\/#primaryimage"},"thumbnailUrl":"https:\/\/d2p6e6u75xmxt8.cloudfront.net\/6\/2022\/08\/bilbao_la_vuelta.jpg","datePublished":"2023-06-23T08:53:42+00:00","author":{"@id":"https:\/\/www.welovecycling.com\/es\/#\/schema\/person\/deb61715b5812698ee79fb96f343ccd4"},"breadcrumb":{"@id":"https:\/\/www.welovecycling.com\/es\/2023\/06\/23\/las-etapas-en-el-pais-vasco-del-tour-algo-mas-que-ciclismo\/#breadcrumb"},"inLanguage":"es-ES","potentialAction":[{"@type":"ReadAction","target":["https:\/\/www.welovecycling.com\/es\/2023\/06\/23\/las-etapas-en-el-pais-vasco-del-tour-algo-mas-que-ciclismo\/"]}]},{"@type":"ImageObject","inLanguage":"es-ES","@id":"https:\/\/www.welovecycling.com\/es\/2023\/06\/23\/las-etapas-en-el-pais-vasco-del-tour-algo-mas-que-ciclismo\/#primaryimage","url":"https:\/\/d2p6e6u75xmxt8.cloudfront.net\/6\/2022\/08\/bilbao_la_vuelta.jpg","contentUrl":"https:\/\/d2p6e6u75xmxt8.cloudfront.net\/6\/2022\/08\/bilbao_la_vuelta.jpg","width":1850,"height":1420},{"@type":"BreadcrumbList","@id":"https:\/\/www.welovecycling.com\/es\/2023\/06\/23\/las-etapas-en-el-pais-vasco-del-tour-algo-mas-que-ciclismo\/#breadcrumb","itemListElement":[{"@type":"ListItem","position":1,"name":"Home","item":"https:\/\/www.welovecycling.com\/es\/"},{"@type":"ListItem","position":2,"name":"Las etapas en el Pa\u00eds Vasco del Tour, algo m\u00e1s que ciclismo"}]},{"@type":"WebSite","@id":"https:\/\/www.welovecycling.com\/es\/#website","url":"https:\/\/www.welovecycling.com\/es\/","name":"\u0160koda We Love Cycling - Spain","description":"\u0160koda WeLoveCycling Spain","potentialAction":[{"@type":"SearchAction","target":{"@type":"EntryPoint","urlTemplate":"https:\/\/www.welovecycling.com\/es\/?s={search_term_string}"},"query-input":{"@type":"PropertyValueSpecification","valueRequired":true,"valueName":"search_term_string"}}],"inLanguage":"es-ES"},{"@type":"Person","@id":"https:\/\/www.welovecycling.com\/es\/#\/schema\/person\/deb61715b5812698ee79fb96f343ccd4","name":"We Love Cycling Spain","image":{"@type":"ImageObject","inLanguage":"es-ES","@id":"https:\/\/www.welovecycling.com\/es\/#\/schema\/person\/image\/","url":"https:\/\/secure.gravatar.com\/avatar\/c824b04e6df0e37a03219d0b6481672889df542894588964102459e46513159c?s=96&d=mm&r=g","contentUrl":"https:\/\/secure.gravatar.com\/avatar\/c824b04e6df0e37a03219d0b6481672889df542894588964102459e46513159c?s=96&d=mm&r=g","caption":"We Love Cycling Spain"},"url":"https:\/\/www.welovecycling.com\/es\/author\/amunoz\/"}]}},"_links":{"self":[{"href":"https:\/\/www.welovecycling.com\/es\/wp-json\/wp\/v2\/posts\/9998","targetHints":{"allow":["GET"]}}],"collection":[{"href":"https:\/\/www.welovecycling.com\/es\/wp-json\/wp\/v2\/posts"}],"about":[{"href":"https:\/\/www.welovecycling.com\/es\/wp-json\/wp\/v2\/types\/post"}],"author":[{"embeddable":true,"href":"https:\/\/www.welovecycling.com\/es\/wp-json\/wp\/v2\/users\/29"}],"replies":[{"embeddable":true,"href":"https:\/\/www.welovecycling.com\/es\/wp-json\/wp\/v2\/comments?post=9998"}],"version-history":[{"count":2,"href":"https:\/\/www.welovecycling.com\/es\/wp-json\/wp\/v2\/posts\/9998\/revisions"}],"predecessor-version":[{"id":10004,"href":"https:\/\/www.welovecycling.com\/es\/wp-json\/wp\/v2\/posts\/9998\/revisions\/10004"}],"wp:featuredmedia":[{"embeddable":true,"href":"https:\/\/www.welovecycling.com\/es\/wp-json\/wp\/v2\/media\/9218"}],"wp:attachment":[{"href":"https:\/\/www.welovecycling.com\/es\/wp-json\/wp\/v2\/media?parent=9998"}],"wp:term":[{"taxonomy":"category","embeddable":true,"href":"https:\/\/www.welovecycling.com\/es\/wp-json\/wp\/v2\/categories?post=9998"},{"taxonomy":"post_tag","embeddable":true,"href":"https:\/\/www.welovecycling.com\/es\/wp-json\/wp\/v2\/tags?post=9998"},{"taxonomy":"global-categories","embeddable":true,"href":"https:\/\/www.welovecycling.com\/es\/wp-json\/wp\/v2\/global-categories?post=9998"}],"curies":[{"name":"wp","href":"https:\/\/api.w.org\/{rel}","templated":true}]}}