{"id":9996,"date":"2023-06-28T11:27:44","date_gmt":"2023-06-28T09:27:44","guid":{"rendered":"https:\/\/www.welovecycling.com\/es\/?p=9996"},"modified":"2023-06-27T00:06:42","modified_gmt":"2023-06-26T22:06:42","slug":"vingegaard-vs-pogacar","status":"publish","type":"post","link":"https:\/\/www.welovecycling.com\/es\/2023\/06\/28\/vingegaard-vs-pogacar\/","title":{"rendered":"Vingegaard vs Pogacar, el Tour en un segundo"},"content":{"rendered":"<p style=\"font-weight: 400;\"><strong>El duelo Vingegaard vs Pogacar naci\u00f3 en el Tour 2021, pero todo el mundo pensaba que era coyuntural. Provocado por la ca\u00edda de Primoz Roglic, tuvo claro color esloveno. En 2022 el gran favorito era Pogacar, pero Vingegaard se llev\u00f3 el amarillo gracias, entre otras cosas, al Roglic y su papel de &#8216;cebo&#8217; en Galibier. En este Tour 2023, el duelo tiene pinta de convertirse en hist\u00f3rico.<\/strong><\/p>\n<p><!--more--><\/p>\n<p style=\"font-weight: 400;\">En la cabeza de cualquier aficionado al ciclismo, a uno de julio y la l\u00ednea de salida de Bilbao, solo aparecen dos favoritos en la ecuaci\u00f3n para ganar el Tour 2023. <strong>Vingegaard vs Pogacar<\/strong>. Todo lo que se salga de ah\u00ed, ser\u00e1 una sorpresa, un imprevisto. Pero precisamente eso es lo que hace grande al ciclismo y al Tour, que sucedan cosas que no estaban en el guion establecido. Aparece la lluvia que provoca ca\u00eddas, los nervios, los abanicos, las bajadas, las curvas. Sobresaltos que unas veces solventas con maestr\u00eda, como en la bajada de Spandelles en el Tour 2022, y otras dan con tus huesos en el suelo, como en la Lieja de 2023.<\/p>\n<p>La primera gran inc\u00f3gnita del Tour ser\u00e1 saber el estado de forma exacto de <strong>Tadej Pogacar<\/strong>. Hasta romperse el escafoides en la bajada de la Roche en Ardennes de Lieja Bastogne Lieja hab\u00eda sido el dominador de la temporada. Cada carrera una exhibici\u00f3n y una victoria. Jaen, Vuelta Andaluc\u00eda, Tour de Flandes, Amstel Gold Race, Flecha Valona y Paris Niza, all\u00e1 por el mes de marzo, pero donde solt\u00f3 a Vingegaard cada vez que la carretera se puso cuesta arriba, y con relativa facilidad. Solo se le escap\u00f3 Milan Sanremo y ante un excelso Van der Poel.<\/p>\n<p><a href=\"https:\/\/d2p6e6u75xmxt8.cloudfront.net\/6\/2022\/12\/MadridCriterium_PogacarGanadorLinea.webp\"><img loading=\"lazy\" decoding=\"async\" class=\"aligncenter size-full wp-image-9477\" src=\"https:\/\/d2p6e6u75xmxt8.cloudfront.net\/6\/2022\/12\/MadridCriterium_PogacarGanadorLinea.webp\" alt=\"\" width=\"1024\" height=\"658\" srcset=\"https:\/\/d2p6e6u75xmxt8.cloudfront.net\/6\/2022\/12\/MadridCriterium_PogacarGanadorLinea.webp 1024w, https:\/\/d2p6e6u75xmxt8.cloudfront.net\/6\/2022\/12\/MadridCriterium_PogacarGanadorLinea-300x193.webp 300w, https:\/\/d2p6e6u75xmxt8.cloudfront.net\/6\/2022\/12\/MadridCriterium_PogacarGanadorLinea-768x494.webp 768w\" sizes=\"auto, (max-width: 1024px) 100vw, 1024px\" \/><\/a><\/p>\n<p>Las \u00faltimas semanas del esloveno ha sido entrenando en altura en Sierra Nevada con el resto del UAE, igual que hab\u00eda hecho Vingegaard unos d\u00edas antes. El dan\u00e9s tambi\u00e9n ha ganado en 2023 m\u00e1s que nunca. <strong>Y siempre por goleada, menos en Par\u00eds Niza. O Gran Caminho, Itzulia y una Dauphin\u00e9<\/strong> en la que su rival fue un lejano Adam Yates. El hombre del Jumbo, en teor\u00eda, llega con su mejor estado de forma y con un equipo potente que ha perdido a Kruiswijk, pero que tiene a Van Aert como hombre orquesta. Eso s\u00ed, pendiente de su paternidad y el belga ya ha dicho que si es padre abandonar\u00e1 la carrera y dejar\u00e1 un vac\u00edo imposible de cubrir en equipo holand\u00e9s.<\/p>\n<p>El gran cambio con respecto a 2022 es que Pogacar tambi\u00e9n contar\u00e1 con un equipo de garant\u00edas para pelear con el Jumbo. A los<strong> Soler, Bjerg, Majka y Mcnulty se le unen Yates, Wellens y Grossschatner<\/strong> para crear un UAE a la altura.<\/p>\n<p>Habr\u00e1 actores secundarios, pues si, pero parece que demasiado lejos de los dos grandes favoritos, sobre todo a tenor de lo visto en Dauphine y La Vuelta a Suiza, los dos grandes bancos de pruebas antes del Tour. Si atendemos a la carrera francesa los australianos <a href=\"https:\/\/www.welovecycling.com\/es\/2022\/07\/11\/la-debilidad-de-pogacar\/\">O&#8217;Connor<\/a> (AG2R-Citroen) y Hindley (Bora) son los \u00fanicos que en alguna ocasi\u00f3n intentaron seguir a Vingegaard y no acabaron pagando el esfuerzo cediendo minutos en meta. Al corredor del AG2R le acompa\u00f1ar\u00e1 el inesperado Felix Gall, que ha hecho una buena Vuelta a Suiza, y el corredor del Bora tiene a Buchman e Higuita.<\/p>\n<p>Ineos siempre ha colocado al menos un ciclista en el podio del Tour en las \u00faltimas ocho ediciones, pero en este 2023 no est\u00e1 claro qui\u00e9n ser\u00e1 el candidato. Los ingleses han dicho que <strong>Daniel Felipe Mart\u00ednez,<\/strong> pero el colombiano nunca ha estado delante en una general. <a href=\"https:\/\/www.welovecycling.com\/es\/2023\/03\/13\/egan-bernal\/\">Egan Berna<\/a>l no hizo una mala Dauphine, pero es una gran inc\u00f3gnita. Los galones podr\u00edan recaer en <strong>Carlos Rodr\u00edguez,<\/strong> que lleva una temporada casi en blanco despu\u00e9s de romperse la clav\u00edcula en Strade y solo volvi\u00f3 a aparecer en Dauphin\u00e9. No son los \u00fanicos con dudas en su estado de forma. <strong>Enric Mas<\/strong> acab\u00f3 demasiado lejos en la carrera francesa, igual que <strong>Mikel Landa o Richard Carapaz<\/strong>, tres ciclistas que ser\u00edan candidatos al podio por detr\u00e1s de Vingegaard vs Pogacar.<\/p>\n<h2><strong>Recorrido y etapas clave\u00a0<\/strong><\/h2>\n<p>Hace a\u00f1os que el recorrido del Tour de Francia dej\u00f3 de ser un puzzle en el que casi todos conoc\u00edan la situaci\u00f3n de las piezas previamente. El cl\u00edmax puede llegar en la pen\u00faltima etapa, como en la edici\u00f3n de 2020, en la primera etapa de monta\u00f1a como en 2021 o una semana antes de acabar como en 2022. El Tour de 2023 es quiz\u00e1s uno de los que acumula m\u00e1s dureza en los primeros diez d\u00edas de las \u00faltimas 30 ediciones, por lo que hay que llegar en forma para no perder la carrera desde el banderazo de salida en Bilbao.<\/p>\n<p>El duelo Vingegaard vs Pogacar se puede decidir por segundos y ya el primer d\u00eda, s\u00e1bado 1 de julio, hay 3.500 metros de desnivel y un repecho como <strong>Pike Bidea (2 km al 12%) a solo 10 de meta.<\/strong> Y hay bonificaciones, claro. Como en la segunda etapa, con Jaizkibel antes de bajar a San Sebasti\u00e1n. Los Pirineos ya aparecen en la quinta etapa, con la cima de <strong>Marie Blanque<\/strong> por su vertiente m\u00e1s dura a solo 15 kil\u00f3metros de Laruns. Y al dia siguiente <strong>Aspin, Tourmalet y final en Cambasque,<\/strong> previo paso por Cauterets. Para el fin de semana espera una etapa de media monta\u00f1a por el macizo central y el domingo el retorno del <strong>Puy de Dome<\/strong>, con sus \u00faltimos 4,5 kil\u00f3metros a m\u00e1s del 11% de media.<\/p>\n<p><img loading=\"lazy\" decoding=\"async\" class=\"alignnone size-extra-large\" src=\"https:\/\/img.aso.fr\/core_app\/img-cycling-tdf-jpg\/tdf23-profils-web-fr-e-uetape-6\/45585\/0:0,2009:1206-960-0-90\/bba3a\" width=\"960\" height=\"576\" \/>La segunda semana tiene otras <strong>dos jornadas peligrosas de media monta\u00f1a<\/strong>, una con final en Issoire y la otra en Belleville y sin salir del Macizo Central. Quiz\u00e1s no decisivas para la general, pero que har\u00e1n da\u00f1o antes del fin de semana alpino que ir\u00e1 in-crescendo. Primero con los Pre-Alpes el viernes 14 de julio con una etapa llana y final en <strong>Grand Colombier<\/strong> (17 km al 7,1%). Al dia siguiente encadenado por los<strong> Alpes<\/strong> con tres primeras y un Hors Categorie, el <strong>Joux Plane<\/strong> (11,5 km al 8,6%) que es tan complicado subirlo como bajarlo camino de Morzine. Y el domingo otro encadenado, esta vez por la regi\u00f3n de la Alta Saboya con Forclaz, Croix Fry, Aravis y final en <strong>Mont Blanc<\/strong> previo paso por la Cote des Amerands, que son 3 kil\u00f3metros al 11% y con rampas del 17%.<\/p>\n<p><img loading=\"lazy\" decoding=\"async\" class=\"alignnone size-extra-large\" src=\"https:\/\/img.aso.fr\/core_app\/img-cycling-tdf-jpg\/tdf23-profils-web-fr-e-uetape-15\/45594\/0:0,2009:1205-960-0-90\/33d0d\" width=\"960\" height=\"576\" \/>La \u00faltima semana de Tour es at\u00edpica. Despu\u00e9s del lunes 16 de julio, segundo d\u00eda de descanso llega la \u00fanica crono. <strong>Corta, solo 22 kil\u00f3metros, con m\u00e1s de 500 metros de desnivel acumulado y con la Cote de Domancy,<\/strong> 2,5 km al 9,5% de media a seis de meta. El mi\u00e9rcoles es la etapa reina del Tour. Corta, solo 167 kil\u00f3metros, pero con m\u00e1s de 5.000 metros de desnivel. Y sobre todo un puerto, el <a href=\"https:\/\/www.welovecycling.com\/es\/2022\/10\/27\/tour-de-francia-2023-de-bilbao-al-col-de-la-loze\/\"><strong>Col de la Loze,<\/strong><\/a> que pasa por ser el m\u00e1s duro del Tour 2023, con sus 28 kil\u00f3metros y una parte final con rampas del 15\/18 %. Se corona a 2.300 metros de altitud, pero no es la meta, como en 2020, sino que se desciende seis kil\u00f3metros hasta Courchevel. Ser\u00e1 el \u00faltimo contacto con la alta monta\u00f1a porque despu\u00e9s vendr\u00e1n dos etapas llanas y el experimento de la pen\u00faltima etapa en las monta\u00f1as de Alsacia. Solo 133 kil\u00f3metros y 3.600 metros de desnivel y un trazado muy similar a la jornada que decidi\u00f3 el Tour Femenino en 2022. Es un <a href=\"https:\/\/www.letour.fr\/es\/etapa-20\">campo de minas<\/a> con <strong>Ballon d&#8217;Alsace, Col de la Croix des Moinats, Col de Grosse Pierre, Cote Schlucht<\/strong> antes de encarar el <strong>Petit Ballon (9,3 km al 8,1%) y el Platzerwasel (7,1 al 8,4%)<\/strong> y el final en falso llano hasta Le Markstein antes del paseo final del domingo 23 de julio en Par\u00eds.<\/p>\n<p><img loading=\"lazy\" decoding=\"async\" class=\"alignnone size-extra-large\" src=\"https:\/\/img.aso.fr\/core_app\/img-cycling-tdf-jpg\/tdf23-profils-web-fr-e-uetape-17\/45595\/0:0,2009:1206-960-0-90\/d2980\" width=\"960\" height=\"576\" \/><\/p>\n","protected":false},"excerpt":{"rendered":"<p>El duelo Vingegaard vs Pogacar naci\u00f3 en el Tour 2021, pero todo el mundo pensaba que era coyuntural. Provocado por [&hellip;]<\/p>\n","protected":false},"author":29,"featured_media":9090,"comment_status":"open","ping_status":"open","sticky":false,"template":"","format":"standard","meta":{"footnotes":""},"categories":[7],"tags":[2186,557],"global-categories":[1164],"class_list":["post-9996","post","type-post","status-publish","format-standard","has-post-thumbnail","hentry","category-carretera","tag-tour-2023","tag-tour-de-francia","global-categories-cycling"],"yoast_head":"<!-- This site is optimized with the Yoast SEO Premium plugin v25.3 (Yoast SEO v25.9) - https:\/\/yoast.com\/wordpress\/plugins\/seo\/ -->\n<title>Vingegaard vs Pogacar, el Tour en un segundo - \u0160koda We Love Cycling - Spain<\/title>\n<meta name=\"description\" content=\"Vingegaard vs Pogacar, el Tour en un segundo. La edici\u00f3n del Tour 2023 pasa por ser una de las m\u00e1s inciertas de los \u00faltimos a\u00f1os.\" \/>\n<meta name=\"robots\" content=\"index, follow, max-snippet:-1, max-image-preview:large, max-video-preview:-1\" \/>\n<link rel=\"canonical\" href=\"https:\/\/www.welovecycling.com\/es\/2023\/06\/28\/vingegaard-vs-pogacar\/\" \/>\n<meta property=\"og:locale\" content=\"es_ES\" \/>\n<meta property=\"og:type\" content=\"article\" \/>\n<meta property=\"og:title\" content=\"Vingegaard vs Pogacar, el Tour en un segundo\" \/>\n<meta property=\"og:description\" content=\"Vingegaard vs Pogacar, el Tour en un segundo. La edici\u00f3n del Tour 2023 pasa por ser una de las m\u00e1s inciertas de los \u00faltimos a\u00f1os.\" \/>\n<meta property=\"og:url\" content=\"https:\/\/www.welovecycling.com\/es\/2023\/06\/28\/vingegaard-vs-pogacar\/\" \/>\n<meta property=\"og:site_name\" content=\"\u0160koda We Love Cycling - Spain\" \/>\n<meta property=\"article:published_time\" content=\"2023-06-28T09:27:44+00:00\" \/>\n<meta property=\"og:image\" content=\"https:\/\/d2p6e6u75xmxt8.cloudfront.net\/6\/2022\/07\/Pogacar_Vingegaard.jpg\" \/>\n\t<meta property=\"og:image:width\" content=\"1000\" \/>\n\t<meta property=\"og:image:height\" content=\"665\" \/>\n\t<meta property=\"og:image:type\" content=\"image\/jpeg\" \/>\n<meta name=\"author\" content=\"We Love Cycling Spain\" \/>\n<meta name=\"twitter:card\" content=\"summary_large_image\" \/>\n<meta name=\"twitter:description\" content=\"Vingegaard vs Pogacar, el Tour en un segundo. La edici\u00f3n del Tour 2023 pasa por ser una de las m\u00e1s inciertas de los \u00faltimos a\u00f1os.\" \/>\n<meta name=\"twitter:label1\" content=\"Written by\" \/>\n\t<meta name=\"twitter:data1\" content=\"Luis Ortega @Ciclored\" \/>\n\t<meta name=\"twitter:label2\" content=\"Est. reading time\" \/>\n\t<meta name=\"twitter:data2\" content=\"7 minutes\" \/>\n<script type=\"application\/ld+json\" class=\"yoast-schema-graph\">{\"@context\":\"https:\/\/schema.org\",\"@graph\":[{\"@type\":\"WebPage\",\"@id\":\"https:\/\/www.welovecycling.com\/es\/2023\/06\/28\/vingegaard-vs-pogacar\/\",\"url\":\"https:\/\/www.welovecycling.com\/es\/2023\/06\/28\/vingegaard-vs-pogacar\/\",\"name\":\"Vingegaard vs Pogacar, el Tour en un segundo - \u0160koda We Love Cycling - Spain\",\"isPartOf\":{\"@id\":\"https:\/\/www.welovecycling.com\/es\/#website\"},\"primaryImageOfPage\":{\"@id\":\"https:\/\/www.welovecycling.com\/es\/2023\/06\/28\/vingegaard-vs-pogacar\/#primaryimage\"},\"image\":{\"@id\":\"https:\/\/www.welovecycling.com\/es\/2023\/06\/28\/vingegaard-vs-pogacar\/#primaryimage\"},\"thumbnailUrl\":\"https:\/\/d2p6e6u75xmxt8.cloudfront.net\/6\/2022\/07\/Pogacar_Vingegaard.jpg\",\"datePublished\":\"2023-06-28T09:27:44+00:00\",\"author\":{\"@id\":\"https:\/\/www.welovecycling.com\/es\/#\/schema\/person\/deb61715b5812698ee79fb96f343ccd4\"},\"description\":\"Vingegaard vs Pogacar, el Tour en un segundo. La edici\u00f3n del Tour 2023 pasa por ser una de las m\u00e1s inciertas de los \u00faltimos a\u00f1os.\",\"breadcrumb\":{\"@id\":\"https:\/\/www.welovecycling.com\/es\/2023\/06\/28\/vingegaard-vs-pogacar\/#breadcrumb\"},\"inLanguage\":\"es-ES\",\"potentialAction\":[{\"@type\":\"ReadAction\",\"target\":[\"https:\/\/www.welovecycling.com\/es\/2023\/06\/28\/vingegaard-vs-pogacar\/\"]}]},{\"@type\":\"ImageObject\",\"inLanguage\":\"es-ES\",\"@id\":\"https:\/\/www.welovecycling.com\/es\/2023\/06\/28\/vingegaard-vs-pogacar\/#primaryimage\",\"url\":\"https:\/\/d2p6e6u75xmxt8.cloudfront.net\/6\/2022\/07\/Pogacar_Vingegaard.jpg\",\"contentUrl\":\"https:\/\/d2p6e6u75xmxt8.cloudfront.net\/6\/2022\/07\/Pogacar_Vingegaard.jpg\",\"width\":1000,\"height\":665},{\"@type\":\"BreadcrumbList\",\"@id\":\"https:\/\/www.welovecycling.com\/es\/2023\/06\/28\/vingegaard-vs-pogacar\/#breadcrumb\",\"itemListElement\":[{\"@type\":\"ListItem\",\"position\":1,\"name\":\"Home\",\"item\":\"https:\/\/www.welovecycling.com\/es\/\"},{\"@type\":\"ListItem\",\"position\":2,\"name\":\"Vingegaard vs Pogacar, el Tour en un segundo\"}]},{\"@type\":\"WebSite\",\"@id\":\"https:\/\/www.welovecycling.com\/es\/#website\",\"url\":\"https:\/\/www.welovecycling.com\/es\/\",\"name\":\"\u0160koda We Love Cycling - Spain\",\"description\":\"\u0160koda WeLoveCycling Spain\",\"potentialAction\":[{\"@type\":\"SearchAction\",\"target\":{\"@type\":\"EntryPoint\",\"urlTemplate\":\"https:\/\/www.welovecycling.com\/es\/?s={search_term_string}\"},\"query-input\":{\"@type\":\"PropertyValueSpecification\",\"valueRequired\":true,\"valueName\":\"search_term_string\"}}],\"inLanguage\":\"es-ES\"},{\"@type\":\"Person\",\"@id\":\"https:\/\/www.welovecycling.com\/es\/#\/schema\/person\/deb61715b5812698ee79fb96f343ccd4\",\"name\":\"We Love Cycling Spain\",\"image\":{\"@type\":\"ImageObject\",\"inLanguage\":\"es-ES\",\"@id\":\"https:\/\/www.welovecycling.com\/es\/#\/schema\/person\/image\/\",\"url\":\"https:\/\/secure.gravatar.com\/avatar\/c824b04e6df0e37a03219d0b6481672889df542894588964102459e46513159c?s=96&d=mm&r=g\",\"contentUrl\":\"https:\/\/secure.gravatar.com\/avatar\/c824b04e6df0e37a03219d0b6481672889df542894588964102459e46513159c?s=96&d=mm&r=g\",\"caption\":\"We Love Cycling Spain\"},\"url\":\"https:\/\/www.welovecycling.com\/es\/author\/amunoz\/\"}]}<\/script>\n<!-- \/ Yoast SEO Premium plugin. -->","yoast_head_json":{"title":"Vingegaard vs Pogacar, el Tour en un segundo - \u0160koda We Love Cycling - Spain","description":"Vingegaard vs Pogacar, el Tour en un segundo. La edici\u00f3n del Tour 2023 pasa por ser una de las m\u00e1s inciertas de los \u00faltimos a\u00f1os.","robots":{"index":"index","follow":"follow","max-snippet":"max-snippet:-1","max-image-preview":"max-image-preview:large","max-video-preview":"max-video-preview:-1"},"canonical":"https:\/\/www.welovecycling.com\/es\/2023\/06\/28\/vingegaard-vs-pogacar\/","og_locale":"es_ES","og_type":"article","og_title":"Vingegaard vs Pogacar, el Tour en un segundo","og_description":"Vingegaard vs Pogacar, el Tour en un segundo. La edici\u00f3n del Tour 2023 pasa por ser una de las m\u00e1s inciertas de los \u00faltimos a\u00f1os.","og_url":"https:\/\/www.welovecycling.com\/es\/2023\/06\/28\/vingegaard-vs-pogacar\/","og_site_name":"\u0160koda We Love Cycling - Spain","article_published_time":"2023-06-28T09:27:44+00:00","og_image":[{"width":1000,"height":665,"url":"https:\/\/d2p6e6u75xmxt8.cloudfront.net\/6\/2022\/07\/Pogacar_Vingegaard.jpg","type":"image\/jpeg"}],"author":"We Love Cycling Spain","twitter_card":"summary_large_image","twitter_description":"Vingegaard vs Pogacar, el Tour en un segundo. La edici\u00f3n del Tour 2023 pasa por ser una de las m\u00e1s inciertas de los \u00faltimos a\u00f1os.","twitter_misc":{"Written by":"Luis Ortega @Ciclored","Est. reading time":"7 minutes"},"schema":{"@context":"https:\/\/schema.org","@graph":[{"@type":"WebPage","@id":"https:\/\/www.welovecycling.com\/es\/2023\/06\/28\/vingegaard-vs-pogacar\/","url":"https:\/\/www.welovecycling.com\/es\/2023\/06\/28\/vingegaard-vs-pogacar\/","name":"Vingegaard vs Pogacar, el Tour en un segundo - \u0160koda We Love Cycling - Spain","isPartOf":{"@id":"https:\/\/www.welovecycling.com\/es\/#website"},"primaryImageOfPage":{"@id":"https:\/\/www.welovecycling.com\/es\/2023\/06\/28\/vingegaard-vs-pogacar\/#primaryimage"},"image":{"@id":"https:\/\/www.welovecycling.com\/es\/2023\/06\/28\/vingegaard-vs-pogacar\/#primaryimage"},"thumbnailUrl":"https:\/\/d2p6e6u75xmxt8.cloudfront.net\/6\/2022\/07\/Pogacar_Vingegaard.jpg","datePublished":"2023-06-28T09:27:44+00:00","author":{"@id":"https:\/\/www.welovecycling.com\/es\/#\/schema\/person\/deb61715b5812698ee79fb96f343ccd4"},"description":"Vingegaard vs Pogacar, el Tour en un segundo. La edici\u00f3n del Tour 2023 pasa por ser una de las m\u00e1s inciertas de los \u00faltimos a\u00f1os.","breadcrumb":{"@id":"https:\/\/www.welovecycling.com\/es\/2023\/06\/28\/vingegaard-vs-pogacar\/#breadcrumb"},"inLanguage":"es-ES","potentialAction":[{"@type":"ReadAction","target":["https:\/\/www.welovecycling.com\/es\/2023\/06\/28\/vingegaard-vs-pogacar\/"]}]},{"@type":"ImageObject","inLanguage":"es-ES","@id":"https:\/\/www.welovecycling.com\/es\/2023\/06\/28\/vingegaard-vs-pogacar\/#primaryimage","url":"https:\/\/d2p6e6u75xmxt8.cloudfront.net\/6\/2022\/07\/Pogacar_Vingegaard.jpg","contentUrl":"https:\/\/d2p6e6u75xmxt8.cloudfront.net\/6\/2022\/07\/Pogacar_Vingegaard.jpg","width":1000,"height":665},{"@type":"BreadcrumbList","@id":"https:\/\/www.welovecycling.com\/es\/2023\/06\/28\/vingegaard-vs-pogacar\/#breadcrumb","itemListElement":[{"@type":"ListItem","position":1,"name":"Home","item":"https:\/\/www.welovecycling.com\/es\/"},{"@type":"ListItem","position":2,"name":"Vingegaard vs Pogacar, el Tour en un segundo"}]},{"@type":"WebSite","@id":"https:\/\/www.welovecycling.com\/es\/#website","url":"https:\/\/www.welovecycling.com\/es\/","name":"\u0160koda We Love Cycling - Spain","description":"\u0160koda WeLoveCycling Spain","potentialAction":[{"@type":"SearchAction","target":{"@type":"EntryPoint","urlTemplate":"https:\/\/www.welovecycling.com\/es\/?s={search_term_string}"},"query-input":{"@type":"PropertyValueSpecification","valueRequired":true,"valueName":"search_term_string"}}],"inLanguage":"es-ES"},{"@type":"Person","@id":"https:\/\/www.welovecycling.com\/es\/#\/schema\/person\/deb61715b5812698ee79fb96f343ccd4","name":"We Love Cycling Spain","image":{"@type":"ImageObject","inLanguage":"es-ES","@id":"https:\/\/www.welovecycling.com\/es\/#\/schema\/person\/image\/","url":"https:\/\/secure.gravatar.com\/avatar\/c824b04e6df0e37a03219d0b6481672889df542894588964102459e46513159c?s=96&d=mm&r=g","contentUrl":"https:\/\/secure.gravatar.com\/avatar\/c824b04e6df0e37a03219d0b6481672889df542894588964102459e46513159c?s=96&d=mm&r=g","caption":"We Love Cycling Spain"},"url":"https:\/\/www.welovecycling.com\/es\/author\/amunoz\/"}]}},"_links":{"self":[{"href":"https:\/\/www.welovecycling.com\/es\/wp-json\/wp\/v2\/posts\/9996","targetHints":{"allow":["GET"]}}],"collection":[{"href":"https:\/\/www.welovecycling.com\/es\/wp-json\/wp\/v2\/posts"}],"about":[{"href":"https:\/\/www.welovecycling.com\/es\/wp-json\/wp\/v2\/types\/post"}],"author":[{"embeddable":true,"href":"https:\/\/www.welovecycling.com\/es\/wp-json\/wp\/v2\/users\/29"}],"replies":[{"embeddable":true,"href":"https:\/\/www.welovecycling.com\/es\/wp-json\/wp\/v2\/comments?post=9996"}],"version-history":[{"count":4,"href":"https:\/\/www.welovecycling.com\/es\/wp-json\/wp\/v2\/posts\/9996\/revisions"}],"predecessor-version":[{"id":10009,"href":"https:\/\/www.welovecycling.com\/es\/wp-json\/wp\/v2\/posts\/9996\/revisions\/10009"}],"wp:featuredmedia":[{"embeddable":true,"href":"https:\/\/www.welovecycling.com\/es\/wp-json\/wp\/v2\/media\/9090"}],"wp:attachment":[{"href":"https:\/\/www.welovecycling.com\/es\/wp-json\/wp\/v2\/media?parent=9996"}],"wp:term":[{"taxonomy":"category","embeddable":true,"href":"https:\/\/www.welovecycling.com\/es\/wp-json\/wp\/v2\/categories?post=9996"},{"taxonomy":"post_tag","embeddable":true,"href":"https:\/\/www.welovecycling.com\/es\/wp-json\/wp\/v2\/tags?post=9996"},{"taxonomy":"global-categories","embeddable":true,"href":"https:\/\/www.welovecycling.com\/es\/wp-json\/wp\/v2\/global-categories?post=9996"}],"curies":[{"name":"wp","href":"https:\/\/api.w.org\/{rel}","templated":true}]}}