{"id":9973,"date":"2023-05-26T13:29:12","date_gmt":"2023-05-26T11:29:12","guid":{"rendered":"https:\/\/www.welovecycling.com\/es\/?p=9973"},"modified":"2023-05-26T13:29:12","modified_gmt":"2023-05-26T11:29:12","slug":"tre-cime-di-lavaredo","status":"publish","type":"post","link":"https:\/\/www.welovecycling.com\/es\/2023\/05\/26\/tre-cime-di-lavaredo\/","title":{"rendered":"Tre Cime di Lavaredo, la primera monta\u00f1a imposible"},"content":{"rendered":"<p><strong>Pocos lugares del ciclismo tienen el honor de haber provocado que Eddy Merckx, Felice Gimondi o Jacques Anquetil echasen pie a tierra. Si acaso el adoquinado de Koppenberg o Kapelmuur un d\u00eda lluvioso, pero estamos hablando de un puerto, Tre Cime de Lavaredo, que la primera que se subi\u00f3 en el Giro de 1967 descabalg\u00f3 a todo el pelot\u00f3n. La prensa lo llam\u00f3 el Puerto del &#8216;Deshonor&#8217; o de la Verg\u00fcenza.<\/strong><\/p>\n<p><!--more--><\/p>\n<p>Les pongo en situaci\u00f3n. En 1967 Eddy Merckx todav\u00eda no era el <strong>gran Eddy Merckx.<\/strong> Acud\u00eda al Giro como un pipiolo en busca de nuevas experiencias. All\u00ed los favoritos eran <strong>Felice Gimondi<\/strong>, que ya hab\u00eda ganado el Tour y Paris Roubaix dos a\u00f1os antes (ojo a este dato) y Jacques Anquetil, que ya era un veterano que acababa de llevarse su quinto Tour. Y de secundarios los Gianni Motta, Vitorio Adorni o Lucien Aimar, con una grande en sus piernas. Tampoco hab\u00eda compact, platos de 34 ni pi\u00f1oneras de 32. El desarrollo m\u00ednimo que pod\u00edas llevar era de 42&#215;21 o 23.<\/p>\n<p>Los puertos habituales del Giro ten\u00edan longitud, pero no demasiado desnivel. Stelvio, Pordoi, Gavia, Madonna del Ghisallo. Solo el Muro di Sormano irrump\u00eda algunas veces en el Giro de Lombardia, pero nunca como final de etapa.<\/p>\n<p>En el <a href=\"https:\/\/bikeraceinfo.com\/giro\/giro1967.html\">Giro de 1967<\/a> se estren\u00f3 <strong>Tre Cime di Lavaredo<\/strong>. Los n\u00fameros de sus cuatro kil\u00f3metros finales, despu\u00e9s de la bajadita del Lago di Antorno, son un <strong>11,7% de media, sin descansos y con rampas del 18%<\/strong>. All\u00ed en cada tornanti puedes casi tocar con la cabeza el siguiente. Y como solo hay una carretera y no tiene descenso, ten\u00eda que ser final de etapa por obligaci\u00f3n.<\/p>\n<p><img loading=\"lazy\" decoding=\"async\" class=\"alignnone size-extra-large\" src=\"https:\/\/static2.giroditalia.it\/wp-content\/uploads\/2023\/04\/NM0eBBtR90sAOdDC0xs9_280423-042706.jpg?v=20230428182706\" width=\"1878\" height=\"1603\" \/><\/p>\n<p>Era un 8 de junio y el Giro ya hab\u00eda vivido 18 etapas antes. En el Blockhaus se hab\u00eda estrenado Eddy Merckx. En la crono de Verona Anquetil le hab\u00eda quitado la maglia rosa a Perez Franc\u00e9s, pero la hab\u00eda perdido al d\u00eda siguiente dejando una fuga bid\u00f3n para no machacar a su equipo. Ese d\u00eda se hab\u00eda vestido de rosa un gregario, Schiavon, y Panizza tambi\u00e9n hab\u00eda cogido ventaja sobre los favoritos.<\/p>\n<p>As\u00ed que a cinco etapas del final (la \u00faltima de Mil\u00e1n era doble sector), el Giro estaba en manos de un &#8216;hombre de paja&#8217;. Todo por decidir. La carrera estaba en Udine, en la costa del Adri\u00e1tico, y <strong>para llegar a Milan ten\u00eda que atravesar todos los Dolomitas<\/strong>. Por entonces no hab\u00eda traslados. La etapa acababa en una ciudad, se dorm\u00eda all\u00ed, y al d\u00eda siguiente se part\u00eda de la misma.<\/p>\n<p>Entre Udine y Tre Cime di Lavaredo ese d\u00eda hab\u00eda 150 kil\u00f3metros sin grandes puertos previos. Al pie del Lago de Misurina, donde arranca la ascensi\u00f3n, iba escapado Wladimiro Panizza, uno de los que se hab\u00edan beneficiado de la fuga bid\u00f3n y con tres minutos de ventaja. No es que preocupase demasiado a los favoritos, pero tampoco hab\u00eda que dejarle tanto margen. Pese a que era 8 de junio en<strong> Misurina hac\u00eda fr\u00edo, hab\u00eda niebla y llov\u00eda<\/strong>. Eso supon\u00eda que a 2.300 metros, donde se corona el puerto, el escenario iba a ser mucho peor.<\/p>\n<div class=\"embed-controller-wrapper\">\n<div class=\"embed-wrapper\"><iframe title=\"Giro d&#039;Italia 1967: Tre Cime di Lavaredo\" width=\"500\" height=\"375\" data-src=\"https:\/\/www.youtube.com\/embed\/anF8bHacoHc?feature=oembed\" frameborder=\"0\" allow=\"accelerometer; autoplay; clipboard-write; encrypted-media; gyroscope; picture-in-picture; web-share\" referrerpolicy=\"strict-origin-when-cross-origin\" allowfullscreen><\/iframe><\/div>\n<\/div>\n<p>Empez\u00f3 el puerto y los ciclistas sufr\u00edan mas de lo previsto. Nadie llevaba un desarrollo adecuado para esas rampas del 15% tan continuadas. Chepazos, ruedas que patinan en la carretera mojada cuando te levantas, desnivel que hace da\u00f1o en las piernas y un mont\u00f3n de aficionados deseando echar una mano a sus \u00eddolos. Un empujoncito a los m\u00e1s conocidos. No hab\u00eda tele en directo, se pod\u00eda hacer. El problema es que aquello se convirti\u00f3 en la norma de toda la ascensi\u00f3n. <strong>Ciclistas llevados en volandas por sus tiffosis,<\/strong> otros agarrados a los coches. Algunos pie a tierra esperando ayuda. Imposible de controlar por los jueces.<\/p>\n<p>En la cima levant\u00f3 el brazo <a href=\"https:\/\/www.welovecycling.com\/es\/2018\/08\/08\/monumentos-ciclistas-lugares-de-culto-al-ciclismo\/\">Felice Gimondi<\/a>, el \u00eddolo de Italia en esas fechas. Solo uno, porque lleg\u00f3 al l\u00edmite de sus fuerzas al Refugio Auronzo. Segundo fue <a href=\"https:\/\/www.welovecycling.com\/es\/2021\/10\/04\/documentales-de-ciclismo\/\">Merckx<\/a> y tercero Gianni Motta.<strong> Gimondi se vest\u00eda de l\u00edder&#8230; hasta que Torriani<\/strong>, patr\u00f3n del Giro en aquellas fechas, tom\u00f3 la decisi\u00f3n de anular el resultado de la etapa. Demasiadas desigualdades sin controlar.<\/p>\n<p class=\"p-1\"><strong>Gimondi dijo que se iba del Giro<\/strong>. Que su esfuerzo no hab\u00eda tenido premio. El due\u00f1o de su equipo, Salvarini, le obligo a quedarse y ganarlo en la carretera. Lo hizo, pero no en la etapa siguiente con \u00a0Falzarego, Pordoi, Rolle y Brocon por el camino. Todav\u00eda se visti\u00f3 de rosa Anquetil. Tuvo que ser en la tercera jornada de la trilog\u00eda dolomitica, con Tonele y Aprica en vez de Stelvio (suspendido por la nieve), cuando Gimondi recuperase el rosa que vestir\u00eda en el podio de Milan acompa\u00f1ado de Balmion y Anquetil.<\/p>\n<p><a href=\"https:\/\/d2p6e6u75xmxt8.cloudfront.net\/6\/2023\/05\/merckx.webp\"><img loading=\"lazy\" decoding=\"async\" class=\"aligncenter size-full wp-image-9975\" src=\"https:\/\/d2p6e6u75xmxt8.cloudfront.net\/6\/2023\/05\/merckx.webp\" alt=\"\" width=\"900\" height=\"667\" srcset=\"https:\/\/d2p6e6u75xmxt8.cloudfront.net\/6\/2023\/05\/merckx.webp 900w, https:\/\/d2p6e6u75xmxt8.cloudfront.net\/6\/2023\/05\/merckx-300x222.webp 300w, https:\/\/d2p6e6u75xmxt8.cloudfront.net\/6\/2023\/05\/merckx-768x569.webp 768w, https:\/\/d2p6e6u75xmxt8.cloudfront.net\/6\/2023\/05\/merckx-400x296.webp 400w\" sizes=\"auto, (max-width: 900px) 100vw, 900px\" \/><\/a><\/p>\n<p class=\"p-1\"><strong>Tre Cime di Lavaredo<\/strong>\u00a0 volvi\u00f3 al a\u00f1o siguiente en el <a href=\"https:\/\/bikeraceinfo.com\/giro\/giro1968.html\">Giro de 1968<\/a>. Cuando Eddy Merckx entraba en sus a\u00f1os gloriosos. Ese d\u00eda no tuvo rival. Llov\u00eda y hab\u00eda una escapada con m\u00e1s de nueve minutos de ventaja. Demasiado poco para<strong> El Canibal<\/strong>, que no solo recuper\u00f3 todo el tiempo a los fugados para ganar la etapa, sino que endos\u00f3 a sus m\u00e1ximos rivales una minutada. <strong>Felice Gimondi, ganador el a\u00f1o anterior, acab\u00f3 a m\u00e1s de 6 minutos. Julio Jim\u00e9nez, uno de los mejores escaladores de todos los tiempos, a m\u00e1s de ocho minutos.<\/strong> Solo Adorni, que ven\u00eda de la fuga, lleg\u00f3 a menos de un minuto de Eddy Merckx.<\/p>\n<p class=\"p-1\"><a href=\"https:\/\/bikeraceinfo.com\/giro\/giro1974.html\">En el 74<\/a> fue el propio Merckx el que sufri\u00f3 para mantener el rosa en Tre Cime di Lavaredo. Hab\u00edan pasado sus mejores a\u00f1os pero todav\u00eda segu\u00eda siendo un aut\u00e9ntico \u00eddolo. Era la pen\u00faltima etapa de aquel Giro y ten\u00eda menos de un minuto de ventaja sobre <strong>Baronchelli y Gimondi,<\/strong> demasiado poco para el Can\u00edbal. En Tre Cime le atacaron ambos, en compa\u00f1\u00eda de otro escalador de \u00e9poca como Jos\u00e9 Manuel Fuente.\u00a0 Merckx se dej\u00f3 ir, perdi\u00f3 contacto con sus m\u00e1ximos rivales. Peligr\u00f3 el Giro, pero remont\u00f3 en el \u00faltimo kil\u00f3metro para enganchar a Gimondi y salvar el rosa con solo 12 segundos de ventaja sobre Baronchelli.<\/p>\n","protected":false},"excerpt":{"rendered":"<p>Pocos lugares del ciclismo tienen el honor de haber provocado que Eddy Merckx, Felice Gimondi o Jacques Anquetil echasen pie [&hellip;]<\/p>\n","protected":false},"author":29,"featured_media":9974,"comment_status":"open","ping_status":"open","sticky":false,"template":"","format":"standard","meta":{"footnotes":""},"categories":[7],"tags":[2242],"global-categories":[1164],"class_list":["post-9973","post","type-post","status-publish","format-standard","has-post-thumbnail","hentry","category-carretera","tag-giro-2023","global-categories-cycling"],"yoast_head":"<!-- This site is optimized with the Yoast SEO Premium plugin v25.3 (Yoast SEO v25.9) - https:\/\/yoast.com\/wordpress\/plugins\/seo\/ -->\n<title>Tre Cime di Lavaredo, la primera monta\u00f1a imposible - \u0160koda We Love Cycling - Spain<\/title>\n<meta name=\"description\" content=\"Tre Cime di Lavaredo, la primera monta\u00f1a imposible. El puerto que en 1967 oblig\u00f3 a suspender la etapa por las trampas de casi todos.\" \/>\n<meta name=\"robots\" content=\"index, follow, max-snippet:-1, max-image-preview:large, max-video-preview:-1\" \/>\n<link rel=\"canonical\" href=\"https:\/\/www.welovecycling.com\/es\/2023\/05\/26\/tre-cime-di-lavaredo\/\" \/>\n<meta property=\"og:locale\" content=\"es_ES\" \/>\n<meta property=\"og:type\" content=\"article\" \/>\n<meta property=\"og:title\" content=\"Tre Cime di Lavaredo, la primera monta\u00f1a imposible\" \/>\n<meta property=\"og:description\" content=\"Tre Cime di Lavaredo, la primera monta\u00f1a imposible. El puerto que en 1967 oblig\u00f3 a suspender la etapa por las trampas de casi todos.\" \/>\n<meta property=\"og:url\" content=\"https:\/\/www.welovecycling.com\/es\/2023\/05\/26\/tre-cime-di-lavaredo\/\" \/>\n<meta property=\"og:site_name\" content=\"\u0160koda We Love Cycling - Spain\" \/>\n<meta property=\"article:published_time\" content=\"2023-05-26T11:29:12+00:00\" \/>\n<meta property=\"og:image\" content=\"https:\/\/d2p6e6u75xmxt8.cloudfront.net\/6\/2023\/05\/eddy_merckx.webp\" \/>\n\t<meta property=\"og:image:width\" content=\"1100\" \/>\n\t<meta property=\"og:image:height\" content=\"733\" \/>\n\t<meta property=\"og:image:type\" content=\"image\/webp\" \/>\n<meta name=\"author\" content=\"We Love Cycling Spain\" \/>\n<meta name=\"twitter:card\" content=\"summary_large_image\" \/>\n<meta name=\"twitter:description\" content=\"Tre Cime di Lavaredo, la primera monta\u00f1a imposible. El puerto que en 1967 oblig\u00f3 a suspender la etapa por las trampas de casi todos.\" \/>\n<meta name=\"twitter:label1\" content=\"Written by\" \/>\n\t<meta name=\"twitter:data1\" content=\"Luis Ortega @Ciclored\" \/>\n\t<meta name=\"twitter:label2\" content=\"Est. reading time\" \/>\n\t<meta name=\"twitter:data2\" content=\"5 minutes\" \/>\n<script type=\"application\/ld+json\" class=\"yoast-schema-graph\">{\"@context\":\"https:\/\/schema.org\",\"@graph\":[{\"@type\":\"WebPage\",\"@id\":\"https:\/\/www.welovecycling.com\/es\/2023\/05\/26\/tre-cime-di-lavaredo\/\",\"url\":\"https:\/\/www.welovecycling.com\/es\/2023\/05\/26\/tre-cime-di-lavaredo\/\",\"name\":\"Tre Cime di Lavaredo, la primera monta\u00f1a imposible - \u0160koda We Love Cycling - Spain\",\"isPartOf\":{\"@id\":\"https:\/\/www.welovecycling.com\/es\/#website\"},\"primaryImageOfPage\":{\"@id\":\"https:\/\/www.welovecycling.com\/es\/2023\/05\/26\/tre-cime-di-lavaredo\/#primaryimage\"},\"image\":{\"@id\":\"https:\/\/www.welovecycling.com\/es\/2023\/05\/26\/tre-cime-di-lavaredo\/#primaryimage\"},\"thumbnailUrl\":\"https:\/\/d2p6e6u75xmxt8.cloudfront.net\/6\/2023\/05\/eddy_merckx.webp\",\"datePublished\":\"2023-05-26T11:29:12+00:00\",\"author\":{\"@id\":\"https:\/\/www.welovecycling.com\/es\/#\/schema\/person\/deb61715b5812698ee79fb96f343ccd4\"},\"description\":\"Tre Cime di Lavaredo, la primera monta\u00f1a imposible. El puerto que en 1967 oblig\u00f3 a suspender la etapa por las trampas de casi todos.\",\"breadcrumb\":{\"@id\":\"https:\/\/www.welovecycling.com\/es\/2023\/05\/26\/tre-cime-di-lavaredo\/#breadcrumb\"},\"inLanguage\":\"es-ES\",\"potentialAction\":[{\"@type\":\"ReadAction\",\"target\":[\"https:\/\/www.welovecycling.com\/es\/2023\/05\/26\/tre-cime-di-lavaredo\/\"]}]},{\"@type\":\"ImageObject\",\"inLanguage\":\"es-ES\",\"@id\":\"https:\/\/www.welovecycling.com\/es\/2023\/05\/26\/tre-cime-di-lavaredo\/#primaryimage\",\"url\":\"https:\/\/d2p6e6u75xmxt8.cloudfront.net\/6\/2023\/05\/eddy_merckx.webp\",\"contentUrl\":\"https:\/\/d2p6e6u75xmxt8.cloudfront.net\/6\/2023\/05\/eddy_merckx.webp\",\"width\":1100,\"height\":733},{\"@type\":\"BreadcrumbList\",\"@id\":\"https:\/\/www.welovecycling.com\/es\/2023\/05\/26\/tre-cime-di-lavaredo\/#breadcrumb\",\"itemListElement\":[{\"@type\":\"ListItem\",\"position\":1,\"name\":\"Home\",\"item\":\"https:\/\/www.welovecycling.com\/es\/\"},{\"@type\":\"ListItem\",\"position\":2,\"name\":\"Tre Cime di Lavaredo, la primera monta\u00f1a imposible\"}]},{\"@type\":\"WebSite\",\"@id\":\"https:\/\/www.welovecycling.com\/es\/#website\",\"url\":\"https:\/\/www.welovecycling.com\/es\/\",\"name\":\"\u0160koda We Love Cycling - Spain\",\"description\":\"\u0160koda WeLoveCycling Spain\",\"potentialAction\":[{\"@type\":\"SearchAction\",\"target\":{\"@type\":\"EntryPoint\",\"urlTemplate\":\"https:\/\/www.welovecycling.com\/es\/?s={search_term_string}\"},\"query-input\":{\"@type\":\"PropertyValueSpecification\",\"valueRequired\":true,\"valueName\":\"search_term_string\"}}],\"inLanguage\":\"es-ES\"},{\"@type\":\"Person\",\"@id\":\"https:\/\/www.welovecycling.com\/es\/#\/schema\/person\/deb61715b5812698ee79fb96f343ccd4\",\"name\":\"We Love Cycling Spain\",\"image\":{\"@type\":\"ImageObject\",\"inLanguage\":\"es-ES\",\"@id\":\"https:\/\/www.welovecycling.com\/es\/#\/schema\/person\/image\/\",\"url\":\"https:\/\/secure.gravatar.com\/avatar\/c824b04e6df0e37a03219d0b6481672889df542894588964102459e46513159c?s=96&d=mm&r=g\",\"contentUrl\":\"https:\/\/secure.gravatar.com\/avatar\/c824b04e6df0e37a03219d0b6481672889df542894588964102459e46513159c?s=96&d=mm&r=g\",\"caption\":\"We Love Cycling Spain\"},\"url\":\"https:\/\/www.welovecycling.com\/es\/author\/amunoz\/\"}]}<\/script>\n<!-- \/ Yoast SEO Premium plugin. -->","yoast_head_json":{"title":"Tre Cime di Lavaredo, la primera monta\u00f1a imposible - \u0160koda We Love Cycling - Spain","description":"Tre Cime di Lavaredo, la primera monta\u00f1a imposible. El puerto que en 1967 oblig\u00f3 a suspender la etapa por las trampas de casi todos.","robots":{"index":"index","follow":"follow","max-snippet":"max-snippet:-1","max-image-preview":"max-image-preview:large","max-video-preview":"max-video-preview:-1"},"canonical":"https:\/\/www.welovecycling.com\/es\/2023\/05\/26\/tre-cime-di-lavaredo\/","og_locale":"es_ES","og_type":"article","og_title":"Tre Cime di Lavaredo, la primera monta\u00f1a imposible","og_description":"Tre Cime di Lavaredo, la primera monta\u00f1a imposible. El puerto que en 1967 oblig\u00f3 a suspender la etapa por las trampas de casi todos.","og_url":"https:\/\/www.welovecycling.com\/es\/2023\/05\/26\/tre-cime-di-lavaredo\/","og_site_name":"\u0160koda We Love Cycling - Spain","article_published_time":"2023-05-26T11:29:12+00:00","og_image":[{"width":1100,"height":733,"url":"https:\/\/d2p6e6u75xmxt8.cloudfront.net\/6\/2023\/05\/eddy_merckx.webp","type":"image\/webp"}],"author":"We Love Cycling Spain","twitter_card":"summary_large_image","twitter_description":"Tre Cime di Lavaredo, la primera monta\u00f1a imposible. El puerto que en 1967 oblig\u00f3 a suspender la etapa por las trampas de casi todos.","twitter_misc":{"Written by":"Luis Ortega @Ciclored","Est. reading time":"5 minutes"},"schema":{"@context":"https:\/\/schema.org","@graph":[{"@type":"WebPage","@id":"https:\/\/www.welovecycling.com\/es\/2023\/05\/26\/tre-cime-di-lavaredo\/","url":"https:\/\/www.welovecycling.com\/es\/2023\/05\/26\/tre-cime-di-lavaredo\/","name":"Tre Cime di Lavaredo, la primera monta\u00f1a imposible - \u0160koda We Love Cycling - Spain","isPartOf":{"@id":"https:\/\/www.welovecycling.com\/es\/#website"},"primaryImageOfPage":{"@id":"https:\/\/www.welovecycling.com\/es\/2023\/05\/26\/tre-cime-di-lavaredo\/#primaryimage"},"image":{"@id":"https:\/\/www.welovecycling.com\/es\/2023\/05\/26\/tre-cime-di-lavaredo\/#primaryimage"},"thumbnailUrl":"https:\/\/d2p6e6u75xmxt8.cloudfront.net\/6\/2023\/05\/eddy_merckx.webp","datePublished":"2023-05-26T11:29:12+00:00","author":{"@id":"https:\/\/www.welovecycling.com\/es\/#\/schema\/person\/deb61715b5812698ee79fb96f343ccd4"},"description":"Tre Cime di Lavaredo, la primera monta\u00f1a imposible. El puerto que en 1967 oblig\u00f3 a suspender la etapa por las trampas de casi todos.","breadcrumb":{"@id":"https:\/\/www.welovecycling.com\/es\/2023\/05\/26\/tre-cime-di-lavaredo\/#breadcrumb"},"inLanguage":"es-ES","potentialAction":[{"@type":"ReadAction","target":["https:\/\/www.welovecycling.com\/es\/2023\/05\/26\/tre-cime-di-lavaredo\/"]}]},{"@type":"ImageObject","inLanguage":"es-ES","@id":"https:\/\/www.welovecycling.com\/es\/2023\/05\/26\/tre-cime-di-lavaredo\/#primaryimage","url":"https:\/\/d2p6e6u75xmxt8.cloudfront.net\/6\/2023\/05\/eddy_merckx.webp","contentUrl":"https:\/\/d2p6e6u75xmxt8.cloudfront.net\/6\/2023\/05\/eddy_merckx.webp","width":1100,"height":733},{"@type":"BreadcrumbList","@id":"https:\/\/www.welovecycling.com\/es\/2023\/05\/26\/tre-cime-di-lavaredo\/#breadcrumb","itemListElement":[{"@type":"ListItem","position":1,"name":"Home","item":"https:\/\/www.welovecycling.com\/es\/"},{"@type":"ListItem","position":2,"name":"Tre Cime di Lavaredo, la primera monta\u00f1a imposible"}]},{"@type":"WebSite","@id":"https:\/\/www.welovecycling.com\/es\/#website","url":"https:\/\/www.welovecycling.com\/es\/","name":"\u0160koda We Love Cycling - Spain","description":"\u0160koda WeLoveCycling Spain","potentialAction":[{"@type":"SearchAction","target":{"@type":"EntryPoint","urlTemplate":"https:\/\/www.welovecycling.com\/es\/?s={search_term_string}"},"query-input":{"@type":"PropertyValueSpecification","valueRequired":true,"valueName":"search_term_string"}}],"inLanguage":"es-ES"},{"@type":"Person","@id":"https:\/\/www.welovecycling.com\/es\/#\/schema\/person\/deb61715b5812698ee79fb96f343ccd4","name":"We Love Cycling Spain","image":{"@type":"ImageObject","inLanguage":"es-ES","@id":"https:\/\/www.welovecycling.com\/es\/#\/schema\/person\/image\/","url":"https:\/\/secure.gravatar.com\/avatar\/c824b04e6df0e37a03219d0b6481672889df542894588964102459e46513159c?s=96&d=mm&r=g","contentUrl":"https:\/\/secure.gravatar.com\/avatar\/c824b04e6df0e37a03219d0b6481672889df542894588964102459e46513159c?s=96&d=mm&r=g","caption":"We Love Cycling Spain"},"url":"https:\/\/www.welovecycling.com\/es\/author\/amunoz\/"}]}},"_links":{"self":[{"href":"https:\/\/www.welovecycling.com\/es\/wp-json\/wp\/v2\/posts\/9973","targetHints":{"allow":["GET"]}}],"collection":[{"href":"https:\/\/www.welovecycling.com\/es\/wp-json\/wp\/v2\/posts"}],"about":[{"href":"https:\/\/www.welovecycling.com\/es\/wp-json\/wp\/v2\/types\/post"}],"author":[{"embeddable":true,"href":"https:\/\/www.welovecycling.com\/es\/wp-json\/wp\/v2\/users\/29"}],"replies":[{"embeddable":true,"href":"https:\/\/www.welovecycling.com\/es\/wp-json\/wp\/v2\/comments?post=9973"}],"version-history":[{"count":1,"href":"https:\/\/www.welovecycling.com\/es\/wp-json\/wp\/v2\/posts\/9973\/revisions"}],"predecessor-version":[{"id":9976,"href":"https:\/\/www.welovecycling.com\/es\/wp-json\/wp\/v2\/posts\/9973\/revisions\/9976"}],"wp:featuredmedia":[{"embeddable":true,"href":"https:\/\/www.welovecycling.com\/es\/wp-json\/wp\/v2\/media\/9974"}],"wp:attachment":[{"href":"https:\/\/www.welovecycling.com\/es\/wp-json\/wp\/v2\/media?parent=9973"}],"wp:term":[{"taxonomy":"category","embeddable":true,"href":"https:\/\/www.welovecycling.com\/es\/wp-json\/wp\/v2\/categories?post=9973"},{"taxonomy":"post_tag","embeddable":true,"href":"https:\/\/www.welovecycling.com\/es\/wp-json\/wp\/v2\/tags?post=9973"},{"taxonomy":"global-categories","embeddable":true,"href":"https:\/\/www.welovecycling.com\/es\/wp-json\/wp\/v2\/global-categories?post=9973"}],"curies":[{"name":"wp","href":"https:\/\/api.w.org\/{rel}","templated":true}]}}