{"id":9949,"date":"2023-05-18T18:57:50","date_gmt":"2023-05-18T16:57:50","guid":{"rendered":"https:\/\/www.welovecycling.com\/es\/?p=9949"},"modified":"2023-05-18T18:57:50","modified_gmt":"2023-05-18T16:57:50","slug":"cuidan-ciclistas-eolo-kometa","status":"publish","type":"post","link":"https:\/\/www.welovecycling.com\/es\/2023\/05\/18\/cuidan-ciclistas-eolo-kometa\/","title":{"rendered":"\u00bfC\u00f3mo cuidan a los ciclistas del Eolo Kometa en el Giro?"},"content":{"rendered":"<p style=\"font-weight: 400;\"><strong>En esta parte de la serie, hablamos con el jefe de mec\u00e1nicos, los auxiliares y el responsable de log\u00edstica del equipo para averiguar c\u00f3mo cuidan a los ciclistas del EOLO Kometa durante la duras tres semanas de carrera.<\/strong><\/p>\n<p><!--more--><\/p>\n<p style=\"font-weight: 400;\"><em>En primer lugar, entrevistamos a Edurne Bello, responsable de log\u00edstica del equipo, sobre sus responsabilidades y los retos que plantean las carreras por etapas.<\/em><\/p>\n<h2><strong>\u00bfCu\u00e1l es el trabajo de la responsable de log\u00edstica durante el Giro?<\/strong><\/h2>\n<p style=\"font-weight: 400;\">El organizador de la carrera suele proporcionar alojamiento en hoteles, pero el equipo es responsable de los preparativos del viaje. Yo me aseguro de que la log\u00edstica del equipo est\u00e9 bajo control. Esto implica coordinar la llegada de los corredores y el personal al hotel de salida, normalmente los corredores viajan en avi\u00f3n y el personal conduce los veh\u00edculos del equipo. Para las Grandes Vueltas, es necesario tener en cuenta los tipos de etapas y planificar el transporte de todo el equipo. En nuestro caso, acudimos al Giro de Italia con un autob\u00fas, un cami\u00f3n, dos furgonetas y seis coches \u0160koda.<\/p>\n<h2><strong>\u00bfQue apartado log\u00edstico es el m\u00e1s complicado de organizar en una carrera de tres semanas?<\/strong><\/h2>\n<p style=\"font-weight: 400;\">Lo m\u00e1s complicado es gestionar los traslados entre etapas, ya que muchos d\u00edas implican viajes largos. Es esencial coordinar bien estos viajes para que los corredores puedan descansar lo m\u00e1ximo posible. Junto con el personal del equipo, los directores deportivos, los mec\u00e1nicos y los masajistas, agilizamos el proceso despu\u00e9s de cada etapa. Siempre hay un veh\u00edculo designado para ocuparse de los preparativos del hotel y asegurarse de que todo est\u00e9 listo cuando lleguen el resto del personal y los ciclistas. Esto incluye el registro de entrada, la reserva de plazas de aparcamiento y la preparaci\u00f3n de las comidas para los ciclistas a su llegada.<\/p>\n<h2><strong>\u00bfHas tenido alg\u00fan reto log\u00edstico en carrera?<\/strong><\/h2>\n<p style=\"font-weight: 400;\">Inevitablemente, surgen situaciones inesperadas que requieren adaptabilidad. Por ejemplo, cuando un corredor se retira de una carrera debido a una ca\u00edda, tenemos que planificar su regreso a casa para que se recupere r\u00e1pidamente. En una ocasi\u00f3n, pinchamos la rueda de un \u0160koda. Afortunadamente, nuestros mec\u00e1nicos y la ayuda de otros equipos nos ayudaron a resolver el problema, asegur\u00e1ndonos de que el coche estuviera listo antes de que empezara la etapa.<\/p>\n<p style=\"font-weight: 400;\">A continuaci\u00f3n, hablamos con el jefe de mec\u00e1nicos Iv\u00e1n Moya sobre el equipamiento y la reparaci\u00f3n de aver\u00edas mec\u00e1nicas durante una Gran Vuelta.<\/p>\n<h2><strong>\u00bfC\u00f3mo trabajais con los corredores para adaptar la bici a sus condiciones t\u00e9cnicas y f\u00edsicas?<\/strong><\/h2>\n<p style=\"font-weight: 400;\">Como mec\u00e1nicos, ayudamos a los ciclistas con los grupos y otros componentes de la bicicleta, pero es la propia biomec\u00e1nica del ciclista la que m\u00e1s influye en su rendimiento. No es muy habitual que demos consejos sobre los componentes para intentar conseguir un rendimiento \u00f3ptimo sobre la bicicleta.<\/p>\n<figure id=\"attachment_9950\" aria-describedby=\"caption-attachment-9950\" style=\"width: 1000px\" class=\"wp-caption alignnone\"><a href=\"https:\/\/d2p6e6u75xmxt8.cloudfront.net\/6\/2023\/05\/Eolo-Kometa-Spring-Cycling.webp\"><img loading=\"lazy\" decoding=\"async\" class=\"wp-image-9950 size-full\" src=\"https:\/\/d2p6e6u75xmxt8.cloudfront.net\/6\/2023\/05\/Eolo-Kometa-Spring-Cycling.webp\" alt=\"Eolo Kometa cyclists\" width=\"1000\" height=\"666\" srcset=\"https:\/\/d2p6e6u75xmxt8.cloudfront.net\/6\/2023\/05\/Eolo-Kometa-Spring-Cycling.webp 1000w, https:\/\/d2p6e6u75xmxt8.cloudfront.net\/6\/2023\/05\/Eolo-Kometa-Spring-Cycling-300x200.webp 300w, https:\/\/d2p6e6u75xmxt8.cloudfront.net\/6\/2023\/05\/Eolo-Kometa-Spring-Cycling-768x511.webp 768w, https:\/\/d2p6e6u75xmxt8.cloudfront.net\/6\/2023\/05\/Eolo-Kometa-Spring-Cycling-400x266.webp 400w, https:\/\/d2p6e6u75xmxt8.cloudfront.net\/6\/2023\/05\/Eolo-Kometa-Spring-Cycling-272x182.webp 272w\" sizes=\"auto, (max-width: 1000px) 100vw, 1000px\" \/><\/a><figcaption id=\"caption-attachment-9950\" class=\"wp-caption-text\">La victoria en ciclismo requiere fuerza y coraje, pero sin un equipo, los individuos estar\u00edan perdidos. Todos los ciclistas son conscientes de ello.<\/figcaption><\/figure>\n<h2><strong><br \/>\n\u00bfCu\u00e1l es el problema mec\u00e1nico m\u00e1s complicado que has tenido que resolver en carrera?<\/strong><\/h2>\n<p style=\"font-weight: 400;\">Durante una carrera, los problemas mec\u00e1nicos complejos no pueden repararse por completo, ya que es esencial encontrar soluciones r\u00e1pidas. En muchos casos, es m\u00e1s eficaz cambiar a una bicicleta de repuesto. Por la noche, en el hotel, lo solucionamos todo. Sin embargo, a veces tenemos que cambiar una <a href=\"https:\/\/www.welovecycling.com\/es\/2021\/04\/22\/cambiar-cadena-de-la-bici\/\">cadena<\/a>, una rueda, un grupo, una cala o solucionar otros imprevistos.<\/p>\n<h2><strong>\u00bfQu\u00e9 equipamiento y repuesto llevais en cada etapa del giro?<\/strong><\/h2>\n<p style=\"font-weight: 400;\">Para las grandes carreras, como el <a href=\"https:\/\/www.giroditalia.it\/\">Giro de Italia<\/a>, tenemos dos coches de apoyo<strong> \u0160koda.<\/strong> Llevamos un malet\u00edn de herramientas que contiene todo lo necesario para montar una bicicleta completa. En caso de problemas durante el traslado a la salida, antes de la salida y durante la carrera, cada coche est\u00e1 equipado con bicicletas de repuesto y tres juegos de ruedas para pinchazos. Adem\u00e1s, el coche de los masajistas lleva dos ruedas m\u00e1s por si fueran necesarias. Tambi\u00e9n se proporciona un transmisor de repuesto en caso de aver\u00eda o rotura.<\/p>\n<h2><strong>\u00bfHay alguna ventaja mec\u00e1nica que solais utilizar en carrera?<\/strong><\/h2>\n<p style=\"font-weight: 400;\">Buscamos constantemente ganancias marginales, por peque\u00f1as que sean. Sin embargo, la UCI regula mucho este aspecto, lo que deja poco margen para cambios significativos. Nos centramos en conseguir el menor peso y la m\u00e1xima aerodin\u00e1mica, y colaboramos con nuestros patrocinadores t\u00e9cnicos, que nos proporcionan los mejores materiales.<\/p>\n<p style=\"font-weight: 400;\"><em>Tambi\u00e9n hablamos con uno de los auxialiares del equipo, Lucio Dom\u00ednguez, que al mismo tiempo es un experimentado masajista.<\/em><\/p>\n<h2><strong>\u00bfCu\u00e1les son las principales funciones de un auxiliar durante la carrera?<\/strong><\/h2>\n<p style=\"font-weight: 400;\">La principal responsabilidad de un auxiliar es crear un ambiente de confort, cuidado y confianza para todos los ciclistas del equipo. Mediante la observaci\u00f3n y la comunicaci\u00f3n con los ciclistas y la aplicaci\u00f3n de diversas t\u00e9cnicas de <a href=\"https:\/\/www.welovecycling.com\/es\/2022\/02\/22\/automasaje-despues-entrenar-bici\/\">masaje y recuperaci\u00f3n<\/a>, nuestro objetivo es garantizar que los ciclistas alcancen el m\u00e1ximo rendimiento.<\/p>\n<h2><strong>\u00bfC\u00f3mo haces para relacionarte con los ciclistas y ayudarles de forma psicol\u00f3gica?<\/strong><\/h2>\n<p style=\"font-weight: 400;\">Durante las sesiones de masaje, es fundamental prestar una atenci\u00f3n especial al ciclista, en la que la escucha activa desempe\u00f1a un papel importante. Hay momentos en los que los ciclistas se abren y comparten sus pensamientos durante el masaje. En estas situaciones, un masajista tiene la doble responsabilidad de animar, motivar y ofrecer consejos para ayudar al ciclista a seguir trabajando para alcanzar el \u00e9xito.<\/p>\n","protected":false},"excerpt":{"rendered":"<p>En esta parte de la serie, hablamos con el jefe de mec\u00e1nicos, los auxiliares y el responsable de log\u00edstica del [&hellip;]<\/p>\n","protected":false},"author":29,"featured_media":9953,"comment_status":"open","ping_status":"open","sticky":false,"template":"","format":"standard","meta":{"footnotes":""},"categories":[7],"tags":[2241],"global-categories":[],"class_list":["post-9949","post","type-post","status-publish","format-standard","has-post-thumbnail","hentry","category-carretera","tag-eolo-kometa-giro"],"yoast_head":"<!-- This site is optimized with the Yoast SEO Premium plugin v25.3 (Yoast SEO v25.9) - https:\/\/yoast.com\/wordpress\/plugins\/seo\/ -->\n<title>\u00bfC\u00f3mo cuidan a los ciclistas del Eolo Kometa en el Giro?<\/title>\n<meta name=\"description\" content=\"\u00bfC\u00f3mo cuidan a los ciclistas del Eolo Kometa en el Giro? La logistica, mec\u00e1nica y masajes durante un carrera de tres semanas.\" \/>\n<meta name=\"robots\" content=\"index, follow, max-snippet:-1, max-image-preview:large, max-video-preview:-1\" \/>\n<link rel=\"canonical\" href=\"https:\/\/www.welovecycling.com\/es\/2023\/05\/18\/cuidan-ciclistas-eolo-kometa\/\" \/>\n<meta property=\"og:locale\" content=\"es_ES\" \/>\n<meta property=\"og:type\" content=\"article\" \/>\n<meta property=\"og:title\" content=\"\u00bfC\u00f3mo cuidan a los ciclistas del Eolo Kometa en el Giro?\" \/>\n<meta property=\"og:description\" content=\"\u00bfC\u00f3mo cuidan a los ciclistas del Eolo Kometa en el Giro? La logistica, mec\u00e1nica y masajes durante un carrera de tres semanas.\" \/>\n<meta property=\"og:url\" content=\"https:\/\/www.welovecycling.com\/es\/2023\/05\/18\/cuidan-ciclistas-eolo-kometa\/\" \/>\n<meta property=\"og:site_name\" content=\"\u0160koda We Love Cycling - Spain\" \/>\n<meta property=\"article:published_time\" content=\"2023-05-18T16:57:50+00:00\" \/>\n<meta property=\"og:image\" content=\"https:\/\/d2p6e6u75xmxt8.cloudfront.net\/6\/2023\/05\/Eolo-Kometa-Cycling-Team-CVR.webp\" \/>\n\t<meta property=\"og:image:width\" content=\"990\" \/>\n\t<meta property=\"og:image:height\" content=\"660\" \/>\n\t<meta property=\"og:image:type\" content=\"image\/webp\" \/>\n<meta name=\"author\" content=\"We Love Cycling Spain\" \/>\n<meta name=\"twitter:card\" content=\"summary_large_image\" \/>\n<meta name=\"twitter:description\" content=\"\u00bfC\u00f3mo cuidan a los ciclistas del Eolo Kometa en el Giro? La logistica, mec\u00e1nica y masajes durante un carrera de tres semanas.\" \/>\n<meta name=\"twitter:label1\" content=\"Written by\" \/>\n\t<meta name=\"twitter:data1\" content=\"Jiri Kaloc\" \/>\n\t<meta name=\"twitter:label2\" content=\"Est. reading time\" \/>\n\t<meta name=\"twitter:data2\" content=\"4\" \/>\n<script type=\"application\/ld+json\" class=\"yoast-schema-graph\">{\"@context\":\"https:\/\/schema.org\",\"@graph\":[{\"@type\":\"WebPage\",\"@id\":\"https:\/\/www.welovecycling.com\/es\/2023\/05\/18\/cuidan-ciclistas-eolo-kometa\/\",\"url\":\"https:\/\/www.welovecycling.com\/es\/2023\/05\/18\/cuidan-ciclistas-eolo-kometa\/\",\"name\":\"\u00bfC\u00f3mo cuidan a los ciclistas del Eolo Kometa en el Giro?\",\"isPartOf\":{\"@id\":\"https:\/\/www.welovecycling.com\/es\/#website\"},\"primaryImageOfPage\":{\"@id\":\"https:\/\/www.welovecycling.com\/es\/2023\/05\/18\/cuidan-ciclistas-eolo-kometa\/#primaryimage\"},\"image\":{\"@id\":\"https:\/\/www.welovecycling.com\/es\/2023\/05\/18\/cuidan-ciclistas-eolo-kometa\/#primaryimage\"},\"thumbnailUrl\":\"https:\/\/d2p6e6u75xmxt8.cloudfront.net\/6\/2023\/05\/Eolo-Kometa-Cycling-Team-CVR.webp\",\"datePublished\":\"2023-05-18T16:57:50+00:00\",\"author\":{\"@id\":\"https:\/\/www.welovecycling.com\/es\/#\/schema\/person\/deb61715b5812698ee79fb96f343ccd4\"},\"description\":\"\u00bfC\u00f3mo cuidan a los ciclistas del Eolo Kometa en el Giro? La logistica, mec\u00e1nica y masajes durante un carrera de tres semanas.\",\"breadcrumb\":{\"@id\":\"https:\/\/www.welovecycling.com\/es\/2023\/05\/18\/cuidan-ciclistas-eolo-kometa\/#breadcrumb\"},\"inLanguage\":\"es-ES\",\"potentialAction\":[{\"@type\":\"ReadAction\",\"target\":[\"https:\/\/www.welovecycling.com\/es\/2023\/05\/18\/cuidan-ciclistas-eolo-kometa\/\"]}]},{\"@type\":\"ImageObject\",\"inLanguage\":\"es-ES\",\"@id\":\"https:\/\/www.welovecycling.com\/es\/2023\/05\/18\/cuidan-ciclistas-eolo-kometa\/#primaryimage\",\"url\":\"https:\/\/d2p6e6u75xmxt8.cloudfront.net\/6\/2023\/05\/Eolo-Kometa-Cycling-Team-CVR.webp\",\"contentUrl\":\"https:\/\/d2p6e6u75xmxt8.cloudfront.net\/6\/2023\/05\/Eolo-Kometa-Cycling-Team-CVR.webp\",\"width\":990,\"height\":660,\"caption\":\"Team EOLO KOMETA\"},{\"@type\":\"BreadcrumbList\",\"@id\":\"https:\/\/www.welovecycling.com\/es\/2023\/05\/18\/cuidan-ciclistas-eolo-kometa\/#breadcrumb\",\"itemListElement\":[{\"@type\":\"ListItem\",\"position\":1,\"name\":\"Home\",\"item\":\"https:\/\/www.welovecycling.com\/es\/\"},{\"@type\":\"ListItem\",\"position\":2,\"name\":\"\u00bfC\u00f3mo cuidan a los ciclistas del Eolo Kometa en el Giro?\"}]},{\"@type\":\"WebSite\",\"@id\":\"https:\/\/www.welovecycling.com\/es\/#website\",\"url\":\"https:\/\/www.welovecycling.com\/es\/\",\"name\":\"\u0160koda We Love Cycling - Spain\",\"description\":\"\u0160koda WeLoveCycling Spain\",\"potentialAction\":[{\"@type\":\"SearchAction\",\"target\":{\"@type\":\"EntryPoint\",\"urlTemplate\":\"https:\/\/www.welovecycling.com\/es\/?s={search_term_string}\"},\"query-input\":{\"@type\":\"PropertyValueSpecification\",\"valueRequired\":true,\"valueName\":\"search_term_string\"}}],\"inLanguage\":\"es-ES\"},{\"@type\":\"Person\",\"@id\":\"https:\/\/www.welovecycling.com\/es\/#\/schema\/person\/deb61715b5812698ee79fb96f343ccd4\",\"name\":\"We Love Cycling Spain\",\"image\":{\"@type\":\"ImageObject\",\"inLanguage\":\"es-ES\",\"@id\":\"https:\/\/www.welovecycling.com\/es\/#\/schema\/person\/image\/\",\"url\":\"https:\/\/secure.gravatar.com\/avatar\/c824b04e6df0e37a03219d0b6481672889df542894588964102459e46513159c?s=96&d=mm&r=g\",\"contentUrl\":\"https:\/\/secure.gravatar.com\/avatar\/c824b04e6df0e37a03219d0b6481672889df542894588964102459e46513159c?s=96&d=mm&r=g\",\"caption\":\"We Love Cycling Spain\"},\"url\":\"https:\/\/www.welovecycling.com\/es\/author\/amunoz\/\"}]}<\/script>\n<!-- \/ Yoast SEO Premium plugin. -->","yoast_head_json":{"title":"\u00bfC\u00f3mo cuidan a los ciclistas del Eolo Kometa en el Giro?","description":"\u00bfC\u00f3mo cuidan a los ciclistas del Eolo Kometa en el Giro? La logistica, mec\u00e1nica y masajes durante un carrera de tres semanas.","robots":{"index":"index","follow":"follow","max-snippet":"max-snippet:-1","max-image-preview":"max-image-preview:large","max-video-preview":"max-video-preview:-1"},"canonical":"https:\/\/www.welovecycling.com\/es\/2023\/05\/18\/cuidan-ciclistas-eolo-kometa\/","og_locale":"es_ES","og_type":"article","og_title":"\u00bfC\u00f3mo cuidan a los ciclistas del Eolo Kometa en el Giro?","og_description":"\u00bfC\u00f3mo cuidan a los ciclistas del Eolo Kometa en el Giro? La logistica, mec\u00e1nica y masajes durante un carrera de tres semanas.","og_url":"https:\/\/www.welovecycling.com\/es\/2023\/05\/18\/cuidan-ciclistas-eolo-kometa\/","og_site_name":"\u0160koda We Love Cycling - Spain","article_published_time":"2023-05-18T16:57:50+00:00","og_image":[{"width":990,"height":660,"url":"https:\/\/d2p6e6u75xmxt8.cloudfront.net\/6\/2023\/05\/Eolo-Kometa-Cycling-Team-CVR.webp","type":"image\/webp"}],"author":"We Love Cycling Spain","twitter_card":"summary_large_image","twitter_description":"\u00bfC\u00f3mo cuidan a los ciclistas del Eolo Kometa en el Giro? La logistica, mec\u00e1nica y masajes durante un carrera de tres semanas.","twitter_misc":{"Written by":"Jiri Kaloc","Est. reading time":"4"},"schema":{"@context":"https:\/\/schema.org","@graph":[{"@type":"WebPage","@id":"https:\/\/www.welovecycling.com\/es\/2023\/05\/18\/cuidan-ciclistas-eolo-kometa\/","url":"https:\/\/www.welovecycling.com\/es\/2023\/05\/18\/cuidan-ciclistas-eolo-kometa\/","name":"\u00bfC\u00f3mo cuidan a los ciclistas del Eolo Kometa en el Giro?","isPartOf":{"@id":"https:\/\/www.welovecycling.com\/es\/#website"},"primaryImageOfPage":{"@id":"https:\/\/www.welovecycling.com\/es\/2023\/05\/18\/cuidan-ciclistas-eolo-kometa\/#primaryimage"},"image":{"@id":"https:\/\/www.welovecycling.com\/es\/2023\/05\/18\/cuidan-ciclistas-eolo-kometa\/#primaryimage"},"thumbnailUrl":"https:\/\/d2p6e6u75xmxt8.cloudfront.net\/6\/2023\/05\/Eolo-Kometa-Cycling-Team-CVR.webp","datePublished":"2023-05-18T16:57:50+00:00","author":{"@id":"https:\/\/www.welovecycling.com\/es\/#\/schema\/person\/deb61715b5812698ee79fb96f343ccd4"},"description":"\u00bfC\u00f3mo cuidan a los ciclistas del Eolo Kometa en el Giro? La logistica, mec\u00e1nica y masajes durante un carrera de tres semanas.","breadcrumb":{"@id":"https:\/\/www.welovecycling.com\/es\/2023\/05\/18\/cuidan-ciclistas-eolo-kometa\/#breadcrumb"},"inLanguage":"es-ES","potentialAction":[{"@type":"ReadAction","target":["https:\/\/www.welovecycling.com\/es\/2023\/05\/18\/cuidan-ciclistas-eolo-kometa\/"]}]},{"@type":"ImageObject","inLanguage":"es-ES","@id":"https:\/\/www.welovecycling.com\/es\/2023\/05\/18\/cuidan-ciclistas-eolo-kometa\/#primaryimage","url":"https:\/\/d2p6e6u75xmxt8.cloudfront.net\/6\/2023\/05\/Eolo-Kometa-Cycling-Team-CVR.webp","contentUrl":"https:\/\/d2p6e6u75xmxt8.cloudfront.net\/6\/2023\/05\/Eolo-Kometa-Cycling-Team-CVR.webp","width":990,"height":660,"caption":"Team EOLO KOMETA"},{"@type":"BreadcrumbList","@id":"https:\/\/www.welovecycling.com\/es\/2023\/05\/18\/cuidan-ciclistas-eolo-kometa\/#breadcrumb","itemListElement":[{"@type":"ListItem","position":1,"name":"Home","item":"https:\/\/www.welovecycling.com\/es\/"},{"@type":"ListItem","position":2,"name":"\u00bfC\u00f3mo cuidan a los ciclistas del Eolo Kometa en el Giro?"}]},{"@type":"WebSite","@id":"https:\/\/www.welovecycling.com\/es\/#website","url":"https:\/\/www.welovecycling.com\/es\/","name":"\u0160koda We Love Cycling - Spain","description":"\u0160koda WeLoveCycling Spain","potentialAction":[{"@type":"SearchAction","target":{"@type":"EntryPoint","urlTemplate":"https:\/\/www.welovecycling.com\/es\/?s={search_term_string}"},"query-input":{"@type":"PropertyValueSpecification","valueRequired":true,"valueName":"search_term_string"}}],"inLanguage":"es-ES"},{"@type":"Person","@id":"https:\/\/www.welovecycling.com\/es\/#\/schema\/person\/deb61715b5812698ee79fb96f343ccd4","name":"We Love Cycling Spain","image":{"@type":"ImageObject","inLanguage":"es-ES","@id":"https:\/\/www.welovecycling.com\/es\/#\/schema\/person\/image\/","url":"https:\/\/secure.gravatar.com\/avatar\/c824b04e6df0e37a03219d0b6481672889df542894588964102459e46513159c?s=96&d=mm&r=g","contentUrl":"https:\/\/secure.gravatar.com\/avatar\/c824b04e6df0e37a03219d0b6481672889df542894588964102459e46513159c?s=96&d=mm&r=g","caption":"We Love Cycling Spain"},"url":"https:\/\/www.welovecycling.com\/es\/author\/amunoz\/"}]}},"_links":{"self":[{"href":"https:\/\/www.welovecycling.com\/es\/wp-json\/wp\/v2\/posts\/9949","targetHints":{"allow":["GET"]}}],"collection":[{"href":"https:\/\/www.welovecycling.com\/es\/wp-json\/wp\/v2\/posts"}],"about":[{"href":"https:\/\/www.welovecycling.com\/es\/wp-json\/wp\/v2\/types\/post"}],"author":[{"embeddable":true,"href":"https:\/\/www.welovecycling.com\/es\/wp-json\/wp\/v2\/users\/29"}],"replies":[{"embeddable":true,"href":"https:\/\/www.welovecycling.com\/es\/wp-json\/wp\/v2\/comments?post=9949"}],"version-history":[{"count":2,"href":"https:\/\/www.welovecycling.com\/es\/wp-json\/wp\/v2\/posts\/9949\/revisions"}],"predecessor-version":[{"id":9955,"href":"https:\/\/www.welovecycling.com\/es\/wp-json\/wp\/v2\/posts\/9949\/revisions\/9955"}],"wp:featuredmedia":[{"embeddable":true,"href":"https:\/\/www.welovecycling.com\/es\/wp-json\/wp\/v2\/media\/9953"}],"wp:attachment":[{"href":"https:\/\/www.welovecycling.com\/es\/wp-json\/wp\/v2\/media?parent=9949"}],"wp:term":[{"taxonomy":"category","embeddable":true,"href":"https:\/\/www.welovecycling.com\/es\/wp-json\/wp\/v2\/categories?post=9949"},{"taxonomy":"post_tag","embeddable":true,"href":"https:\/\/www.welovecycling.com\/es\/wp-json\/wp\/v2\/tags?post=9949"},{"taxonomy":"global-categories","embeddable":true,"href":"https:\/\/www.welovecycling.com\/es\/wp-json\/wp\/v2\/global-categories?post=9949"}],"curies":[{"name":"wp","href":"https:\/\/api.w.org\/{rel}","templated":true}]}}