{"id":9938,"date":"2023-05-14T22:35:00","date_gmt":"2023-05-14T20:35:00","guid":{"rendered":"https:\/\/www.welovecycling.com\/es\/?p=9938"},"modified":"2023-05-11T22:48:30","modified_gmt":"2023-05-11T20:48:30","slug":"giro-italia_1909","status":"publish","type":"post","link":"https:\/\/www.welovecycling.com\/es\/2023\/05\/14\/giro-italia_1909\/","title":{"rendered":"El Giro de Italia de1909: As\u00ed naci\u00f3 la corsa rosa"},"content":{"rendered":"<p style=\"font-weight: 400;\"><strong>El Giro de Italia de 1909 fue la primera edici\u00f3n y desde entonces ha cautivado a los aficionados y desafiado a los ciclistas. Organizado por el peri\u00f3dico deportivo italiano La Gazzetta dello Sport, la primera edici\u00f3n de la carrera fue una agotadora competici\u00f3n de ocho etapas que recorri\u00f3 2.447 kil\u00f3metros. El evento se convertir\u00eda en parte integrante de la historia del ciclismo, con el ciclista italiano Luigi Ganna ganando el t\u00edtulo de primer campe\u00f3n del Giro.<\/strong><br \/>\n<!--more--><\/p>\n<h2 style=\"font-weight: 400;\"><strong>Los or\u00edgenes del Giro de Italia<\/strong><\/h2>\n<p style=\"font-weight: 400;\">El editor de La Gazzetta dello Sport, Armando Cougnet, y su colega Tullo Morgagni, se &#8220;inspiraron&#8221; en el \u00e9xito del Tour de Francia, que comenz\u00f3 en 1903. Intentaron crear un evento similar para impulsar las ventas de peri\u00f3dicos y promover el ciclismo en Italia. Y as\u00ed organizaron el primer Giro de Italia, que tuvo <a href=\"https:\/\/books.google.cz\/books\/about\/Pedalare_Pedalare.html?id=eGBRfzR_onUC&amp;redir_esc=y\">lugar entre el 13 y el 30 de mayo de 1909<\/a>.<\/p>\n<h2 style=\"font-weight: 400;\"><strong>La ruta<\/strong><\/h2>\n<p style=\"font-weight: 400;\">El Giro de Italia de 1909 constaba de ocho etapas, cada una de ellas con largas y arduas distancias que pon\u00edan a prueba los l\u00edmites de la resistencia de los ciclistas. Comenzaba en Mil\u00e1n y llevaba a los ciclistas por ciudades como Bolonia, Chieti, N\u00e1poles, Roma, Florencia y G\u00e9nova antes de regresar a Mil\u00e1n para el gran final. La carrera cubri\u00f3 una distancia total de 2.447 kil\u00f3metros, y los ciclistas se enfrentaron a numerosos retos, como carreteras sin asfaltar, inclemencias del tiempo y equipamiento rudimentario. La etapa m\u00e1s larga, un asombroso tramo de 397 kil\u00f3metros entre Lucca y Roma, fue especialmente exigente y llev\u00f3 a los ciclistas a sus l\u00edmites f\u00edsicos.<\/p>\n<figure id=\"attachment_9939\" aria-describedby=\"caption-attachment-9939\" style=\"width: 990px\" class=\"wp-caption alignnone\"><a href=\"https:\/\/d2p6e6u75xmxt8.cloudfront.net\/6\/2023\/05\/Luigi-Ganna-1909-Giro-profimedia-0293448661.webp\"><img loading=\"lazy\" decoding=\"async\" class=\"size-full wp-image-9939\" src=\"https:\/\/d2p6e6u75xmxt8.cloudfront.net\/6\/2023\/05\/Luigi-Ganna-1909-Giro-profimedia-0293448661.webp\" alt=\"Luigi Ganna\" width=\"990\" height=\"660\" srcset=\"https:\/\/d2p6e6u75xmxt8.cloudfront.net\/6\/2023\/05\/Luigi-Ganna-1909-Giro-profimedia-0293448661.webp 990w, https:\/\/d2p6e6u75xmxt8.cloudfront.net\/6\/2023\/05\/Luigi-Ganna-1909-Giro-profimedia-0293448661-300x200.webp 300w, https:\/\/d2p6e6u75xmxt8.cloudfront.net\/6\/2023\/05\/Luigi-Ganna-1909-Giro-profimedia-0293448661-768x512.webp 768w, https:\/\/d2p6e6u75xmxt8.cloudfront.net\/6\/2023\/05\/Luigi-Ganna-1909-Giro-profimedia-0293448661-400x267.webp 400w, https:\/\/d2p6e6u75xmxt8.cloudfront.net\/6\/2023\/05\/Luigi-Ganna-1909-Giro-profimedia-0293448661-272x182.webp 272w\" sizes=\"auto, (max-width: 990px) 100vw, 990px\" \/><\/a><figcaption id=\"caption-attachment-9939\" class=\"wp-caption-text\">Luigi Ganna (C), el primer ganador del Giro. \u00a9 Profimedia<\/figcaption><\/figure>\n<h2 style=\"font-weight: 400;\"><strong><br \/>\nLos h\u00e9roes<\/strong><\/h2>\n<p style=\"font-weight: 400;\">La edici\u00f3n inaugural del Giro de Italia reuni\u00f3 a 127 ciclistas, entre profesionales y aficionados. Los competidores se dividieron en dos categor\u00edas: &#8220;isolati&#8221; (corredores sin apoyo de equipo) y &#8220;coppie&#8221; (corredores con un compa\u00f1ero de equipo). La carrera cont\u00f3 con una mezcla de corredores italianos y algunos ciclistas extranjeros de pa\u00edses como Francia, Suiza y Alemania. Entre los participantes tambi\u00e9n se encontraban futuras leyendas del ciclismo como Carlo Galetti, que ganar\u00eda el Giro en 1910, 1911 y 1912, y Giovanni Gerbi, que tuvo una exitosa carrera de m\u00e1s de tres d\u00e9cadas.<\/p>\n<h2 style=\"font-weight: 400;\"><strong>La batalla por la victoria<\/strong><\/h2>\n<p style=\"font-weight: 400;\">El\u00a0 Giro de Italia de 1909 fue una competici\u00f3n feroz, con el liderato cambiando de manos en m\u00faltiples ocasiones a lo largo de la carrera. Los primeros favoritos, como Giovanni Rossignoli y Carlo Galetti, demostraron su destreza en las primeras etapas. Sin embargo, Luigi Ganna, alba\u00f1il de 26 a\u00f1os reconvertido en ciclista, se alz\u00f3 con la victoria tras una gran actuaci\u00f3n en las \u00faltimas etapas. Ganna se proclam\u00f3 primer campe\u00f3n del Giro de Italia al ganar tres etapas y terminar con un tiempo total de 94 horas, 33 minutos y 14 segundos. Su victoria le vali\u00f3 un premio en met\u00e1lico de 5.325 liras, <a href=\"https:\/\/www.amazon.com\/Story-Giro-dItalia-Year-Year\/dp\/0984311769\">una suma importante en aquella \u00e9poca<\/a>.<\/p>\n<h2 style=\"font-weight: 400;\"><strong>El impacto en la sociedad italiana<\/strong><\/h2>\n<p style=\"font-weight: 400;\">El Giro de Italia inaugural cautiv\u00f3 la imaginaci\u00f3n del <a href=\"https:\/\/www.welovecycling.com\/es\/2018\/06\/12\/giro-de-italia-distinto\/\">p\u00fablico italiano<\/a> y elev\u00f3 el deporte del ciclismo a nuevas cotas en el pa\u00eds. La carrera contribuy\u00f3 a fomentar un sentimiento de unidad nacional, ya que personas de diferentes regiones de Italia se reunieron para apoyar a sus ciclistas favoritos. A medida que crec\u00eda su popularidad, desempe\u00f1\u00f3 un papel crucial en el desarrollo de una s\u00f3lida cultura ciclista en Italia. El Giro tambi\u00e9n brind\u00f3 oportunidades a j\u00f3venes atletas italianos para seguir carreras ciclistas profesionales, contribuyendo a la fuerte presencia de la naci\u00f3n en este deporte en las d\u00e9cadas venideras.<\/p>\n<h2 style=\"font-weight: 400;\"><strong>Cobertura medi\u00e1tica<\/strong><\/h2>\n<p>La Gazzetta dello Sport desempe\u00f1\u00f3 un papel importante en el \u00e9xito de la edici\u00f3n inaugural del Giro de Italia, ya que su amplia cobertura contribuy\u00f3 a generar entusiasmo e inter\u00e9s por la carrera. El peri\u00f3dico proporcion\u00f3 actualizaciones diarias, an\u00e1lisis de la carrera e interesantes historias sobre los corredores, captando la atenci\u00f3n del p\u00fablico italiano. La cobertura fue m\u00e1s all\u00e1 de la prensa escrita, ya que la carrera tambi\u00e9n fue seguida por telegramas y actualizaciones telef\u00f3nicas, asegurando que la gente de todo el pa\u00eds pudiera mantenerse informada sobre la competici\u00f3n.<\/p>\n<p>La cobertura de La Gazzetta dello Sport no s\u00f3lo aument\u00f3 las ventas del peri\u00f3dico, sino que tambi\u00e9n ayud\u00f3 a establecer el Giro de Italia como un acontecimiento deportivo de primer orden en Italia. Con el tiempo, la carrera se convirti\u00f3 en una parte esencial de la identidad del peri\u00f3dico, y La Gazzetta dello Sport continu\u00f3 estrechamente asociada al Giro de Italia a lo largo de su historia.<\/p>\n<h2 style=\"font-weight: 400;\"><strong>El legado del Giro de Italia<\/strong><\/h2>\n<p>El Giro de Italia inaugural fue un \u00e9xito rotundo, que cautiv\u00f3 la imaginaci\u00f3n del p\u00fablico italiano y elev\u00f3 el deporte del ciclismo a nuevas cotas en el pa\u00eds. La carrera sent\u00f3 las bases de una historia rica que sigue cautivando a los aficionados e inspirando a los ciclistas m\u00e1s de un siglo despu\u00e9s. Mientras el Giro de Italia celebra sus numerosos hitos, el esp\u00edritu del Giro de Italia de 1909 sirve como recordatorio de la pasi\u00f3n, la determinaci\u00f3n y el dramatismo que han llegado a definir este acontecimiento emblem\u00e1tico.<\/p>\n<p>En los a\u00f1os siguientes, el Giro de Italia evolucion\u00f3 y gan\u00f3 en popularidad, atrayendo a m\u00e1s corredores internacionales y ampliando su alcance m\u00e1s all\u00e1 de Italia. El formato y las reglas de la carrera tambi\u00e9n han sufrido cambios, adapt\u00e1ndose a los tiempos y a la evoluci\u00f3n del panorama del ciclismo profesional. Sin embargo, la esencia del Giro sigue arraigada en su edici\u00f3n inaugural, testimonio del atractivo y la importancia perdurables de esta carrera hist\u00f3rica.<\/p>\n","protected":false},"excerpt":{"rendered":"<p>El Giro de Italia de 1909 fue la primera edici\u00f3n y desde entonces ha cautivado a los aficionados y desafiado [&hellip;]<\/p>\n","protected":false},"author":29,"featured_media":9941,"comment_status":"open","ping_status":"open","sticky":false,"template":"","format":"standard","meta":{"footnotes":""},"categories":[7],"tags":[2240],"global-categories":[],"class_list":["post-9938","post","type-post","status-publish","format-standard","has-post-thumbnail","hentry","category-carretera","tag-giro-de-italia"],"yoast_head":"<!-- This site is optimized with the Yoast SEO Premium plugin v25.3 (Yoast SEO v25.9) - https:\/\/yoast.com\/wordpress\/plugins\/seo\/ -->\n<title>El Giro de Italia de1909: As\u00ed naci\u00f3 la corsa rosa<\/title>\n<meta name=\"description\" content=\"El Giro de Italia de1909: As\u00ed naci\u00f3 la corsa rosa. \u00bfC\u00f3mo fue el primer Giro de Italia? Te lo contamos con detalles y an\u00e9cdotas.\" \/>\n<meta name=\"robots\" content=\"index, follow, max-snippet:-1, max-image-preview:large, max-video-preview:-1\" \/>\n<link rel=\"canonical\" href=\"https:\/\/www.welovecycling.com\/es\/2023\/05\/14\/giro-italia_1909\/\" \/>\n<meta property=\"og:locale\" content=\"es_ES\" \/>\n<meta property=\"og:type\" content=\"article\" \/>\n<meta property=\"og:title\" content=\"El Giro de Italia de1909: As\u00ed naci\u00f3 la corsa rosa\" \/>\n<meta property=\"og:description\" content=\"El Giro de Italia de1909: As\u00ed naci\u00f3 la corsa rosa. \u00bfC\u00f3mo fue el primer Giro de Italia? Te lo contamos con detalles y an\u00e9cdotas.\" \/>\n<meta property=\"og:url\" content=\"https:\/\/www.welovecycling.com\/es\/2023\/05\/14\/giro-italia_1909\/\" \/>\n<meta property=\"og:site_name\" content=\"\u0160koda We Love Cycling - Spain\" \/>\n<meta property=\"article:published_time\" content=\"2023-05-14T20:35:00+00:00\" \/>\n<meta property=\"og:image\" content=\"https:\/\/d2p6e6u75xmxt8.cloudfront.net\/6\/2023\/05\/1909-Giro-profimedia-0293448663-CVR.webp\" \/>\n\t<meta property=\"og:image:width\" content=\"990\" \/>\n\t<meta property=\"og:image:height\" content=\"660\" \/>\n\t<meta property=\"og:image:type\" content=\"image\/webp\" \/>\n<meta name=\"author\" content=\"We Love Cycling Spain\" \/>\n<meta name=\"twitter:card\" content=\"summary_large_image\" \/>\n<meta name=\"twitter:description\" content=\"El Giro de Italia de1909: As\u00ed naci\u00f3 la corsa rosa. \u00bfC\u00f3mo fue el primer Giro de Italia? Te lo contamos con detalles y an\u00e9cdotas.\" \/>\n<meta name=\"twitter:label1\" content=\"Written by\" \/>\n\t<meta name=\"twitter:data1\" content=\"We Love Cycling\" \/>\n\t<meta name=\"twitter:label2\" content=\"Est. reading time\" \/>\n\t<meta name=\"twitter:data2\" content=\"4\" \/>\n<script type=\"application\/ld+json\" class=\"yoast-schema-graph\">{\"@context\":\"https:\/\/schema.org\",\"@graph\":[{\"@type\":\"WebPage\",\"@id\":\"https:\/\/www.welovecycling.com\/es\/2023\/05\/14\/giro-italia_1909\/\",\"url\":\"https:\/\/www.welovecycling.com\/es\/2023\/05\/14\/giro-italia_1909\/\",\"name\":\"El Giro de Italia de1909: As\u00ed naci\u00f3 la corsa rosa\",\"isPartOf\":{\"@id\":\"https:\/\/www.welovecycling.com\/es\/#website\"},\"primaryImageOfPage\":{\"@id\":\"https:\/\/www.welovecycling.com\/es\/2023\/05\/14\/giro-italia_1909\/#primaryimage\"},\"image\":{\"@id\":\"https:\/\/www.welovecycling.com\/es\/2023\/05\/14\/giro-italia_1909\/#primaryimage\"},\"thumbnailUrl\":\"https:\/\/d2p6e6u75xmxt8.cloudfront.net\/6\/2023\/05\/1909-Giro-profimedia-0293448663-CVR.webp\",\"datePublished\":\"2023-05-14T20:35:00+00:00\",\"author\":{\"@id\":\"https:\/\/www.welovecycling.com\/es\/#\/schema\/person\/deb61715b5812698ee79fb96f343ccd4\"},\"description\":\"El Giro de Italia de1909: As\u00ed naci\u00f3 la corsa rosa. \u00bfC\u00f3mo fue el primer Giro de Italia? Te lo contamos con detalles y an\u00e9cdotas.\",\"breadcrumb\":{\"@id\":\"https:\/\/www.welovecycling.com\/es\/2023\/05\/14\/giro-italia_1909\/#breadcrumb\"},\"inLanguage\":\"es-ES\",\"potentialAction\":[{\"@type\":\"ReadAction\",\"target\":[\"https:\/\/www.welovecycling.com\/es\/2023\/05\/14\/giro-italia_1909\/\"]}]},{\"@type\":\"ImageObject\",\"inLanguage\":\"es-ES\",\"@id\":\"https:\/\/www.welovecycling.com\/es\/2023\/05\/14\/giro-italia_1909\/#primaryimage\",\"url\":\"https:\/\/d2p6e6u75xmxt8.cloudfront.net\/6\/2023\/05\/1909-Giro-profimedia-0293448663-CVR.webp\",\"contentUrl\":\"https:\/\/d2p6e6u75xmxt8.cloudfront.net\/6\/2023\/05\/1909-Giro-profimedia-0293448663-CVR.webp\",\"width\":990,\"height\":660,\"caption\":\"1909 Giro\"},{\"@type\":\"BreadcrumbList\",\"@id\":\"https:\/\/www.welovecycling.com\/es\/2023\/05\/14\/giro-italia_1909\/#breadcrumb\",\"itemListElement\":[{\"@type\":\"ListItem\",\"position\":1,\"name\":\"Home\",\"item\":\"https:\/\/www.welovecycling.com\/es\/\"},{\"@type\":\"ListItem\",\"position\":2,\"name\":\"El Giro de Italia de1909: As\u00ed naci\u00f3 la corsa rosa\"}]},{\"@type\":\"WebSite\",\"@id\":\"https:\/\/www.welovecycling.com\/es\/#website\",\"url\":\"https:\/\/www.welovecycling.com\/es\/\",\"name\":\"\u0160koda We Love Cycling - Spain\",\"description\":\"\u0160koda WeLoveCycling Spain\",\"potentialAction\":[{\"@type\":\"SearchAction\",\"target\":{\"@type\":\"EntryPoint\",\"urlTemplate\":\"https:\/\/www.welovecycling.com\/es\/?s={search_term_string}\"},\"query-input\":{\"@type\":\"PropertyValueSpecification\",\"valueRequired\":true,\"valueName\":\"search_term_string\"}}],\"inLanguage\":\"es-ES\"},{\"@type\":\"Person\",\"@id\":\"https:\/\/www.welovecycling.com\/es\/#\/schema\/person\/deb61715b5812698ee79fb96f343ccd4\",\"name\":\"We Love Cycling Spain\",\"image\":{\"@type\":\"ImageObject\",\"inLanguage\":\"es-ES\",\"@id\":\"https:\/\/www.welovecycling.com\/es\/#\/schema\/person\/image\/\",\"url\":\"https:\/\/secure.gravatar.com\/avatar\/c824b04e6df0e37a03219d0b6481672889df542894588964102459e46513159c?s=96&d=mm&r=g\",\"contentUrl\":\"https:\/\/secure.gravatar.com\/avatar\/c824b04e6df0e37a03219d0b6481672889df542894588964102459e46513159c?s=96&d=mm&r=g\",\"caption\":\"We Love Cycling Spain\"},\"url\":\"https:\/\/www.welovecycling.com\/es\/author\/amunoz\/\"}]}<\/script>\n<!-- \/ Yoast SEO Premium plugin. -->","yoast_head_json":{"title":"El Giro de Italia de1909: As\u00ed naci\u00f3 la corsa rosa","description":"El Giro de Italia de1909: As\u00ed naci\u00f3 la corsa rosa. \u00bfC\u00f3mo fue el primer Giro de Italia? Te lo contamos con detalles y an\u00e9cdotas.","robots":{"index":"index","follow":"follow","max-snippet":"max-snippet:-1","max-image-preview":"max-image-preview:large","max-video-preview":"max-video-preview:-1"},"canonical":"https:\/\/www.welovecycling.com\/es\/2023\/05\/14\/giro-italia_1909\/","og_locale":"es_ES","og_type":"article","og_title":"El Giro de Italia de1909: As\u00ed naci\u00f3 la corsa rosa","og_description":"El Giro de Italia de1909: As\u00ed naci\u00f3 la corsa rosa. \u00bfC\u00f3mo fue el primer Giro de Italia? Te lo contamos con detalles y an\u00e9cdotas.","og_url":"https:\/\/www.welovecycling.com\/es\/2023\/05\/14\/giro-italia_1909\/","og_site_name":"\u0160koda We Love Cycling - Spain","article_published_time":"2023-05-14T20:35:00+00:00","og_image":[{"width":990,"height":660,"url":"https:\/\/d2p6e6u75xmxt8.cloudfront.net\/6\/2023\/05\/1909-Giro-profimedia-0293448663-CVR.webp","type":"image\/webp"}],"author":"We Love Cycling Spain","twitter_card":"summary_large_image","twitter_description":"El Giro de Italia de1909: As\u00ed naci\u00f3 la corsa rosa. \u00bfC\u00f3mo fue el primer Giro de Italia? Te lo contamos con detalles y an\u00e9cdotas.","twitter_misc":{"Written by":"We Love Cycling","Est. reading time":"4"},"schema":{"@context":"https:\/\/schema.org","@graph":[{"@type":"WebPage","@id":"https:\/\/www.welovecycling.com\/es\/2023\/05\/14\/giro-italia_1909\/","url":"https:\/\/www.welovecycling.com\/es\/2023\/05\/14\/giro-italia_1909\/","name":"El Giro de Italia de1909: As\u00ed naci\u00f3 la corsa rosa","isPartOf":{"@id":"https:\/\/www.welovecycling.com\/es\/#website"},"primaryImageOfPage":{"@id":"https:\/\/www.welovecycling.com\/es\/2023\/05\/14\/giro-italia_1909\/#primaryimage"},"image":{"@id":"https:\/\/www.welovecycling.com\/es\/2023\/05\/14\/giro-italia_1909\/#primaryimage"},"thumbnailUrl":"https:\/\/d2p6e6u75xmxt8.cloudfront.net\/6\/2023\/05\/1909-Giro-profimedia-0293448663-CVR.webp","datePublished":"2023-05-14T20:35:00+00:00","author":{"@id":"https:\/\/www.welovecycling.com\/es\/#\/schema\/person\/deb61715b5812698ee79fb96f343ccd4"},"description":"El Giro de Italia de1909: As\u00ed naci\u00f3 la corsa rosa. \u00bfC\u00f3mo fue el primer Giro de Italia? Te lo contamos con detalles y an\u00e9cdotas.","breadcrumb":{"@id":"https:\/\/www.welovecycling.com\/es\/2023\/05\/14\/giro-italia_1909\/#breadcrumb"},"inLanguage":"es-ES","potentialAction":[{"@type":"ReadAction","target":["https:\/\/www.welovecycling.com\/es\/2023\/05\/14\/giro-italia_1909\/"]}]},{"@type":"ImageObject","inLanguage":"es-ES","@id":"https:\/\/www.welovecycling.com\/es\/2023\/05\/14\/giro-italia_1909\/#primaryimage","url":"https:\/\/d2p6e6u75xmxt8.cloudfront.net\/6\/2023\/05\/1909-Giro-profimedia-0293448663-CVR.webp","contentUrl":"https:\/\/d2p6e6u75xmxt8.cloudfront.net\/6\/2023\/05\/1909-Giro-profimedia-0293448663-CVR.webp","width":990,"height":660,"caption":"1909 Giro"},{"@type":"BreadcrumbList","@id":"https:\/\/www.welovecycling.com\/es\/2023\/05\/14\/giro-italia_1909\/#breadcrumb","itemListElement":[{"@type":"ListItem","position":1,"name":"Home","item":"https:\/\/www.welovecycling.com\/es\/"},{"@type":"ListItem","position":2,"name":"El Giro de Italia de1909: As\u00ed naci\u00f3 la corsa rosa"}]},{"@type":"WebSite","@id":"https:\/\/www.welovecycling.com\/es\/#website","url":"https:\/\/www.welovecycling.com\/es\/","name":"\u0160koda We Love Cycling - Spain","description":"\u0160koda WeLoveCycling Spain","potentialAction":[{"@type":"SearchAction","target":{"@type":"EntryPoint","urlTemplate":"https:\/\/www.welovecycling.com\/es\/?s={search_term_string}"},"query-input":{"@type":"PropertyValueSpecification","valueRequired":true,"valueName":"search_term_string"}}],"inLanguage":"es-ES"},{"@type":"Person","@id":"https:\/\/www.welovecycling.com\/es\/#\/schema\/person\/deb61715b5812698ee79fb96f343ccd4","name":"We Love Cycling Spain","image":{"@type":"ImageObject","inLanguage":"es-ES","@id":"https:\/\/www.welovecycling.com\/es\/#\/schema\/person\/image\/","url":"https:\/\/secure.gravatar.com\/avatar\/c824b04e6df0e37a03219d0b6481672889df542894588964102459e46513159c?s=96&d=mm&r=g","contentUrl":"https:\/\/secure.gravatar.com\/avatar\/c824b04e6df0e37a03219d0b6481672889df542894588964102459e46513159c?s=96&d=mm&r=g","caption":"We Love Cycling Spain"},"url":"https:\/\/www.welovecycling.com\/es\/author\/amunoz\/"}]}},"_links":{"self":[{"href":"https:\/\/www.welovecycling.com\/es\/wp-json\/wp\/v2\/posts\/9938","targetHints":{"allow":["GET"]}}],"collection":[{"href":"https:\/\/www.welovecycling.com\/es\/wp-json\/wp\/v2\/posts"}],"about":[{"href":"https:\/\/www.welovecycling.com\/es\/wp-json\/wp\/v2\/types\/post"}],"author":[{"embeddable":true,"href":"https:\/\/www.welovecycling.com\/es\/wp-json\/wp\/v2\/users\/29"}],"replies":[{"embeddable":true,"href":"https:\/\/www.welovecycling.com\/es\/wp-json\/wp\/v2\/comments?post=9938"}],"version-history":[{"count":2,"href":"https:\/\/www.welovecycling.com\/es\/wp-json\/wp\/v2\/posts\/9938\/revisions"}],"predecessor-version":[{"id":9942,"href":"https:\/\/www.welovecycling.com\/es\/wp-json\/wp\/v2\/posts\/9938\/revisions\/9942"}],"wp:featuredmedia":[{"embeddable":true,"href":"https:\/\/www.welovecycling.com\/es\/wp-json\/wp\/v2\/media\/9941"}],"wp:attachment":[{"href":"https:\/\/www.welovecycling.com\/es\/wp-json\/wp\/v2\/media?parent=9938"}],"wp:term":[{"taxonomy":"category","embeddable":true,"href":"https:\/\/www.welovecycling.com\/es\/wp-json\/wp\/v2\/categories?post=9938"},{"taxonomy":"post_tag","embeddable":true,"href":"https:\/\/www.welovecycling.com\/es\/wp-json\/wp\/v2\/tags?post=9938"},{"taxonomy":"global-categories","embeddable":true,"href":"https:\/\/www.welovecycling.com\/es\/wp-json\/wp\/v2\/global-categories?post=9938"}],"curies":[{"name":"wp","href":"https:\/\/api.w.org\/{rel}","templated":true}]}}