{"id":9928,"date":"2023-05-08T20:03:45","date_gmt":"2023-05-08T18:03:45","guid":{"rendered":"https:\/\/www.welovecycling.com\/es\/?p=9928"},"modified":"2023-05-08T20:03:45","modified_gmt":"2023-05-08T18:03:45","slug":"una-vuelta-femenina","status":"publish","type":"post","link":"https:\/\/www.welovecycling.com\/es\/2023\/05\/08\/una-vuelta-femenina\/","title":{"rendered":"Una Vuelta femenina en 9 segundos"},"content":{"rendered":"<p style=\"font-weight: 400;\"><strong>Emoci\u00f3n, incertidumbre, pol\u00e9mica, abanicos, puertos, calor, viento, niebla&#8230; Solo falt\u00f3 la lluvia para que la primera edici\u00f3n de La Vuelta Femenina tuviese todos los ingredientes necesarios para que un aficionado no se levante del sof\u00e1 durante cada una de las siete etapas de la carrera.\u00a0<\/strong><\/p>\n<p><!--more--><\/p>\n<p>Y es que a un kil\u00f3metro del final en <a href=\"https:\/\/www.welovecycling.com\/es\/2023\/02\/28\/la-vuelta-femenina-busca-su-leyenda-y-mira-a-lagos-de-covadonga\/\">Lagos de Covadonga<\/a> nadie sab\u00eda quien iba a ser la vencedora de la Vuelta Femenina 2023. <a href=\"https:\/\/www.instagram.com\/demivollering\/\">Vollering,<\/a> al dominadora de esta temporada, marchaba, acompa\u00f1ada de <a href=\"https:\/\/www.instagram.com\/gaia_realini\/\">Realini<\/a>, con 50 segundos de ventaja sobre <a href=\"https:\/\/www.instagram.com\/annemiekvanvleuten\/\">Van Vleuten<\/a>, la defensora del t\u00edtulo. La corredora del SD Worx necesitaba sacar un minuto y seis segundos a su rival para llevarse la Vuelta (el 1:11 que tenia perdido m\u00e1s el descuento de la bonificaci\u00f3n si ganaba la etapa a Realini).<\/p>\n<p>Quedaba la r\u00e1pida bajada por el Lago de Enol y el repecho final de 250 metros al 12%. El que ofrece una de las mejores vistas del interior de la monta\u00f1a asturiana, siempre que no hay niebla, claro, y para rendir culto a la historia de Lagos de Covadonga, la hab\u00eda. <strong>Vollering solt\u00f3 en la bajada a Realini, cuatro segundos en el bolsillo de la bonificaci\u00f3n<\/strong>. Y esprint\u00f3 con las manos agarradas en la parte superior de las manetas. Elegante, porque ella casi nunca se descompone encima de la bici. <strong>Hab\u00eda ascendido Lagos a golpe de ri\u00f1\u00f3n<\/strong>. Sin levantarse. Como hizo en las rampas del 18% del muro de Huy para ganar Flecha Valona. Apareci\u00f3 entre la niebla y esper\u00f3 a cruzar la l\u00ednea de meta para levantar un solo brazo. No hab\u00eda fuerzas para m\u00e1s. Victoria de etapa y a esperar.<\/p>\n<p><img loading=\"lazy\" decoding=\"async\" class=\"alignnone size-extra-large\" src=\"https:\/\/img.aso.fr\/core_app\/img-cycling-lvf-jpg\/cl-vueltafem-et7-best-9\/3507\/0:0,1000:666-1000-0-70\/f1776\" width=\"1000\" height=\"666\" \/><\/p>\n<p><strong>Al instante cruz\u00f3 Realini, la diminuta y joven escaladora del Trek<\/strong> que se ha destapado en esta Vuelta como una versi\u00f3n 2.0 del mejor Marco Pantani. Tensi\u00f3n, incertidumbre y aficionados mordi\u00e9ndose las u\u00f1as. Apareci\u00f3 el maillot rojo de<strong> Van Vleuten. Agarrada abajo. Balanceando la bici.<\/strong> Dejando cada gramo de fuerza en la pedalada, igual que hab\u00eda hecho desde que comenz\u00f3 la Huesera, cuando ya se la ve\u00eda sufrir a la estela de Vollering y Realini. Lo suyo era una lucha contra el dolor. Cruz\u00f3 la meta. Vollering hizo el gesto de desilusi\u00f3n. Solo nueve segundos. Van Vleuten se tir\u00f3 al suelo, casi encima de Realini. Tierra y piedras. La mejor cama para una ciclista que acaba de vivir el momento m\u00e1s duro de su carrera deportiva.<\/p>\n<h2><strong>La pol\u00e9mica<\/strong><\/h2>\n<p>Nueve segundos valen una Vuelta a Espa\u00f1a. Pero la historia no acaba aqu\u00ed. Sino que empieza en la etapa anterior, entre Castro Urdiales y Laredo. <strong>Cuando el rojo era de Demi Voller<\/strong>ing. Lo hab\u00eda conseguido el viernes en la subida al Mirador de Riaza. Mismo estilo. Sentada y con Van Vleuten sufriendo a su rueda hasta descolgarse. Solo cinco segundos de margen. Muy poco. Pero suficiente si eres la mejor corredora del momento y militas en el equipo m\u00e1s potente.<\/p>\n<p>El ciclismo tiene acuerdos t\u00e1citos. <strong>Cuando se hace la fuga y el l\u00edder para al ba\u00f1o, todos paran. Sobre todo si es en los primeros 30\/40 kil\u00f3metros de etapa.<\/strong> El maillot rojo va delante, avisa y par\u00f3n generalizado. Vollering se detuvo al pasar Laredo, en el kil\u00f3metro 30, antes de un tramo llano. Justo cuando el Movistar ten\u00eda previsto montar la batalla porque iba a soplar viento. Van Vleuten dice que no vio a su rival parada. Vollering que eso nunca deberia haber pasado.<\/p>\n<blockquote class=\"instagram-media\" style=\"background: #FFF; border: 0; border-radius: 3px; box-shadow: 0 0 1px 0 rgba(0,0,0,0.5),0 1px 10px 0 rgba(0,0,0,0.15); margin: 1px; max-width: 540px; min-width: 326px; padding: 0; width: calc(100% - 2px);\" data-instgrm-captioned=\"\" data-instgrm-permalink=\"https:\/\/www.instagram.com\/p\/Cr6g2hHMf8B\/?utm_source=ig_embed&amp;utm_campaign=loading\" data-instgrm-version=\"14\">\n<div style=\"padding: 16px;\">\n<p>&nbsp;<\/p>\n<div style=\"display: flex; flex-direction: row; align-items: center;\">\n<div style=\"background-color: #f4f4f4; border-radius: 50%; flex-grow: 0; height: 40px; margin-right: 14px; width: 40px;\"><\/div>\n<div style=\"display: flex; flex-direction: column; flex-grow: 1; justify-content: center;\">\n<div style=\"background-color: #f4f4f4; border-radius: 4px; flex-grow: 0; height: 14px; margin-bottom: 6px; width: 100px;\"><\/div>\n<div style=\"background-color: #f4f4f4; border-radius: 4px; flex-grow: 0; height: 14px; width: 60px;\"><\/div>\n<\/div>\n<\/div>\n<div style=\"padding: 19% 0;\"><\/div>\n<div style=\"display: block; height: 50px; margin: 0 auto 12px; width: 50px;\"><\/div>\n<div style=\"padding-top: 8px;\">\n<div style=\"color: #3897f0; font-family: Arial,sans-serif; font-size: 14px; font-style: normal; font-weight: 550; line-height: 18px;\">Ver esta publicaci\u00f3n en Instagram<\/div>\n<\/div>\n<div style=\"padding: 12.5% 0;\"><\/div>\n<div style=\"display: flex; flex-direction: row; margin-bottom: 14px; align-items: center;\">\n<div>\n<div style=\"background-color: #f4f4f4; border-radius: 50%; height: 12.5px; width: 12.5px; transform: translateX(0px) translateY(7px);\"><\/div>\n<div style=\"background-color: #f4f4f4; height: 12.5px; transform: rotate(-45deg) translateX(3px) translateY(1px); width: 12.5px; flex-grow: 0; margin-right: 14px; margin-left: 2px;\"><\/div>\n<div style=\"background-color: #f4f4f4; border-radius: 50%; height: 12.5px; width: 12.5px; transform: translateX(9px) translateY(-18px);\"><\/div>\n<\/div>\n<div style=\"margin-left: 8px;\">\n<div style=\"background-color: #f4f4f4; border-radius: 50%; flex-grow: 0; height: 20px; width: 20px;\"><\/div>\n<div style=\"width: 0; height: 0; border-top: 2px solid transparent; border-left: 6px solid #f4f4f4; border-bottom: 2px solid transparent; transform: translateX(16px) translateY(-4px) rotate(30deg);\"><\/div>\n<\/div>\n<div style=\"margin-left: auto;\">\n<div style=\"width: 0px; border-top: 8px solid #F4F4F4; border-right: 8px solid transparent; transform: translateY(16px);\"><\/div>\n<div style=\"background-color: #f4f4f4; flex-grow: 0; height: 12px; width: 16px; transform: translateY(-4px);\"><\/div>\n<div style=\"width: 0; height: 0; border-top: 8px solid #F4F4F4; border-left: 8px solid transparent; transform: translateY(-4px) translateX(8px);\"><\/div>\n<\/div>\n<\/div>\n<div style=\"display: flex; flex-direction: column; flex-grow: 1; justify-content: center; margin-bottom: 24px;\">\n<div style=\"background-color: #f4f4f4; border-radius: 4px; flex-grow: 0; height: 14px; margin-bottom: 6px; width: 224px;\"><\/div>\n<div style=\"background-color: #f4f4f4; border-radius: 4px; flex-grow: 0; height: 14px; width: 144px;\"><\/div>\n<\/div>\n<p>&nbsp;<\/p>\n<p style=\"color: #c9c8cd; font-family: Arial,sans-serif; font-size: 14px; line-height: 17px; margin-bottom: 0; margin-top: 8px; overflow: hidden; padding: 8px 0 7px; text-align: center; text-overflow: ellipsis; white-space: nowrap;\"><a style=\"color: #c9c8cd; font-family: Arial,sans-serif; font-size: 14px; font-style: normal; font-weight: normal; line-height: 17px; text-decoration: none;\" href=\"https:\/\/www.instagram.com\/p\/Cr6g2hHMf8B\/?utm_source=ig_embed&amp;utm_campaign=loading\" target=\"_blank\" rel=\"noopener\">Una publicaci\u00f3n compartida de Demi Vollering (@demivollering)<\/a><\/p>\n<\/div>\n<\/blockquote>\n<p><script async src=\"\/\/www.instagram.com\/embed.js\"><\/script><br \/>\nEl caso es que fue la \u00fanica vez en que <strong>Van Vleuten consigui\u00f3 separarse de Vollering<\/strong> en lo que llevamos de 2023. Su ataque ( y el de todo Movistar) pill\u00f3 al SD Worx en el ba\u00f1o. Cuando quisieron reponerse la ventaja se hab\u00eda marchado a m\u00e1s de dos minutos. Por delante quedaban setenta kil\u00f3metros y dos puertos, Fuente de las Varas y Campo el Hayal, para perseguir. Nunca llegaron a cogerla. En meta Van Vleuten sumo 1:04 de ventaja y 12 segundos de bonificaci\u00f3n, que al final han sido clave para resolver La Vuelta y dejar una pelea abierta que se extender\u00e1 al Giro Donne de junio y al Tour en julio.<\/p>\n<h2><strong>Los abanicos<\/strong><\/h2>\n<p>La tercera de las integrantes de la historia en Lagos de Covadonga era <strong>Gaia Realini.<\/strong> Poco m\u00e1s de 1,50, poco menos de 40 kilos. Con un pu\u00f1ado de vatios puede subir muy deprisa, sobre todo puertos largos. Sus oportunidades en el ciclismo femenino son escasas. Lagos era su d\u00eda en La Vuelta. Igual que Tourmalet lo ser\u00e1 en el Tour. O el Muro de Huy lo fue en Flecha Valona. Su problema es el llano, la velocidad y los abanicos. Igual que pasaba a los escaladores espa\u00f1oles y colombianos de los 80.<\/p>\n<p>Camino de L<strong>a Roda, en la planicie manchega, sopl\u00f3 viento favorable de costado<\/strong>. El perfecto para crear abanicos. Largas rectas y equipo como el Movistar con grandes rodadoras. Forzaron y a 70 de meta se rompi\u00f3 todo. Entr\u00f3 SD Worx, Jumbo y DSM, los dos \u00faltimos para intentar la victoria de etapa al sprint, y el Trek se qued\u00f3 cortado, con Realini sufriendo incluso para no perder rueda. Ese d\u00eda en la meta se dej\u00f3 2:40 sobre Van Vleuten. La clasificaci\u00f3n final en Lagos la aup\u00f3 a la tercera posici\u00f3n a 2:41 de la holandesa. Es ciclismo ficci\u00f3n, pero echen cuentas.<\/p>\n<p><img loading=\"lazy\" decoding=\"async\" class=\"alignnone size-extra-large\" src=\"https:\/\/img.aso.fr\/core_app\/img-cycling-lvf-jpg\/dsc-2557\/3167\/0:0,1000:666-1000-0-70\/8e441\" width=\"1000\" height=\"666\" \/><\/p>\n<p>Y en este retroceso hasta el inicio de La Vuelta en Torrevieja falta la gran protagonista de las primeras jornadas. <a href=\"https:\/\/www.welovecycling.com\/es\/2022\/08\/01\/tour-francia-femenino-2022\/\"><strong>Marianne Vos,<\/strong><\/a> reconvertida en velocista que pasa mejor que nadie los puertos cortos, se march\u00f3 con tres victorias de etapa. La primera junto a sus compa\u00f1eras del Jumbo en la crono por equipos, y los esprints de La Roda y Guadalajara, adem\u00e1s de vestir el maillot de l\u00edder en tres de las siete etapas. Mejor bot\u00edn imposible.<\/p>\n<p>En la pel\u00edcula de La Vuelta tambi\u00e9n aparece <strong>Mavi Garcia<\/strong>, que siempre intent\u00f3 estar delante. Y <strong>Anne Santesteban<\/strong>, que acumul\u00f3 pinchazos y aver\u00edas en los peores momentos. Y <strong>Alba Teruel<\/strong>, del Laboral Kutxa, que sum\u00f3 dos top ten en las dos primeras jornadas en l\u00ednea y se erigi\u00f3 como la representante de los equipos continentales modestos espa\u00f1oles, a los que esta Vuelta con televisi\u00f3n en directo es un bocanada de aire fresco a la hora de encontrar patrocinadores. Y <strong>Evita Muzic y Juliette Labous<\/strong>, dos corredoras que son el futuro de este deporte en vueltas de una semana. Y<strong> Kasia Niewiadoma que junto a su compa\u00f1era Dygert<\/strong> en el Canyon no se cansaron de atacar y de ayudar a su compa\u00f1era <strong>Ricarda Bauernfein<\/strong>d, que apareci\u00f3 en Riaza a la rueda de Van Vleuten y Vollering y termin\u00f3 quinta en la general y en el parcial de Lagos de Covadonga.<\/p>\n","protected":false},"excerpt":{"rendered":"<p>Emoci\u00f3n, incertidumbre, pol\u00e9mica, abanicos, puertos, calor, viento, niebla&#8230; Solo falt\u00f3 la lluvia para que la primera edici\u00f3n de La Vuelta [&hellip;]<\/p>\n","protected":false},"author":29,"featured_media":9931,"comment_status":"open","ping_status":"open","sticky":false,"template":"","format":"standard","meta":{"footnotes":""},"categories":[1],"tags":[],"global-categories":[1164],"class_list":["post-9928","post","type-post","status-publish","format-standard","has-post-thumbnail","hentry","category-uncategorized","global-categories-cycling"],"yoast_head":"<!-- This site is optimized with the Yoast SEO Premium plugin v25.3 (Yoast SEO v25.9) - https:\/\/yoast.com\/wordpress\/plugins\/seo\/ -->\n<title>Una Vuelta femenina en 9 segundos - \u0160koda We Love Cycling - Spain<\/title>\n<meta name=\"description\" content=\"Una Vuelta femenina en 9 segundos. La batalla entre Vollering, Van Vleuten y Realini en la primera Vuelta a Espa\u00f1a Femenina.\" \/>\n<meta name=\"robots\" content=\"index, follow, max-snippet:-1, max-image-preview:large, max-video-preview:-1\" \/>\n<link rel=\"canonical\" href=\"https:\/\/www.welovecycling.com\/es\/2023\/05\/08\/una-vuelta-femenina\/\" \/>\n<meta property=\"og:locale\" content=\"es_ES\" \/>\n<meta property=\"og:type\" content=\"article\" \/>\n<meta property=\"og:title\" content=\"Una Vuelta femenina en 9 segundos\" \/>\n<meta property=\"og:description\" content=\"Una Vuelta femenina en 9 segundos. La batalla entre Vollering, Van Vleuten y Realini en la primera Vuelta a Espa\u00f1a Femenina.\" \/>\n<meta property=\"og:url\" content=\"https:\/\/www.welovecycling.com\/es\/2023\/05\/08\/una-vuelta-femenina\/\" \/>\n<meta property=\"og:site_name\" content=\"\u0160koda We Love Cycling - Spain\" \/>\n<meta property=\"article:published_time\" content=\"2023-05-08T18:03:45+00:00\" \/>\n<meta property=\"og:image\" content=\"https:\/\/d2p6e6u75xmxt8.cloudfront.net\/6\/2023\/05\/VanVleuten_Lavuelta.webp\" \/>\n\t<meta property=\"og:image:width\" content=\"1000\" \/>\n\t<meta property=\"og:image:height\" content=\"666\" \/>\n\t<meta property=\"og:image:type\" content=\"image\/webp\" \/>\n<meta name=\"author\" content=\"We Love Cycling Spain\" \/>\n<meta name=\"twitter:card\" content=\"summary_large_image\" \/>\n<meta name=\"twitter:description\" content=\"Una Vuelta femenina en 9 segundos. La batalla entre Vollering, Van Vleuten y Realini en la primera Vuelta a Espa\u00f1a Femenina.\" \/>\n<meta name=\"twitter:label1\" content=\"Written by\" \/>\n\t<meta name=\"twitter:data1\" content=\"Luis Ortega @Ciclored\" \/>\n\t<meta name=\"twitter:label2\" content=\"Est. reading time\" \/>\n\t<meta name=\"twitter:data2\" content=\"6 minutes\" \/>\n<script type=\"application\/ld+json\" class=\"yoast-schema-graph\">{\"@context\":\"https:\/\/schema.org\",\"@graph\":[{\"@type\":\"WebPage\",\"@id\":\"https:\/\/www.welovecycling.com\/es\/2023\/05\/08\/una-vuelta-femenina\/\",\"url\":\"https:\/\/www.welovecycling.com\/es\/2023\/05\/08\/una-vuelta-femenina\/\",\"name\":\"Una Vuelta femenina en 9 segundos - \u0160koda We Love Cycling - Spain\",\"isPartOf\":{\"@id\":\"https:\/\/www.welovecycling.com\/es\/#website\"},\"primaryImageOfPage\":{\"@id\":\"https:\/\/www.welovecycling.com\/es\/2023\/05\/08\/una-vuelta-femenina\/#primaryimage\"},\"image\":{\"@id\":\"https:\/\/www.welovecycling.com\/es\/2023\/05\/08\/una-vuelta-femenina\/#primaryimage\"},\"thumbnailUrl\":\"https:\/\/d2p6e6u75xmxt8.cloudfront.net\/6\/2023\/05\/VanVleuten_Lavuelta.webp\",\"datePublished\":\"2023-05-08T18:03:45+00:00\",\"author\":{\"@id\":\"https:\/\/www.welovecycling.com\/es\/#\/schema\/person\/deb61715b5812698ee79fb96f343ccd4\"},\"description\":\"Una Vuelta femenina en 9 segundos. La batalla entre Vollering, Van Vleuten y Realini en la primera Vuelta a Espa\u00f1a Femenina.\",\"breadcrumb\":{\"@id\":\"https:\/\/www.welovecycling.com\/es\/2023\/05\/08\/una-vuelta-femenina\/#breadcrumb\"},\"inLanguage\":\"es-ES\",\"potentialAction\":[{\"@type\":\"ReadAction\",\"target\":[\"https:\/\/www.welovecycling.com\/es\/2023\/05\/08\/una-vuelta-femenina\/\"]}]},{\"@type\":\"ImageObject\",\"inLanguage\":\"es-ES\",\"@id\":\"https:\/\/www.welovecycling.com\/es\/2023\/05\/08\/una-vuelta-femenina\/#primaryimage\",\"url\":\"https:\/\/d2p6e6u75xmxt8.cloudfront.net\/6\/2023\/05\/VanVleuten_Lavuelta.webp\",\"contentUrl\":\"https:\/\/d2p6e6u75xmxt8.cloudfront.net\/6\/2023\/05\/VanVleuten_Lavuelta.webp\",\"width\":1000,\"height\":666},{\"@type\":\"BreadcrumbList\",\"@id\":\"https:\/\/www.welovecycling.com\/es\/2023\/05\/08\/una-vuelta-femenina\/#breadcrumb\",\"itemListElement\":[{\"@type\":\"ListItem\",\"position\":1,\"name\":\"Home\",\"item\":\"https:\/\/www.welovecycling.com\/es\/\"},{\"@type\":\"ListItem\",\"position\":2,\"name\":\"Una Vuelta femenina en 9 segundos\"}]},{\"@type\":\"WebSite\",\"@id\":\"https:\/\/www.welovecycling.com\/es\/#website\",\"url\":\"https:\/\/www.welovecycling.com\/es\/\",\"name\":\"\u0160koda We Love Cycling - Spain\",\"description\":\"\u0160koda WeLoveCycling Spain\",\"potentialAction\":[{\"@type\":\"SearchAction\",\"target\":{\"@type\":\"EntryPoint\",\"urlTemplate\":\"https:\/\/www.welovecycling.com\/es\/?s={search_term_string}\"},\"query-input\":{\"@type\":\"PropertyValueSpecification\",\"valueRequired\":true,\"valueName\":\"search_term_string\"}}],\"inLanguage\":\"es-ES\"},{\"@type\":\"Person\",\"@id\":\"https:\/\/www.welovecycling.com\/es\/#\/schema\/person\/deb61715b5812698ee79fb96f343ccd4\",\"name\":\"We Love Cycling Spain\",\"image\":{\"@type\":\"ImageObject\",\"inLanguage\":\"es-ES\",\"@id\":\"https:\/\/www.welovecycling.com\/es\/#\/schema\/person\/image\/\",\"url\":\"https:\/\/secure.gravatar.com\/avatar\/c824b04e6df0e37a03219d0b6481672889df542894588964102459e46513159c?s=96&d=mm&r=g\",\"contentUrl\":\"https:\/\/secure.gravatar.com\/avatar\/c824b04e6df0e37a03219d0b6481672889df542894588964102459e46513159c?s=96&d=mm&r=g\",\"caption\":\"We Love Cycling Spain\"},\"url\":\"https:\/\/www.welovecycling.com\/es\/author\/amunoz\/\"}]}<\/script>\n<!-- \/ Yoast SEO Premium plugin. -->","yoast_head_json":{"title":"Una Vuelta femenina en 9 segundos - \u0160koda We Love Cycling - Spain","description":"Una Vuelta femenina en 9 segundos. La batalla entre Vollering, Van Vleuten y Realini en la primera Vuelta a Espa\u00f1a Femenina.","robots":{"index":"index","follow":"follow","max-snippet":"max-snippet:-1","max-image-preview":"max-image-preview:large","max-video-preview":"max-video-preview:-1"},"canonical":"https:\/\/www.welovecycling.com\/es\/2023\/05\/08\/una-vuelta-femenina\/","og_locale":"es_ES","og_type":"article","og_title":"Una Vuelta femenina en 9 segundos","og_description":"Una Vuelta femenina en 9 segundos. La batalla entre Vollering, Van Vleuten y Realini en la primera Vuelta a Espa\u00f1a Femenina.","og_url":"https:\/\/www.welovecycling.com\/es\/2023\/05\/08\/una-vuelta-femenina\/","og_site_name":"\u0160koda We Love Cycling - Spain","article_published_time":"2023-05-08T18:03:45+00:00","og_image":[{"width":1000,"height":666,"url":"https:\/\/d2p6e6u75xmxt8.cloudfront.net\/6\/2023\/05\/VanVleuten_Lavuelta.webp","type":"image\/webp"}],"author":"We Love Cycling Spain","twitter_card":"summary_large_image","twitter_description":"Una Vuelta femenina en 9 segundos. La batalla entre Vollering, Van Vleuten y Realini en la primera Vuelta a Espa\u00f1a Femenina.","twitter_misc":{"Written by":"Luis Ortega @Ciclored","Est. reading time":"6 minutes"},"schema":{"@context":"https:\/\/schema.org","@graph":[{"@type":"WebPage","@id":"https:\/\/www.welovecycling.com\/es\/2023\/05\/08\/una-vuelta-femenina\/","url":"https:\/\/www.welovecycling.com\/es\/2023\/05\/08\/una-vuelta-femenina\/","name":"Una Vuelta femenina en 9 segundos - \u0160koda We Love Cycling - Spain","isPartOf":{"@id":"https:\/\/www.welovecycling.com\/es\/#website"},"primaryImageOfPage":{"@id":"https:\/\/www.welovecycling.com\/es\/2023\/05\/08\/una-vuelta-femenina\/#primaryimage"},"image":{"@id":"https:\/\/www.welovecycling.com\/es\/2023\/05\/08\/una-vuelta-femenina\/#primaryimage"},"thumbnailUrl":"https:\/\/d2p6e6u75xmxt8.cloudfront.net\/6\/2023\/05\/VanVleuten_Lavuelta.webp","datePublished":"2023-05-08T18:03:45+00:00","author":{"@id":"https:\/\/www.welovecycling.com\/es\/#\/schema\/person\/deb61715b5812698ee79fb96f343ccd4"},"description":"Una Vuelta femenina en 9 segundos. La batalla entre Vollering, Van Vleuten y Realini en la primera Vuelta a Espa\u00f1a Femenina.","breadcrumb":{"@id":"https:\/\/www.welovecycling.com\/es\/2023\/05\/08\/una-vuelta-femenina\/#breadcrumb"},"inLanguage":"es-ES","potentialAction":[{"@type":"ReadAction","target":["https:\/\/www.welovecycling.com\/es\/2023\/05\/08\/una-vuelta-femenina\/"]}]},{"@type":"ImageObject","inLanguage":"es-ES","@id":"https:\/\/www.welovecycling.com\/es\/2023\/05\/08\/una-vuelta-femenina\/#primaryimage","url":"https:\/\/d2p6e6u75xmxt8.cloudfront.net\/6\/2023\/05\/VanVleuten_Lavuelta.webp","contentUrl":"https:\/\/d2p6e6u75xmxt8.cloudfront.net\/6\/2023\/05\/VanVleuten_Lavuelta.webp","width":1000,"height":666},{"@type":"BreadcrumbList","@id":"https:\/\/www.welovecycling.com\/es\/2023\/05\/08\/una-vuelta-femenina\/#breadcrumb","itemListElement":[{"@type":"ListItem","position":1,"name":"Home","item":"https:\/\/www.welovecycling.com\/es\/"},{"@type":"ListItem","position":2,"name":"Una Vuelta femenina en 9 segundos"}]},{"@type":"WebSite","@id":"https:\/\/www.welovecycling.com\/es\/#website","url":"https:\/\/www.welovecycling.com\/es\/","name":"\u0160koda We Love Cycling - Spain","description":"\u0160koda WeLoveCycling Spain","potentialAction":[{"@type":"SearchAction","target":{"@type":"EntryPoint","urlTemplate":"https:\/\/www.welovecycling.com\/es\/?s={search_term_string}"},"query-input":{"@type":"PropertyValueSpecification","valueRequired":true,"valueName":"search_term_string"}}],"inLanguage":"es-ES"},{"@type":"Person","@id":"https:\/\/www.welovecycling.com\/es\/#\/schema\/person\/deb61715b5812698ee79fb96f343ccd4","name":"We Love Cycling Spain","image":{"@type":"ImageObject","inLanguage":"es-ES","@id":"https:\/\/www.welovecycling.com\/es\/#\/schema\/person\/image\/","url":"https:\/\/secure.gravatar.com\/avatar\/c824b04e6df0e37a03219d0b6481672889df542894588964102459e46513159c?s=96&d=mm&r=g","contentUrl":"https:\/\/secure.gravatar.com\/avatar\/c824b04e6df0e37a03219d0b6481672889df542894588964102459e46513159c?s=96&d=mm&r=g","caption":"We Love Cycling Spain"},"url":"https:\/\/www.welovecycling.com\/es\/author\/amunoz\/"}]}},"_links":{"self":[{"href":"https:\/\/www.welovecycling.com\/es\/wp-json\/wp\/v2\/posts\/9928","targetHints":{"allow":["GET"]}}],"collection":[{"href":"https:\/\/www.welovecycling.com\/es\/wp-json\/wp\/v2\/posts"}],"about":[{"href":"https:\/\/www.welovecycling.com\/es\/wp-json\/wp\/v2\/types\/post"}],"author":[{"embeddable":true,"href":"https:\/\/www.welovecycling.com\/es\/wp-json\/wp\/v2\/users\/29"}],"replies":[{"embeddable":true,"href":"https:\/\/www.welovecycling.com\/es\/wp-json\/wp\/v2\/comments?post=9928"}],"version-history":[{"count":3,"href":"https:\/\/www.welovecycling.com\/es\/wp-json\/wp\/v2\/posts\/9928\/revisions"}],"predecessor-version":[{"id":9932,"href":"https:\/\/www.welovecycling.com\/es\/wp-json\/wp\/v2\/posts\/9928\/revisions\/9932"}],"wp:featuredmedia":[{"embeddable":true,"href":"https:\/\/www.welovecycling.com\/es\/wp-json\/wp\/v2\/media\/9931"}],"wp:attachment":[{"href":"https:\/\/www.welovecycling.com\/es\/wp-json\/wp\/v2\/media?parent=9928"}],"wp:term":[{"taxonomy":"category","embeddable":true,"href":"https:\/\/www.welovecycling.com\/es\/wp-json\/wp\/v2\/categories?post=9928"},{"taxonomy":"post_tag","embeddable":true,"href":"https:\/\/www.welovecycling.com\/es\/wp-json\/wp\/v2\/tags?post=9928"},{"taxonomy":"global-categories","embeddable":true,"href":"https:\/\/www.welovecycling.com\/es\/wp-json\/wp\/v2\/global-categories?post=9928"}],"curies":[{"name":"wp","href":"https:\/\/api.w.org\/{rel}","templated":true}]}}