{"id":9914,"date":"2023-05-08T10:31:54","date_gmt":"2023-05-08T08:31:54","guid":{"rendered":"https:\/\/www.welovecycling.com\/es\/?p=9914"},"modified":"2023-05-08T11:34:29","modified_gmt":"2023-05-08T09:34:29","slug":"bicycle-face-las-caras-del-empoderamiento-femenino-sobre-dos-ruedas","status":"publish","type":"post","link":"https:\/\/www.welovecycling.com\/es\/2023\/05\/08\/bicycle-face-las-caras-del-empoderamiento-femenino-sobre-dos-ruedas\/","title":{"rendered":"Bicycle Face, las caras del empoderamiento femenino sobre dos ruedas"},"content":{"rendered":"<p><strong>En el siglo XIX, la bicicleta se convirti\u00f3 en una herramienta de liberaci\u00f3n para las mujeres. Por primera vez, pod\u00edan salir solas de su hogar, sin tener que depender de nadie. Esa independencia y esa libertad que la bicicleta otorgaba a las mujeres incomod\u00f3 a algunos sectores de la sociedad que intentaron impedirlo a toda costa.<\/strong><\/p>\n<p><!--more--><br \/>\nCon este objetivo, los m\u00e9dicos de la \u00e9poca inventaron lo que se dar\u00eda a conocer como <strong>\u201cBicycle face\u201d<\/strong>. Una enfermedad ficticia que afectaba supuestamente a las mujeres que iban en bicicleta, y que provocaba que les aparecieran ojeras, se les masculinizaran los rasgos faciales, e incluso sufrieran problemas de depresi\u00f3n, dolores de cabeza, dificultad para amamantar o abortos espont\u00e1neos.<\/p>\n<p>Afortunadamente, las mujeres siguieron pedaleando. Y el ciclismo femenino, continu\u00f3 avanzando con ellas. Hoy, se celebra oficialmente la primera <a href=\"https:\/\/www.welovecycling.com\/es\/2023\/02\/28\/la-vuelta-femenina-busca-su-leyenda-y-mira-a-lagos-de-covadonga\/\">Vuelta Femenina.<\/a> Una competici\u00f3n de siete d\u00edas entre Torrevieja y Lagos de Covadonga. Para celebrar este evento, del que <strong>Skoda es Patrocinador Oficial,<\/strong> y especialmente poner en valor que no hubo nada que pudiera frenar nunca a las mujeres ciclistas, desde la marca se lanz\u00f3 una iniciativa especial.<br \/>\n<a href=\"https:\/\/d2p6e6u75xmxt8.cloudfront.net\/6\/2023\/05\/YDRAY-WeLoveCycling_01.webp\"><img loading=\"lazy\" decoding=\"async\" class=\"aligncenter size-full wp-image-9915\" src=\"https:\/\/d2p6e6u75xmxt8.cloudfront.net\/6\/2023\/05\/YDRAY-WeLoveCycling_01.webp\" alt=\"\" width=\"990\" height=\"660\" srcset=\"https:\/\/d2p6e6u75xmxt8.cloudfront.net\/6\/2023\/05\/YDRAY-WeLoveCycling_01.webp 990w, https:\/\/d2p6e6u75xmxt8.cloudfront.net\/6\/2023\/05\/YDRAY-WeLoveCycling_01-300x200.webp 300w, https:\/\/d2p6e6u75xmxt8.cloudfront.net\/6\/2023\/05\/YDRAY-WeLoveCycling_01-768x512.webp 768w, https:\/\/d2p6e6u75xmxt8.cloudfront.net\/6\/2023\/05\/YDRAY-WeLoveCycling_01-400x267.webp 400w, https:\/\/d2p6e6u75xmxt8.cloudfront.net\/6\/2023\/05\/YDRAY-WeLoveCycling_01-272x182.webp 272w\" sizes=\"auto, (max-width: 990px) 100vw, 990px\" \/><\/a><\/p>\n<h3><strong>Un proyecto fotogr\u00e1fico para dar a Bicycle Face un nuevo significado<\/strong><\/h3>\n<p>Porque para Skoda, una marca que siempre ha apoyado el ciclismo femenino, Bicycle Face no es lo que les contaron a las mujeres del siglo XIX, sino todo lo contrario: es la cara del empoderamiento femenino sobre dos ruedas, capitaneado por todas las mujeres que hoy compiten en una de las carreras m\u00e1s exigentes del mundo del<br \/>\nciclismo. Y as\u00ed quiere plasmarlo, a trav\u00e9s de un proyecto fotogr\u00e1fico que recoge todas estas expresiones.<\/p>\n<p>Para ello, durante toda la competici\u00f3n, las fot\u00f3grafas deportivas Naike Ere\u00f1ozaga y Laura Ortiz de Z\u00e1rate, se han enfrentado a un reto fotogr\u00e1fico: sacar retratos en movimiento de las ciclistas en plena carrera para mostrar todas las caras de la competici\u00f3n.<\/p>\n<p>Los retratos resultantes de este proyecto pueden verse en <a href=\"https:\/\/www.skoda.es\/conoce-skoda\/bicycle-face\/\">www.bicycleface.es<\/a> al finalizar la Vuelta Femenina.<a href=\"https:\/\/d2p6e6u75xmxt8.cloudfront.net\/6\/2023\/05\/YDRAY-WeLoveCycling_02.webp\"><img loading=\"lazy\" decoding=\"async\" class=\"aligncenter size-full wp-image-9916\" src=\"https:\/\/d2p6e6u75xmxt8.cloudfront.net\/6\/2023\/05\/YDRAY-WeLoveCycling_02.webp\" alt=\"\" width=\"990\" height=\"660\" srcset=\"https:\/\/d2p6e6u75xmxt8.cloudfront.net\/6\/2023\/05\/YDRAY-WeLoveCycling_02.webp 990w, https:\/\/d2p6e6u75xmxt8.cloudfront.net\/6\/2023\/05\/YDRAY-WeLoveCycling_02-300x200.webp 300w, https:\/\/d2p6e6u75xmxt8.cloudfront.net\/6\/2023\/05\/YDRAY-WeLoveCycling_02-768x512.webp 768w, https:\/\/d2p6e6u75xmxt8.cloudfront.net\/6\/2023\/05\/YDRAY-WeLoveCycling_02-400x267.webp 400w, https:\/\/d2p6e6u75xmxt8.cloudfront.net\/6\/2023\/05\/YDRAY-WeLoveCycling_02-272x182.webp 272w\" sizes=\"auto, (max-width: 990px) 100vw, 990px\" \/><\/a><\/p>\n","protected":false},"excerpt":{"rendered":"<p>En el siglo XIX, la bicicleta se convirti\u00f3 en una herramienta de liberaci\u00f3n para las mujeres. Por primera vez, pod\u00edan [&hellip;]<\/p>\n","protected":false},"author":29,"featured_media":9920,"comment_status":"open","ping_status":"open","sticky":false,"template":"","format":"standard","meta":{"footnotes":""},"categories":[7],"tags":[2239,2238],"global-categories":[1164],"class_list":["post-9914","post","type-post","status-publish","format-standard","has-post-thumbnail","hentry","category-carretera","tag-la-vuelta-femenina-23","tag-vuelta-femenina","global-categories-cycling"],"yoast_head":"<!-- This site is optimized with the Yoast SEO Premium plugin v25.3 (Yoast SEO v25.9) - https:\/\/yoast.com\/wordpress\/plugins\/seo\/ -->\n<title>Bicycle Face, las caras del empoderamiento femenino sobre dos ruedas - \u0160koda We Love Cycling - Spain<\/title>\n<meta name=\"description\" content=\"Bicycle Face, las caras del empoderamiento femenino sobre dos ruedas. Las fotos de La Vuelta Femenina 2023.\" \/>\n<meta name=\"robots\" content=\"index, follow, max-snippet:-1, max-image-preview:large, max-video-preview:-1\" \/>\n<link rel=\"canonical\" href=\"https:\/\/www.welovecycling.com\/es\/2023\/05\/08\/bicycle-face-las-caras-del-empoderamiento-femenino-sobre-dos-ruedas\/\" \/>\n<meta property=\"og:locale\" content=\"es_ES\" \/>\n<meta property=\"og:type\" content=\"article\" \/>\n<meta property=\"og:title\" content=\"Bicycle Face, las caras del empoderamiento femenino sobre dos ruedas\" \/>\n<meta property=\"og:description\" content=\"Bicycle Face, las caras del empoderamiento femenino sobre dos ruedas. Las fotos de La Vuelta Femenina 2023.\" \/>\n<meta property=\"og:url\" content=\"https:\/\/www.welovecycling.com\/es\/2023\/05\/08\/bicycle-face-las-caras-del-empoderamiento-femenino-sobre-dos-ruedas\/\" \/>\n<meta property=\"og:site_name\" content=\"\u0160koda We Love Cycling - Spain\" \/>\n<meta property=\"article:published_time\" content=\"2023-05-08T08:31:54+00:00\" \/>\n<meta property=\"article:modified_time\" content=\"2023-05-08T09:34:29+00:00\" \/>\n<meta property=\"og:image\" content=\"https:\/\/d2p6e6u75xmxt8.cloudfront.net\/6\/2023\/05\/CabeceraWeLoveCycling_NL.webp\" \/>\n\t<meta property=\"og:image:width\" content=\"990\" \/>\n\t<meta property=\"og:image:height\" content=\"660\" \/>\n\t<meta property=\"og:image:type\" content=\"image\/webp\" \/>\n<meta name=\"author\" content=\"We Love Cycling Spain\" \/>\n<meta name=\"twitter:card\" content=\"summary_large_image\" \/>\n<meta name=\"twitter:description\" content=\"Bicycle Face, las caras del empoderamiento femenino sobre dos ruedas. Las fotos de La Vuelta Femenina 2023.\" \/>\n<meta name=\"twitter:label1\" content=\"Written by\" \/>\n\t<meta name=\"twitter:data1\" content=\"We Love Cycling Spain\" \/>\n\t<meta name=\"twitter:label2\" content=\"Est. reading time\" \/>\n\t<meta name=\"twitter:data2\" content=\"2 minutes\" \/>\n<script type=\"application\/ld+json\" class=\"yoast-schema-graph\">{\"@context\":\"https:\/\/schema.org\",\"@graph\":[{\"@type\":\"WebPage\",\"@id\":\"https:\/\/www.welovecycling.com\/es\/2023\/05\/08\/bicycle-face-las-caras-del-empoderamiento-femenino-sobre-dos-ruedas\/\",\"url\":\"https:\/\/www.welovecycling.com\/es\/2023\/05\/08\/bicycle-face-las-caras-del-empoderamiento-femenino-sobre-dos-ruedas\/\",\"name\":\"Bicycle Face, las caras del empoderamiento femenino sobre dos ruedas - \u0160koda We Love Cycling - Spain\",\"isPartOf\":{\"@id\":\"https:\/\/www.welovecycling.com\/es\/#website\"},\"primaryImageOfPage\":{\"@id\":\"https:\/\/www.welovecycling.com\/es\/2023\/05\/08\/bicycle-face-las-caras-del-empoderamiento-femenino-sobre-dos-ruedas\/#primaryimage\"},\"image\":{\"@id\":\"https:\/\/www.welovecycling.com\/es\/2023\/05\/08\/bicycle-face-las-caras-del-empoderamiento-femenino-sobre-dos-ruedas\/#primaryimage\"},\"thumbnailUrl\":\"https:\/\/d2p6e6u75xmxt8.cloudfront.net\/6\/2023\/05\/CabeceraWeLoveCycling_NL.webp\",\"datePublished\":\"2023-05-08T08:31:54+00:00\",\"dateModified\":\"2023-05-08T09:34:29+00:00\",\"author\":{\"@id\":\"https:\/\/www.welovecycling.com\/es\/#\/schema\/person\/deb61715b5812698ee79fb96f343ccd4\"},\"description\":\"Bicycle Face, las caras del empoderamiento femenino sobre dos ruedas. Las fotos de La Vuelta Femenina 2023.\",\"breadcrumb\":{\"@id\":\"https:\/\/www.welovecycling.com\/es\/2023\/05\/08\/bicycle-face-las-caras-del-empoderamiento-femenino-sobre-dos-ruedas\/#breadcrumb\"},\"inLanguage\":\"es-ES\",\"potentialAction\":[{\"@type\":\"ReadAction\",\"target\":[\"https:\/\/www.welovecycling.com\/es\/2023\/05\/08\/bicycle-face-las-caras-del-empoderamiento-femenino-sobre-dos-ruedas\/\"]}]},{\"@type\":\"ImageObject\",\"inLanguage\":\"es-ES\",\"@id\":\"https:\/\/www.welovecycling.com\/es\/2023\/05\/08\/bicycle-face-las-caras-del-empoderamiento-femenino-sobre-dos-ruedas\/#primaryimage\",\"url\":\"https:\/\/d2p6e6u75xmxt8.cloudfront.net\/6\/2023\/05\/CabeceraWeLoveCycling_NL.webp\",\"contentUrl\":\"https:\/\/d2p6e6u75xmxt8.cloudfront.net\/6\/2023\/05\/CabeceraWeLoveCycling_NL.webp\",\"width\":990,\"height\":660},{\"@type\":\"BreadcrumbList\",\"@id\":\"https:\/\/www.welovecycling.com\/es\/2023\/05\/08\/bicycle-face-las-caras-del-empoderamiento-femenino-sobre-dos-ruedas\/#breadcrumb\",\"itemListElement\":[{\"@type\":\"ListItem\",\"position\":1,\"name\":\"Home\",\"item\":\"https:\/\/www.welovecycling.com\/es\/\"},{\"@type\":\"ListItem\",\"position\":2,\"name\":\"Bicycle Face, las caras del empoderamiento femenino sobre dos ruedas\"}]},{\"@type\":\"WebSite\",\"@id\":\"https:\/\/www.welovecycling.com\/es\/#website\",\"url\":\"https:\/\/www.welovecycling.com\/es\/\",\"name\":\"\u0160koda We Love Cycling - Spain\",\"description\":\"\u0160koda WeLoveCycling Spain\",\"potentialAction\":[{\"@type\":\"SearchAction\",\"target\":{\"@type\":\"EntryPoint\",\"urlTemplate\":\"https:\/\/www.welovecycling.com\/es\/?s={search_term_string}\"},\"query-input\":{\"@type\":\"PropertyValueSpecification\",\"valueRequired\":true,\"valueName\":\"search_term_string\"}}],\"inLanguage\":\"es-ES\"},{\"@type\":\"Person\",\"@id\":\"https:\/\/www.welovecycling.com\/es\/#\/schema\/person\/deb61715b5812698ee79fb96f343ccd4\",\"name\":\"We Love Cycling Spain\",\"image\":{\"@type\":\"ImageObject\",\"inLanguage\":\"es-ES\",\"@id\":\"https:\/\/www.welovecycling.com\/es\/#\/schema\/person\/image\/\",\"url\":\"https:\/\/secure.gravatar.com\/avatar\/c824b04e6df0e37a03219d0b6481672889df542894588964102459e46513159c?s=96&d=mm&r=g\",\"contentUrl\":\"https:\/\/secure.gravatar.com\/avatar\/c824b04e6df0e37a03219d0b6481672889df542894588964102459e46513159c?s=96&d=mm&r=g\",\"caption\":\"We Love Cycling Spain\"},\"url\":\"https:\/\/www.welovecycling.com\/es\/author\/amunoz\/\"}]}<\/script>\n<!-- \/ Yoast SEO Premium plugin. -->","yoast_head_json":{"title":"Bicycle Face, las caras del empoderamiento femenino sobre dos ruedas - \u0160koda We Love Cycling - Spain","description":"Bicycle Face, las caras del empoderamiento femenino sobre dos ruedas. Las fotos de La Vuelta Femenina 2023.","robots":{"index":"index","follow":"follow","max-snippet":"max-snippet:-1","max-image-preview":"max-image-preview:large","max-video-preview":"max-video-preview:-1"},"canonical":"https:\/\/www.welovecycling.com\/es\/2023\/05\/08\/bicycle-face-las-caras-del-empoderamiento-femenino-sobre-dos-ruedas\/","og_locale":"es_ES","og_type":"article","og_title":"Bicycle Face, las caras del empoderamiento femenino sobre dos ruedas","og_description":"Bicycle Face, las caras del empoderamiento femenino sobre dos ruedas. Las fotos de La Vuelta Femenina 2023.","og_url":"https:\/\/www.welovecycling.com\/es\/2023\/05\/08\/bicycle-face-las-caras-del-empoderamiento-femenino-sobre-dos-ruedas\/","og_site_name":"\u0160koda We Love Cycling - Spain","article_published_time":"2023-05-08T08:31:54+00:00","article_modified_time":"2023-05-08T09:34:29+00:00","og_image":[{"width":990,"height":660,"url":"https:\/\/d2p6e6u75xmxt8.cloudfront.net\/6\/2023\/05\/CabeceraWeLoveCycling_NL.webp","type":"image\/webp"}],"author":"We Love Cycling Spain","twitter_card":"summary_large_image","twitter_description":"Bicycle Face, las caras del empoderamiento femenino sobre dos ruedas. Las fotos de La Vuelta Femenina 2023.","twitter_misc":{"Written by":"We Love Cycling Spain","Est. reading time":"2 minutes"},"schema":{"@context":"https:\/\/schema.org","@graph":[{"@type":"WebPage","@id":"https:\/\/www.welovecycling.com\/es\/2023\/05\/08\/bicycle-face-las-caras-del-empoderamiento-femenino-sobre-dos-ruedas\/","url":"https:\/\/www.welovecycling.com\/es\/2023\/05\/08\/bicycle-face-las-caras-del-empoderamiento-femenino-sobre-dos-ruedas\/","name":"Bicycle Face, las caras del empoderamiento femenino sobre dos ruedas - \u0160koda We Love Cycling - Spain","isPartOf":{"@id":"https:\/\/www.welovecycling.com\/es\/#website"},"primaryImageOfPage":{"@id":"https:\/\/www.welovecycling.com\/es\/2023\/05\/08\/bicycle-face-las-caras-del-empoderamiento-femenino-sobre-dos-ruedas\/#primaryimage"},"image":{"@id":"https:\/\/www.welovecycling.com\/es\/2023\/05\/08\/bicycle-face-las-caras-del-empoderamiento-femenino-sobre-dos-ruedas\/#primaryimage"},"thumbnailUrl":"https:\/\/d2p6e6u75xmxt8.cloudfront.net\/6\/2023\/05\/CabeceraWeLoveCycling_NL.webp","datePublished":"2023-05-08T08:31:54+00:00","dateModified":"2023-05-08T09:34:29+00:00","author":{"@id":"https:\/\/www.welovecycling.com\/es\/#\/schema\/person\/deb61715b5812698ee79fb96f343ccd4"},"description":"Bicycle Face, las caras del empoderamiento femenino sobre dos ruedas. Las fotos de La Vuelta Femenina 2023.","breadcrumb":{"@id":"https:\/\/www.welovecycling.com\/es\/2023\/05\/08\/bicycle-face-las-caras-del-empoderamiento-femenino-sobre-dos-ruedas\/#breadcrumb"},"inLanguage":"es-ES","potentialAction":[{"@type":"ReadAction","target":["https:\/\/www.welovecycling.com\/es\/2023\/05\/08\/bicycle-face-las-caras-del-empoderamiento-femenino-sobre-dos-ruedas\/"]}]},{"@type":"ImageObject","inLanguage":"es-ES","@id":"https:\/\/www.welovecycling.com\/es\/2023\/05\/08\/bicycle-face-las-caras-del-empoderamiento-femenino-sobre-dos-ruedas\/#primaryimage","url":"https:\/\/d2p6e6u75xmxt8.cloudfront.net\/6\/2023\/05\/CabeceraWeLoveCycling_NL.webp","contentUrl":"https:\/\/d2p6e6u75xmxt8.cloudfront.net\/6\/2023\/05\/CabeceraWeLoveCycling_NL.webp","width":990,"height":660},{"@type":"BreadcrumbList","@id":"https:\/\/www.welovecycling.com\/es\/2023\/05\/08\/bicycle-face-las-caras-del-empoderamiento-femenino-sobre-dos-ruedas\/#breadcrumb","itemListElement":[{"@type":"ListItem","position":1,"name":"Home","item":"https:\/\/www.welovecycling.com\/es\/"},{"@type":"ListItem","position":2,"name":"Bicycle Face, las caras del empoderamiento femenino sobre dos ruedas"}]},{"@type":"WebSite","@id":"https:\/\/www.welovecycling.com\/es\/#website","url":"https:\/\/www.welovecycling.com\/es\/","name":"\u0160koda We Love Cycling - Spain","description":"\u0160koda WeLoveCycling Spain","potentialAction":[{"@type":"SearchAction","target":{"@type":"EntryPoint","urlTemplate":"https:\/\/www.welovecycling.com\/es\/?s={search_term_string}"},"query-input":{"@type":"PropertyValueSpecification","valueRequired":true,"valueName":"search_term_string"}}],"inLanguage":"es-ES"},{"@type":"Person","@id":"https:\/\/www.welovecycling.com\/es\/#\/schema\/person\/deb61715b5812698ee79fb96f343ccd4","name":"We Love Cycling Spain","image":{"@type":"ImageObject","inLanguage":"es-ES","@id":"https:\/\/www.welovecycling.com\/es\/#\/schema\/person\/image\/","url":"https:\/\/secure.gravatar.com\/avatar\/c824b04e6df0e37a03219d0b6481672889df542894588964102459e46513159c?s=96&d=mm&r=g","contentUrl":"https:\/\/secure.gravatar.com\/avatar\/c824b04e6df0e37a03219d0b6481672889df542894588964102459e46513159c?s=96&d=mm&r=g","caption":"We Love Cycling Spain"},"url":"https:\/\/www.welovecycling.com\/es\/author\/amunoz\/"}]}},"_links":{"self":[{"href":"https:\/\/www.welovecycling.com\/es\/wp-json\/wp\/v2\/posts\/9914","targetHints":{"allow":["GET"]}}],"collection":[{"href":"https:\/\/www.welovecycling.com\/es\/wp-json\/wp\/v2\/posts"}],"about":[{"href":"https:\/\/www.welovecycling.com\/es\/wp-json\/wp\/v2\/types\/post"}],"author":[{"embeddable":true,"href":"https:\/\/www.welovecycling.com\/es\/wp-json\/wp\/v2\/users\/29"}],"replies":[{"embeddable":true,"href":"https:\/\/www.welovecycling.com\/es\/wp-json\/wp\/v2\/comments?post=9914"}],"version-history":[{"count":2,"href":"https:\/\/www.welovecycling.com\/es\/wp-json\/wp\/v2\/posts\/9914\/revisions"}],"predecessor-version":[{"id":9919,"href":"https:\/\/www.welovecycling.com\/es\/wp-json\/wp\/v2\/posts\/9914\/revisions\/9919"}],"wp:featuredmedia":[{"embeddable":true,"href":"https:\/\/www.welovecycling.com\/es\/wp-json\/wp\/v2\/media\/9920"}],"wp:attachment":[{"href":"https:\/\/www.welovecycling.com\/es\/wp-json\/wp\/v2\/media?parent=9914"}],"wp:term":[{"taxonomy":"category","embeddable":true,"href":"https:\/\/www.welovecycling.com\/es\/wp-json\/wp\/v2\/categories?post=9914"},{"taxonomy":"post_tag","embeddable":true,"href":"https:\/\/www.welovecycling.com\/es\/wp-json\/wp\/v2\/tags?post=9914"},{"taxonomy":"global-categories","embeddable":true,"href":"https:\/\/www.welovecycling.com\/es\/wp-json\/wp\/v2\/global-categories?post=9914"}],"curies":[{"name":"wp","href":"https:\/\/api.w.org\/{rel}","templated":true}]}}