{"id":9826,"date":"2023-04-28T19:05:10","date_gmt":"2023-04-28T17:05:10","guid":{"rendered":"https:\/\/www.welovecycling.com\/es\/?p=9826"},"modified":"2023-04-19T19:06:04","modified_gmt":"2023-04-19T17:06:04","slug":"skoda-titan-desert-2023","status":"publish","type":"post","link":"https:\/\/www.welovecycling.com\/es\/2023\/04\/28\/skoda-titan-desert-2023\/","title":{"rendered":"La \u0160koda Titan Desert 2023 vuelve a la monta\u00f1a"},"content":{"rendered":"<p style=\"font-weight: 400;\"><strong>Las monta\u00f1as marroqu\u00edes ser\u00e1n las protagonistas de la \u0160koda Titan Desert 2023, que se disputar\u00e1 del 30 de abril al 5 de mayo con todas las plazas cubiertas. Esta vez ser\u00e1n\u00a0 620 kil\u00f3metros y 7.700 metros de desnivel\u00a0acumulado (m\u00e1s que en otras ediciones) a lo largo de seis etapas. Las claves, adem\u00e1s de las monta\u00f1as, ser\u00e1n los d\u00edas de desierto, pistas r\u00e1pidas y tramos de navegaci\u00f3n.<\/strong><\/p>\n<p><!--more--><\/p>\n<h2><strong>Resumen de las etapas<\/strong><\/h2>\n<p>La monta\u00f1a no se va a hacer esperar en la <strong>\u0160koda Titan Desert 2023. <\/strong>La primera etapa, que sale y acaba de Boulman Dades, ya acumula 2.290 metros de desnivel positivo por el Atlas en solo 89 kil\u00f3metros y empezar\u00e1 a ser decisiva para la clasificaci\u00f3n general. Al d\u00eda siguiente se suman casi otros 2.000 metros de desnivel, pero en 109 kil\u00f3metros, una jornada menos complicada pero que ya implica cambio de campamento. De <a href=\"https:\/\/skodatitandesertmorocco.com\/boumalne-dades-el-punto-de-partida\/\">Boulmane Dades<\/a> a Nkob.<\/p>\n<p>A partir de ah\u00ed, la carrera transita por otros terrenos m\u00e1s reconocibles, en los que la\u00a0<strong>navegaci\u00f3n<\/strong>, la habilidad para elegir bien las mejores pistas, la capacidad para regular esfuerzos ser\u00e1n claves y la adaptaci\u00f3n al desierto y al cansancio ser\u00e1n esenciales para poder acabar dentro de control todos los d\u00edas.<\/p>\n<lite-youtube videoid=H_laInh2yT4 params=\"enablejsapi=1\" style=\"background-image: url('https:\/\/i.ytimg.com\/vi_webp\/H_laInh2yT4\/maxresdefault.webp');\"><\/lite-youtube>\n<p>La \u0160koda Titan Desert Morocco 2023 incluir\u00e1 los desaf\u00edos habituales. Las etapas 3 y 4, ya por el desierto, ser\u00e1n de <strong>marat\u00f3n<\/strong>\u00a0(sin asistencia mec\u00e1nica y con haimas sin aclimatar), la etapa 2 incluir\u00e1 el\u00a0<strong>\u0160koda Challenge<\/strong>\u00a0(tramo cronometrado bonificado para la clasificaci\u00f3n general) y habr\u00e1 sectores de navegaci\u00f3n en tres etapas, en los que los corredores tendr\u00e1n que valerse de su sentido de la orientaci\u00f3n para rodar.<\/p>\n<p>La edici\u00f3n 2023 terminar\u00e1 el 5 de mayo con una etapa corta, 71 kil\u00f3metros y menos de 600 metros de desnivel, entre Merzouga (uno de los centros log\u00edsticos de este a\u00f1o) y Maadid.<\/p>\n<p>&nbsp;<\/p>\n<h2><strong>\u0160koda Challenge y <\/strong><strong>\u0160koda <\/strong><strong>Adventure<\/strong><\/h2>\n<p>En este 2023 el <strong>\u0160koda Challenge premiar\u00e1 con segundos de bonificaci\u00f3n a los m\u00e1s r\u00e1pidos en una subida de 6 kil\u00f3metros durante la segunda etapa. <\/strong>Ser\u00e1 en una jornada que si bien no tiene grandes desnivel si que alcanza los 2.000 metros de altitud por las monta\u00f1as del Sagro oriental del Marruecos.<\/p>\n<p>La clasificaci\u00f3n <strong>\u0160koda Adventure\u00a0<\/strong> ya no admite m\u00e1s participantes para este 2023. Est\u00e1 pensada para los ciclistas que apuestan por una carrera m\u00e1s \u00e9pica, sin ayudas externas y con un<a href=\"https:\/\/skodatitandesertmorocco.com\/mastitan\/skodaadventure\/\"> modelo de autosuficiencia<\/a>.<\/p>\n<lite-youtube videoid=hUbvyoX32GY params=\"enablejsapi=1\" style=\"background-image: url('https:\/\/i.ytimg.com\/vi_webp\/hUbvyoX32GY\/maxresdefault.webp');\"><\/lite-youtube>\n<p><strong>Los detalles de esta clasificaci\u00f3n son:<\/strong><\/p>\n<ul>\n<li><strong>Limitaci\u00f3n de espacio:<\/strong>\u00a0Cada Adventure tendr\u00e1 a su disposici\u00f3n una caja de metal con una medidas determinadas: 37 cm. de ancho, 29 cm. de alto y 53 cm. de largo. En esta caja tendr\u00e1n que poner todo el material necesario para los 6 d\u00edas de carrera (ropa, repuestos , aseo, saco de dormir, etc.). Esta caja ser\u00e1 lo \u00fanico que se transporte de campamento en campamento (salvo la etapa marat\u00f3n). No se transportar\u00e1 ninguna maleta adicional\n<ul>\n<li><strong><br \/>\n\u00c1rea de descanso:<\/strong>\u00a0Descansar\u00e1n en una haima com\u00fan, como la de la etapa marat\u00f3n: sin separaci\u00f3n, colchones, mantas, toallas ni mobiliario<\/li>\n<li><strong><br \/>\nEspacio de reparaci\u00f3n:<\/strong>\u00a0Se facilitar\u00e1 un espacio con material b\u00e1sico de reparaci\u00f3n<\/li>\n<\/ul>\n<\/li>\n<li><strong><br \/>\nAyudas:<\/strong>\u00a0La ayuda que los Adventure pueden recibir est\u00e1 limitada.<\/p>\n<ul>\n<li>No pueden contar con:\n<ul>\n<li>Ayuda mec\u00e1nica: ni piezas ni humana.<\/li>\n<li>Ayuda de fisioterapia de ning\u00fan tipo.<\/li>\n<\/ul>\n<\/li>\n<li>S\u00ed pueden recibir ayuda de:\n<ul>\n<li>Cualquier corredor en carrera, siempre y cuando esta ayuda no venga en forma de cesi\u00f3n de piezas<\/li>\n<li>Cualquier otro Adventure, tanto dentro como fuera de carrera, incluso si es cesi\u00f3n de piezas<\/li>\n<\/ul>\n<\/li>\n<\/ul>\n<\/li>\n<li><strong><br \/>\nMarcado de piezas:<\/strong> Para el control y cumplimiento de la reglamentaci\u00f3n establecida, se llevar\u00e1 a cabo el marcaje de las piezas.<\/p>\n<ul>\n<li><\/li>\n<\/ul>\n<\/li>\n<li><strong>Maillots:<\/strong>\u00a0Los participantes deber\u00e1n llevar, de\u00a0<strong>forma obligatoria<\/strong>, el maillot adventure durante todas las etapas. La organizaci\u00f3n proporcionar\u00e1 3 maillots a cada participante.<\/li>\n<\/ul>\n<ul>\n<li><\/li>\n<\/ul>\n<h2><strong>Indurain y Looser<\/strong><\/h2>\n<p>La lista de participantes de la edici\u00f3n de 2023 la encabezan dos ilustres. Por un lado <a href=\"https:\/\/www.welovecycling.com\/es\/2020\/11\/05\/en-el-desierto-tambien-llueve-epica-etapa-4-titan-desert-2020\/\">Miguel Indurain<\/a>, que vuelve al desierto despu\u00e9s de su participaci\u00f3n en la \u0160koda Titan Desert Almer\u00eda en 2020, y por el otro <a href=\"https:\/\/www.welovecycling.com\/es\/2022\/05\/11\/estrategia-titan\/\">Konny Looser<\/a>, que ha sido el dominador de las dos \u00faltimas ediciones marroquies.<\/p>\n<p>Para el Sponsoring Manager de \u0160koda, Joan Massall\u00e9: \u201cEl ciclismo es esfuerzo y superaci\u00f3n, pero tambi\u00e9n espectacularidad y capacidad de adaptaci\u00f3n a cualquier circunstancia. En \u0160koda esto lo sabemos bien, y son valores que vivimos como marca, y m\u00e1s en un momento como el actual en el que nos encontramos el plena transformaci\u00f3n hacia la electromovilidad\u201d. \u201cEste deporte est\u00e1 en nuestro ADN, y con colaboraciones con las carreras m\u00e1s relevantes del mundo como la \u0160koda Titan Desert Morocco nos seguimos reafirmando como el coche del ciclismo\u201d.<\/p>\n","protected":false},"excerpt":{"rendered":"<p>Las monta\u00f1as marroqu\u00edes ser\u00e1n las protagonistas de la \u0160koda Titan Desert 2023, que se disputar\u00e1 del 30 de abril al [&hellip;]<\/p>\n","protected":false},"author":29,"featured_media":9827,"comment_status":"open","ping_status":"open","sticky":false,"template":"","format":"standard","meta":{"footnotes":""},"categories":[9],"tags":[149,2235],"global-categories":[1164],"class_list":["post-9826","post","type-post","status-publish","format-standard","has-post-thumbnail","hentry","category-mtb-aventura","tag-titan-desert","tag-titan-desert-2023","global-categories-cycling"],"yoast_head":"<!-- This site is optimized with the Yoast SEO Premium plugin v25.3 (Yoast SEO v25.9) - https:\/\/yoast.com\/wordpress\/plugins\/seo\/ -->\n<title>La \u0160koda Titan Desert 2023 vuelve a la monta\u00f1a - \u0160koda We Love Cycling - Spain<\/title>\n<meta name=\"description\" content=\"Las monta\u00f1as marroqu\u00edes ser\u00e1n las protagonistas de la \u0160koda Titan Desert 2023, que se disputar\u00e1 del 30 de abril al 5 de mayo.\" \/>\n<meta name=\"robots\" content=\"index, follow, max-snippet:-1, max-image-preview:large, max-video-preview:-1\" \/>\n<link rel=\"canonical\" href=\"https:\/\/www.welovecycling.com\/es\/2023\/04\/28\/skoda-titan-desert-2023\/\" \/>\n<meta property=\"og:locale\" content=\"es_ES\" \/>\n<meta property=\"og:type\" content=\"article\" \/>\n<meta property=\"og:title\" content=\"La \u0160koda Titan Desert 2023 vuelve a la monta\u00f1a\" \/>\n<meta property=\"og:description\" content=\"Las monta\u00f1as marroqu\u00edes ser\u00e1n las protagonistas de la \u0160koda Titan Desert 2023, que se disputar\u00e1 del 30 de abril al 5 de mayo.\" \/>\n<meta property=\"og:url\" content=\"https:\/\/www.welovecycling.com\/es\/2023\/04\/28\/skoda-titan-desert-2023\/\" \/>\n<meta property=\"og:site_name\" content=\"\u0160koda We Love Cycling - Spain\" \/>\n<meta property=\"article:published_time\" content=\"2023-04-28T17:05:10+00:00\" \/>\n<meta property=\"og:image\" content=\"https:\/\/d2p6e6u75xmxt8.cloudfront.net\/6\/2023\/04\/skoda-titan-desert-23.webp\" \/>\n\t<meta property=\"og:image:width\" content=\"2500\" \/>\n\t<meta property=\"og:image:height\" content=\"1403\" \/>\n\t<meta property=\"og:image:type\" content=\"image\/webp\" \/>\n<meta name=\"author\" content=\"We Love Cycling Spain\" \/>\n<meta name=\"twitter:card\" content=\"summary_large_image\" \/>\n<meta name=\"twitter:description\" content=\"Las monta\u00f1as marroqu\u00edes ser\u00e1n las protagonistas de la \u0160koda Titan Desert 2023, que se disputar\u00e1 del 30 de abril al 5 de mayo.\" \/>\n<meta name=\"twitter:label1\" content=\"Written by\" \/>\n\t<meta name=\"twitter:data1\" content=\"Luis Ortega @ciclored\" \/>\n\t<meta name=\"twitter:label2\" content=\"Est. reading time\" \/>\n\t<meta name=\"twitter:data2\" content=\"4 minutes\" \/>\n<script type=\"application\/ld+json\" class=\"yoast-schema-graph\">{\"@context\":\"https:\/\/schema.org\",\"@graph\":[{\"@type\":\"WebPage\",\"@id\":\"https:\/\/www.welovecycling.com\/es\/2023\/04\/28\/skoda-titan-desert-2023\/\",\"url\":\"https:\/\/www.welovecycling.com\/es\/2023\/04\/28\/skoda-titan-desert-2023\/\",\"name\":\"La \u0160koda Titan Desert 2023 vuelve a la monta\u00f1a - \u0160koda We Love Cycling - Spain\",\"isPartOf\":{\"@id\":\"https:\/\/www.welovecycling.com\/es\/#website\"},\"primaryImageOfPage\":{\"@id\":\"https:\/\/www.welovecycling.com\/es\/2023\/04\/28\/skoda-titan-desert-2023\/#primaryimage\"},\"image\":{\"@id\":\"https:\/\/www.welovecycling.com\/es\/2023\/04\/28\/skoda-titan-desert-2023\/#primaryimage\"},\"thumbnailUrl\":\"https:\/\/d2p6e6u75xmxt8.cloudfront.net\/6\/2023\/04\/skoda-titan-desert-23.webp\",\"datePublished\":\"2023-04-28T17:05:10+00:00\",\"author\":{\"@id\":\"https:\/\/www.welovecycling.com\/es\/#\/schema\/person\/deb61715b5812698ee79fb96f343ccd4\"},\"description\":\"Las monta\u00f1as marroqu\u00edes ser\u00e1n las protagonistas de la \u0160koda Titan Desert 2023, que se disputar\u00e1 del 30 de abril al 5 de mayo.\",\"breadcrumb\":{\"@id\":\"https:\/\/www.welovecycling.com\/es\/2023\/04\/28\/skoda-titan-desert-2023\/#breadcrumb\"},\"inLanguage\":\"es-ES\",\"potentialAction\":[{\"@type\":\"ReadAction\",\"target\":[\"https:\/\/www.welovecycling.com\/es\/2023\/04\/28\/skoda-titan-desert-2023\/\"]}]},{\"@type\":\"ImageObject\",\"inLanguage\":\"es-ES\",\"@id\":\"https:\/\/www.welovecycling.com\/es\/2023\/04\/28\/skoda-titan-desert-2023\/#primaryimage\",\"url\":\"https:\/\/d2p6e6u75xmxt8.cloudfront.net\/6\/2023\/04\/skoda-titan-desert-23.webp\",\"contentUrl\":\"https:\/\/d2p6e6u75xmxt8.cloudfront.net\/6\/2023\/04\/skoda-titan-desert-23.webp\",\"width\":2500,\"height\":1403},{\"@type\":\"BreadcrumbList\",\"@id\":\"https:\/\/www.welovecycling.com\/es\/2023\/04\/28\/skoda-titan-desert-2023\/#breadcrumb\",\"itemListElement\":[{\"@type\":\"ListItem\",\"position\":1,\"name\":\"Home\",\"item\":\"https:\/\/www.welovecycling.com\/es\/\"},{\"@type\":\"ListItem\",\"position\":2,\"name\":\"La \u0160koda Titan Desert 2023 vuelve a la monta\u00f1a\"}]},{\"@type\":\"WebSite\",\"@id\":\"https:\/\/www.welovecycling.com\/es\/#website\",\"url\":\"https:\/\/www.welovecycling.com\/es\/\",\"name\":\"\u0160koda We Love Cycling - Spain\",\"description\":\"\u0160koda WeLoveCycling Spain\",\"potentialAction\":[{\"@type\":\"SearchAction\",\"target\":{\"@type\":\"EntryPoint\",\"urlTemplate\":\"https:\/\/www.welovecycling.com\/es\/?s={search_term_string}\"},\"query-input\":{\"@type\":\"PropertyValueSpecification\",\"valueRequired\":true,\"valueName\":\"search_term_string\"}}],\"inLanguage\":\"es-ES\"},{\"@type\":\"Person\",\"@id\":\"https:\/\/www.welovecycling.com\/es\/#\/schema\/person\/deb61715b5812698ee79fb96f343ccd4\",\"name\":\"We Love Cycling Spain\",\"image\":{\"@type\":\"ImageObject\",\"inLanguage\":\"es-ES\",\"@id\":\"https:\/\/www.welovecycling.com\/es\/#\/schema\/person\/image\/\",\"url\":\"https:\/\/secure.gravatar.com\/avatar\/c824b04e6df0e37a03219d0b6481672889df542894588964102459e46513159c?s=96&d=mm&r=g\",\"contentUrl\":\"https:\/\/secure.gravatar.com\/avatar\/c824b04e6df0e37a03219d0b6481672889df542894588964102459e46513159c?s=96&d=mm&r=g\",\"caption\":\"We Love Cycling Spain\"},\"url\":\"https:\/\/www.welovecycling.com\/es\/author\/amunoz\/\"}]}<\/script>\n<!-- \/ Yoast SEO Premium plugin. -->","yoast_head_json":{"title":"La \u0160koda Titan Desert 2023 vuelve a la monta\u00f1a - \u0160koda We Love Cycling - Spain","description":"Las monta\u00f1as marroqu\u00edes ser\u00e1n las protagonistas de la \u0160koda Titan Desert 2023, que se disputar\u00e1 del 30 de abril al 5 de mayo.","robots":{"index":"index","follow":"follow","max-snippet":"max-snippet:-1","max-image-preview":"max-image-preview:large","max-video-preview":"max-video-preview:-1"},"canonical":"https:\/\/www.welovecycling.com\/es\/2023\/04\/28\/skoda-titan-desert-2023\/","og_locale":"es_ES","og_type":"article","og_title":"La \u0160koda Titan Desert 2023 vuelve a la monta\u00f1a","og_description":"Las monta\u00f1as marroqu\u00edes ser\u00e1n las protagonistas de la \u0160koda Titan Desert 2023, que se disputar\u00e1 del 30 de abril al 5 de mayo.","og_url":"https:\/\/www.welovecycling.com\/es\/2023\/04\/28\/skoda-titan-desert-2023\/","og_site_name":"\u0160koda We Love Cycling - Spain","article_published_time":"2023-04-28T17:05:10+00:00","og_image":[{"width":2500,"height":1403,"url":"https:\/\/d2p6e6u75xmxt8.cloudfront.net\/6\/2023\/04\/skoda-titan-desert-23.webp","type":"image\/webp"}],"author":"We Love Cycling Spain","twitter_card":"summary_large_image","twitter_description":"Las monta\u00f1as marroqu\u00edes ser\u00e1n las protagonistas de la \u0160koda Titan Desert 2023, que se disputar\u00e1 del 30 de abril al 5 de mayo.","twitter_misc":{"Written by":"Luis Ortega @ciclored","Est. reading time":"4 minutes"},"schema":{"@context":"https:\/\/schema.org","@graph":[{"@type":"WebPage","@id":"https:\/\/www.welovecycling.com\/es\/2023\/04\/28\/skoda-titan-desert-2023\/","url":"https:\/\/www.welovecycling.com\/es\/2023\/04\/28\/skoda-titan-desert-2023\/","name":"La \u0160koda Titan Desert 2023 vuelve a la monta\u00f1a - \u0160koda We Love Cycling - Spain","isPartOf":{"@id":"https:\/\/www.welovecycling.com\/es\/#website"},"primaryImageOfPage":{"@id":"https:\/\/www.welovecycling.com\/es\/2023\/04\/28\/skoda-titan-desert-2023\/#primaryimage"},"image":{"@id":"https:\/\/www.welovecycling.com\/es\/2023\/04\/28\/skoda-titan-desert-2023\/#primaryimage"},"thumbnailUrl":"https:\/\/d2p6e6u75xmxt8.cloudfront.net\/6\/2023\/04\/skoda-titan-desert-23.webp","datePublished":"2023-04-28T17:05:10+00:00","author":{"@id":"https:\/\/www.welovecycling.com\/es\/#\/schema\/person\/deb61715b5812698ee79fb96f343ccd4"},"description":"Las monta\u00f1as marroqu\u00edes ser\u00e1n las protagonistas de la \u0160koda Titan Desert 2023, que se disputar\u00e1 del 30 de abril al 5 de mayo.","breadcrumb":{"@id":"https:\/\/www.welovecycling.com\/es\/2023\/04\/28\/skoda-titan-desert-2023\/#breadcrumb"},"inLanguage":"es-ES","potentialAction":[{"@type":"ReadAction","target":["https:\/\/www.welovecycling.com\/es\/2023\/04\/28\/skoda-titan-desert-2023\/"]}]},{"@type":"ImageObject","inLanguage":"es-ES","@id":"https:\/\/www.welovecycling.com\/es\/2023\/04\/28\/skoda-titan-desert-2023\/#primaryimage","url":"https:\/\/d2p6e6u75xmxt8.cloudfront.net\/6\/2023\/04\/skoda-titan-desert-23.webp","contentUrl":"https:\/\/d2p6e6u75xmxt8.cloudfront.net\/6\/2023\/04\/skoda-titan-desert-23.webp","width":2500,"height":1403},{"@type":"BreadcrumbList","@id":"https:\/\/www.welovecycling.com\/es\/2023\/04\/28\/skoda-titan-desert-2023\/#breadcrumb","itemListElement":[{"@type":"ListItem","position":1,"name":"Home","item":"https:\/\/www.welovecycling.com\/es\/"},{"@type":"ListItem","position":2,"name":"La \u0160koda Titan Desert 2023 vuelve a la monta\u00f1a"}]},{"@type":"WebSite","@id":"https:\/\/www.welovecycling.com\/es\/#website","url":"https:\/\/www.welovecycling.com\/es\/","name":"\u0160koda We Love Cycling - Spain","description":"\u0160koda WeLoveCycling Spain","potentialAction":[{"@type":"SearchAction","target":{"@type":"EntryPoint","urlTemplate":"https:\/\/www.welovecycling.com\/es\/?s={search_term_string}"},"query-input":{"@type":"PropertyValueSpecification","valueRequired":true,"valueName":"search_term_string"}}],"inLanguage":"es-ES"},{"@type":"Person","@id":"https:\/\/www.welovecycling.com\/es\/#\/schema\/person\/deb61715b5812698ee79fb96f343ccd4","name":"We Love Cycling Spain","image":{"@type":"ImageObject","inLanguage":"es-ES","@id":"https:\/\/www.welovecycling.com\/es\/#\/schema\/person\/image\/","url":"https:\/\/secure.gravatar.com\/avatar\/c824b04e6df0e37a03219d0b6481672889df542894588964102459e46513159c?s=96&d=mm&r=g","contentUrl":"https:\/\/secure.gravatar.com\/avatar\/c824b04e6df0e37a03219d0b6481672889df542894588964102459e46513159c?s=96&d=mm&r=g","caption":"We Love Cycling Spain"},"url":"https:\/\/www.welovecycling.com\/es\/author\/amunoz\/"}]}},"_links":{"self":[{"href":"https:\/\/www.welovecycling.com\/es\/wp-json\/wp\/v2\/posts\/9826","targetHints":{"allow":["GET"]}}],"collection":[{"href":"https:\/\/www.welovecycling.com\/es\/wp-json\/wp\/v2\/posts"}],"about":[{"href":"https:\/\/www.welovecycling.com\/es\/wp-json\/wp\/v2\/types\/post"}],"author":[{"embeddable":true,"href":"https:\/\/www.welovecycling.com\/es\/wp-json\/wp\/v2\/users\/29"}],"replies":[{"embeddable":true,"href":"https:\/\/www.welovecycling.com\/es\/wp-json\/wp\/v2\/comments?post=9826"}],"version-history":[{"count":1,"href":"https:\/\/www.welovecycling.com\/es\/wp-json\/wp\/v2\/posts\/9826\/revisions"}],"predecessor-version":[{"id":9828,"href":"https:\/\/www.welovecycling.com\/es\/wp-json\/wp\/v2\/posts\/9826\/revisions\/9828"}],"wp:featuredmedia":[{"embeddable":true,"href":"https:\/\/www.welovecycling.com\/es\/wp-json\/wp\/v2\/media\/9827"}],"wp:attachment":[{"href":"https:\/\/www.welovecycling.com\/es\/wp-json\/wp\/v2\/media?parent=9826"}],"wp:term":[{"taxonomy":"category","embeddable":true,"href":"https:\/\/www.welovecycling.com\/es\/wp-json\/wp\/v2\/categories?post=9826"},{"taxonomy":"post_tag","embeddable":true,"href":"https:\/\/www.welovecycling.com\/es\/wp-json\/wp\/v2\/tags?post=9826"},{"taxonomy":"global-categories","embeddable":true,"href":"https:\/\/www.welovecycling.com\/es\/wp-json\/wp\/v2\/global-categories?post=9826"}],"curies":[{"name":"wp","href":"https:\/\/api.w.org\/{rel}","templated":true}]}}