{"id":9808,"date":"2023-04-10T22:59:07","date_gmt":"2023-04-10T20:59:07","guid":{"rendered":"https:\/\/www.welovecycling.com\/es\/?p=9808"},"modified":"2023-04-10T22:59:07","modified_gmt":"2023-04-10T20:59:07","slug":"roubaix-van-der-poel","status":"publish","type":"post","link":"https:\/\/www.welovecycling.com\/es\/2023\/04\/10\/roubaix-van-der-poel\/","title":{"rendered":"El pinchazo de Van Aert abre las puertas de Roubaix a Van der Poel"},"content":{"rendered":"<p><strong>Mathieu Van der Poel (Alpecin-Deceunick) se aprovech\u00f3 de un pinchazo sufrido por su archirrival, Wout Van Aert (Jumbo-Visma), a falta de 15 km para el final de la carrera y se escap\u00f3 hacia la victoria en una brutal Par\u00eds-Rubaix. El pinchazo se produjo en el final del tramo de adoquines Carrefour de l&#8217;Arbre, de cinco estrellas (por extremadamente dif\u00edcil), justo despu\u00e9s de que Van Aert atacase.<\/strong><\/p>\n<p><!--more--><\/p>\n<p>La fracasada escapada de Van Aert se produjo despu\u00e9s de que Van der Poel se chocara con John Degenkolb (Team DSM) cuando intentaba adelantarle, provocando que se fuese al c\u00e9sped. En ese momento, Degenkolb -que gan\u00f3 la carrera en 2015- parec\u00eda un aspirante a la victoria.<\/p>\n<p>La carrera, de 256,6 km, que incluye 29 tramos adoquinados con un total de 54,4 km, es ampliamente conocida como &#8220;el infierno del Norte&#8221;, y estuvo m\u00e1s que a la altura de su reputaci\u00f3n. En los primeros quince tramos adoquinados, hubo ca\u00eddas en abundancia, as\u00ed como pinchazos, neum\u00e1ticos que explotaron y ruedas rotas. Una de las ca\u00eddas oblig\u00f3 a Peter Sagan (Team TotalEnergies) a abandonar su \u00faltima Par\u00eds-Roubaix. El siete veces ganador del maillot verde SKODA del Tour de Francia se retira de las carreras en ruta despu\u00e9s de este a\u00f1o y est\u00e1 sufriendo una accidentada gira de despedida, tras haberse ca\u00eddo y abandonado tambi\u00e9n en el Tour de Flandes.<\/p>\n<p>Aunque la Par\u00eds-Roubaix no tiene la estatura del Tour de Francia, y s\u00f3lo <a href=\"https:\/\/www.procyclingstats.com\/race\/paris-roubaix\/2023\/result\/overview\/race-ranking\">ocupa el puesto 20<\/a> de las carreras en ruta en t\u00e9rminos de calidad de la lista de salida (el Tour ocupa el primer lugar), tiene un profundo valor emocional para los corredores debido a la terrible experiencia de correrla. Seg\u00fan el comentarista de Eurosport Philippe Gilbert, que gan\u00f3 la Par\u00eds-Roubaix en 2019, algunos equipos preparan bicicletas especiales para ella, algunas de las cuales se asemejan a las que se utilizan para el ciclocross. Y aunque el tiempo era ideal, sin lluvia y con poco viento, los adoquines eran tan \u00e1speros y desiguales como siempre y las tormentas anteriores hab\u00edan dejado charcos y barro a los lados de algunos tramos adoquinados que sorprendieron a muchos corredores.<\/p>\n<p>La victoria de Van der Poel le convierte en el segundo corredor, junto con su compatriota el holand\u00e9s Roger De Vlaeminck, en ganar tanto el campeonato del mundo de ciclocross como la Par\u00eds-Roubaix. Jasper Philipsen, compa\u00f1ero de equipo de Van der Poel, termin\u00f3 segundo, a 46 segundos, y Van Aert fue tercero, muy desanimado. Fue un d\u00eda muy malo para los neum\u00e1ticos Jumbo-Visma. El principal lugarteniente de Van Aert, Christophe Laporte, rodaba en el grupo de cabeza con su l\u00edder cuando tambi\u00e9n pinch\u00f3; perdi\u00f3 40 segundos, nunca pudo recuperar terreno y termin\u00f3 d\u00e9cimo.<\/p>\n<p>Van der Poel declar\u00f3 a Eurosport que el pinchazo de su rival fue &#8220;desafortunado, porque de lo contrario podr\u00edamos haber corrido juntos hasta la meta. Necesitas un poco de suerte y buenas piernas para ganar [la Par\u00eds-Roubaix], y hoy he tenido ambas cosas&#8221;. Y se mostr\u00f3 claramente encantado de que Philipsen acabara segundo: &#8220;No puede ser mejor&#8221;.<\/p>\n<p>La 120\u00aa edici\u00f3n de la que muchos consideran la carrera en ruta m\u00e1s dura del mundo fue la Par\u00eds-Roubaix m\u00e1s r\u00e1pida jam\u00e1s disputada, con una velocidad media de 46,841 km\/h. La velocidad media m\u00e1xima anterior, de 45,79 km\/h, se registr\u00f3 el a\u00f1o pasado. En palabras del ganador: &#8220;Es una locura lo r\u00e1pido que ha ido&#8221;. Ese ritmo -la primera hora se corri\u00f3 a una media de 51,4 km\/h- impidi\u00f3 que se formara una escapada con \u00e9xito hasta que se hab\u00edan corrido 80 km. La velocidad, el tama\u00f1o del pelot\u00f3n, los adoquines h\u00famedos y la lucha constante por la posici\u00f3n dentro del pelot\u00f3n provocaron el asombroso n\u00famero de ca\u00eddas y aver\u00edas mec\u00e1nicas. La Par\u00eds-Roubaix siempre ha sido ca\u00f3tica, pero incluso los observadores m\u00e1s veteranos de la carrera afirmaron que se trataba de una carnicer\u00eda inusual.<\/p>\n<div class=\"embed-controller-wrapper\">\n<blockquote class=\"twitter-tweet\" data-width=\"500\" data-dnt=\"true\">\n<p lang=\"und\" dir=\"ltr\">\ud83d\udfe5\ud83d\udfe5\ud83d\udfe5\ud83d\udfe5\ud83d\udfe5\ud83d\udfe5\ud83d\udfe5\ud83d\udfe5\ud83d\udfe5\ud83d\udfe5\ud83d\udfe5\ud83d\udfe5<br \/>\ud83d\udfe5\ud83d\udfe5\ud83d\udfe5\ud83d\udfe5\ud83d\udfe5\ud83d\udfe5\ud83d\udfe5\ud83d\udfe5\ud83d\udfe5\ud83d\udfe5\ud83d\udfe5\ud83d\udfe5<br \/>\u2b1c\u2b1c\u2b1c\u2b1c\u2b1c\u2b1c\u2b1c\u2b1c\u2b1c\u2b1c\u2b1c\u2b1c<br \/>\u2b1c\u2b1c\u2b1c\u2b1c\u2b1c\u2b1c\u2b1c\u2b1c\u2b1c\u2b1c\u2b1c\u2b1c<br \/>\ud83d\udfe6\ud83d\udfe6\ud83d\udfe6\ud83d\udfe6\ud83d\udfe6\ud83d\udfe6\ud83d\udfe6\ud83d\udfe6\ud83d\udfe6\ud83d\udfe6\ud83d\udfe6\ud83d\udfe6<br \/>\ud83d\udfe6\ud83d\udfe6\ud83d\udfe6\ud83d\udfe6\ud83d\udfe6\ud83d\udfe6<a href=\"https:\/\/twitter.com\/mathieuvdpoel?ref_src=twsrc%5Etfw\">@mathieuvdpoel<\/a> <\/p>\n<p>\ud83c\udfc6 2023 <a href=\"https:\/\/twitter.com\/hashtag\/ParisRoubaix?src=hash&amp;ref_src=twsrc%5Etfw\">#ParisRoubaix<\/a> <a href=\"https:\/\/t.co\/Zlnr9yjAU4\">pic.twitter.com\/Zlnr9yjAU4<\/a><\/p>\n<p>&mdash; Paris-Roubaix (@parisroubaix) <a href=\"https:\/\/twitter.com\/parisroubaix\/status\/1645344721416454145?ref_src=twsrc%5Etfw\">April 10, 2023<\/a><\/p><\/blockquote>\n<p><script async data-src=\"https:\/\/platform.twitter.com\/widgets.js\" charset=\"utf-8\"><\/script><\/div>\n<p>&nbsp;<\/p>\n<p>Sagan no s\u00f3lo se vio obligado a abandonar la carrera, sino que una fuerte ca\u00edda en el legendario bosque de Arenberg, un tramo de 2,3 km de adoquines infamemente cruel, tambi\u00e9n oblig\u00f3 al ganador del a\u00f1o pasado, Dylan van Baarle, a abandonar. Esto supuso otro golpe para las perspectivas de Van Aert, ya que el ex corredor del Ineos Grenadiers hab\u00eda sido considerado un elemento importante en los planes del<a href=\"https:\/\/www.welovecycling.com\/es\/2022\/07\/08\/nutricion-jumbo-visma\/\"> Jumbo-Visma<\/a> para la carrera.<\/p>\n<p>Pero fue Degenkolb, de 34 a\u00f1os, quien quiz\u00e1s sufri\u00f3 la ca\u00edda m\u00e1s cruel, que se produjo a falta de 16,3 km para el final de la carrera, cuando \u00e9l, van der Poel y Phillipsen se disputaban la posici\u00f3n en otro estrecho tramo de adoquines. &#8220;Cuando llegas tan lejos y est\u00e1s en posici\u00f3n de luchar por la victoria, esta ca\u00edda fue obviamente muy decepcionante&#8221;, <a href=\"https:\/\/twitter.com\/VelonCC\">dijo Degenkolb<\/a>. &#8220;As\u00ed son las carreras&#8221;.<\/p>\n<p>Pero es van Aert quien probablemente tenga la mejor raz\u00f3n para lamentar su suerte. La desesperaci\u00f3n grabada en su rostro mientras sub\u00eda al escal\u00f3n m\u00e1s bajo del podio hablaba por s\u00ed sola de lo desesperadamente que hab\u00eda deseado ganar la carrera y de lo profunda que era su decepci\u00f3n. &#8220;Ya he pasado por esto antes&#8221;, dijo <a href=\"https:\/\/sporza.be\/nl\/2023\/04\/09\/wout-van-aert-getroost-door-zoontje-groots-in-verlies-wist-meteen-dat-het-over-was-bij-wissel~1681051796020\/\">Van Aert a Sporza.<\/a> &#8220;Pero en un momento as\u00ed es muy amargo. Roubaix sigue estando maldita para m\u00ed&#8221;.<\/p>\n<p>Dijo que supo que sus opciones de victoria se hab\u00edan esfumado en el momento en que qued\u00f3 claro que tendr\u00eda que desmontar. &#8220;Inmediatamente supe que se hab\u00eda acabado con ese cambio de bicicleta&#8221;, dijo. &#8220;Perd\u00ed entre 20 y 25 segundos. Eso no se puede recuperar con un Mathieu en plena forma&#8221;.<\/p>\n<p>En cuanto al ganador, estaba en el s\u00e9ptimo cielo. &#8220;He tenido uno de [mis] mejores d\u00edas sobre la moto&#8221;, declar\u00f3 a Eurosport. &#8220;Es un sue\u00f1o&#8221;.<\/p>\n<p>Pero para muchos otros corredores, Par\u00eds-Roubaix volvi\u00f3 a ser una pesadilla.<\/p>\n","protected":false},"excerpt":{"rendered":"<p>Mathieu Van der Poel (Alpecin-Deceunick) se aprovech\u00f3 de un pinchazo sufrido por su archirrival, Wout Van Aert (Jumbo-Visma), a falta [&hellip;]<\/p>\n","protected":false},"author":29,"featured_media":9810,"comment_status":"open","ping_status":"open","sticky":false,"template":"","format":"standard","meta":{"footnotes":""},"categories":[7],"tags":[2234],"global-categories":[],"class_list":["post-9808","post","type-post","status-publish","format-standard","has-post-thumbnail","hentry","category-carretera","tag-roubaix"],"yoast_head":"<!-- This site is optimized with the Yoast SEO Premium plugin v25.3 (Yoast SEO v25.9) - https:\/\/yoast.com\/wordpress\/plugins\/seo\/ -->\n<title>El pinchazo de Van Aert abre las puertas de Roubaix a Van der Poel<\/title>\n<meta name=\"description\" content=\"El pinchazo de Van Aert abre las puertas de Roubaix a Van der Poel. Cr\u00f3nica de la Paris Roubaix m\u00e1s r\u00e1pida de la historia.\" \/>\n<meta name=\"robots\" content=\"index, follow, max-snippet:-1, max-image-preview:large, max-video-preview:-1\" \/>\n<link rel=\"canonical\" href=\"https:\/\/www.welovecycling.com\/es\/2023\/04\/10\/roubaix-van-der-poel\/\" \/>\n<meta property=\"og:locale\" content=\"es_ES\" \/>\n<meta property=\"og:type\" content=\"article\" \/>\n<meta property=\"og:title\" content=\"El pinchazo de Van Aert abre las puertas de Roubaix a Van der Poel\" \/>\n<meta property=\"og:description\" content=\"El pinchazo de Van Aert abre las puertas de Roubaix a Van der Poel. Cr\u00f3nica de la Paris Roubaix m\u00e1s r\u00e1pida de la historia.\" \/>\n<meta property=\"og:url\" content=\"https:\/\/www.welovecycling.com\/es\/2023\/04\/10\/roubaix-van-der-poel\/\" \/>\n<meta property=\"og:site_name\" content=\"\u0160koda We Love Cycling - Spain\" \/>\n<meta property=\"article:published_time\" content=\"2023-04-10T20:59:07+00:00\" \/>\n<meta property=\"og:image\" content=\"https:\/\/d2p6e6u75xmxt8.cloudfront.net\/6\/2023\/04\/Mathieu-van-der-Poel-Paris-Roubaix-profimedia-0768266533-CVR.webp\" \/>\n\t<meta property=\"og:image:width\" content=\"990\" \/>\n\t<meta property=\"og:image:height\" content=\"660\" \/>\n\t<meta property=\"og:image:type\" content=\"image\/webp\" \/>\n<meta name=\"author\" content=\"We Love Cycling Spain\" \/>\n<meta name=\"twitter:card\" content=\"summary_large_image\" \/>\n<meta name=\"twitter:description\" content=\"El pinchazo de Van Aert abre las puertas de Roubaix a Van der Poel. Cr\u00f3nica de la Paris Roubaix m\u00e1s r\u00e1pida de la historia.\" \/>\n<meta name=\"twitter:label1\" content=\"Written by\" \/>\n\t<meta name=\"twitter:data1\" content=\"Siegfried Mortkowitz\" \/>\n\t<meta name=\"twitter:label2\" content=\"Est. reading time\" \/>\n\t<meta name=\"twitter:data2\" content=\"4\" \/>\n<script type=\"application\/ld+json\" class=\"yoast-schema-graph\">{\"@context\":\"https:\/\/schema.org\",\"@graph\":[{\"@type\":\"WebPage\",\"@id\":\"https:\/\/www.welovecycling.com\/es\/2023\/04\/10\/roubaix-van-der-poel\/\",\"url\":\"https:\/\/www.welovecycling.com\/es\/2023\/04\/10\/roubaix-van-der-poel\/\",\"name\":\"El pinchazo de Van Aert abre las puertas de Roubaix a Van der Poel\",\"isPartOf\":{\"@id\":\"https:\/\/www.welovecycling.com\/es\/#website\"},\"primaryImageOfPage\":{\"@id\":\"https:\/\/www.welovecycling.com\/es\/2023\/04\/10\/roubaix-van-der-poel\/#primaryimage\"},\"image\":{\"@id\":\"https:\/\/www.welovecycling.com\/es\/2023\/04\/10\/roubaix-van-der-poel\/#primaryimage\"},\"thumbnailUrl\":\"https:\/\/d2p6e6u75xmxt8.cloudfront.net\/6\/2023\/04\/Mathieu-van-der-Poel-Paris-Roubaix-profimedia-0768266533-CVR.webp\",\"datePublished\":\"2023-04-10T20:59:07+00:00\",\"author\":{\"@id\":\"https:\/\/www.welovecycling.com\/es\/#\/schema\/person\/deb61715b5812698ee79fb96f343ccd4\"},\"description\":\"El pinchazo de Van Aert abre las puertas de Roubaix a Van der Poel. Cr\u00f3nica de la Paris Roubaix m\u00e1s r\u00e1pida de la historia.\",\"breadcrumb\":{\"@id\":\"https:\/\/www.welovecycling.com\/es\/2023\/04\/10\/roubaix-van-der-poel\/#breadcrumb\"},\"inLanguage\":\"es-ES\",\"potentialAction\":[{\"@type\":\"ReadAction\",\"target\":[\"https:\/\/www.welovecycling.com\/es\/2023\/04\/10\/roubaix-van-der-poel\/\"]}]},{\"@type\":\"ImageObject\",\"inLanguage\":\"es-ES\",\"@id\":\"https:\/\/www.welovecycling.com\/es\/2023\/04\/10\/roubaix-van-der-poel\/#primaryimage\",\"url\":\"https:\/\/d2p6e6u75xmxt8.cloudfront.net\/6\/2023\/04\/Mathieu-van-der-Poel-Paris-Roubaix-profimedia-0768266533-CVR.webp\",\"contentUrl\":\"https:\/\/d2p6e6u75xmxt8.cloudfront.net\/6\/2023\/04\/Mathieu-van-der-Poel-Paris-Roubaix-profimedia-0768266533-CVR.webp\",\"width\":990,\"height\":660,\"caption\":\"Mathieu van der Poel\"},{\"@type\":\"BreadcrumbList\",\"@id\":\"https:\/\/www.welovecycling.com\/es\/2023\/04\/10\/roubaix-van-der-poel\/#breadcrumb\",\"itemListElement\":[{\"@type\":\"ListItem\",\"position\":1,\"name\":\"Home\",\"item\":\"https:\/\/www.welovecycling.com\/es\/\"},{\"@type\":\"ListItem\",\"position\":2,\"name\":\"El pinchazo de Van Aert abre las puertas de Roubaix a Van der Poel\"}]},{\"@type\":\"WebSite\",\"@id\":\"https:\/\/www.welovecycling.com\/es\/#website\",\"url\":\"https:\/\/www.welovecycling.com\/es\/\",\"name\":\"\u0160koda We Love Cycling - Spain\",\"description\":\"\u0160koda WeLoveCycling Spain\",\"potentialAction\":[{\"@type\":\"SearchAction\",\"target\":{\"@type\":\"EntryPoint\",\"urlTemplate\":\"https:\/\/www.welovecycling.com\/es\/?s={search_term_string}\"},\"query-input\":{\"@type\":\"PropertyValueSpecification\",\"valueRequired\":true,\"valueName\":\"search_term_string\"}}],\"inLanguage\":\"es-ES\"},{\"@type\":\"Person\",\"@id\":\"https:\/\/www.welovecycling.com\/es\/#\/schema\/person\/deb61715b5812698ee79fb96f343ccd4\",\"name\":\"We Love Cycling Spain\",\"image\":{\"@type\":\"ImageObject\",\"inLanguage\":\"es-ES\",\"@id\":\"https:\/\/www.welovecycling.com\/es\/#\/schema\/person\/image\/\",\"url\":\"https:\/\/secure.gravatar.com\/avatar\/c824b04e6df0e37a03219d0b6481672889df542894588964102459e46513159c?s=96&d=mm&r=g\",\"contentUrl\":\"https:\/\/secure.gravatar.com\/avatar\/c824b04e6df0e37a03219d0b6481672889df542894588964102459e46513159c?s=96&d=mm&r=g\",\"caption\":\"We Love Cycling Spain\"},\"url\":\"https:\/\/www.welovecycling.com\/es\/author\/amunoz\/\"}]}<\/script>\n<!-- \/ Yoast SEO Premium plugin. -->","yoast_head_json":{"title":"El pinchazo de Van Aert abre las puertas de Roubaix a Van der Poel","description":"El pinchazo de Van Aert abre las puertas de Roubaix a Van der Poel. Cr\u00f3nica de la Paris Roubaix m\u00e1s r\u00e1pida de la historia.","robots":{"index":"index","follow":"follow","max-snippet":"max-snippet:-1","max-image-preview":"max-image-preview:large","max-video-preview":"max-video-preview:-1"},"canonical":"https:\/\/www.welovecycling.com\/es\/2023\/04\/10\/roubaix-van-der-poel\/","og_locale":"es_ES","og_type":"article","og_title":"El pinchazo de Van Aert abre las puertas de Roubaix a Van der Poel","og_description":"El pinchazo de Van Aert abre las puertas de Roubaix a Van der Poel. Cr\u00f3nica de la Paris Roubaix m\u00e1s r\u00e1pida de la historia.","og_url":"https:\/\/www.welovecycling.com\/es\/2023\/04\/10\/roubaix-van-der-poel\/","og_site_name":"\u0160koda We Love Cycling - Spain","article_published_time":"2023-04-10T20:59:07+00:00","og_image":[{"width":990,"height":660,"url":"https:\/\/d2p6e6u75xmxt8.cloudfront.net\/6\/2023\/04\/Mathieu-van-der-Poel-Paris-Roubaix-profimedia-0768266533-CVR.webp","type":"image\/webp"}],"author":"We Love Cycling Spain","twitter_card":"summary_large_image","twitter_description":"El pinchazo de Van Aert abre las puertas de Roubaix a Van der Poel. Cr\u00f3nica de la Paris Roubaix m\u00e1s r\u00e1pida de la historia.","twitter_misc":{"Written by":"Siegfried Mortkowitz","Est. reading time":"4"},"schema":{"@context":"https:\/\/schema.org","@graph":[{"@type":"WebPage","@id":"https:\/\/www.welovecycling.com\/es\/2023\/04\/10\/roubaix-van-der-poel\/","url":"https:\/\/www.welovecycling.com\/es\/2023\/04\/10\/roubaix-van-der-poel\/","name":"El pinchazo de Van Aert abre las puertas de Roubaix a Van der Poel","isPartOf":{"@id":"https:\/\/www.welovecycling.com\/es\/#website"},"primaryImageOfPage":{"@id":"https:\/\/www.welovecycling.com\/es\/2023\/04\/10\/roubaix-van-der-poel\/#primaryimage"},"image":{"@id":"https:\/\/www.welovecycling.com\/es\/2023\/04\/10\/roubaix-van-der-poel\/#primaryimage"},"thumbnailUrl":"https:\/\/d2p6e6u75xmxt8.cloudfront.net\/6\/2023\/04\/Mathieu-van-der-Poel-Paris-Roubaix-profimedia-0768266533-CVR.webp","datePublished":"2023-04-10T20:59:07+00:00","author":{"@id":"https:\/\/www.welovecycling.com\/es\/#\/schema\/person\/deb61715b5812698ee79fb96f343ccd4"},"description":"El pinchazo de Van Aert abre las puertas de Roubaix a Van der Poel. Cr\u00f3nica de la Paris Roubaix m\u00e1s r\u00e1pida de la historia.","breadcrumb":{"@id":"https:\/\/www.welovecycling.com\/es\/2023\/04\/10\/roubaix-van-der-poel\/#breadcrumb"},"inLanguage":"es-ES","potentialAction":[{"@type":"ReadAction","target":["https:\/\/www.welovecycling.com\/es\/2023\/04\/10\/roubaix-van-der-poel\/"]}]},{"@type":"ImageObject","inLanguage":"es-ES","@id":"https:\/\/www.welovecycling.com\/es\/2023\/04\/10\/roubaix-van-der-poel\/#primaryimage","url":"https:\/\/d2p6e6u75xmxt8.cloudfront.net\/6\/2023\/04\/Mathieu-van-der-Poel-Paris-Roubaix-profimedia-0768266533-CVR.webp","contentUrl":"https:\/\/d2p6e6u75xmxt8.cloudfront.net\/6\/2023\/04\/Mathieu-van-der-Poel-Paris-Roubaix-profimedia-0768266533-CVR.webp","width":990,"height":660,"caption":"Mathieu van der Poel"},{"@type":"BreadcrumbList","@id":"https:\/\/www.welovecycling.com\/es\/2023\/04\/10\/roubaix-van-der-poel\/#breadcrumb","itemListElement":[{"@type":"ListItem","position":1,"name":"Home","item":"https:\/\/www.welovecycling.com\/es\/"},{"@type":"ListItem","position":2,"name":"El pinchazo de Van Aert abre las puertas de Roubaix a Van der Poel"}]},{"@type":"WebSite","@id":"https:\/\/www.welovecycling.com\/es\/#website","url":"https:\/\/www.welovecycling.com\/es\/","name":"\u0160koda We Love Cycling - Spain","description":"\u0160koda WeLoveCycling Spain","potentialAction":[{"@type":"SearchAction","target":{"@type":"EntryPoint","urlTemplate":"https:\/\/www.welovecycling.com\/es\/?s={search_term_string}"},"query-input":{"@type":"PropertyValueSpecification","valueRequired":true,"valueName":"search_term_string"}}],"inLanguage":"es-ES"},{"@type":"Person","@id":"https:\/\/www.welovecycling.com\/es\/#\/schema\/person\/deb61715b5812698ee79fb96f343ccd4","name":"We Love Cycling Spain","image":{"@type":"ImageObject","inLanguage":"es-ES","@id":"https:\/\/www.welovecycling.com\/es\/#\/schema\/person\/image\/","url":"https:\/\/secure.gravatar.com\/avatar\/c824b04e6df0e37a03219d0b6481672889df542894588964102459e46513159c?s=96&d=mm&r=g","contentUrl":"https:\/\/secure.gravatar.com\/avatar\/c824b04e6df0e37a03219d0b6481672889df542894588964102459e46513159c?s=96&d=mm&r=g","caption":"We Love Cycling Spain"},"url":"https:\/\/www.welovecycling.com\/es\/author\/amunoz\/"}]}},"_links":{"self":[{"href":"https:\/\/www.welovecycling.com\/es\/wp-json\/wp\/v2\/posts\/9808","targetHints":{"allow":["GET"]}}],"collection":[{"href":"https:\/\/www.welovecycling.com\/es\/wp-json\/wp\/v2\/posts"}],"about":[{"href":"https:\/\/www.welovecycling.com\/es\/wp-json\/wp\/v2\/types\/post"}],"author":[{"embeddable":true,"href":"https:\/\/www.welovecycling.com\/es\/wp-json\/wp\/v2\/users\/29"}],"replies":[{"embeddable":true,"href":"https:\/\/www.welovecycling.com\/es\/wp-json\/wp\/v2\/comments?post=9808"}],"version-history":[{"count":1,"href":"https:\/\/www.welovecycling.com\/es\/wp-json\/wp\/v2\/posts\/9808\/revisions"}],"predecessor-version":[{"id":9811,"href":"https:\/\/www.welovecycling.com\/es\/wp-json\/wp\/v2\/posts\/9808\/revisions\/9811"}],"wp:featuredmedia":[{"embeddable":true,"href":"https:\/\/www.welovecycling.com\/es\/wp-json\/wp\/v2\/media\/9810"}],"wp:attachment":[{"href":"https:\/\/www.welovecycling.com\/es\/wp-json\/wp\/v2\/media?parent=9808"}],"wp:term":[{"taxonomy":"category","embeddable":true,"href":"https:\/\/www.welovecycling.com\/es\/wp-json\/wp\/v2\/categories?post=9808"},{"taxonomy":"post_tag","embeddable":true,"href":"https:\/\/www.welovecycling.com\/es\/wp-json\/wp\/v2\/tags?post=9808"},{"taxonomy":"global-categories","embeddable":true,"href":"https:\/\/www.welovecycling.com\/es\/wp-json\/wp\/v2\/global-categories?post=9808"}],"curies":[{"name":"wp","href":"https:\/\/api.w.org\/{rel}","templated":true}]}}