{"id":9767,"date":"2023-03-15T11:21:57","date_gmt":"2023-03-15T09:21:57","guid":{"rendered":"https:\/\/www.welovecycling.com\/es\/?p=9767"},"modified":"2023-03-15T10:35:12","modified_gmt":"2023-03-15T08:35:12","slug":"volta-catalunya-2023-el-turno-de-remco-evenepoel","status":"publish","type":"post","link":"https:\/\/www.welovecycling.com\/es\/2023\/03\/15\/volta-catalunya-2023-el-turno-de-remco-evenepoel\/","title":{"rendered":"Volta Catalunya 2023, el turno de Remco Evenepoel"},"content":{"rendered":"<p style=\"font-weight: 400;\"><strong>La Volta Catalunya 2023 pasa por ser la m\u00e1s monta\u00f1osa de los \u00faltimos a\u00f1os. En las siete etapas no hay ninguna que tenga menos de 2.000 metros de desnivel y tres de ellas, casi el 50%, acaban en alto. No es el mejor terreno para Remco Evenepoel, que necesita al menos una crono para coger distancias, pero despu\u00e9s de las exhibiciones de Pogacar en Par\u00eds Niza y Andaluc\u00eda, de Vingegaard en O Gran Cami\u00f1o y de Roglic en Tirreno Adri\u00e1tico, llega el turno del belga de comenzar a ganar en Europa.<\/strong><\/p>\n<p><!--more--><\/p>\n<p style=\"font-weight: 400;\">La lista de rivales del actual campe\u00f3n del Mundo, que ha estado concentrado las \u00faltimas semanas en altitud en Tenerife, es muy similar a la que se encontrar\u00e1 en el pr\u00f3ximo Giro de Italia, el m\u00e1ximo objetivo de la temporada de <a href=\"https:\/\/www.welovecycling.com\/es\/2023\/01\/13\/evenepoel-2023\/\">Remco Evenepoel<\/a>. El corredor del Soudal tendr\u00e1 a <a href=\"https:\/\/www.welovecycling.com\/es\/2022\/02\/04\/roglic-2\/\">Primoz Roglic<\/a> como <a href=\"https:\/\/www.procyclingstats.com\/race\/volta-a-catalunya\/2023\/startlist\">m\u00e1ximo rival<\/a>. El esloveno adelant\u00f3 su regreso tras la operaci\u00f3n de hombre y lo hizo con tres victorias de etapa y la general de Tirreno. Pero ojo, no exhibi\u00e9ndose como su paisano <strong>Pogacar,<\/strong> sino rematando en grupos peque\u00f1os las llegadas en alto y sumando segundos de bonificaci\u00f3n.<\/p>\n<figure id=\"attachment_8693\" aria-describedby=\"caption-attachment-8693\" style=\"width: 1000px\" class=\"wp-caption aligncenter\"><a href=\"https:\/\/d2p6e6u75xmxt8.cloudfront.net\/6\/2022\/03\/Volta-2022.jpg\"><img loading=\"lazy\" decoding=\"async\" class=\"wp-image-8693 size-full\" src=\"https:\/\/d2p6e6u75xmxt8.cloudfront.net\/6\/2022\/03\/Volta-2022.jpg\" alt=\"\" width=\"1000\" height=\"666\" srcset=\"https:\/\/d2p6e6u75xmxt8.cloudfront.net\/6\/2022\/03\/Volta-2022.jpg 1000w, https:\/\/d2p6e6u75xmxt8.cloudfront.net\/6\/2022\/03\/Volta-2022-300x200.jpg 300w, https:\/\/d2p6e6u75xmxt8.cloudfront.net\/6\/2022\/03\/Volta-2022-768x511.jpg 768w, https:\/\/d2p6e6u75xmxt8.cloudfront.net\/6\/2022\/03\/Volta-2022-272x182.jpg 272w\" sizes=\"auto, (max-width: 1000px) 100vw, 1000px\" \/><\/a><figcaption id=\"caption-attachment-8693\" class=\"wp-caption-text\"><em>Carapaz e Higuita fueron los protagonistas en 2022.<\/em><\/figcaption><\/figure>\n<p><strong><br \/>\nJoao Almeida<\/strong>, que tambi\u00e9n hizo una buena Tirreno (acab\u00f3 tercero) ser\u00e1 el l\u00edder del UAE y <strong>Geraint Thomas<\/strong>, que todav\u00eda no ha competido, el hombre clave del Ineos. Le acompa\u00f1ar\u00e1 <a href=\"https:\/\/www.welovecycling.com\/es\/2023\/03\/13\/egan-bernal\/\">Egan Bernal e<\/a>n su primera prueba en Europa para conocer su estado de forma un a\u00f1o despu\u00e9s de la ca\u00edda que casi le retira del ciclismo profesional. El calendario del colombiano todav\u00eda es una inc\u00f3gnita, pero los d\u00edas que pudo competir en Argentina no transmiti\u00f3 malas sensaciones.<\/p>\n<p>Aunque en un principio no ir\u00e1 al Giro, sino al Tour, <strong>Mikel Landa<\/strong> es otro candidato a vencer en la Volta. Buenas sensaciones en Andaluc\u00eda y mejores en Tirreno, y al vasco le viene de maravilla que no haya contrarreloj. Algo parecido le sucede al tridente del Education First, que llega con <strong>Carapaz, Ur\u00e1n y Chaves<\/strong>. Tampoco hay que descartar a algunos &#8216;tapados&#8217; como <strong>Kelderman, Adam Yates, Marc Soler, Sepp Kuss o Romain Barde<\/strong>t, que siempre puede tener su oportunidad si entran en alguna fuga y hacerse con esta Volta a Catalunya 2023.<\/p>\n<p style=\"font-weight: 400;\"><strong style=\"font-family: 'SKODA Next', 'Adjusted Arial Fallback', sans-serif; font-size: 1.8em;\">Mucha monta\u00f1a<\/strong><\/p>\n<p>En los \u00faltimos a\u00f1os <strong>La Volta a Catalunya<\/strong> se ha convertido en una carrera de tradiciones. El inicio suele ser en una localidad costera con una etapa de media monta\u00f1a y el final en el circuito urbano de Montjuic. En este 2023 se mantiene esa tendencia. Esta vez el pistoletazo de salida se dar\u00e1 el <strong>lunes 20 de marzo en Saint Feliu de Guixols<\/strong> en una jornada de 164 kil\u00f3metros, 2.000 metros de desnivel y un tercera, el Alt de Romanya, con la cima a 20 kil\u00f3metros de meta, y algunos repechos sueltos por ah\u00ed. Sol\u00eda ser el d\u00eda de Thomas de Gendt.<\/p>\n<p>La monta\u00f1a no tarda en llegar en esta edici\u00f3n. La segunda etapa finaliza en la estaci\u00f3n de esqu\u00ed de <strong>Vallter 2000<\/strong>, un final habitual. Esta vez con un trazado llano de 100 kil\u00f3metros hasta Olot y paso previo por el Coll de Coubet (1\u00aa) antes de la larga ascensi\u00f3n a Vallter, en la que todos los l\u00edderes tendr\u00e1n que descubrir sus cartas.<\/p>\n<p>M\u00e1s complicada es la tercera jornada, con salida en Olot, 180 kil\u00f3metros de recorrido y casi 4.000 metros de desnivel. Ser\u00e1 la etapa reina con dos puertos previos <a href=\"https:\/\/www.voltacatalunya.cat\/es\/etapa-3\">Coll de Coubet y Coll de la Creuta,<\/a> antes de encarar la subida final a<strong> La Molina.<\/strong><br \/>\n<img loading=\"lazy\" decoding=\"async\" class=\"alignnone size-extra-large\" src=\"https:\/\/img.aso.fr\/core_app\/img-cycling-vcc-jpg\/3\/3026\/0:0,2517:963-960-0-70\/e7089\" width=\"960\" height=\"367\" \/>En otras ediciones sol\u00eda quedar la clasificaci\u00f3n general casi decidida despu\u00e9s de estas dos jornadas de monta\u00f1a, pero en este 2023 entra en juego un nuevo factor. No ser\u00e1 el jueves 23 de marzo, con una etapa en &#8216;descenso&#8217; desde Ll\u00edvia hasta <strong>Sabadell<\/strong>, pero que en 188 kil\u00f3metros acumula m\u00e1s de 2.300 metros de desnivel y es ideal para las fugas porque de inicio est\u00e1 la subida a La Molina. Sino el <strong>viernes 24 de marzo.<\/strong> El trazado de la quinta etapa solo tiene repechos y puertos cortos en sus primeros 160 kil\u00f3metros por el interior y la costa de Tarragona, pero finaliza en el puerto m\u00e1s duro de esta edici\u00f3n, la subida a<strong> Lo Port (tambi\u00e9n conocido como Mont Caro). El coll tiene en su parte final 9 kil\u00f3metros a una media del 9%<\/strong> y en la edici\u00f3n de 2017 ya fue decisivo en el duelo entre Froome, Contador y Valverde (con victoria de este \u00faltimo)<\/p>\n<p><img loading=\"lazy\" decoding=\"async\" class=\"alignnone size-extra-large\" src=\"https:\/\/img.aso.fr\/core_app\/img-cycling-vcc-jpg\/web-altimetrias-2023-5\/3231\/0:0,2343:777-960-0-70\/242d6\" width=\"960\" height=\"318\" \/><\/p>\n<p>Para el s\u00e1bado etapa en territorio comanche entre <strong>Martorell y Molins de Rei,<\/strong> porque es de esas que no tienen un cent\u00edmetro llano. Acumula m\u00e1s de 2.700 metros de desnivel en 183 kil\u00f3metros y en la parte final tiene dos puertos, Alt de la Creu de Aragall (2\u00aa) y Alt de Fontpineda (3\u00aa), este \u00faltimo a solo 15 de meta. Y para el domingo, si la clasificaci\u00f3n de la Volta a Catalunya 2023 est\u00e1 apretada, los seis pasos por el <a href=\"https:\/\/www.voltacatalunya.cat\/es\/etapa-7\">Alt del Castell de Montjui<\/a>c terminar\u00e1n de decidir el ganador.<\/p>\n<lite-youtube videoid=ZBvcNdAk9uY params=\"enablejsapi=1\" style=\"background-image: url('https:\/\/i.ytimg.com\/vi_webp\/ZBvcNdAk9uY\/maxresdefault.webp');\"><\/lite-youtube>\n","protected":false},"excerpt":{"rendered":"<p>La Volta Catalunya 2023 pasa por ser la m\u00e1s monta\u00f1osa de los \u00faltimos a\u00f1os. En las siete etapas no hay [&hellip;]<\/p>\n","protected":false},"author":29,"featured_media":9613,"comment_status":"open","ping_status":"open","sticky":false,"template":"","format":"standard","meta":{"footnotes":""},"categories":[7],"tags":[2231,2232],"global-categories":[1164],"class_list":["post-9767","post","type-post","status-publish","format-standard","has-post-thumbnail","hentry","category-carretera","tag-volta-2023","tag-volta-catalunya-2023","global-categories-cycling"],"yoast_head":"<!-- This site is optimized with the Yoast SEO Premium plugin v25.3 (Yoast SEO v25.9) - https:\/\/yoast.com\/wordpress\/plugins\/seo\/ -->\n<title>Volta Catalunya 2023, el turno de Remco Evenepoel<\/title>\n<meta name=\"description\" content=\"Volta Catalunya 2023, el turno de Remco Evenepoel. Previa de la edici\u00f3n de 2023 de la carrera catalana con m\u00e1s monta\u00f1a que nunca.\" \/>\n<meta name=\"robots\" content=\"index, follow, max-snippet:-1, max-image-preview:large, max-video-preview:-1\" \/>\n<link rel=\"canonical\" href=\"https:\/\/www.welovecycling.com\/es\/2023\/03\/15\/volta-catalunya-2023-el-turno-de-remco-evenepoel\/\" \/>\n<meta property=\"og:locale\" content=\"es_ES\" \/>\n<meta property=\"og:type\" content=\"article\" \/>\n<meta property=\"og:title\" content=\"Volta Catalunya 2023, el turno de Remco Evenepoel\" \/>\n<meta property=\"og:description\" content=\"Volta Catalunya 2023, el turno de Remco Evenepoel. Previa de la edici\u00f3n de 2023 de la carrera catalana con m\u00e1s monta\u00f1a que nunca.\" \/>\n<meta property=\"og:url\" content=\"https:\/\/www.welovecycling.com\/es\/2023\/03\/15\/volta-catalunya-2023-el-turno-de-remco-evenepoel\/\" \/>\n<meta property=\"og:site_name\" content=\"\u0160koda We Love Cycling - Spain\" \/>\n<meta property=\"article:published_time\" content=\"2023-03-15T09:21:57+00:00\" \/>\n<meta property=\"og:image\" content=\"https:\/\/d2p6e6u75xmxt8.cloudfront.net\/6\/2023\/01\/Remco-Evenepoel-profimedia-0748080787-CVR.webp\" \/>\n\t<meta property=\"og:image:width\" content=\"990\" \/>\n\t<meta property=\"og:image:height\" content=\"660\" \/>\n\t<meta property=\"og:image:type\" content=\"image\/webp\" \/>\n<meta name=\"author\" content=\"We Love Cycling Spain\" \/>\n<meta name=\"twitter:card\" content=\"summary_large_image\" \/>\n<meta name=\"twitter:title\" content=\"Volta Catalunya 2023, el turno de Remco Evenepoel\" \/>\n<meta name=\"twitter:description\" content=\"Volta Catalunya 2023, el turno de Remco Evenepoel. Previa de la edici\u00f3n de 2023 de la carrera catalana con m\u00e1s monta\u00f1a que nunca.\" \/>\n<meta name=\"twitter:label1\" content=\"Written by\" \/>\n\t<meta name=\"twitter:data1\" content=\"Luis Ortega @ciclored\" \/>\n\t<meta name=\"twitter:label2\" content=\"Est. reading time\" \/>\n\t<meta name=\"twitter:data2\" content=\"4 minutes\" \/>\n<script type=\"application\/ld+json\" class=\"yoast-schema-graph\">{\"@context\":\"https:\/\/schema.org\",\"@graph\":[{\"@type\":\"WebPage\",\"@id\":\"https:\/\/www.welovecycling.com\/es\/2023\/03\/15\/volta-catalunya-2023-el-turno-de-remco-evenepoel\/\",\"url\":\"https:\/\/www.welovecycling.com\/es\/2023\/03\/15\/volta-catalunya-2023-el-turno-de-remco-evenepoel\/\",\"name\":\"Volta Catalunya 2023, el turno de Remco Evenepoel\",\"isPartOf\":{\"@id\":\"https:\/\/www.welovecycling.com\/es\/#website\"},\"primaryImageOfPage\":{\"@id\":\"https:\/\/www.welovecycling.com\/es\/2023\/03\/15\/volta-catalunya-2023-el-turno-de-remco-evenepoel\/#primaryimage\"},\"image\":{\"@id\":\"https:\/\/www.welovecycling.com\/es\/2023\/03\/15\/volta-catalunya-2023-el-turno-de-remco-evenepoel\/#primaryimage\"},\"thumbnailUrl\":\"https:\/\/d2p6e6u75xmxt8.cloudfront.net\/6\/2023\/01\/Remco-Evenepoel-profimedia-0748080787-CVR.webp\",\"datePublished\":\"2023-03-15T09:21:57+00:00\",\"author\":{\"@id\":\"https:\/\/www.welovecycling.com\/es\/#\/schema\/person\/deb61715b5812698ee79fb96f343ccd4\"},\"description\":\"Volta Catalunya 2023, el turno de Remco Evenepoel. Previa de la edici\u00f3n de 2023 de la carrera catalana con m\u00e1s monta\u00f1a que nunca.\",\"breadcrumb\":{\"@id\":\"https:\/\/www.welovecycling.com\/es\/2023\/03\/15\/volta-catalunya-2023-el-turno-de-remco-evenepoel\/#breadcrumb\"},\"inLanguage\":\"es-ES\",\"potentialAction\":[{\"@type\":\"ReadAction\",\"target\":[\"https:\/\/www.welovecycling.com\/es\/2023\/03\/15\/volta-catalunya-2023-el-turno-de-remco-evenepoel\/\"]}]},{\"@type\":\"ImageObject\",\"inLanguage\":\"es-ES\",\"@id\":\"https:\/\/www.welovecycling.com\/es\/2023\/03\/15\/volta-catalunya-2023-el-turno-de-remco-evenepoel\/#primaryimage\",\"url\":\"https:\/\/d2p6e6u75xmxt8.cloudfront.net\/6\/2023\/01\/Remco-Evenepoel-profimedia-0748080787-CVR.webp\",\"contentUrl\":\"https:\/\/d2p6e6u75xmxt8.cloudfront.net\/6\/2023\/01\/Remco-Evenepoel-profimedia-0748080787-CVR.webp\",\"width\":990,\"height\":660,\"caption\":\"Remco Evenepoel\"},{\"@type\":\"BreadcrumbList\",\"@id\":\"https:\/\/www.welovecycling.com\/es\/2023\/03\/15\/volta-catalunya-2023-el-turno-de-remco-evenepoel\/#breadcrumb\",\"itemListElement\":[{\"@type\":\"ListItem\",\"position\":1,\"name\":\"Home\",\"item\":\"https:\/\/www.welovecycling.com\/es\/\"},{\"@type\":\"ListItem\",\"position\":2,\"name\":\"Volta Catalunya 2023, el turno de Remco Evenepoel\"}]},{\"@type\":\"WebSite\",\"@id\":\"https:\/\/www.welovecycling.com\/es\/#website\",\"url\":\"https:\/\/www.welovecycling.com\/es\/\",\"name\":\"\u0160koda We Love Cycling - Spain\",\"description\":\"\u0160koda WeLoveCycling Spain\",\"potentialAction\":[{\"@type\":\"SearchAction\",\"target\":{\"@type\":\"EntryPoint\",\"urlTemplate\":\"https:\/\/www.welovecycling.com\/es\/?s={search_term_string}\"},\"query-input\":{\"@type\":\"PropertyValueSpecification\",\"valueRequired\":true,\"valueName\":\"search_term_string\"}}],\"inLanguage\":\"es-ES\"},{\"@type\":\"Person\",\"@id\":\"https:\/\/www.welovecycling.com\/es\/#\/schema\/person\/deb61715b5812698ee79fb96f343ccd4\",\"name\":\"We Love Cycling Spain\",\"image\":{\"@type\":\"ImageObject\",\"inLanguage\":\"es-ES\",\"@id\":\"https:\/\/www.welovecycling.com\/es\/#\/schema\/person\/image\/\",\"url\":\"https:\/\/secure.gravatar.com\/avatar\/c824b04e6df0e37a03219d0b6481672889df542894588964102459e46513159c?s=96&d=mm&r=g\",\"contentUrl\":\"https:\/\/secure.gravatar.com\/avatar\/c824b04e6df0e37a03219d0b6481672889df542894588964102459e46513159c?s=96&d=mm&r=g\",\"caption\":\"We Love Cycling Spain\"},\"url\":\"https:\/\/www.welovecycling.com\/es\/author\/amunoz\/\"}]}<\/script>\n<!-- \/ Yoast SEO Premium plugin. -->","yoast_head_json":{"title":"Volta Catalunya 2023, el turno de Remco Evenepoel","description":"Volta Catalunya 2023, el turno de Remco Evenepoel. Previa de la edici\u00f3n de 2023 de la carrera catalana con m\u00e1s monta\u00f1a que nunca.","robots":{"index":"index","follow":"follow","max-snippet":"max-snippet:-1","max-image-preview":"max-image-preview:large","max-video-preview":"max-video-preview:-1"},"canonical":"https:\/\/www.welovecycling.com\/es\/2023\/03\/15\/volta-catalunya-2023-el-turno-de-remco-evenepoel\/","og_locale":"es_ES","og_type":"article","og_title":"Volta Catalunya 2023, el turno de Remco Evenepoel","og_description":"Volta Catalunya 2023, el turno de Remco Evenepoel. Previa de la edici\u00f3n de 2023 de la carrera catalana con m\u00e1s monta\u00f1a que nunca.","og_url":"https:\/\/www.welovecycling.com\/es\/2023\/03\/15\/volta-catalunya-2023-el-turno-de-remco-evenepoel\/","og_site_name":"\u0160koda We Love Cycling - Spain","article_published_time":"2023-03-15T09:21:57+00:00","og_image":[{"width":990,"height":660,"url":"https:\/\/d2p6e6u75xmxt8.cloudfront.net\/6\/2023\/01\/Remco-Evenepoel-profimedia-0748080787-CVR.webp","type":"image\/webp"}],"author":"We Love Cycling Spain","twitter_card":"summary_large_image","twitter_title":"Volta Catalunya 2023, el turno de Remco Evenepoel","twitter_description":"Volta Catalunya 2023, el turno de Remco Evenepoel. Previa de la edici\u00f3n de 2023 de la carrera catalana con m\u00e1s monta\u00f1a que nunca.","twitter_misc":{"Written by":"Luis Ortega @ciclored","Est. reading time":"4 minutes"},"schema":{"@context":"https:\/\/schema.org","@graph":[{"@type":"WebPage","@id":"https:\/\/www.welovecycling.com\/es\/2023\/03\/15\/volta-catalunya-2023-el-turno-de-remco-evenepoel\/","url":"https:\/\/www.welovecycling.com\/es\/2023\/03\/15\/volta-catalunya-2023-el-turno-de-remco-evenepoel\/","name":"Volta Catalunya 2023, el turno de Remco Evenepoel","isPartOf":{"@id":"https:\/\/www.welovecycling.com\/es\/#website"},"primaryImageOfPage":{"@id":"https:\/\/www.welovecycling.com\/es\/2023\/03\/15\/volta-catalunya-2023-el-turno-de-remco-evenepoel\/#primaryimage"},"image":{"@id":"https:\/\/www.welovecycling.com\/es\/2023\/03\/15\/volta-catalunya-2023-el-turno-de-remco-evenepoel\/#primaryimage"},"thumbnailUrl":"https:\/\/d2p6e6u75xmxt8.cloudfront.net\/6\/2023\/01\/Remco-Evenepoel-profimedia-0748080787-CVR.webp","datePublished":"2023-03-15T09:21:57+00:00","author":{"@id":"https:\/\/www.welovecycling.com\/es\/#\/schema\/person\/deb61715b5812698ee79fb96f343ccd4"},"description":"Volta Catalunya 2023, el turno de Remco Evenepoel. Previa de la edici\u00f3n de 2023 de la carrera catalana con m\u00e1s monta\u00f1a que nunca.","breadcrumb":{"@id":"https:\/\/www.welovecycling.com\/es\/2023\/03\/15\/volta-catalunya-2023-el-turno-de-remco-evenepoel\/#breadcrumb"},"inLanguage":"es-ES","potentialAction":[{"@type":"ReadAction","target":["https:\/\/www.welovecycling.com\/es\/2023\/03\/15\/volta-catalunya-2023-el-turno-de-remco-evenepoel\/"]}]},{"@type":"ImageObject","inLanguage":"es-ES","@id":"https:\/\/www.welovecycling.com\/es\/2023\/03\/15\/volta-catalunya-2023-el-turno-de-remco-evenepoel\/#primaryimage","url":"https:\/\/d2p6e6u75xmxt8.cloudfront.net\/6\/2023\/01\/Remco-Evenepoel-profimedia-0748080787-CVR.webp","contentUrl":"https:\/\/d2p6e6u75xmxt8.cloudfront.net\/6\/2023\/01\/Remco-Evenepoel-profimedia-0748080787-CVR.webp","width":990,"height":660,"caption":"Remco Evenepoel"},{"@type":"BreadcrumbList","@id":"https:\/\/www.welovecycling.com\/es\/2023\/03\/15\/volta-catalunya-2023-el-turno-de-remco-evenepoel\/#breadcrumb","itemListElement":[{"@type":"ListItem","position":1,"name":"Home","item":"https:\/\/www.welovecycling.com\/es\/"},{"@type":"ListItem","position":2,"name":"Volta Catalunya 2023, el turno de Remco Evenepoel"}]},{"@type":"WebSite","@id":"https:\/\/www.welovecycling.com\/es\/#website","url":"https:\/\/www.welovecycling.com\/es\/","name":"\u0160koda We Love Cycling - Spain","description":"\u0160koda WeLoveCycling Spain","potentialAction":[{"@type":"SearchAction","target":{"@type":"EntryPoint","urlTemplate":"https:\/\/www.welovecycling.com\/es\/?s={search_term_string}"},"query-input":{"@type":"PropertyValueSpecification","valueRequired":true,"valueName":"search_term_string"}}],"inLanguage":"es-ES"},{"@type":"Person","@id":"https:\/\/www.welovecycling.com\/es\/#\/schema\/person\/deb61715b5812698ee79fb96f343ccd4","name":"We Love Cycling Spain","image":{"@type":"ImageObject","inLanguage":"es-ES","@id":"https:\/\/www.welovecycling.com\/es\/#\/schema\/person\/image\/","url":"https:\/\/secure.gravatar.com\/avatar\/c824b04e6df0e37a03219d0b6481672889df542894588964102459e46513159c?s=96&d=mm&r=g","contentUrl":"https:\/\/secure.gravatar.com\/avatar\/c824b04e6df0e37a03219d0b6481672889df542894588964102459e46513159c?s=96&d=mm&r=g","caption":"We Love Cycling Spain"},"url":"https:\/\/www.welovecycling.com\/es\/author\/amunoz\/"}]}},"_links":{"self":[{"href":"https:\/\/www.welovecycling.com\/es\/wp-json\/wp\/v2\/posts\/9767","targetHints":{"allow":["GET"]}}],"collection":[{"href":"https:\/\/www.welovecycling.com\/es\/wp-json\/wp\/v2\/posts"}],"about":[{"href":"https:\/\/www.welovecycling.com\/es\/wp-json\/wp\/v2\/types\/post"}],"author":[{"embeddable":true,"href":"https:\/\/www.welovecycling.com\/es\/wp-json\/wp\/v2\/users\/29"}],"replies":[{"embeddable":true,"href":"https:\/\/www.welovecycling.com\/es\/wp-json\/wp\/v2\/comments?post=9767"}],"version-history":[{"count":2,"href":"https:\/\/www.welovecycling.com\/es\/wp-json\/wp\/v2\/posts\/9767\/revisions"}],"predecessor-version":[{"id":9777,"href":"https:\/\/www.welovecycling.com\/es\/wp-json\/wp\/v2\/posts\/9767\/revisions\/9777"}],"wp:featuredmedia":[{"embeddable":true,"href":"https:\/\/www.welovecycling.com\/es\/wp-json\/wp\/v2\/media\/9613"}],"wp:attachment":[{"href":"https:\/\/www.welovecycling.com\/es\/wp-json\/wp\/v2\/media?parent=9767"}],"wp:term":[{"taxonomy":"category","embeddable":true,"href":"https:\/\/www.welovecycling.com\/es\/wp-json\/wp\/v2\/categories?post=9767"},{"taxonomy":"post_tag","embeddable":true,"href":"https:\/\/www.welovecycling.com\/es\/wp-json\/wp\/v2\/tags?post=9767"},{"taxonomy":"global-categories","embeddable":true,"href":"https:\/\/www.welovecycling.com\/es\/wp-json\/wp\/v2\/global-categories?post=9767"}],"curies":[{"name":"wp","href":"https:\/\/api.w.org\/{rel}","templated":true}]}}