{"id":9756,"date":"2023-03-17T13:59:15","date_gmt":"2023-03-17T11:59:15","guid":{"rendered":"https:\/\/www.welovecycling.com\/es\/?p=9756"},"modified":"2023-03-13T14:15:29","modified_gmt":"2023-03-13T12:15:29","slug":"tour-francia-e-bike","status":"publish","type":"post","link":"https:\/\/www.welovecycling.com\/es\/2023\/03\/17\/tour-francia-e-bike\/","title":{"rendered":"El Tour de Francia en E-Bike, una experiencia diferente"},"content":{"rendered":"<p style=\"font-weight: 400;\"><strong>La m\u00e1s grandiosa de todas las carreras ciclistas, el Tour de Francia, por fin est\u00e1 aqu\u00ed. Bueno, en realidad no, ya que a\u00fan queda algo de tiempo hasta el 1 de julio, pero si est\u00e1s pensando en hacer realidad tus sue\u00f1os y visitar este \u00e9pico evento, es hora de empezar a planificarlo. No hay mayor sensaci\u00f3n para un aficionado al ciclismo que ver a los mejores corredores del mundo compitiendo por el maillot amarillo, especialmente en las \u00faltimas etapas de la carrera. Uno nunca se puede olvidar los momentos \u00e9picos en los que las leyendas se forjaban en la batalla con sus compa\u00f1eros.<\/strong><\/p>\n<p><!--more--><\/p>\n<p style=\"font-weight: 400;\">Pero, \u00bfy si dij\u00e9ramos que hay una forma a\u00fan mejor de vivir la carrera? Ver un final de etapa es incre\u00edble, pero ver varios o todos es a\u00fan mejor. Y como la mayor\u00eda de nosotros no somos ciclistas profesionales, superar el intenso recorrido al que se someten los participantes probablemente nos destrozar\u00eda f\u00edsica y mentalmente. As\u00ed que no hay mejor manera de vivir el Tour de Francia en e-bike<\/p>\n<p style=\"font-weight: 400;\"><strong style=\"font-family: 'SKODA Next', 'Adjusted Arial Fallback', sans-serif; font-size: 1.8em;\">\u00bfPor qu\u00e9 un Tour de Francia en e-bike puede ser lo mejor del a\u00f1o?<\/strong><\/p>\n<p>El Tour de Francia es una aut\u00e9ntica celebraci\u00f3n del ciclismo y de la bicicleta. Naturalmente, un ciclista ocasional, o incluso un aficionado al ciclismo, dif\u00edcilmente recorrer\u00e1 las largas distancias que pedalean los ciclistas del Tour, pero aun as\u00ed experimentar\u00e1 una fracci\u00f3n de la emoci\u00f3n, conquistando algunas de las cimas m\u00e1s altas del ciclismo. Adem\u00e1s, seguir los pasos de grandes ciclistas como <a href=\"https:\/\/www.welovecycling.com\/es\/2022\/10\/31\/tres-mejores-escaladores\/\">Charly Gaul<\/a>, Mark Cavendish, Greg LeMond y otros es un sue\u00f1o imposible para millones de ciclistas de todo el mundo. Por eso, tener la suerte de vivir en Europa abre muchas puertas para hacer realidad este sue\u00f1o colectivo.<\/p>\n<p>Lo que es a\u00fan m\u00e1s tentador es la oportunidad de tocar literalmente a algunas leyendas en ciernes. Un e-bike tour te ayudar\u00e1 a disfrutar de su pasatiempo favorito y, al mismo tiempo, te dar\u00e1 la oportunidad de seguir el Tour en su camino. Esto har\u00e1 que el tour no s\u00f3lo sea lo m\u00e1s destacado de su a\u00f1o, sino tambi\u00e9n uno de los mejores momentos de tu vida.<\/p>\n<h2><strong>Doing an e-bike tour on your own<\/strong><\/h2>\n<p style=\"font-weight: 400;\">Es una buena idea si <a href=\"https:\/\/www.welovecycling.com\/wide\/2022\/06\/23\/getting-ready-for-the-tour-de-france\/\">puedes organizarte<\/a> y asegurarte el traslado a lo largo de la ruta del Tour de Francia. La ruta del Tour ya es bien conocida y este a\u00f1o, comenzar\u00e1 en el Pa\u00eds Vasco. S\u00f3lo en los primeros d\u00edas, tendr\u00e1s que ser capaz de organizar tus traslados de Bilbao a Vitoria Gasteiz y de San Sebasti\u00e1n a Amorebieta-Etxano. Sin embargo, la log\u00edstica no es tan f\u00e1cil como podr\u00eda pensarse. As\u00ed que, si quieres seguir todo el Tour de Francia, ir por tu cuenta es un poco complicado. Necesitar\u00e1s a alguien que te apoye a lo largo del camino, lo que puedo garantizarte que no es como preferir\u00edas pasar tus vacaciones.<\/p>\n<h2><strong>Viajes organizados<\/strong><\/h2>\n<p style=\"font-weight: 400;\">No hay nada m\u00e1s emocionante que las etapas de monta\u00f1a. Aqu\u00ed es donde los l\u00edderes se separan del pelot\u00f3n, y aqu\u00ed es donde nacen las verdaderas leyendas. Naturalmente, ni siquiera podemos so\u00f1ar con escalar un Col a semejante velocidad como ciclistas profesionales, pero aunque no estemos en plena forma, podemos experimentar esta emoci\u00f3n gracias a unas vacaciones organizadas. Formar parte de un grupo de ciclistas desconocidos tiene sus ventajas y sus inconvenientes. Por un lado, se puede pasar un rato muy agradable con gente de ideas afines y ampliar la red de amigos pilotos de todo el mundo. Por otro lado, es una forma estupenda de encontrar nuevos lugares para pedalear y, lo que es m\u00e1s importante, gente que puede ense\u00f1arte las joyas ocultas de sus pa\u00edses.<\/p>\n<figure id=\"attachment_5242\" aria-describedby=\"caption-attachment-5242\" style=\"width: 1250px\" class=\"wp-caption alignnone\"><a href=\"https:\/\/d2p6e6u75xmxt8.cloudfront.net\/6\/2019\/08\/col-du-tourmalet-profimedia-0460075142.jpg\"><img loading=\"lazy\" decoding=\"async\" class=\"wp-image-5242 size-full\" src=\"https:\/\/d2p6e6u75xmxt8.cloudfront.net\/6\/2019\/08\/col-du-tourmalet-profimedia-0460075142.jpg\" alt=\"Col du Tourmalet\" width=\"1250\" height=\"830\" srcset=\"https:\/\/d2p6e6u75xmxt8.cloudfront.net\/6\/2019\/08\/col-du-tourmalet-profimedia-0460075142.jpg 1250w, https:\/\/d2p6e6u75xmxt8.cloudfront.net\/6\/2019\/08\/col-du-tourmalet-profimedia-0460075142-300x199.jpg 300w, https:\/\/d2p6e6u75xmxt8.cloudfront.net\/6\/2019\/08\/col-du-tourmalet-profimedia-0460075142-768x510.jpg 768w, https:\/\/d2p6e6u75xmxt8.cloudfront.net\/6\/2019\/08\/col-du-tourmalet-profimedia-0460075142-1024x680.jpg 1024w, https:\/\/d2p6e6u75xmxt8.cloudfront.net\/6\/2019\/08\/col-du-tourmalet-profimedia-0460075142-272x182.jpg 272w\" sizes=\"auto, (max-width: 1250px) 100vw, 1250px\" \/><\/a><figcaption id=\"caption-attachment-5242\" class=\"wp-caption-text\">Tourmalet \u00a9 Profimedia, Polaris<\/figcaption><\/figure>\n<p style=\"font-weight: 400;\">\n<p>Adem\u00e1s, est\u00e1 el rebufo. Muchos dir\u00e1n que no es tan importante en la escalada. Es evidente que nunca han subido con viento en contra. Independientemente de la velocidad, cuando est\u00e1s resguardado reduces tu potencia, lo que te da el impulso necesario para subir a la cima.<\/p>\n<p>La desventaja obvia, sin embargo, es que tendr\u00e1s que esperar al ciclista m\u00e1s lento del grupo. Esto no es una carrera, y no puedes ir dejando corredores por el camino. Muchos gu\u00edas tur\u00edsticos ofrecen este tipo de experiencias, pero la mayor\u00eda suelen ofrecer un viaje de un solo d\u00eda a un col espec\u00edfico. Lo que recomendamos es utilizar uno de los gu\u00edas tur\u00edsticos oficiales del Tour de Francia. Disponen de excelentes paquetes y puedes elegir el que m\u00e1s te convenga en funci\u00f3n de tu experiencia, preferencias y tu forma f\u00edsica actual.<\/p>\n<h2><strong>Las experiencias memorables tienen un precio<\/strong><\/h2>\n<p style=\"font-weight: 400;\">No es de extra\u00f1ar que estos magn\u00edficos recorridos no sean baratos. Aun as\u00ed, los recuerdos de compartir el Tour de Francia en e-bike con los mejores ciclistas del mundo y tener la oportunidad de mezclarte con algunos de tus \u00eddolos no se pueden medir en dinero. Esta experiencia quedar\u00e1 grabada en tus recuerdos, as\u00ed que en lugar de pensar si merece la pena, una mejor forma de emplear tu tiempo ser\u00eda pensar qu\u00e9 deber\u00edas llevarte a esta incre\u00edble aventura.<\/p>\n","protected":false},"excerpt":{"rendered":"<p>La m\u00e1s grandiosa de todas las carreras ciclistas, el Tour de Francia, por fin est\u00e1 aqu\u00ed. Bueno, en realidad no, [&hellip;]<\/p>\n","protected":false},"author":29,"featured_media":9762,"comment_status":"open","ping_status":"open","sticky":false,"template":"","format":"standard","meta":{"footnotes":""},"categories":[7],"tags":[],"global-categories":[],"class_list":["post-9756","post","type-post","status-publish","format-standard","has-post-thumbnail","hentry","category-carretera"],"yoast_head":"<!-- This site is optimized with the Yoast SEO Premium plugin v25.3 (Yoast SEO v25.9) - https:\/\/yoast.com\/wordpress\/plugins\/seo\/ -->\n<title>El Tour de Francia en E-Bike, una experiencia diferente<\/title>\n<meta name=\"description\" content=\"El Tour de Francia en E-Bike, una experiencia diferente y sencilla que te permitir\u00e1 ver la carrera utilizando menos log\u00edstica.\" \/>\n<meta name=\"robots\" content=\"index, follow, max-snippet:-1, max-image-preview:large, max-video-preview:-1\" \/>\n<link rel=\"canonical\" href=\"https:\/\/www.welovecycling.com\/es\/2023\/03\/17\/tour-francia-e-bike\/\" \/>\n<meta property=\"og:locale\" content=\"es_ES\" \/>\n<meta property=\"og:type\" content=\"article\" \/>\n<meta property=\"og:title\" content=\"El Tour de Francia en E-Bike, una experiencia diferente\" \/>\n<meta property=\"og:description\" content=\"El Tour de Francia en E-Bike, una experiencia diferente y sencilla que te permitir\u00e1 ver la carrera utilizando menos log\u00edstica.\" \/>\n<meta property=\"og:url\" content=\"https:\/\/www.welovecycling.com\/es\/2023\/03\/17\/tour-francia-e-bike\/\" \/>\n<meta property=\"og:site_name\" content=\"\u0160koda We Love Cycling - Spain\" \/>\n<meta property=\"article:published_time\" content=\"2023-03-17T11:59:15+00:00\" \/>\n<meta property=\"og:image\" content=\"https:\/\/d2p6e6u75xmxt8.cloudfront.net\/6\/2023\/03\/Tour-de-France-Peloton-profimedia-0708722804-CVR.webp\" \/>\n\t<meta property=\"og:image:width\" content=\"990\" \/>\n\t<meta property=\"og:image:height\" content=\"660\" \/>\n\t<meta property=\"og:image:type\" content=\"image\/webp\" \/>\n<meta name=\"author\" content=\"We Love Cycling Spain\" \/>\n<meta name=\"twitter:card\" content=\"summary_large_image\" \/>\n<meta name=\"twitter:title\" content=\"El Tour de Francia en E-Bike, una experiencia diferente\" \/>\n<meta name=\"twitter:description\" content=\"El Tour de Francia en E-Bike, una experiencia diferente y sencilla que te permitir\u00e1 ver la carrera utilizando menos log\u00edstica.\" \/>\n<meta name=\"twitter:label1\" content=\"Written by\" \/>\n\t<meta name=\"twitter:data1\" content=\"Martin Atanasov\" \/>\n\t<meta name=\"twitter:label2\" content=\"Est. reading time\" \/>\n\t<meta name=\"twitter:data2\" content=\"6\" \/>\n<script type=\"application\/ld+json\" class=\"yoast-schema-graph\">{\"@context\":\"https:\/\/schema.org\",\"@graph\":[{\"@type\":\"WebPage\",\"@id\":\"https:\/\/www.welovecycling.com\/es\/2023\/03\/17\/tour-francia-e-bike\/\",\"url\":\"https:\/\/www.welovecycling.com\/es\/2023\/03\/17\/tour-francia-e-bike\/\",\"name\":\"El Tour de Francia en E-Bike, una experiencia diferente\",\"isPartOf\":{\"@id\":\"https:\/\/www.welovecycling.com\/es\/#website\"},\"primaryImageOfPage\":{\"@id\":\"https:\/\/www.welovecycling.com\/es\/2023\/03\/17\/tour-francia-e-bike\/#primaryimage\"},\"image\":{\"@id\":\"https:\/\/www.welovecycling.com\/es\/2023\/03\/17\/tour-francia-e-bike\/#primaryimage\"},\"thumbnailUrl\":\"https:\/\/d2p6e6u75xmxt8.cloudfront.net\/6\/2023\/03\/Tour-de-France-Peloton-profimedia-0708722804-CVR.webp\",\"datePublished\":\"2023-03-17T11:59:15+00:00\",\"author\":{\"@id\":\"https:\/\/www.welovecycling.com\/es\/#\/schema\/person\/deb61715b5812698ee79fb96f343ccd4\"},\"description\":\"El Tour de Francia en E-Bike, una experiencia diferente y sencilla que te permitir\u00e1 ver la carrera utilizando menos log\u00edstica.\",\"breadcrumb\":{\"@id\":\"https:\/\/www.welovecycling.com\/es\/2023\/03\/17\/tour-francia-e-bike\/#breadcrumb\"},\"inLanguage\":\"es-ES\",\"potentialAction\":[{\"@type\":\"ReadAction\",\"target\":[\"https:\/\/www.welovecycling.com\/es\/2023\/03\/17\/tour-francia-e-bike\/\"]}]},{\"@type\":\"ImageObject\",\"inLanguage\":\"es-ES\",\"@id\":\"https:\/\/www.welovecycling.com\/es\/2023\/03\/17\/tour-francia-e-bike\/#primaryimage\",\"url\":\"https:\/\/d2p6e6u75xmxt8.cloudfront.net\/6\/2023\/03\/Tour-de-France-Peloton-profimedia-0708722804-CVR.webp\",\"contentUrl\":\"https:\/\/d2p6e6u75xmxt8.cloudfront.net\/6\/2023\/03\/Tour-de-France-Peloton-profimedia-0708722804-CVR.webp\",\"width\":990,\"height\":660,\"caption\":\"Tour de France peloton\"},{\"@type\":\"BreadcrumbList\",\"@id\":\"https:\/\/www.welovecycling.com\/es\/2023\/03\/17\/tour-francia-e-bike\/#breadcrumb\",\"itemListElement\":[{\"@type\":\"ListItem\",\"position\":1,\"name\":\"Home\",\"item\":\"https:\/\/www.welovecycling.com\/es\/\"},{\"@type\":\"ListItem\",\"position\":2,\"name\":\"El Tour de Francia en E-Bike, una experiencia diferente\"}]},{\"@type\":\"WebSite\",\"@id\":\"https:\/\/www.welovecycling.com\/es\/#website\",\"url\":\"https:\/\/www.welovecycling.com\/es\/\",\"name\":\"\u0160koda We Love Cycling - Spain\",\"description\":\"\u0160koda WeLoveCycling Spain\",\"potentialAction\":[{\"@type\":\"SearchAction\",\"target\":{\"@type\":\"EntryPoint\",\"urlTemplate\":\"https:\/\/www.welovecycling.com\/es\/?s={search_term_string}\"},\"query-input\":{\"@type\":\"PropertyValueSpecification\",\"valueRequired\":true,\"valueName\":\"search_term_string\"}}],\"inLanguage\":\"es-ES\"},{\"@type\":\"Person\",\"@id\":\"https:\/\/www.welovecycling.com\/es\/#\/schema\/person\/deb61715b5812698ee79fb96f343ccd4\",\"name\":\"We Love Cycling Spain\",\"image\":{\"@type\":\"ImageObject\",\"inLanguage\":\"es-ES\",\"@id\":\"https:\/\/www.welovecycling.com\/es\/#\/schema\/person\/image\/\",\"url\":\"https:\/\/secure.gravatar.com\/avatar\/c824b04e6df0e37a03219d0b6481672889df542894588964102459e46513159c?s=96&d=mm&r=g\",\"contentUrl\":\"https:\/\/secure.gravatar.com\/avatar\/c824b04e6df0e37a03219d0b6481672889df542894588964102459e46513159c?s=96&d=mm&r=g\",\"caption\":\"We Love Cycling Spain\"},\"url\":\"https:\/\/www.welovecycling.com\/es\/author\/amunoz\/\"}]}<\/script>\n<!-- \/ Yoast SEO Premium plugin. -->","yoast_head_json":{"title":"El Tour de Francia en E-Bike, una experiencia diferente","description":"El Tour de Francia en E-Bike, una experiencia diferente y sencilla que te permitir\u00e1 ver la carrera utilizando menos log\u00edstica.","robots":{"index":"index","follow":"follow","max-snippet":"max-snippet:-1","max-image-preview":"max-image-preview:large","max-video-preview":"max-video-preview:-1"},"canonical":"https:\/\/www.welovecycling.com\/es\/2023\/03\/17\/tour-francia-e-bike\/","og_locale":"es_ES","og_type":"article","og_title":"El Tour de Francia en E-Bike, una experiencia diferente","og_description":"El Tour de Francia en E-Bike, una experiencia diferente y sencilla que te permitir\u00e1 ver la carrera utilizando menos log\u00edstica.","og_url":"https:\/\/www.welovecycling.com\/es\/2023\/03\/17\/tour-francia-e-bike\/","og_site_name":"\u0160koda We Love Cycling - Spain","article_published_time":"2023-03-17T11:59:15+00:00","og_image":[{"width":990,"height":660,"url":"https:\/\/d2p6e6u75xmxt8.cloudfront.net\/6\/2023\/03\/Tour-de-France-Peloton-profimedia-0708722804-CVR.webp","type":"image\/webp"}],"author":"We Love Cycling Spain","twitter_card":"summary_large_image","twitter_title":"El Tour de Francia en E-Bike, una experiencia diferente","twitter_description":"El Tour de Francia en E-Bike, una experiencia diferente y sencilla que te permitir\u00e1 ver la carrera utilizando menos log\u00edstica.","twitter_misc":{"Written by":"Martin Atanasov","Est. reading time":"6"},"schema":{"@context":"https:\/\/schema.org","@graph":[{"@type":"WebPage","@id":"https:\/\/www.welovecycling.com\/es\/2023\/03\/17\/tour-francia-e-bike\/","url":"https:\/\/www.welovecycling.com\/es\/2023\/03\/17\/tour-francia-e-bike\/","name":"El Tour de Francia en E-Bike, una experiencia diferente","isPartOf":{"@id":"https:\/\/www.welovecycling.com\/es\/#website"},"primaryImageOfPage":{"@id":"https:\/\/www.welovecycling.com\/es\/2023\/03\/17\/tour-francia-e-bike\/#primaryimage"},"image":{"@id":"https:\/\/www.welovecycling.com\/es\/2023\/03\/17\/tour-francia-e-bike\/#primaryimage"},"thumbnailUrl":"https:\/\/d2p6e6u75xmxt8.cloudfront.net\/6\/2023\/03\/Tour-de-France-Peloton-profimedia-0708722804-CVR.webp","datePublished":"2023-03-17T11:59:15+00:00","author":{"@id":"https:\/\/www.welovecycling.com\/es\/#\/schema\/person\/deb61715b5812698ee79fb96f343ccd4"},"description":"El Tour de Francia en E-Bike, una experiencia diferente y sencilla que te permitir\u00e1 ver la carrera utilizando menos log\u00edstica.","breadcrumb":{"@id":"https:\/\/www.welovecycling.com\/es\/2023\/03\/17\/tour-francia-e-bike\/#breadcrumb"},"inLanguage":"es-ES","potentialAction":[{"@type":"ReadAction","target":["https:\/\/www.welovecycling.com\/es\/2023\/03\/17\/tour-francia-e-bike\/"]}]},{"@type":"ImageObject","inLanguage":"es-ES","@id":"https:\/\/www.welovecycling.com\/es\/2023\/03\/17\/tour-francia-e-bike\/#primaryimage","url":"https:\/\/d2p6e6u75xmxt8.cloudfront.net\/6\/2023\/03\/Tour-de-France-Peloton-profimedia-0708722804-CVR.webp","contentUrl":"https:\/\/d2p6e6u75xmxt8.cloudfront.net\/6\/2023\/03\/Tour-de-France-Peloton-profimedia-0708722804-CVR.webp","width":990,"height":660,"caption":"Tour de France peloton"},{"@type":"BreadcrumbList","@id":"https:\/\/www.welovecycling.com\/es\/2023\/03\/17\/tour-francia-e-bike\/#breadcrumb","itemListElement":[{"@type":"ListItem","position":1,"name":"Home","item":"https:\/\/www.welovecycling.com\/es\/"},{"@type":"ListItem","position":2,"name":"El Tour de Francia en E-Bike, una experiencia diferente"}]},{"@type":"WebSite","@id":"https:\/\/www.welovecycling.com\/es\/#website","url":"https:\/\/www.welovecycling.com\/es\/","name":"\u0160koda We Love Cycling - Spain","description":"\u0160koda WeLoveCycling Spain","potentialAction":[{"@type":"SearchAction","target":{"@type":"EntryPoint","urlTemplate":"https:\/\/www.welovecycling.com\/es\/?s={search_term_string}"},"query-input":{"@type":"PropertyValueSpecification","valueRequired":true,"valueName":"search_term_string"}}],"inLanguage":"es-ES"},{"@type":"Person","@id":"https:\/\/www.welovecycling.com\/es\/#\/schema\/person\/deb61715b5812698ee79fb96f343ccd4","name":"We Love Cycling Spain","image":{"@type":"ImageObject","inLanguage":"es-ES","@id":"https:\/\/www.welovecycling.com\/es\/#\/schema\/person\/image\/","url":"https:\/\/secure.gravatar.com\/avatar\/c824b04e6df0e37a03219d0b6481672889df542894588964102459e46513159c?s=96&d=mm&r=g","contentUrl":"https:\/\/secure.gravatar.com\/avatar\/c824b04e6df0e37a03219d0b6481672889df542894588964102459e46513159c?s=96&d=mm&r=g","caption":"We Love Cycling Spain"},"url":"https:\/\/www.welovecycling.com\/es\/author\/amunoz\/"}]}},"_links":{"self":[{"href":"https:\/\/www.welovecycling.com\/es\/wp-json\/wp\/v2\/posts\/9756","targetHints":{"allow":["GET"]}}],"collection":[{"href":"https:\/\/www.welovecycling.com\/es\/wp-json\/wp\/v2\/posts"}],"about":[{"href":"https:\/\/www.welovecycling.com\/es\/wp-json\/wp\/v2\/types\/post"}],"author":[{"embeddable":true,"href":"https:\/\/www.welovecycling.com\/es\/wp-json\/wp\/v2\/users\/29"}],"replies":[{"embeddable":true,"href":"https:\/\/www.welovecycling.com\/es\/wp-json\/wp\/v2\/comments?post=9756"}],"version-history":[{"count":2,"href":"https:\/\/www.welovecycling.com\/es\/wp-json\/wp\/v2\/posts\/9756\/revisions"}],"predecessor-version":[{"id":9766,"href":"https:\/\/www.welovecycling.com\/es\/wp-json\/wp\/v2\/posts\/9756\/revisions\/9766"}],"wp:featuredmedia":[{"embeddable":true,"href":"https:\/\/www.welovecycling.com\/es\/wp-json\/wp\/v2\/media\/9762"}],"wp:attachment":[{"href":"https:\/\/www.welovecycling.com\/es\/wp-json\/wp\/v2\/media?parent=9756"}],"wp:term":[{"taxonomy":"category","embeddable":true,"href":"https:\/\/www.welovecycling.com\/es\/wp-json\/wp\/v2\/categories?post=9756"},{"taxonomy":"post_tag","embeddable":true,"href":"https:\/\/www.welovecycling.com\/es\/wp-json\/wp\/v2\/tags?post=9756"},{"taxonomy":"global-categories","embeddable":true,"href":"https:\/\/www.welovecycling.com\/es\/wp-json\/wp\/v2\/global-categories?post=9756"}],"curies":[{"name":"wp","href":"https:\/\/api.w.org\/{rel}","templated":true}]}}