{"id":9754,"date":"2023-03-13T13:36:56","date_gmt":"2023-03-13T11:36:56","guid":{"rendered":"https:\/\/www.welovecycling.com\/es\/?p=9754"},"modified":"2023-03-13T13:36:56","modified_gmt":"2023-03-13T11:36:56","slug":"egan-bernal","status":"publish","type":"post","link":"https:\/\/www.welovecycling.com\/es\/2023\/03\/13\/egan-bernal\/","title":{"rendered":"El incierto futuro de Egan Bernal en el Tour de Francia"},"content":{"rendered":"<p><strong>Entre 2012 y 2019, Ineos Grenadiers y su versi\u00f3n anterior, Team Sky, ganaron 8 de las ediciones del Tour de Francia, una serie sin precedentes de victorias con el maillot amarillo. Ten\u00edan el mejor equipo, la mejor estrategia y los mejores l\u00edderes. El \u00faltimo corredor del equipo Ineos en ganar el Tour fue Egan Bernal.<\/strong><\/p>\n<p><!--more--><\/p>\n<p>Bernal era un fen\u00f3meno. Fue el primer ciclista sudamericano en ganar el Tour y, con 22 a\u00f1os y 196 d\u00edas, el segundo m\u00e1s joven desde 1909. Era f\u00e1cil creer que la racha de victorias de Ineos en el Tour continuar\u00eda durante varios a\u00f1os m\u00e1s con Bernal en el sill\u00edn. Pero abandon\u00f3 el Tour de 2020 por una lesi\u00f3n en la espalda, al a\u00f1o siguiente estuvo plagado de lesiones y, en 2022, choc\u00f3 contra la parte trasera de un autob\u00fas parado a gran velocidad durante un entrenamiento y qued\u00f3 tan malherido que los m\u00e9dicos temieron que acabase parapl\u00e9jico. Su vuelta a la competici\u00f3n ese mismo a\u00f1o fue considerada una especie de milagro.<\/p>\n<p>El objetivo de Bernal siempre ha sido volver a ganar el Tour, y su equipo le ha apoyado sin reservas. Sin embargo, una ca\u00edda en la primera etapa de la Vuelta a San Juan 2023 le oblig\u00f3 a abandonar la carrera varias etapas despu\u00e9s por una lesi\u00f3n en la rodilla, y ha estado apartado desde entonces, poniendo en duda su participaci\u00f3n en el Tour de este a\u00f1o.<\/p>\n<p>Ahora, <a href=\"https:\/\/www.cyclingnews.com\/news\/ineos-grenadiers-confirm-egan-bernals-return-to-racing-in-europe-in-late-march\/\">Ineos ha anunciado<\/a> que Bernal volver\u00e1 a competir en Europa a finales de marzo y podr\u00eda estar en la salida del Tour el 1 de julio: &#8220;Egan volver\u00e1 a Europa muy pronto y, con suerte, estar\u00e1 corriendo a finales de mes&#8221;, dijo el director del equipo, Rod Ellingworth. &#8220;Egan est\u00e1 ansioso por correr, pero a menudo con estos chicos, tienes que retenerle&#8221;. Si Bernal llega al Tour, \u00bfqu\u00e9 papel tendr\u00e1, teniendo en cuenta que habr\u00e1 perdido casi dos meses de competici\u00f3n?<\/p>\n<p>https:\/\/twitter.com\/Eganbernal\/status\/1630595814589431809<\/p>\n<p>&nbsp;<\/p>\n<p>Cuando Ineos habl\u00f3 p\u00fablicamente en enero sobre su posible estrategia para el Tour, el director deportivo del equipo, Steve Cummings, dijo que Ineos podr\u00eda tener tres l\u00edderes en el Tour, Bernal, Carlos Rodr\u00edguez y Dani Mart\u00ednez. &#8220;Ser\u00e1n Dani, potencialmente Egan, y Carlos [como l\u00edderes] en el Tour&#8221;, <a href=\"https:\/\/www.cyclingweekly.com\/racing\/ineos-grenadiers-spanish-speaking-tour-de-france-trident-bernal-martinez-and-rodriguez\">dijo Cummings<\/a>, a\u00f1adiendo que esta estrategia no estaba grabada en piedra. &#8220;La temporada es larga, pueden pasar muchas cosas, y enero es demasiado pronto para ser tan espec\u00edfico al respecto, pero ese es nuestro plan actual. En mayo tendremos una idea mucho m\u00e1s clara de los detalles, de c\u00f3mo lo enfocaremos y de cu\u00e1ntos pilotos protegeremos.&#8221;<\/p>\n<p>Sin embargo, un mes despu\u00e9s, tras la lesi\u00f3n de rodilla de Bernal, la estrategia cambi\u00f3. &#8220;Dani [Mart\u00ednez] es nuestro principal objetivo para el Tour en este momento&#8221;, dijo Ellingworth a Cyclingnews en la Volta ao Algarve, que Mart\u00ednez, de 26 a\u00f1os, gan\u00f3 para conseguir la tercera victoria en una carrera por etapas de su carrera, despu\u00e9s del Crit\u00e9rium du Dauphin\u00e9 en 2020 y la Itzulia Basque Country el a\u00f1o pasado. &#8220;Con Egan&#8221;, a\u00f1adi\u00f3 Ellingworth, &#8220;no estoy poniendo ninguna expectativa en \u00e9l en absoluto. Creo que ser\u00eda injusto. Tendr\u00e1 sus propias expectativas, porque as\u00ed es \u00e9l. Pero todav\u00eda no se puede decir nada sobre el Tour. Est\u00e1 totalmente abierto&#8221;.<\/p>\n<p>Sin embargo, hay que preguntarse por el futuro de Bernal como ciclista de \u00e9lite. Ha declarado en repetidas ocasiones que quiere correr el Tour este a\u00f1o y que quiere volver a ganarlo. Pero, \u00bfse ha vuelto demasiado propenso a las lesiones para competir contra ciclistas de la talla de Tadej Poga\u010dar, <a href=\"https:\/\/www.welovecycling.com\/es\/2023\/01\/05\/vingegaard\/\">Jonas Vingegaard<\/a> y, eventualmente, Mathieu van der Poel? Y las lesiones que sufri\u00f3 en Colombia, \u00bfle impedir\u00e1n volver a alcanzar su mejor nivel? Y, por \u00faltimo, \u00bffue su victoria en el Tour 2019 algo puntual, contra corredores que no est\u00e1n al nivel de sus rivales actuales? El co-l\u00edder del equipo, Geraint Thomas, termin\u00f3 segundo tras el colombiano en esa carrera, y Steven Kruijswijk, del Jumbo-Visma, acab\u00f3 tercero.<\/p>\n<p>Hasta que esas preguntas no tengan una respuesta definitiva, Bernal sigue recibiendo todo el apoyo de su equipo. &#8220;No se le puede reprochar nada de lo que ha hecho&#8221;, dijo Ellingworth. &#8220;Es bastante fenomenal d\u00f3nde est\u00e1. Me env\u00eda v\u00eddeos y actualizaciones de lo que est\u00e1 haciendo en los entrenamientos y, la verdad, no podr\u00eda estar haciendo m\u00e1s. Estamos corriendo con \u00e9l, d\u00e1ndole todas las oportunidades, apoy\u00e1ndole al 100%&#8221;.<\/p>\n<p>Todos los aficionados al ciclismo deber\u00edan cruzar los dedos y desear a Egan Bernal la mejor de las suertes en su regreso. Las grandes vueltas en general, y el Tour de Francia en particular, s\u00f3lo pueden beneficiarse de contar con otro corredor de \u00e9lite sano.<\/p>\n","protected":false},"excerpt":{"rendered":"<p>Entre 2012 y 2019, Ineos Grenadiers y su versi\u00f3n anterior, Team Sky, ganaron 8 de las ediciones del Tour de [&hellip;]<\/p>\n","protected":false},"author":29,"featured_media":9760,"comment_status":"open","ping_status":"open","sticky":false,"template":"","format":"standard","meta":{"footnotes":""},"categories":[7],"tags":[],"global-categories":[],"class_list":["post-9754","post","type-post","status-publish","format-standard","has-post-thumbnail","hentry","category-carretera"],"yoast_head":"<!-- This site is optimized with the Yoast SEO Premium plugin v25.3 (Yoast SEO v25.9) - https:\/\/yoast.com\/wordpress\/plugins\/seo\/ -->\n<title>El incierto futuro de Egan Bernal en el Tour de Francia - We Love Cycling<\/title>\n<meta name=\"description\" content=\"El incierto futuro de Egan Bernal en el Tour de Francia. Una ca\u00edda en la Vuelta a San Juan ha vuelto a reabrir las dudas.\" \/>\n<meta name=\"robots\" content=\"index, follow, max-snippet:-1, max-image-preview:large, max-video-preview:-1\" \/>\n<link rel=\"canonical\" href=\"https:\/\/www.welovecycling.com\/es\/2023\/03\/13\/egan-bernal\/\" \/>\n<meta property=\"og:locale\" content=\"es_ES\" \/>\n<meta property=\"og:type\" content=\"article\" \/>\n<meta property=\"og:title\" content=\"El incierto futuro de Egan Bernal en el Tour de Francia\" \/>\n<meta property=\"og:description\" content=\"El incierto futuro de Egan Bernal en el Tour de Francia. Una ca\u00edda en la Vuelta a San Juan ha vuelto a reabrir las dudas.\" \/>\n<meta property=\"og:url\" content=\"https:\/\/www.welovecycling.com\/es\/2023\/03\/13\/egan-bernal\/\" \/>\n<meta property=\"og:site_name\" content=\"\u0160koda We Love Cycling - Spain\" \/>\n<meta property=\"article:published_time\" content=\"2023-03-13T11:36:56+00:00\" \/>\n<meta property=\"og:image\" content=\"https:\/\/d2p6e6u75xmxt8.cloudfront.net\/6\/2023\/03\/Egan-Bernal-profimedia-0714618595-CVR.webp\" \/>\n\t<meta property=\"og:image:width\" content=\"990\" \/>\n\t<meta property=\"og:image:height\" content=\"660\" \/>\n\t<meta property=\"og:image:type\" content=\"image\/webp\" \/>\n<meta name=\"author\" content=\"We Love Cycling Spain\" \/>\n<meta name=\"twitter:card\" content=\"summary_large_image\" \/>\n<meta name=\"twitter:title\" content=\"El incierto futuro de Egan Bernal en el Tour de Francia\" \/>\n<meta name=\"twitter:description\" content=\"El incierto futuro de Egan Bernal en el Tour de Francia. Una ca\u00edda en la Vuelta a San Juan ha vuelto a reabrir las dudas.\" \/>\n<meta name=\"twitter:label1\" content=\"Written by\" \/>\n\t<meta name=\"twitter:data1\" content=\"Siegfried Mortkowitz\" \/>\n\t<meta name=\"twitter:label2\" content=\"Est. reading time\" \/>\n\t<meta name=\"twitter:data2\" content=\"5\" \/>\n<script type=\"application\/ld+json\" class=\"yoast-schema-graph\">{\"@context\":\"https:\/\/schema.org\",\"@graph\":[{\"@type\":\"WebPage\",\"@id\":\"https:\/\/www.welovecycling.com\/es\/2023\/03\/13\/egan-bernal\/\",\"url\":\"https:\/\/www.welovecycling.com\/es\/2023\/03\/13\/egan-bernal\/\",\"name\":\"El incierto futuro de Egan Bernal en el Tour de Francia - We Love Cycling\",\"isPartOf\":{\"@id\":\"https:\/\/www.welovecycling.com\/es\/#website\"},\"primaryImageOfPage\":{\"@id\":\"https:\/\/www.welovecycling.com\/es\/2023\/03\/13\/egan-bernal\/#primaryimage\"},\"image\":{\"@id\":\"https:\/\/www.welovecycling.com\/es\/2023\/03\/13\/egan-bernal\/#primaryimage\"},\"thumbnailUrl\":\"https:\/\/d2p6e6u75xmxt8.cloudfront.net\/6\/2023\/03\/Egan-Bernal-profimedia-0714618595-CVR.webp\",\"datePublished\":\"2023-03-13T11:36:56+00:00\",\"author\":{\"@id\":\"https:\/\/www.welovecycling.com\/es\/#\/schema\/person\/deb61715b5812698ee79fb96f343ccd4\"},\"description\":\"El incierto futuro de Egan Bernal en el Tour de Francia. Una ca\u00edda en la Vuelta a San Juan ha vuelto a reabrir las dudas.\",\"breadcrumb\":{\"@id\":\"https:\/\/www.welovecycling.com\/es\/2023\/03\/13\/egan-bernal\/#breadcrumb\"},\"inLanguage\":\"es-ES\",\"potentialAction\":[{\"@type\":\"ReadAction\",\"target\":[\"https:\/\/www.welovecycling.com\/es\/2023\/03\/13\/egan-bernal\/\"]}]},{\"@type\":\"ImageObject\",\"inLanguage\":\"es-ES\",\"@id\":\"https:\/\/www.welovecycling.com\/es\/2023\/03\/13\/egan-bernal\/#primaryimage\",\"url\":\"https:\/\/d2p6e6u75xmxt8.cloudfront.net\/6\/2023\/03\/Egan-Bernal-profimedia-0714618595-CVR.webp\",\"contentUrl\":\"https:\/\/d2p6e6u75xmxt8.cloudfront.net\/6\/2023\/03\/Egan-Bernal-profimedia-0714618595-CVR.webp\",\"width\":990,\"height\":660,\"caption\":\"Egan Bernal\"},{\"@type\":\"BreadcrumbList\",\"@id\":\"https:\/\/www.welovecycling.com\/es\/2023\/03\/13\/egan-bernal\/#breadcrumb\",\"itemListElement\":[{\"@type\":\"ListItem\",\"position\":1,\"name\":\"Home\",\"item\":\"https:\/\/www.welovecycling.com\/es\/\"},{\"@type\":\"ListItem\",\"position\":2,\"name\":\"El incierto futuro de Egan Bernal en el Tour de Francia\"}]},{\"@type\":\"WebSite\",\"@id\":\"https:\/\/www.welovecycling.com\/es\/#website\",\"url\":\"https:\/\/www.welovecycling.com\/es\/\",\"name\":\"\u0160koda We Love Cycling - Spain\",\"description\":\"\u0160koda WeLoveCycling Spain\",\"potentialAction\":[{\"@type\":\"SearchAction\",\"target\":{\"@type\":\"EntryPoint\",\"urlTemplate\":\"https:\/\/www.welovecycling.com\/es\/?s={search_term_string}\"},\"query-input\":{\"@type\":\"PropertyValueSpecification\",\"valueRequired\":true,\"valueName\":\"search_term_string\"}}],\"inLanguage\":\"es-ES\"},{\"@type\":\"Person\",\"@id\":\"https:\/\/www.welovecycling.com\/es\/#\/schema\/person\/deb61715b5812698ee79fb96f343ccd4\",\"name\":\"We Love Cycling Spain\",\"image\":{\"@type\":\"ImageObject\",\"inLanguage\":\"es-ES\",\"@id\":\"https:\/\/www.welovecycling.com\/es\/#\/schema\/person\/image\/\",\"url\":\"https:\/\/secure.gravatar.com\/avatar\/c824b04e6df0e37a03219d0b6481672889df542894588964102459e46513159c?s=96&d=mm&r=g\",\"contentUrl\":\"https:\/\/secure.gravatar.com\/avatar\/c824b04e6df0e37a03219d0b6481672889df542894588964102459e46513159c?s=96&d=mm&r=g\",\"caption\":\"We Love Cycling Spain\"},\"url\":\"https:\/\/www.welovecycling.com\/es\/author\/amunoz\/\"}]}<\/script>\n<!-- \/ Yoast SEO Premium plugin. -->","yoast_head_json":{"title":"El incierto futuro de Egan Bernal en el Tour de Francia - We Love Cycling","description":"El incierto futuro de Egan Bernal en el Tour de Francia. Una ca\u00edda en la Vuelta a San Juan ha vuelto a reabrir las dudas.","robots":{"index":"index","follow":"follow","max-snippet":"max-snippet:-1","max-image-preview":"max-image-preview:large","max-video-preview":"max-video-preview:-1"},"canonical":"https:\/\/www.welovecycling.com\/es\/2023\/03\/13\/egan-bernal\/","og_locale":"es_ES","og_type":"article","og_title":"El incierto futuro de Egan Bernal en el Tour de Francia","og_description":"El incierto futuro de Egan Bernal en el Tour de Francia. Una ca\u00edda en la Vuelta a San Juan ha vuelto a reabrir las dudas.","og_url":"https:\/\/www.welovecycling.com\/es\/2023\/03\/13\/egan-bernal\/","og_site_name":"\u0160koda We Love Cycling - Spain","article_published_time":"2023-03-13T11:36:56+00:00","og_image":[{"width":990,"height":660,"url":"https:\/\/d2p6e6u75xmxt8.cloudfront.net\/6\/2023\/03\/Egan-Bernal-profimedia-0714618595-CVR.webp","type":"image\/webp"}],"author":"We Love Cycling Spain","twitter_card":"summary_large_image","twitter_title":"El incierto futuro de Egan Bernal en el Tour de Francia","twitter_description":"El incierto futuro de Egan Bernal en el Tour de Francia. Una ca\u00edda en la Vuelta a San Juan ha vuelto a reabrir las dudas.","twitter_misc":{"Written by":"Siegfried Mortkowitz","Est. reading time":"5"},"schema":{"@context":"https:\/\/schema.org","@graph":[{"@type":"WebPage","@id":"https:\/\/www.welovecycling.com\/es\/2023\/03\/13\/egan-bernal\/","url":"https:\/\/www.welovecycling.com\/es\/2023\/03\/13\/egan-bernal\/","name":"El incierto futuro de Egan Bernal en el Tour de Francia - We Love Cycling","isPartOf":{"@id":"https:\/\/www.welovecycling.com\/es\/#website"},"primaryImageOfPage":{"@id":"https:\/\/www.welovecycling.com\/es\/2023\/03\/13\/egan-bernal\/#primaryimage"},"image":{"@id":"https:\/\/www.welovecycling.com\/es\/2023\/03\/13\/egan-bernal\/#primaryimage"},"thumbnailUrl":"https:\/\/d2p6e6u75xmxt8.cloudfront.net\/6\/2023\/03\/Egan-Bernal-profimedia-0714618595-CVR.webp","datePublished":"2023-03-13T11:36:56+00:00","author":{"@id":"https:\/\/www.welovecycling.com\/es\/#\/schema\/person\/deb61715b5812698ee79fb96f343ccd4"},"description":"El incierto futuro de Egan Bernal en el Tour de Francia. Una ca\u00edda en la Vuelta a San Juan ha vuelto a reabrir las dudas.","breadcrumb":{"@id":"https:\/\/www.welovecycling.com\/es\/2023\/03\/13\/egan-bernal\/#breadcrumb"},"inLanguage":"es-ES","potentialAction":[{"@type":"ReadAction","target":["https:\/\/www.welovecycling.com\/es\/2023\/03\/13\/egan-bernal\/"]}]},{"@type":"ImageObject","inLanguage":"es-ES","@id":"https:\/\/www.welovecycling.com\/es\/2023\/03\/13\/egan-bernal\/#primaryimage","url":"https:\/\/d2p6e6u75xmxt8.cloudfront.net\/6\/2023\/03\/Egan-Bernal-profimedia-0714618595-CVR.webp","contentUrl":"https:\/\/d2p6e6u75xmxt8.cloudfront.net\/6\/2023\/03\/Egan-Bernal-profimedia-0714618595-CVR.webp","width":990,"height":660,"caption":"Egan Bernal"},{"@type":"BreadcrumbList","@id":"https:\/\/www.welovecycling.com\/es\/2023\/03\/13\/egan-bernal\/#breadcrumb","itemListElement":[{"@type":"ListItem","position":1,"name":"Home","item":"https:\/\/www.welovecycling.com\/es\/"},{"@type":"ListItem","position":2,"name":"El incierto futuro de Egan Bernal en el Tour de Francia"}]},{"@type":"WebSite","@id":"https:\/\/www.welovecycling.com\/es\/#website","url":"https:\/\/www.welovecycling.com\/es\/","name":"\u0160koda We Love Cycling - Spain","description":"\u0160koda WeLoveCycling Spain","potentialAction":[{"@type":"SearchAction","target":{"@type":"EntryPoint","urlTemplate":"https:\/\/www.welovecycling.com\/es\/?s={search_term_string}"},"query-input":{"@type":"PropertyValueSpecification","valueRequired":true,"valueName":"search_term_string"}}],"inLanguage":"es-ES"},{"@type":"Person","@id":"https:\/\/www.welovecycling.com\/es\/#\/schema\/person\/deb61715b5812698ee79fb96f343ccd4","name":"We Love Cycling Spain","image":{"@type":"ImageObject","inLanguage":"es-ES","@id":"https:\/\/www.welovecycling.com\/es\/#\/schema\/person\/image\/","url":"https:\/\/secure.gravatar.com\/avatar\/c824b04e6df0e37a03219d0b6481672889df542894588964102459e46513159c?s=96&d=mm&r=g","contentUrl":"https:\/\/secure.gravatar.com\/avatar\/c824b04e6df0e37a03219d0b6481672889df542894588964102459e46513159c?s=96&d=mm&r=g","caption":"We Love Cycling Spain"},"url":"https:\/\/www.welovecycling.com\/es\/author\/amunoz\/"}]}},"_links":{"self":[{"href":"https:\/\/www.welovecycling.com\/es\/wp-json\/wp\/v2\/posts\/9754","targetHints":{"allow":["GET"]}}],"collection":[{"href":"https:\/\/www.welovecycling.com\/es\/wp-json\/wp\/v2\/posts"}],"about":[{"href":"https:\/\/www.welovecycling.com\/es\/wp-json\/wp\/v2\/types\/post"}],"author":[{"embeddable":true,"href":"https:\/\/www.welovecycling.com\/es\/wp-json\/wp\/v2\/users\/29"}],"replies":[{"embeddable":true,"href":"https:\/\/www.welovecycling.com\/es\/wp-json\/wp\/v2\/comments?post=9754"}],"version-history":[{"count":2,"href":"https:\/\/www.welovecycling.com\/es\/wp-json\/wp\/v2\/posts\/9754\/revisions"}],"predecessor-version":[{"id":9764,"href":"https:\/\/www.welovecycling.com\/es\/wp-json\/wp\/v2\/posts\/9754\/revisions\/9764"}],"wp:featuredmedia":[{"embeddable":true,"href":"https:\/\/www.welovecycling.com\/es\/wp-json\/wp\/v2\/media\/9760"}],"wp:attachment":[{"href":"https:\/\/www.welovecycling.com\/es\/wp-json\/wp\/v2\/media?parent=9754"}],"wp:term":[{"taxonomy":"category","embeddable":true,"href":"https:\/\/www.welovecycling.com\/es\/wp-json\/wp\/v2\/categories?post=9754"},{"taxonomy":"post_tag","embeddable":true,"href":"https:\/\/www.welovecycling.com\/es\/wp-json\/wp\/v2\/tags?post=9754"},{"taxonomy":"global-categories","embeddable":true,"href":"https:\/\/www.welovecycling.com\/es\/wp-json\/wp\/v2\/global-categories?post=9754"}],"curies":[{"name":"wp","href":"https:\/\/api.w.org\/{rel}","templated":true}]}}