{"id":9750,"date":"2023-03-09T17:31:39","date_gmt":"2023-03-09T15:31:39","guid":{"rendered":"https:\/\/www.welovecycling.com\/es\/?p=9750"},"modified":"2023-03-09T17:32:29","modified_gmt":"2023-03-09T15:32:29","slug":"skoda-titan-desert-almeria-2023","status":"publish","type":"post","link":"https:\/\/www.welovecycling.com\/es\/2023\/03\/09\/skoda-titan-desert-almeria-2023\/","title":{"rendered":"\u00a0La \u0160koda Titan Desert Almer\u00eda\u00a02023 se adelanta octubre"},"content":{"rendered":"<p style=\"font-weight: 400;\"><strong>\u00a0La \u0160koda Titan Desert Almer\u00eda\u00a02023 ya tiene fechas. Ser\u00e1 del 7 al 10 de octubre y tendr\u00e1, al igual que en 2022, cuatro etapas. Aunque todav\u00eda no se ha desvelado el recorrido volver\u00e1 a disputarse \u00edntegramente por la provincia de Almer\u00eda y tendr\u00e1 desierto y monta\u00f1a.<\/strong><\/p>\n<p><!--more--><\/p>\n<p style=\"font-weight: 400;\">La <strong>\u0160koda Titan Desert Almer\u00eda<\/strong> llega en este 2023 a su cuarta edici\u00f3n despu\u00e9s de iniciar su andadura en <a href=\"https:\/\/www.welovecycling.com\/es\/2020\/10\/05\/titan-desert-2020-dunas-colinas-y-epica-en-almeria\/\">noviembre de 2020.<\/a> En 2021 se disput\u00f3 en diciembre y en 2022 ya cogi\u00f3 el mes de octubre como referencia. Para este 2023 sigue con el formato de fin de semana largo. Una primera etapa el jueves 7 de octubre y las tres siguientes hasta el domingo 10 de octubre.<\/p>\n<p>La prueba de Almer\u00eda se ha convertido en una de las referencias del <i>mountainbike<\/i> en Espa\u00f1a y cuenta con los <strong>valores<\/strong>, el\u00a0<strong>esp\u00edritu<\/strong>\u00a0y el\u00a0<strong>desaf\u00edo<\/strong> que son caracter\u00edsticos de los eventos del universo Titan World Series. Sirve como v\u00eda de entrada a los bikers nacionales a pruebas fuera de Espa\u00f1a como la <strong>\u0160koda Titan Desert en Marruecos o la versi\u00f3n de Arabia.<\/strong><\/p>\n<p>&nbsp;<\/p>\n<div class=\"embed-controller-wrapper\">\n<div class=\"embed-wrapper\"><iframe title=\"AFTERMOVIE |  \u0160KODA Titan Desert Almer\u00eda 2022\" width=\"500\" height=\"281\" data-src=\"https:\/\/www.youtube.com\/embed\/Hra6sF0cCSk?feature=oembed\" frameborder=\"0\" allow=\"accelerometer; autoplay; clipboard-write; encrypted-media; gyroscope; picture-in-picture; web-share\" referrerpolicy=\"strict-origin-when-cross-origin\" allowfullscreen><\/iframe><\/div>\n<\/div>\n<h2><strong>Apertura de inscripciones, 23 de marzo<\/strong><\/h2>\n<p>El pr\u00f3ximo <strong>23 de marzo<\/strong>\u00a0se abrir\u00e1n\u00a0<a href=\"https:\/\/skodatitandesertalmeria.com\/\"><strong>inscripciones<\/strong>\u00a0<\/a>para que comience a formarse el pelot\u00f3n de Titanes que buscar\u00e1 destronar al matrimonio Looser, Konny y Vera, que fueron los respectivos vencedores en las categor\u00edas masculina y femenina de la pasada edici\u00f3n.<\/p>\n<p>La organizaci\u00f3n lanzar\u00e1 100 primeras inscripciones con una tarifa especial reducida early bird. El dorsal incluye toda la manutenci\u00f3n y el alojamiento en Almer\u00eda durante los cuatro d\u00edas de disputa de la carrera.<\/p>\n<p>La edici\u00f3n de 2023 deparar\u00e1 muchas\u00a0<strong>sorpresas<\/strong>\u00a0que comenzar\u00e1n a desvelarse el\u00a0<strong>23 de marzo<\/strong>, coincidiendo con la apertura de inscripciones, en la puesta de largo oficial de la prueba que se har\u00e1 en la\u00a0<strong>tienda ESCAPA de la calle Viladomat, 310, en Barcelona<\/strong>.<\/p>\n<div class=\"is-layout-constrained wp-block-group\">\n<div class=\"wp-block-group__inner-container\">\n<div class=\"is-layout-constrained wp-block-group\">\n<div class=\"wp-block-group__inner-container\">\n<h2><strong>Recorrido<\/strong><\/h2>\n<p>La pr\u00f3xima edici\u00f3n de la\u00a0<strong>\u0160koda Titan Desert Almer\u00eda 2023<\/strong>, contar\u00e1 con un recorrido parecido al de las anteriores ediciones, pero con novedades y mejoras sobre el trazado anterior.<\/p>\n<\/div>\n<\/div>\n<\/div>\n<\/div>\n<p>Un total de\u00a0<strong>4 etapas<\/strong>\u00a0de carrera que contar\u00e1n con la cl\u00e1sica jornada en el\u00a0<strong>Parque Natural del Cabo de Gata<\/strong>. Una etapa en bucle desde El Toyo donde superaremos ramblas arenosas. Les seguir\u00e1n dos jornadas de monta\u00f1a en las que recorreremos la Sierra de la Alhamilla y ascenderemos al m\u00edtico puerto de Velefique. La \u00faltima jornada transcurrir\u00e1 en el interior de las instalaciones de la Legi\u00f3n, en un recorrido imposible de realizar si no es dentro de la organizaci\u00f3n de la carrera.<\/p>\n<p>En resumen, hablamos de etapas que transcurrir\u00e1n, en su gran mayor\u00eda, por grandes pistas, un desnivel positivo acumulado importante, tramos de rambla y unas espectaculares vistas del mar desde las cimas de la zona. Y la oportunidad \u00fanica de rodar por el desierto de Tabernas, el desierto m\u00e1s grande de Europa.<\/p>\n<p>Casi\u00a0<strong>400 kil\u00f3metros<\/strong>\u00a0para descubrir, sobre nuestras bicicletas, un terreno \u00fanico.<\/p>\n","protected":false},"excerpt":{"rendered":"<p>\u00a0La \u0160koda Titan Desert Almer\u00eda\u00a02023 ya tiene fechas. Ser\u00e1 del 7 al 10 de octubre y tendr\u00e1, al igual que [&hellip;]<\/p>\n","protected":false},"author":29,"featured_media":9348,"comment_status":"open","ping_status":"open","sticky":false,"template":"","format":"standard","meta":{"footnotes":""},"categories":[9],"tags":[773],"global-categories":[1164],"class_list":["post-9750","post","type-post","status-publish","format-standard","has-post-thumbnail","hentry","category-mtb-aventura","tag-luis-ortega-ciclored","global-categories-cycling"],"yoast_head":"<!-- This site is optimized with the Yoast SEO Premium plugin v25.3 (Yoast SEO v25.9) - https:\/\/yoast.com\/wordpress\/plugins\/seo\/ -->\n<title>\u00a0La \u0160koda Titan Desert Almer\u00eda\u00a02023 se adelanta octubre<\/title>\n<meta name=\"description\" content=\"La \u0160koda Titan Desert Almer\u00eda\u00a02023 se adelanta octubre. Ya se conocen las fechas, del 7 al 10 de octubre, tendr\u00e1 cuatro etapas y el esp\u00edritu Titan.\" \/>\n<meta name=\"robots\" content=\"index, follow, max-snippet:-1, max-image-preview:large, max-video-preview:-1\" \/>\n<link rel=\"canonical\" href=\"https:\/\/www.welovecycling.com\/es\/2023\/03\/09\/skoda-titan-desert-almeria-2023\/\" \/>\n<meta property=\"og:locale\" content=\"es_ES\" \/>\n<meta property=\"og:type\" content=\"article\" \/>\n<meta property=\"og:title\" content=\"\u00a0La \u0160koda Titan Desert Almer\u00eda\u00a02023 se adelanta octubre\" \/>\n<meta property=\"og:description\" content=\"La \u0160koda Titan Desert Almer\u00eda\u00a02023 se adelanta octubre. Ya se conocen las fechas, del 7 al 10 de octubre, tendr\u00e1 cuatro etapas y el esp\u00edritu Titan.\" \/>\n<meta property=\"og:url\" content=\"https:\/\/www.welovecycling.com\/es\/2023\/03\/09\/skoda-titan-desert-almeria-2023\/\" \/>\n<meta property=\"og:site_name\" content=\"\u0160koda We Love Cycling - Spain\" \/>\n<meta property=\"article:published_time\" content=\"2023-03-09T15:31:39+00:00\" \/>\n<meta property=\"article:modified_time\" content=\"2023-03-09T15:32:29+00:00\" \/>\n<meta property=\"og:image\" content=\"https:\/\/d2p6e6u75xmxt8.cloudfront.net\/6\/2022\/10\/Titan-Deser-Almeria-chicas.webp\" \/>\n\t<meta property=\"og:image:width\" content=\"1024\" \/>\n\t<meta property=\"og:image:height\" content=\"682\" \/>\n\t<meta property=\"og:image:type\" content=\"image\/webp\" \/>\n<meta name=\"author\" content=\"We Love Cycling Spain\" \/>\n<meta name=\"twitter:card\" content=\"summary_large_image\" \/>\n<meta name=\"twitter:label1\" content=\"Written by\" \/>\n\t<meta name=\"twitter:data1\" content=\"Luis Ortega @Ciclored\" \/>\n\t<meta name=\"twitter:label2\" content=\"Est. reading time\" \/>\n\t<meta name=\"twitter:data2\" content=\"3 minutes\" \/>\n<script type=\"application\/ld+json\" class=\"yoast-schema-graph\">{\"@context\":\"https:\/\/schema.org\",\"@graph\":[{\"@type\":\"WebPage\",\"@id\":\"https:\/\/www.welovecycling.com\/es\/2023\/03\/09\/skoda-titan-desert-almeria-2023\/\",\"url\":\"https:\/\/www.welovecycling.com\/es\/2023\/03\/09\/skoda-titan-desert-almeria-2023\/\",\"name\":\"\u00a0La \u0160koda Titan Desert Almer\u00eda\u00a02023 se adelanta octubre\",\"isPartOf\":{\"@id\":\"https:\/\/www.welovecycling.com\/es\/#website\"},\"primaryImageOfPage\":{\"@id\":\"https:\/\/www.welovecycling.com\/es\/2023\/03\/09\/skoda-titan-desert-almeria-2023\/#primaryimage\"},\"image\":{\"@id\":\"https:\/\/www.welovecycling.com\/es\/2023\/03\/09\/skoda-titan-desert-almeria-2023\/#primaryimage\"},\"thumbnailUrl\":\"https:\/\/d2p6e6u75xmxt8.cloudfront.net\/6\/2022\/10\/Titan-Deser-Almeria-chicas.webp\",\"datePublished\":\"2023-03-09T15:31:39+00:00\",\"dateModified\":\"2023-03-09T15:32:29+00:00\",\"author\":{\"@id\":\"https:\/\/www.welovecycling.com\/es\/#\/schema\/person\/deb61715b5812698ee79fb96f343ccd4\"},\"description\":\"La \u0160koda Titan Desert Almer\u00eda\u00a02023 se adelanta octubre. Ya se conocen las fechas, del 7 al 10 de octubre, tendr\u00e1 cuatro etapas y el esp\u00edritu Titan.\",\"breadcrumb\":{\"@id\":\"https:\/\/www.welovecycling.com\/es\/2023\/03\/09\/skoda-titan-desert-almeria-2023\/#breadcrumb\"},\"inLanguage\":\"es-ES\",\"potentialAction\":[{\"@type\":\"ReadAction\",\"target\":[\"https:\/\/www.welovecycling.com\/es\/2023\/03\/09\/skoda-titan-desert-almeria-2023\/\"]}]},{\"@type\":\"ImageObject\",\"inLanguage\":\"es-ES\",\"@id\":\"https:\/\/www.welovecycling.com\/es\/2023\/03\/09\/skoda-titan-desert-almeria-2023\/#primaryimage\",\"url\":\"https:\/\/d2p6e6u75xmxt8.cloudfront.net\/6\/2022\/10\/Titan-Deser-Almeria-chicas.webp\",\"contentUrl\":\"https:\/\/d2p6e6u75xmxt8.cloudfront.net\/6\/2022\/10\/Titan-Deser-Almeria-chicas.webp\",\"width\":1024,\"height\":682},{\"@type\":\"BreadcrumbList\",\"@id\":\"https:\/\/www.welovecycling.com\/es\/2023\/03\/09\/skoda-titan-desert-almeria-2023\/#breadcrumb\",\"itemListElement\":[{\"@type\":\"ListItem\",\"position\":1,\"name\":\"Home\",\"item\":\"https:\/\/www.welovecycling.com\/es\/\"},{\"@type\":\"ListItem\",\"position\":2,\"name\":\"\u00a0La \u0160koda Titan Desert Almer\u00eda\u00a02023 se adelanta octubre\"}]},{\"@type\":\"WebSite\",\"@id\":\"https:\/\/www.welovecycling.com\/es\/#website\",\"url\":\"https:\/\/www.welovecycling.com\/es\/\",\"name\":\"\u0160koda We Love Cycling - Spain\",\"description\":\"\u0160koda WeLoveCycling Spain\",\"potentialAction\":[{\"@type\":\"SearchAction\",\"target\":{\"@type\":\"EntryPoint\",\"urlTemplate\":\"https:\/\/www.welovecycling.com\/es\/?s={search_term_string}\"},\"query-input\":{\"@type\":\"PropertyValueSpecification\",\"valueRequired\":true,\"valueName\":\"search_term_string\"}}],\"inLanguage\":\"es-ES\"},{\"@type\":\"Person\",\"@id\":\"https:\/\/www.welovecycling.com\/es\/#\/schema\/person\/deb61715b5812698ee79fb96f343ccd4\",\"name\":\"We Love Cycling Spain\",\"image\":{\"@type\":\"ImageObject\",\"inLanguage\":\"es-ES\",\"@id\":\"https:\/\/www.welovecycling.com\/es\/#\/schema\/person\/image\/\",\"url\":\"https:\/\/secure.gravatar.com\/avatar\/c824b04e6df0e37a03219d0b6481672889df542894588964102459e46513159c?s=96&d=mm&r=g\",\"contentUrl\":\"https:\/\/secure.gravatar.com\/avatar\/c824b04e6df0e37a03219d0b6481672889df542894588964102459e46513159c?s=96&d=mm&r=g\",\"caption\":\"We Love Cycling Spain\"},\"url\":\"https:\/\/www.welovecycling.com\/es\/author\/amunoz\/\"}]}<\/script>\n<!-- \/ Yoast SEO Premium plugin. -->","yoast_head_json":{"title":"\u00a0La \u0160koda Titan Desert Almer\u00eda\u00a02023 se adelanta octubre","description":"La \u0160koda Titan Desert Almer\u00eda\u00a02023 se adelanta octubre. Ya se conocen las fechas, del 7 al 10 de octubre, tendr\u00e1 cuatro etapas y el esp\u00edritu Titan.","robots":{"index":"index","follow":"follow","max-snippet":"max-snippet:-1","max-image-preview":"max-image-preview:large","max-video-preview":"max-video-preview:-1"},"canonical":"https:\/\/www.welovecycling.com\/es\/2023\/03\/09\/skoda-titan-desert-almeria-2023\/","og_locale":"es_ES","og_type":"article","og_title":"\u00a0La \u0160koda Titan Desert Almer\u00eda\u00a02023 se adelanta octubre","og_description":"La \u0160koda Titan Desert Almer\u00eda\u00a02023 se adelanta octubre. Ya se conocen las fechas, del 7 al 10 de octubre, tendr\u00e1 cuatro etapas y el esp\u00edritu Titan.","og_url":"https:\/\/www.welovecycling.com\/es\/2023\/03\/09\/skoda-titan-desert-almeria-2023\/","og_site_name":"\u0160koda We Love Cycling - Spain","article_published_time":"2023-03-09T15:31:39+00:00","article_modified_time":"2023-03-09T15:32:29+00:00","og_image":[{"width":1024,"height":682,"url":"https:\/\/d2p6e6u75xmxt8.cloudfront.net\/6\/2022\/10\/Titan-Deser-Almeria-chicas.webp","type":"image\/webp"}],"author":"We Love Cycling Spain","twitter_card":"summary_large_image","twitter_misc":{"Written by":"Luis Ortega @Ciclored","Est. reading time":"3 minutes"},"schema":{"@context":"https:\/\/schema.org","@graph":[{"@type":"WebPage","@id":"https:\/\/www.welovecycling.com\/es\/2023\/03\/09\/skoda-titan-desert-almeria-2023\/","url":"https:\/\/www.welovecycling.com\/es\/2023\/03\/09\/skoda-titan-desert-almeria-2023\/","name":"\u00a0La \u0160koda Titan Desert Almer\u00eda\u00a02023 se adelanta octubre","isPartOf":{"@id":"https:\/\/www.welovecycling.com\/es\/#website"},"primaryImageOfPage":{"@id":"https:\/\/www.welovecycling.com\/es\/2023\/03\/09\/skoda-titan-desert-almeria-2023\/#primaryimage"},"image":{"@id":"https:\/\/www.welovecycling.com\/es\/2023\/03\/09\/skoda-titan-desert-almeria-2023\/#primaryimage"},"thumbnailUrl":"https:\/\/d2p6e6u75xmxt8.cloudfront.net\/6\/2022\/10\/Titan-Deser-Almeria-chicas.webp","datePublished":"2023-03-09T15:31:39+00:00","dateModified":"2023-03-09T15:32:29+00:00","author":{"@id":"https:\/\/www.welovecycling.com\/es\/#\/schema\/person\/deb61715b5812698ee79fb96f343ccd4"},"description":"La \u0160koda Titan Desert Almer\u00eda\u00a02023 se adelanta octubre. Ya se conocen las fechas, del 7 al 10 de octubre, tendr\u00e1 cuatro etapas y el esp\u00edritu Titan.","breadcrumb":{"@id":"https:\/\/www.welovecycling.com\/es\/2023\/03\/09\/skoda-titan-desert-almeria-2023\/#breadcrumb"},"inLanguage":"es-ES","potentialAction":[{"@type":"ReadAction","target":["https:\/\/www.welovecycling.com\/es\/2023\/03\/09\/skoda-titan-desert-almeria-2023\/"]}]},{"@type":"ImageObject","inLanguage":"es-ES","@id":"https:\/\/www.welovecycling.com\/es\/2023\/03\/09\/skoda-titan-desert-almeria-2023\/#primaryimage","url":"https:\/\/d2p6e6u75xmxt8.cloudfront.net\/6\/2022\/10\/Titan-Deser-Almeria-chicas.webp","contentUrl":"https:\/\/d2p6e6u75xmxt8.cloudfront.net\/6\/2022\/10\/Titan-Deser-Almeria-chicas.webp","width":1024,"height":682},{"@type":"BreadcrumbList","@id":"https:\/\/www.welovecycling.com\/es\/2023\/03\/09\/skoda-titan-desert-almeria-2023\/#breadcrumb","itemListElement":[{"@type":"ListItem","position":1,"name":"Home","item":"https:\/\/www.welovecycling.com\/es\/"},{"@type":"ListItem","position":2,"name":"\u00a0La \u0160koda Titan Desert Almer\u00eda\u00a02023 se adelanta octubre"}]},{"@type":"WebSite","@id":"https:\/\/www.welovecycling.com\/es\/#website","url":"https:\/\/www.welovecycling.com\/es\/","name":"\u0160koda We Love Cycling - Spain","description":"\u0160koda WeLoveCycling Spain","potentialAction":[{"@type":"SearchAction","target":{"@type":"EntryPoint","urlTemplate":"https:\/\/www.welovecycling.com\/es\/?s={search_term_string}"},"query-input":{"@type":"PropertyValueSpecification","valueRequired":true,"valueName":"search_term_string"}}],"inLanguage":"es-ES"},{"@type":"Person","@id":"https:\/\/www.welovecycling.com\/es\/#\/schema\/person\/deb61715b5812698ee79fb96f343ccd4","name":"We Love Cycling Spain","image":{"@type":"ImageObject","inLanguage":"es-ES","@id":"https:\/\/www.welovecycling.com\/es\/#\/schema\/person\/image\/","url":"https:\/\/secure.gravatar.com\/avatar\/c824b04e6df0e37a03219d0b6481672889df542894588964102459e46513159c?s=96&d=mm&r=g","contentUrl":"https:\/\/secure.gravatar.com\/avatar\/c824b04e6df0e37a03219d0b6481672889df542894588964102459e46513159c?s=96&d=mm&r=g","caption":"We Love Cycling Spain"},"url":"https:\/\/www.welovecycling.com\/es\/author\/amunoz\/"}]}},"_links":{"self":[{"href":"https:\/\/www.welovecycling.com\/es\/wp-json\/wp\/v2\/posts\/9750","targetHints":{"allow":["GET"]}}],"collection":[{"href":"https:\/\/www.welovecycling.com\/es\/wp-json\/wp\/v2\/posts"}],"about":[{"href":"https:\/\/www.welovecycling.com\/es\/wp-json\/wp\/v2\/types\/post"}],"author":[{"embeddable":true,"href":"https:\/\/www.welovecycling.com\/es\/wp-json\/wp\/v2\/users\/29"}],"replies":[{"embeddable":true,"href":"https:\/\/www.welovecycling.com\/es\/wp-json\/wp\/v2\/comments?post=9750"}],"version-history":[{"count":2,"href":"https:\/\/www.welovecycling.com\/es\/wp-json\/wp\/v2\/posts\/9750\/revisions"}],"predecessor-version":[{"id":9753,"href":"https:\/\/www.welovecycling.com\/es\/wp-json\/wp\/v2\/posts\/9750\/revisions\/9753"}],"wp:featuredmedia":[{"embeddable":true,"href":"https:\/\/www.welovecycling.com\/es\/wp-json\/wp\/v2\/media\/9348"}],"wp:attachment":[{"href":"https:\/\/www.welovecycling.com\/es\/wp-json\/wp\/v2\/media?parent=9750"}],"wp:term":[{"taxonomy":"category","embeddable":true,"href":"https:\/\/www.welovecycling.com\/es\/wp-json\/wp\/v2\/categories?post=9750"},{"taxonomy":"post_tag","embeddable":true,"href":"https:\/\/www.welovecycling.com\/es\/wp-json\/wp\/v2\/tags?post=9750"},{"taxonomy":"global-categories","embeddable":true,"href":"https:\/\/www.welovecycling.com\/es\/wp-json\/wp\/v2\/global-categories?post=9750"}],"curies":[{"name":"wp","href":"https:\/\/api.w.org\/{rel}","templated":true}]}}