{"id":9731,"date":"2023-03-08T12:24:49","date_gmt":"2023-03-08T10:24:49","guid":{"rendered":"https:\/\/www.welovecycling.com\/es\/?p=9731"},"modified":"2023-03-08T12:24:49","modified_gmt":"2023-03-08T10:24:49","slug":"entrenar-potenciometro","status":"publish","type":"post","link":"https:\/\/www.welovecycling.com\/es\/2023\/03\/08\/entrenar-potenciometro\/","title":{"rendered":"Como entrenar con potenci\u00f3metro &#8211; Conceptos b\u00e1sicos"},"content":{"rendered":"<p><strong>Entrenar con potenci\u00f3metro ha revolucionado la forma en que los ciclistas se preparan y miden sus progresos. Al proporcionar datos precisos y objetivos, los medidores de potencia han permitido a los ciclistas entrenar de forma m\u00e1s eficaz y eficiente que nunca. En este art\u00edculo, exploraremos la terminolog\u00eda clave que todo ciclista debe conocer a la hora de aprender a entrenar con un potenci\u00f3metro.<\/strong><\/p>\n<p><!--more--><\/p>\n<h2><strong>\u00bfQu\u00e9 es un potenci\u00f3metro?<\/strong><\/h2>\n<p>Empecemos por lo b\u00e1sico. Los potenci\u00f3metros son dispositivos que suelen fijarse a los pedales, las bielas, la ara\u00f1a del plato o el buje trasero de la bicicleta. Utilizan galgas extensom\u00e9tricas para medir el par que se aplica a la transmisi\u00f3n de la bicicleta, lo que revela cu\u00e1nto trabajo est\u00e1 realizando el ciclista en tiempo real.\u00a0 Los datos de potencia se transmiten a un ciclocomputador, que muestra la potencia y almacena los datos para su posterior an\u00e1lisis.<\/p>\n<p>La potencia se expresa en vatios y se compone de par y cadencia. Los medidores de potencia tambi\u00e9n revelan el trabajo mec\u00e1nico que produce un ciclista, que se expresa en kilojulios o kilocalor\u00edas. Como puedes imaginar, disponer de datos precisos sobre cu\u00e1nta potencia generas sobre la bicicleta y cu\u00e1ntas <a href=\"https:\/\/www.welovecycling.com\/wide\/2020\/05\/14\/how-to-convert-watts-into-calories-burned-on-the-bike\/\">calor\u00edas quemas<\/a> tiene un valor incalculable para planificar tu entrenamiento, tus carreras e incluso tu dieta. Pero antes de profundizar en estos temas, repasemos la terminolog\u00eda.<\/p>\n<h2><strong>Terminolog\u00eda para entrenar por potencia<\/strong><\/h2>\n<p>Comprender la terminolog\u00eda b\u00e1sica utilizada por otros ciclistas y entrenadores para entrenar con potenci\u00f3metro te ayudar\u00e1 a dar sentido a las cifras que proporciona tu medidor de potencia. Estas son las frases y t\u00e9rminos m\u00e1s utilizados.<\/p>\n<p><strong>Cadencia:<\/strong> El n\u00famero de veces que giran los pedales de un ciclista por intervalo de tiempo determinado, normalmente medido en revoluciones por minuto (RPM).<br \/>\n<strong>Par:<\/strong> La fuerza aplicada a los pedales para hacerlos girar, medida en Newton-metros (Nm).<br \/>\n<strong>Potencia media (PA):<\/strong> Se utiliza para describir la potencia media de salida de un ciclista durante un periodo de tiempo determinado, incluido el tiempo que pasa al ralent\u00ed. El periodo de tiempo puede ser un intervalo, un segmento de un recorrido o el recorrido completo.<br \/>\n<strong>Potencia umbral funcional (FTP):<\/strong> La potencia media m\u00e1s alta que un ciclista puede mantener durante 60 minutos.<br \/>\n<strong>Zonas de potencia:<\/strong> Un rango de potencias que corresponden a diferentes intensidades de entrenamiento, normalmente expresadas como un porcentaje del FTP.<br \/>\n<strong>Potencia normalizada (PN):<\/strong> Es un t\u00e9rmino de marca registrada de <a href=\"https:\/\/app.trainingpeaks.com\/\">TrainingPeaks<\/a>. Se trata de un valor de potencia calculado que estima cu\u00e1l habr\u00eda sido la potencia media si un ciclista no hubiera ido por inercia o sin sobrecarga. Por eso se ha hecho m\u00e1s popular que AP.<br \/>\n<strong>Factor de intensidad (FI):<\/strong> Se trata de un t\u00e9rmino registrado por TrainingPeaks. Es una medida de la intensidad relativa de una sesi\u00f3n de entrenamiento, basada en la relaci\u00f3n entre el PN y el FTP del ciclista.<br \/>\n<strong>Factor de eficiencia (EF):<\/strong> Esta m\u00e9trica cuantifica la eficiencia de un ciclista en la conversi\u00f3n de energ\u00eda en movimiento hacia delante. Se expresa como una relaci\u00f3n entre el PN de un ciclista y la frecuencia cardiaca media para una actividad.<br \/>\n<strong>Puntuaci\u00f3n de estr\u00e9s del entrenamiento (TSS):<\/strong> Este es un t\u00e9rmino de marca registrada de TrainingPeaks. Es una m\u00e9trica que utiliza tanto la intensidad como la duraci\u00f3n para cuantificar y comparar la carga de entrenamiento de los entrenamientos individuales.<br \/>\n<strong>Carga de entrenamiento aguda (ATL):<\/strong> Se trata de un t\u00e9rmino registrado por TrainingPeaks. Es una media ponderada de los \u00faltimos 7 d\u00edas de TSS.<br \/>\n<strong>Carga de entrenamiento cr\u00f3nica (CTL):<\/strong> Este es un t\u00e9rmino registrado por TrainingPeaks. Es una media ponderada de los \u00faltimos 42 d\u00edas de TSS.<br \/>\n<strong>Training stress balance (TSB):<\/strong> Este es un t\u00e9rmino de marca registrada de TrainingPeaks. Este valor predice la preparaci\u00f3n de un ciclista para rendir. Se calcula como el CTL de ayer menos el ATL de ayer.<br \/>\n<strong>Fitness \/ Frescura:<\/strong> Esta es una f\u00f3rmula de Strava que predice la preparaci\u00f3n de un atleta para rendir, de forma similar a TSB.<\/p>\n","protected":false},"excerpt":{"rendered":"<p>Entrenar con potenci\u00f3metro ha revolucionado la forma en que los ciclistas se preparan y miden sus progresos. Al proporcionar datos [&hellip;]<\/p>\n","protected":false},"author":29,"featured_media":9734,"comment_status":"open","ping_status":"open","sticky":false,"template":"","format":"standard","meta":{"footnotes":""},"categories":[7,9],"tags":[],"global-categories":[],"class_list":["post-9731","post","type-post","status-publish","format-standard","has-post-thumbnail","hentry","category-carretera","category-mtb-aventura"],"yoast_head":"<!-- This site is optimized with the Yoast SEO Premium plugin v25.3 (Yoast SEO v25.9) - https:\/\/yoast.com\/wordpress\/plugins\/seo\/ -->\n<title>Como entrenar con potenci\u00f3metro - Conceptos b\u00e1sicos<\/title>\n<meta name=\"description\" content=\"Como entrenar con potenci\u00f3metro - Conceptos b\u00e1sicos que debes saber para empezar a entrenar por potencia y mejorar tu rendimiento.\" \/>\n<meta name=\"robots\" content=\"index, follow, max-snippet:-1, max-image-preview:large, max-video-preview:-1\" \/>\n<link rel=\"canonical\" href=\"https:\/\/www.welovecycling.com\/es\/2023\/03\/08\/entrenar-potenciometro\/\" \/>\n<meta property=\"og:locale\" content=\"es_ES\" \/>\n<meta property=\"og:type\" content=\"article\" \/>\n<meta property=\"og:title\" content=\"Como entrenar con potenci\u00f3metro - Conceptos b\u00e1sicos\" \/>\n<meta property=\"og:description\" content=\"Como entrenar con potenci\u00f3metro - Conceptos b\u00e1sicos que debes saber para empezar a entrenar por potencia y mejorar tu rendimiento.\" \/>\n<meta property=\"og:url\" content=\"https:\/\/www.welovecycling.com\/es\/2023\/03\/08\/entrenar-potenciometro\/\" \/>\n<meta property=\"og:site_name\" content=\"\u0160koda We Love Cycling - Spain\" \/>\n<meta property=\"article:published_time\" content=\"2023-03-08T10:24:49+00:00\" \/>\n<meta property=\"og:image\" content=\"https:\/\/d2p6e6u75xmxt8.cloudfront.net\/6\/2023\/03\/Cyclists-Training-Lanzarote-profimedia-0752955488-CVR.webp\" \/>\n\t<meta property=\"og:image:width\" content=\"990\" \/>\n\t<meta property=\"og:image:height\" content=\"660\" \/>\n\t<meta property=\"og:image:type\" content=\"image\/webp\" \/>\n<meta name=\"author\" content=\"We Love Cycling Spain\" \/>\n<meta name=\"twitter:card\" content=\"summary_large_image\" \/>\n<meta name=\"twitter:title\" content=\"Como entrenar con potenci\u00f3metro - Conceptos b\u00e1sicos\" \/>\n<meta name=\"twitter:description\" content=\"Como entrenar con potenci\u00f3metro - Conceptos b\u00e1sicos que debes saber para empezar a entrenar por potencia y mejorar tu rendimiento.\" \/>\n<meta name=\"twitter:label1\" content=\"Written by\" \/>\n\t<meta name=\"twitter:data1\" content=\"Jiri Kaloc\" \/>\n\t<meta name=\"twitter:label2\" content=\"Est. reading time\" \/>\n\t<meta name=\"twitter:data2\" content=\"5\" \/>\n<script type=\"application\/ld+json\" class=\"yoast-schema-graph\">{\"@context\":\"https:\/\/schema.org\",\"@graph\":[{\"@type\":\"WebPage\",\"@id\":\"https:\/\/www.welovecycling.com\/es\/2023\/03\/08\/entrenar-potenciometro\/\",\"url\":\"https:\/\/www.welovecycling.com\/es\/2023\/03\/08\/entrenar-potenciometro\/\",\"name\":\"Como entrenar con potenci\u00f3metro - Conceptos b\u00e1sicos\",\"isPartOf\":{\"@id\":\"https:\/\/www.welovecycling.com\/es\/#website\"},\"primaryImageOfPage\":{\"@id\":\"https:\/\/www.welovecycling.com\/es\/2023\/03\/08\/entrenar-potenciometro\/#primaryimage\"},\"image\":{\"@id\":\"https:\/\/www.welovecycling.com\/es\/2023\/03\/08\/entrenar-potenciometro\/#primaryimage\"},\"thumbnailUrl\":\"https:\/\/d2p6e6u75xmxt8.cloudfront.net\/6\/2023\/03\/Cyclists-Training-Lanzarote-profimedia-0752955488-CVR.webp\",\"datePublished\":\"2023-03-08T10:24:49+00:00\",\"author\":{\"@id\":\"https:\/\/www.welovecycling.com\/es\/#\/schema\/person\/deb61715b5812698ee79fb96f343ccd4\"},\"description\":\"Como entrenar con potenci\u00f3metro - Conceptos b\u00e1sicos que debes saber para empezar a entrenar por potencia y mejorar tu rendimiento.\",\"breadcrumb\":{\"@id\":\"https:\/\/www.welovecycling.com\/es\/2023\/03\/08\/entrenar-potenciometro\/#breadcrumb\"},\"inLanguage\":\"es-ES\",\"potentialAction\":[{\"@type\":\"ReadAction\",\"target\":[\"https:\/\/www.welovecycling.com\/es\/2023\/03\/08\/entrenar-potenciometro\/\"]}]},{\"@type\":\"ImageObject\",\"inLanguage\":\"es-ES\",\"@id\":\"https:\/\/www.welovecycling.com\/es\/2023\/03\/08\/entrenar-potenciometro\/#primaryimage\",\"url\":\"https:\/\/d2p6e6u75xmxt8.cloudfront.net\/6\/2023\/03\/Cyclists-Training-Lanzarote-profimedia-0752955488-CVR.webp\",\"contentUrl\":\"https:\/\/d2p6e6u75xmxt8.cloudfront.net\/6\/2023\/03\/Cyclists-Training-Lanzarote-profimedia-0752955488-CVR.webp\",\"width\":990,\"height\":660,\"caption\":\"Cyclists training\"},{\"@type\":\"BreadcrumbList\",\"@id\":\"https:\/\/www.welovecycling.com\/es\/2023\/03\/08\/entrenar-potenciometro\/#breadcrumb\",\"itemListElement\":[{\"@type\":\"ListItem\",\"position\":1,\"name\":\"Home\",\"item\":\"https:\/\/www.welovecycling.com\/es\/\"},{\"@type\":\"ListItem\",\"position\":2,\"name\":\"Como entrenar con potenci\u00f3metro &#8211; Conceptos b\u00e1sicos\"}]},{\"@type\":\"WebSite\",\"@id\":\"https:\/\/www.welovecycling.com\/es\/#website\",\"url\":\"https:\/\/www.welovecycling.com\/es\/\",\"name\":\"\u0160koda We Love Cycling - Spain\",\"description\":\"\u0160koda WeLoveCycling Spain\",\"potentialAction\":[{\"@type\":\"SearchAction\",\"target\":{\"@type\":\"EntryPoint\",\"urlTemplate\":\"https:\/\/www.welovecycling.com\/es\/?s={search_term_string}\"},\"query-input\":{\"@type\":\"PropertyValueSpecification\",\"valueRequired\":true,\"valueName\":\"search_term_string\"}}],\"inLanguage\":\"es-ES\"},{\"@type\":\"Person\",\"@id\":\"https:\/\/www.welovecycling.com\/es\/#\/schema\/person\/deb61715b5812698ee79fb96f343ccd4\",\"name\":\"We Love Cycling Spain\",\"image\":{\"@type\":\"ImageObject\",\"inLanguage\":\"es-ES\",\"@id\":\"https:\/\/www.welovecycling.com\/es\/#\/schema\/person\/image\/\",\"url\":\"https:\/\/secure.gravatar.com\/avatar\/c824b04e6df0e37a03219d0b6481672889df542894588964102459e46513159c?s=96&d=mm&r=g\",\"contentUrl\":\"https:\/\/secure.gravatar.com\/avatar\/c824b04e6df0e37a03219d0b6481672889df542894588964102459e46513159c?s=96&d=mm&r=g\",\"caption\":\"We Love Cycling Spain\"},\"url\":\"https:\/\/www.welovecycling.com\/es\/author\/amunoz\/\"}]}<\/script>\n<!-- \/ Yoast SEO Premium plugin. -->","yoast_head_json":{"title":"Como entrenar con potenci\u00f3metro - Conceptos b\u00e1sicos","description":"Como entrenar con potenci\u00f3metro - Conceptos b\u00e1sicos que debes saber para empezar a entrenar por potencia y mejorar tu rendimiento.","robots":{"index":"index","follow":"follow","max-snippet":"max-snippet:-1","max-image-preview":"max-image-preview:large","max-video-preview":"max-video-preview:-1"},"canonical":"https:\/\/www.welovecycling.com\/es\/2023\/03\/08\/entrenar-potenciometro\/","og_locale":"es_ES","og_type":"article","og_title":"Como entrenar con potenci\u00f3metro - Conceptos b\u00e1sicos","og_description":"Como entrenar con potenci\u00f3metro - Conceptos b\u00e1sicos que debes saber para empezar a entrenar por potencia y mejorar tu rendimiento.","og_url":"https:\/\/www.welovecycling.com\/es\/2023\/03\/08\/entrenar-potenciometro\/","og_site_name":"\u0160koda We Love Cycling - Spain","article_published_time":"2023-03-08T10:24:49+00:00","og_image":[{"width":990,"height":660,"url":"https:\/\/d2p6e6u75xmxt8.cloudfront.net\/6\/2023\/03\/Cyclists-Training-Lanzarote-profimedia-0752955488-CVR.webp","type":"image\/webp"}],"author":"We Love Cycling Spain","twitter_card":"summary_large_image","twitter_title":"Como entrenar con potenci\u00f3metro - Conceptos b\u00e1sicos","twitter_description":"Como entrenar con potenci\u00f3metro - Conceptos b\u00e1sicos que debes saber para empezar a entrenar por potencia y mejorar tu rendimiento.","twitter_misc":{"Written by":"Jiri Kaloc","Est. reading time":"5"},"schema":{"@context":"https:\/\/schema.org","@graph":[{"@type":"WebPage","@id":"https:\/\/www.welovecycling.com\/es\/2023\/03\/08\/entrenar-potenciometro\/","url":"https:\/\/www.welovecycling.com\/es\/2023\/03\/08\/entrenar-potenciometro\/","name":"Como entrenar con potenci\u00f3metro - Conceptos b\u00e1sicos","isPartOf":{"@id":"https:\/\/www.welovecycling.com\/es\/#website"},"primaryImageOfPage":{"@id":"https:\/\/www.welovecycling.com\/es\/2023\/03\/08\/entrenar-potenciometro\/#primaryimage"},"image":{"@id":"https:\/\/www.welovecycling.com\/es\/2023\/03\/08\/entrenar-potenciometro\/#primaryimage"},"thumbnailUrl":"https:\/\/d2p6e6u75xmxt8.cloudfront.net\/6\/2023\/03\/Cyclists-Training-Lanzarote-profimedia-0752955488-CVR.webp","datePublished":"2023-03-08T10:24:49+00:00","author":{"@id":"https:\/\/www.welovecycling.com\/es\/#\/schema\/person\/deb61715b5812698ee79fb96f343ccd4"},"description":"Como entrenar con potenci\u00f3metro - Conceptos b\u00e1sicos que debes saber para empezar a entrenar por potencia y mejorar tu rendimiento.","breadcrumb":{"@id":"https:\/\/www.welovecycling.com\/es\/2023\/03\/08\/entrenar-potenciometro\/#breadcrumb"},"inLanguage":"es-ES","potentialAction":[{"@type":"ReadAction","target":["https:\/\/www.welovecycling.com\/es\/2023\/03\/08\/entrenar-potenciometro\/"]}]},{"@type":"ImageObject","inLanguage":"es-ES","@id":"https:\/\/www.welovecycling.com\/es\/2023\/03\/08\/entrenar-potenciometro\/#primaryimage","url":"https:\/\/d2p6e6u75xmxt8.cloudfront.net\/6\/2023\/03\/Cyclists-Training-Lanzarote-profimedia-0752955488-CVR.webp","contentUrl":"https:\/\/d2p6e6u75xmxt8.cloudfront.net\/6\/2023\/03\/Cyclists-Training-Lanzarote-profimedia-0752955488-CVR.webp","width":990,"height":660,"caption":"Cyclists training"},{"@type":"BreadcrumbList","@id":"https:\/\/www.welovecycling.com\/es\/2023\/03\/08\/entrenar-potenciometro\/#breadcrumb","itemListElement":[{"@type":"ListItem","position":1,"name":"Home","item":"https:\/\/www.welovecycling.com\/es\/"},{"@type":"ListItem","position":2,"name":"Como entrenar con potenci\u00f3metro &#8211; Conceptos b\u00e1sicos"}]},{"@type":"WebSite","@id":"https:\/\/www.welovecycling.com\/es\/#website","url":"https:\/\/www.welovecycling.com\/es\/","name":"\u0160koda We Love Cycling - Spain","description":"\u0160koda WeLoveCycling Spain","potentialAction":[{"@type":"SearchAction","target":{"@type":"EntryPoint","urlTemplate":"https:\/\/www.welovecycling.com\/es\/?s={search_term_string}"},"query-input":{"@type":"PropertyValueSpecification","valueRequired":true,"valueName":"search_term_string"}}],"inLanguage":"es-ES"},{"@type":"Person","@id":"https:\/\/www.welovecycling.com\/es\/#\/schema\/person\/deb61715b5812698ee79fb96f343ccd4","name":"We Love Cycling Spain","image":{"@type":"ImageObject","inLanguage":"es-ES","@id":"https:\/\/www.welovecycling.com\/es\/#\/schema\/person\/image\/","url":"https:\/\/secure.gravatar.com\/avatar\/c824b04e6df0e37a03219d0b6481672889df542894588964102459e46513159c?s=96&d=mm&r=g","contentUrl":"https:\/\/secure.gravatar.com\/avatar\/c824b04e6df0e37a03219d0b6481672889df542894588964102459e46513159c?s=96&d=mm&r=g","caption":"We Love Cycling Spain"},"url":"https:\/\/www.welovecycling.com\/es\/author\/amunoz\/"}]}},"_links":{"self":[{"href":"https:\/\/www.welovecycling.com\/es\/wp-json\/wp\/v2\/posts\/9731","targetHints":{"allow":["GET"]}}],"collection":[{"href":"https:\/\/www.welovecycling.com\/es\/wp-json\/wp\/v2\/posts"}],"about":[{"href":"https:\/\/www.welovecycling.com\/es\/wp-json\/wp\/v2\/types\/post"}],"author":[{"embeddable":true,"href":"https:\/\/www.welovecycling.com\/es\/wp-json\/wp\/v2\/users\/29"}],"replies":[{"embeddable":true,"href":"https:\/\/www.welovecycling.com\/es\/wp-json\/wp\/v2\/comments?post=9731"}],"version-history":[{"count":1,"href":"https:\/\/www.welovecycling.com\/es\/wp-json\/wp\/v2\/posts\/9731\/revisions"}],"predecessor-version":[{"id":9746,"href":"https:\/\/www.welovecycling.com\/es\/wp-json\/wp\/v2\/posts\/9731\/revisions\/9746"}],"wp:featuredmedia":[{"embeddable":true,"href":"https:\/\/www.welovecycling.com\/es\/wp-json\/wp\/v2\/media\/9734"}],"wp:attachment":[{"href":"https:\/\/www.welovecycling.com\/es\/wp-json\/wp\/v2\/media?parent=9731"}],"wp:term":[{"taxonomy":"category","embeddable":true,"href":"https:\/\/www.welovecycling.com\/es\/wp-json\/wp\/v2\/categories?post=9731"},{"taxonomy":"post_tag","embeddable":true,"href":"https:\/\/www.welovecycling.com\/es\/wp-json\/wp\/v2\/tags?post=9731"},{"taxonomy":"global-categories","embeddable":true,"href":"https:\/\/www.welovecycling.com\/es\/wp-json\/wp\/v2\/global-categories?post=9731"}],"curies":[{"name":"wp","href":"https:\/\/api.w.org\/{rel}","templated":true}]}}