{"id":9702,"date":"2023-02-21T17:46:29","date_gmt":"2023-02-21T15:46:29","guid":{"rendered":"https:\/\/www.welovecycling.com\/es\/?p=9702"},"modified":"2023-02-21T17:46:29","modified_gmt":"2023-02-21T15:46:29","slug":"richie-porte","status":"publish","type":"post","link":"https:\/\/www.welovecycling.com\/es\/2023\/02\/21\/richie-porte\/","title":{"rendered":"Richie Porte: \u2018Los comentarios sobre el peso deber\u00edan estar prohibidos\u2019"},"content":{"rendered":"<p><strong>Un nuevo episodio del We Love Cycling podcast con Matt Stephens. Esta vez en Australia con Richie Porte.<\/strong><\/p>\n<p><!--more--><\/p>\n<p>Si has visto ciclismo en los \u00faltimos a\u00f1os, el nombre de Richie Porte es dif\u00edcil de eludir. Nacido en Launceston, Australia, decir que disfrut\u00f3 de una carrera profesional estelar ser\u00eda quedarse corto. Colg\u00f3 la bici este invierno despu\u00e9s de 15 a\u00f1os espectaculares.<\/p>\n<p>Pero antes de eso, como escalador incre\u00edble con grandes habilidades para la contrarreloj, acumul\u00f3 un palmar\u00e9s envidiable, como dos victorias en la general de la Par\u00eds-Niza, dos primeros puestos en el <a href=\"https:\/\/www.welovecycling.com\/wide\/2023\/01\/23\/jay-vine-wins-tour-down-under-for-australia-and-uae-team-emirates\/\">Santos Tour Down Under<\/a>, una victoria en la general del Tour de Suiza y otra en el <a href=\"https:\/\/www.criterium-du-dauphine.fr\/en\/\">Crit\u00e9rium du Dauphin\u00e9<\/a>, el tercer puesto en la general del Tour de Francia 2010 y una cantidad considerable de victorias de etapa. Y la lista sigue y sigue. Los equipos m\u00e1s notables que realmente le permitieron brillar fueron el Trek-Segafredo y el Ineos Grenadiers (antiguo Team Sky).<\/p>\n<div class=\"embed-controller-wrapper\"><iframe title=\"Spotify Embed: Richie Porte: \u2018Commenting on weight should be totally off limits\u2019\" style=\"border-radius: 12px\" width=\"100%\" height=\"152\" frameborder=\"0\" allowfullscreen allow=\"autoplay; clipboard-write; encrypted-media; fullscreen; picture-in-picture\" loading=\"lazy\" data-src=\"https:\/\/open.spotify.com\/embed\/episode\/4MS9E24hUoIouCvC4Id2KH?utm_source=oembed\"><\/iframe><\/div>\n<p>Con Matt, Richie Porte repas\u00f3 el paso de ciclista algo recreativo a observador del deporte, el crecimiento (personal) que le permiti\u00f3 la palabra del ciclismo profesional, qu\u00e9 clase de compa\u00f1ero de habitaci\u00f3n era en los Training Camps, cu\u00e1l es la esencia de un equipo perfectamente armonizado&#8230; y juntos, rememoran el tiempo que pasaron buceando en la piscina. Tambi\u00e9n abordan el lado m\u00e1s oscuro de casi todos los deportes profesionales, que es el &#8220;body shaming&#8221;, la presi\u00f3n por tener un aspecto determinado en las redes sociales y los comentarios hirientes relacionados con ello.<\/p>\n<p>Sintoniza y disfruta.<\/p>\n","protected":false},"excerpt":{"rendered":"<p>Un nuevo episodio del We Love Cycling podcast con Matt Stephens. Esta vez en Australia con Richie Porte.<\/p>\n","protected":false},"author":29,"featured_media":9706,"comment_status":"open","ping_status":"open","sticky":false,"template":"","format":"standard","meta":{"footnotes":""},"categories":[7],"tags":[2226],"global-categories":[],"class_list":["post-9702","post","type-post","status-publish","format-standard","has-post-thumbnail","hentry","category-carretera","tag-richie-porte"],"yoast_head":"<!-- This site is optimized with the Yoast SEO Premium plugin v25.3 (Yoast SEO v25.9) - https:\/\/yoast.com\/wordpress\/plugins\/seo\/ -->\n<title>Richie Porte: \u2018Los comentarios sobre el peso deber\u00edan estar prohibidos\u2019<\/title>\n<meta name=\"description\" content=\"Richie Porte: \u2018Los comentarios sobre el peso deber\u00edan estar prohibidos\u2019. Entrevista con el ex ciclista de Sky y Trek Segafredo.\" \/>\n<meta name=\"robots\" content=\"index, follow, max-snippet:-1, max-image-preview:large, max-video-preview:-1\" \/>\n<link rel=\"canonical\" href=\"https:\/\/www.welovecycling.com\/es\/2023\/02\/21\/richie-porte\/\" \/>\n<meta property=\"og:locale\" content=\"es_ES\" \/>\n<meta property=\"og:type\" content=\"article\" \/>\n<meta property=\"og:title\" content=\"Richie Porte: \u2018Los comentarios sobre el peso deber\u00edan estar prohibidos\u2019\" \/>\n<meta property=\"og:description\" content=\"Richie Porte: \u2018Los comentarios sobre el peso deber\u00edan estar prohibidos\u2019. Entrevista con el ex ciclista de Sky y Trek Segafredo.\" \/>\n<meta property=\"og:url\" content=\"https:\/\/www.welovecycling.com\/es\/2023\/02\/21\/richie-porte\/\" \/>\n<meta property=\"og:site_name\" content=\"\u0160koda We Love Cycling - Spain\" \/>\n<meta property=\"article:published_time\" content=\"2023-02-21T15:46:29+00:00\" \/>\n<meta property=\"og:image\" content=\"https:\/\/d2p6e6u75xmxt8.cloudfront.net\/6\/2023\/02\/WLC_Podcast_Richie-Porte_ArticleCover.webp\" \/>\n\t<meta property=\"og:image:width\" content=\"990\" \/>\n\t<meta property=\"og:image:height\" content=\"660\" \/>\n\t<meta property=\"og:image:type\" content=\"image\/webp\" \/>\n<meta name=\"author\" content=\"We Love Cycling Spain\" \/>\n<meta name=\"twitter:card\" content=\"summary_large_image\" \/>\n<meta name=\"twitter:title\" content=\"Richie Porte: \u2018Los comentarios sobre el peso deber\u00edan estar prohibidos\u2019\" \/>\n<meta name=\"twitter:description\" content=\"Richie Porte: \u2018Los comentarios sobre el peso deber\u00edan estar prohibidos\u2019. Entrevista con el ex ciclista de Sky y Trek Segafredo.\" \/>\n<meta name=\"twitter:label1\" content=\"Written by\" \/>\n\t<meta name=\"twitter:data1\" content=\"We Love Cycling\" \/>\n\t<meta name=\"twitter:label2\" content=\"Est. reading time\" \/>\n\t<meta name=\"twitter:data2\" content=\"4\" \/>\n<script type=\"application\/ld+json\" class=\"yoast-schema-graph\">{\"@context\":\"https:\/\/schema.org\",\"@graph\":[{\"@type\":\"WebPage\",\"@id\":\"https:\/\/www.welovecycling.com\/es\/2023\/02\/21\/richie-porte\/\",\"url\":\"https:\/\/www.welovecycling.com\/es\/2023\/02\/21\/richie-porte\/\",\"name\":\"Richie Porte: \u2018Los comentarios sobre el peso deber\u00edan estar prohibidos\u2019\",\"isPartOf\":{\"@id\":\"https:\/\/www.welovecycling.com\/es\/#website\"},\"primaryImageOfPage\":{\"@id\":\"https:\/\/www.welovecycling.com\/es\/2023\/02\/21\/richie-porte\/#primaryimage\"},\"image\":{\"@id\":\"https:\/\/www.welovecycling.com\/es\/2023\/02\/21\/richie-porte\/#primaryimage\"},\"thumbnailUrl\":\"https:\/\/d2p6e6u75xmxt8.cloudfront.net\/6\/2023\/02\/WLC_Podcast_Richie-Porte_ArticleCover.webp\",\"datePublished\":\"2023-02-21T15:46:29+00:00\",\"author\":{\"@id\":\"https:\/\/www.welovecycling.com\/es\/#\/schema\/person\/deb61715b5812698ee79fb96f343ccd4\"},\"description\":\"Richie Porte: \u2018Los comentarios sobre el peso deber\u00edan estar prohibidos\u2019. Entrevista con el ex ciclista de Sky y Trek Segafredo.\",\"breadcrumb\":{\"@id\":\"https:\/\/www.welovecycling.com\/es\/2023\/02\/21\/richie-porte\/#breadcrumb\"},\"inLanguage\":\"es-ES\",\"potentialAction\":[{\"@type\":\"ReadAction\",\"target\":[\"https:\/\/www.welovecycling.com\/es\/2023\/02\/21\/richie-porte\/\"]}]},{\"@type\":\"ImageObject\",\"inLanguage\":\"es-ES\",\"@id\":\"https:\/\/www.welovecycling.com\/es\/2023\/02\/21\/richie-porte\/#primaryimage\",\"url\":\"https:\/\/d2p6e6u75xmxt8.cloudfront.net\/6\/2023\/02\/WLC_Podcast_Richie-Porte_ArticleCover.webp\",\"contentUrl\":\"https:\/\/d2p6e6u75xmxt8.cloudfront.net\/6\/2023\/02\/WLC_Podcast_Richie-Porte_ArticleCover.webp\",\"width\":990,\"height\":660,\"caption\":\"Richie Porte\"},{\"@type\":\"BreadcrumbList\",\"@id\":\"https:\/\/www.welovecycling.com\/es\/2023\/02\/21\/richie-porte\/#breadcrumb\",\"itemListElement\":[{\"@type\":\"ListItem\",\"position\":1,\"name\":\"Home\",\"item\":\"https:\/\/www.welovecycling.com\/es\/\"},{\"@type\":\"ListItem\",\"position\":2,\"name\":\"Richie Porte: \u2018Los comentarios sobre el peso deber\u00edan estar prohibidos\u2019\"}]},{\"@type\":\"WebSite\",\"@id\":\"https:\/\/www.welovecycling.com\/es\/#website\",\"url\":\"https:\/\/www.welovecycling.com\/es\/\",\"name\":\"\u0160koda We Love Cycling - Spain\",\"description\":\"\u0160koda WeLoveCycling Spain\",\"potentialAction\":[{\"@type\":\"SearchAction\",\"target\":{\"@type\":\"EntryPoint\",\"urlTemplate\":\"https:\/\/www.welovecycling.com\/es\/?s={search_term_string}\"},\"query-input\":{\"@type\":\"PropertyValueSpecification\",\"valueRequired\":true,\"valueName\":\"search_term_string\"}}],\"inLanguage\":\"es-ES\"},{\"@type\":\"Person\",\"@id\":\"https:\/\/www.welovecycling.com\/es\/#\/schema\/person\/deb61715b5812698ee79fb96f343ccd4\",\"name\":\"We Love Cycling Spain\",\"image\":{\"@type\":\"ImageObject\",\"inLanguage\":\"es-ES\",\"@id\":\"https:\/\/www.welovecycling.com\/es\/#\/schema\/person\/image\/\",\"url\":\"https:\/\/secure.gravatar.com\/avatar\/c824b04e6df0e37a03219d0b6481672889df542894588964102459e46513159c?s=96&d=mm&r=g\",\"contentUrl\":\"https:\/\/secure.gravatar.com\/avatar\/c824b04e6df0e37a03219d0b6481672889df542894588964102459e46513159c?s=96&d=mm&r=g\",\"caption\":\"We Love Cycling Spain\"},\"url\":\"https:\/\/www.welovecycling.com\/es\/author\/amunoz\/\"}]}<\/script>\n<!-- \/ Yoast SEO Premium plugin. -->","yoast_head_json":{"title":"Richie Porte: \u2018Los comentarios sobre el peso deber\u00edan estar prohibidos\u2019","description":"Richie Porte: \u2018Los comentarios sobre el peso deber\u00edan estar prohibidos\u2019. Entrevista con el ex ciclista de Sky y Trek Segafredo.","robots":{"index":"index","follow":"follow","max-snippet":"max-snippet:-1","max-image-preview":"max-image-preview:large","max-video-preview":"max-video-preview:-1"},"canonical":"https:\/\/www.welovecycling.com\/es\/2023\/02\/21\/richie-porte\/","og_locale":"es_ES","og_type":"article","og_title":"Richie Porte: \u2018Los comentarios sobre el peso deber\u00edan estar prohibidos\u2019","og_description":"Richie Porte: \u2018Los comentarios sobre el peso deber\u00edan estar prohibidos\u2019. Entrevista con el ex ciclista de Sky y Trek Segafredo.","og_url":"https:\/\/www.welovecycling.com\/es\/2023\/02\/21\/richie-porte\/","og_site_name":"\u0160koda We Love Cycling - Spain","article_published_time":"2023-02-21T15:46:29+00:00","og_image":[{"width":990,"height":660,"url":"https:\/\/d2p6e6u75xmxt8.cloudfront.net\/6\/2023\/02\/WLC_Podcast_Richie-Porte_ArticleCover.webp","type":"image\/webp"}],"author":"We Love Cycling Spain","twitter_card":"summary_large_image","twitter_title":"Richie Porte: \u2018Los comentarios sobre el peso deber\u00edan estar prohibidos\u2019","twitter_description":"Richie Porte: \u2018Los comentarios sobre el peso deber\u00edan estar prohibidos\u2019. Entrevista con el ex ciclista de Sky y Trek Segafredo.","twitter_misc":{"Written by":"We Love Cycling","Est. reading time":"4"},"schema":{"@context":"https:\/\/schema.org","@graph":[{"@type":"WebPage","@id":"https:\/\/www.welovecycling.com\/es\/2023\/02\/21\/richie-porte\/","url":"https:\/\/www.welovecycling.com\/es\/2023\/02\/21\/richie-porte\/","name":"Richie Porte: \u2018Los comentarios sobre el peso deber\u00edan estar prohibidos\u2019","isPartOf":{"@id":"https:\/\/www.welovecycling.com\/es\/#website"},"primaryImageOfPage":{"@id":"https:\/\/www.welovecycling.com\/es\/2023\/02\/21\/richie-porte\/#primaryimage"},"image":{"@id":"https:\/\/www.welovecycling.com\/es\/2023\/02\/21\/richie-porte\/#primaryimage"},"thumbnailUrl":"https:\/\/d2p6e6u75xmxt8.cloudfront.net\/6\/2023\/02\/WLC_Podcast_Richie-Porte_ArticleCover.webp","datePublished":"2023-02-21T15:46:29+00:00","author":{"@id":"https:\/\/www.welovecycling.com\/es\/#\/schema\/person\/deb61715b5812698ee79fb96f343ccd4"},"description":"Richie Porte: \u2018Los comentarios sobre el peso deber\u00edan estar prohibidos\u2019. Entrevista con el ex ciclista de Sky y Trek Segafredo.","breadcrumb":{"@id":"https:\/\/www.welovecycling.com\/es\/2023\/02\/21\/richie-porte\/#breadcrumb"},"inLanguage":"es-ES","potentialAction":[{"@type":"ReadAction","target":["https:\/\/www.welovecycling.com\/es\/2023\/02\/21\/richie-porte\/"]}]},{"@type":"ImageObject","inLanguage":"es-ES","@id":"https:\/\/www.welovecycling.com\/es\/2023\/02\/21\/richie-porte\/#primaryimage","url":"https:\/\/d2p6e6u75xmxt8.cloudfront.net\/6\/2023\/02\/WLC_Podcast_Richie-Porte_ArticleCover.webp","contentUrl":"https:\/\/d2p6e6u75xmxt8.cloudfront.net\/6\/2023\/02\/WLC_Podcast_Richie-Porte_ArticleCover.webp","width":990,"height":660,"caption":"Richie Porte"},{"@type":"BreadcrumbList","@id":"https:\/\/www.welovecycling.com\/es\/2023\/02\/21\/richie-porte\/#breadcrumb","itemListElement":[{"@type":"ListItem","position":1,"name":"Home","item":"https:\/\/www.welovecycling.com\/es\/"},{"@type":"ListItem","position":2,"name":"Richie Porte: \u2018Los comentarios sobre el peso deber\u00edan estar prohibidos\u2019"}]},{"@type":"WebSite","@id":"https:\/\/www.welovecycling.com\/es\/#website","url":"https:\/\/www.welovecycling.com\/es\/","name":"\u0160koda We Love Cycling - Spain","description":"\u0160koda WeLoveCycling Spain","potentialAction":[{"@type":"SearchAction","target":{"@type":"EntryPoint","urlTemplate":"https:\/\/www.welovecycling.com\/es\/?s={search_term_string}"},"query-input":{"@type":"PropertyValueSpecification","valueRequired":true,"valueName":"search_term_string"}}],"inLanguage":"es-ES"},{"@type":"Person","@id":"https:\/\/www.welovecycling.com\/es\/#\/schema\/person\/deb61715b5812698ee79fb96f343ccd4","name":"We Love Cycling Spain","image":{"@type":"ImageObject","inLanguage":"es-ES","@id":"https:\/\/www.welovecycling.com\/es\/#\/schema\/person\/image\/","url":"https:\/\/secure.gravatar.com\/avatar\/c824b04e6df0e37a03219d0b6481672889df542894588964102459e46513159c?s=96&d=mm&r=g","contentUrl":"https:\/\/secure.gravatar.com\/avatar\/c824b04e6df0e37a03219d0b6481672889df542894588964102459e46513159c?s=96&d=mm&r=g","caption":"We Love Cycling Spain"},"url":"https:\/\/www.welovecycling.com\/es\/author\/amunoz\/"}]}},"_links":{"self":[{"href":"https:\/\/www.welovecycling.com\/es\/wp-json\/wp\/v2\/posts\/9702","targetHints":{"allow":["GET"]}}],"collection":[{"href":"https:\/\/www.welovecycling.com\/es\/wp-json\/wp\/v2\/posts"}],"about":[{"href":"https:\/\/www.welovecycling.com\/es\/wp-json\/wp\/v2\/types\/post"}],"author":[{"embeddable":true,"href":"https:\/\/www.welovecycling.com\/es\/wp-json\/wp\/v2\/users\/29"}],"replies":[{"embeddable":true,"href":"https:\/\/www.welovecycling.com\/es\/wp-json\/wp\/v2\/comments?post=9702"}],"version-history":[{"count":1,"href":"https:\/\/www.welovecycling.com\/es\/wp-json\/wp\/v2\/posts\/9702\/revisions"}],"predecessor-version":[{"id":9713,"href":"https:\/\/www.welovecycling.com\/es\/wp-json\/wp\/v2\/posts\/9702\/revisions\/9713"}],"wp:featuredmedia":[{"embeddable":true,"href":"https:\/\/www.welovecycling.com\/es\/wp-json\/wp\/v2\/media\/9706"}],"wp:attachment":[{"href":"https:\/\/www.welovecycling.com\/es\/wp-json\/wp\/v2\/media?parent=9702"}],"wp:term":[{"taxonomy":"category","embeddable":true,"href":"https:\/\/www.welovecycling.com\/es\/wp-json\/wp\/v2\/categories?post=9702"},{"taxonomy":"post_tag","embeddable":true,"href":"https:\/\/www.welovecycling.com\/es\/wp-json\/wp\/v2\/tags?post=9702"},{"taxonomy":"global-categories","embeddable":true,"href":"https:\/\/www.welovecycling.com\/es\/wp-json\/wp\/v2\/global-categories?post=9702"}],"curies":[{"name":"wp","href":"https:\/\/api.w.org\/{rel}","templated":true}]}}