{"id":9672,"date":"2023-02-08T21:02:56","date_gmt":"2023-02-08T19:02:56","guid":{"rendered":"https:\/\/www.welovecycling.com\/es\/?p=9672"},"modified":"2023-02-04T21:16:21","modified_gmt":"2023-02-04T19:16:21","slug":"vitamin-d","status":"publish","type":"post","link":"https:\/\/www.welovecycling.com\/es\/2023\/02\/08\/vitamin-d\/","title":{"rendered":"Vitamina D: \u00bfPuede hacer mejor ciclista?"},"content":{"rendered":"<p><strong>\u00bfSab\u00edas que Chris Boardman, ex ciclista de carreras brit\u00e1nico, dej\u00f3 de competir tras diagnostic\u00e1rsele osteoporosis en fase inicial? Un final desafortunado para una gran carrera ciclista, pero la pregunta es: \u00bfpodr\u00eda haberse evitado si hubiese tomado m\u00e1s vitamina D?<\/strong><\/p>\n<p><!--more--><\/p>\n<p>En el caso de Chris, es poco probable, ya que ten\u00eda antecedentes familiares de la enfermedad. Pero en muchos casos, la osteoporosis -una enfermedad que debilita los huesos, haci\u00e9ndolos fr\u00e1giles y m\u00e1s propensos a romperse- se puede prevenir en gran medida. Dado que el ciclismo no es un ejercicio que implique soportar peso, es poco probable que se pueda prevenir la enfermedad s\u00f3lo con la bicicleta. Sin embargo, una forma de prevenir la osteoporosis es asegurarse de que se consume suficiente vitamina D.<\/p>\n<p>As\u00ed que, ante todo, si la vitamina D evita que abandones el ciclismo, eso en s\u00ed mismo te convertir\u00e1 en un mejor ciclista. Pero, \u00bfqu\u00e9 otros beneficios tiene el consumo regular de esta vitamina esencial para nuestros esfuerzos sobre dos ruedas?<\/p>\n<h2><strong>1) Reduce la inflamaci\u00f3n<\/strong><\/h2>\n<p><a href=\"https:\/\/www.ncbi.nlm.nih.gov\/pmc\/articles\/PMC3497950\/#:~:text=Increasing%20vitamin%20D%20levels%20provides,with%20increased%20vitamin%20D%20levels.\">Los estudios<\/a>\u00a0demuestran que la inflamaci\u00f3n aumenta cuando un deportista tiene niveles bajos de vitamina D. Se cree que la inflamaci\u00f3n es una de las causas del agotamiento en los deportistas o &#8220;s\u00edndrome de sobreentrenamiento&#8221;. Pero, si un atleta mantiene un nivel normal de vitamina D tanto a trav\u00e9s de la dieta como de la suplementaci\u00f3n, la inflamaci\u00f3n se reduce y puede volver a entrenar m\u00e1s r\u00e1pidamente.<\/p>\n<h2><strong>2) Ser un mejor velocista<\/strong><\/h2>\n<p>Si alguna vez has hecho intervalos, habr\u00e1s o\u00eddo las palabras &#8220;fibras musculares de contracci\u00f3n r\u00e1pida&#8221;. Pues bien, se dice que estos <a href=\"https:\/\/www.ncbi.nlm.nih.gov\/pmc\/articles\/PMC3497950\/#:~:text=Increasing%20vitamin%20D%20levels%20provides,with%20increased%20vitamin%20D%20levels.\">m\u00fasculos de tipo II<\/a> son especialmente sensibles a los efectos de la carencia de vitamina D. Estas fibras musculares son importantes en las actividades que requieren explosiones cortas y agudas. B\u00e1sicamente, si quieres llegar a la meta en un sprint \u00e9pico o est\u00e1s subiendo una gran cuesta, tendr\u00e1s que asegurarte de que recibes suficiente vitamina D.<\/p>\n<h2><strong>3) Evita la atrofia muscular<\/strong><\/h2>\n<p>Una persona con deficiencia de vitamina D es m\u00e1s propensa a sufrir atrofia muscular, lo que reducir\u00e1 la eficacia de sus m\u00fasculos sobre la bicicleta. Los m\u00fasculos que se han atrofiado se contraen y relajan mucho m\u00e1s lentamente, lo que en esencia es otra forma de decir que no rendir\u00e1n del todo bien. Adem\u00e1s, un m\u00fasculo atrofiado tiene un mayor riesgo de sufrir dolor cr\u00f3nico. El ciclismo probablemente no estar\u00e1 en tu lista de prioridades con este conjunto de s\u00edntomas.<\/p>\n<figure id=\"attachment_9673\" aria-describedby=\"caption-attachment-9673\" style=\"width: 1008px\" class=\"wp-caption alignnone\"><a href=\"https:\/\/d2p6e6u75xmxt8.cloudfront.net\/6\/2023\/02\/Cycling-with-sunglasses-profimedia-0560999887.webp\"><img loading=\"lazy\" decoding=\"async\" class=\"wp-image-9673 size-full\" src=\"https:\/\/d2p6e6u75xmxt8.cloudfront.net\/6\/2023\/02\/Cycling-with-sunglasses-profimedia-0560999887.webp\" alt=\"Cyclist with sunglasses\" width=\"1008\" height=\"672\" srcset=\"https:\/\/d2p6e6u75xmxt8.cloudfront.net\/6\/2023\/02\/Cycling-with-sunglasses-profimedia-0560999887.webp 1008w, https:\/\/d2p6e6u75xmxt8.cloudfront.net\/6\/2023\/02\/Cycling-with-sunglasses-profimedia-0560999887-300x200.webp 300w, https:\/\/d2p6e6u75xmxt8.cloudfront.net\/6\/2023\/02\/Cycling-with-sunglasses-profimedia-0560999887-768x512.webp 768w, https:\/\/d2p6e6u75xmxt8.cloudfront.net\/6\/2023\/02\/Cycling-with-sunglasses-profimedia-0560999887-272x182.webp 272w\" sizes=\"auto, (max-width: 1008px) 100vw, 1008px\" \/><\/a><figcaption id=\"caption-attachment-9673\" class=\"wp-caption-text\">Muchas personas pueden satisfacer sus necesidades diarias de vitamina D s\u00f3lo con el sol. \u00a9 Profimedia<\/figcaption><\/figure>\n<h2><strong><br \/>\n4) Reduce el riesgo de lesi\u00f3n<\/strong><\/h2>\n<p>Se han realizado <a href=\"https:\/\/scholar.google.com\/scholar?q=+Shindle+MK+Voos+JE+Gulotta+L++Vitamin+D+status+in+a+professional+American+football+team+%5BID+46-9849%5D+.++AOSSM+Annual+Meeting+;++San+Diego,+CA+;++2011+\">varios estudios<\/a> para demostrar la relaci\u00f3n entre unos niveles suficientes de vitamina D y la prevenci\u00f3n y recuperaci\u00f3n de lesiones. Uno de estos estudios realiz\u00f3 un seguimiento de varios jugadores de f\u00fatbol y descubri\u00f3 que aquellos con lesiones musculoesquel\u00e9ticas ten\u00edan niveles de vitamina D significativamente m\u00e1s bajos que sus compa\u00f1eros no lesionados.<\/p>\n<h2><strong>5) Mejora la recuperaci\u00f3n<\/strong><\/h2>\n<p>En caso de lesi\u00f3n, ya sea un esguince muscular o una fractura \u00f3sea por caerse de la bicicleta, las personas con niveles suficientes de vitamina D probablemente se recuperar\u00e1n m\u00e1s r\u00e1pido que las que tienen carencias.<\/p>\n<h2><strong>6) Incrementa los niveles de ox\u00edgeno<\/strong><\/h2>\n<p>Las <a href=\"https:\/\/www.welovecycling.com\/wide\/2022\/05\/09\/a-few-tips-to-improve-your-climbing-skills\/\">subidas que revientan los pulmones<\/a> ser\u00edan m\u00e1s f\u00e1ciles con un poco m\u00e1s de ox\u00edgeno, \u00bfverdad? Pues la vitamina D puede ayudarte. Los estudios han demostrado que cuando una persona tiene niveles suficientes, tiene una mayor tasa de consumo de ox\u00edgeno, lo que, a su vez, le ayuda a respirar mejor.<\/p>\n<p>\u00c9stos son s\u00f3lo algunos de los muchos beneficios de unos niveles suficientes de vitamina D como ciclista, \u00a1y como ser humano en general! En primer lugar, querr\u00e1s averiguar si eres deficiente, para poder responder a estas preguntas. Para estar realmente seguro, puedes hacerte un an\u00e1lisis de sangre. Pero lo m\u00e1s probable es que incluso los ciclistas que salen al aire libre, si viven a m\u00e1s de 35 grados del ecuador en el sur o en el norte durante el invierno, necesiten un suplemento.<\/p>\n<p>La vitamina D <a href=\"https:\/\/www.welovecycling.com\/es\/2020\/04\/08\/alimentos-proteger-sistema-inmunologico\/\">se puede obtener de varias maneras<\/a>. Por ejemplo, a trav\u00e9s de la alimentaci\u00f3n y de una exposici\u00f3n razonable al sol, pero tambi\u00e9n es probable que necesites suplementos. Una combinaci\u00f3n de ambos puede ser muy \u00fatil para tu r\u00e9gimen de entrenamiento durante el invierno.<\/p>\n","protected":false},"excerpt":{"rendered":"<p>\u00bfSab\u00edas que Chris Boardman, ex ciclista de carreras brit\u00e1nico, dej\u00f3 de competir tras diagnostic\u00e1rsele osteoporosis en fase inicial? Un final [&hellip;]<\/p>\n","protected":false},"author":29,"featured_media":9675,"comment_status":"open","ping_status":"open","sticky":false,"template":"","format":"standard","meta":{"footnotes":""},"categories":[7,8,9,6],"tags":[],"global-categories":[],"class_list":["post-9672","post","type-post","status-publish","format-standard","has-post-thumbnail","hentry","category-carretera","category-life-style","category-mtb-aventura","category-urban"],"yoast_head":"<!-- This site is optimized with the Yoast SEO Premium plugin v25.3 (Yoast SEO v25.9) - https:\/\/yoast.com\/wordpress\/plugins\/seo\/ -->\n<title>Vitamina D: \u00bfPuede hacer mejor ciclista? - \u0160koda We Love Cycling - Spain<\/title>\n<meta name=\"description\" content=\"Los efectos beneficiosos de la Vitamina D en los ciclistas. Se pueden aumentar los niveles con horas de sol o con la ingesta de alimentos.\" \/>\n<meta name=\"robots\" content=\"index, follow, max-snippet:-1, max-image-preview:large, max-video-preview:-1\" \/>\n<link rel=\"canonical\" href=\"https:\/\/www.welovecycling.com\/es\/2023\/02\/08\/vitamin-d\/\" \/>\n<meta property=\"og:locale\" content=\"es_ES\" \/>\n<meta property=\"og:type\" content=\"article\" \/>\n<meta property=\"og:title\" content=\"Vitamina D: \u00bfPuede hacer mejor ciclista?\" \/>\n<meta property=\"og:description\" content=\"Los efectos beneficiosos de la Vitamina D en los ciclistas. Se pueden aumentar los niveles con horas de sol o con la ingesta de alimentos.\" \/>\n<meta property=\"og:url\" content=\"https:\/\/www.welovecycling.com\/es\/2023\/02\/08\/vitamin-d\/\" \/>\n<meta property=\"og:site_name\" content=\"\u0160koda We Love Cycling - Spain\" \/>\n<meta property=\"article:published_time\" content=\"2023-02-08T19:02:56+00:00\" \/>\n<meta property=\"og:image\" content=\"https:\/\/d2p6e6u75xmxt8.cloudfront.net\/6\/2023\/02\/Vitamin-D-Rich-Food-profimedia-0753868563-CVR.webp\" \/>\n\t<meta property=\"og:image:width\" content=\"990\" \/>\n\t<meta property=\"og:image:height\" content=\"660\" \/>\n\t<meta property=\"og:image:type\" content=\"image\/webp\" \/>\n<meta name=\"author\" content=\"We Love Cycling Spain\" \/>\n<meta name=\"twitter:card\" content=\"summary_large_image\" \/>\n<meta name=\"twitter:description\" content=\"Los efectos beneficiosos de la Vitamina D en los ciclistas. Se pueden aumentar los niveles con horas de sol o con la ingesta de alimentos.\" \/>\n<meta name=\"twitter:label1\" content=\"Written by\" \/>\n\t<meta name=\"twitter:data1\" content=\"Charlotte Murray\" \/>\n\t<meta name=\"twitter:label2\" content=\"Est. reading time\" \/>\n\t<meta name=\"twitter:data2\" content=\"5\" \/>\n<script type=\"application\/ld+json\" class=\"yoast-schema-graph\">{\"@context\":\"https:\/\/schema.org\",\"@graph\":[{\"@type\":\"WebPage\",\"@id\":\"https:\/\/www.welovecycling.com\/es\/2023\/02\/08\/vitamin-d\/\",\"url\":\"https:\/\/www.welovecycling.com\/es\/2023\/02\/08\/vitamin-d\/\",\"name\":\"Vitamina D: \u00bfPuede hacer mejor ciclista? - \u0160koda We Love Cycling - Spain\",\"isPartOf\":{\"@id\":\"https:\/\/www.welovecycling.com\/es\/#website\"},\"primaryImageOfPage\":{\"@id\":\"https:\/\/www.welovecycling.com\/es\/2023\/02\/08\/vitamin-d\/#primaryimage\"},\"image\":{\"@id\":\"https:\/\/www.welovecycling.com\/es\/2023\/02\/08\/vitamin-d\/#primaryimage\"},\"thumbnailUrl\":\"https:\/\/d2p6e6u75xmxt8.cloudfront.net\/6\/2023\/02\/Vitamin-D-Rich-Food-profimedia-0753868563-CVR.webp\",\"datePublished\":\"2023-02-08T19:02:56+00:00\",\"author\":{\"@id\":\"https:\/\/www.welovecycling.com\/es\/#\/schema\/person\/deb61715b5812698ee79fb96f343ccd4\"},\"description\":\"Los efectos beneficiosos de la Vitamina D en los ciclistas. Se pueden aumentar los niveles con horas de sol o con la ingesta de alimentos.\",\"breadcrumb\":{\"@id\":\"https:\/\/www.welovecycling.com\/es\/2023\/02\/08\/vitamin-d\/#breadcrumb\"},\"inLanguage\":\"es-ES\",\"potentialAction\":[{\"@type\":\"ReadAction\",\"target\":[\"https:\/\/www.welovecycling.com\/es\/2023\/02\/08\/vitamin-d\/\"]}]},{\"@type\":\"ImageObject\",\"inLanguage\":\"es-ES\",\"@id\":\"https:\/\/www.welovecycling.com\/es\/2023\/02\/08\/vitamin-d\/#primaryimage\",\"url\":\"https:\/\/d2p6e6u75xmxt8.cloudfront.net\/6\/2023\/02\/Vitamin-D-Rich-Food-profimedia-0753868563-CVR.webp\",\"contentUrl\":\"https:\/\/d2p6e6u75xmxt8.cloudfront.net\/6\/2023\/02\/Vitamin-D-Rich-Food-profimedia-0753868563-CVR.webp\",\"width\":990,\"height\":660,\"caption\":\"Vitamin D Rich Food\"},{\"@type\":\"BreadcrumbList\",\"@id\":\"https:\/\/www.welovecycling.com\/es\/2023\/02\/08\/vitamin-d\/#breadcrumb\",\"itemListElement\":[{\"@type\":\"ListItem\",\"position\":1,\"name\":\"Home\",\"item\":\"https:\/\/www.welovecycling.com\/es\/\"},{\"@type\":\"ListItem\",\"position\":2,\"name\":\"Vitamina D: \u00bfPuede hacer mejor ciclista?\"}]},{\"@type\":\"WebSite\",\"@id\":\"https:\/\/www.welovecycling.com\/es\/#website\",\"url\":\"https:\/\/www.welovecycling.com\/es\/\",\"name\":\"\u0160koda We Love Cycling - Spain\",\"description\":\"\u0160koda WeLoveCycling Spain\",\"potentialAction\":[{\"@type\":\"SearchAction\",\"target\":{\"@type\":\"EntryPoint\",\"urlTemplate\":\"https:\/\/www.welovecycling.com\/es\/?s={search_term_string}\"},\"query-input\":{\"@type\":\"PropertyValueSpecification\",\"valueRequired\":true,\"valueName\":\"search_term_string\"}}],\"inLanguage\":\"es-ES\"},{\"@type\":\"Person\",\"@id\":\"https:\/\/www.welovecycling.com\/es\/#\/schema\/person\/deb61715b5812698ee79fb96f343ccd4\",\"name\":\"We Love Cycling Spain\",\"image\":{\"@type\":\"ImageObject\",\"inLanguage\":\"es-ES\",\"@id\":\"https:\/\/www.welovecycling.com\/es\/#\/schema\/person\/image\/\",\"url\":\"https:\/\/secure.gravatar.com\/avatar\/c824b04e6df0e37a03219d0b6481672889df542894588964102459e46513159c?s=96&d=mm&r=g\",\"contentUrl\":\"https:\/\/secure.gravatar.com\/avatar\/c824b04e6df0e37a03219d0b6481672889df542894588964102459e46513159c?s=96&d=mm&r=g\",\"caption\":\"We Love Cycling Spain\"},\"url\":\"https:\/\/www.welovecycling.com\/es\/author\/amunoz\/\"}]}<\/script>\n<!-- \/ Yoast SEO Premium plugin. -->","yoast_head_json":{"title":"Vitamina D: \u00bfPuede hacer mejor ciclista? - \u0160koda We Love Cycling - Spain","description":"Los efectos beneficiosos de la Vitamina D en los ciclistas. Se pueden aumentar los niveles con horas de sol o con la ingesta de alimentos.","robots":{"index":"index","follow":"follow","max-snippet":"max-snippet:-1","max-image-preview":"max-image-preview:large","max-video-preview":"max-video-preview:-1"},"canonical":"https:\/\/www.welovecycling.com\/es\/2023\/02\/08\/vitamin-d\/","og_locale":"es_ES","og_type":"article","og_title":"Vitamina D: \u00bfPuede hacer mejor ciclista?","og_description":"Los efectos beneficiosos de la Vitamina D en los ciclistas. Se pueden aumentar los niveles con horas de sol o con la ingesta de alimentos.","og_url":"https:\/\/www.welovecycling.com\/es\/2023\/02\/08\/vitamin-d\/","og_site_name":"\u0160koda We Love Cycling - Spain","article_published_time":"2023-02-08T19:02:56+00:00","og_image":[{"width":990,"height":660,"url":"https:\/\/d2p6e6u75xmxt8.cloudfront.net\/6\/2023\/02\/Vitamin-D-Rich-Food-profimedia-0753868563-CVR.webp","type":"image\/webp"}],"author":"We Love Cycling Spain","twitter_card":"summary_large_image","twitter_description":"Los efectos beneficiosos de la Vitamina D en los ciclistas. Se pueden aumentar los niveles con horas de sol o con la ingesta de alimentos.","twitter_misc":{"Written by":"Charlotte Murray","Est. reading time":"5"},"schema":{"@context":"https:\/\/schema.org","@graph":[{"@type":"WebPage","@id":"https:\/\/www.welovecycling.com\/es\/2023\/02\/08\/vitamin-d\/","url":"https:\/\/www.welovecycling.com\/es\/2023\/02\/08\/vitamin-d\/","name":"Vitamina D: \u00bfPuede hacer mejor ciclista? - \u0160koda We Love Cycling - Spain","isPartOf":{"@id":"https:\/\/www.welovecycling.com\/es\/#website"},"primaryImageOfPage":{"@id":"https:\/\/www.welovecycling.com\/es\/2023\/02\/08\/vitamin-d\/#primaryimage"},"image":{"@id":"https:\/\/www.welovecycling.com\/es\/2023\/02\/08\/vitamin-d\/#primaryimage"},"thumbnailUrl":"https:\/\/d2p6e6u75xmxt8.cloudfront.net\/6\/2023\/02\/Vitamin-D-Rich-Food-profimedia-0753868563-CVR.webp","datePublished":"2023-02-08T19:02:56+00:00","author":{"@id":"https:\/\/www.welovecycling.com\/es\/#\/schema\/person\/deb61715b5812698ee79fb96f343ccd4"},"description":"Los efectos beneficiosos de la Vitamina D en los ciclistas. Se pueden aumentar los niveles con horas de sol o con la ingesta de alimentos.","breadcrumb":{"@id":"https:\/\/www.welovecycling.com\/es\/2023\/02\/08\/vitamin-d\/#breadcrumb"},"inLanguage":"es-ES","potentialAction":[{"@type":"ReadAction","target":["https:\/\/www.welovecycling.com\/es\/2023\/02\/08\/vitamin-d\/"]}]},{"@type":"ImageObject","inLanguage":"es-ES","@id":"https:\/\/www.welovecycling.com\/es\/2023\/02\/08\/vitamin-d\/#primaryimage","url":"https:\/\/d2p6e6u75xmxt8.cloudfront.net\/6\/2023\/02\/Vitamin-D-Rich-Food-profimedia-0753868563-CVR.webp","contentUrl":"https:\/\/d2p6e6u75xmxt8.cloudfront.net\/6\/2023\/02\/Vitamin-D-Rich-Food-profimedia-0753868563-CVR.webp","width":990,"height":660,"caption":"Vitamin D Rich Food"},{"@type":"BreadcrumbList","@id":"https:\/\/www.welovecycling.com\/es\/2023\/02\/08\/vitamin-d\/#breadcrumb","itemListElement":[{"@type":"ListItem","position":1,"name":"Home","item":"https:\/\/www.welovecycling.com\/es\/"},{"@type":"ListItem","position":2,"name":"Vitamina D: \u00bfPuede hacer mejor ciclista?"}]},{"@type":"WebSite","@id":"https:\/\/www.welovecycling.com\/es\/#website","url":"https:\/\/www.welovecycling.com\/es\/","name":"\u0160koda We Love Cycling - Spain","description":"\u0160koda WeLoveCycling Spain","potentialAction":[{"@type":"SearchAction","target":{"@type":"EntryPoint","urlTemplate":"https:\/\/www.welovecycling.com\/es\/?s={search_term_string}"},"query-input":{"@type":"PropertyValueSpecification","valueRequired":true,"valueName":"search_term_string"}}],"inLanguage":"es-ES"},{"@type":"Person","@id":"https:\/\/www.welovecycling.com\/es\/#\/schema\/person\/deb61715b5812698ee79fb96f343ccd4","name":"We Love Cycling Spain","image":{"@type":"ImageObject","inLanguage":"es-ES","@id":"https:\/\/www.welovecycling.com\/es\/#\/schema\/person\/image\/","url":"https:\/\/secure.gravatar.com\/avatar\/c824b04e6df0e37a03219d0b6481672889df542894588964102459e46513159c?s=96&d=mm&r=g","contentUrl":"https:\/\/secure.gravatar.com\/avatar\/c824b04e6df0e37a03219d0b6481672889df542894588964102459e46513159c?s=96&d=mm&r=g","caption":"We Love Cycling Spain"},"url":"https:\/\/www.welovecycling.com\/es\/author\/amunoz\/"}]}},"_links":{"self":[{"href":"https:\/\/www.welovecycling.com\/es\/wp-json\/wp\/v2\/posts\/9672","targetHints":{"allow":["GET"]}}],"collection":[{"href":"https:\/\/www.welovecycling.com\/es\/wp-json\/wp\/v2\/posts"}],"about":[{"href":"https:\/\/www.welovecycling.com\/es\/wp-json\/wp\/v2\/types\/post"}],"author":[{"embeddable":true,"href":"https:\/\/www.welovecycling.com\/es\/wp-json\/wp\/v2\/users\/29"}],"replies":[{"embeddable":true,"href":"https:\/\/www.welovecycling.com\/es\/wp-json\/wp\/v2\/comments?post=9672"}],"version-history":[{"count":2,"href":"https:\/\/www.welovecycling.com\/es\/wp-json\/wp\/v2\/posts\/9672\/revisions"}],"predecessor-version":[{"id":9676,"href":"https:\/\/www.welovecycling.com\/es\/wp-json\/wp\/v2\/posts\/9672\/revisions\/9676"}],"wp:featuredmedia":[{"embeddable":true,"href":"https:\/\/www.welovecycling.com\/es\/wp-json\/wp\/v2\/media\/9675"}],"wp:attachment":[{"href":"https:\/\/www.welovecycling.com\/es\/wp-json\/wp\/v2\/media?parent=9672"}],"wp:term":[{"taxonomy":"category","embeddable":true,"href":"https:\/\/www.welovecycling.com\/es\/wp-json\/wp\/v2\/categories?post=9672"},{"taxonomy":"post_tag","embeddable":true,"href":"https:\/\/www.welovecycling.com\/es\/wp-json\/wp\/v2\/tags?post=9672"},{"taxonomy":"global-categories","embeddable":true,"href":"https:\/\/www.welovecycling.com\/es\/wp-json\/wp\/v2\/global-categories?post=9672"}],"curies":[{"name":"wp","href":"https:\/\/api.w.org\/{rel}","templated":true}]}}