{"id":9654,"date":"2023-01-31T22:01:31","date_gmt":"2023-01-31T20:01:31","guid":{"rendered":"https:\/\/www.welovecycling.com\/es\/?p=9654"},"modified":"2023-01-31T22:01:31","modified_gmt":"2023-01-31T20:01:31","slug":"destinos-ciclistas-desconocidos-europa","status":"publish","type":"post","link":"https:\/\/www.welovecycling.com\/es\/2023\/01\/31\/destinos-ciclistas-desconocidos-europa\/","title":{"rendered":"Destinos ciclistas desconocidos de Europa para 2023"},"content":{"rendered":"<p><strong>Enhorabuena, ya casi ha terminado enero. El primer mes del a\u00f1o puede ser duro para muchos, as\u00ed que recuerda que est\u00e1 en buena compa\u00f1\u00eda si esa afirmaci\u00f3n anterior es m\u00fasica para sus o\u00eddos. Es m\u00e1s, si a\u00fan no lo ha hecho, ahora es el momento de empezar a planificar tu escapada a destinos ciclistas desconocidos de Europa para este 2023.<\/strong><\/p>\n<p><!--more--><\/p>\n<p>Con la primavera a la vuelta de la esquina en gran parte del continente podr\u00edas estar saboreando un cafecito preparado por expertos o comiendo una baguette antes de que te des cuenta. Por supuesto, eso ser\u00eda adem\u00e1s de recorrer en bicicleta hermosos kil\u00f3metros en algunos de los lugares m\u00e1s bellos del mundo.<\/p>\n<p>De hecho, algunos de los principales destinos ciclistas de Europa ofrecen siempre excelentes opciones. Pero, adem\u00e1s, cada a\u00f1o aparecen en el radar de los entusiastas del ciclismo nuevos lugares de inter\u00e9s. Echemos un vistazo a los principales destinos ciclistas para 2023.<\/p>\n<h2><strong>Las ind\u00f3mitas v\u00edas fluviales de Albania<\/strong><\/h2>\n<p>Como se <a href=\"https:\/\/www.nytimes.com\/interactive\/2023\/travel\/52-places-travel-2023.html\">detallaba recientemente<\/a> en el New York Times, Albania parece estar madura para convertirse en un importante destino ciclista. En junio del a\u00f1o pasado el gobierno firm\u00f3 un compromiso para crear el Parque Nacional del R\u00edo Vjosa Wild, protegiendo el r\u00edo y creando un para\u00edso para los amantes de las actividades al aire libre.<\/p>\n<p>Parte de este esfuerzo es la reci\u00e9n inaugurada Ruta Ciclista de la UNESCO, un itinerario circular en bicicleta que parte de Tirana y recorre el sureste de Albania. Con una duraci\u00f3n recomendada de 15 d\u00edas, la ruta cubre una distancia total de 1.080 km y un desnivel acumulado de 20.753 m. A lo largo de este envolvente viaje, descubrir\u00e1s las joyas del sureste de Albania mientras pedaleas por impresionantes paisajes a lo largo de apacibles carreteras de monta\u00f1a y la costa turquesa de los mares J\u00f3nico y Adri\u00e1tico. Adem\u00e1s de las magn\u00edficas vistas, te espera una c\u00e1lida acogida por parte de los lugare\u00f1os, cuya cultura balc\u00e1nica de coraz\u00f3n abierto es una aut\u00e9ntica delicia.<\/p>\n<h2><strong>La variada geograf\u00eda de Eslovenia<\/strong><\/h2>\n<p>Adem\u00e1s de superestrellas contempor\u00e1neas como Primo\u017e Rogli\u010d y<a href=\"https:\/\/www.welovecycling.com\/es\/2022\/12\/04\/madrid-criterium\/\"> Tadej Poga\u010dar,<\/a> Eslovenia cuenta con un largo legado de ciclistas de \u00e9lite. As\u00ed pues, es natural que el resto de la comunidad ciclista empezara a sentir curiosidad por saber d\u00f3nde aprendieron a montar estos talentosos corredores. Y, de hecho, si buscas un reto en sus pr\u00f3ximas vacaciones ciclistas, Eslovenia puede proporcionarte muchos.<\/p>\n<p>Encontrar\u00e1 subidas realmente espectaculares a lo largo de las fronteras italiana y austriaca en los Alpes Julianos. Por su parte, el paso de Vr\u0161i\u010d y el collado de Mangart ofrecen unas vistas impresionantes de la naturaleza circundante. Para algo m\u00e1s tranquilo, Eslovenia tambi\u00e9n ofrece rutas accesibles en los valles a los pies de los Alpes o en la regi\u00f3n mediterr\u00e1nea. En conjunto, este peque\u00f1o pa\u00eds no tiene nada que envidiar a los dem\u00e1s, y permite disfrutar de diversos paisajes tanto en dos d\u00edas como en dos semanas. Las carreteras son en general de buena calidad, y el pa\u00eds, que ha invertido activamente en ecoturismo, est\u00e1 encantado de acoger a m\u00e1s ciclistas.<\/p>\n<figure id=\"attachment_9655\" aria-describedby=\"caption-attachment-9655\" style=\"width: 1000px\" class=\"wp-caption alignnone\"><a href=\"https:\/\/d2p6e6u75xmxt8.cloudfront.net\/6\/2023\/01\/Cycling-in-Slovenia-profimedia-0727433779.webp\"><img loading=\"lazy\" decoding=\"async\" class=\"size-full wp-image-9655\" src=\"https:\/\/d2p6e6u75xmxt8.cloudfront.net\/6\/2023\/01\/Cycling-in-Slovenia-profimedia-0727433779.webp\" alt=\"\" width=\"1000\" height=\"666\" srcset=\"https:\/\/d2p6e6u75xmxt8.cloudfront.net\/6\/2023\/01\/Cycling-in-Slovenia-profimedia-0727433779.webp 1000w, https:\/\/d2p6e6u75xmxt8.cloudfront.net\/6\/2023\/01\/Cycling-in-Slovenia-profimedia-0727433779-300x200.webp 300w, https:\/\/d2p6e6u75xmxt8.cloudfront.net\/6\/2023\/01\/Cycling-in-Slovenia-profimedia-0727433779-768x511.webp 768w, https:\/\/d2p6e6u75xmxt8.cloudfront.net\/6\/2023\/01\/Cycling-in-Slovenia-profimedia-0727433779-272x182.webp 272w\" sizes=\"auto, (max-width: 1000px) 100vw, 1000px\" \/><\/a><figcaption id=\"caption-attachment-9655\" class=\"wp-caption-text\">El Jasna Lake cerca de Kranjska Gora en Slovenia. \u00a9 Profimedia<\/figcaption><\/figure>\n<h2><strong><br \/>\nPuertos y valles de Suiza<\/strong><\/h2>\n<p>Italia y Francia reciben una merecida atenci\u00f3n por ser lugares de ensue\u00f1o para explorar en bicicleta, pero cada vez son m\u00e1s los entusiastas que descubren el placer de pedalear por las monta\u00f1as suizas. Con infinitas posibilidades para la aventura en terrenos menos conocidos, las colinas de Suiza tambi\u00e9n ofrecen carreteras impecablemente mantenidas y conductores corteses.<\/p>\n<p>Suiza cuenta con numerosos valles donde recuperarse entre dos subidas. Aun as\u00ed, para sacar el m\u00e1ximo partido a este destino, debe tener experiencia y sentirse seguro al afrontar puertos dif\u00edciles. Por ejemplo, el siguiente itinerario combinado de tres picos: empezar por el puerto de Susten y hacer un bucle enlazando con el puerto de Furka, para terminar con el puerto de Grismel. Tres picos de m\u00e1s de 2.200 m en una ruta de 120 km. No est\u00e1 nada mal. Por suerte, al final no faltar\u00e1n el rico chocolate y los exquisitos quesos.<\/p>\n<h2><strong>Paisajes m\u00e1gicos en Irlanda<\/strong><\/h2>\n<p>Si ha visto recientemente en los cines The Banshees of Inisherin, lo m\u00e1s probable es que ya est\u00e9s so\u00f1ando con explorar las verdes colinas y valles de Irlanda en un pr\u00f3ximo viaje en bicicleta. Si no sabse por d\u00f3nde empezar, perm\u00edtanos sugerirte Galway.<\/p>\n<p>Galway es una ciudad portuaria situada en la costa occidental de Irlanda, justo donde el r\u00edo Corrib desemboca en el oc\u00e9ano Atl\u00e1ntico. Adem\u00e1s del encantador n\u00facleo urbano, los alrededores ofrecen algunas de las vistas m\u00e1s serenas que puedas imaginar. Tambi\u00e9n hay varios operadores tur\u00edsticos con experiencia en la regi\u00f3n, por lo que puedes subcontratar la planificaci\u00f3n y seguir disfrutando de una visita guiada de varios d\u00edas por las zonas menos tur\u00edsticas del oeste de Irlanda. Los meses de verano son los m\u00e1s adecuados para una visita. Sin embargo, ten en cuenta que el pa\u00eds es famoso por sus d\u00edas lluviosos, as\u00ed que asegurate de meter en la maleta alg\u00fan chubasquero fiable independientemente de la previsi\u00f3n.<\/p>\n<h2><strong>Sol y monta\u00f1as en el Algarve<\/strong><\/h2>\n<p>Al principio, el Algarve puede evocar im\u00e1genes de gaviotas quemadas por el sol que salpican la costa. Sin embargo, si das la espalda al agua y te adentras en la Sierra de Monchique, \u00a1ah\u00ed empieza la verdadera diversi\u00f3n! Una magn\u00edfica cadena monta\u00f1osa de 32 kil\u00f3metros recorre la costa suroeste del pa\u00eds y ofrece unas vistas impresionantes del oc\u00e9ano Atl\u00e1ntico y del pa\u00eds hacia el este.<\/p>\n<p>Existe un magn\u00edfico circuito de 80 km para el que Monchique sirve de bonito punto de partida. Aunque, dependiendo de d\u00f3nde se encuentre tu alojamiento, puedes comenzar el circuito desde cualquier direcci\u00f3n. Cuando planifiques tus rutas, asegurate tambi\u00e9n de echar un vistazo a la &#8220;Volta ao Algarve&#8221;, una de las primeras carreras profesionales que re\u00fane a un gran n\u00famero de ciclistas cada mes de febrero.<\/p>\n","protected":false},"excerpt":{"rendered":"<p>Enhorabuena, ya casi ha terminado enero. El primer mes del a\u00f1o puede ser duro para muchos, as\u00ed que recuerda que [&hellip;]<\/p>\n","protected":false},"author":29,"featured_media":9657,"comment_status":"open","ping_status":"open","sticky":false,"template":"","format":"standard","meta":{"footnotes":""},"categories":[7,9],"tags":[],"global-categories":[],"class_list":["post-9654","post","type-post","status-publish","format-standard","has-post-thumbnail","hentry","category-carretera","category-mtb-aventura"],"yoast_head":"<!-- This site is optimized with the Yoast SEO Premium plugin v25.3 (Yoast SEO v25.9) - https:\/\/yoast.com\/wordpress\/plugins\/seo\/ -->\n<title>Destinos ciclistas desconocidos de Europa para 2023<\/title>\n<meta name=\"description\" content=\"Destinos ciclistas desconocidos de Europa para 2023. Nuestras sugerencias van desde Albania y Eslovenia a Irlanda o el Algarve.\" \/>\n<meta name=\"robots\" content=\"index, follow, max-snippet:-1, max-image-preview:large, max-video-preview:-1\" \/>\n<link rel=\"canonical\" href=\"https:\/\/www.welovecycling.com\/es\/2023\/01\/31\/destinos-ciclistas-desconocidos-europa\/\" \/>\n<meta property=\"og:locale\" content=\"es_ES\" \/>\n<meta property=\"og:type\" content=\"article\" \/>\n<meta property=\"og:title\" content=\"Destinos ciclistas desconocidos de Europa para 2023\" \/>\n<meta property=\"og:description\" content=\"Destinos ciclistas desconocidos de Europa para 2023. Nuestras sugerencias van desde Albania y Eslovenia a Irlanda o el Algarve.\" \/>\n<meta property=\"og:url\" content=\"https:\/\/www.welovecycling.com\/es\/2023\/01\/31\/destinos-ciclistas-desconocidos-europa\/\" \/>\n<meta property=\"og:site_name\" content=\"\u0160koda We Love Cycling - Spain\" \/>\n<meta property=\"article:published_time\" content=\"2023-01-31T20:01:31+00:00\" \/>\n<meta property=\"og:image\" content=\"https:\/\/d2p6e6u75xmxt8.cloudfront.net\/6\/2023\/01\/Algarve-Cycling-profimedia-0658090154-CVR.webp\" \/>\n\t<meta property=\"og:image:width\" content=\"990\" \/>\n\t<meta property=\"og:image:height\" content=\"660\" \/>\n\t<meta property=\"og:image:type\" content=\"image\/webp\" \/>\n<meta name=\"author\" content=\"We Love Cycling Spain\" \/>\n<meta name=\"twitter:card\" content=\"summary_large_image\" \/>\n<meta name=\"twitter:title\" content=\"Destinos ciclistas desconocidos de Europa para 2023\" \/>\n<meta name=\"twitter:description\" content=\"Destinos ciclistas desconocidos de Europa para 2023. Nuestras sugerencias van desde Albania y Eslovenia a Irlanda o el Algarve.\" \/>\n<meta name=\"twitter:label1\" content=\"Written by\" \/>\n\t<meta name=\"twitter:data1\" content=\"Megan Flottorp\" \/>\n\t<meta name=\"twitter:label2\" content=\"Est. reading time\" \/>\n\t<meta name=\"twitter:data2\" content=\"6\" \/>\n<script type=\"application\/ld+json\" class=\"yoast-schema-graph\">{\"@context\":\"https:\/\/schema.org\",\"@graph\":[{\"@type\":\"WebPage\",\"@id\":\"https:\/\/www.welovecycling.com\/es\/2023\/01\/31\/destinos-ciclistas-desconocidos-europa\/\",\"url\":\"https:\/\/www.welovecycling.com\/es\/2023\/01\/31\/destinos-ciclistas-desconocidos-europa\/\",\"name\":\"Destinos ciclistas desconocidos de Europa para 2023\",\"isPartOf\":{\"@id\":\"https:\/\/www.welovecycling.com\/es\/#website\"},\"primaryImageOfPage\":{\"@id\":\"https:\/\/www.welovecycling.com\/es\/2023\/01\/31\/destinos-ciclistas-desconocidos-europa\/#primaryimage\"},\"image\":{\"@id\":\"https:\/\/www.welovecycling.com\/es\/2023\/01\/31\/destinos-ciclistas-desconocidos-europa\/#primaryimage\"},\"thumbnailUrl\":\"https:\/\/d2p6e6u75xmxt8.cloudfront.net\/6\/2023\/01\/Algarve-Cycling-profimedia-0658090154-CVR.webp\",\"datePublished\":\"2023-01-31T20:01:31+00:00\",\"author\":{\"@id\":\"https:\/\/www.welovecycling.com\/es\/#\/schema\/person\/deb61715b5812698ee79fb96f343ccd4\"},\"description\":\"Destinos ciclistas desconocidos de Europa para 2023. Nuestras sugerencias van desde Albania y Eslovenia a Irlanda o el Algarve.\",\"breadcrumb\":{\"@id\":\"https:\/\/www.welovecycling.com\/es\/2023\/01\/31\/destinos-ciclistas-desconocidos-europa\/#breadcrumb\"},\"inLanguage\":\"es-ES\",\"potentialAction\":[{\"@type\":\"ReadAction\",\"target\":[\"https:\/\/www.welovecycling.com\/es\/2023\/01\/31\/destinos-ciclistas-desconocidos-europa\/\"]}]},{\"@type\":\"ImageObject\",\"inLanguage\":\"es-ES\",\"@id\":\"https:\/\/www.welovecycling.com\/es\/2023\/01\/31\/destinos-ciclistas-desconocidos-europa\/#primaryimage\",\"url\":\"https:\/\/d2p6e6u75xmxt8.cloudfront.net\/6\/2023\/01\/Algarve-Cycling-profimedia-0658090154-CVR.webp\",\"contentUrl\":\"https:\/\/d2p6e6u75xmxt8.cloudfront.net\/6\/2023\/01\/Algarve-Cycling-profimedia-0658090154-CVR.webp\",\"width\":990,\"height\":660,\"caption\":\"Cycling in the Algarve\"},{\"@type\":\"BreadcrumbList\",\"@id\":\"https:\/\/www.welovecycling.com\/es\/2023\/01\/31\/destinos-ciclistas-desconocidos-europa\/#breadcrumb\",\"itemListElement\":[{\"@type\":\"ListItem\",\"position\":1,\"name\":\"Home\",\"item\":\"https:\/\/www.welovecycling.com\/es\/\"},{\"@type\":\"ListItem\",\"position\":2,\"name\":\"Destinos ciclistas desconocidos de Europa para 2023\"}]},{\"@type\":\"WebSite\",\"@id\":\"https:\/\/www.welovecycling.com\/es\/#website\",\"url\":\"https:\/\/www.welovecycling.com\/es\/\",\"name\":\"\u0160koda We Love Cycling - Spain\",\"description\":\"\u0160koda WeLoveCycling Spain\",\"potentialAction\":[{\"@type\":\"SearchAction\",\"target\":{\"@type\":\"EntryPoint\",\"urlTemplate\":\"https:\/\/www.welovecycling.com\/es\/?s={search_term_string}\"},\"query-input\":{\"@type\":\"PropertyValueSpecification\",\"valueRequired\":true,\"valueName\":\"search_term_string\"}}],\"inLanguage\":\"es-ES\"},{\"@type\":\"Person\",\"@id\":\"https:\/\/www.welovecycling.com\/es\/#\/schema\/person\/deb61715b5812698ee79fb96f343ccd4\",\"name\":\"We Love Cycling Spain\",\"image\":{\"@type\":\"ImageObject\",\"inLanguage\":\"es-ES\",\"@id\":\"https:\/\/www.welovecycling.com\/es\/#\/schema\/person\/image\/\",\"url\":\"https:\/\/secure.gravatar.com\/avatar\/c824b04e6df0e37a03219d0b6481672889df542894588964102459e46513159c?s=96&d=mm&r=g\",\"contentUrl\":\"https:\/\/secure.gravatar.com\/avatar\/c824b04e6df0e37a03219d0b6481672889df542894588964102459e46513159c?s=96&d=mm&r=g\",\"caption\":\"We Love Cycling Spain\"},\"url\":\"https:\/\/www.welovecycling.com\/es\/author\/amunoz\/\"}]}<\/script>\n<!-- \/ Yoast SEO Premium plugin. -->","yoast_head_json":{"title":"Destinos ciclistas desconocidos de Europa para 2023","description":"Destinos ciclistas desconocidos de Europa para 2023. Nuestras sugerencias van desde Albania y Eslovenia a Irlanda o el Algarve.","robots":{"index":"index","follow":"follow","max-snippet":"max-snippet:-1","max-image-preview":"max-image-preview:large","max-video-preview":"max-video-preview:-1"},"canonical":"https:\/\/www.welovecycling.com\/es\/2023\/01\/31\/destinos-ciclistas-desconocidos-europa\/","og_locale":"es_ES","og_type":"article","og_title":"Destinos ciclistas desconocidos de Europa para 2023","og_description":"Destinos ciclistas desconocidos de Europa para 2023. Nuestras sugerencias van desde Albania y Eslovenia a Irlanda o el Algarve.","og_url":"https:\/\/www.welovecycling.com\/es\/2023\/01\/31\/destinos-ciclistas-desconocidos-europa\/","og_site_name":"\u0160koda We Love Cycling - Spain","article_published_time":"2023-01-31T20:01:31+00:00","og_image":[{"width":990,"height":660,"url":"https:\/\/d2p6e6u75xmxt8.cloudfront.net\/6\/2023\/01\/Algarve-Cycling-profimedia-0658090154-CVR.webp","type":"image\/webp"}],"author":"We Love Cycling Spain","twitter_card":"summary_large_image","twitter_title":"Destinos ciclistas desconocidos de Europa para 2023","twitter_description":"Destinos ciclistas desconocidos de Europa para 2023. Nuestras sugerencias van desde Albania y Eslovenia a Irlanda o el Algarve.","twitter_misc":{"Written by":"Megan Flottorp","Est. reading time":"6"},"schema":{"@context":"https:\/\/schema.org","@graph":[{"@type":"WebPage","@id":"https:\/\/www.welovecycling.com\/es\/2023\/01\/31\/destinos-ciclistas-desconocidos-europa\/","url":"https:\/\/www.welovecycling.com\/es\/2023\/01\/31\/destinos-ciclistas-desconocidos-europa\/","name":"Destinos ciclistas desconocidos de Europa para 2023","isPartOf":{"@id":"https:\/\/www.welovecycling.com\/es\/#website"},"primaryImageOfPage":{"@id":"https:\/\/www.welovecycling.com\/es\/2023\/01\/31\/destinos-ciclistas-desconocidos-europa\/#primaryimage"},"image":{"@id":"https:\/\/www.welovecycling.com\/es\/2023\/01\/31\/destinos-ciclistas-desconocidos-europa\/#primaryimage"},"thumbnailUrl":"https:\/\/d2p6e6u75xmxt8.cloudfront.net\/6\/2023\/01\/Algarve-Cycling-profimedia-0658090154-CVR.webp","datePublished":"2023-01-31T20:01:31+00:00","author":{"@id":"https:\/\/www.welovecycling.com\/es\/#\/schema\/person\/deb61715b5812698ee79fb96f343ccd4"},"description":"Destinos ciclistas desconocidos de Europa para 2023. Nuestras sugerencias van desde Albania y Eslovenia a Irlanda o el Algarve.","breadcrumb":{"@id":"https:\/\/www.welovecycling.com\/es\/2023\/01\/31\/destinos-ciclistas-desconocidos-europa\/#breadcrumb"},"inLanguage":"es-ES","potentialAction":[{"@type":"ReadAction","target":["https:\/\/www.welovecycling.com\/es\/2023\/01\/31\/destinos-ciclistas-desconocidos-europa\/"]}]},{"@type":"ImageObject","inLanguage":"es-ES","@id":"https:\/\/www.welovecycling.com\/es\/2023\/01\/31\/destinos-ciclistas-desconocidos-europa\/#primaryimage","url":"https:\/\/d2p6e6u75xmxt8.cloudfront.net\/6\/2023\/01\/Algarve-Cycling-profimedia-0658090154-CVR.webp","contentUrl":"https:\/\/d2p6e6u75xmxt8.cloudfront.net\/6\/2023\/01\/Algarve-Cycling-profimedia-0658090154-CVR.webp","width":990,"height":660,"caption":"Cycling in the Algarve"},{"@type":"BreadcrumbList","@id":"https:\/\/www.welovecycling.com\/es\/2023\/01\/31\/destinos-ciclistas-desconocidos-europa\/#breadcrumb","itemListElement":[{"@type":"ListItem","position":1,"name":"Home","item":"https:\/\/www.welovecycling.com\/es\/"},{"@type":"ListItem","position":2,"name":"Destinos ciclistas desconocidos de Europa para 2023"}]},{"@type":"WebSite","@id":"https:\/\/www.welovecycling.com\/es\/#website","url":"https:\/\/www.welovecycling.com\/es\/","name":"\u0160koda We Love Cycling - Spain","description":"\u0160koda WeLoveCycling Spain","potentialAction":[{"@type":"SearchAction","target":{"@type":"EntryPoint","urlTemplate":"https:\/\/www.welovecycling.com\/es\/?s={search_term_string}"},"query-input":{"@type":"PropertyValueSpecification","valueRequired":true,"valueName":"search_term_string"}}],"inLanguage":"es-ES"},{"@type":"Person","@id":"https:\/\/www.welovecycling.com\/es\/#\/schema\/person\/deb61715b5812698ee79fb96f343ccd4","name":"We Love Cycling Spain","image":{"@type":"ImageObject","inLanguage":"es-ES","@id":"https:\/\/www.welovecycling.com\/es\/#\/schema\/person\/image\/","url":"https:\/\/secure.gravatar.com\/avatar\/c824b04e6df0e37a03219d0b6481672889df542894588964102459e46513159c?s=96&d=mm&r=g","contentUrl":"https:\/\/secure.gravatar.com\/avatar\/c824b04e6df0e37a03219d0b6481672889df542894588964102459e46513159c?s=96&d=mm&r=g","caption":"We Love Cycling Spain"},"url":"https:\/\/www.welovecycling.com\/es\/author\/amunoz\/"}]}},"_links":{"self":[{"href":"https:\/\/www.welovecycling.com\/es\/wp-json\/wp\/v2\/posts\/9654","targetHints":{"allow":["GET"]}}],"collection":[{"href":"https:\/\/www.welovecycling.com\/es\/wp-json\/wp\/v2\/posts"}],"about":[{"href":"https:\/\/www.welovecycling.com\/es\/wp-json\/wp\/v2\/types\/post"}],"author":[{"embeddable":true,"href":"https:\/\/www.welovecycling.com\/es\/wp-json\/wp\/v2\/users\/29"}],"replies":[{"embeddable":true,"href":"https:\/\/www.welovecycling.com\/es\/wp-json\/wp\/v2\/comments?post=9654"}],"version-history":[{"count":2,"href":"https:\/\/www.welovecycling.com\/es\/wp-json\/wp\/v2\/posts\/9654\/revisions"}],"predecessor-version":[{"id":9658,"href":"https:\/\/www.welovecycling.com\/es\/wp-json\/wp\/v2\/posts\/9654\/revisions\/9658"}],"wp:featuredmedia":[{"embeddable":true,"href":"https:\/\/www.welovecycling.com\/es\/wp-json\/wp\/v2\/media\/9657"}],"wp:attachment":[{"href":"https:\/\/www.welovecycling.com\/es\/wp-json\/wp\/v2\/media?parent=9654"}],"wp:term":[{"taxonomy":"category","embeddable":true,"href":"https:\/\/www.welovecycling.com\/es\/wp-json\/wp\/v2\/categories?post=9654"},{"taxonomy":"post_tag","embeddable":true,"href":"https:\/\/www.welovecycling.com\/es\/wp-json\/wp\/v2\/tags?post=9654"},{"taxonomy":"global-categories","embeddable":true,"href":"https:\/\/www.welovecycling.com\/es\/wp-json\/wp\/v2\/global-categories?post=9654"}],"curies":[{"name":"wp","href":"https:\/\/api.w.org\/{rel}","templated":true}]}}