{"id":9643,"date":"2023-01-31T11:10:28","date_gmt":"2023-01-31T09:10:28","guid":{"rendered":"https:\/\/www.welovecycling.com\/es\/?p=9643"},"modified":"2023-01-27T11:23:07","modified_gmt":"2023-01-27T09:23:07","slug":"eventos-ciclistas-2023","status":"publish","type":"post","link":"https:\/\/www.welovecycling.com\/es\/2023\/01\/31\/eventos-ciclistas-2023\/","title":{"rendered":"Seis eventos ciclistas que no te debes perder en 2023"},"content":{"rendered":"<p><strong>El ritmo al que crece el ciclismo es fenomenal. Cada vez son m\u00e1s las personas que acceden a este deporte, ya que es mucho m\u00e1s accesible. Esto significa que el n\u00famero y el tipo de eventos en el calendario han aumentado de forma espectacular. Te vamos a recomendar seis eventos ciclistas de 2023 que no te debes perder.<\/strong><\/p>\n<p><!--more--><\/p>\n<p>No somos parciales, todos los tipos de ciclismo pueden ser divertidos; ya sea un largo y accidentado recorrido por carretera, una resbaladiza y embarrada carrera de XC, o un accidentado recorrido de alto nivel en bicicleta de monta\u00f1a. A menudo, a los aficionados a este deporte les gusta la variedad en su forma de montar en bici, en las pruebas en las que participan o en las que ven.<\/p>\n<p>Por eso, en esta lista hemos incluido esa variedad. Incluso si normalmente te limitas a ver el <a href=\"https:\/\/www.welovecycling.com\/es\/2022\/10\/27\/tour-de-francia-2023-de-bilbao-al-col-de-la-loze\/\">Tour de Francia,<\/a> este a\u00f1o diversif\u00edcate y descubre qu\u00e9 se te ofrece<\/p>\n<h2><strong>\u0160koda Titan Desert<\/strong><\/h2>\n<p>La legendaria carrera por las arenas del S\u00e1hara marroqu\u00ed tendr\u00e1 lugar este a\u00f1o entre el 30 de abril y el 5 de mayo. Se trata de un evento sin igual: durante seis d\u00edas y seis noches vivir\u00e1s bajo las duras condiciones del desierto, compartir\u00e1s un vivac n\u00f3mada con el resto de participantes y formar\u00e1s un esp\u00edritu de equipo sin igual. Si est\u00e1s dispuesto a competir bajo el calor del sol africano y poner a prueba tu voluntad de supervivencia, este evento es para ti. La<a href=\"https:\/\/skodatitandesertmorocco.com\/category\/skoda-titan-desert-morocco-2023\/\"> inscripci\u00f3n sigue abierta, \u00a1as\u00ed que date prisa!<\/a><\/p>\n<h2><strong>24H of Finale<\/strong><\/h2>\n<p>Si te gusta<br \/>\n&#8211; Montar en bicicleta de monta\u00f1a durante horas<br \/>\n&#8211; Pasar el rato con tus amigos<br \/>\n&#8211; Los destinos bonitos<br \/>\nEsta es tu carrera.<\/p>\n<p>Las <a href=\"https:\/\/www.24hfinale.com\/en\/\">24H de Finale<\/a> se celebran en la Riviera italiana, y pretenden ser como un minifestival, pero con la bicicleta de monta\u00f1a como centro de atenci\u00f3n. Esta carrera tiene lugar a lo largo de 24 horas y se puede participar en ella en equipo o en solitario, con un centro de eventos que rivaliza con otras carreras de escala similar.<\/p>\n<p>Los participantes en esta carrera recorrer\u00e1n un circuito de 11,7 km, compitiendo con otros para terminar el mayor n\u00famero de vueltas en el tiempo asignado. Los equipos, compuestos por 2, 4, 8 o 12 personas, correr\u00e1n por relevos.<\/p>\n<p>A\u00fan no se han publicado las fechas para 2023, as\u00ed que mant\u00e9n los ojos bien abiertos (o visita su p\u00e1gina web).<\/p>\n<h2><strong>24H Velo<\/strong><\/h2>\n<p>Si te gusta el estilo de las carreras de 24 horas, pero prefieres un recorrido por carretera a un paseo lleno de baches, entonces la <a href=\"https:\/\/www.24heuresvelo.fr\/en\/\">24 Heures Velo \u0160KODA cyclosportive<\/a> es la carrera que buscas. Los ciclistas completar\u00e1n tantos circuitos del legendario circuito Bugatti de Le Mans como puedan en 24 horas.<\/p>\n<p>El recorrido cubre un circuito de 4,2 km (incluyendo 600 metros de escalada) y puede completarse en solitario o en equipos de 2, 4, 6 u 8 corredores. La carrera tendr\u00e1 lugar a finales de agosto, y qu\u00e9 mejor momento para visitar esta hermosa parte de Francia. Pero este a\u00f1o s\u00f3lo se puede asistir como espectador, ya que las inscripciones se agotaron en 28 minutos. Tiene que ser bueno<\/p>\n<h2><strong>GB Duro<\/strong><\/h2>\n<p>A diferencia de las 24H de Finale, el <a href=\"https:\/\/www.theracingcollective.com\/gbduro.html\">GB Duro<\/a> adopta la forma de una carrera lineal, en la que los ciclistas empiezan en un lugar y terminan en otro. De hecho, terminan a unos 2.000 km de distancia, al otro lado de Gran Breta\u00f1a, siguiendo la infame ruta LEJOG. La ruta se completa en 4 etapas cronometradas de unos 500 km cada una, y el tiempo total m\u00e1s bajo gana la carrera, aunque ellos no la consideran una &#8220;carrera&#8221; como tal.<\/p>\n<p>Esta ruta todo terreno recorre algunos de los paisajes m\u00e1s pintorescos del Reino Unido, pasando por 6 parques nacionales. Pero por este privilegio te encontrar\u00e1s con unos 30.000 m de desnivel. Un reto \u00e9pico.\u00a0Los corredores de esta carrera son autosuficientes, lo que significa que no deben tener un equipo de apoyo, no deben tener provisiones\/reservas\/mercanc\u00edas almacenadas, no pueden compartir equipo y, por supuesto, no pueden viajar en medios motorizados. Es duro, pero de eso se trata.<\/p>\n<p>Una de las muchas caracter\u00edsticas interesantes de esta carrera es que tiene una pol\u00edtica ecol\u00f3gica Esto est\u00e1 en consonancia con sus principios de no dejar rastro, y va m\u00e1s all\u00e1. Tambi\u00e9n se esfuerzan por conseguir que haya m\u00e1s mujeres en la l\u00ednea de salida, con un 50% de mujeres en la meta en 2021. Por desgracia, las inscripciones se cerraron el 13 de enero, pero la observaci\u00f3n de los puntos es fascinante, as\u00ed que no pierdas de vista esta carrera en agosto de 2023.<\/p>\n<h2><strong>Grinduro<\/strong><\/h2>\n<div class=\"embed-controller-wrapper\">\n<blockquote class=\"twitter-tweet\" data-width=\"500\" data-dnt=\"true\">\n<p lang=\"qme\" dir=\"ltr\">\ud83d\udc40 via <a href=\"https:\/\/twitter.com\/BicyclingMag?ref_src=twsrc%5Etfw\">@BicyclingMag<\/a> <a href=\"https:\/\/t.co\/y4OKHpDIKh\">https:\/\/t.co\/y4OKHpDIKh<\/a><\/p>\n<p>&mdash; GRINDURO! (@grinduro_) <a href=\"https:\/\/twitter.com\/grinduro_\/status\/1613839094324289536?ref_src=twsrc%5Etfw\">January 13, 2023<\/a><\/p><\/blockquote>\n<p><script async data-src=\"https:\/\/platform.twitter.com\/widgets.js\" charset=\"utf-8\"><\/script><\/div>\n<p><a href=\"https:\/\/grinduro.com\/\">Grinduro<\/a> no es una sola carrera, en realidad es una marca que organiza un tipo espec\u00edfico de carreras. Tienen eventos en todo el mundo, en Alemania, California, Pensilvania, Gales, Italia y Jap\u00f3n. As\u00ed que no te faltar\u00e1n aventuras para \u00e9sta. Aunque puede que tengas que esforzarte un poco m\u00e1s si piensas probar la pol\u00edtica #nofly.\u00a0Estas carreras siguen el estilo de GB Duro en el sentido de que los tiempos de llegada se basan en 4 segmentos cronometrados. Sin embargo, en lugar de que cada segmento sea largo y extenuante, son aproximadamente de 5 a 7 minutos cada uno.<\/p>\n<p>Las carreras de Grinduro son un cruce entre una carrera de gravel y un enduro de monta\u00f1a. Consisten en un largo bucle de terreno mixto que incluye carretera, grava y singletrack de BTT, en el que cada una de las cuatro etapas contribuye a tu posicionamiento. Tampoco se trata s\u00f3lo de competir, ya que consideran que el evento es m\u00e1s bien una fiesta en la que se mezclan algunos corredores serios. La mayor\u00eda de la gente s\u00f3lo quiere pas\u00e1rselo bien, as\u00ed que encontrar\u00e1s a tu gente dondequiera que te encuentres.<\/p>\n<p>Con una gran variedad de fechas y lugares, \u00a1puede que encuentres algo que se adapte a ti!<\/p>\n<h2><strong>The Fred Whitton Challenge<\/strong><\/h2>\n<p>For those of you who are fans of skinny tyres and hill climb segments, <a href=\"https:\/\/fredwhittonchallenge.co.uk\/\">the Fred Whitton<\/a> is for you! Renowned for<\/p>\n<p>Para aquellos de vosotros que sois fans de los neum\u00e1ticos delgados y de los segmentos de subida, \u00a1la <a href=\"https:\/\/fredwhittonchallenge.co.uk\/\">Fred Whitton<\/a> es para vosotros!\u00a0Famosa por ser posiblemente la prueba deportiva m\u00e1s dif\u00edcil del Reino Unido, la Fred Whitton (normalmente, con peque\u00f1os cambios cada a\u00f1o) recorre unos 180 km, con casi 4.000 m de desnivel y algunas de las subidas m\u00e1s emblem\u00e1ticas del Distrito de los Lagos.\u00a0Los corredores m\u00e1s fuertes suelen terminar en 6 horas, pero no es raro que la media supere las 11 horas.<\/p>\n<p>El evento, que comenz\u00f3 en 1999, es un reto ben\u00e9fico que lleva el nombre de Fred Whitton, miembro del Lakes Road Club, tras su prematura muerte. Whitton era una persona muy importante para el club, ya que promov\u00eda sus actividades y asist\u00eda a todos los fines de semana de entrenamiento. Los miembros del club pensaron en recorrer la ruta en su honor y aprovecharla para recaudar fondos con fines ben\u00e9ficos. Ahora es una tradici\u00f3n anual y ya se han recaudado m\u00e1s de 2.000.000 de libras.<\/p>\n<p>El evento tendr\u00e1 lugar en mayo de 2023, y la inscripci\u00f3n ya est\u00e1 cerrada. Sin embargo, ser espectador de las subidas es siempre una actividad divertida, as\u00ed que \u00bfpor qu\u00e9 no ir al hermoso Distrito de los Lagos?<\/p>\n<p>\u00c9sta es s\u00f3lo una peque\u00f1a muestra de la variedad de eventos ciclistas de 2023 que se ofrecen en todo el mundo. Seguro que encuentras algo con lo que sumergirte en el mundo de las carreras. No hay nada como un objetivo para empezar el a\u00f1o con buen pie, as\u00ed que anota algo en tu agenda y disfruta del entrenamiento.<\/p>\n","protected":false},"excerpt":{"rendered":"<p>El ritmo al que crece el ciclismo es fenomenal. Cada vez son m\u00e1s las personas que acceden a este deporte, [&hellip;]<\/p>\n","protected":false},"author":29,"featured_media":9647,"comment_status":"open","ping_status":"open","sticky":false,"template":"","format":"standard","meta":{"footnotes":""},"categories":[7,9],"tags":[],"global-categories":[],"class_list":["post-9643","post","type-post","status-publish","format-standard","has-post-thumbnail","hentry","category-carretera","category-mtb-aventura"],"yoast_head":"<!-- This site is optimized with the Yoast SEO Premium plugin v25.3 (Yoast SEO v25.9) - https:\/\/yoast.com\/wordpress\/plugins\/seo\/ -->\n<title>Seis eventos ciclistas que no te debes perder en 2023<\/title>\n<meta name=\"description\" content=\"Seis eventos ciclistas en 2023 que no te debes perder. De carretera, mtb o gravel y repartidos por todo el mundo. Desc\u00fabrelos.\" \/>\n<meta name=\"robots\" content=\"index, follow, max-snippet:-1, max-image-preview:large, max-video-preview:-1\" \/>\n<link rel=\"canonical\" href=\"https:\/\/www.welovecycling.com\/es\/2023\/01\/31\/eventos-ciclistas-2023\/\" \/>\n<meta property=\"og:locale\" content=\"es_ES\" \/>\n<meta property=\"og:type\" content=\"article\" \/>\n<meta property=\"og:title\" content=\"Seis eventos ciclistas que no te debes perder en 2023\" \/>\n<meta property=\"og:description\" content=\"Seis eventos ciclistas en 2023 que no te debes perder. De carretera, mtb o gravel y repartidos por todo el mundo. Desc\u00fabrelos.\" \/>\n<meta property=\"og:url\" content=\"https:\/\/www.welovecycling.com\/es\/2023\/01\/31\/eventos-ciclistas-2023\/\" \/>\n<meta property=\"og:site_name\" content=\"\u0160koda We Love Cycling - Spain\" \/>\n<meta property=\"article:published_time\" content=\"2023-01-31T09:10:28+00:00\" \/>\n<meta property=\"og:image\" content=\"https:\/\/d2p6e6u75xmxt8.cloudfront.net\/6\/2023\/01\/24-Heures-Velo-profimedia-0717779356-CVR.webp\" \/>\n\t<meta property=\"og:image:width\" content=\"990\" \/>\n\t<meta property=\"og:image:height\" content=\"660\" \/>\n\t<meta property=\"og:image:type\" content=\"image\/webp\" \/>\n<meta name=\"author\" content=\"We Love Cycling Spain\" \/>\n<meta name=\"twitter:card\" content=\"summary_large_image\" \/>\n<meta name=\"twitter:title\" content=\"Seis eventos ciclistas en 2023 que no te debes perder\" \/>\n<meta name=\"twitter:description\" content=\"Seis eventos ciclistas en 2023 que no te debes perder. De carretera, mtb o gravel y repartidos por todo el mundo. Desc\u00fabrelos.\" \/>\n<meta name=\"twitter:label1\" content=\"Written by\" \/>\n\t<meta name=\"twitter:data1\" content=\"Charlotte Murray\" \/>\n\t<meta name=\"twitter:label2\" content=\"Est. reading time\" \/>\n\t<meta name=\"twitter:data2\" content=\"5\" \/>\n<script type=\"application\/ld+json\" class=\"yoast-schema-graph\">{\"@context\":\"https:\/\/schema.org\",\"@graph\":[{\"@type\":\"WebPage\",\"@id\":\"https:\/\/www.welovecycling.com\/es\/2023\/01\/31\/eventos-ciclistas-2023\/\",\"url\":\"https:\/\/www.welovecycling.com\/es\/2023\/01\/31\/eventos-ciclistas-2023\/\",\"name\":\"Seis eventos ciclistas que no te debes perder en 2023\",\"isPartOf\":{\"@id\":\"https:\/\/www.welovecycling.com\/es\/#website\"},\"primaryImageOfPage\":{\"@id\":\"https:\/\/www.welovecycling.com\/es\/2023\/01\/31\/eventos-ciclistas-2023\/#primaryimage\"},\"image\":{\"@id\":\"https:\/\/www.welovecycling.com\/es\/2023\/01\/31\/eventos-ciclistas-2023\/#primaryimage\"},\"thumbnailUrl\":\"https:\/\/d2p6e6u75xmxt8.cloudfront.net\/6\/2023\/01\/24-Heures-Velo-profimedia-0717779356-CVR.webp\",\"datePublished\":\"2023-01-31T09:10:28+00:00\",\"author\":{\"@id\":\"https:\/\/www.welovecycling.com\/es\/#\/schema\/person\/deb61715b5812698ee79fb96f343ccd4\"},\"description\":\"Seis eventos ciclistas en 2023 que no te debes perder. De carretera, mtb o gravel y repartidos por todo el mundo. Desc\u00fabrelos.\",\"breadcrumb\":{\"@id\":\"https:\/\/www.welovecycling.com\/es\/2023\/01\/31\/eventos-ciclistas-2023\/#breadcrumb\"},\"inLanguage\":\"es-ES\",\"potentialAction\":[{\"@type\":\"ReadAction\",\"target\":[\"https:\/\/www.welovecycling.com\/es\/2023\/01\/31\/eventos-ciclistas-2023\/\"]}]},{\"@type\":\"ImageObject\",\"inLanguage\":\"es-ES\",\"@id\":\"https:\/\/www.welovecycling.com\/es\/2023\/01\/31\/eventos-ciclistas-2023\/#primaryimage\",\"url\":\"https:\/\/d2p6e6u75xmxt8.cloudfront.net\/6\/2023\/01\/24-Heures-Velo-profimedia-0717779356-CVR.webp\",\"contentUrl\":\"https:\/\/d2p6e6u75xmxt8.cloudfront.net\/6\/2023\/01\/24-Heures-Velo-profimedia-0717779356-CVR.webp\",\"width\":990,\"height\":660,\"caption\":\"24 Heures V\u00e9lo\"},{\"@type\":\"BreadcrumbList\",\"@id\":\"https:\/\/www.welovecycling.com\/es\/2023\/01\/31\/eventos-ciclistas-2023\/#breadcrumb\",\"itemListElement\":[{\"@type\":\"ListItem\",\"position\":1,\"name\":\"Home\",\"item\":\"https:\/\/www.welovecycling.com\/es\/\"},{\"@type\":\"ListItem\",\"position\":2,\"name\":\"Seis eventos ciclistas que no te debes perder en 2023\"}]},{\"@type\":\"WebSite\",\"@id\":\"https:\/\/www.welovecycling.com\/es\/#website\",\"url\":\"https:\/\/www.welovecycling.com\/es\/\",\"name\":\"\u0160koda We Love Cycling - Spain\",\"description\":\"\u0160koda WeLoveCycling Spain\",\"potentialAction\":[{\"@type\":\"SearchAction\",\"target\":{\"@type\":\"EntryPoint\",\"urlTemplate\":\"https:\/\/www.welovecycling.com\/es\/?s={search_term_string}\"},\"query-input\":{\"@type\":\"PropertyValueSpecification\",\"valueRequired\":true,\"valueName\":\"search_term_string\"}}],\"inLanguage\":\"es-ES\"},{\"@type\":\"Person\",\"@id\":\"https:\/\/www.welovecycling.com\/es\/#\/schema\/person\/deb61715b5812698ee79fb96f343ccd4\",\"name\":\"We Love Cycling Spain\",\"image\":{\"@type\":\"ImageObject\",\"inLanguage\":\"es-ES\",\"@id\":\"https:\/\/www.welovecycling.com\/es\/#\/schema\/person\/image\/\",\"url\":\"https:\/\/secure.gravatar.com\/avatar\/c824b04e6df0e37a03219d0b6481672889df542894588964102459e46513159c?s=96&d=mm&r=g\",\"contentUrl\":\"https:\/\/secure.gravatar.com\/avatar\/c824b04e6df0e37a03219d0b6481672889df542894588964102459e46513159c?s=96&d=mm&r=g\",\"caption\":\"We Love Cycling Spain\"},\"url\":\"https:\/\/www.welovecycling.com\/es\/author\/amunoz\/\"}]}<\/script>\n<!-- \/ Yoast SEO Premium plugin. -->","yoast_head_json":{"title":"Seis eventos ciclistas que no te debes perder en 2023","description":"Seis eventos ciclistas en 2023 que no te debes perder. De carretera, mtb o gravel y repartidos por todo el mundo. Desc\u00fabrelos.","robots":{"index":"index","follow":"follow","max-snippet":"max-snippet:-1","max-image-preview":"max-image-preview:large","max-video-preview":"max-video-preview:-1"},"canonical":"https:\/\/www.welovecycling.com\/es\/2023\/01\/31\/eventos-ciclistas-2023\/","og_locale":"es_ES","og_type":"article","og_title":"Seis eventos ciclistas que no te debes perder en 2023","og_description":"Seis eventos ciclistas en 2023 que no te debes perder. De carretera, mtb o gravel y repartidos por todo el mundo. Desc\u00fabrelos.","og_url":"https:\/\/www.welovecycling.com\/es\/2023\/01\/31\/eventos-ciclistas-2023\/","og_site_name":"\u0160koda We Love Cycling - Spain","article_published_time":"2023-01-31T09:10:28+00:00","og_image":[{"width":990,"height":660,"url":"https:\/\/d2p6e6u75xmxt8.cloudfront.net\/6\/2023\/01\/24-Heures-Velo-profimedia-0717779356-CVR.webp","type":"image\/webp"}],"author":"We Love Cycling Spain","twitter_card":"summary_large_image","twitter_title":"Seis eventos ciclistas en 2023 que no te debes perder","twitter_description":"Seis eventos ciclistas en 2023 que no te debes perder. De carretera, mtb o gravel y repartidos por todo el mundo. Desc\u00fabrelos.","twitter_misc":{"Written by":"Charlotte Murray","Est. reading time":"5"},"schema":{"@context":"https:\/\/schema.org","@graph":[{"@type":"WebPage","@id":"https:\/\/www.welovecycling.com\/es\/2023\/01\/31\/eventos-ciclistas-2023\/","url":"https:\/\/www.welovecycling.com\/es\/2023\/01\/31\/eventos-ciclistas-2023\/","name":"Seis eventos ciclistas que no te debes perder en 2023","isPartOf":{"@id":"https:\/\/www.welovecycling.com\/es\/#website"},"primaryImageOfPage":{"@id":"https:\/\/www.welovecycling.com\/es\/2023\/01\/31\/eventos-ciclistas-2023\/#primaryimage"},"image":{"@id":"https:\/\/www.welovecycling.com\/es\/2023\/01\/31\/eventos-ciclistas-2023\/#primaryimage"},"thumbnailUrl":"https:\/\/d2p6e6u75xmxt8.cloudfront.net\/6\/2023\/01\/24-Heures-Velo-profimedia-0717779356-CVR.webp","datePublished":"2023-01-31T09:10:28+00:00","author":{"@id":"https:\/\/www.welovecycling.com\/es\/#\/schema\/person\/deb61715b5812698ee79fb96f343ccd4"},"description":"Seis eventos ciclistas en 2023 que no te debes perder. De carretera, mtb o gravel y repartidos por todo el mundo. Desc\u00fabrelos.","breadcrumb":{"@id":"https:\/\/www.welovecycling.com\/es\/2023\/01\/31\/eventos-ciclistas-2023\/#breadcrumb"},"inLanguage":"es-ES","potentialAction":[{"@type":"ReadAction","target":["https:\/\/www.welovecycling.com\/es\/2023\/01\/31\/eventos-ciclistas-2023\/"]}]},{"@type":"ImageObject","inLanguage":"es-ES","@id":"https:\/\/www.welovecycling.com\/es\/2023\/01\/31\/eventos-ciclistas-2023\/#primaryimage","url":"https:\/\/d2p6e6u75xmxt8.cloudfront.net\/6\/2023\/01\/24-Heures-Velo-profimedia-0717779356-CVR.webp","contentUrl":"https:\/\/d2p6e6u75xmxt8.cloudfront.net\/6\/2023\/01\/24-Heures-Velo-profimedia-0717779356-CVR.webp","width":990,"height":660,"caption":"24 Heures V\u00e9lo"},{"@type":"BreadcrumbList","@id":"https:\/\/www.welovecycling.com\/es\/2023\/01\/31\/eventos-ciclistas-2023\/#breadcrumb","itemListElement":[{"@type":"ListItem","position":1,"name":"Home","item":"https:\/\/www.welovecycling.com\/es\/"},{"@type":"ListItem","position":2,"name":"Seis eventos ciclistas que no te debes perder en 2023"}]},{"@type":"WebSite","@id":"https:\/\/www.welovecycling.com\/es\/#website","url":"https:\/\/www.welovecycling.com\/es\/","name":"\u0160koda We Love Cycling - Spain","description":"\u0160koda WeLoveCycling Spain","potentialAction":[{"@type":"SearchAction","target":{"@type":"EntryPoint","urlTemplate":"https:\/\/www.welovecycling.com\/es\/?s={search_term_string}"},"query-input":{"@type":"PropertyValueSpecification","valueRequired":true,"valueName":"search_term_string"}}],"inLanguage":"es-ES"},{"@type":"Person","@id":"https:\/\/www.welovecycling.com\/es\/#\/schema\/person\/deb61715b5812698ee79fb96f343ccd4","name":"We Love Cycling Spain","image":{"@type":"ImageObject","inLanguage":"es-ES","@id":"https:\/\/www.welovecycling.com\/es\/#\/schema\/person\/image\/","url":"https:\/\/secure.gravatar.com\/avatar\/c824b04e6df0e37a03219d0b6481672889df542894588964102459e46513159c?s=96&d=mm&r=g","contentUrl":"https:\/\/secure.gravatar.com\/avatar\/c824b04e6df0e37a03219d0b6481672889df542894588964102459e46513159c?s=96&d=mm&r=g","caption":"We Love Cycling Spain"},"url":"https:\/\/www.welovecycling.com\/es\/author\/amunoz\/"}]}},"_links":{"self":[{"href":"https:\/\/www.welovecycling.com\/es\/wp-json\/wp\/v2\/posts\/9643","targetHints":{"allow":["GET"]}}],"collection":[{"href":"https:\/\/www.welovecycling.com\/es\/wp-json\/wp\/v2\/posts"}],"about":[{"href":"https:\/\/www.welovecycling.com\/es\/wp-json\/wp\/v2\/types\/post"}],"author":[{"embeddable":true,"href":"https:\/\/www.welovecycling.com\/es\/wp-json\/wp\/v2\/users\/29"}],"replies":[{"embeddable":true,"href":"https:\/\/www.welovecycling.com\/es\/wp-json\/wp\/v2\/comments?post=9643"}],"version-history":[{"count":1,"href":"https:\/\/www.welovecycling.com\/es\/wp-json\/wp\/v2\/posts\/9643\/revisions"}],"predecessor-version":[{"id":9649,"href":"https:\/\/www.welovecycling.com\/es\/wp-json\/wp\/v2\/posts\/9643\/revisions\/9649"}],"wp:featuredmedia":[{"embeddable":true,"href":"https:\/\/www.welovecycling.com\/es\/wp-json\/wp\/v2\/media\/9647"}],"wp:attachment":[{"href":"https:\/\/www.welovecycling.com\/es\/wp-json\/wp\/v2\/media?parent=9643"}],"wp:term":[{"taxonomy":"category","embeddable":true,"href":"https:\/\/www.welovecycling.com\/es\/wp-json\/wp\/v2\/categories?post=9643"},{"taxonomy":"post_tag","embeddable":true,"href":"https:\/\/www.welovecycling.com\/es\/wp-json\/wp\/v2\/tags?post=9643"},{"taxonomy":"global-categories","embeddable":true,"href":"https:\/\/www.welovecycling.com\/es\/wp-json\/wp\/v2\/global-categories?post=9643"}],"curies":[{"name":"wp","href":"https:\/\/api.w.org\/{rel}","templated":true}]}}