{"id":9624,"date":"2023-01-18T17:00:28","date_gmt":"2023-01-18T15:00:28","guid":{"rendered":"https:\/\/www.welovecycling.com\/es\/?p=9624"},"modified":"2023-01-16T17:25:22","modified_gmt":"2023-01-16T15:25:22","slug":"etna-bici","status":"publish","type":"post","link":"https:\/\/www.welovecycling.com\/es\/2023\/01\/18\/etna-bici\/","title":{"rendered":"Descender el Etna en bici&#8230;. hacia el centro del volc\u00e1n by Gaspi"},"content":{"rendered":"<p style=\"font-weight: 400;\"><strong>Ahora deber\u00eda respirar, pero el humo sulfuroso del cr\u00e1ter me hace contener la respiraci\u00f3n. Pasa casi medio minuto antes de que el viento cambie y se lleve la nube amarilla. Al mirar por encima del borde, veo un profundo agujero del que sale un humo sulfuroso. En el pasado, si alguien antes que yo se ha atrevido a descender el volc\u00e1n m\u00e1s alto de Italia, el Etna en bici, siempre ha sido desde la cumbre hacia su base. Mi objetivo se sit\u00faa en el otro lado, ya que mi intenci\u00f3n es descender hasta la boca del Etna.<\/strong><\/p>\n<p style=\"font-weight: 400;\"><!--more--><\/p>\n<p style=\"font-weight: 400;\">Piensa en el cr\u00e1ter del Etna como un sumidero de lava con una abertura en el fondo, que conduce a lo desconocido. Tendr\u00e9 que reducir la velocidad a cero antes de llegar al fondo para evitar deslizarme directamente al infierno. \u00bfEn qu\u00e9 estoy pensando? En primer lugar, aunque el Etna ha estado tranquilo durante las \u00faltimas semanas, podr\u00eda despertarse de nuevo casi en cualquier momento porque es uno de los volcanes m\u00e1s activos del mundo.<\/p>\n<figure id=\"attachment_9625\" aria-describedby=\"caption-attachment-9625\" style=\"width: 990px\" class=\"wp-caption alignnone\"><a href=\"https:\/\/d2p6e6u75xmxt8.cloudfront.net\/6\/2023\/01\/Gaspi-Etna-CVR.webp\"><img loading=\"lazy\" decoding=\"async\" class=\"wp-image-9625 size-full\" src=\"https:\/\/d2p6e6u75xmxt8.cloudfront.net\/6\/2023\/01\/Gaspi-Etna-CVR.webp\" alt=\"Gaspi at Mt. Etna\" width=\"990\" height=\"660\" srcset=\"https:\/\/d2p6e6u75xmxt8.cloudfront.net\/6\/2023\/01\/Gaspi-Etna-CVR.webp 990w, https:\/\/d2p6e6u75xmxt8.cloudfront.net\/6\/2023\/01\/Gaspi-Etna-CVR-300x200.webp 300w, https:\/\/d2p6e6u75xmxt8.cloudfront.net\/6\/2023\/01\/Gaspi-Etna-CVR-768x512.webp 768w, https:\/\/d2p6e6u75xmxt8.cloudfront.net\/6\/2023\/01\/Gaspi-Etna-CVR-272x182.webp 272w\" sizes=\"auto, (max-width: 990px) 100vw, 990px\" \/><\/a><figcaption id=\"caption-attachment-9625\" class=\"wp-caption-text\">Situado en Sicilia, el Etna es de los volcanes m\u00e1s activos del mundo.<\/figcaption><\/figure>\n<p style=\"font-weight: 400;\">\n<p>La altura del Etna est\u00e1 cambiando a ra\u00edz de su actividad volc\u00e1nica. Tras la erupci\u00f3n de 1981, su pico era de 3.350 metros, pero la liberaci\u00f3n de magma hizo que el volc\u00e1n descendiera, por lo que en 2018, la altura era de solo 3.326 metros. El volc\u00e1n actual tiene cuatro picos: la Bocca Nuova, la Voragine, el cr\u00e1ter noreste y el cr\u00e1ter sureste.<\/p>\n<p>Tengo que tener especial cuidado porque la superficie est\u00e1 cubierta de grava de lava afilada. Descubr\u00ed que no era el amo de mi manillar despu\u00e9s de rodar por las laderas del volc\u00e1n durante el primer viaje de prueba. La grava se deshace bajo las ruedas, y bast\u00f3 un peque\u00f1o error para caer sobre el manillar. El resultado fue una clav\u00edcula dislocada. Duele, pero no puedo rendirme. La gente del pueblo me pregunt\u00f3 por qu\u00e9 hac\u00eda esto. \u00bfPor qu\u00e9? Probablemente porque puedo. Y porque nadie lo hab\u00eda hecho antes.<\/p>\n<p>No fue f\u00e1cil encontrar la fecha para descender el Etna en bici. Esperar a que haga buen tiempo es como esperar a que te toque la loter\u00eda, ya que el Etna suele estar entre nubes y los vientos en la cumbre son muy fuertes. En oto\u00f1o, el tiempo puede cambiar a cada hora.<\/p>\n<p>Lo que nos preocupa es el riesgo de actividad s\u00edsmica. Seg\u00fan las gu\u00edas de volcanes, el Etna debe permanecer tranquilo durante al menos dos meses para que cualquiera pueda subir a la cima con seguridad. Nuestra conexi\u00f3n con Sicilia es Giuseppe Coco. Como experto local, remotamente nos informa de la situaci\u00f3n actual para que podamos decidir si tiene sentido viajar 2.000 km. Despu\u00e9s de que Giuseppe me env\u00ede un mensaje, metemos todo en el coche y nos vamos.<\/p>\n<p><a href=\"https:\/\/d2p6e6u75xmxt8.cloudfront.net\/6\/2023\/01\/Gaspi-Etna-2.webp\"><img loading=\"lazy\" decoding=\"async\" class=\"alignnone size-full wp-image-9626\" src=\"https:\/\/d2p6e6u75xmxt8.cloudfront.net\/6\/2023\/01\/Gaspi-Etna-2.webp\" alt=\"\" width=\"1072\" height=\"714\" srcset=\"https:\/\/d2p6e6u75xmxt8.cloudfront.net\/6\/2023\/01\/Gaspi-Etna-2.webp 1072w, https:\/\/d2p6e6u75xmxt8.cloudfront.net\/6\/2023\/01\/Gaspi-Etna-2-300x200.webp 300w, https:\/\/d2p6e6u75xmxt8.cloudfront.net\/6\/2023\/01\/Gaspi-Etna-2-1024x682.webp 1024w, https:\/\/d2p6e6u75xmxt8.cloudfront.net\/6\/2023\/01\/Gaspi-Etna-2-768x512.webp 768w, https:\/\/d2p6e6u75xmxt8.cloudfront.net\/6\/2023\/01\/Gaspi-Etna-2-272x182.webp 272w\" sizes=\"auto, (max-width: 1072px) 100vw, 1072px\" \/><\/a><\/p>\n<div id='gallery-1' class='gallery galleryid-9624 gallery-columns-3 gallery-size-large'><figure class='gallery-item'>\n\t\t\t<div class='gallery-icon landscape'>\n\t\t\t\t<a href='https:\/\/d2p6e6u75xmxt8.cloudfront.net\/6\/2023\/01\/Gaspi-Etna-3.webp'><img loading=\"lazy\" decoding=\"async\" width=\"1024\" height=\"683\" src=\"https:\/\/d2p6e6u75xmxt8.cloudfront.net\/6\/2023\/01\/Gaspi-Etna-3-1024x683.webp\" class=\"attachment-large size-large\" alt=\"\" srcset=\"https:\/\/d2p6e6u75xmxt8.cloudfront.net\/6\/2023\/01\/Gaspi-Etna-3-1024x683.webp 1024w, https:\/\/d2p6e6u75xmxt8.cloudfront.net\/6\/2023\/01\/Gaspi-Etna-3-300x200.webp 300w, https:\/\/d2p6e6u75xmxt8.cloudfront.net\/6\/2023\/01\/Gaspi-Etna-3-768x512.webp 768w, https:\/\/d2p6e6u75xmxt8.cloudfront.net\/6\/2023\/01\/Gaspi-Etna-3-272x182.webp 272w, https:\/\/d2p6e6u75xmxt8.cloudfront.net\/6\/2023\/01\/Gaspi-Etna-3.webp 1110w\" sizes=\"auto, (max-width: 1024px) 100vw, 1024px\" \/><\/a>\n\t\t\t<\/div><\/figure><figure class='gallery-item'>\n\t\t\t<div class='gallery-icon landscape'>\n\t\t\t\t<a href='https:\/\/d2p6e6u75xmxt8.cloudfront.net\/6\/2023\/01\/Gaspi-Etna-4.webp'><img loading=\"lazy\" decoding=\"async\" width=\"1022\" height=\"682\" src=\"https:\/\/d2p6e6u75xmxt8.cloudfront.net\/6\/2023\/01\/Gaspi-Etna-4.webp\" class=\"attachment-large size-large\" alt=\"\" srcset=\"https:\/\/d2p6e6u75xmxt8.cloudfront.net\/6\/2023\/01\/Gaspi-Etna-4.webp 1022w, https:\/\/d2p6e6u75xmxt8.cloudfront.net\/6\/2023\/01\/Gaspi-Etna-4-300x200.webp 300w, https:\/\/d2p6e6u75xmxt8.cloudfront.net\/6\/2023\/01\/Gaspi-Etna-4-768x513.webp 768w, https:\/\/d2p6e6u75xmxt8.cloudfront.net\/6\/2023\/01\/Gaspi-Etna-4-272x182.webp 272w\" sizes=\"auto, (max-width: 1022px) 100vw, 1022px\" \/><\/a>\n\t\t\t<\/div><\/figure><figure class='gallery-item'>\n\t\t\t<div class='gallery-icon landscape'>\n\t\t\t\t<a href='https:\/\/d2p6e6u75xmxt8.cloudfront.net\/6\/2023\/01\/Gaspi-Etna-5.webp'><img loading=\"lazy\" decoding=\"async\" width=\"1024\" height=\"682\" src=\"https:\/\/d2p6e6u75xmxt8.cloudfront.net\/6\/2023\/01\/Gaspi-Etna-5-1024x682.webp\" class=\"attachment-large size-large\" alt=\"\" srcset=\"https:\/\/d2p6e6u75xmxt8.cloudfront.net\/6\/2023\/01\/Gaspi-Etna-5-1024x682.webp 1024w, https:\/\/d2p6e6u75xmxt8.cloudfront.net\/6\/2023\/01\/Gaspi-Etna-5-300x200.webp 300w, https:\/\/d2p6e6u75xmxt8.cloudfront.net\/6\/2023\/01\/Gaspi-Etna-5-768x512.webp 768w, https:\/\/d2p6e6u75xmxt8.cloudfront.net\/6\/2023\/01\/Gaspi-Etna-5-272x182.webp 272w, https:\/\/d2p6e6u75xmxt8.cloudfront.net\/6\/2023\/01\/Gaspi-Etna-5.webp 1118w\" sizes=\"auto, (max-width: 1024px) 100vw, 1024px\" \/><\/a>\n\t\t\t<\/div><\/figure>\n\t\t<\/div>\n\n<p>Podemos llegar al pico en dos direcciones. Elegimos el lado norte, que empieza en <a href=\"https:\/\/pianoprovenzana.com\/\">Piano Provenzana<\/a>, a 1.800 metros de altitud. Un llamado &#8220;autob\u00fas de lava&#8221; nos lleva hasta los 2.800 metros. La zona de libre acceso termina en ese punto. M\u00e1s all\u00e1 de esta l\u00ednea, todo el mundo necesita la compa\u00f1\u00eda obligada de un gu\u00eda volc\u00e1nico. Los servicios de los gu\u00edas son inestimables. Durante la ascensi\u00f3n, el gu\u00eda est\u00e1 en contacto permanente con la oficina central por radio y recibe las \u00faltimas informaciones sobre los cambios en la actividad volc\u00e1nica las 24 horas del d\u00eda. Gracias a su experiencia, el gu\u00eda tambi\u00e9n conoce bien las zonas con riesgo potencial de peligro. La ascensi\u00f3n es f\u00edsicamente exigente. El c\u00e1mara y el fot\u00f3grafo tuvieron que cargar con todo su equipo, que pesaba m\u00e1s de 20 kilos. Pero, por fin, estamos en la cima.<\/p>\n<p>El interior del cr\u00e1ter parece una profunda alfombra verde amarillenta. A primera vista, parece un jard\u00edn maravillosamente vibrante, pero en realidad, la coloraci\u00f3n verde se debe al azufre que sale del cr\u00e1ter.<\/p>\n<p>El fot\u00f3grafo Milo\u0161 experiment\u00f3 de primera mano el poder del azufre al arrodillarse un momento para hacer fotos. Media hora despu\u00e9s, su rodilla desnuda asomaba por encima de sus pantalones rotos. El humo del volc\u00e1n es tan asfixiante que contenemos la respiraci\u00f3n muchas veces.<\/p>\n<figure id=\"attachment_9627\" aria-describedby=\"caption-attachment-9627\" style=\"width: 1022px\" class=\"wp-caption alignnone\"><a href=\"https:\/\/d2p6e6u75xmxt8.cloudfront.net\/6\/2023\/01\/Gaspi-Etna-7.webp\"><img loading=\"lazy\" decoding=\"async\" class=\"wp-image-9627 size-full\" src=\"https:\/\/d2p6e6u75xmxt8.cloudfront.net\/6\/2023\/01\/Gaspi-Etna-7.webp\" alt=\"Gaspi at Mt. Etna\" width=\"1022\" height=\"682\" srcset=\"https:\/\/d2p6e6u75xmxt8.cloudfront.net\/6\/2023\/01\/Gaspi-Etna-7.webp 1022w, https:\/\/d2p6e6u75xmxt8.cloudfront.net\/6\/2023\/01\/Gaspi-Etna-7-300x200.webp 300w, https:\/\/d2p6e6u75xmxt8.cloudfront.net\/6\/2023\/01\/Gaspi-Etna-7-768x513.webp 768w, https:\/\/d2p6e6u75xmxt8.cloudfront.net\/6\/2023\/01\/Gaspi-Etna-7-272x182.webp 272w\" sizes=\"auto, (max-width: 1022px) 100vw, 1022px\" \/><\/a><figcaption id=\"caption-attachment-9627\" class=\"wp-caption-text\">Es dif\u00edcil pedalear y descender entre la ceniza, por <a href=\"https:\/\/www.instagram.com\/richardgasperotti\/?hl=es\">Richard Gasperotti<\/a><\/figcaption><\/figure>\n<p style=\"font-weight: 400;\">\n<p>Me paro en el borde del volc\u00e1n y, tras un breve momento de determinaci\u00f3n, empiezo a dejarme caer. Agarro con fuerza el manillar, mis ojos buscan un camino seguro. Me siento como si descendiera por una chimenea gigante hasta la sala de calderas del Titanic. El descenso en s\u00ed s\u00f3lo dura un momento. Hace calor y el aire es fr\u00edo. Tengo que subir por mis propios medios. Me pongo la bicicleta sobre los hombros y subo mientras respiro con dificultad a trav\u00e9s de la mascarilla. Cuando por fin llego al borde, me siento mareado y agotado. Pero ya puedo decir que he descendido al cr\u00e1ter del Etna.<\/p>\n<p>Tambi\u00e9n es duro bajar de 3.300 metros a 1.800. El camino es de ceniza que se desmorona y pulveriza. M\u00e1s tarde, nos dimos cuenta de la suerte que hab\u00edamos tenido cuando vimos caer la nieve s\u00f3lo dos d\u00edas despu\u00e9s de dejar el pico, convirtiendo el Etna en un destino inalcanzable. Tenemos una historia que contar y una experiencia de nuestras vidas.<\/p>\n<p>Si el descenso del Etna no fuera raz\u00f3n suficiente para visitar <a href=\"https:\/\/www.welovecycling.com\/es\/2022\/05\/20\/siete-puertos-complicados-europa\/\">Sicilia<\/a>, hay una pizza de Alfio en la Pizzeria Belvedere que puedo recomendar. \u00bfY qu\u00e9 m\u00e1s? Nos encantar\u00eda escalar el volc\u00e1n Stromboli en el futuro, pero dada su actividad volc\u00e1nica en los \u00faltimos a\u00f1os, nuestro objetivo parece casi imposible. Pero, \u00bfqui\u00e9n sabe?<\/p>\n","protected":false},"excerpt":{"rendered":"<p>Ahora deber\u00eda respirar, pero el humo sulfuroso del cr\u00e1ter me hace contener la respiraci\u00f3n. Pasa casi medio minuto antes de [&hellip;]<\/p>\n","protected":false},"author":29,"featured_media":9629,"comment_status":"open","ping_status":"open","sticky":false,"template":"","format":"standard","meta":{"footnotes":""},"categories":[9],"tags":[],"global-categories":[],"class_list":["post-9624","post","type-post","status-publish","format-standard","has-post-thumbnail","hentry","category-mtb-aventura"],"yoast_head":"<!-- This site is optimized with the Yoast SEO Premium plugin v25.3 (Yoast SEO v25.9) - https:\/\/yoast.com\/wordpress\/plugins\/seo\/ -->\n<title>Descender el Etna en bici.... hacia el centro del volc\u00e1n by Gaspi<\/title>\n<meta name=\"description\" content=\"Descender el Etna en bici.... hacia el centro del volc\u00e1n by Gaspi. La aventura de Richard Gasperotti, que baj\u00f3 hacia el centro del Etna.\" \/>\n<meta name=\"robots\" content=\"index, follow, max-snippet:-1, max-image-preview:large, max-video-preview:-1\" \/>\n<link rel=\"canonical\" href=\"https:\/\/www.welovecycling.com\/es\/2023\/01\/18\/etna-bici\/\" \/>\n<meta property=\"og:locale\" content=\"es_ES\" \/>\n<meta property=\"og:type\" content=\"article\" \/>\n<meta property=\"og:title\" content=\"Descender el Etna en bici.... hacia el centro del volc\u00e1n by Gaspi\" \/>\n<meta property=\"og:description\" content=\"Descender el Etna en bici.... hacia el centro del volc\u00e1n by Gaspi. La aventura de Richard Gasperotti, que baj\u00f3 hacia el centro del Etna.\" \/>\n<meta property=\"og:url\" content=\"https:\/\/www.welovecycling.com\/es\/2023\/01\/18\/etna-bici\/\" \/>\n<meta property=\"og:site_name\" content=\"\u0160koda We Love Cycling - Spain\" \/>\n<meta property=\"article:published_time\" content=\"2023-01-18T15:00:28+00:00\" \/>\n<meta property=\"og:image\" content=\"https:\/\/d2p6e6u75xmxt8.cloudfront.net\/6\/2023\/01\/Gaspi-Etna-CVR-2.webp\" \/>\n\t<meta property=\"og:image:width\" content=\"990\" \/>\n\t<meta property=\"og:image:height\" content=\"660\" \/>\n\t<meta property=\"og:image:type\" content=\"image\/webp\" \/>\n<meta name=\"author\" content=\"We Love Cycling Spain\" \/>\n<meta name=\"twitter:card\" content=\"summary_large_image\" \/>\n<meta name=\"twitter:title\" content=\"Descender el Etna en bici.... hacia el centro del volc\u00e1n by Gaspi\" \/>\n<meta name=\"twitter:description\" content=\"Descender el Etna en bici.... hacia el centro del volc\u00e1n by Gaspi. La aventura de Richard Gasperotti, que baj\u00f3 hacia el centro del Etna.\" \/>\n<meta name=\"twitter:label1\" content=\"Written by\" \/>\n\t<meta name=\"twitter:data1\" content=\"Richard Gasperotti and Adam Marsal\" \/>\n\t<meta name=\"twitter:label2\" content=\"Est. reading time\" \/>\n\t<meta name=\"twitter:data2\" content=\"5\" \/>\n<script type=\"application\/ld+json\" class=\"yoast-schema-graph\">{\"@context\":\"https:\/\/schema.org\",\"@graph\":[{\"@type\":\"WebPage\",\"@id\":\"https:\/\/www.welovecycling.com\/es\/2023\/01\/18\/etna-bici\/\",\"url\":\"https:\/\/www.welovecycling.com\/es\/2023\/01\/18\/etna-bici\/\",\"name\":\"Descender el Etna en bici.... hacia el centro del volc\u00e1n by Gaspi\",\"isPartOf\":{\"@id\":\"https:\/\/www.welovecycling.com\/es\/#website\"},\"primaryImageOfPage\":{\"@id\":\"https:\/\/www.welovecycling.com\/es\/2023\/01\/18\/etna-bici\/#primaryimage\"},\"image\":{\"@id\":\"https:\/\/www.welovecycling.com\/es\/2023\/01\/18\/etna-bici\/#primaryimage\"},\"thumbnailUrl\":\"https:\/\/d2p6e6u75xmxt8.cloudfront.net\/6\/2023\/01\/Gaspi-Etna-CVR-2.webp\",\"datePublished\":\"2023-01-18T15:00:28+00:00\",\"author\":{\"@id\":\"https:\/\/www.welovecycling.com\/es\/#\/schema\/person\/deb61715b5812698ee79fb96f343ccd4\"},\"description\":\"Descender el Etna en bici.... hacia el centro del volc\u00e1n by Gaspi. La aventura de Richard Gasperotti, que baj\u00f3 hacia el centro del Etna.\",\"breadcrumb\":{\"@id\":\"https:\/\/www.welovecycling.com\/es\/2023\/01\/18\/etna-bici\/#breadcrumb\"},\"inLanguage\":\"es-ES\",\"potentialAction\":[{\"@type\":\"ReadAction\",\"target\":[\"https:\/\/www.welovecycling.com\/es\/2023\/01\/18\/etna-bici\/\"]}]},{\"@type\":\"ImageObject\",\"inLanguage\":\"es-ES\",\"@id\":\"https:\/\/www.welovecycling.com\/es\/2023\/01\/18\/etna-bici\/#primaryimage\",\"url\":\"https:\/\/d2p6e6u75xmxt8.cloudfront.net\/6\/2023\/01\/Gaspi-Etna-CVR-2.webp\",\"contentUrl\":\"https:\/\/d2p6e6u75xmxt8.cloudfront.net\/6\/2023\/01\/Gaspi-Etna-CVR-2.webp\",\"width\":990,\"height\":660,\"caption\":\"Riding down Mt. Etna\"},{\"@type\":\"BreadcrumbList\",\"@id\":\"https:\/\/www.welovecycling.com\/es\/2023\/01\/18\/etna-bici\/#breadcrumb\",\"itemListElement\":[{\"@type\":\"ListItem\",\"position\":1,\"name\":\"Home\",\"item\":\"https:\/\/www.welovecycling.com\/es\/\"},{\"@type\":\"ListItem\",\"position\":2,\"name\":\"Descender el Etna en bici&#8230;. hacia el centro del volc\u00e1n by Gaspi\"}]},{\"@type\":\"WebSite\",\"@id\":\"https:\/\/www.welovecycling.com\/es\/#website\",\"url\":\"https:\/\/www.welovecycling.com\/es\/\",\"name\":\"\u0160koda We Love Cycling - Spain\",\"description\":\"\u0160koda WeLoveCycling Spain\",\"potentialAction\":[{\"@type\":\"SearchAction\",\"target\":{\"@type\":\"EntryPoint\",\"urlTemplate\":\"https:\/\/www.welovecycling.com\/es\/?s={search_term_string}\"},\"query-input\":{\"@type\":\"PropertyValueSpecification\",\"valueRequired\":true,\"valueName\":\"search_term_string\"}}],\"inLanguage\":\"es-ES\"},{\"@type\":\"Person\",\"@id\":\"https:\/\/www.welovecycling.com\/es\/#\/schema\/person\/deb61715b5812698ee79fb96f343ccd4\",\"name\":\"We Love Cycling Spain\",\"image\":{\"@type\":\"ImageObject\",\"inLanguage\":\"es-ES\",\"@id\":\"https:\/\/www.welovecycling.com\/es\/#\/schema\/person\/image\/\",\"url\":\"https:\/\/secure.gravatar.com\/avatar\/c824b04e6df0e37a03219d0b6481672889df542894588964102459e46513159c?s=96&d=mm&r=g\",\"contentUrl\":\"https:\/\/secure.gravatar.com\/avatar\/c824b04e6df0e37a03219d0b6481672889df542894588964102459e46513159c?s=96&d=mm&r=g\",\"caption\":\"We Love Cycling Spain\"},\"url\":\"https:\/\/www.welovecycling.com\/es\/author\/amunoz\/\"}]}<\/script>\n<!-- \/ Yoast SEO Premium plugin. -->","yoast_head_json":{"title":"Descender el Etna en bici.... hacia el centro del volc\u00e1n by Gaspi","description":"Descender el Etna en bici.... hacia el centro del volc\u00e1n by Gaspi. La aventura de Richard Gasperotti, que baj\u00f3 hacia el centro del Etna.","robots":{"index":"index","follow":"follow","max-snippet":"max-snippet:-1","max-image-preview":"max-image-preview:large","max-video-preview":"max-video-preview:-1"},"canonical":"https:\/\/www.welovecycling.com\/es\/2023\/01\/18\/etna-bici\/","og_locale":"es_ES","og_type":"article","og_title":"Descender el Etna en bici.... hacia el centro del volc\u00e1n by Gaspi","og_description":"Descender el Etna en bici.... hacia el centro del volc\u00e1n by Gaspi. La aventura de Richard Gasperotti, que baj\u00f3 hacia el centro del Etna.","og_url":"https:\/\/www.welovecycling.com\/es\/2023\/01\/18\/etna-bici\/","og_site_name":"\u0160koda We Love Cycling - Spain","article_published_time":"2023-01-18T15:00:28+00:00","og_image":[{"width":990,"height":660,"url":"https:\/\/d2p6e6u75xmxt8.cloudfront.net\/6\/2023\/01\/Gaspi-Etna-CVR-2.webp","type":"image\/webp"}],"author":"We Love Cycling Spain","twitter_card":"summary_large_image","twitter_title":"Descender el Etna en bici.... hacia el centro del volc\u00e1n by Gaspi","twitter_description":"Descender el Etna en bici.... hacia el centro del volc\u00e1n by Gaspi. La aventura de Richard Gasperotti, que baj\u00f3 hacia el centro del Etna.","twitter_misc":{"Written by":"Richard Gasperotti and Adam Marsal","Est. reading time":"5"},"schema":{"@context":"https:\/\/schema.org","@graph":[{"@type":"WebPage","@id":"https:\/\/www.welovecycling.com\/es\/2023\/01\/18\/etna-bici\/","url":"https:\/\/www.welovecycling.com\/es\/2023\/01\/18\/etna-bici\/","name":"Descender el Etna en bici.... hacia el centro del volc\u00e1n by Gaspi","isPartOf":{"@id":"https:\/\/www.welovecycling.com\/es\/#website"},"primaryImageOfPage":{"@id":"https:\/\/www.welovecycling.com\/es\/2023\/01\/18\/etna-bici\/#primaryimage"},"image":{"@id":"https:\/\/www.welovecycling.com\/es\/2023\/01\/18\/etna-bici\/#primaryimage"},"thumbnailUrl":"https:\/\/d2p6e6u75xmxt8.cloudfront.net\/6\/2023\/01\/Gaspi-Etna-CVR-2.webp","datePublished":"2023-01-18T15:00:28+00:00","author":{"@id":"https:\/\/www.welovecycling.com\/es\/#\/schema\/person\/deb61715b5812698ee79fb96f343ccd4"},"description":"Descender el Etna en bici.... hacia el centro del volc\u00e1n by Gaspi. La aventura de Richard Gasperotti, que baj\u00f3 hacia el centro del Etna.","breadcrumb":{"@id":"https:\/\/www.welovecycling.com\/es\/2023\/01\/18\/etna-bici\/#breadcrumb"},"inLanguage":"es-ES","potentialAction":[{"@type":"ReadAction","target":["https:\/\/www.welovecycling.com\/es\/2023\/01\/18\/etna-bici\/"]}]},{"@type":"ImageObject","inLanguage":"es-ES","@id":"https:\/\/www.welovecycling.com\/es\/2023\/01\/18\/etna-bici\/#primaryimage","url":"https:\/\/d2p6e6u75xmxt8.cloudfront.net\/6\/2023\/01\/Gaspi-Etna-CVR-2.webp","contentUrl":"https:\/\/d2p6e6u75xmxt8.cloudfront.net\/6\/2023\/01\/Gaspi-Etna-CVR-2.webp","width":990,"height":660,"caption":"Riding down Mt. Etna"},{"@type":"BreadcrumbList","@id":"https:\/\/www.welovecycling.com\/es\/2023\/01\/18\/etna-bici\/#breadcrumb","itemListElement":[{"@type":"ListItem","position":1,"name":"Home","item":"https:\/\/www.welovecycling.com\/es\/"},{"@type":"ListItem","position":2,"name":"Descender el Etna en bici&#8230;. hacia el centro del volc\u00e1n by Gaspi"}]},{"@type":"WebSite","@id":"https:\/\/www.welovecycling.com\/es\/#website","url":"https:\/\/www.welovecycling.com\/es\/","name":"\u0160koda We Love Cycling - Spain","description":"\u0160koda WeLoveCycling Spain","potentialAction":[{"@type":"SearchAction","target":{"@type":"EntryPoint","urlTemplate":"https:\/\/www.welovecycling.com\/es\/?s={search_term_string}"},"query-input":{"@type":"PropertyValueSpecification","valueRequired":true,"valueName":"search_term_string"}}],"inLanguage":"es-ES"},{"@type":"Person","@id":"https:\/\/www.welovecycling.com\/es\/#\/schema\/person\/deb61715b5812698ee79fb96f343ccd4","name":"We Love Cycling Spain","image":{"@type":"ImageObject","inLanguage":"es-ES","@id":"https:\/\/www.welovecycling.com\/es\/#\/schema\/person\/image\/","url":"https:\/\/secure.gravatar.com\/avatar\/c824b04e6df0e37a03219d0b6481672889df542894588964102459e46513159c?s=96&d=mm&r=g","contentUrl":"https:\/\/secure.gravatar.com\/avatar\/c824b04e6df0e37a03219d0b6481672889df542894588964102459e46513159c?s=96&d=mm&r=g","caption":"We Love Cycling Spain"},"url":"https:\/\/www.welovecycling.com\/es\/author\/amunoz\/"}]}},"_links":{"self":[{"href":"https:\/\/www.welovecycling.com\/es\/wp-json\/wp\/v2\/posts\/9624","targetHints":{"allow":["GET"]}}],"collection":[{"href":"https:\/\/www.welovecycling.com\/es\/wp-json\/wp\/v2\/posts"}],"about":[{"href":"https:\/\/www.welovecycling.com\/es\/wp-json\/wp\/v2\/types\/post"}],"author":[{"embeddable":true,"href":"https:\/\/www.welovecycling.com\/es\/wp-json\/wp\/v2\/users\/29"}],"replies":[{"embeddable":true,"href":"https:\/\/www.welovecycling.com\/es\/wp-json\/wp\/v2\/comments?post=9624"}],"version-history":[{"count":2,"href":"https:\/\/www.welovecycling.com\/es\/wp-json\/wp\/v2\/posts\/9624\/revisions"}],"predecessor-version":[{"id":9631,"href":"https:\/\/www.welovecycling.com\/es\/wp-json\/wp\/v2\/posts\/9624\/revisions\/9631"}],"wp:featuredmedia":[{"embeddable":true,"href":"https:\/\/www.welovecycling.com\/es\/wp-json\/wp\/v2\/media\/9629"}],"wp:attachment":[{"href":"https:\/\/www.welovecycling.com\/es\/wp-json\/wp\/v2\/media?parent=9624"}],"wp:term":[{"taxonomy":"category","embeddable":true,"href":"https:\/\/www.welovecycling.com\/es\/wp-json\/wp\/v2\/categories?post=9624"},{"taxonomy":"post_tag","embeddable":true,"href":"https:\/\/www.welovecycling.com\/es\/wp-json\/wp\/v2\/tags?post=9624"},{"taxonomy":"global-categories","embeddable":true,"href":"https:\/\/www.welovecycling.com\/es\/wp-json\/wp\/v2\/global-categories?post=9624"}],"curies":[{"name":"wp","href":"https:\/\/api.w.org\/{rel}","templated":true}]}}