{"id":9610,"date":"2023-01-13T20:10:20","date_gmt":"2023-01-13T18:10:20","guid":{"rendered":"https:\/\/www.welovecycling.com\/es\/?p=9610"},"modified":"2023-01-12T20:49:11","modified_gmt":"2023-01-12T18:49:11","slug":"evenepoel-2023","status":"publish","type":"post","link":"https:\/\/www.welovecycling.com\/es\/2023\/01\/13\/evenepoel-2023\/","title":{"rendered":"\u00bfComo ser\u00e1 la versi\u00f3n Remco Evenepoel 2023?"},"content":{"rendered":"<p style=\"font-weight: 400;\"><strong>\u00bfQu\u00e9 est\u00e1 tramando el ganador de la V\u00e9lo d&#8217;Or 2022, Remco Evenepoel? Ya ha dicho que su vuelta de tres semanas\u00a0 para 2023 ser\u00e1 el Giro de Italia, presumiblemente porque no se siente preparado para enfrentarse a los antiguos ganadores del Tour de Francia Tadej Poga\u010dar, Jonas Vingegaard y quiz\u00e1s Egan Bernal en la carrera francesa. As\u00ed que esta ser\u00e1 la versi\u00f3n Evenepoel 2023<\/strong><br \/>\n<!--more--><\/p>\n<p>Muchos han especulado los 70 km de contrarreloj del Giro le convienen m\u00e1s que el Tour,\u00a0 que s\u00f3lo ofrece una contrarreloj y con subidas en 2023. El corredor del Soudal-QuickStep de Aalst (B\u00e9lgica), que pronto cumplir\u00e1 23 a\u00f1os (el 25 de enero), lo confirm\u00f3 a finales de diciembre en <a href=\"https:\/\/www.eurosport.com\/cycling\/giro-d-italia\/2023\/remco-evenepoel-says-giro-d-italia-2023-time-trials-suit-me-well-after-recce-i-look-forward-to-it_sto9262548\/story.shtml\">declaraciones a Eurosport<\/a>: &#8220;Estoy deseando que llegue la contrarreloj inaugural y luego la etapa 9 [otra contrarreloj]. Esta \u00faltima la recorrimos la semana pasada. Hay contrarrelojes muy bonitas en este Giro que me van bien&#8221;.<\/p>\n<p>Si piensa as\u00ed, \u00bfpor qu\u00e9 ha declarado ahora p\u00fablicamente que no tiene garantizado el triunfo en el Giro? &#8220;Personalmente, siempre me resulta dif\u00edcil predecir una [victoria] en la clasificaci\u00f3n&#8221;, <a href=\"https:\/\/cyclinguptodate.com\/cycling\/remco-evenepoels-initial-ambitions-to-the-giro-ditalia-it-is-a-bit-safer-to-aim-for-a-stage-victory-he-claims\">dijo Evenepoel<\/a>. &#8220;Una subida que se atraganta, una ca\u00edda, ponerse enfermo. Puede pasar cualquier cosa&#8221;. Y a\u00f1adi\u00f3: &#8220;Es un poco m\u00e1s seguro aspirar a una victoria de etapa. Para ganar la clasificaci\u00f3n hay que dejarse llevar un poco. As\u00ed lo hice el a\u00f1o pasado en la Vuelta&#8221;.<\/p>\n<p>Eso es bastante modesto para un corredor que gan\u00f3 tanto la Vuelta a Espa\u00f1a como el Campeonato del Mundo de Carreras en Ruta con un estilo dominante cerca del final de la temporada de carreras en ruta del a\u00f1o pasado. Y a pesar de Geraint Thomas y Primo\u017e Rogli\u010d, Evenepoel es sin duda el favorito para ganar la maglia rosa del Giro, si se mantiene sano y no tiene ca\u00eddas.<\/p>\n<figure id=\"attachment_9448\" aria-describedby=\"caption-attachment-9448\" style=\"width: 1250px\" class=\"wp-caption alignnone\"><a href=\"https:\/\/d2p6e6u75xmxt8.cloudfront.net\/6\/2022\/11\/profimedia-0727601865.webp\"><img loading=\"lazy\" decoding=\"async\" class=\"size-full wp-image-9448\" src=\"https:\/\/d2p6e6u75xmxt8.cloudfront.net\/6\/2022\/11\/profimedia-0727601865.webp\" alt=\"Remco Evenepoel\" width=\"1250\" height=\"833\" srcset=\"https:\/\/d2p6e6u75xmxt8.cloudfront.net\/6\/2022\/11\/profimedia-0727601865.webp 1250w, https:\/\/d2p6e6u75xmxt8.cloudfront.net\/6\/2022\/11\/profimedia-0727601865-300x200.webp 300w, https:\/\/d2p6e6u75xmxt8.cloudfront.net\/6\/2022\/11\/profimedia-0727601865-1024x682.webp 1024w, https:\/\/d2p6e6u75xmxt8.cloudfront.net\/6\/2022\/11\/profimedia-0727601865-768x512.webp 768w, https:\/\/d2p6e6u75xmxt8.cloudfront.net\/6\/2022\/11\/profimedia-0727601865-272x182.webp 272w\" sizes=\"auto, (max-width: 1250px) 100vw, 1250px\" \/><\/a><figcaption id=\"caption-attachment-9448\" class=\"wp-caption-text\">Evenepoel celebra su victoria en la Vuelta. \u00a9 Profimedia<\/figcaption><\/figure>\n<p>Pero esta declaraci\u00f3n y su reticencia a correr el Tour este a\u00f1o sugieren que, aunque est\u00e1 muy seguro de su capacidad para la contrarreloj, puede que a\u00fan no conf\u00ede en su rendimiento en monta\u00f1a. Quiz\u00e1 por eso, antes del Giro, pasar\u00e1 gran parte del tiempo entrenando en altitud, con cuatro campos de entrenamiento a gran altitud y cuatro carreras programadas antes de afrontar la primera Gran Vuelta de la temporada.<\/p>\n<p>Comenzar\u00e1 su a\u00f1o en Argentina, donde competir\u00e1 en la Vuelta a San Juan del 22 al 29 de enero. Le seguir\u00e1n el UAE Tour a finales de febrero, la Volta a Catalunya a finales de marzo y la Lieja-Bastogne-Lieja a finales de abril, por lo que s\u00f3lo tendr\u00e1 22 d\u00edas de competici\u00f3n antes del 6 de mayo, cuando empieza el Giro.<\/p>\n<p>&#8220;Es mucho entrenamiento, muchos campamentos de altitud, pero ya vimos el a\u00f1o pasado que me funcionaba, as\u00ed que no hay necesidad de cambiar nada ni de probar enfoques diferentes&#8221;, dijo Evenepoel sobre el 2023 <a href=\"https:\/\/www.cyclingnews.com\/news\/remco-evenepoel-takes-race-light-altitude-heavy-road-to-giro-ditalia\/\">a los periodistas<\/a> en la presentaci\u00f3n del Soudal-QuickStep a principios de este mes.<\/p>\n<p>El belga hizo hincapi\u00e9 en que competir\u00e1 para ganar estas primeras carreras. &#8220;Cada carrera que hago es con la idea de estar en el podio o al menos ganar una etapa&#8221;, dijo. &#8220;No estoy haciendo muchas carreras, pero todas son, aparte de Argentina, al m\u00e1s alto nivel&#8221;.<\/p>\n<p>Ha dicho que lo que m\u00e1s desea en las carreras es ganar las tres Grandes: &#8220;Ganar las tres Grandes Vueltas, \u00e9se es mi mayor sue\u00f1o&#8221;, dijo Evenepoel a <a href=\"https:\/\/www.eurosport.com\/cycling\/vuelta-a-espana\/2022\/win-all-three-remco-evenepoel-already-dreaming-of-tour-de-france-and-giro-ditalia-after-vuelta-trium_sto9141193\/story.shtml\">Alberto Contador en Eurosport<\/a> tras su victoria en la Vuelta.<\/p>\n<p>Entonces, \u00bfhay alguna posibilidad de que decida correr el Tour de Francia este a\u00f1o? Todo es posible, pero el doblete Giro-Tour de Francia es muy dif\u00edcil. S\u00f3lo siete corredores han ganado ese doblete, un total de 12 veces. Fausto Coppi, Bernard <a href=\"https:\/\/www.welovecycling.com\/es\/2021\/09\/22\/mundial-de-ciclismo\/\">Hinault<\/a> y Miguel Indurain lo hicieron dos veces, y Eddy Merckx gan\u00f3 el doblete tres veces, en 1970, 1972 y 1974. No creo que Evenepoel corra todav\u00eda a ese nivel.<\/p>\n<p>As\u00ed que, probablemente, ni el Giro ni el Tour. \u00a0Pero puede verse tentado a intentar el doblete Giro-Vuelta, que es mucho m\u00e1s asequible, sobre todo porque ya ha demostrado que puede ganar la Gran Vuelta espa\u00f1ola. Y antes, quiz\u00e1 vuelva a intentar el Campeonato del Mundo. Ganar esas tres carreras en un solo a\u00f1o ser\u00eda un triplete impresionante.<\/p>\n<p>Pero primero tiene que vencer a Rogli\u010d en el Giro.<\/p>\n","protected":false},"excerpt":{"rendered":"<p>\u00bfQu\u00e9 est\u00e1 tramando el ganador de la V\u00e9lo d&#8217;Or 2022, Remco Evenepoel? Ya ha dicho que su vuelta de tres [&hellip;]<\/p>\n","protected":false},"author":29,"featured_media":9613,"comment_status":"open","ping_status":"open","sticky":false,"template":"","format":"standard","meta":{"footnotes":""},"categories":[7],"tags":[1660],"global-categories":[],"class_list":["post-9610","post","type-post","status-publish","format-standard","has-post-thumbnail","hentry","category-carretera","tag-evenepoel"],"yoast_head":"<!-- This site is optimized with the Yoast SEO Premium plugin v25.3 (Yoast SEO v25.9) - https:\/\/yoast.com\/wordpress\/plugins\/seo\/ -->\n<title>\u00bfComo ser\u00e1 la versi\u00f3n Remco Evenepoel 2023?<\/title>\n<meta name=\"description\" content=\"As\u00ed ser\u00e1 el calendario de Remco Evenepoel en 2023. El Giro es el objetivo principal y despu\u00e9s decidir\u00e1 si acude a La Vuelta o al Tour.\" \/>\n<meta name=\"robots\" content=\"index, follow, max-snippet:-1, max-image-preview:large, max-video-preview:-1\" \/>\n<link rel=\"canonical\" href=\"https:\/\/www.welovecycling.com\/es\/2023\/01\/13\/evenepoel-2023\/\" \/>\n<meta property=\"og:locale\" content=\"es_ES\" \/>\n<meta property=\"og:type\" content=\"article\" \/>\n<meta property=\"og:title\" content=\"\u00bfComo ser\u00e1 la versi\u00f3n Remco Evenepoel 2023?\" \/>\n<meta property=\"og:description\" content=\"As\u00ed ser\u00e1 el calendario de Remco Evenepoel en 2023. El Giro es el objetivo principal y despu\u00e9s decidir\u00e1 si acude a La Vuelta o al Tour.\" \/>\n<meta property=\"og:url\" content=\"https:\/\/www.welovecycling.com\/es\/2023\/01\/13\/evenepoel-2023\/\" \/>\n<meta property=\"og:site_name\" content=\"\u0160koda We Love Cycling - Spain\" \/>\n<meta property=\"article:published_time\" content=\"2023-01-13T18:10:20+00:00\" \/>\n<meta property=\"og:image\" content=\"https:\/\/d2p6e6u75xmxt8.cloudfront.net\/6\/2023\/01\/Remco-Evenepoel-profimedia-0748080787-CVR.webp\" \/>\n\t<meta property=\"og:image:width\" content=\"990\" \/>\n\t<meta property=\"og:image:height\" content=\"660\" \/>\n\t<meta property=\"og:image:type\" content=\"image\/webp\" \/>\n<meta name=\"author\" content=\"We Love Cycling Spain\" \/>\n<meta name=\"twitter:card\" content=\"summary_large_image\" \/>\n<meta name=\"twitter:title\" content=\"As\u00ed ser\u00e1 el calendario de Remco Evenepoel en 2023\" \/>\n<meta name=\"twitter:description\" content=\"As\u00ed ser\u00e1 el calendario de Remco Evenepoel en 2023. El Giro es el objetivo principal y despu\u00e9s decidir\u00e1 si acude a La Vuelta o al Tour.\" \/>\n<meta name=\"twitter:label1\" content=\"Written by\" \/>\n\t<meta name=\"twitter:data1\" content=\"Siegfried Mortkowitz\" \/>\n\t<meta name=\"twitter:label2\" content=\"Est. reading time\" \/>\n\t<meta name=\"twitter:data2\" content=\"5\" \/>\n<script type=\"application\/ld+json\" class=\"yoast-schema-graph\">{\"@context\":\"https:\/\/schema.org\",\"@graph\":[{\"@type\":\"WebPage\",\"@id\":\"https:\/\/www.welovecycling.com\/es\/2023\/01\/13\/evenepoel-2023\/\",\"url\":\"https:\/\/www.welovecycling.com\/es\/2023\/01\/13\/evenepoel-2023\/\",\"name\":\"\u00bfComo ser\u00e1 la versi\u00f3n Remco Evenepoel 2023?\",\"isPartOf\":{\"@id\":\"https:\/\/www.welovecycling.com\/es\/#website\"},\"primaryImageOfPage\":{\"@id\":\"https:\/\/www.welovecycling.com\/es\/2023\/01\/13\/evenepoel-2023\/#primaryimage\"},\"image\":{\"@id\":\"https:\/\/www.welovecycling.com\/es\/2023\/01\/13\/evenepoel-2023\/#primaryimage\"},\"thumbnailUrl\":\"https:\/\/d2p6e6u75xmxt8.cloudfront.net\/6\/2023\/01\/Remco-Evenepoel-profimedia-0748080787-CVR.webp\",\"datePublished\":\"2023-01-13T18:10:20+00:00\",\"author\":{\"@id\":\"https:\/\/www.welovecycling.com\/es\/#\/schema\/person\/deb61715b5812698ee79fb96f343ccd4\"},\"description\":\"As\u00ed ser\u00e1 el calendario de Remco Evenepoel en 2023. El Giro es el objetivo principal y despu\u00e9s decidir\u00e1 si acude a La Vuelta o al Tour.\",\"breadcrumb\":{\"@id\":\"https:\/\/www.welovecycling.com\/es\/2023\/01\/13\/evenepoel-2023\/#breadcrumb\"},\"inLanguage\":\"es-ES\",\"potentialAction\":[{\"@type\":\"ReadAction\",\"target\":[\"https:\/\/www.welovecycling.com\/es\/2023\/01\/13\/evenepoel-2023\/\"]}]},{\"@type\":\"ImageObject\",\"inLanguage\":\"es-ES\",\"@id\":\"https:\/\/www.welovecycling.com\/es\/2023\/01\/13\/evenepoel-2023\/#primaryimage\",\"url\":\"https:\/\/d2p6e6u75xmxt8.cloudfront.net\/6\/2023\/01\/Remco-Evenepoel-profimedia-0748080787-CVR.webp\",\"contentUrl\":\"https:\/\/d2p6e6u75xmxt8.cloudfront.net\/6\/2023\/01\/Remco-Evenepoel-profimedia-0748080787-CVR.webp\",\"width\":990,\"height\":660,\"caption\":\"Remco Evenepoel\"},{\"@type\":\"BreadcrumbList\",\"@id\":\"https:\/\/www.welovecycling.com\/es\/2023\/01\/13\/evenepoel-2023\/#breadcrumb\",\"itemListElement\":[{\"@type\":\"ListItem\",\"position\":1,\"name\":\"Home\",\"item\":\"https:\/\/www.welovecycling.com\/es\/\"},{\"@type\":\"ListItem\",\"position\":2,\"name\":\"\u00bfComo ser\u00e1 la versi\u00f3n Remco Evenepoel 2023?\"}]},{\"@type\":\"WebSite\",\"@id\":\"https:\/\/www.welovecycling.com\/es\/#website\",\"url\":\"https:\/\/www.welovecycling.com\/es\/\",\"name\":\"\u0160koda We Love Cycling - Spain\",\"description\":\"\u0160koda WeLoveCycling Spain\",\"potentialAction\":[{\"@type\":\"SearchAction\",\"target\":{\"@type\":\"EntryPoint\",\"urlTemplate\":\"https:\/\/www.welovecycling.com\/es\/?s={search_term_string}\"},\"query-input\":{\"@type\":\"PropertyValueSpecification\",\"valueRequired\":true,\"valueName\":\"search_term_string\"}}],\"inLanguage\":\"es-ES\"},{\"@type\":\"Person\",\"@id\":\"https:\/\/www.welovecycling.com\/es\/#\/schema\/person\/deb61715b5812698ee79fb96f343ccd4\",\"name\":\"We Love Cycling Spain\",\"image\":{\"@type\":\"ImageObject\",\"inLanguage\":\"es-ES\",\"@id\":\"https:\/\/www.welovecycling.com\/es\/#\/schema\/person\/image\/\",\"url\":\"https:\/\/secure.gravatar.com\/avatar\/c824b04e6df0e37a03219d0b6481672889df542894588964102459e46513159c?s=96&d=mm&r=g\",\"contentUrl\":\"https:\/\/secure.gravatar.com\/avatar\/c824b04e6df0e37a03219d0b6481672889df542894588964102459e46513159c?s=96&d=mm&r=g\",\"caption\":\"We Love Cycling Spain\"},\"url\":\"https:\/\/www.welovecycling.com\/es\/author\/amunoz\/\"}]}<\/script>\n<!-- \/ Yoast SEO Premium plugin. -->","yoast_head_json":{"title":"\u00bfComo ser\u00e1 la versi\u00f3n Remco Evenepoel 2023?","description":"As\u00ed ser\u00e1 el calendario de Remco Evenepoel en 2023. El Giro es el objetivo principal y despu\u00e9s decidir\u00e1 si acude a La Vuelta o al Tour.","robots":{"index":"index","follow":"follow","max-snippet":"max-snippet:-1","max-image-preview":"max-image-preview:large","max-video-preview":"max-video-preview:-1"},"canonical":"https:\/\/www.welovecycling.com\/es\/2023\/01\/13\/evenepoel-2023\/","og_locale":"es_ES","og_type":"article","og_title":"\u00bfComo ser\u00e1 la versi\u00f3n Remco Evenepoel 2023?","og_description":"As\u00ed ser\u00e1 el calendario de Remco Evenepoel en 2023. El Giro es el objetivo principal y despu\u00e9s decidir\u00e1 si acude a La Vuelta o al Tour.","og_url":"https:\/\/www.welovecycling.com\/es\/2023\/01\/13\/evenepoel-2023\/","og_site_name":"\u0160koda We Love Cycling - Spain","article_published_time":"2023-01-13T18:10:20+00:00","og_image":[{"width":990,"height":660,"url":"https:\/\/d2p6e6u75xmxt8.cloudfront.net\/6\/2023\/01\/Remco-Evenepoel-profimedia-0748080787-CVR.webp","type":"image\/webp"}],"author":"We Love Cycling Spain","twitter_card":"summary_large_image","twitter_title":"As\u00ed ser\u00e1 el calendario de Remco Evenepoel en 2023","twitter_description":"As\u00ed ser\u00e1 el calendario de Remco Evenepoel en 2023. El Giro es el objetivo principal y despu\u00e9s decidir\u00e1 si acude a La Vuelta o al Tour.","twitter_misc":{"Written by":"Siegfried Mortkowitz","Est. reading time":"5"},"schema":{"@context":"https:\/\/schema.org","@graph":[{"@type":"WebPage","@id":"https:\/\/www.welovecycling.com\/es\/2023\/01\/13\/evenepoel-2023\/","url":"https:\/\/www.welovecycling.com\/es\/2023\/01\/13\/evenepoel-2023\/","name":"\u00bfComo ser\u00e1 la versi\u00f3n Remco Evenepoel 2023?","isPartOf":{"@id":"https:\/\/www.welovecycling.com\/es\/#website"},"primaryImageOfPage":{"@id":"https:\/\/www.welovecycling.com\/es\/2023\/01\/13\/evenepoel-2023\/#primaryimage"},"image":{"@id":"https:\/\/www.welovecycling.com\/es\/2023\/01\/13\/evenepoel-2023\/#primaryimage"},"thumbnailUrl":"https:\/\/d2p6e6u75xmxt8.cloudfront.net\/6\/2023\/01\/Remco-Evenepoel-profimedia-0748080787-CVR.webp","datePublished":"2023-01-13T18:10:20+00:00","author":{"@id":"https:\/\/www.welovecycling.com\/es\/#\/schema\/person\/deb61715b5812698ee79fb96f343ccd4"},"description":"As\u00ed ser\u00e1 el calendario de Remco Evenepoel en 2023. El Giro es el objetivo principal y despu\u00e9s decidir\u00e1 si acude a La Vuelta o al Tour.","breadcrumb":{"@id":"https:\/\/www.welovecycling.com\/es\/2023\/01\/13\/evenepoel-2023\/#breadcrumb"},"inLanguage":"es-ES","potentialAction":[{"@type":"ReadAction","target":["https:\/\/www.welovecycling.com\/es\/2023\/01\/13\/evenepoel-2023\/"]}]},{"@type":"ImageObject","inLanguage":"es-ES","@id":"https:\/\/www.welovecycling.com\/es\/2023\/01\/13\/evenepoel-2023\/#primaryimage","url":"https:\/\/d2p6e6u75xmxt8.cloudfront.net\/6\/2023\/01\/Remco-Evenepoel-profimedia-0748080787-CVR.webp","contentUrl":"https:\/\/d2p6e6u75xmxt8.cloudfront.net\/6\/2023\/01\/Remco-Evenepoel-profimedia-0748080787-CVR.webp","width":990,"height":660,"caption":"Remco Evenepoel"},{"@type":"BreadcrumbList","@id":"https:\/\/www.welovecycling.com\/es\/2023\/01\/13\/evenepoel-2023\/#breadcrumb","itemListElement":[{"@type":"ListItem","position":1,"name":"Home","item":"https:\/\/www.welovecycling.com\/es\/"},{"@type":"ListItem","position":2,"name":"\u00bfComo ser\u00e1 la versi\u00f3n Remco Evenepoel 2023?"}]},{"@type":"WebSite","@id":"https:\/\/www.welovecycling.com\/es\/#website","url":"https:\/\/www.welovecycling.com\/es\/","name":"\u0160koda We Love Cycling - Spain","description":"\u0160koda WeLoveCycling Spain","potentialAction":[{"@type":"SearchAction","target":{"@type":"EntryPoint","urlTemplate":"https:\/\/www.welovecycling.com\/es\/?s={search_term_string}"},"query-input":{"@type":"PropertyValueSpecification","valueRequired":true,"valueName":"search_term_string"}}],"inLanguage":"es-ES"},{"@type":"Person","@id":"https:\/\/www.welovecycling.com\/es\/#\/schema\/person\/deb61715b5812698ee79fb96f343ccd4","name":"We Love Cycling Spain","image":{"@type":"ImageObject","inLanguage":"es-ES","@id":"https:\/\/www.welovecycling.com\/es\/#\/schema\/person\/image\/","url":"https:\/\/secure.gravatar.com\/avatar\/c824b04e6df0e37a03219d0b6481672889df542894588964102459e46513159c?s=96&d=mm&r=g","contentUrl":"https:\/\/secure.gravatar.com\/avatar\/c824b04e6df0e37a03219d0b6481672889df542894588964102459e46513159c?s=96&d=mm&r=g","caption":"We Love Cycling Spain"},"url":"https:\/\/www.welovecycling.com\/es\/author\/amunoz\/"}]}},"_links":{"self":[{"href":"https:\/\/www.welovecycling.com\/es\/wp-json\/wp\/v2\/posts\/9610","targetHints":{"allow":["GET"]}}],"collection":[{"href":"https:\/\/www.welovecycling.com\/es\/wp-json\/wp\/v2\/posts"}],"about":[{"href":"https:\/\/www.welovecycling.com\/es\/wp-json\/wp\/v2\/types\/post"}],"author":[{"embeddable":true,"href":"https:\/\/www.welovecycling.com\/es\/wp-json\/wp\/v2\/users\/29"}],"replies":[{"embeddable":true,"href":"https:\/\/www.welovecycling.com\/es\/wp-json\/wp\/v2\/comments?post=9610"}],"version-history":[{"count":2,"href":"https:\/\/www.welovecycling.com\/es\/wp-json\/wp\/v2\/posts\/9610\/revisions"}],"predecessor-version":[{"id":9616,"href":"https:\/\/www.welovecycling.com\/es\/wp-json\/wp\/v2\/posts\/9610\/revisions\/9616"}],"wp:featuredmedia":[{"embeddable":true,"href":"https:\/\/www.welovecycling.com\/es\/wp-json\/wp\/v2\/media\/9613"}],"wp:attachment":[{"href":"https:\/\/www.welovecycling.com\/es\/wp-json\/wp\/v2\/media?parent=9610"}],"wp:term":[{"taxonomy":"category","embeddable":true,"href":"https:\/\/www.welovecycling.com\/es\/wp-json\/wp\/v2\/categories?post=9610"},{"taxonomy":"post_tag","embeddable":true,"href":"https:\/\/www.welovecycling.com\/es\/wp-json\/wp\/v2\/tags?post=9610"},{"taxonomy":"global-categories","embeddable":true,"href":"https:\/\/www.welovecycling.com\/es\/wp-json\/wp\/v2\/global-categories?post=9610"}],"curies":[{"name":"wp","href":"https:\/\/api.w.org\/{rel}","templated":true}]}}