{"id":9605,"date":"2023-01-11T11:31:02","date_gmt":"2023-01-11T09:31:02","guid":{"rendered":"https:\/\/www.welovecycling.com\/es\/?p=9605"},"modified":"2023-01-11T11:31:02","modified_gmt":"2023-01-11T09:31:02","slug":"vuelta-2023-tourmalet-angliru-y-larrau","status":"publish","type":"post","link":"https:\/\/www.welovecycling.com\/es\/2023\/01\/11\/vuelta-2023-tourmalet-angliru-y-larrau\/","title":{"rendered":"Vuelta 2023: Tourmalet, Angliru y Larrau"},"content":{"rendered":"<p><strong>Minutos antes de entrar al escenario del Palau de la M\u00fasica de Barcelona a Fernando Escart\u00edn se le iluminan los ojos cuando habla del recorrido de La Vuelta 2023. &#8220;Hay mucha monta\u00f1a y est\u00e1 Tourmalet&#8221;, confirma. &#8220;Y Angliru y Larrau&#8221;. \u00bfY los puertos de paso?, pregunto. &#8220;Duros y terreno complicado&#8221; responde.\u00a0 \u00bfCrono? &#8220;Pues la de por equipos el primer d\u00eda y una m\u00e1s o menos plana y corta en Valladolid&#8221;. \u00bfY para acabar?&#8230; &#8220;Eso es sorpresa&#8221;.<\/strong><\/p>\n<p><!--more--><\/p>\n<p>Despu\u00e9s los compromisos se llevan a <strong>Escart\u00edn<\/strong> de un lado para otro. Es uno de los encargados de dise\u00f1ar cada a\u00f1o las etapas de La Vuelta y la presentaci\u00f3n <a href=\"https:\/\/www.lavuelta.es\/es\/etapa-18\">es un &#8216;d\u00eda grande<\/a>&#8216; en el que se re\u00fanen todos los estamentos del ciclismo. En este 2023 al ser en enero faltan algunos ciclistas en activo, que ya est\u00e1n concentrados de cara a la temporada que arranca en unos d\u00edas en Australia y Argentina. Si acude <strong>Marc Soler<\/strong>, casi como anfitri\u00f3n, y se encarg\u00f3 de contar en el escenario con Perico y Carlos de Andr\u00e9s como ser\u00e1 el primer bloque de carrera, con visita a Andorra con <strong>Ordino<\/strong> y meta en <strong>Arcalis<\/strong> el tercer d\u00eda y final en Javalambre en la quinta etapa.<\/p>\n<p>Despu\u00e9s el escenario es para <a href=\"https:\/\/www.welovecycling.com\/es\/2022\/07\/11\/la-debilidad-de-pogacar\/\"><strong>Enric Mas<\/strong><\/a>, que ya acumula tres segundos puestos en La Vuelta. Acude como l\u00edder absoluto de Movistar, todos los focos para \u00e9l. No fue el Bala, que ya es un cicloturista m\u00e1s, para no restarle relevancia. Al mallorqu\u00edn le toca hablar sobre la etapa de Alicante, por donde estuvo entrenando en el mes de diciembre. Acaba en <strong>Xorret del Cat\u00ed.<\/strong> Tambi\u00e9n el final en <strong>Caravaca de la Cruz<\/strong> y de la crono llana de Valladolid. Record\u00f3 que en la <strong>Laguna Negra en 202<\/strong>0 sufri\u00f3 y no entr\u00f3 con los primeros y que tambi\u00e9n en 2020 estaba previsto acabar en el <strong>Tourmalet<\/strong>, pero no se pudo por el cierre de las autoridades francesas y se recupera en este 2022, previo paso por <strong>Aubisque<\/strong>, donde en el Tour del a\u00f1o pasado fue al ataque y <strong>Spandelles<\/strong>, el puerto en el que se cay\u00f3 Tadej Pogacar. No ser\u00e1 la \u00fanica incursi\u00f3n pirenaica, porque al d\u00eda siguiente tocan <strong>Issarbe, Larrau y Belagu<\/strong>a (la cara espa\u00f1ola de la Pierre de San Martin) y para rematar un circuito con final en Lekumberri y dos pasos por un tercera como Zuarrarrate.<br \/>\n<img loading=\"lazy\" decoding=\"async\" class=\"alignnone size-extra-large\" src=\"https:\/\/img.aso.fr\/core_app\/img-cycling-vue-png\/13\/16188\/0:0,1674:1156-960-0-70\/db2f7\" width=\"960\" height=\"663\" \/><\/p>\n<p>El \u00faltimo bloque le toc\u00f3 comentarlo a <strong>Juanpe L\u00f3pez<\/strong> y si La Vuelta 2023 ya nos parec\u00eda dura, \u00e9l se encarg\u00f3 de darle su toque de gracejo andaluz. Sobre todo por el d\u00eda del <strong>Angliru, con Colladiella y Cordal<\/strong> como paso previ\u00f3. All\u00ed dijo el de Loja en 2020 que no volv\u00eda m\u00e1s y le tocar\u00e1 retornar en 2023 y con p\u00fablico en las cunetas. Antes habr\u00e1 etapa c\u00e1ntabra con final in\u00e9dito en una subida corta pero explosiva en Bejes y despu\u00e9s del Angliru otra cita con la monta\u00f1a asturiana con doble subida y final en el tambi\u00e9n in\u00e9dito <strong>Cruz de Linares<\/strong> (ojo que la bajada es muy peligrosa), pero antes est\u00e1 el selectivo San Lorenzo y el duro Tenebredo. La sorpresa final de la que hablaba Escart\u00edn tambi\u00e9n caus\u00f3 murmullo en el auditorio y cara de &#8216;la que habeis liao&#8217; al corredor de Trek. El pen\u00faltimo d\u00eda se suben 10 terceras en la parte oeste de la <strong>sierra de Guadarrama, con 208 kil\u00f3metros y 4.000 metros de desnivel<\/strong>. &#8220;Casi prefiero una etapa con tres puertos de primera&#8221;, confes\u00f3 Juampe.<\/p>\n<h2><strong>Monta\u00f1a y m\u00e1s monta\u00f1a<\/strong><\/h2>\n<p>Si resumimos La Vuelta 2023 en n\u00fameros y datos nos salen m\u00e1s puertos de fuera de categor\u00eda y de primera categor\u00eda que la media de las \u00faltimas ediciones. De las 21 etapas entre el 26 de agosto (Barcelona) y el 17 de septiembre (Madrid) hay diez finales en alto, de los que siete se pueden considerar etapas de monta\u00f1a. Pero adem\u00e1s hay siete jornadas de media monta\u00f1a, con puerto previo y bajada hasta meta, cinco llanas (cuatro de ellas con posibilidad de viento) y dos contrarrelojes, la inicial por equipos de 15 kil\u00f3metros en la Ciudad Condal y la etapa d\u00e9cima en Valladolid que es individual de 25 kil\u00f3metros con un repecho de salida y el resto totalmente llano.<\/p>\n<p>Siguiendo la tendencia que inici\u00f3 la ronda espa\u00f1ola y que ha seguido el Tour de Francia no caben las etapas de m\u00e1s de 200 kil\u00f3metros, solo se salva la del pen\u00faltimo d\u00eda en Guadarrama, que adquiere el formato de cl\u00e1sica y que busca ser una jornada en la que influyan los equipos y la t\u00e1ctica y donde se pueda romper la carrera por una v\u00eda diferentes a las etapas anteriores. La Cruz Verde como segundo puerto y antepen\u00faltimo. El circuito <strong>La Escondida, Alto de Santa Maria de la Alameda y Robledondo<\/strong> por dos veces, subida final a San Lorenzo del Escorial y ocho kil\u00f3metros planos hasta la meta en Guadarrama. En 2021 una jornada similar en Mos dej\u00f3 a Miguel Angel L\u00f3pez fuera del podio y del Movistar.<br \/>\n<img loading=\"lazy\" decoding=\"async\" class=\"alignnone size-extra-large\" src=\"https:\/\/img.aso.fr\/core_app\/img-cycling-vue-png\/20\/16179\/0:0,2023:1038-960-0-70\/4ddfc\" width=\"960\" height=\"493\" \/><br \/>\nSeguramente<strong> La Vuelta 2023 se decidir\u00e1 en las cuatro jornadas, dos pirenaicas y dos asturianas<\/strong>, con m\u00e1s monta\u00f1a y desnivel acumulado. La carrera llegar\u00e1 el viernes 13 de septiembre a Tourmalet. No lo hace como estaba previsto en 2020, sino que la salida es en Formigal. Solo cuatro kil\u00f3metros de ascensi\u00f3n (ese d\u00eda habr\u00e1 ruido de rodillos en la salida) para bajar el largu\u00edsimo Portalet y enlazar igual que en el Tour 2022 Aubisque, Soulor y Spandelles. Despu\u00e9s quedar\u00e1 el <strong>Tourmalet,<\/strong> que no arranca en Luz Saint Sauver, sino kil\u00f3metros antes. Y con el cansancio acumulado de ese d\u00eda en la jornada siguiente hay dos puertos de paso dur\u00edsimo para romper la carrera. De esos en los que miras el Garmin y siempre est\u00e1 al 10%. <strong>Issarbe y Larrau<\/strong>, muy poco utilizados por el Tour, antes de entrar en Espa\u00f1a por Laza y subir los \u00faltimos kil\u00f3metros de Belagua, la parte sur de la Pierre de Saint Martin<\/p>\n<p><img loading=\"lazy\" decoding=\"async\" class=\"alignnone size-extra-large\" src=\"https:\/\/img.aso.fr\/core_app\/img-cycling-vue-png\/14\/16187\/0:0,1711:1156-960-0-70\/32d7c\" width=\"960\" height=\"649\" \/>La &#8216;transici\u00f3n&#8217; entre el boque pirenaico y asturiano no es llano. El domingo 10 de septiembre la etapa acaba en <strong>Lekumberri<\/strong> despu\u00e9s de subir tres terceras, el \u00faltimo a solo ocho kil\u00f3metros de meta. Y despu\u00e9s del \u00faltimo d\u00eda de descanso la jornada es llana por la costa c\u00e1ntabra, pero se adentra en el desfiladero de la Hermida para finalizar en un puerto duro e in\u00e9dito como Bejes.<\/p>\n<p>El mi\u00e9rcoles 13 de septiembre retorna el <strong>Angliru<\/strong> despu\u00e9s de que en 2020 se subiera en oto\u00f1o y sin p\u00fablico por la pandemia. Vuelve a ser una etapa corta, solo 122 kil\u00f3metros, pero con Colladiella y Cordal (siempre es peligroso el descenso) antes del puerto m\u00e1s duro de Espa\u00f1a. Y sin descanso una jornada m\u00e1s larga, de 180 kil\u00f3metros con pasos previos por <strong>Estacas, San Lorenzo y Tenebredo<\/strong> antes del in\u00e9dito <strong>Cruz de Linares<\/strong> por partida doble, que son 8 kil\u00f3metros al 10%,<\/p>\n<p><img loading=\"lazy\" decoding=\"async\" class=\"alignnone size-extra-large\" src=\"https:\/\/img.aso.fr\/core_app\/img-cycling-vue-png\/17\/16191\/0:0,1737:1156-960-0-70\/ca7a5\" width=\"960\" height=\"639\" \/><br \/>\nEn cuanto a los nombres, pues como siempre La Vuelta deber\u00e1 esperar al devenir de la temporada, que para este 2023 tiene el Mundial en agosto y quince d\u00edas antes del inicio de la ronda espa\u00f1ola. Muchos de los que lleguen a la salida en Barcelona estar\u00e1n pendientes de aprobar los ex\u00e1menes suspendidos antes, sobre todo en el Giro y el Tour. Parece que Roglic la tienen apuntada en la agenda y tambi\u00e9n Enric Mas. Vingegaard y <a href=\"https:\/\/www.welovecycling.com\/es\/2022\/10\/04\/jovenes-ciclistas\/\">Pogacar<\/a> depender\u00e1n del Tour, Remco Evenepoel posiblemente de lo que haga en los Mundiales, igual que Van Aert y Van der Poel. De las bazas espa\u00f1olas estar\u00e1n casi seguro Juan Ayuso y Carlos Rodr\u00edguez.<\/p>\n","protected":false},"excerpt":{"rendered":"<p>Minutos antes de entrar al escenario del Palau de la M\u00fasica de Barcelona a Fernando Escart\u00edn se le iluminan los [&hellip;]<\/p>\n","protected":false},"author":29,"featured_media":9607,"comment_status":"open","ping_status":"open","sticky":false,"template":"","format":"standard","meta":{"footnotes":""},"categories":[7],"tags":[44,2216],"global-categories":[1164],"class_list":["post-9605","post","type-post","status-publish","format-standard","has-post-thumbnail","hentry","category-carretera","tag-la-vuelta","tag-la-vuelta-2023","global-categories-cycling"],"yoast_head":"<!-- This site is optimized with the Yoast SEO Premium plugin v25.3 (Yoast SEO v25.9) - https:\/\/yoast.com\/wordpress\/plugins\/seo\/ -->\n<title>Vuelta 2023: Tourmalet, Angliru y Larrau - \u0160koda We Love Cycling - Spain<\/title>\n<meta name=\"description\" content=\"Vuelta 2023: Tourmalet, Angliru y Larrau. El recorrido de la edici\u00f3n 2023 de La Vuelta que saldr\u00e1 el 26 de agosto de Barcelona\" \/>\n<meta name=\"robots\" content=\"index, follow, max-snippet:-1, max-image-preview:large, max-video-preview:-1\" \/>\n<link rel=\"canonical\" href=\"https:\/\/www.welovecycling.com\/es\/2023\/01\/11\/vuelta-2023-tourmalet-angliru-y-larrau\/\" \/>\n<meta property=\"og:locale\" content=\"es_ES\" \/>\n<meta property=\"og:type\" content=\"article\" \/>\n<meta property=\"og:title\" content=\"Vuelta 2023: Tourmalet, Angliru y Larrau\" \/>\n<meta property=\"og:description\" content=\"Vuelta 2023: Tourmalet, Angliru y Larrau. El recorrido de la edici\u00f3n 2023 de La Vuelta que saldr\u00e1 el 26 de agosto de Barcelona\" \/>\n<meta property=\"og:url\" content=\"https:\/\/www.welovecycling.com\/es\/2023\/01\/11\/vuelta-2023-tourmalet-angliru-y-larrau\/\" \/>\n<meta property=\"og:site_name\" content=\"\u0160koda We Love Cycling - Spain\" \/>\n<meta property=\"article:published_time\" content=\"2023-01-11T09:31:02+00:00\" \/>\n<meta property=\"og:image\" content=\"https:\/\/d2p6e6u75xmxt8.cloudfront.net\/6\/2023\/01\/Lavuelta2023.webp\" \/>\n\t<meta property=\"og:image:width\" content=\"960\" \/>\n\t<meta property=\"og:image:height\" content=\"1200\" \/>\n\t<meta property=\"og:image:type\" content=\"image\/webp\" \/>\n<meta name=\"author\" content=\"We Love Cycling Spain\" \/>\n<meta name=\"twitter:card\" content=\"summary_large_image\" \/>\n<meta name=\"twitter:title\" content=\"Vuelta 2023: Tourmalet, Angliru y Larrau\" \/>\n<meta name=\"twitter:description\" content=\"Vuelta 2023: Tourmalet, Angliru y Larrau. El recorrido de la edici\u00f3n 2023 de La Vuelta que saldr\u00e1 el 26 de agosto de Barcelona\" \/>\n<meta name=\"twitter:label1\" content=\"Written by\" \/>\n\t<meta name=\"twitter:data1\" content=\"Luis Ortega @ciclored\" \/>\n\t<meta name=\"twitter:label2\" content=\"Est. reading time\" \/>\n\t<meta name=\"twitter:data2\" content=\"7 minutes\" \/>\n<script type=\"application\/ld+json\" class=\"yoast-schema-graph\">{\"@context\":\"https:\/\/schema.org\",\"@graph\":[{\"@type\":\"WebPage\",\"@id\":\"https:\/\/www.welovecycling.com\/es\/2023\/01\/11\/vuelta-2023-tourmalet-angliru-y-larrau\/\",\"url\":\"https:\/\/www.welovecycling.com\/es\/2023\/01\/11\/vuelta-2023-tourmalet-angliru-y-larrau\/\",\"name\":\"Vuelta 2023: Tourmalet, Angliru y Larrau - \u0160koda We Love Cycling - Spain\",\"isPartOf\":{\"@id\":\"https:\/\/www.welovecycling.com\/es\/#website\"},\"primaryImageOfPage\":{\"@id\":\"https:\/\/www.welovecycling.com\/es\/2023\/01\/11\/vuelta-2023-tourmalet-angliru-y-larrau\/#primaryimage\"},\"image\":{\"@id\":\"https:\/\/www.welovecycling.com\/es\/2023\/01\/11\/vuelta-2023-tourmalet-angliru-y-larrau\/#primaryimage\"},\"thumbnailUrl\":\"https:\/\/d2p6e6u75xmxt8.cloudfront.net\/6\/2023\/01\/Lavuelta2023.webp\",\"datePublished\":\"2023-01-11T09:31:02+00:00\",\"author\":{\"@id\":\"https:\/\/www.welovecycling.com\/es\/#\/schema\/person\/deb61715b5812698ee79fb96f343ccd4\"},\"description\":\"Vuelta 2023: Tourmalet, Angliru y Larrau. El recorrido de la edici\u00f3n 2023 de La Vuelta que saldr\u00e1 el 26 de agosto de Barcelona\",\"breadcrumb\":{\"@id\":\"https:\/\/www.welovecycling.com\/es\/2023\/01\/11\/vuelta-2023-tourmalet-angliru-y-larrau\/#breadcrumb\"},\"inLanguage\":\"es-ES\",\"potentialAction\":[{\"@type\":\"ReadAction\",\"target\":[\"https:\/\/www.welovecycling.com\/es\/2023\/01\/11\/vuelta-2023-tourmalet-angliru-y-larrau\/\"]}]},{\"@type\":\"ImageObject\",\"inLanguage\":\"es-ES\",\"@id\":\"https:\/\/www.welovecycling.com\/es\/2023\/01\/11\/vuelta-2023-tourmalet-angliru-y-larrau\/#primaryimage\",\"url\":\"https:\/\/d2p6e6u75xmxt8.cloudfront.net\/6\/2023\/01\/Lavuelta2023.webp\",\"contentUrl\":\"https:\/\/d2p6e6u75xmxt8.cloudfront.net\/6\/2023\/01\/Lavuelta2023.webp\",\"width\":960,\"height\":1200},{\"@type\":\"BreadcrumbList\",\"@id\":\"https:\/\/www.welovecycling.com\/es\/2023\/01\/11\/vuelta-2023-tourmalet-angliru-y-larrau\/#breadcrumb\",\"itemListElement\":[{\"@type\":\"ListItem\",\"position\":1,\"name\":\"Home\",\"item\":\"https:\/\/www.welovecycling.com\/es\/\"},{\"@type\":\"ListItem\",\"position\":2,\"name\":\"Vuelta 2023: Tourmalet, Angliru y Larrau\"}]},{\"@type\":\"WebSite\",\"@id\":\"https:\/\/www.welovecycling.com\/es\/#website\",\"url\":\"https:\/\/www.welovecycling.com\/es\/\",\"name\":\"\u0160koda We Love Cycling - Spain\",\"description\":\"\u0160koda WeLoveCycling Spain\",\"potentialAction\":[{\"@type\":\"SearchAction\",\"target\":{\"@type\":\"EntryPoint\",\"urlTemplate\":\"https:\/\/www.welovecycling.com\/es\/?s={search_term_string}\"},\"query-input\":{\"@type\":\"PropertyValueSpecification\",\"valueRequired\":true,\"valueName\":\"search_term_string\"}}],\"inLanguage\":\"es-ES\"},{\"@type\":\"Person\",\"@id\":\"https:\/\/www.welovecycling.com\/es\/#\/schema\/person\/deb61715b5812698ee79fb96f343ccd4\",\"name\":\"We Love Cycling Spain\",\"image\":{\"@type\":\"ImageObject\",\"inLanguage\":\"es-ES\",\"@id\":\"https:\/\/www.welovecycling.com\/es\/#\/schema\/person\/image\/\",\"url\":\"https:\/\/secure.gravatar.com\/avatar\/c824b04e6df0e37a03219d0b6481672889df542894588964102459e46513159c?s=96&d=mm&r=g\",\"contentUrl\":\"https:\/\/secure.gravatar.com\/avatar\/c824b04e6df0e37a03219d0b6481672889df542894588964102459e46513159c?s=96&d=mm&r=g\",\"caption\":\"We Love Cycling Spain\"},\"url\":\"https:\/\/www.welovecycling.com\/es\/author\/amunoz\/\"}]}<\/script>\n<!-- \/ Yoast SEO Premium plugin. -->","yoast_head_json":{"title":"Vuelta 2023: Tourmalet, Angliru y Larrau - \u0160koda We Love Cycling - Spain","description":"Vuelta 2023: Tourmalet, Angliru y Larrau. El recorrido de la edici\u00f3n 2023 de La Vuelta que saldr\u00e1 el 26 de agosto de Barcelona","robots":{"index":"index","follow":"follow","max-snippet":"max-snippet:-1","max-image-preview":"max-image-preview:large","max-video-preview":"max-video-preview:-1"},"canonical":"https:\/\/www.welovecycling.com\/es\/2023\/01\/11\/vuelta-2023-tourmalet-angliru-y-larrau\/","og_locale":"es_ES","og_type":"article","og_title":"Vuelta 2023: Tourmalet, Angliru y Larrau","og_description":"Vuelta 2023: Tourmalet, Angliru y Larrau. El recorrido de la edici\u00f3n 2023 de La Vuelta que saldr\u00e1 el 26 de agosto de Barcelona","og_url":"https:\/\/www.welovecycling.com\/es\/2023\/01\/11\/vuelta-2023-tourmalet-angliru-y-larrau\/","og_site_name":"\u0160koda We Love Cycling - Spain","article_published_time":"2023-01-11T09:31:02+00:00","og_image":[{"width":960,"height":1200,"url":"https:\/\/d2p6e6u75xmxt8.cloudfront.net\/6\/2023\/01\/Lavuelta2023.webp","type":"image\/webp"}],"author":"We Love Cycling Spain","twitter_card":"summary_large_image","twitter_title":"Vuelta 2023: Tourmalet, Angliru y Larrau","twitter_description":"Vuelta 2023: Tourmalet, Angliru y Larrau. El recorrido de la edici\u00f3n 2023 de La Vuelta que saldr\u00e1 el 26 de agosto de Barcelona","twitter_misc":{"Written by":"Luis Ortega @ciclored","Est. reading time":"7 minutes"},"schema":{"@context":"https:\/\/schema.org","@graph":[{"@type":"WebPage","@id":"https:\/\/www.welovecycling.com\/es\/2023\/01\/11\/vuelta-2023-tourmalet-angliru-y-larrau\/","url":"https:\/\/www.welovecycling.com\/es\/2023\/01\/11\/vuelta-2023-tourmalet-angliru-y-larrau\/","name":"Vuelta 2023: Tourmalet, Angliru y Larrau - \u0160koda We Love Cycling - Spain","isPartOf":{"@id":"https:\/\/www.welovecycling.com\/es\/#website"},"primaryImageOfPage":{"@id":"https:\/\/www.welovecycling.com\/es\/2023\/01\/11\/vuelta-2023-tourmalet-angliru-y-larrau\/#primaryimage"},"image":{"@id":"https:\/\/www.welovecycling.com\/es\/2023\/01\/11\/vuelta-2023-tourmalet-angliru-y-larrau\/#primaryimage"},"thumbnailUrl":"https:\/\/d2p6e6u75xmxt8.cloudfront.net\/6\/2023\/01\/Lavuelta2023.webp","datePublished":"2023-01-11T09:31:02+00:00","author":{"@id":"https:\/\/www.welovecycling.com\/es\/#\/schema\/person\/deb61715b5812698ee79fb96f343ccd4"},"description":"Vuelta 2023: Tourmalet, Angliru y Larrau. El recorrido de la edici\u00f3n 2023 de La Vuelta que saldr\u00e1 el 26 de agosto de Barcelona","breadcrumb":{"@id":"https:\/\/www.welovecycling.com\/es\/2023\/01\/11\/vuelta-2023-tourmalet-angliru-y-larrau\/#breadcrumb"},"inLanguage":"es-ES","potentialAction":[{"@type":"ReadAction","target":["https:\/\/www.welovecycling.com\/es\/2023\/01\/11\/vuelta-2023-tourmalet-angliru-y-larrau\/"]}]},{"@type":"ImageObject","inLanguage":"es-ES","@id":"https:\/\/www.welovecycling.com\/es\/2023\/01\/11\/vuelta-2023-tourmalet-angliru-y-larrau\/#primaryimage","url":"https:\/\/d2p6e6u75xmxt8.cloudfront.net\/6\/2023\/01\/Lavuelta2023.webp","contentUrl":"https:\/\/d2p6e6u75xmxt8.cloudfront.net\/6\/2023\/01\/Lavuelta2023.webp","width":960,"height":1200},{"@type":"BreadcrumbList","@id":"https:\/\/www.welovecycling.com\/es\/2023\/01\/11\/vuelta-2023-tourmalet-angliru-y-larrau\/#breadcrumb","itemListElement":[{"@type":"ListItem","position":1,"name":"Home","item":"https:\/\/www.welovecycling.com\/es\/"},{"@type":"ListItem","position":2,"name":"Vuelta 2023: Tourmalet, Angliru y Larrau"}]},{"@type":"WebSite","@id":"https:\/\/www.welovecycling.com\/es\/#website","url":"https:\/\/www.welovecycling.com\/es\/","name":"\u0160koda We Love Cycling - Spain","description":"\u0160koda WeLoveCycling Spain","potentialAction":[{"@type":"SearchAction","target":{"@type":"EntryPoint","urlTemplate":"https:\/\/www.welovecycling.com\/es\/?s={search_term_string}"},"query-input":{"@type":"PropertyValueSpecification","valueRequired":true,"valueName":"search_term_string"}}],"inLanguage":"es-ES"},{"@type":"Person","@id":"https:\/\/www.welovecycling.com\/es\/#\/schema\/person\/deb61715b5812698ee79fb96f343ccd4","name":"We Love Cycling Spain","image":{"@type":"ImageObject","inLanguage":"es-ES","@id":"https:\/\/www.welovecycling.com\/es\/#\/schema\/person\/image\/","url":"https:\/\/secure.gravatar.com\/avatar\/c824b04e6df0e37a03219d0b6481672889df542894588964102459e46513159c?s=96&d=mm&r=g","contentUrl":"https:\/\/secure.gravatar.com\/avatar\/c824b04e6df0e37a03219d0b6481672889df542894588964102459e46513159c?s=96&d=mm&r=g","caption":"We Love Cycling Spain"},"url":"https:\/\/www.welovecycling.com\/es\/author\/amunoz\/"}]}},"_links":{"self":[{"href":"https:\/\/www.welovecycling.com\/es\/wp-json\/wp\/v2\/posts\/9605","targetHints":{"allow":["GET"]}}],"collection":[{"href":"https:\/\/www.welovecycling.com\/es\/wp-json\/wp\/v2\/posts"}],"about":[{"href":"https:\/\/www.welovecycling.com\/es\/wp-json\/wp\/v2\/types\/post"}],"author":[{"embeddable":true,"href":"https:\/\/www.welovecycling.com\/es\/wp-json\/wp\/v2\/users\/29"}],"replies":[{"embeddable":true,"href":"https:\/\/www.welovecycling.com\/es\/wp-json\/wp\/v2\/comments?post=9605"}],"version-history":[{"count":2,"href":"https:\/\/www.welovecycling.com\/es\/wp-json\/wp\/v2\/posts\/9605\/revisions"}],"predecessor-version":[{"id":9608,"href":"https:\/\/www.welovecycling.com\/es\/wp-json\/wp\/v2\/posts\/9605\/revisions\/9608"}],"wp:featuredmedia":[{"embeddable":true,"href":"https:\/\/www.welovecycling.com\/es\/wp-json\/wp\/v2\/media\/9607"}],"wp:attachment":[{"href":"https:\/\/www.welovecycling.com\/es\/wp-json\/wp\/v2\/media?parent=9605"}],"wp:term":[{"taxonomy":"category","embeddable":true,"href":"https:\/\/www.welovecycling.com\/es\/wp-json\/wp\/v2\/categories?post=9605"},{"taxonomy":"post_tag","embeddable":true,"href":"https:\/\/www.welovecycling.com\/es\/wp-json\/wp\/v2\/tags?post=9605"},{"taxonomy":"global-categories","embeddable":true,"href":"https:\/\/www.welovecycling.com\/es\/wp-json\/wp\/v2\/global-categories?post=9605"}],"curies":[{"name":"wp","href":"https:\/\/api.w.org\/{rel}","templated":true}]}}