{"id":9600,"date":"2023-01-09T10:54:43","date_gmt":"2023-01-09T08:54:43","guid":{"rendered":"https:\/\/www.welovecycling.com\/es\/?p=9600"},"modified":"2023-01-09T10:54:43","modified_gmt":"2023-01-09T08:54:43","slug":"la-vega-por-donde-se-escapan-los-ciclistas-de-madrid","status":"publish","type":"post","link":"https:\/\/www.welovecycling.com\/es\/2023\/01\/09\/la-vega-por-donde-se-escapan-los-ciclistas-de-madrid\/","title":{"rendered":"La Vega, por donde se &#8216;escapan&#8217; los ciclistas de Madrid"},"content":{"rendered":"<p><strong>Vivir en Madrid y ser ciclista no es sencillo. Si adem\u00e1s tienes la residencia dentro de la M-30 el asunto se complica todav\u00eda m\u00e1s. Sem\u00e1foros, cruces, tr\u00e1fico&#8230; entrenar una hora puede suponer m\u00e1s de dos horas encima de la bici. Una de las grandes v\u00edas de escape de los ciclistas del sur de Madrid, no solo de la capital, sino tambi\u00e9n de Getafe, Legan\u00e9s o Fuenlabrada, es la Vega, el territorio por donde se form\u00f3 como ciclista Alberto Contador.\u00a0<\/strong><\/p>\n<p><!--more--><\/p>\n<p>El de Pinto, pese a que su ciudad est\u00e1 en el extrarradio de Madrid, tambi\u00e9n necesitaba carreteras libres de un tr\u00e1fico intenso y de parones para entrenar. En sus primeros a\u00f1os como ciclista sigui\u00f3 viviendo en su ciudad natal (ahora como ex-corredor tambi\u00e9n) y aprovechaba las suaves colinas de La Vega para coger la forma (lo de nacer en un lugar de alta monta\u00f1a para ser un buen escalador nunca ha sido relevante) e incluso ganar el <a href=\"https:\/\/www.welovecycling.com\/es\/2018\/02\/22\/el-sueno-de-alberto-contador\/\">Tour 2007<\/a> cuando nadie se lo esperaba.<\/p>\n<h2><strong>Colinas suaves y viento para la bici de carretera<\/strong><\/h2>\n<p>Para situarnos. La Vega se conoce as\u00ed porque est\u00e1 surcada por dos r\u00edos, el<strong> Jarama y el Taju\u00f1a,<\/strong> que van a desembocar el <strong>Tajo<\/strong>. El triangulo que forman deja una regi\u00f3n que siempre ha estado repleta de huertas y cultivos aprovechando la humedad fluvial. Tiene una zona totalmente plana pegada a los r\u00edos y otra de suaves colinas en las que no es complicado sumar 1.000 metros de desnivel a poco que la etapa se vaya por encima de los 130 kil\u00f3metros.<\/p>\n<p>La mayor parte de los ciclistas accede a ella por encima de algunos de los puentes que atraviesan la A-4, carretera de Andaluc\u00eda. La zona de la Vega se sit\u00faa entre este eje, el de la A-3, carretera de Valencia y el sur que linda con la provincia de Toledo por Aranjuez. En el interior, kil\u00f3metros de v\u00edas que van perdiendo tr\u00e1fico cuanto m\u00e1s vamos hacia el este y escapamos de Madrid Central.<\/p>\n<figure style=\"width: 1500px\" class=\"wp-caption alignnone\"><img loading=\"lazy\" decoding=\"async\" src=\"https:\/\/turismomadrid.es\/images\/Contenido\/descubre\/colmenaroreja\/F15.jpg\" alt=\"\" width=\"1500\" height=\"1000\" \/><figcaption class=\"wp-caption-text\"><em>La plaza de Colmenar de Oreja, parada &#8216;ciclista&#8217; obligatoria.<\/em><\/figcaption><\/figure>\n<p>La forma m\u00e1s sencilla de llegar es el <strong>carril bici sur que pasa por La Mara\u00f1osa<\/strong>, un repecho de poco m\u00e1s de tres kil\u00f3metros, y que est\u00e1 totalmente separado, tanto de subida como de bajada. Si vienes desde el norte desemboca en San Martin de La Vega, que suele ser el punto de &#8216;uni\u00f3n&#8217; de los millares de ciclistas que salen cada fin de semana a entrenar por la zona.<\/p>\n<p>A partir de ah\u00ed se puede elegir. Lo m\u00e1s llano es buscar la zona sur hasta Aranjuez, Titulcia y Ciempozuelos y sus vegas fluviales. Si quieres repechos de cuatro o cinco kil\u00f3metros sin grades desniveles puedes optar por los alrededores de <a href=\"https:\/\/www.ciudad-chinchon.com\/turismo\/index.php\">Chinch\u00f3n<\/a> (un lugar perfecto para hacer una parada en su plaza hist\u00f3rica), de Colmenar de Oreja, de Morata de Taju\u00f1a, de Villaconejos o de Valdelaguna. Incluso puedes encontrar tramos de adoquines en el interior de Aranjuez (muy cerca del Palacio Real) y de<strong> Colmenar de Oreja (en subida, como Oude Kwaremont)<\/strong>.<\/p>\n<h2><strong>Carreras, cicloturistas&#8230;<\/strong><\/h2>\n<p>Una de las formas perfectas para conocer las carreteras por donde se form\u00f3 Alberto Contador era participar en la marcha que lleva su nombre. En las primeras ediciones <a href=\"https:\/\/fundacionalbertocontador.org\/exito-de-una-primera-edicion-de-la-marcha-alberto-contador-tras-la-que-el-ciclista-confirma-su-participacion-en-el-tour-de-francia\/\">(arranc\u00f3 en 2011)<\/a> empezaba y acababa en Pinto y recorr\u00eda toda La Vega en un circuito de dos bucles y unos 150 kil\u00f3metros, que acababan sumando cerca de 2.000 metros de desnivel y que en alguna edici\u00f3n incluso incluyeron tramos de sterrato.<\/p>\n<blockquote class=\"instagram-media\" style=\"background: #FFF; border: 0; border-radius: 3px; box-shadow: 0 0 1px 0 rgba(0,0,0,0.5),0 1px 10px 0 rgba(0,0,0,0.15); margin: 1px; max-width: 540px; min-width: 326px; padding: 0; width: calc(100% - 2px);\" data-instgrm-captioned=\"\" data-instgrm-permalink=\"https:\/\/www.instagram.com\/tv\/Cgg_CNCDOVu\/?utm_source=ig_embed&amp;utm_campaign=loading\" data-instgrm-version=\"14\">\n<div style=\"padding: 16px;\">\n<p>&nbsp;<\/p>\n<div style=\"display: flex; flex-direction: row; align-items: center;\">\n<div style=\"background-color: #f4f4f4; border-radius: 50%; flex-grow: 0; height: 40px; margin-right: 14px; width: 40px;\"><\/div>\n<div style=\"display: flex; flex-direction: column; flex-grow: 1; justify-content: center;\">\n<div style=\"background-color: #f4f4f4; border-radius: 4px; flex-grow: 0; height: 14px; margin-bottom: 6px; width: 100px;\"><\/div>\n<div style=\"background-color: #f4f4f4; border-radius: 4px; flex-grow: 0; height: 14px; width: 60px;\"><\/div>\n<\/div>\n<\/div>\n<div style=\"padding: 19% 0;\"><\/div>\n<div style=\"display: block; height: 50px; margin: 0 auto 12px; width: 50px;\"><\/div>\n<div style=\"padding-top: 8px;\">\n<div style=\"color: #3897f0; font-family: Arial,sans-serif; font-size: 14px; font-style: normal; font-weight: 550; line-height: 18px;\">Ver esta publicaci\u00f3n en Instagram<\/div>\n<\/div>\n<div style=\"padding: 12.5% 0;\"><\/div>\n<div style=\"display: flex; flex-direction: row; margin-bottom: 14px; align-items: center;\">\n<div>\n<div style=\"background-color: #f4f4f4; border-radius: 50%; height: 12.5px; width: 12.5px; transform: translateX(0px) translateY(7px);\"><\/div>\n<div style=\"background-color: #f4f4f4; height: 12.5px; transform: rotate(-45deg) translateX(3px) translateY(1px); width: 12.5px; flex-grow: 0; margin-right: 14px; margin-left: 2px;\"><\/div>\n<div style=\"background-color: #f4f4f4; border-radius: 50%; height: 12.5px; width: 12.5px; transform: translateX(9px) translateY(-18px);\"><\/div>\n<\/div>\n<div style=\"margin-left: 8px;\">\n<div style=\"background-color: #f4f4f4; border-radius: 50%; flex-grow: 0; height: 20px; width: 20px;\"><\/div>\n<div style=\"width: 0; height: 0; border-top: 2px solid transparent; border-left: 6px solid #f4f4f4; border-bottom: 2px solid transparent; transform: translateX(16px) translateY(-4px) rotate(30deg);\"><\/div>\n<\/div>\n<div style=\"margin-left: auto;\">\n<div style=\"width: 0px; border-top: 8px solid #F4F4F4; border-right: 8px solid transparent; transform: translateY(16px);\"><\/div>\n<div style=\"background-color: #f4f4f4; flex-grow: 0; height: 12px; width: 16px; transform: translateY(-4px);\"><\/div>\n<div style=\"width: 0; height: 0; border-top: 8px solid #F4F4F4; border-left: 8px solid transparent; transform: translateY(-4px) translateX(8px);\"><\/div>\n<\/div>\n<\/div>\n<div style=\"display: flex; flex-direction: column; flex-grow: 1; justify-content: center; margin-bottom: 24px;\">\n<div style=\"background-color: #f4f4f4; border-radius: 4px; flex-grow: 0; height: 14px; margin-bottom: 6px; width: 224px;\"><\/div>\n<div style=\"background-color: #f4f4f4; border-radius: 4px; flex-grow: 0; height: 14px; width: 144px;\"><\/div>\n<\/div>\n<p>&nbsp;<\/p>\n<p style=\"color: #c9c8cd; font-family: Arial,sans-serif; font-size: 14px; line-height: 17px; margin-bottom: 0; margin-top: 8px; overflow: hidden; padding: 8px 0 7px; text-align: center; text-overflow: ellipsis; white-space: nowrap;\"><a style=\"color: #c9c8cd; font-family: Arial,sans-serif; font-size: 14px; font-style: normal; font-weight: normal; line-height: 17px; text-decoration: none;\" href=\"https:\/\/www.instagram.com\/tv\/Cgg_CNCDOVu\/?utm_source=ig_embed&amp;utm_campaign=loading\" target=\"_blank\" rel=\"noopener\">Una publicaci\u00f3n compartida de Alberto Contador (@acontadoroficial)<\/a><\/p>\n<\/div>\n<\/blockquote>\n<p><script async src=\"\/\/www.instagram.com\/embed.js\"><\/script><\/p>\n<p>Desde que Alberto Contador traslad\u00f3 la marcha a otros lugares, Cuenca, Santander, Extremadura y ahora Oliva, la zona se ha quedado &#8216;hu\u00e9rfana&#8217; de eventos cicloturistas. Solo un intento posterior, la Gran Fondo Ib\u00e9rica, volvi\u00f3 a recorrer las carreteras de La Vega en forma de cicloturista. Su \u00faltima edici\u00f3n se celebr\u00f3 en 2019.<\/p>\n<p>Todav\u00eda queda alguna carrera m\u00e1ster (veteranos), como la que organiza el <a href=\"https:\/\/fmciclismo.com\/index.php\/es\/smartweb\/seccion\/seccion\/madrid\/Calendario\">CC Fuenlabrada<\/a> o los &#8216;Pavos&#8217; de Ciempozuelos y Fuenlabrada o las incursiones de la Vuelta a Madrid sub-23.<\/p>\n<p>Una opci\u00f3n muy aconsejable es echar mano de las rutas que propone la web <a href=\"http:\/\/www.ciclamadrid.es\/ciclamadrid\/tours.html\">Ciclamadrid<\/a>. No son solo de bici de carretera, sino que incluye MTB y muchas de ellas tambi\u00e9n son perfectas para gravel. Aportan informaci\u00f3n tur\u00edstica sobre todos los pueblos de La Vega.<\/p>\n","protected":false},"excerpt":{"rendered":"<p>Vivir en Madrid y ser ciclista no es sencillo. Si adem\u00e1s tienes la residencia dentro de la M-30 el asunto [&hellip;]<\/p>\n","protected":false},"author":29,"featured_media":9602,"comment_status":"open","ping_status":"open","sticky":false,"template":"","format":"standard","meta":{"footnotes":""},"categories":[7,9],"tags":[],"global-categories":[1164],"class_list":["post-9600","post","type-post","status-publish","format-standard","has-post-thumbnail","hentry","category-carretera","category-mtb-aventura","global-categories-cycling"],"yoast_head":"<!-- This site is optimized with the Yoast SEO Premium plugin v25.3 (Yoast SEO v25.9) - https:\/\/yoast.com\/wordpress\/plugins\/seo\/ -->\n<title>La Vega, por donde se &#039;escapan&#039; los ciclistas de Madrid - \u0160koda We Love Cycling - Spain<\/title>\n<meta name=\"description\" content=\"La Vega, por donde se &#039;escapan&#039; los ciclistas de Madrid. Las carreteras del sur de Madrid que vieron nacer a Alberto Contador\" \/>\n<meta name=\"robots\" content=\"index, follow, max-snippet:-1, max-image-preview:large, max-video-preview:-1\" \/>\n<link rel=\"canonical\" href=\"https:\/\/www.welovecycling.com\/es\/2023\/01\/09\/la-vega-por-donde-se-escapan-los-ciclistas-de-madrid\/\" \/>\n<meta property=\"og:locale\" content=\"es_ES\" \/>\n<meta property=\"og:type\" content=\"article\" \/>\n<meta property=\"og:title\" content=\"La Vega, por donde se &#039;escapan&#039; los ciclistas de Madrid\" \/>\n<meta property=\"og:description\" content=\"La Vega, por donde se &#039;escapan&#039; los ciclistas de Madrid. Las carreteras del sur de Madrid que vieron nacer a Alberto Contador\" \/>\n<meta property=\"og:url\" content=\"https:\/\/www.welovecycling.com\/es\/2023\/01\/09\/la-vega-por-donde-se-escapan-los-ciclistas-de-madrid\/\" \/>\n<meta property=\"og:site_name\" content=\"\u0160koda We Love Cycling - Spain\" \/>\n<meta property=\"article:published_time\" content=\"2023-01-09T08:54:43+00:00\" \/>\n<meta property=\"og:image\" content=\"https:\/\/d2p6e6u75xmxt8.cloudfront.net\/6\/2023\/01\/La-Vega.webp\" \/>\n\t<meta property=\"og:image:width\" content=\"1280\" \/>\n\t<meta property=\"og:image:height\" content=\"644\" \/>\n\t<meta property=\"og:image:type\" content=\"image\/webp\" \/>\n<meta name=\"author\" content=\"We Love Cycling Spain\" \/>\n<meta name=\"twitter:card\" content=\"summary_large_image\" \/>\n<meta name=\"twitter:title\" content=\"La Vega, por donde se &#039;escapan&#039; los ciclistas de Madrid.\" \/>\n<meta name=\"twitter:description\" content=\"La Vega, por donde se &#039;escapan&#039; los ciclistas de Madrid. Las carreteras del sur de Madrid que vieron nacer a Alberto Contador\" \/>\n<meta name=\"twitter:label1\" content=\"Written by\" \/>\n\t<meta name=\"twitter:data1\" content=\"Luis Ortega @ciclored\" \/>\n\t<meta name=\"twitter:label2\" content=\"Est. reading time\" \/>\n\t<meta name=\"twitter:data2\" content=\"4 minutes\" \/>\n<script type=\"application\/ld+json\" class=\"yoast-schema-graph\">{\"@context\":\"https:\/\/schema.org\",\"@graph\":[{\"@type\":\"WebPage\",\"@id\":\"https:\/\/www.welovecycling.com\/es\/2023\/01\/09\/la-vega-por-donde-se-escapan-los-ciclistas-de-madrid\/\",\"url\":\"https:\/\/www.welovecycling.com\/es\/2023\/01\/09\/la-vega-por-donde-se-escapan-los-ciclistas-de-madrid\/\",\"name\":\"La Vega, por donde se 'escapan' los ciclistas de Madrid - \u0160koda We Love Cycling - Spain\",\"isPartOf\":{\"@id\":\"https:\/\/www.welovecycling.com\/es\/#website\"},\"primaryImageOfPage\":{\"@id\":\"https:\/\/www.welovecycling.com\/es\/2023\/01\/09\/la-vega-por-donde-se-escapan-los-ciclistas-de-madrid\/#primaryimage\"},\"image\":{\"@id\":\"https:\/\/www.welovecycling.com\/es\/2023\/01\/09\/la-vega-por-donde-se-escapan-los-ciclistas-de-madrid\/#primaryimage\"},\"thumbnailUrl\":\"https:\/\/d2p6e6u75xmxt8.cloudfront.net\/6\/2023\/01\/La-Vega.webp\",\"datePublished\":\"2023-01-09T08:54:43+00:00\",\"author\":{\"@id\":\"https:\/\/www.welovecycling.com\/es\/#\/schema\/person\/deb61715b5812698ee79fb96f343ccd4\"},\"description\":\"La Vega, por donde se 'escapan' los ciclistas de Madrid. Las carreteras del sur de Madrid que vieron nacer a Alberto Contador\",\"breadcrumb\":{\"@id\":\"https:\/\/www.welovecycling.com\/es\/2023\/01\/09\/la-vega-por-donde-se-escapan-los-ciclistas-de-madrid\/#breadcrumb\"},\"inLanguage\":\"es-ES\",\"potentialAction\":[{\"@type\":\"ReadAction\",\"target\":[\"https:\/\/www.welovecycling.com\/es\/2023\/01\/09\/la-vega-por-donde-se-escapan-los-ciclistas-de-madrid\/\"]}]},{\"@type\":\"ImageObject\",\"inLanguage\":\"es-ES\",\"@id\":\"https:\/\/www.welovecycling.com\/es\/2023\/01\/09\/la-vega-por-donde-se-escapan-los-ciclistas-de-madrid\/#primaryimage\",\"url\":\"https:\/\/d2p6e6u75xmxt8.cloudfront.net\/6\/2023\/01\/La-Vega.webp\",\"contentUrl\":\"https:\/\/d2p6e6u75xmxt8.cloudfront.net\/6\/2023\/01\/La-Vega.webp\",\"width\":1280,\"height\":644},{\"@type\":\"BreadcrumbList\",\"@id\":\"https:\/\/www.welovecycling.com\/es\/2023\/01\/09\/la-vega-por-donde-se-escapan-los-ciclistas-de-madrid\/#breadcrumb\",\"itemListElement\":[{\"@type\":\"ListItem\",\"position\":1,\"name\":\"Home\",\"item\":\"https:\/\/www.welovecycling.com\/es\/\"},{\"@type\":\"ListItem\",\"position\":2,\"name\":\"La Vega, por donde se &#8216;escapan&#8217; los ciclistas de Madrid\"}]},{\"@type\":\"WebSite\",\"@id\":\"https:\/\/www.welovecycling.com\/es\/#website\",\"url\":\"https:\/\/www.welovecycling.com\/es\/\",\"name\":\"\u0160koda We Love Cycling - Spain\",\"description\":\"\u0160koda WeLoveCycling Spain\",\"potentialAction\":[{\"@type\":\"SearchAction\",\"target\":{\"@type\":\"EntryPoint\",\"urlTemplate\":\"https:\/\/www.welovecycling.com\/es\/?s={search_term_string}\"},\"query-input\":{\"@type\":\"PropertyValueSpecification\",\"valueRequired\":true,\"valueName\":\"search_term_string\"}}],\"inLanguage\":\"es-ES\"},{\"@type\":\"Person\",\"@id\":\"https:\/\/www.welovecycling.com\/es\/#\/schema\/person\/deb61715b5812698ee79fb96f343ccd4\",\"name\":\"We Love Cycling Spain\",\"image\":{\"@type\":\"ImageObject\",\"inLanguage\":\"es-ES\",\"@id\":\"https:\/\/www.welovecycling.com\/es\/#\/schema\/person\/image\/\",\"url\":\"https:\/\/secure.gravatar.com\/avatar\/c824b04e6df0e37a03219d0b6481672889df542894588964102459e46513159c?s=96&d=mm&r=g\",\"contentUrl\":\"https:\/\/secure.gravatar.com\/avatar\/c824b04e6df0e37a03219d0b6481672889df542894588964102459e46513159c?s=96&d=mm&r=g\",\"caption\":\"We Love Cycling Spain\"},\"url\":\"https:\/\/www.welovecycling.com\/es\/author\/amunoz\/\"}]}<\/script>\n<!-- \/ Yoast SEO Premium plugin. -->","yoast_head_json":{"title":"La Vega, por donde se 'escapan' los ciclistas de Madrid - \u0160koda We Love Cycling - Spain","description":"La Vega, por donde se 'escapan' los ciclistas de Madrid. Las carreteras del sur de Madrid que vieron nacer a Alberto Contador","robots":{"index":"index","follow":"follow","max-snippet":"max-snippet:-1","max-image-preview":"max-image-preview:large","max-video-preview":"max-video-preview:-1"},"canonical":"https:\/\/www.welovecycling.com\/es\/2023\/01\/09\/la-vega-por-donde-se-escapan-los-ciclistas-de-madrid\/","og_locale":"es_ES","og_type":"article","og_title":"La Vega, por donde se 'escapan' los ciclistas de Madrid","og_description":"La Vega, por donde se 'escapan' los ciclistas de Madrid. Las carreteras del sur de Madrid que vieron nacer a Alberto Contador","og_url":"https:\/\/www.welovecycling.com\/es\/2023\/01\/09\/la-vega-por-donde-se-escapan-los-ciclistas-de-madrid\/","og_site_name":"\u0160koda We Love Cycling - Spain","article_published_time":"2023-01-09T08:54:43+00:00","og_image":[{"width":1280,"height":644,"url":"https:\/\/d2p6e6u75xmxt8.cloudfront.net\/6\/2023\/01\/La-Vega.webp","type":"image\/webp"}],"author":"We Love Cycling Spain","twitter_card":"summary_large_image","twitter_title":"La Vega, por donde se 'escapan' los ciclistas de Madrid.","twitter_description":"La Vega, por donde se 'escapan' los ciclistas de Madrid. Las carreteras del sur de Madrid que vieron nacer a Alberto Contador","twitter_misc":{"Written by":"Luis Ortega @ciclored","Est. reading time":"4 minutes"},"schema":{"@context":"https:\/\/schema.org","@graph":[{"@type":"WebPage","@id":"https:\/\/www.welovecycling.com\/es\/2023\/01\/09\/la-vega-por-donde-se-escapan-los-ciclistas-de-madrid\/","url":"https:\/\/www.welovecycling.com\/es\/2023\/01\/09\/la-vega-por-donde-se-escapan-los-ciclistas-de-madrid\/","name":"La Vega, por donde se 'escapan' los ciclistas de Madrid - \u0160koda We Love Cycling - Spain","isPartOf":{"@id":"https:\/\/www.welovecycling.com\/es\/#website"},"primaryImageOfPage":{"@id":"https:\/\/www.welovecycling.com\/es\/2023\/01\/09\/la-vega-por-donde-se-escapan-los-ciclistas-de-madrid\/#primaryimage"},"image":{"@id":"https:\/\/www.welovecycling.com\/es\/2023\/01\/09\/la-vega-por-donde-se-escapan-los-ciclistas-de-madrid\/#primaryimage"},"thumbnailUrl":"https:\/\/d2p6e6u75xmxt8.cloudfront.net\/6\/2023\/01\/La-Vega.webp","datePublished":"2023-01-09T08:54:43+00:00","author":{"@id":"https:\/\/www.welovecycling.com\/es\/#\/schema\/person\/deb61715b5812698ee79fb96f343ccd4"},"description":"La Vega, por donde se 'escapan' los ciclistas de Madrid. Las carreteras del sur de Madrid que vieron nacer a Alberto Contador","breadcrumb":{"@id":"https:\/\/www.welovecycling.com\/es\/2023\/01\/09\/la-vega-por-donde-se-escapan-los-ciclistas-de-madrid\/#breadcrumb"},"inLanguage":"es-ES","potentialAction":[{"@type":"ReadAction","target":["https:\/\/www.welovecycling.com\/es\/2023\/01\/09\/la-vega-por-donde-se-escapan-los-ciclistas-de-madrid\/"]}]},{"@type":"ImageObject","inLanguage":"es-ES","@id":"https:\/\/www.welovecycling.com\/es\/2023\/01\/09\/la-vega-por-donde-se-escapan-los-ciclistas-de-madrid\/#primaryimage","url":"https:\/\/d2p6e6u75xmxt8.cloudfront.net\/6\/2023\/01\/La-Vega.webp","contentUrl":"https:\/\/d2p6e6u75xmxt8.cloudfront.net\/6\/2023\/01\/La-Vega.webp","width":1280,"height":644},{"@type":"BreadcrumbList","@id":"https:\/\/www.welovecycling.com\/es\/2023\/01\/09\/la-vega-por-donde-se-escapan-los-ciclistas-de-madrid\/#breadcrumb","itemListElement":[{"@type":"ListItem","position":1,"name":"Home","item":"https:\/\/www.welovecycling.com\/es\/"},{"@type":"ListItem","position":2,"name":"La Vega, por donde se &#8216;escapan&#8217; los ciclistas de Madrid"}]},{"@type":"WebSite","@id":"https:\/\/www.welovecycling.com\/es\/#website","url":"https:\/\/www.welovecycling.com\/es\/","name":"\u0160koda We Love Cycling - Spain","description":"\u0160koda WeLoveCycling Spain","potentialAction":[{"@type":"SearchAction","target":{"@type":"EntryPoint","urlTemplate":"https:\/\/www.welovecycling.com\/es\/?s={search_term_string}"},"query-input":{"@type":"PropertyValueSpecification","valueRequired":true,"valueName":"search_term_string"}}],"inLanguage":"es-ES"},{"@type":"Person","@id":"https:\/\/www.welovecycling.com\/es\/#\/schema\/person\/deb61715b5812698ee79fb96f343ccd4","name":"We Love Cycling Spain","image":{"@type":"ImageObject","inLanguage":"es-ES","@id":"https:\/\/www.welovecycling.com\/es\/#\/schema\/person\/image\/","url":"https:\/\/secure.gravatar.com\/avatar\/c824b04e6df0e37a03219d0b6481672889df542894588964102459e46513159c?s=96&d=mm&r=g","contentUrl":"https:\/\/secure.gravatar.com\/avatar\/c824b04e6df0e37a03219d0b6481672889df542894588964102459e46513159c?s=96&d=mm&r=g","caption":"We Love Cycling Spain"},"url":"https:\/\/www.welovecycling.com\/es\/author\/amunoz\/"}]}},"_links":{"self":[{"href":"https:\/\/www.welovecycling.com\/es\/wp-json\/wp\/v2\/posts\/9600","targetHints":{"allow":["GET"]}}],"collection":[{"href":"https:\/\/www.welovecycling.com\/es\/wp-json\/wp\/v2\/posts"}],"about":[{"href":"https:\/\/www.welovecycling.com\/es\/wp-json\/wp\/v2\/types\/post"}],"author":[{"embeddable":true,"href":"https:\/\/www.welovecycling.com\/es\/wp-json\/wp\/v2\/users\/29"}],"replies":[{"embeddable":true,"href":"https:\/\/www.welovecycling.com\/es\/wp-json\/wp\/v2\/comments?post=9600"}],"version-history":[{"count":2,"href":"https:\/\/www.welovecycling.com\/es\/wp-json\/wp\/v2\/posts\/9600\/revisions"}],"predecessor-version":[{"id":9603,"href":"https:\/\/www.welovecycling.com\/es\/wp-json\/wp\/v2\/posts\/9600\/revisions\/9603"}],"wp:featuredmedia":[{"embeddable":true,"href":"https:\/\/www.welovecycling.com\/es\/wp-json\/wp\/v2\/media\/9602"}],"wp:attachment":[{"href":"https:\/\/www.welovecycling.com\/es\/wp-json\/wp\/v2\/media?parent=9600"}],"wp:term":[{"taxonomy":"category","embeddable":true,"href":"https:\/\/www.welovecycling.com\/es\/wp-json\/wp\/v2\/categories?post=9600"},{"taxonomy":"post_tag","embeddable":true,"href":"https:\/\/www.welovecycling.com\/es\/wp-json\/wp\/v2\/tags?post=9600"},{"taxonomy":"global-categories","embeddable":true,"href":"https:\/\/www.welovecycling.com\/es\/wp-json\/wp\/v2\/global-categories?post=9600"}],"curies":[{"name":"wp","href":"https:\/\/api.w.org\/{rel}","templated":true}]}}