{"id":9590,"date":"2023-01-05T11:38:27","date_gmt":"2023-01-05T09:38:27","guid":{"rendered":"https:\/\/www.welovecycling.com\/es\/?p=9590"},"modified":"2023-01-05T11:38:27","modified_gmt":"2023-01-05T09:38:27","slug":"vingegaard","status":"publish","type":"post","link":"https:\/\/www.welovecycling.com\/es\/2023\/01\/05\/vingegaard\/","title":{"rendered":"Vingegaard: &#8220;A veces nos sentimos como monos de circo&#8221;"},"content":{"rendered":"<p style=\"font-weight: 400;\"><strong>En una larga entrevista, publicada por <a href=\"https:\/\/www.hln.be\/wielrennen\/jonas-vingegaard-over-zijn-tourzege-en-de-tol-van-de-roem-soms-voel-je-je-een-circusaapje~a39f1a65\/\">Het Laatste Nieuws<\/a>, el Vingegaard rest\u00f3 importancia a las historias de agotamiento post-<a href=\"https:\/\/www.welovecycling.com\/es\/2022\/07\/22\/un-bidon-un-saludo-y-los-valores-del-ciclismo-tour-en-pirineos-2022\/\">Tour<\/a>, afirmando que todo era exagerado. Sin embargo, las historias no surgieron de la nada. El director deportivo del Jumbo-Visma, Frans Maassen, declar\u00f3 en agosto del a\u00f1o pasado que Vingegaard lo estaba pasando mal despu\u00e9s del Tour debido al aumento de la presi\u00f3n. Su compa\u00f1ero dan\u00e9s Michael Morkov dijo que Vingegaard estaba &#8220;sin duda agotado&#8221;. Posteriormente, el campe\u00f3n se perdi\u00f3 la carrera de casa, el Tour de Dinamarca, y no volvi\u00f3 a la competici\u00f3n hasta finales de septiembre, tras dos meses de descanso, en una carrera de serie b en Croacia..<\/strong><\/p>\n<p><!--more--><\/p>\n<p>&#8220;Todo eso fue exagerado, los medios de comunicaci\u00f3n han creado una historia que no exist\u00eda. \u00bfPor qu\u00e9 deber\u00eda esconderme?&#8221;. cit\u00f3 en la entrevista. &#8220;Sigo siendo el mismo Jonas que era antes de mi victoria. Tranquilo y pac\u00edfico&#8221;.<\/p>\n<p>A Vingegaard le preguntaron por los d\u00edas despu\u00e9s del Tour y respondi\u00f3 simplemente: &#8220;Celebr\u00e9 mi victoria y luego me fui a casa. No fue ni m\u00e1s ni menos que eso. Segu\u00edamos pensando en una participaci\u00f3n en la Vuelta, pero no eran las condiciones ideales. En serio, me divert\u00ed con los amigos y la familia. Me tom\u00e9 mi tiempo para relajarme y pasar un buen invierno. Como ganador del Tour, todo el mundo tiene una opini\u00f3n sobre lo que debes y no debes hacer, \u00bfverdad?<\/p>\n<p>&#8220;Todo el mundo tiene derecho a tener su propia opini\u00f3n, yo no puedo cambiar eso. Lo \u00fanico que puedo decir es que no me afecta. A m\u00ed me da igual. S\u00f3lo escucho a la gente del equipo&#8221;.<\/p>\n<p>Sin embargo, admiti\u00f3 sentirse extra\u00f1o en los criteriums posteriores al Tour de Singapur y Saitama.<\/p>\n<p>&#8220;A veces te sientes como un mono de circo&#8221;, brome\u00f3. &#8220;Por supuesto, tambi\u00e9n puedes decir &#8216;no&#8217; a una invitaci\u00f3n as\u00ed. Entonces no te sientes como un mono de circo, pero tampoco tienes un acuerdo econ\u00f3micamente s\u00f3lido&#8221;.<\/p>\n<figure id=\"attachment_9591\" aria-describedby=\"caption-attachment-9591\" style=\"width: 1000px\" class=\"wp-caption alignnone\"><a href=\"https:\/\/d2p6e6u75xmxt8.cloudfront.net\/6\/2023\/01\/Jonas-Vingegaard-profimedia-0729109834.webp\"><img loading=\"lazy\" decoding=\"async\" class=\"size-full wp-image-9591\" src=\"https:\/\/d2p6e6u75xmxt8.cloudfront.net\/6\/2023\/01\/Jonas-Vingegaard-profimedia-0729109834.webp\" alt=\"Jonas Vingegaard\" width=\"1000\" height=\"665\" srcset=\"https:\/\/d2p6e6u75xmxt8.cloudfront.net\/6\/2023\/01\/Jonas-Vingegaard-profimedia-0729109834.webp 1000w, https:\/\/d2p6e6u75xmxt8.cloudfront.net\/6\/2023\/01\/Jonas-Vingegaard-profimedia-0729109834-300x200.webp 300w, https:\/\/d2p6e6u75xmxt8.cloudfront.net\/6\/2023\/01\/Jonas-Vingegaard-profimedia-0729109834-768x511.webp 768w, https:\/\/d2p6e6u75xmxt8.cloudfront.net\/6\/2023\/01\/Jonas-Vingegaard-profimedia-0729109834-272x182.webp 272w\" sizes=\"auto, (max-width: 1000px) 100vw, 1000px\" \/><\/a><figcaption id=\"caption-attachment-9591\" class=\"wp-caption-text\">Vingegaard en Il Lombardia 2022. \u00a9 Profimedia<\/figcaption><\/figure>\n<p>El Tour de Francia de 2023 ser\u00e1 muy diferente. Ya sea por el recorrido, muy apto para escaladores, o simplemente por el hecho de que Primo\u017e Rogli\u010d no acudir\u00e1 a la carrera. El esloveno opt\u00f3 por correr el Giro en su lugar en 2023. La estrategia de atacar a Poga\u010dar en una subida como <a href=\"https:\/\/www.welovecycling.com\/wide\/ride-tested\/col-du-galibier-via-albanne\/\">el Galibier<\/a> no ser\u00e1 posible, como admiti\u00f3 Vingegaard.<\/p>\n<p>&#8220;Sin Primo\u017e all\u00ed&#8221;, reconoci\u00f3, &#8220;no ser\u00e1 posible&#8221;. Sin embargo, no busca excusas.<\/p>\n<p>&#8220;Estoy deseando volver con el dorsal n\u00famero uno. Ser\u00e9 el \u00fanico l\u00edder. Eso crea -al igual que el hecho de ser el defensor del t\u00edtulo- m\u00e1s y, al mismo tiempo, menos presi\u00f3n. He ganado el Tour. A veces me despierto y tengo que convencerme de que no fue un sue\u00f1o, pero ahora s\u00e9 c\u00f3mo hacerlo.<\/p>\n<p>&#8220;Si no vuelvo a ganar, siempre podr\u00e9 decir que lo logr\u00e9 una vez. Por otra parte, todo recae sobre mis hombros, pero puedo con ello. No hay problema. Incluso me siento c\u00f3modo siendo el defensor del t\u00edtulo&#8221;.<\/p>\n","protected":false},"excerpt":{"rendered":"<p>En una larga entrevista, publicada por Het Laatste Nieuws, el Vingegaard rest\u00f3 importancia a las historias de agotamiento post-Tour, afirmando [&hellip;]<\/p>\n","protected":false},"author":29,"featured_media":9593,"comment_status":"open","ping_status":"open","sticky":false,"template":"","format":"standard","meta":{"footnotes":""},"categories":[7],"tags":[],"global-categories":[],"class_list":["post-9590","post","type-post","status-publish","format-standard","has-post-thumbnail","hentry","category-carretera"],"yoast_head":"<!-- This site is optimized with the Yoast SEO Premium plugin v25.3 (Yoast SEO v25.9) - https:\/\/yoast.com\/wordpress\/plugins\/seo\/ -->\n<title>Vingegaard: &quot;A veces nos sentimos como monos de circo&quot;<\/title>\n<meta name=\"description\" content=\"Vingegaard: &quot;A veces nos sentimos como monos de circo&quot;. El dan\u00e9s revela que no tuvo ning\u00fan problema post Tour de Francia.\" \/>\n<meta name=\"robots\" content=\"index, follow, max-snippet:-1, max-image-preview:large, max-video-preview:-1\" \/>\n<link rel=\"canonical\" href=\"https:\/\/www.welovecycling.com\/es\/2023\/01\/05\/vingegaard\/\" \/>\n<meta property=\"og:locale\" content=\"es_ES\" \/>\n<meta property=\"og:type\" content=\"article\" \/>\n<meta property=\"og:title\" content=\"Vingegaard: &quot;A veces nos sentimos como monos de circo&quot;\" \/>\n<meta property=\"og:description\" content=\"Vingegaard: &quot;A veces nos sentimos como monos de circo&quot;. El dan\u00e9s revela que no tuvo ning\u00fan problema post Tour de Francia.\" \/>\n<meta property=\"og:url\" content=\"https:\/\/www.welovecycling.com\/es\/2023\/01\/05\/vingegaard\/\" \/>\n<meta property=\"og:site_name\" content=\"\u0160koda We Love Cycling - Spain\" \/>\n<meta property=\"article:published_time\" content=\"2023-01-05T09:38:27+00:00\" \/>\n<meta property=\"og:image\" content=\"https:\/\/d2p6e6u75xmxt8.cloudfront.net\/6\/2023\/01\/Jonas-Vingegaard-profimedia-0746187347-CVR.webp\" \/>\n\t<meta property=\"og:image:width\" content=\"990\" \/>\n\t<meta property=\"og:image:height\" content=\"660\" \/>\n\t<meta property=\"og:image:type\" content=\"image\/webp\" \/>\n<meta name=\"author\" content=\"We Love Cycling Spain\" \/>\n<meta name=\"twitter:card\" content=\"summary_large_image\" \/>\n<meta name=\"twitter:title\" content=\"Vingegaard: &quot;A veces nos sentimos como monos de circo&quot;\" \/>\n<meta name=\"twitter:description\" content=\"Vingegaard: &quot;A veces nos sentimos como monos de circo&quot;. El dan\u00e9s revela que no tuvo ning\u00fan problema post Tour de Francia.\" \/>\n<meta name=\"twitter:label1\" content=\"Written by\" \/>\n\t<meta name=\"twitter:data1\" content=\"Monica Buck\" \/>\n\t<meta name=\"twitter:label2\" content=\"Est. reading time\" \/>\n\t<meta name=\"twitter:data2\" content=\"4\" \/>\n<script type=\"application\/ld+json\" class=\"yoast-schema-graph\">{\"@context\":\"https:\/\/schema.org\",\"@graph\":[{\"@type\":\"WebPage\",\"@id\":\"https:\/\/www.welovecycling.com\/es\/2023\/01\/05\/vingegaard\/\",\"url\":\"https:\/\/www.welovecycling.com\/es\/2023\/01\/05\/vingegaard\/\",\"name\":\"Vingegaard: \\\"A veces nos sentimos como monos de circo\\\"\",\"isPartOf\":{\"@id\":\"https:\/\/www.welovecycling.com\/es\/#website\"},\"primaryImageOfPage\":{\"@id\":\"https:\/\/www.welovecycling.com\/es\/2023\/01\/05\/vingegaard\/#primaryimage\"},\"image\":{\"@id\":\"https:\/\/www.welovecycling.com\/es\/2023\/01\/05\/vingegaard\/#primaryimage\"},\"thumbnailUrl\":\"https:\/\/d2p6e6u75xmxt8.cloudfront.net\/6\/2023\/01\/Jonas-Vingegaard-profimedia-0746187347-CVR.webp\",\"datePublished\":\"2023-01-05T09:38:27+00:00\",\"author\":{\"@id\":\"https:\/\/www.welovecycling.com\/es\/#\/schema\/person\/deb61715b5812698ee79fb96f343ccd4\"},\"description\":\"Vingegaard: \\\"A veces nos sentimos como monos de circo\\\". El dan\u00e9s revela que no tuvo ning\u00fan problema post Tour de Francia.\",\"breadcrumb\":{\"@id\":\"https:\/\/www.welovecycling.com\/es\/2023\/01\/05\/vingegaard\/#breadcrumb\"},\"inLanguage\":\"es-ES\",\"potentialAction\":[{\"@type\":\"ReadAction\",\"target\":[\"https:\/\/www.welovecycling.com\/es\/2023\/01\/05\/vingegaard\/\"]}]},{\"@type\":\"ImageObject\",\"inLanguage\":\"es-ES\",\"@id\":\"https:\/\/www.welovecycling.com\/es\/2023\/01\/05\/vingegaard\/#primaryimage\",\"url\":\"https:\/\/d2p6e6u75xmxt8.cloudfront.net\/6\/2023\/01\/Jonas-Vingegaard-profimedia-0746187347-CVR.webp\",\"contentUrl\":\"https:\/\/d2p6e6u75xmxt8.cloudfront.net\/6\/2023\/01\/Jonas-Vingegaard-profimedia-0746187347-CVR.webp\",\"width\":990,\"height\":660,\"caption\":\"Jonas Vingegaard\"},{\"@type\":\"BreadcrumbList\",\"@id\":\"https:\/\/www.welovecycling.com\/es\/2023\/01\/05\/vingegaard\/#breadcrumb\",\"itemListElement\":[{\"@type\":\"ListItem\",\"position\":1,\"name\":\"Home\",\"item\":\"https:\/\/www.welovecycling.com\/es\/\"},{\"@type\":\"ListItem\",\"position\":2,\"name\":\"Vingegaard: &#8220;A veces nos sentimos como monos de circo&#8221;\"}]},{\"@type\":\"WebSite\",\"@id\":\"https:\/\/www.welovecycling.com\/es\/#website\",\"url\":\"https:\/\/www.welovecycling.com\/es\/\",\"name\":\"\u0160koda We Love Cycling - Spain\",\"description\":\"\u0160koda WeLoveCycling Spain\",\"potentialAction\":[{\"@type\":\"SearchAction\",\"target\":{\"@type\":\"EntryPoint\",\"urlTemplate\":\"https:\/\/www.welovecycling.com\/es\/?s={search_term_string}\"},\"query-input\":{\"@type\":\"PropertyValueSpecification\",\"valueRequired\":true,\"valueName\":\"search_term_string\"}}],\"inLanguage\":\"es-ES\"},{\"@type\":\"Person\",\"@id\":\"https:\/\/www.welovecycling.com\/es\/#\/schema\/person\/deb61715b5812698ee79fb96f343ccd4\",\"name\":\"We Love Cycling Spain\",\"image\":{\"@type\":\"ImageObject\",\"inLanguage\":\"es-ES\",\"@id\":\"https:\/\/www.welovecycling.com\/es\/#\/schema\/person\/image\/\",\"url\":\"https:\/\/secure.gravatar.com\/avatar\/c824b04e6df0e37a03219d0b6481672889df542894588964102459e46513159c?s=96&d=mm&r=g\",\"contentUrl\":\"https:\/\/secure.gravatar.com\/avatar\/c824b04e6df0e37a03219d0b6481672889df542894588964102459e46513159c?s=96&d=mm&r=g\",\"caption\":\"We Love Cycling Spain\"},\"url\":\"https:\/\/www.welovecycling.com\/es\/author\/amunoz\/\"}]}<\/script>\n<!-- \/ Yoast SEO Premium plugin. -->","yoast_head_json":{"title":"Vingegaard: \"A veces nos sentimos como monos de circo\"","description":"Vingegaard: \"A veces nos sentimos como monos de circo\". El dan\u00e9s revela que no tuvo ning\u00fan problema post Tour de Francia.","robots":{"index":"index","follow":"follow","max-snippet":"max-snippet:-1","max-image-preview":"max-image-preview:large","max-video-preview":"max-video-preview:-1"},"canonical":"https:\/\/www.welovecycling.com\/es\/2023\/01\/05\/vingegaard\/","og_locale":"es_ES","og_type":"article","og_title":"Vingegaard: \"A veces nos sentimos como monos de circo\"","og_description":"Vingegaard: \"A veces nos sentimos como monos de circo\". El dan\u00e9s revela que no tuvo ning\u00fan problema post Tour de Francia.","og_url":"https:\/\/www.welovecycling.com\/es\/2023\/01\/05\/vingegaard\/","og_site_name":"\u0160koda We Love Cycling - Spain","article_published_time":"2023-01-05T09:38:27+00:00","og_image":[{"width":990,"height":660,"url":"https:\/\/d2p6e6u75xmxt8.cloudfront.net\/6\/2023\/01\/Jonas-Vingegaard-profimedia-0746187347-CVR.webp","type":"image\/webp"}],"author":"We Love Cycling Spain","twitter_card":"summary_large_image","twitter_title":"Vingegaard: \"A veces nos sentimos como monos de circo\"","twitter_description":"Vingegaard: \"A veces nos sentimos como monos de circo\". El dan\u00e9s revela que no tuvo ning\u00fan problema post Tour de Francia.","twitter_misc":{"Written by":"Monica Buck","Est. reading time":"4"},"schema":{"@context":"https:\/\/schema.org","@graph":[{"@type":"WebPage","@id":"https:\/\/www.welovecycling.com\/es\/2023\/01\/05\/vingegaard\/","url":"https:\/\/www.welovecycling.com\/es\/2023\/01\/05\/vingegaard\/","name":"Vingegaard: \"A veces nos sentimos como monos de circo\"","isPartOf":{"@id":"https:\/\/www.welovecycling.com\/es\/#website"},"primaryImageOfPage":{"@id":"https:\/\/www.welovecycling.com\/es\/2023\/01\/05\/vingegaard\/#primaryimage"},"image":{"@id":"https:\/\/www.welovecycling.com\/es\/2023\/01\/05\/vingegaard\/#primaryimage"},"thumbnailUrl":"https:\/\/d2p6e6u75xmxt8.cloudfront.net\/6\/2023\/01\/Jonas-Vingegaard-profimedia-0746187347-CVR.webp","datePublished":"2023-01-05T09:38:27+00:00","author":{"@id":"https:\/\/www.welovecycling.com\/es\/#\/schema\/person\/deb61715b5812698ee79fb96f343ccd4"},"description":"Vingegaard: \"A veces nos sentimos como monos de circo\". El dan\u00e9s revela que no tuvo ning\u00fan problema post Tour de Francia.","breadcrumb":{"@id":"https:\/\/www.welovecycling.com\/es\/2023\/01\/05\/vingegaard\/#breadcrumb"},"inLanguage":"es-ES","potentialAction":[{"@type":"ReadAction","target":["https:\/\/www.welovecycling.com\/es\/2023\/01\/05\/vingegaard\/"]}]},{"@type":"ImageObject","inLanguage":"es-ES","@id":"https:\/\/www.welovecycling.com\/es\/2023\/01\/05\/vingegaard\/#primaryimage","url":"https:\/\/d2p6e6u75xmxt8.cloudfront.net\/6\/2023\/01\/Jonas-Vingegaard-profimedia-0746187347-CVR.webp","contentUrl":"https:\/\/d2p6e6u75xmxt8.cloudfront.net\/6\/2023\/01\/Jonas-Vingegaard-profimedia-0746187347-CVR.webp","width":990,"height":660,"caption":"Jonas Vingegaard"},{"@type":"BreadcrumbList","@id":"https:\/\/www.welovecycling.com\/es\/2023\/01\/05\/vingegaard\/#breadcrumb","itemListElement":[{"@type":"ListItem","position":1,"name":"Home","item":"https:\/\/www.welovecycling.com\/es\/"},{"@type":"ListItem","position":2,"name":"Vingegaard: &#8220;A veces nos sentimos como monos de circo&#8221;"}]},{"@type":"WebSite","@id":"https:\/\/www.welovecycling.com\/es\/#website","url":"https:\/\/www.welovecycling.com\/es\/","name":"\u0160koda We Love Cycling - Spain","description":"\u0160koda WeLoveCycling Spain","potentialAction":[{"@type":"SearchAction","target":{"@type":"EntryPoint","urlTemplate":"https:\/\/www.welovecycling.com\/es\/?s={search_term_string}"},"query-input":{"@type":"PropertyValueSpecification","valueRequired":true,"valueName":"search_term_string"}}],"inLanguage":"es-ES"},{"@type":"Person","@id":"https:\/\/www.welovecycling.com\/es\/#\/schema\/person\/deb61715b5812698ee79fb96f343ccd4","name":"We Love Cycling Spain","image":{"@type":"ImageObject","inLanguage":"es-ES","@id":"https:\/\/www.welovecycling.com\/es\/#\/schema\/person\/image\/","url":"https:\/\/secure.gravatar.com\/avatar\/c824b04e6df0e37a03219d0b6481672889df542894588964102459e46513159c?s=96&d=mm&r=g","contentUrl":"https:\/\/secure.gravatar.com\/avatar\/c824b04e6df0e37a03219d0b6481672889df542894588964102459e46513159c?s=96&d=mm&r=g","caption":"We Love Cycling Spain"},"url":"https:\/\/www.welovecycling.com\/es\/author\/amunoz\/"}]}},"_links":{"self":[{"href":"https:\/\/www.welovecycling.com\/es\/wp-json\/wp\/v2\/posts\/9590","targetHints":{"allow":["GET"]}}],"collection":[{"href":"https:\/\/www.welovecycling.com\/es\/wp-json\/wp\/v2\/posts"}],"about":[{"href":"https:\/\/www.welovecycling.com\/es\/wp-json\/wp\/v2\/types\/post"}],"author":[{"embeddable":true,"href":"https:\/\/www.welovecycling.com\/es\/wp-json\/wp\/v2\/users\/29"}],"replies":[{"embeddable":true,"href":"https:\/\/www.welovecycling.com\/es\/wp-json\/wp\/v2\/comments?post=9590"}],"version-history":[{"count":2,"href":"https:\/\/www.welovecycling.com\/es\/wp-json\/wp\/v2\/posts\/9590\/revisions"}],"predecessor-version":[{"id":9594,"href":"https:\/\/www.welovecycling.com\/es\/wp-json\/wp\/v2\/posts\/9590\/revisions\/9594"}],"wp:featuredmedia":[{"embeddable":true,"href":"https:\/\/www.welovecycling.com\/es\/wp-json\/wp\/v2\/media\/9593"}],"wp:attachment":[{"href":"https:\/\/www.welovecycling.com\/es\/wp-json\/wp\/v2\/media?parent=9590"}],"wp:term":[{"taxonomy":"category","embeddable":true,"href":"https:\/\/www.welovecycling.com\/es\/wp-json\/wp\/v2\/categories?post=9590"},{"taxonomy":"post_tag","embeddable":true,"href":"https:\/\/www.welovecycling.com\/es\/wp-json\/wp\/v2\/tags?post=9590"},{"taxonomy":"global-categories","embeddable":true,"href":"https:\/\/www.welovecycling.com\/es\/wp-json\/wp\/v2\/global-categories?post=9590"}],"curies":[{"name":"wp","href":"https:\/\/api.w.org\/{rel}","templated":true}]}}