{"id":9575,"date":"2023-01-04T12:56:06","date_gmt":"2023-01-04T10:56:06","guid":{"rendered":"https:\/\/www.welovecycling.com\/es\/?p=9575"},"modified":"2023-01-04T12:56:06","modified_gmt":"2023-01-04T10:56:06","slug":"melilla-ciclismo","status":"publish","type":"post","link":"https:\/\/www.welovecycling.com\/es\/2023\/01\/04\/melilla-ciclismo\/","title":{"rendered":"Melilla, el ciclismo desconocido"},"content":{"rendered":"<p style=\"font-weight: 400;\"><strong>Si alguien me hubiese dicho que iba a pedalear por Melilla, no le habr\u00eda cre\u00eddo. Pero los caminos del ciclismo son inescrutables. Viaje express con para descubrir Melilla, el ciclismo desconocido, junto a Joseba Beloki, Laura Meseguer, Jos\u00e9 Mar\u00eda L\u00f3pez y todo el equipo de Melilla Turismo y la Federaci\u00f3n de Ciclismo de Melilla.<\/strong><\/p>\n<p><!--more--><\/p>\n<p>El \u00fanico recuerdo ciclista que ten\u00eda de Melilla era ese <strong>Campeonato de Espa\u00f1a que gan\u00f3 el Chava all\u00e1 por 1997<\/strong>. Justo acababa de colgar la bici Miguel Indurain y est\u00e1bamos buscando a un nuevo \u00eddolo. Siempre hab\u00eda pensado que parte del circuito estaba fuera de la Ciudad Aut\u00f3noma, pero al llegar all\u00ed me confirmaron que no. Todo en el interior. Y si venci\u00f3 <a href=\"https:\/\/www.welovecycling.com\/es\/2019\/01\/21\/historias-de-la-vuelta\/\">Jos\u00e9 Mar\u00eda Jim\u00e9nez<\/a> ten\u00eda que ser duro, porque el abulense no era precisamente un esprinter. Me contaron que incluso los jueces tuvieron que recortar dos vueltas del recorrido inicial, porque era demasiado exigente. Se qued\u00f3 en 14, con salida y llegada a<strong>l Paseo Mar\u00edtimo, una rampa del 16% y dos del 11%.<\/strong><\/p>\n<p>As\u00ed que primera alegr\u00eda. Hab\u00eda terreno suficiente para &#8216;calentarse&#8217; un poco, aunque la ruta prevista iba a ser en MTB, quiz\u00e1s la mejor manera de descubrir todos los rincones de Melilla. A\u00fan as\u00ed, al aterrizar en la Ciudad Aut\u00f3noma ya puedes ver desde el avi\u00f3n (hay vuelos desde Madrid y M\u00e1laga) que el terreno no es llano.<br \/>\n<a href=\"https:\/\/d2p6e6u75xmxt8.cloudfront.net\/6\/2023\/01\/Chava.webp\"><img loading=\"lazy\" decoding=\"async\" class=\"aligncenter size-full wp-image-9578\" src=\"https:\/\/d2p6e6u75xmxt8.cloudfront.net\/6\/2023\/01\/Chava.webp\" alt=\"\" width=\"644\" height=\"555\" srcset=\"https:\/\/d2p6e6u75xmxt8.cloudfront.net\/6\/2023\/01\/Chava.webp 644w, https:\/\/d2p6e6u75xmxt8.cloudfront.net\/6\/2023\/01\/Chava-300x259.webp 300w\" sizes=\"auto, (max-width: 644px) 100vw, 644px\" \/><\/a><\/p>\n<h2><strong>Terreno exigente, vistas espectaculares<\/strong><\/h2>\n<p style=\"font-weight: 400;\">Al igual que en aquel Campeonato de Espa\u00f1a salimos por todo el llano del Paseo Mar\u00edtimo aprovechando el carril bici hasta la playa de la H\u00edpica. Giro a la derecha para empezar a subir por la zona fronteriza con Marruecos. Lo divertido para la MTB empezaba en la zona del Circuito de motocross y el Parque Forestal Juan Carlos Primero. Subidas y bajadas cortas perfectas para jugar.<\/p>\n<p>Paralelo al Campo de Golf est\u00e1 la subida del 16%, es carretera. As\u00ed que no pod\u00eda dejar de ascenderla, aunque el resto del grupo gir\u00f3 hacia el interior de los Pinares de Rastrogordo. El punto de uni\u00f3n es la Carretera de la V\u00eda L\u00e1ctea, pero permite descender hacia la cala de los Cortados de Aguad\u00fa. Vistas espectaculares de toda la costa y dos rampitas del 10% para volver hacia el bosque de Rastrogordo y buscar el Mirador del Barranco del Quemadero.<\/p>\n<p>Quedaba descender hacia el Casco Viejo de Melilla por la carretera del Polvor\u00edn y meterse en Melilla La Vieja. Dos tramos de adoquines pasando por el interior de la muralla. Entorno medieval y vistas de 360 grados. Desde la Isla de Chafarinas, que tambi\u00e9n es territorio espa\u00f1ol, al fuerte de Melilla o el Monte Gurug\u00fa, que ya es terreno marroqu\u00ed.<\/p>\n<p>Es precisamente esta cima la que suelen utilizar los ciclistas de carretera de Melilla para entrenar el fondo. Supone traspasar de ida y vuelta el paso fronterizo con Marruecos, pero aumenta las opciones de rutas y con base en la Ciudad Aut\u00f3noma.<br \/>\n<a href=\"https:\/\/d2p6e6u75xmxt8.cloudfront.net\/6\/2023\/01\/Melilla-Experience9.webp\"><img loading=\"lazy\" decoding=\"async\" class=\"aligncenter size-full wp-image-9579\" src=\"https:\/\/d2p6e6u75xmxt8.cloudfront.net\/6\/2023\/01\/Melilla-Experience9.webp\" alt=\"\" width=\"768\" height=\"1024\" srcset=\"https:\/\/d2p6e6u75xmxt8.cloudfront.net\/6\/2023\/01\/Melilla-Experience9.webp 768w, https:\/\/d2p6e6u75xmxt8.cloudfront.net\/6\/2023\/01\/Melilla-Experience9-225x300.webp 225w\" sizes=\"auto, (max-width: 768px) 100vw, 768px\" \/><\/a><\/p>\n<h2><strong>El ciclismo melillense<\/strong><\/h2>\n<p style=\"font-weight: 400;\">Javier Iglesias, el presidente de la <a href=\"https:\/\/www.fmciclismo.net\/\">Federaci\u00f3n de Ciclismo de Melilla<\/a>, se encarga de conseguir que nuestro deporte sobreviva en la Ciudad Aut\u00f3noma. Con no demasiadas licencias (solo hay censadas una 90.000 personas) tiene que hacer malabares para sacar adelante el presupuesto de la federaci\u00f3n y organizar competiciones para los m\u00e1s peque\u00f1os, que al final son la base del ciclismo del futuro.<\/p>\n<p>A\u00fan as\u00ed en 2022 organizaron la I Contrarreloj Memorial Alfonso Mu\u00f1oz Mari, la II Bike Melilla Sport, el Trofeo Melilla Sport Capital, el Gran Premio Orbea y el III Memorial Julio C\u00e9sar Flores.<\/p>\n<p>En la ruta nos acompa\u00f1aron una docena de j\u00f3venes ciclistas, desde infantiles a junior, que compart\u00edan deporte entre el ciclismo de carretera, el triatlon y la MTB. En Melilla tienen competiciones, pero tienen que salir hacia la pen\u00ednsula si quieren mejorar su nivel deportivo. Costes extra seguir compitiendo.<\/p>\n<p>Algo parecido les ocurre a los adultos amantes del cicloturismo y los que compiten en MTB, que tiene que coger el ferry o el avi\u00f3n cada que quieren competir.<\/p>\n<div class=\"embed-controller-wrapper\">\n<div class=\"embed-wrapper\"><iframe title=\"\u26a1 Inside by BELOKI \u26a1 Charlamos con JAVIER IGLESIAS | Ciclismo a Fondo\" width=\"500\" height=\"281\" data-src=\"https:\/\/www.youtube.com\/embed\/bPtyJMb9J40?feature=oembed\" frameborder=\"0\" allow=\"accelerometer; autoplay; clipboard-write; encrypted-media; gyroscope; picture-in-picture; web-share\" referrerpolicy=\"strict-origin-when-cross-origin\" allowfullscreen><\/iframe><\/div>\n<\/div>\n","protected":false},"excerpt":{"rendered":"<p>Si alguien me hubiese dicho que iba a pedalear por Melilla, no le habr\u00eda cre\u00eddo. Pero los caminos del ciclismo [&hellip;]<\/p>\n","protected":false},"author":29,"featured_media":9580,"comment_status":"open","ping_status":"open","sticky":false,"template":"","format":"standard","meta":{"footnotes":""},"categories":[7,9],"tags":[2215],"global-categories":[1164],"class_list":["post-9575","post","type-post","status-publish","format-standard","has-post-thumbnail","hentry","category-carretera","category-mtb-aventura","tag-melilla","global-categories-cycling"],"yoast_head":"<!-- This site is optimized with the Yoast SEO Premium plugin v25.3 (Yoast SEO v25.9) - https:\/\/yoast.com\/wordpress\/plugins\/seo\/ -->\n<title>Melilla, el ciclismo desconocido - \u0160koda We Love Cycling - Spain<\/title>\n<meta name=\"description\" content=\"Melilla, el ciclismo desconocido. El territorio ciclista de Melilla y como sus ciclistas se las &#039;apa\u00f1an&#039; para competir y entrenar.\" \/>\n<meta name=\"robots\" content=\"index, follow, max-snippet:-1, max-image-preview:large, max-video-preview:-1\" \/>\n<link rel=\"canonical\" href=\"https:\/\/www.welovecycling.com\/es\/2023\/01\/04\/melilla-ciclismo\/\" \/>\n<meta property=\"og:locale\" content=\"es_ES\" \/>\n<meta property=\"og:type\" content=\"article\" \/>\n<meta property=\"og:title\" content=\"Melilla, el ciclismo desconocido\" \/>\n<meta property=\"og:description\" content=\"Melilla, el ciclismo desconocido. El territorio ciclista de Melilla y como sus ciclistas se las &#039;apa\u00f1an&#039; para competir y entrenar.\" \/>\n<meta property=\"og:url\" content=\"https:\/\/www.welovecycling.com\/es\/2023\/01\/04\/melilla-ciclismo\/\" \/>\n<meta property=\"og:site_name\" content=\"\u0160koda We Love Cycling - Spain\" \/>\n<meta property=\"article:published_time\" content=\"2023-01-04T10:56:06+00:00\" \/>\n<meta property=\"og:image\" content=\"https:\/\/d2p6e6u75xmxt8.cloudfront.net\/6\/2023\/01\/Melilla-Experience10.webp\" \/>\n\t<meta property=\"og:image:width\" content=\"1024\" \/>\n\t<meta property=\"og:image:height\" content=\"772\" \/>\n\t<meta property=\"og:image:type\" content=\"image\/webp\" \/>\n<meta name=\"author\" content=\"We Love Cycling Spain\" \/>\n<meta name=\"twitter:card\" content=\"summary_large_image\" \/>\n<meta name=\"twitter:title\" content=\"Melilla, el ciclismo desconocido\" \/>\n<meta name=\"twitter:description\" content=\"Melilla, el ciclismo desconocido. El territorio ciclista de Melilla y como sus ciclistas se las &#039;apa\u00f1an&#039; para competir y entrenar.\" \/>\n<meta name=\"twitter:label1\" content=\"Written by\" \/>\n\t<meta name=\"twitter:data1\" content=\"Luis Ortega @ciclored\" \/>\n\t<meta name=\"twitter:label2\" content=\"Est. reading time\" \/>\n\t<meta name=\"twitter:data2\" content=\"3 minutes\" \/>\n<script type=\"application\/ld+json\" class=\"yoast-schema-graph\">{\"@context\":\"https:\/\/schema.org\",\"@graph\":[{\"@type\":\"WebPage\",\"@id\":\"https:\/\/www.welovecycling.com\/es\/2023\/01\/04\/melilla-ciclismo\/\",\"url\":\"https:\/\/www.welovecycling.com\/es\/2023\/01\/04\/melilla-ciclismo\/\",\"name\":\"Melilla, el ciclismo desconocido - \u0160koda We Love Cycling - Spain\",\"isPartOf\":{\"@id\":\"https:\/\/www.welovecycling.com\/es\/#website\"},\"primaryImageOfPage\":{\"@id\":\"https:\/\/www.welovecycling.com\/es\/2023\/01\/04\/melilla-ciclismo\/#primaryimage\"},\"image\":{\"@id\":\"https:\/\/www.welovecycling.com\/es\/2023\/01\/04\/melilla-ciclismo\/#primaryimage\"},\"thumbnailUrl\":\"https:\/\/d2p6e6u75xmxt8.cloudfront.net\/6\/2023\/01\/Melilla-Experience10.webp\",\"datePublished\":\"2023-01-04T10:56:06+00:00\",\"author\":{\"@id\":\"https:\/\/www.welovecycling.com\/es\/#\/schema\/person\/deb61715b5812698ee79fb96f343ccd4\"},\"description\":\"Melilla, el ciclismo desconocido. El territorio ciclista de Melilla y como sus ciclistas se las 'apa\u00f1an' para competir y entrenar.\",\"breadcrumb\":{\"@id\":\"https:\/\/www.welovecycling.com\/es\/2023\/01\/04\/melilla-ciclismo\/#breadcrumb\"},\"inLanguage\":\"es-ES\",\"potentialAction\":[{\"@type\":\"ReadAction\",\"target\":[\"https:\/\/www.welovecycling.com\/es\/2023\/01\/04\/melilla-ciclismo\/\"]}]},{\"@type\":\"ImageObject\",\"inLanguage\":\"es-ES\",\"@id\":\"https:\/\/www.welovecycling.com\/es\/2023\/01\/04\/melilla-ciclismo\/#primaryimage\",\"url\":\"https:\/\/d2p6e6u75xmxt8.cloudfront.net\/6\/2023\/01\/Melilla-Experience10.webp\",\"contentUrl\":\"https:\/\/d2p6e6u75xmxt8.cloudfront.net\/6\/2023\/01\/Melilla-Experience10.webp\",\"width\":1024,\"height\":772},{\"@type\":\"BreadcrumbList\",\"@id\":\"https:\/\/www.welovecycling.com\/es\/2023\/01\/04\/melilla-ciclismo\/#breadcrumb\",\"itemListElement\":[{\"@type\":\"ListItem\",\"position\":1,\"name\":\"Home\",\"item\":\"https:\/\/www.welovecycling.com\/es\/\"},{\"@type\":\"ListItem\",\"position\":2,\"name\":\"Melilla, el ciclismo desconocido\"}]},{\"@type\":\"WebSite\",\"@id\":\"https:\/\/www.welovecycling.com\/es\/#website\",\"url\":\"https:\/\/www.welovecycling.com\/es\/\",\"name\":\"\u0160koda We Love Cycling - Spain\",\"description\":\"\u0160koda WeLoveCycling Spain\",\"potentialAction\":[{\"@type\":\"SearchAction\",\"target\":{\"@type\":\"EntryPoint\",\"urlTemplate\":\"https:\/\/www.welovecycling.com\/es\/?s={search_term_string}\"},\"query-input\":{\"@type\":\"PropertyValueSpecification\",\"valueRequired\":true,\"valueName\":\"search_term_string\"}}],\"inLanguage\":\"es-ES\"},{\"@type\":\"Person\",\"@id\":\"https:\/\/www.welovecycling.com\/es\/#\/schema\/person\/deb61715b5812698ee79fb96f343ccd4\",\"name\":\"We Love Cycling Spain\",\"image\":{\"@type\":\"ImageObject\",\"inLanguage\":\"es-ES\",\"@id\":\"https:\/\/www.welovecycling.com\/es\/#\/schema\/person\/image\/\",\"url\":\"https:\/\/secure.gravatar.com\/avatar\/c824b04e6df0e37a03219d0b6481672889df542894588964102459e46513159c?s=96&d=mm&r=g\",\"contentUrl\":\"https:\/\/secure.gravatar.com\/avatar\/c824b04e6df0e37a03219d0b6481672889df542894588964102459e46513159c?s=96&d=mm&r=g\",\"caption\":\"We Love Cycling Spain\"},\"url\":\"https:\/\/www.welovecycling.com\/es\/author\/amunoz\/\"}]}<\/script>\n<!-- \/ Yoast SEO Premium plugin. -->","yoast_head_json":{"title":"Melilla, el ciclismo desconocido - \u0160koda We Love Cycling - Spain","description":"Melilla, el ciclismo desconocido. El territorio ciclista de Melilla y como sus ciclistas se las 'apa\u00f1an' para competir y entrenar.","robots":{"index":"index","follow":"follow","max-snippet":"max-snippet:-1","max-image-preview":"max-image-preview:large","max-video-preview":"max-video-preview:-1"},"canonical":"https:\/\/www.welovecycling.com\/es\/2023\/01\/04\/melilla-ciclismo\/","og_locale":"es_ES","og_type":"article","og_title":"Melilla, el ciclismo desconocido","og_description":"Melilla, el ciclismo desconocido. El territorio ciclista de Melilla y como sus ciclistas se las 'apa\u00f1an' para competir y entrenar.","og_url":"https:\/\/www.welovecycling.com\/es\/2023\/01\/04\/melilla-ciclismo\/","og_site_name":"\u0160koda We Love Cycling - Spain","article_published_time":"2023-01-04T10:56:06+00:00","og_image":[{"width":1024,"height":772,"url":"https:\/\/d2p6e6u75xmxt8.cloudfront.net\/6\/2023\/01\/Melilla-Experience10.webp","type":"image\/webp"}],"author":"We Love Cycling Spain","twitter_card":"summary_large_image","twitter_title":"Melilla, el ciclismo desconocido","twitter_description":"Melilla, el ciclismo desconocido. El territorio ciclista de Melilla y como sus ciclistas se las 'apa\u00f1an' para competir y entrenar.","twitter_misc":{"Written by":"Luis Ortega @ciclored","Est. reading time":"3 minutes"},"schema":{"@context":"https:\/\/schema.org","@graph":[{"@type":"WebPage","@id":"https:\/\/www.welovecycling.com\/es\/2023\/01\/04\/melilla-ciclismo\/","url":"https:\/\/www.welovecycling.com\/es\/2023\/01\/04\/melilla-ciclismo\/","name":"Melilla, el ciclismo desconocido - \u0160koda We Love Cycling - Spain","isPartOf":{"@id":"https:\/\/www.welovecycling.com\/es\/#website"},"primaryImageOfPage":{"@id":"https:\/\/www.welovecycling.com\/es\/2023\/01\/04\/melilla-ciclismo\/#primaryimage"},"image":{"@id":"https:\/\/www.welovecycling.com\/es\/2023\/01\/04\/melilla-ciclismo\/#primaryimage"},"thumbnailUrl":"https:\/\/d2p6e6u75xmxt8.cloudfront.net\/6\/2023\/01\/Melilla-Experience10.webp","datePublished":"2023-01-04T10:56:06+00:00","author":{"@id":"https:\/\/www.welovecycling.com\/es\/#\/schema\/person\/deb61715b5812698ee79fb96f343ccd4"},"description":"Melilla, el ciclismo desconocido. El territorio ciclista de Melilla y como sus ciclistas se las 'apa\u00f1an' para competir y entrenar.","breadcrumb":{"@id":"https:\/\/www.welovecycling.com\/es\/2023\/01\/04\/melilla-ciclismo\/#breadcrumb"},"inLanguage":"es-ES","potentialAction":[{"@type":"ReadAction","target":["https:\/\/www.welovecycling.com\/es\/2023\/01\/04\/melilla-ciclismo\/"]}]},{"@type":"ImageObject","inLanguage":"es-ES","@id":"https:\/\/www.welovecycling.com\/es\/2023\/01\/04\/melilla-ciclismo\/#primaryimage","url":"https:\/\/d2p6e6u75xmxt8.cloudfront.net\/6\/2023\/01\/Melilla-Experience10.webp","contentUrl":"https:\/\/d2p6e6u75xmxt8.cloudfront.net\/6\/2023\/01\/Melilla-Experience10.webp","width":1024,"height":772},{"@type":"BreadcrumbList","@id":"https:\/\/www.welovecycling.com\/es\/2023\/01\/04\/melilla-ciclismo\/#breadcrumb","itemListElement":[{"@type":"ListItem","position":1,"name":"Home","item":"https:\/\/www.welovecycling.com\/es\/"},{"@type":"ListItem","position":2,"name":"Melilla, el ciclismo desconocido"}]},{"@type":"WebSite","@id":"https:\/\/www.welovecycling.com\/es\/#website","url":"https:\/\/www.welovecycling.com\/es\/","name":"\u0160koda We Love Cycling - Spain","description":"\u0160koda WeLoveCycling Spain","potentialAction":[{"@type":"SearchAction","target":{"@type":"EntryPoint","urlTemplate":"https:\/\/www.welovecycling.com\/es\/?s={search_term_string}"},"query-input":{"@type":"PropertyValueSpecification","valueRequired":true,"valueName":"search_term_string"}}],"inLanguage":"es-ES"},{"@type":"Person","@id":"https:\/\/www.welovecycling.com\/es\/#\/schema\/person\/deb61715b5812698ee79fb96f343ccd4","name":"We Love Cycling Spain","image":{"@type":"ImageObject","inLanguage":"es-ES","@id":"https:\/\/www.welovecycling.com\/es\/#\/schema\/person\/image\/","url":"https:\/\/secure.gravatar.com\/avatar\/c824b04e6df0e37a03219d0b6481672889df542894588964102459e46513159c?s=96&d=mm&r=g","contentUrl":"https:\/\/secure.gravatar.com\/avatar\/c824b04e6df0e37a03219d0b6481672889df542894588964102459e46513159c?s=96&d=mm&r=g","caption":"We Love Cycling Spain"},"url":"https:\/\/www.welovecycling.com\/es\/author\/amunoz\/"}]}},"_links":{"self":[{"href":"https:\/\/www.welovecycling.com\/es\/wp-json\/wp\/v2\/posts\/9575","targetHints":{"allow":["GET"]}}],"collection":[{"href":"https:\/\/www.welovecycling.com\/es\/wp-json\/wp\/v2\/posts"}],"about":[{"href":"https:\/\/www.welovecycling.com\/es\/wp-json\/wp\/v2\/types\/post"}],"author":[{"embeddable":true,"href":"https:\/\/www.welovecycling.com\/es\/wp-json\/wp\/v2\/users\/29"}],"replies":[{"embeddable":true,"href":"https:\/\/www.welovecycling.com\/es\/wp-json\/wp\/v2\/comments?post=9575"}],"version-history":[{"count":2,"href":"https:\/\/www.welovecycling.com\/es\/wp-json\/wp\/v2\/posts\/9575\/revisions"}],"predecessor-version":[{"id":9581,"href":"https:\/\/www.welovecycling.com\/es\/wp-json\/wp\/v2\/posts\/9575\/revisions\/9581"}],"wp:featuredmedia":[{"embeddable":true,"href":"https:\/\/www.welovecycling.com\/es\/wp-json\/wp\/v2\/media\/9580"}],"wp:attachment":[{"href":"https:\/\/www.welovecycling.com\/es\/wp-json\/wp\/v2\/media?parent=9575"}],"wp:term":[{"taxonomy":"category","embeddable":true,"href":"https:\/\/www.welovecycling.com\/es\/wp-json\/wp\/v2\/categories?post=9575"},{"taxonomy":"post_tag","embeddable":true,"href":"https:\/\/www.welovecycling.com\/es\/wp-json\/wp\/v2\/tags?post=9575"},{"taxonomy":"global-categories","embeddable":true,"href":"https:\/\/www.welovecycling.com\/es\/wp-json\/wp\/v2\/global-categories?post=9575"}],"curies":[{"name":"wp","href":"https:\/\/api.w.org\/{rel}","templated":true}]}}