{"id":9569,"date":"2023-01-03T11:24:51","date_gmt":"2023-01-03T09:24:51","guid":{"rendered":"https:\/\/www.welovecycling.com\/es\/?p=9569"},"modified":"2023-01-03T11:24:51","modified_gmt":"2023-01-03T09:24:51","slug":"uci-champions-league","status":"publish","type":"post","link":"https:\/\/www.welovecycling.com\/es\/2023\/01\/03\/uci-champions-league\/","title":{"rendered":"\u00bfEs la UCI Champions League el futuro del WorldTour?"},"content":{"rendered":"<p style=\"font-weight: 400;\"><strong>A medida que la popularidad del ciclismo profesional sigue creciendo, con las competiciones femeninas experimentando de repente un auge mundial, se avecinan algunos cambios importantes en el WorldTour en un futuro pr\u00f3ximo, con el objetivo de hacer crecer a\u00fan m\u00e1s este deporte y convertirse en la UCI Champions League.<\/strong><\/p>\n<p style=\"font-weight: 400;\"><!--more--><\/p>\n<p>Algunos de estos cambios propuestos se debatieron en un seminario WorldTour celebrado a finales de noviembre, y se public\u00f3 <a href=\"https:\/\/www.linkedin.com\/posts\/unioncyclisteinternationale_building-the-future-of-professional-road-activity-7007974097720598528-3wYt\/?utm_source=share&amp;utm_medium=member_desktop&amp;src=aff-ref&amp;trk=aff-ir_progid.8005_partid.10078_sid._adid.449670&amp;clickid=RGswYOShExyITSM23oyBG2qwUkAzHsWxB3HmVo0&amp;mcid=6851962469594763264&amp;irgwc=1\">un v\u00eddeo en LinkedIn<\/a> en el que varios funcionarios influyentes del ciclismo hablaban de algunos de estos cambios. Uno de ellos fue Richard Plugge, presidente de la <a href=\"https:\/\/www.lawinsport.com\/tag\/Association%20Internationale%20des%20Groupes%20Cyclistes%20Professionnels%20(AIGCP)\">Association International des Groupes Cyclistes Professionnels (Asociaci\u00f3n Internacional de Grupos Ciclistas Profesionales, o AIGCP)<\/a>. Dijo que estos cambios se propon\u00edan para maximizar los beneficios de la popularidad de este deporte. &#8220;Por fin podemos coger al gigante dormido, como yo llamar\u00eda al ciclismo, y despertarlo y sacar el potencial comercial del deporte&#8221;, dijo Plugge. Quiz\u00e1 el m\u00e1s emocionante de estos cambios propuestos sea una serie de carreras que el Presidente de la UCI, David Lappartient, ha bautizado como &#8220;una especie de UCI Champions League&#8221;.<\/p>\n<p>&#8220;En el contexto del WorldTour, tendremos cada a\u00f1o una serie con un n\u00famero de carreras a\u00fan por determinar, quiz\u00e1s unas 15 carreras, de las cuales 5 \u00f3 6 ser\u00e1n carreras por etapas, y no necesariamente las mismas [carreras] cada a\u00f1o&#8221;, explic\u00f3. &#8220;La idea es reforzar el atractivo de nuestro deporte para que podamos comercializarlo a\u00fan mejor, difundirlo a\u00fan mejor, e incluso tener carreras donde ahora no las hay, en territorios donde no estamos [representados]&#8221;.<\/p>\n<p style=\"font-weight: 400;\">La UCI ya ha creado una Champions League de Pista de la UCI, en colaboraci\u00f3n con Discovery Sports Events, para producir una serie de carreras en pista que exista en paralelo con los eventos de carreras en pista de la Copa del Mundo. La seguridad vial tambi\u00e9n fue tema de debate en el seminario, y Plugge habl\u00f3 de la creaci\u00f3n de la SAROC, para un &#8220;ciclismo de carretera seguro&#8221;. Explic\u00f3 que es necesario hacer m\u00e1s seguros los recorridos y el comportamiento de los corredores, y que los organizadores de carreras y los corredores &#8220;deben trabajar juntos&#8221; para crear un entorno de competici\u00f3n m\u00e1s seguro.<\/p>\n<figure id=\"attachment_9570\" aria-describedby=\"caption-attachment-9570\" style=\"width: 1000px\" class=\"wp-caption alignnone\"><a href=\"https:\/\/d2p6e6u75xmxt8.cloudfront.net\/6\/2023\/01\/UCI-Track-Champions-League-profimedia-0742158472.webp\"><img loading=\"lazy\" decoding=\"async\" class=\"wp-image-9570 size-full\" src=\"https:\/\/d2p6e6u75xmxt8.cloudfront.net\/6\/2023\/01\/UCI-Track-Champions-League-profimedia-0742158472.webp\" alt=\"2022 UCI Track Champions League \" width=\"1000\" height=\"664\" srcset=\"https:\/\/d2p6e6u75xmxt8.cloudfront.net\/6\/2023\/01\/UCI-Track-Champions-League-profimedia-0742158472.webp 1000w, https:\/\/d2p6e6u75xmxt8.cloudfront.net\/6\/2023\/01\/UCI-Track-Champions-League-profimedia-0742158472-300x199.webp 300w, https:\/\/d2p6e6u75xmxt8.cloudfront.net\/6\/2023\/01\/UCI-Track-Champions-League-profimedia-0742158472-768x510.webp 768w, https:\/\/d2p6e6u75xmxt8.cloudfront.net\/6\/2023\/01\/UCI-Track-Champions-League-profimedia-0742158472-272x182.webp 272w\" sizes=\"auto, (max-width: 1000px) 100vw, 1000px\" \/><\/a><figcaption id=\"caption-attachment-9570\" class=\"wp-caption-text\">La UCI Champions League de pista en Londres. \u00a9 Profimedia<\/figcaption><\/figure>\n<p style=\"font-weight: 400;\">\n<p>Seg\u00fan Lappartient: &#8220;Ya hemos avanzado algo en esta direcci\u00f3n. Por ejemplo, a principios de a\u00f1o habr\u00e1 un curso de formaci\u00f3n en seguridad para los responsables de seguridad de cada evento&#8221;. Otro tema candente fue el aumento del aspecto sostenible del deporte, limitando el da\u00f1o que causa al medio ambiente. &#8220;Somos muy conscientes de que nuestros eventos deben plantearse de una manera m\u00e1s sostenible&#8221;, se\u00f1al\u00f3 Maya Leye, responsable de las Flanders Classics Women. &#8220;En los \u00faltimos a\u00f1os, hemos trabajado para hacerlo lo mejor posible. Y creo que a\u00fan nos queda mucho camino por recorrer&#8221;.<\/p>\n<p>Alessandro Tegner, responsable de marketing y comunicaci\u00f3n de Soudal-Quick Step, afirm\u00f3 que &#8220;toda la familia del ciclismo va en esa direcci\u00f3n. Calculamos nuestra <a href=\"https:\/\/www.welovecycling.com\/wide\/2019\/08\/02\/the-cycling-races-putting-sustainability-first\/\">huella de CO2<\/a>, analizamos c\u00f3mo podemos reducirla y sentimos que estamos haciendo algo por el medio ambiente y por el mundo&#8221;. El Presidente de la UCI, Lappartient, se mostr\u00f3 de acuerdo. &#8220;El tema de la sostenibilidad es una cuesti\u00f3n importante para todos, sobre el clima, sobre los residuos, sobre el uso econ\u00f3mico de los recursos&#8221;, dijo, y a\u00f1adi\u00f3: &#8220;Nuestro objetivo es tener algunas directrices, o especificaciones precisas, en ese \u00e1mbito&#8221;.<\/p>\n<p>Tambi\u00e9n sugiri\u00f3 que, en un futuro pr\u00f3ximo, los equipos ser\u00e1n certificados para obtener licencias de carreras WorldTour no s\u00f3lo por criterios financieros, administrativos y deportivos, como ocurre actualmente, sino tambi\u00e9n por criterios medioambientales y de sostenibilidad.<\/p>\n<p>Parece que nuestro deporte favorito avanza a pasos agigantados hacia el futuro.<\/p>\n","protected":false},"excerpt":{"rendered":"<p>A medida que la popularidad del ciclismo profesional sigue creciendo, con las competiciones femeninas experimentando de repente un auge mundial, [&hellip;]<\/p>\n","protected":false},"author":29,"featured_media":9572,"comment_status":"open","ping_status":"open","sticky":false,"template":"","format":"standard","meta":{"footnotes":""},"categories":[7],"tags":[819,2214],"global-categories":[],"class_list":["post-9569","post","type-post","status-publish","format-standard","has-post-thumbnail","hentry","category-carretera","tag-uci","tag-worldtour"],"yoast_head":"<!-- This site is optimized with the Yoast SEO Premium plugin v25.3 (Yoast SEO v25.9) - https:\/\/yoast.com\/wordpress\/plugins\/seo\/ -->\n<title>\u00bfEs la UCI Champions League el futuro del WorldTour?<\/title>\n<meta name=\"description\" content=\"\u00bfEs la UCI Champions League el futuro del cicilsmo? Los posibles cambios que se avecinan en el ciclismo de carretera.\" \/>\n<meta name=\"robots\" content=\"index, follow, max-snippet:-1, max-image-preview:large, max-video-preview:-1\" \/>\n<link rel=\"canonical\" href=\"https:\/\/www.welovecycling.com\/es\/2023\/01\/03\/uci-champions-league\/\" \/>\n<meta property=\"og:locale\" content=\"es_ES\" \/>\n<meta property=\"og:type\" content=\"article\" \/>\n<meta property=\"og:title\" content=\"\u00bfEs la UCI Champions League el futuro del WorldTour?\" \/>\n<meta property=\"og:description\" content=\"\u00bfEs la UCI Champions League el futuro del cicilsmo? Los posibles cambios que se avecinan en el ciclismo de carretera.\" \/>\n<meta property=\"og:url\" content=\"https:\/\/www.welovecycling.com\/es\/2023\/01\/03\/uci-champions-league\/\" \/>\n<meta property=\"og:site_name\" content=\"\u0160koda We Love Cycling - Spain\" \/>\n<meta property=\"article:published_time\" content=\"2023-01-03T09:24:51+00:00\" \/>\n<meta property=\"og:image\" content=\"https:\/\/d2p6e6u75xmxt8.cloudfront.net\/6\/2023\/01\/Peloton-Il-Lombardia-profimedia-0729110310-CVR.webp\" \/>\n\t<meta property=\"og:image:width\" content=\"990\" \/>\n\t<meta property=\"og:image:height\" content=\"660\" \/>\n\t<meta property=\"og:image:type\" content=\"image\/webp\" \/>\n<meta name=\"author\" content=\"We Love Cycling Spain\" \/>\n<meta name=\"twitter:card\" content=\"summary_large_image\" \/>\n<meta name=\"twitter:title\" content=\"\u00bfEs la UCI Champions League el futuro del cicilsmo?\" \/>\n<meta name=\"twitter:description\" content=\"\u00bfEs la UCI Champions League el futuro del cicilsmo? Los posibles cambios que se avecinan en el ciclismo de carretera.\" \/>\n<meta name=\"twitter:label1\" content=\"Written by\" \/>\n\t<meta name=\"twitter:data1\" content=\"Siegfried Mortkowitz\" \/>\n\t<meta name=\"twitter:label2\" content=\"Est. reading time\" \/>\n\t<meta name=\"twitter:data2\" content=\"5\" \/>\n<script type=\"application\/ld+json\" class=\"yoast-schema-graph\">{\"@context\":\"https:\/\/schema.org\",\"@graph\":[{\"@type\":\"WebPage\",\"@id\":\"https:\/\/www.welovecycling.com\/es\/2023\/01\/03\/uci-champions-league\/\",\"url\":\"https:\/\/www.welovecycling.com\/es\/2023\/01\/03\/uci-champions-league\/\",\"name\":\"\u00bfEs la UCI Champions League el futuro del WorldTour?\",\"isPartOf\":{\"@id\":\"https:\/\/www.welovecycling.com\/es\/#website\"},\"primaryImageOfPage\":{\"@id\":\"https:\/\/www.welovecycling.com\/es\/2023\/01\/03\/uci-champions-league\/#primaryimage\"},\"image\":{\"@id\":\"https:\/\/www.welovecycling.com\/es\/2023\/01\/03\/uci-champions-league\/#primaryimage\"},\"thumbnailUrl\":\"https:\/\/d2p6e6u75xmxt8.cloudfront.net\/6\/2023\/01\/Peloton-Il-Lombardia-profimedia-0729110310-CVR.webp\",\"datePublished\":\"2023-01-03T09:24:51+00:00\",\"author\":{\"@id\":\"https:\/\/www.welovecycling.com\/es\/#\/schema\/person\/deb61715b5812698ee79fb96f343ccd4\"},\"description\":\"\u00bfEs la UCI Champions League el futuro del cicilsmo? Los posibles cambios que se avecinan en el ciclismo de carretera.\",\"breadcrumb\":{\"@id\":\"https:\/\/www.welovecycling.com\/es\/2023\/01\/03\/uci-champions-league\/#breadcrumb\"},\"inLanguage\":\"es-ES\",\"potentialAction\":[{\"@type\":\"ReadAction\",\"target\":[\"https:\/\/www.welovecycling.com\/es\/2023\/01\/03\/uci-champions-league\/\"]}]},{\"@type\":\"ImageObject\",\"inLanguage\":\"es-ES\",\"@id\":\"https:\/\/www.welovecycling.com\/es\/2023\/01\/03\/uci-champions-league\/#primaryimage\",\"url\":\"https:\/\/d2p6e6u75xmxt8.cloudfront.net\/6\/2023\/01\/Peloton-Il-Lombardia-profimedia-0729110310-CVR.webp\",\"contentUrl\":\"https:\/\/d2p6e6u75xmxt8.cloudfront.net\/6\/2023\/01\/Peloton-Il-Lombardia-profimedia-0729110310-CVR.webp\",\"width\":990,\"height\":660,\"caption\":\"Il Lombardia\"},{\"@type\":\"BreadcrumbList\",\"@id\":\"https:\/\/www.welovecycling.com\/es\/2023\/01\/03\/uci-champions-league\/#breadcrumb\",\"itemListElement\":[{\"@type\":\"ListItem\",\"position\":1,\"name\":\"Home\",\"item\":\"https:\/\/www.welovecycling.com\/es\/\"},{\"@type\":\"ListItem\",\"position\":2,\"name\":\"\u00bfEs la UCI Champions League el futuro del WorldTour?\"}]},{\"@type\":\"WebSite\",\"@id\":\"https:\/\/www.welovecycling.com\/es\/#website\",\"url\":\"https:\/\/www.welovecycling.com\/es\/\",\"name\":\"\u0160koda We Love Cycling - Spain\",\"description\":\"\u0160koda WeLoveCycling Spain\",\"potentialAction\":[{\"@type\":\"SearchAction\",\"target\":{\"@type\":\"EntryPoint\",\"urlTemplate\":\"https:\/\/www.welovecycling.com\/es\/?s={search_term_string}\"},\"query-input\":{\"@type\":\"PropertyValueSpecification\",\"valueRequired\":true,\"valueName\":\"search_term_string\"}}],\"inLanguage\":\"es-ES\"},{\"@type\":\"Person\",\"@id\":\"https:\/\/www.welovecycling.com\/es\/#\/schema\/person\/deb61715b5812698ee79fb96f343ccd4\",\"name\":\"We Love Cycling Spain\",\"image\":{\"@type\":\"ImageObject\",\"inLanguage\":\"es-ES\",\"@id\":\"https:\/\/www.welovecycling.com\/es\/#\/schema\/person\/image\/\",\"url\":\"https:\/\/secure.gravatar.com\/avatar\/c824b04e6df0e37a03219d0b6481672889df542894588964102459e46513159c?s=96&d=mm&r=g\",\"contentUrl\":\"https:\/\/secure.gravatar.com\/avatar\/c824b04e6df0e37a03219d0b6481672889df542894588964102459e46513159c?s=96&d=mm&r=g\",\"caption\":\"We Love Cycling Spain\"},\"url\":\"https:\/\/www.welovecycling.com\/es\/author\/amunoz\/\"}]}<\/script>\n<!-- \/ Yoast SEO Premium plugin. -->","yoast_head_json":{"title":"\u00bfEs la UCI Champions League el futuro del WorldTour?","description":"\u00bfEs la UCI Champions League el futuro del cicilsmo? Los posibles cambios que se avecinan en el ciclismo de carretera.","robots":{"index":"index","follow":"follow","max-snippet":"max-snippet:-1","max-image-preview":"max-image-preview:large","max-video-preview":"max-video-preview:-1"},"canonical":"https:\/\/www.welovecycling.com\/es\/2023\/01\/03\/uci-champions-league\/","og_locale":"es_ES","og_type":"article","og_title":"\u00bfEs la UCI Champions League el futuro del WorldTour?","og_description":"\u00bfEs la UCI Champions League el futuro del cicilsmo? Los posibles cambios que se avecinan en el ciclismo de carretera.","og_url":"https:\/\/www.welovecycling.com\/es\/2023\/01\/03\/uci-champions-league\/","og_site_name":"\u0160koda We Love Cycling - Spain","article_published_time":"2023-01-03T09:24:51+00:00","og_image":[{"width":990,"height":660,"url":"https:\/\/d2p6e6u75xmxt8.cloudfront.net\/6\/2023\/01\/Peloton-Il-Lombardia-profimedia-0729110310-CVR.webp","type":"image\/webp"}],"author":"We Love Cycling Spain","twitter_card":"summary_large_image","twitter_title":"\u00bfEs la UCI Champions League el futuro del cicilsmo?","twitter_description":"\u00bfEs la UCI Champions League el futuro del cicilsmo? Los posibles cambios que se avecinan en el ciclismo de carretera.","twitter_misc":{"Written by":"Siegfried Mortkowitz","Est. reading time":"5"},"schema":{"@context":"https:\/\/schema.org","@graph":[{"@type":"WebPage","@id":"https:\/\/www.welovecycling.com\/es\/2023\/01\/03\/uci-champions-league\/","url":"https:\/\/www.welovecycling.com\/es\/2023\/01\/03\/uci-champions-league\/","name":"\u00bfEs la UCI Champions League el futuro del WorldTour?","isPartOf":{"@id":"https:\/\/www.welovecycling.com\/es\/#website"},"primaryImageOfPage":{"@id":"https:\/\/www.welovecycling.com\/es\/2023\/01\/03\/uci-champions-league\/#primaryimage"},"image":{"@id":"https:\/\/www.welovecycling.com\/es\/2023\/01\/03\/uci-champions-league\/#primaryimage"},"thumbnailUrl":"https:\/\/d2p6e6u75xmxt8.cloudfront.net\/6\/2023\/01\/Peloton-Il-Lombardia-profimedia-0729110310-CVR.webp","datePublished":"2023-01-03T09:24:51+00:00","author":{"@id":"https:\/\/www.welovecycling.com\/es\/#\/schema\/person\/deb61715b5812698ee79fb96f343ccd4"},"description":"\u00bfEs la UCI Champions League el futuro del cicilsmo? Los posibles cambios que se avecinan en el ciclismo de carretera.","breadcrumb":{"@id":"https:\/\/www.welovecycling.com\/es\/2023\/01\/03\/uci-champions-league\/#breadcrumb"},"inLanguage":"es-ES","potentialAction":[{"@type":"ReadAction","target":["https:\/\/www.welovecycling.com\/es\/2023\/01\/03\/uci-champions-league\/"]}]},{"@type":"ImageObject","inLanguage":"es-ES","@id":"https:\/\/www.welovecycling.com\/es\/2023\/01\/03\/uci-champions-league\/#primaryimage","url":"https:\/\/d2p6e6u75xmxt8.cloudfront.net\/6\/2023\/01\/Peloton-Il-Lombardia-profimedia-0729110310-CVR.webp","contentUrl":"https:\/\/d2p6e6u75xmxt8.cloudfront.net\/6\/2023\/01\/Peloton-Il-Lombardia-profimedia-0729110310-CVR.webp","width":990,"height":660,"caption":"Il Lombardia"},{"@type":"BreadcrumbList","@id":"https:\/\/www.welovecycling.com\/es\/2023\/01\/03\/uci-champions-league\/#breadcrumb","itemListElement":[{"@type":"ListItem","position":1,"name":"Home","item":"https:\/\/www.welovecycling.com\/es\/"},{"@type":"ListItem","position":2,"name":"\u00bfEs la UCI Champions League el futuro del WorldTour?"}]},{"@type":"WebSite","@id":"https:\/\/www.welovecycling.com\/es\/#website","url":"https:\/\/www.welovecycling.com\/es\/","name":"\u0160koda We Love Cycling - Spain","description":"\u0160koda WeLoveCycling Spain","potentialAction":[{"@type":"SearchAction","target":{"@type":"EntryPoint","urlTemplate":"https:\/\/www.welovecycling.com\/es\/?s={search_term_string}"},"query-input":{"@type":"PropertyValueSpecification","valueRequired":true,"valueName":"search_term_string"}}],"inLanguage":"es-ES"},{"@type":"Person","@id":"https:\/\/www.welovecycling.com\/es\/#\/schema\/person\/deb61715b5812698ee79fb96f343ccd4","name":"We Love Cycling Spain","image":{"@type":"ImageObject","inLanguage":"es-ES","@id":"https:\/\/www.welovecycling.com\/es\/#\/schema\/person\/image\/","url":"https:\/\/secure.gravatar.com\/avatar\/c824b04e6df0e37a03219d0b6481672889df542894588964102459e46513159c?s=96&d=mm&r=g","contentUrl":"https:\/\/secure.gravatar.com\/avatar\/c824b04e6df0e37a03219d0b6481672889df542894588964102459e46513159c?s=96&d=mm&r=g","caption":"We Love Cycling Spain"},"url":"https:\/\/www.welovecycling.com\/es\/author\/amunoz\/"}]}},"_links":{"self":[{"href":"https:\/\/www.welovecycling.com\/es\/wp-json\/wp\/v2\/posts\/9569","targetHints":{"allow":["GET"]}}],"collection":[{"href":"https:\/\/www.welovecycling.com\/es\/wp-json\/wp\/v2\/posts"}],"about":[{"href":"https:\/\/www.welovecycling.com\/es\/wp-json\/wp\/v2\/types\/post"}],"author":[{"embeddable":true,"href":"https:\/\/www.welovecycling.com\/es\/wp-json\/wp\/v2\/users\/29"}],"replies":[{"embeddable":true,"href":"https:\/\/www.welovecycling.com\/es\/wp-json\/wp\/v2\/comments?post=9569"}],"version-history":[{"count":2,"href":"https:\/\/www.welovecycling.com\/es\/wp-json\/wp\/v2\/posts\/9569\/revisions"}],"predecessor-version":[{"id":9573,"href":"https:\/\/www.welovecycling.com\/es\/wp-json\/wp\/v2\/posts\/9569\/revisions\/9573"}],"wp:featuredmedia":[{"embeddable":true,"href":"https:\/\/www.welovecycling.com\/es\/wp-json\/wp\/v2\/media\/9572"}],"wp:attachment":[{"href":"https:\/\/www.welovecycling.com\/es\/wp-json\/wp\/v2\/media?parent=9569"}],"wp:term":[{"taxonomy":"category","embeddable":true,"href":"https:\/\/www.welovecycling.com\/es\/wp-json\/wp\/v2\/categories?post=9569"},{"taxonomy":"post_tag","embeddable":true,"href":"https:\/\/www.welovecycling.com\/es\/wp-json\/wp\/v2\/tags?post=9569"},{"taxonomy":"global-categories","embeddable":true,"href":"https:\/\/www.welovecycling.com\/es\/wp-json\/wp\/v2\/global-categories?post=9569"}],"curies":[{"name":"wp","href":"https:\/\/api.w.org\/{rel}","templated":true}]}}