{"id":9532,"date":"2022-12-27T13:13:24","date_gmt":"2022-12-27T11:13:24","guid":{"rendered":"https:\/\/www.welovecycling.com\/es\/?p=9532"},"modified":"2022-12-23T13:34:29","modified_gmt":"2022-12-23T11:34:29","slug":"mtb-invierno","status":"publish","type":"post","link":"https:\/\/www.welovecycling.com\/es\/2022\/12\/27\/mtb-invierno\/","title":{"rendered":"Cinco lugares de MTB para el invierno"},"content":{"rendered":"<p style=\"font-weight: 400;\"><strong>Si el terrible tiempo que hace fuera te est\u00e1 deprimiendo, ya es hora de que empieces a buscar unas vacaciones realmente especiales con su ser querido. No, no con tu pareja. Con tu bici. Si tu pareja se apunta, a\u00fan mejor. Aqu\u00ed tienes cinco lugares donde no pasar fr\u00edo en MTB en invierno.<\/strong><\/p>\n<p><!--more--><\/p>\n<p style=\"font-weight: 400;\">Desgraciadamente, la mayor\u00eda de los parques y senderos habituales est\u00e1n cerrados, y aunque los paseos invernales son divertidos, no se pueden comparar con la dicha de la bicicleta de monta\u00f1a de todos los d\u00edas del verano. La falta de posibilidades de sufrir congelaciones tambi\u00e9n resulta atractiva. Ni que decir tiene que necesitas algunas ideas y, como siempre, estamos aqu\u00ed para ayudarte. Hemos reunido los cinco mejores lugares de Europa para disfrutar de la bicicleta de monta\u00f1a mientras el resto se congela.<\/p>\n<h2><strong>5. Costa Azul &#8211; Francia<\/strong><\/h2>\n<p>A la cabeza de nuestra lista se encuentra la riviera francesa y sus magn\u00edficas vistas. Es cierto que este lugar suele ser utilizado por los ciclistas de carretera para sus escapadas invernales, pero puede ofrecer la misma diversi\u00f3n a los ciclistas de MTB. La ciudad de Niza es muy acogedora para todo tipo de ciclistas. Para ser sinceros, acogen a todo tipo de turistas durante los meses fr\u00edos del a\u00f1o gracias a su clima templado, sus acogedores alojamientos, su deliciosa comida y su extraordinaria hospitalidad (en lo que a hospitalidad francesa se refiere).<\/p>\n<p>La <a href=\"https:\/\/cotedazurfrance.fr\/en\/\">Costa Azul<\/a> es un aut\u00e9ntico para\u00edso para los ciclistas, con temperaturas medias de 8-10\u00b0 en los meses de invierno y un tiempo soleado en su mayor parte. De media, se puede disfrutar de m\u00e1s de 25 d\u00edas sin lluvia durante los meses comprendidos entre diciembre y abril. Adem\u00e1s, pr\u00e1cticamente no hay nieve, e incluso en los raros casos en que nieva, nunca hay un manto blanco que interrumpa su alegr\u00eda.<\/p>\n<p>Por si fuera poco, las autoridades locales han realizado importantes inversiones para transformar la Costa Azul en un inspirador destino ciclista. La infraestructura est\u00e1 bien mantenida todo el a\u00f1o, y hay muchas opciones de senderos, independientemente de si prefiere XC o DH. Los senderos son magn\u00edficos, combinan piedra caliza, tierra fina, tramos de bosque y todo lo que un ciclista de MTB en invierno necesita para pasarlo en grande.<\/p>\n<h2><strong>4. Madeira- Portugal<\/strong><\/h2>\n<p>Aunque t\u00e9cnicamente es \u00c1frica o, al menos, una isla africana, sigue bajo gobierno portugu\u00e9s, por lo que llegar hasta all\u00ed no requerir\u00e1 visados ni plantear\u00e1 complicaciones importantes. Adem\u00e1s, gracias a la proximidad de las Islas Canarias, Madeira sigue siendo una joya oculta. Si prefieres unas vacaciones solitarias con relativamente pocos turistas, Madeira puede ser perfecta para ti. Con temperaturas invernales medias de unos 17\u00b0, es ideal para practicar ciclismo de monta\u00f1a. El \u00fanico problema menor es la humedad, pero una vez que se empieza a atravesar los volcanes, se olvida este problema al instante.<\/p>\n<p>La peque\u00f1a isla situada al noroeste de \u00c1frica es realmente magn\u00edfica, con sus coquetos senderos y encantadores paisajes. Naturalmente, como el lugar no est\u00e1 tan de moda como las Islas Canarias, las pistas est\u00e1n relativamente vac\u00edas, por lo que es buena idea contar con un amigo cuando se va a montar en MTB. De lo contrario, si tienes un accidente, existe la posibilidad de que nadie te encuentre durante d\u00edas.<\/p>\n<p>Tienes la oportunidad de explorar los senderos locales por tu cuenta, pero si dispones de poco tiempo, te sugerimos que contrates a un gu\u00eda que pueda mostrarte las joyas mejor escondidas de la isla. Aunque el terreno es monta\u00f1oso (como la mayor\u00eda de las islas volc\u00e1nicas), hay senderos para todos los ciclistas, sea cual sea su nivel. Aun as\u00ed, los mejores pueden hacer algunos descensos excepcionales desde lo m\u00e1s alto de la isla hasta el nivel del mar. Eso s\u00ed, no te tires al mar despu\u00e9s, ya que en esta \u00e9poca del a\u00f1o la temperatura del agua suele rondar los 14-15\u00b0.<\/p>\n<h2><strong>3. Liguria &#8211; Italia<\/strong><\/h2>\n<p style=\"font-weight: 400;\">Visitar Italia es una buena idea en cualquier momento y por cualquier motivo. Visitarla con una bicicleta s\u00f3lo puede mejorar tu experiencia. Sin embargo, cuando se trata de ciclismo de monta\u00f1a en invierno, hay que ceder el paso a la Liguria (Finale Ligure). Este encantador pueblo italiano, a tiro de piedra de G\u00e9nova, ha sido un punto de referencia para el MTB desde que comenzaron all\u00ed las <a href=\"https:\/\/www.welovecycling.com\/wide\/2021\/11\/30\/top-5-winter-tyres-for-your-mtb\/\">Series Mundiales de Enduro.<\/a> Gracias a su clima suave de unos 10\u00b0, la estaci\u00f3n se ha convertido en un destino de peregrinaci\u00f3n para muchos ciclistas de Enduro y DH del norte de Europa, ya que no les importa demasiado el clima relativamente fresco.<\/p>\n<figure id=\"attachment_9533\" aria-describedby=\"caption-attachment-9533\" style=\"width: 1000px\" class=\"wp-caption alignnone\"><a href=\"https:\/\/d2p6e6u75xmxt8.cloudfront.net\/6\/2022\/12\/Finale-Ligure-profimedia-0323443027.webp\"><img loading=\"lazy\" decoding=\"async\" class=\"wp-image-9533 size-full\" src=\"https:\/\/d2p6e6u75xmxt8.cloudfront.net\/6\/2022\/12\/Finale-Ligure-profimedia-0323443027.webp\" alt=\"Finale Ligure\" width=\"1000\" height=\"666\" srcset=\"https:\/\/d2p6e6u75xmxt8.cloudfront.net\/6\/2022\/12\/Finale-Ligure-profimedia-0323443027.webp 1000w, https:\/\/d2p6e6u75xmxt8.cloudfront.net\/6\/2022\/12\/Finale-Ligure-profimedia-0323443027-300x200.webp 300w, https:\/\/d2p6e6u75xmxt8.cloudfront.net\/6\/2022\/12\/Finale-Ligure-profimedia-0323443027-768x511.webp 768w, https:\/\/d2p6e6u75xmxt8.cloudfront.net\/6\/2022\/12\/Finale-Ligure-profimedia-0323443027-272x182.webp 272w\" sizes=\"auto, (max-width: 1000px) 100vw, 1000px\" \/><\/a><figcaption id=\"caption-attachment-9533\" class=\"wp-caption-text\">Finale Ligure se adapta a cualquier ciclista. \u00a9 Profimedia<\/figcaption><\/figure>\n<p>&nbsp;<\/p>\n<p>Hay algunos senderos justo al lado de la costa que pueden hacer feliz a cualquier ciclista, pero para las verdaderas joyas, hay que ir un poco m\u00e1s al interior, a los pies de los Alpes. All\u00ed se puede disfrutar de algunos descensos realmente magn\u00edficos de m\u00e1s de 1.400 metros de altitud.<\/p>\n<p>La ciudad en s\u00ed tampoco tiene desperdicio. Tiene un casco antiguo realmente precioso y la comida&#8230; Dios m\u00edo, la comida. No te sorprendas si engordas a pesar de salir todos los d\u00edas en bici<\/p>\n<h2><strong>2. Gran Canaria<\/strong><\/h2>\n<p>Las Islas Canarias suelen ser una buena idea para visitar durante el invierno. La temperatura durante todo el a\u00f1o ronda los 20-25\u00b0, lo que las convierte en el lugar perfecto para disfrutar del sol y de un clima relativamente c\u00e1lido durante el invierno. Muchos brit\u00e1nicos hicieron de Canarias su hogar invernal precisamente por esta raz\u00f3n. <a href=\"https:\/\/www.grancanaria.com\/turismo\/\">Gran Canaria<\/a>, como la mayor de todas, es la que m\u00e1s tiene que ofrecer, sobre todo si hablamos de ciclismo de monta\u00f1a. Con 325 d\u00edas de sol al a\u00f1o, puedes estar seguro de que tendr\u00e1 al menos un par de oportunidades para recorrer los senderos volc\u00e1nicos de la isla<\/p>\n<p>En general, el terreno es muy monta\u00f1oso y habr\u00e1 que estar en forma y ser fuerte para soportarlo. Aun as\u00ed, si lo suyo es el descenso, puedes alquilar una furgoneta con amigos y disfrutar de algunos senderos realmente inspiradores hasta llegar al oc\u00e9ano. Incluso podr\u00e1s ba\u00f1arte despu\u00e9s si el agua de 20\u00b0 no te resulta demasiado fr\u00eda. Ten en cuenta que el terreno suele ser seco y polvoriento en el sur gracias a la abundancia de sol y ceniza del volc\u00e1n, as\u00ed que equ\u00edpate en consecuencia, mientras que el norte es totalmente verde.<\/p>\n<h2><strong>1. La Palma<\/strong><\/h2>\n<p>Hablando de las Canarias, la isla de <a href=\"https:\/\/www.visitlapalma.es\/\">La Palma<\/a> es realmente el lugar al que ir durante los meses de invierno en MTB si lo que buscas es una magn\u00edfica aventura. Como sabes, la isla fue recientemente escenario de una catastr\u00f3fica erupci\u00f3n volc\u00e1nica que oblig\u00f3 a miles de personas a abandonar el lugar. Sin embargo, el volc\u00e1n se considera en calma desde finales de 2021, y aunque la erupci\u00f3n fue realmente tr\u00e1gica, podemos encontrar un resquicio de esperanza en esos senderos completamente nuevos que se formaron tras el flujo de lava. La temperatura ronda los 20\u00b0 anuales, lo que lo convierte en un lugar excepcional para los entrenamientos invernales. Adem\u00e1s, con pistas que se adaptan a todos los niveles de habilidad, es el lugar perfecto para ir con toda la familia.<\/p>\n<p>Para los principiantes y los ni\u00f1os, hay algunas pistas relativamente f\u00e1ciles cerca de la costa, mientras que en las monta\u00f1as, hay algunas pistas serias que pueden ser un reto incluso para los profesionales. El terreno est\u00e1 formado en su totalidad por rocas volc\u00e1nicas mezcladas con arena fina, lo que deber\u00eda darle una pista de que necesitar\u00e1 neum\u00e1ticos de primera calidad. Aun as\u00ed, el hecho de contar con pistas completamente nuevas y la posibilidad de descender m\u00e1s de 2.000 metros convierte a La Palma en la creme de la creme de los destinos invernales de MTB. S\u00f3lo unas palabras de precauci\u00f3n si decides emprender el viaje. Debes tomarte muy en serio las zonas prohibidas y aprenderte d\u00f3nde hay puntos peligrosos para evitarlos. Suelen estar bien se\u00f1alizados, pero para ir sobre seguro, no te alejes demasiado de los senderos.<\/p>\n<p>Estos son los 5 mejores lugares para pasar las vacaciones de invierno con tu MTB. Todo lo que necesitas ahora es algo de tiempo libre del trabajo y ver si tienes vuelos directos a ese destino. Nos vemos all\u00ed.<\/p>\n","protected":false},"excerpt":{"rendered":"<p>Si el terrible tiempo que hace fuera te est\u00e1 deprimiendo, ya es hora de que empieces a buscar unas vacaciones [&hellip;]<\/p>\n","protected":false},"author":29,"featured_media":9535,"comment_status":"open","ping_status":"open","sticky":false,"template":"","format":"standard","meta":{"footnotes":""},"categories":[9],"tags":[],"global-categories":[],"class_list":["post-9532","post","type-post","status-publish","format-standard","has-post-thumbnail","hentry","category-mtb-aventura"],"yoast_head":"<!-- This site is optimized with the Yoast SEO Premium plugin v25.3 (Yoast SEO v25.9) - https:\/\/yoast.com\/wordpress\/plugins\/seo\/ -->\n<title>Cinco lugares de MTB para el invierno - \u0160koda We Love Cycling - Spain<\/title>\n<meta name=\"description\" content=\"Los cinco lugares para no pasar frio en MTB en invierno. Desde la Riveira francesa a las islas de Gran Canaria o La Palma.\" \/>\n<meta name=\"robots\" content=\"index, follow, max-snippet:-1, max-image-preview:large, max-video-preview:-1\" \/>\n<link rel=\"canonical\" href=\"https:\/\/www.welovecycling.com\/es\/2022\/12\/27\/mtb-invierno\/\" \/>\n<meta property=\"og:locale\" content=\"es_ES\" \/>\n<meta property=\"og:type\" content=\"article\" \/>\n<meta property=\"og:title\" content=\"Cinco lugares de MTB para el invierno\" \/>\n<meta property=\"og:description\" content=\"Los cinco lugares para no pasar frio en MTB en invierno. Desde la Riveira francesa a las islas de Gran Canaria o La Palma.\" \/>\n<meta property=\"og:url\" content=\"https:\/\/www.welovecycling.com\/es\/2022\/12\/27\/mtb-invierno\/\" \/>\n<meta property=\"og:site_name\" content=\"\u0160koda We Love Cycling - Spain\" \/>\n<meta property=\"article:published_time\" content=\"2022-12-27T11:13:24+00:00\" \/>\n<meta property=\"og:image\" content=\"https:\/\/d2p6e6u75xmxt8.cloudfront.net\/6\/2022\/12\/Gran-Canaria-profimedia-0218457242-CVR.webp\" \/>\n\t<meta property=\"og:image:width\" content=\"990\" \/>\n\t<meta property=\"og:image:height\" content=\"660\" \/>\n\t<meta property=\"og:image:type\" content=\"image\/webp\" \/>\n<meta name=\"author\" content=\"We Love Cycling Spain\" \/>\n<meta name=\"twitter:card\" content=\"summary_large_image\" \/>\n<meta name=\"twitter:label1\" content=\"Written by\" \/>\n\t<meta name=\"twitter:data1\" content=\"Martin Atanasov\" \/>\n\t<meta name=\"twitter:label2\" content=\"Est. reading time\" \/>\n\t<meta name=\"twitter:data2\" content=\"6\" \/>\n<script type=\"application\/ld+json\" class=\"yoast-schema-graph\">{\"@context\":\"https:\/\/schema.org\",\"@graph\":[{\"@type\":\"WebPage\",\"@id\":\"https:\/\/www.welovecycling.com\/es\/2022\/12\/27\/mtb-invierno\/\",\"url\":\"https:\/\/www.welovecycling.com\/es\/2022\/12\/27\/mtb-invierno\/\",\"name\":\"Cinco lugares de MTB para el invierno - \u0160koda We Love Cycling - Spain\",\"isPartOf\":{\"@id\":\"https:\/\/www.welovecycling.com\/es\/#website\"},\"primaryImageOfPage\":{\"@id\":\"https:\/\/www.welovecycling.com\/es\/2022\/12\/27\/mtb-invierno\/#primaryimage\"},\"image\":{\"@id\":\"https:\/\/www.welovecycling.com\/es\/2022\/12\/27\/mtb-invierno\/#primaryimage\"},\"thumbnailUrl\":\"https:\/\/d2p6e6u75xmxt8.cloudfront.net\/6\/2022\/12\/Gran-Canaria-profimedia-0218457242-CVR.webp\",\"datePublished\":\"2022-12-27T11:13:24+00:00\",\"author\":{\"@id\":\"https:\/\/www.welovecycling.com\/es\/#\/schema\/person\/deb61715b5812698ee79fb96f343ccd4\"},\"description\":\"Los cinco lugares para no pasar frio en MTB en invierno. Desde la Riveira francesa a las islas de Gran Canaria o La Palma.\",\"breadcrumb\":{\"@id\":\"https:\/\/www.welovecycling.com\/es\/2022\/12\/27\/mtb-invierno\/#breadcrumb\"},\"inLanguage\":\"es-ES\",\"potentialAction\":[{\"@type\":\"ReadAction\",\"target\":[\"https:\/\/www.welovecycling.com\/es\/2022\/12\/27\/mtb-invierno\/\"]}]},{\"@type\":\"ImageObject\",\"inLanguage\":\"es-ES\",\"@id\":\"https:\/\/www.welovecycling.com\/es\/2022\/12\/27\/mtb-invierno\/#primaryimage\",\"url\":\"https:\/\/d2p6e6u75xmxt8.cloudfront.net\/6\/2022\/12\/Gran-Canaria-profimedia-0218457242-CVR.webp\",\"contentUrl\":\"https:\/\/d2p6e6u75xmxt8.cloudfront.net\/6\/2022\/12\/Gran-Canaria-profimedia-0218457242-CVR.webp\",\"width\":990,\"height\":660,\"caption\":\"Gran Canaria cycling\"},{\"@type\":\"BreadcrumbList\",\"@id\":\"https:\/\/www.welovecycling.com\/es\/2022\/12\/27\/mtb-invierno\/#breadcrumb\",\"itemListElement\":[{\"@type\":\"ListItem\",\"position\":1,\"name\":\"Home\",\"item\":\"https:\/\/www.welovecycling.com\/es\/\"},{\"@type\":\"ListItem\",\"position\":2,\"name\":\"Cinco lugares de MTB para el invierno\"}]},{\"@type\":\"WebSite\",\"@id\":\"https:\/\/www.welovecycling.com\/es\/#website\",\"url\":\"https:\/\/www.welovecycling.com\/es\/\",\"name\":\"\u0160koda We Love Cycling - Spain\",\"description\":\"\u0160koda WeLoveCycling Spain\",\"potentialAction\":[{\"@type\":\"SearchAction\",\"target\":{\"@type\":\"EntryPoint\",\"urlTemplate\":\"https:\/\/www.welovecycling.com\/es\/?s={search_term_string}\"},\"query-input\":{\"@type\":\"PropertyValueSpecification\",\"valueRequired\":true,\"valueName\":\"search_term_string\"}}],\"inLanguage\":\"es-ES\"},{\"@type\":\"Person\",\"@id\":\"https:\/\/www.welovecycling.com\/es\/#\/schema\/person\/deb61715b5812698ee79fb96f343ccd4\",\"name\":\"We Love Cycling Spain\",\"image\":{\"@type\":\"ImageObject\",\"inLanguage\":\"es-ES\",\"@id\":\"https:\/\/www.welovecycling.com\/es\/#\/schema\/person\/image\/\",\"url\":\"https:\/\/secure.gravatar.com\/avatar\/c824b04e6df0e37a03219d0b6481672889df542894588964102459e46513159c?s=96&d=mm&r=g\",\"contentUrl\":\"https:\/\/secure.gravatar.com\/avatar\/c824b04e6df0e37a03219d0b6481672889df542894588964102459e46513159c?s=96&d=mm&r=g\",\"caption\":\"We Love Cycling Spain\"},\"url\":\"https:\/\/www.welovecycling.com\/es\/author\/amunoz\/\"}]}<\/script>\n<!-- \/ Yoast SEO Premium plugin. -->","yoast_head_json":{"title":"Cinco lugares de MTB para el invierno - \u0160koda We Love Cycling - Spain","description":"Los cinco lugares para no pasar frio en MTB en invierno. Desde la Riveira francesa a las islas de Gran Canaria o La Palma.","robots":{"index":"index","follow":"follow","max-snippet":"max-snippet:-1","max-image-preview":"max-image-preview:large","max-video-preview":"max-video-preview:-1"},"canonical":"https:\/\/www.welovecycling.com\/es\/2022\/12\/27\/mtb-invierno\/","og_locale":"es_ES","og_type":"article","og_title":"Cinco lugares de MTB para el invierno","og_description":"Los cinco lugares para no pasar frio en MTB en invierno. Desde la Riveira francesa a las islas de Gran Canaria o La Palma.","og_url":"https:\/\/www.welovecycling.com\/es\/2022\/12\/27\/mtb-invierno\/","og_site_name":"\u0160koda We Love Cycling - Spain","article_published_time":"2022-12-27T11:13:24+00:00","og_image":[{"width":990,"height":660,"url":"https:\/\/d2p6e6u75xmxt8.cloudfront.net\/6\/2022\/12\/Gran-Canaria-profimedia-0218457242-CVR.webp","type":"image\/webp"}],"author":"We Love Cycling Spain","twitter_card":"summary_large_image","twitter_misc":{"Written by":"Martin Atanasov","Est. reading time":"6"},"schema":{"@context":"https:\/\/schema.org","@graph":[{"@type":"WebPage","@id":"https:\/\/www.welovecycling.com\/es\/2022\/12\/27\/mtb-invierno\/","url":"https:\/\/www.welovecycling.com\/es\/2022\/12\/27\/mtb-invierno\/","name":"Cinco lugares de MTB para el invierno - \u0160koda We Love Cycling - Spain","isPartOf":{"@id":"https:\/\/www.welovecycling.com\/es\/#website"},"primaryImageOfPage":{"@id":"https:\/\/www.welovecycling.com\/es\/2022\/12\/27\/mtb-invierno\/#primaryimage"},"image":{"@id":"https:\/\/www.welovecycling.com\/es\/2022\/12\/27\/mtb-invierno\/#primaryimage"},"thumbnailUrl":"https:\/\/d2p6e6u75xmxt8.cloudfront.net\/6\/2022\/12\/Gran-Canaria-profimedia-0218457242-CVR.webp","datePublished":"2022-12-27T11:13:24+00:00","author":{"@id":"https:\/\/www.welovecycling.com\/es\/#\/schema\/person\/deb61715b5812698ee79fb96f343ccd4"},"description":"Los cinco lugares para no pasar frio en MTB en invierno. Desde la Riveira francesa a las islas de Gran Canaria o La Palma.","breadcrumb":{"@id":"https:\/\/www.welovecycling.com\/es\/2022\/12\/27\/mtb-invierno\/#breadcrumb"},"inLanguage":"es-ES","potentialAction":[{"@type":"ReadAction","target":["https:\/\/www.welovecycling.com\/es\/2022\/12\/27\/mtb-invierno\/"]}]},{"@type":"ImageObject","inLanguage":"es-ES","@id":"https:\/\/www.welovecycling.com\/es\/2022\/12\/27\/mtb-invierno\/#primaryimage","url":"https:\/\/d2p6e6u75xmxt8.cloudfront.net\/6\/2022\/12\/Gran-Canaria-profimedia-0218457242-CVR.webp","contentUrl":"https:\/\/d2p6e6u75xmxt8.cloudfront.net\/6\/2022\/12\/Gran-Canaria-profimedia-0218457242-CVR.webp","width":990,"height":660,"caption":"Gran Canaria cycling"},{"@type":"BreadcrumbList","@id":"https:\/\/www.welovecycling.com\/es\/2022\/12\/27\/mtb-invierno\/#breadcrumb","itemListElement":[{"@type":"ListItem","position":1,"name":"Home","item":"https:\/\/www.welovecycling.com\/es\/"},{"@type":"ListItem","position":2,"name":"Cinco lugares de MTB para el invierno"}]},{"@type":"WebSite","@id":"https:\/\/www.welovecycling.com\/es\/#website","url":"https:\/\/www.welovecycling.com\/es\/","name":"\u0160koda We Love Cycling - Spain","description":"\u0160koda WeLoveCycling Spain","potentialAction":[{"@type":"SearchAction","target":{"@type":"EntryPoint","urlTemplate":"https:\/\/www.welovecycling.com\/es\/?s={search_term_string}"},"query-input":{"@type":"PropertyValueSpecification","valueRequired":true,"valueName":"search_term_string"}}],"inLanguage":"es-ES"},{"@type":"Person","@id":"https:\/\/www.welovecycling.com\/es\/#\/schema\/person\/deb61715b5812698ee79fb96f343ccd4","name":"We Love Cycling Spain","image":{"@type":"ImageObject","inLanguage":"es-ES","@id":"https:\/\/www.welovecycling.com\/es\/#\/schema\/person\/image\/","url":"https:\/\/secure.gravatar.com\/avatar\/c824b04e6df0e37a03219d0b6481672889df542894588964102459e46513159c?s=96&d=mm&r=g","contentUrl":"https:\/\/secure.gravatar.com\/avatar\/c824b04e6df0e37a03219d0b6481672889df542894588964102459e46513159c?s=96&d=mm&r=g","caption":"We Love Cycling Spain"},"url":"https:\/\/www.welovecycling.com\/es\/author\/amunoz\/"}]}},"_links":{"self":[{"href":"https:\/\/www.welovecycling.com\/es\/wp-json\/wp\/v2\/posts\/9532","targetHints":{"allow":["GET"]}}],"collection":[{"href":"https:\/\/www.welovecycling.com\/es\/wp-json\/wp\/v2\/posts"}],"about":[{"href":"https:\/\/www.welovecycling.com\/es\/wp-json\/wp\/v2\/types\/post"}],"author":[{"embeddable":true,"href":"https:\/\/www.welovecycling.com\/es\/wp-json\/wp\/v2\/users\/29"}],"replies":[{"embeddable":true,"href":"https:\/\/www.welovecycling.com\/es\/wp-json\/wp\/v2\/comments?post=9532"}],"version-history":[{"count":2,"href":"https:\/\/www.welovecycling.com\/es\/wp-json\/wp\/v2\/posts\/9532\/revisions"}],"predecessor-version":[{"id":9536,"href":"https:\/\/www.welovecycling.com\/es\/wp-json\/wp\/v2\/posts\/9532\/revisions\/9536"}],"wp:featuredmedia":[{"embeddable":true,"href":"https:\/\/www.welovecycling.com\/es\/wp-json\/wp\/v2\/media\/9535"}],"wp:attachment":[{"href":"https:\/\/www.welovecycling.com\/es\/wp-json\/wp\/v2\/media?parent=9532"}],"wp:term":[{"taxonomy":"category","embeddable":true,"href":"https:\/\/www.welovecycling.com\/es\/wp-json\/wp\/v2\/categories?post=9532"},{"taxonomy":"post_tag","embeddable":true,"href":"https:\/\/www.welovecycling.com\/es\/wp-json\/wp\/v2\/tags?post=9532"},{"taxonomy":"global-categories","embeddable":true,"href":"https:\/\/www.welovecycling.com\/es\/wp-json\/wp\/v2\/global-categories?post=9532"}],"curies":[{"name":"wp","href":"https:\/\/api.w.org\/{rel}","templated":true}]}}