{"id":9510,"date":"2022-12-27T18:59:50","date_gmt":"2022-12-27T16:59:50","guid":{"rendered":"https:\/\/www.welovecycling.com\/es\/?p=9510"},"modified":"2022-12-16T19:16:12","modified_gmt":"2022-12-16T17:16:12","slug":"coche-equipo-ciclista-electrico","status":"publish","type":"post","link":"https:\/\/www.welovecycling.com\/es\/2022\/12\/27\/coche-equipo-ciclista-electrico\/","title":{"rendered":"La importancia de un coche de equipo ciclista el\u00e9ctrico"},"content":{"rendered":"<p><strong>El coche de equipo es un cuartel general m\u00f3vil indispensable para cualquier equipo ciclista profesional. Matt Stephens ha rodado con el \u0160koda Superb iV, perteneciente al equipo Canyon\/\/SRAM Women&#8217;s World Tour, para echar un vistazo de cerca a todo el mobiliario especial y los a\u00f1adidos que debe incorporar para ser un completo jugador de equipo durante las carreras.<\/strong><\/p>\n<p><!--more--><\/p>\n<p>Entre otras cosas, el salpicadero cuenta con un soporte para el tel\u00e9fono y una pantalla con VeloViewer que tambi\u00e9n se puede convertir en un televisor &#8211; \u00bfsintiendo ya ese ambiente a lo James Bond? Tambi\u00e9n hay una radio bidireccional y m\u00e1s espacio para colocar las ruedas delanteras y traseras de la bicicleta, un juego de herramientas abierto, material de lubricaci\u00f3n, una nevera port\u00e1til o la bolsa de agua de los ciclistas. Ronny Lauke, Director General de Canyon\/SRAM Racing, le cont\u00f3 a Matt qu\u00e9 papel desempe\u00f1a exactamente el coche de equipo en el ciclismo profesional.<\/p>\n<p><strong>\u00bfQu\u00e9 importancia tiene el \u0160koda Superb iV dentro de la estructura general del equipo Canyon\/\/SRAM?<\/strong><\/p>\n<p>En mi opini\u00f3n, no se puede destacar lo suficiente porque es el centro de todas las operaciones y la informaci\u00f3n en una carrera ciclista. Como se puede ver en el f\u00fatbol o en el baloncesto con el banquillo de los entrenadores, desde donde sale toda la informaci\u00f3n hacia los corredores. Por lo tanto, las observaciones del <a href=\"https:\/\/www.welovecycling.com\/wide\/2022\/07\/12\/inside-tour-de-france-team-cars-with-canyon-sram-racings-ronny-lauke\/\">Director Deportivo<\/a> sobre lo que est\u00e1 sucediendo en la carrera, cu\u00e1les deben ser los pr\u00f3ximos pasos para los ciclistas. Tambi\u00e9n llevamos todas las bebidas y el material de repuesto, el coche es el coraz\u00f3n del equipo ciclista en una carrera ciclista, sin duda.<\/p>\n<figure id=\"attachment_9511\" aria-describedby=\"caption-attachment-9511\" style=\"width: 1080px\" class=\"wp-caption alignnone\"><a href=\"https:\/\/d2p6e6u75xmxt8.cloudfront.net\/6\/2022\/12\/Superb-iV-Review-CANYON-3.webp\"><img loading=\"lazy\" decoding=\"async\" class=\"wp-image-9511 size-full\" src=\"https:\/\/d2p6e6u75xmxt8.cloudfront.net\/6\/2022\/12\/Superb-iV-Review-CANYON-3.webp\" alt=\"Matt Stephens\" width=\"1080\" height=\"720\" srcset=\"https:\/\/d2p6e6u75xmxt8.cloudfront.net\/6\/2022\/12\/Superb-iV-Review-CANYON-3.webp 1080w, https:\/\/d2p6e6u75xmxt8.cloudfront.net\/6\/2022\/12\/Superb-iV-Review-CANYON-3-300x200.webp 300w, https:\/\/d2p6e6u75xmxt8.cloudfront.net\/6\/2022\/12\/Superb-iV-Review-CANYON-3-1024x683.webp 1024w, https:\/\/d2p6e6u75xmxt8.cloudfront.net\/6\/2022\/12\/Superb-iV-Review-CANYON-3-768x512.webp 768w, https:\/\/d2p6e6u75xmxt8.cloudfront.net\/6\/2022\/12\/Superb-iV-Review-CANYON-3-272x182.webp 272w\" sizes=\"auto, (max-width: 1080px) 100vw, 1080px\" \/><\/a><figcaption id=\"caption-attachment-9511\" class=\"wp-caption-text\">El coche del equipo es un cuartel general m\u00f3vil indispensable para cualquier equipo ciclista profesional..<\/figcaption><\/figure>\n<p><strong><br \/>\nMe gusta, es una analog\u00eda muy buena, el &#8220;banquillo de los entrenadores&#8221; y el &#8220;coraz\u00f3n del equipo&#8221;. Entonces, \u00bfel coche es esencialmente un centro de abastecimiento y comunicaciones?<br \/>\n<\/strong><\/p>\n<p>Si. Totalmente<\/p>\n<p><strong>\u00bfPuede describirme las funciones espec\u00edficas del coche de equipo en una carrera??<\/strong><\/p>\n<p>Normalmente, tenemos un conductor, que suele ser el segundo Director Deportivo, que se centra en todo lo que ocurre en la carretera, como los otros coches del equipo, los espectadores y los conductores del convoy. Luego, en el asiento del copiloto, tenemos al primer Director Deportivo que se centra en la t\u00e1ctica, que obtendr\u00e1 toda la informaci\u00f3n que necesitamos de cosas como la TV, VeloViewer, actualizaciones meteorol\u00f3gicas, direcciones del viento. Luego, en la retaguardia, tenemos al mec\u00e1nico que tambi\u00e9n tiene un papel importante, adem\u00e1s de su funci\u00f3n habitual, ya que anotar\u00e1 los n\u00fameros de los corredores en las escapadas junto con el segundo Director Deportivo para que puedan contrastar la informaci\u00f3n entre ellos. As\u00ed pues, todo el aparato t\u00e9cnico del que disponemos se encuentra en la parte delantera del coche.<\/p>\n<p>En la segunda fila, tenemos todo el equipo, herramientas y piezas que necesitamos con el mec\u00e1nico, luego en el maletero, tenemos bebidas, comida y ropa de repuesto para cualquier tipo de clima, zapatillas de repuesto en caso de que algo se hubiera roto y tambi\u00e9n ruedas de repuesto. Necesitamos un coche que sea compacto en su estilo por fuera pero que ofrezca mucho espacio por dentro y para eso, el <a href=\"https:\/\/www.skoda-auto.com\/models\/range\/superb-iv\">Superb iV<\/a> es el veh\u00edculo perfecto para nosotros. Es c\u00f3modo, ofrece espacio y es s\u00f3lido. Matt, algunos coches de equipo son c\u00f3modos para los conductores pero no para la gente de los asientos traseros, \u00a1a menudo los mec\u00e1nicos se tapan los o\u00eddos con las rodillas de lo apretados que est\u00e1n! Pero con el <a href=\"https:\/\/www.skoda-auto.com\/models\/range\/superb-iv\">Superb iV<\/a>, el espacio en la parte trasera no tiene parang\u00f3n con ning\u00fan otro veh\u00edculo de su clase, por eso es un coche tan bueno para estar en una carrera.<\/p>\n<figure id=\"attachment_9512\" aria-describedby=\"caption-attachment-9512\" style=\"width: 1080px\" class=\"wp-caption alignnone\"><a href=\"https:\/\/d2p6e6u75xmxt8.cloudfront.net\/6\/2022\/12\/Ronny-Lauke-Superb-iV-Review.webp\"><img loading=\"lazy\" decoding=\"async\" class=\"wp-image-9512 size-full\" src=\"https:\/\/d2p6e6u75xmxt8.cloudfront.net\/6\/2022\/12\/Ronny-Lauke-Superb-iV-Review.webp\" alt=\"Ronny Lauke\" width=\"1080\" height=\"720\" srcset=\"https:\/\/d2p6e6u75xmxt8.cloudfront.net\/6\/2022\/12\/Ronny-Lauke-Superb-iV-Review.webp 1080w, https:\/\/d2p6e6u75xmxt8.cloudfront.net\/6\/2022\/12\/Ronny-Lauke-Superb-iV-Review-300x200.webp 300w, https:\/\/d2p6e6u75xmxt8.cloudfront.net\/6\/2022\/12\/Ronny-Lauke-Superb-iV-Review-1024x683.webp 1024w, https:\/\/d2p6e6u75xmxt8.cloudfront.net\/6\/2022\/12\/Ronny-Lauke-Superb-iV-Review-768x512.webp 768w, https:\/\/d2p6e6u75xmxt8.cloudfront.net\/6\/2022\/12\/Ronny-Lauke-Superb-iV-Review-272x182.webp 272w\" sizes=\"auto, (max-width: 1080px) 100vw, 1080px\" \/><\/a><figcaption id=\"caption-attachment-9512\" class=\"wp-caption-text\">Ronny Lauke, director general de Canyon\/\/SRAM Racing.<\/figcaption><\/figure>\n<div id='gallery-1' class='gallery galleryid-9510 gallery-columns-2 gallery-size-large'><figure class='gallery-item'>\n\t\t\t<div class='gallery-icon landscape'>\n\t\t\t\t<a href='https:\/\/d2p6e6u75xmxt8.cloudfront.net\/6\/2022\/12\/Superb-iV-Review-CANYON-4-scaled.webp'><img loading=\"lazy\" decoding=\"async\" width=\"1024\" height=\"683\" src=\"https:\/\/d2p6e6u75xmxt8.cloudfront.net\/6\/2022\/12\/Superb-iV-Review-CANYON-4-scaled-1024x683.webp\" class=\"attachment-large size-large\" alt=\"The cabin of a Tour de France team car becomes a tightly packed world of its own during the race.\" srcset=\"https:\/\/d2p6e6u75xmxt8.cloudfront.net\/6\/2022\/12\/Superb-iV-Review-CANYON-4-scaled-1024x683.webp 1024w, https:\/\/d2p6e6u75xmxt8.cloudfront.net\/6\/2022\/12\/Superb-iV-Review-CANYON-4-scaled-300x200.webp 300w, https:\/\/d2p6e6u75xmxt8.cloudfront.net\/6\/2022\/12\/Superb-iV-Review-CANYON-4-scaled-768x512.webp 768w, https:\/\/d2p6e6u75xmxt8.cloudfront.net\/6\/2022\/12\/Superb-iV-Review-CANYON-4-scaled-1536x1024.webp 1536w, https:\/\/d2p6e6u75xmxt8.cloudfront.net\/6\/2022\/12\/Superb-iV-Review-CANYON-4-scaled-2048x1366.webp 2048w, https:\/\/d2p6e6u75xmxt8.cloudfront.net\/6\/2022\/12\/Superb-iV-Review-CANYON-4-scaled-1920x1280.webp 1920w, https:\/\/d2p6e6u75xmxt8.cloudfront.net\/6\/2022\/12\/Superb-iV-Review-CANYON-4-scaled-272x182.webp 272w, https:\/\/d2p6e6u75xmxt8.cloudfront.net\/6\/2022\/12\/Superb-iV-Review-CANYON-4-scaled-1920x1280.webp 1920w\" sizes=\"auto, (max-width: 1024px) 100vw, 1024px\" \/><\/a>\n\t\t\t<\/div><\/figure><figure class='gallery-item'>\n\t\t\t<div class='gallery-icon landscape'>\n\t\t\t\t<a href='https:\/\/d2p6e6u75xmxt8.cloudfront.net\/6\/2022\/12\/Superb-iV-Review-CANYON-5.webp'><img loading=\"lazy\" decoding=\"async\" width=\"1024\" height=\"683\" src=\"https:\/\/d2p6e6u75xmxt8.cloudfront.net\/6\/2022\/12\/Superb-iV-Review-CANYON-5-1024x683.webp\" class=\"attachment-large size-large\" alt=\"Not many people realise how instrumental the cars and their crew are for the individual success of the riders.\" srcset=\"https:\/\/d2p6e6u75xmxt8.cloudfront.net\/6\/2022\/12\/Superb-iV-Review-CANYON-5-1024x683.webp 1024w, https:\/\/d2p6e6u75xmxt8.cloudfront.net\/6\/2022\/12\/Superb-iV-Review-CANYON-5-300x200.webp 300w, https:\/\/d2p6e6u75xmxt8.cloudfront.net\/6\/2022\/12\/Superb-iV-Review-CANYON-5-768x512.webp 768w, https:\/\/d2p6e6u75xmxt8.cloudfront.net\/6\/2022\/12\/Superb-iV-Review-CANYON-5-272x182.webp 272w, https:\/\/d2p6e6u75xmxt8.cloudfront.net\/6\/2022\/12\/Superb-iV-Review-CANYON-5.webp 1080w\" sizes=\"auto, (max-width: 1024px) 100vw, 1024px\" \/><\/a>\n\t\t\t<\/div><\/figure>\n\t\t<\/div>\n\n<p><strong>S\u00ed, ahora, corr\u00edgeme si me equivoco en t\u00e9rminos de estad\u00edsticas, pero tienes espacio para ocho bicis en la parte superior.<\/strong><\/p>\n<p>Si.<\/p>\n<p><strong>Generalmente hay dos ruedas traseras y dos delanteras en los asientos traseros junto al mec\u00e1nico.<\/strong><\/p>\n<p>Correcto.<\/p>\n<p><strong>Adem\u00e1s, en el maletero hay seis o siete bolsas para el equipo &#8220;h\u00famedo&#8221; y una nevera grande con unos 40 bidones. A\u00fan as\u00ed, hay m\u00e1s espacio para otras cosas, as\u00ed que es excepcionalmente espacioso, \u00bfno?<\/strong><\/p>\n<p>S\u00ed, lo es. Y lo necesitas ya que, a veces, puedes pensar: &#8220;Ah, d\u00f3nde puedo poner esto o aquello&#8221;. El mec\u00e1nico puede pensar que se ha olvidado algo, as\u00ed que quiere a\u00f1adir esta herramienta extra o tener otro par de ruedas en el coche por si acaso, existe el temor de no tener suficientes repuestos, por lo tanto el coche siempre est\u00e1 lleno. Estos veh\u00edculos tienen que ser muy s\u00f3lidos para sobrevivir a nuestro deporte.<\/p>\n<p><strong>Cuando se examina el entorno din\u00e1mico de una carrera, con todos los terrenos variados por los que hay que conducir, no s\u00f3lo se conduce sobre asfalto liso, \u00bfverdad? El coche del equipo tiene que ser muy robusto, resistente y vers\u00e1til, \u00bfno?<\/strong><\/p>\n<p>Claro, cuando ves lo que tiene que pasar un coche en la <a href=\"https:\/\/www.welovecycling.com\/es\/2022\/04\/21\/conclusiones-paris-roubaix-2022\/\">Par\u00eds-Roubaix,<\/a> por ejemplo, \u00a1el coche te lo agradecer\u00e1 cuando termine! Necesitas un veh\u00edculo s\u00f3lido y fiable que pueda sobrevivir a este tipo de exigencias. Es necesario que la conducci\u00f3n sea fluida, suave. En una carrera, no puedes detenerte de repente por un bache en la carretera, ya que podr\u00eda haber un ciclista detr\u00e1s de ti; a veces, en realidad es m\u00e1s seguro acelerar si hay un obst\u00e1culo. Esto es algo que s\u00f3lo reconoces cuando conduces normalmente, fuera de un entorno de competici\u00f3n. Creo que, en muchas ocasiones, reaccionas de forma contraria a como reaccionas en una carrera de bicis. Por lo tanto, el coche va a sufrir mucho, as\u00ed que un veh\u00edculo que sea din\u00e1mico en cualquier situaci\u00f3n es muy importante.<\/p>\n<p><strong>El coche del equipo, especialmente para un director deportivo o un mec\u00e1nico, es casi como un segundo hogar. Tienes la carrera en s\u00ed, pero luego la cantidad de tiempo que pasas en el coche debe ser enorme. No puedo imaginar la cantidad de tiempo que ha pasado en el coche a lo largo de los a\u00f1os. As\u00ed que tiene que ser c\u00f3modo y capaz de rendir. Un hogar lejos del hogar, Ronny?<\/strong><\/p>\n<p>S\u00ed, tengo que decir que el coche del equipo tiene que estar m\u00e1s que a la altura del trabajo, ya que el Director Deportivo necesita estar fresco todo el tiempo, tiene que poder confiar en el veh\u00edculo y tiene que poder confiar tambi\u00e9n en las reacciones del veh\u00edculo. Por lo tanto, un coche robusto, sin problemas y fiable es muy importante. Un Director Deportivo despu\u00e9s de una carrera de cuatro horas necesita poder concentrarse y no malgastar energ\u00eda. Si tienes que esforzarte f\u00edsicamente para que el coche tome todas las curvas en una carrera o te preocupa que el coche no rinda en situaciones dif\u00edciles de carrera, eso puede cansarte, algo que no nos podemos permitir. Por lo tanto, es como un hogar; tiene que ser c\u00f3modo y, por suerte, tenemos veh\u00edculos muy c\u00f3modos en nuestros \u0160kodas.<\/p>\n<figure id=\"attachment_9513\" aria-describedby=\"caption-attachment-9513\" style=\"width: 1080px\" class=\"wp-caption alignnone\"><a href=\"https:\/\/d2p6e6u75xmxt8.cloudfront.net\/6\/2022\/12\/Superb-iV-Review-CANYON-2.webp\"><img loading=\"lazy\" decoding=\"async\" class=\"wp-image-9513 size-full\" src=\"https:\/\/d2p6e6u75xmxt8.cloudfront.net\/6\/2022\/12\/Superb-iV-Review-CANYON-2.webp\" alt=\"\u0160koda Superb iV\" width=\"1080\" height=\"720\" srcset=\"https:\/\/d2p6e6u75xmxt8.cloudfront.net\/6\/2022\/12\/Superb-iV-Review-CANYON-2.webp 1080w, https:\/\/d2p6e6u75xmxt8.cloudfront.net\/6\/2022\/12\/Superb-iV-Review-CANYON-2-300x200.webp 300w, https:\/\/d2p6e6u75xmxt8.cloudfront.net\/6\/2022\/12\/Superb-iV-Review-CANYON-2-1024x683.webp 1024w, https:\/\/d2p6e6u75xmxt8.cloudfront.net\/6\/2022\/12\/Superb-iV-Review-CANYON-2-768x512.webp 768w, https:\/\/d2p6e6u75xmxt8.cloudfront.net\/6\/2022\/12\/Superb-iV-Review-CANYON-2-272x182.webp 272w\" sizes=\"auto, (max-width: 1080px) 100vw, 1080px\" \/><\/a><figcaption id=\"caption-attachment-9513\" class=\"wp-caption-text\">Ser conductor de un coche de equipo es un ejercicio duro, pero alimentado por el amor a este deporte y lleno de emoci\u00f3n.<\/figcaption><\/figure>\n<p><strong><br \/>\n\u00bfHay alguna caracter\u00edstica particular del coche que pueda ayudarle en su papel? \u00bfCosas buenas del coche que te ayuden?<br \/>\n<\/strong><\/p>\n<p>S\u00ed. Por ejemplo, todos los \u0160koda que tenemos en el equipo tienen suspensi\u00f3n ajustable. As\u00ed, cuando pasamos por los adoquines de Par\u00eds Roubaix, es mucho m\u00e1s c\u00f3modo. Mientras que en una etapa en los Alpes, con r\u00e1pidos y t\u00e9cnicos descensos y curvas, puedes ponerlo en modo deportivo y sientes una diferencia significativa y una mejora en el manejo. As\u00ed que esto es, sin duda, algo que realmente apreciamos. Por supuesto, es necesario tener un motor potente y s\u00f3lido. A veces, hay que adelantar a los ciclistas en carreteras peque\u00f1as, con pocas oportunidades de adelantar al pelot\u00f3n de forma segura, lo que es una prioridad importante, por lo tanto, es necesario tener un coche que acelere bien, con el fin de adelantar al pelot\u00f3n con seguridad.<\/p>\n<p><strong>El \u0160koda Superb iV es un veh\u00edculo h\u00edbrido. Ha hablado de la necesidad de acelerar de forma limpia, eficaz y segura, pero tambi\u00e9n a velocidades muy bajas. Especialmente en monta\u00f1a, se recurrir\u00e1 por defecto al motor el\u00e9ctrico, \u00bfno?<\/strong><\/p>\n<p>S\u00ed. Sin embargo, no todos nuestros veh\u00edculos \u0160koda tienen motores h\u00edbridos, pero ahora estamos en un periodo de transici\u00f3n, para hacerlos el\u00e9ctricos o h\u00edbridos. Creo que a medida que crezca la infraestructura para la recarga el\u00e9ctrica, las cosas mejorar\u00e1n mucho. Pero ahora mismo, en mi opini\u00f3n, para el ciclismo, el h\u00edbrido es la mejor opci\u00f3n porque cuando estamos en zonas donde hay p\u00fablico o circulamos a baja velocidad, utilizamos el motor el\u00e9ctrico con menos emisiones de forma m\u00e1s eficiente, mientras que cuando se vuelve m\u00e1s exigente, tenemos el apoyo de un motor de gasolina normal.<\/p>\n<p><strong>Mi \u00faltima pregunta, Ronny. Adem\u00e1s de ser un coche excepcionalmente funcional, un veh\u00edculo con prestaciones de alto nivel, tambi\u00e9n debe ser agradable de conducir. Seamos honestos, debes disfrutar conduciendo el \u0160koda Superb iV, \u00bfverdad?<\/strong><\/p>\n<p>\u00a1Claro! Quiero decir, si te subes al coche y sabes que tienes un traslado desde nuestra pista de servicio hasta la siguiente carrera de 11 horas y ya lo odias, \u00a1entonces no es un trayecto divertido! As\u00ed que tiene que ser una experiencia agradable y definitivamente lo es. Lo mismo ocurre en la carrera, pasamos mucho tiempo en el coche. Del hotel a la carrera, de la salida a la meta, de la meta al siguiente hotel, as\u00ed que tiene que ser agradable y c\u00f3modo. \u00a1Y lo es!<\/p>\n","protected":false},"excerpt":{"rendered":"<p>El coche de equipo es un cuartel general m\u00f3vil indispensable para cualquier equipo ciclista profesional. Matt Stephens ha rodado con [&hellip;]<\/p>\n","protected":false},"author":29,"featured_media":9515,"comment_status":"open","ping_status":"open","sticky":false,"template":"","format":"standard","meta":{"footnotes":""},"categories":[7],"tags":[],"global-categories":[1173],"class_list":["post-9510","post","type-post","status-publish","format-standard","has-post-thumbnail","hentry","category-carretera","global-categories-superb"],"yoast_head":"<!-- This site is optimized with the Yoast SEO Premium plugin v25.3 (Yoast SEO v25.9) - https:\/\/yoast.com\/wordpress\/plugins\/seo\/ -->\n<title>La importancia de un coche de equipo ciclista el\u00e9ctrico - \u0160koda We Love Cycling - Spain<\/title>\n<meta name=\"description\" content=\"La importancia de un coche de equipo ciclista el\u00e9ctrico. As\u00ed utilizan en el Canyon-Sram el Superb iV en carrera\" \/>\n<meta name=\"robots\" content=\"index, follow, max-snippet:-1, max-image-preview:large, max-video-preview:-1\" \/>\n<link rel=\"canonical\" href=\"https:\/\/www.welovecycling.com\/es\/2022\/12\/27\/coche-equipo-ciclista-electrico\/\" \/>\n<meta property=\"og:locale\" content=\"es_ES\" \/>\n<meta property=\"og:type\" content=\"article\" \/>\n<meta property=\"og:title\" content=\"La importancia de un coche de equipo ciclista el\u00e9ctrico\" \/>\n<meta property=\"og:description\" content=\"La importancia de un coche de equipo ciclista el\u00e9ctrico. As\u00ed utilizan en el Canyon-Sram el Superb iV en carrera\" \/>\n<meta property=\"og:url\" content=\"https:\/\/www.welovecycling.com\/es\/2022\/12\/27\/coche-equipo-ciclista-electrico\/\" \/>\n<meta property=\"og:site_name\" content=\"\u0160koda We Love Cycling - Spain\" \/>\n<meta property=\"article:published_time\" content=\"2022-12-27T16:59:50+00:00\" \/>\n<meta property=\"og:image\" content=\"https:\/\/d2p6e6u75xmxt8.cloudfront.net\/6\/2022\/12\/Matt-Stephens-Superb-iV-Review-CVR.webp\" \/>\n\t<meta property=\"og:image:width\" content=\"990\" \/>\n\t<meta property=\"og:image:height\" content=\"660\" \/>\n\t<meta property=\"og:image:type\" content=\"image\/webp\" \/>\n<meta name=\"author\" content=\"We Love Cycling Spain\" \/>\n<meta name=\"twitter:card\" content=\"summary_large_image\" \/>\n<meta name=\"twitter:title\" content=\"La importancia de un coche de equipo ciclista el\u00e9ctrico\" \/>\n<meta name=\"twitter:description\" content=\"La importancia de un coche de equipo ciclista el\u00e9ctrico. As\u00ed utilizan en el Canyon-Sram el Superb iV en carrera\" \/>\n<meta name=\"twitter:label1\" content=\"Written by\" \/>\n\t<meta name=\"twitter:data1\" content=\"Matt Stephens\" \/>\n\t<meta name=\"twitter:label2\" content=\"Est. reading time\" \/>\n\t<meta name=\"twitter:data2\" content=\"6\" \/>\n<script type=\"application\/ld+json\" class=\"yoast-schema-graph\">{\"@context\":\"https:\/\/schema.org\",\"@graph\":[{\"@type\":\"WebPage\",\"@id\":\"https:\/\/www.welovecycling.com\/es\/2022\/12\/27\/coche-equipo-ciclista-electrico\/\",\"url\":\"https:\/\/www.welovecycling.com\/es\/2022\/12\/27\/coche-equipo-ciclista-electrico\/\",\"name\":\"La importancia de un coche de equipo ciclista el\u00e9ctrico - \u0160koda We Love Cycling - Spain\",\"isPartOf\":{\"@id\":\"https:\/\/www.welovecycling.com\/es\/#website\"},\"primaryImageOfPage\":{\"@id\":\"https:\/\/www.welovecycling.com\/es\/2022\/12\/27\/coche-equipo-ciclista-electrico\/#primaryimage\"},\"image\":{\"@id\":\"https:\/\/www.welovecycling.com\/es\/2022\/12\/27\/coche-equipo-ciclista-electrico\/#primaryimage\"},\"thumbnailUrl\":\"https:\/\/d2p6e6u75xmxt8.cloudfront.net\/6\/2022\/12\/Matt-Stephens-Superb-iV-Review-CVR.webp\",\"datePublished\":\"2022-12-27T16:59:50+00:00\",\"author\":{\"@id\":\"https:\/\/www.welovecycling.com\/es\/#\/schema\/person\/deb61715b5812698ee79fb96f343ccd4\"},\"description\":\"La importancia de un coche de equipo ciclista el\u00e9ctrico. As\u00ed utilizan en el Canyon-Sram el Superb iV en carrera\",\"breadcrumb\":{\"@id\":\"https:\/\/www.welovecycling.com\/es\/2022\/12\/27\/coche-equipo-ciclista-electrico\/#breadcrumb\"},\"inLanguage\":\"es-ES\",\"potentialAction\":[{\"@type\":\"ReadAction\",\"target\":[\"https:\/\/www.welovecycling.com\/es\/2022\/12\/27\/coche-equipo-ciclista-electrico\/\"]}]},{\"@type\":\"ImageObject\",\"inLanguage\":\"es-ES\",\"@id\":\"https:\/\/www.welovecycling.com\/es\/2022\/12\/27\/coche-equipo-ciclista-electrico\/#primaryimage\",\"url\":\"https:\/\/d2p6e6u75xmxt8.cloudfront.net\/6\/2022\/12\/Matt-Stephens-Superb-iV-Review-CVR.webp\",\"contentUrl\":\"https:\/\/d2p6e6u75xmxt8.cloudfront.net\/6\/2022\/12\/Matt-Stephens-Superb-iV-Review-CVR.webp\",\"width\":990,\"height\":660,\"caption\":\"Matt Stepehns and \u0160koda Superb iV\"},{\"@type\":\"BreadcrumbList\",\"@id\":\"https:\/\/www.welovecycling.com\/es\/2022\/12\/27\/coche-equipo-ciclista-electrico\/#breadcrumb\",\"itemListElement\":[{\"@type\":\"ListItem\",\"position\":1,\"name\":\"Home\",\"item\":\"https:\/\/www.welovecycling.com\/es\/\"},{\"@type\":\"ListItem\",\"position\":2,\"name\":\"La importancia de un coche de equipo ciclista el\u00e9ctrico\"}]},{\"@type\":\"WebSite\",\"@id\":\"https:\/\/www.welovecycling.com\/es\/#website\",\"url\":\"https:\/\/www.welovecycling.com\/es\/\",\"name\":\"\u0160koda We Love Cycling - Spain\",\"description\":\"\u0160koda WeLoveCycling Spain\",\"potentialAction\":[{\"@type\":\"SearchAction\",\"target\":{\"@type\":\"EntryPoint\",\"urlTemplate\":\"https:\/\/www.welovecycling.com\/es\/?s={search_term_string}\"},\"query-input\":{\"@type\":\"PropertyValueSpecification\",\"valueRequired\":true,\"valueName\":\"search_term_string\"}}],\"inLanguage\":\"es-ES\"},{\"@type\":\"Person\",\"@id\":\"https:\/\/www.welovecycling.com\/es\/#\/schema\/person\/deb61715b5812698ee79fb96f343ccd4\",\"name\":\"We Love Cycling Spain\",\"image\":{\"@type\":\"ImageObject\",\"inLanguage\":\"es-ES\",\"@id\":\"https:\/\/www.welovecycling.com\/es\/#\/schema\/person\/image\/\",\"url\":\"https:\/\/secure.gravatar.com\/avatar\/c824b04e6df0e37a03219d0b6481672889df542894588964102459e46513159c?s=96&d=mm&r=g\",\"contentUrl\":\"https:\/\/secure.gravatar.com\/avatar\/c824b04e6df0e37a03219d0b6481672889df542894588964102459e46513159c?s=96&d=mm&r=g\",\"caption\":\"We Love Cycling Spain\"},\"url\":\"https:\/\/www.welovecycling.com\/es\/author\/amunoz\/\"}]}<\/script>\n<!-- \/ Yoast SEO Premium plugin. -->","yoast_head_json":{"title":"La importancia de un coche de equipo ciclista el\u00e9ctrico - \u0160koda We Love Cycling - Spain","description":"La importancia de un coche de equipo ciclista el\u00e9ctrico. As\u00ed utilizan en el Canyon-Sram el Superb iV en carrera","robots":{"index":"index","follow":"follow","max-snippet":"max-snippet:-1","max-image-preview":"max-image-preview:large","max-video-preview":"max-video-preview:-1"},"canonical":"https:\/\/www.welovecycling.com\/es\/2022\/12\/27\/coche-equipo-ciclista-electrico\/","og_locale":"es_ES","og_type":"article","og_title":"La importancia de un coche de equipo ciclista el\u00e9ctrico","og_description":"La importancia de un coche de equipo ciclista el\u00e9ctrico. As\u00ed utilizan en el Canyon-Sram el Superb iV en carrera","og_url":"https:\/\/www.welovecycling.com\/es\/2022\/12\/27\/coche-equipo-ciclista-electrico\/","og_site_name":"\u0160koda We Love Cycling - Spain","article_published_time":"2022-12-27T16:59:50+00:00","og_image":[{"width":990,"height":660,"url":"https:\/\/d2p6e6u75xmxt8.cloudfront.net\/6\/2022\/12\/Matt-Stephens-Superb-iV-Review-CVR.webp","type":"image\/webp"}],"author":"We Love Cycling Spain","twitter_card":"summary_large_image","twitter_title":"La importancia de un coche de equipo ciclista el\u00e9ctrico","twitter_description":"La importancia de un coche de equipo ciclista el\u00e9ctrico. As\u00ed utilizan en el Canyon-Sram el Superb iV en carrera","twitter_misc":{"Written by":"Matt Stephens","Est. reading time":"6"},"schema":{"@context":"https:\/\/schema.org","@graph":[{"@type":"WebPage","@id":"https:\/\/www.welovecycling.com\/es\/2022\/12\/27\/coche-equipo-ciclista-electrico\/","url":"https:\/\/www.welovecycling.com\/es\/2022\/12\/27\/coche-equipo-ciclista-electrico\/","name":"La importancia de un coche de equipo ciclista el\u00e9ctrico - \u0160koda We Love Cycling - Spain","isPartOf":{"@id":"https:\/\/www.welovecycling.com\/es\/#website"},"primaryImageOfPage":{"@id":"https:\/\/www.welovecycling.com\/es\/2022\/12\/27\/coche-equipo-ciclista-electrico\/#primaryimage"},"image":{"@id":"https:\/\/www.welovecycling.com\/es\/2022\/12\/27\/coche-equipo-ciclista-electrico\/#primaryimage"},"thumbnailUrl":"https:\/\/d2p6e6u75xmxt8.cloudfront.net\/6\/2022\/12\/Matt-Stephens-Superb-iV-Review-CVR.webp","datePublished":"2022-12-27T16:59:50+00:00","author":{"@id":"https:\/\/www.welovecycling.com\/es\/#\/schema\/person\/deb61715b5812698ee79fb96f343ccd4"},"description":"La importancia de un coche de equipo ciclista el\u00e9ctrico. As\u00ed utilizan en el Canyon-Sram el Superb iV en carrera","breadcrumb":{"@id":"https:\/\/www.welovecycling.com\/es\/2022\/12\/27\/coche-equipo-ciclista-electrico\/#breadcrumb"},"inLanguage":"es-ES","potentialAction":[{"@type":"ReadAction","target":["https:\/\/www.welovecycling.com\/es\/2022\/12\/27\/coche-equipo-ciclista-electrico\/"]}]},{"@type":"ImageObject","inLanguage":"es-ES","@id":"https:\/\/www.welovecycling.com\/es\/2022\/12\/27\/coche-equipo-ciclista-electrico\/#primaryimage","url":"https:\/\/d2p6e6u75xmxt8.cloudfront.net\/6\/2022\/12\/Matt-Stephens-Superb-iV-Review-CVR.webp","contentUrl":"https:\/\/d2p6e6u75xmxt8.cloudfront.net\/6\/2022\/12\/Matt-Stephens-Superb-iV-Review-CVR.webp","width":990,"height":660,"caption":"Matt Stepehns and \u0160koda Superb iV"},{"@type":"BreadcrumbList","@id":"https:\/\/www.welovecycling.com\/es\/2022\/12\/27\/coche-equipo-ciclista-electrico\/#breadcrumb","itemListElement":[{"@type":"ListItem","position":1,"name":"Home","item":"https:\/\/www.welovecycling.com\/es\/"},{"@type":"ListItem","position":2,"name":"La importancia de un coche de equipo ciclista el\u00e9ctrico"}]},{"@type":"WebSite","@id":"https:\/\/www.welovecycling.com\/es\/#website","url":"https:\/\/www.welovecycling.com\/es\/","name":"\u0160koda We Love Cycling - Spain","description":"\u0160koda WeLoveCycling Spain","potentialAction":[{"@type":"SearchAction","target":{"@type":"EntryPoint","urlTemplate":"https:\/\/www.welovecycling.com\/es\/?s={search_term_string}"},"query-input":{"@type":"PropertyValueSpecification","valueRequired":true,"valueName":"search_term_string"}}],"inLanguage":"es-ES"},{"@type":"Person","@id":"https:\/\/www.welovecycling.com\/es\/#\/schema\/person\/deb61715b5812698ee79fb96f343ccd4","name":"We Love Cycling Spain","image":{"@type":"ImageObject","inLanguage":"es-ES","@id":"https:\/\/www.welovecycling.com\/es\/#\/schema\/person\/image\/","url":"https:\/\/secure.gravatar.com\/avatar\/c824b04e6df0e37a03219d0b6481672889df542894588964102459e46513159c?s=96&d=mm&r=g","contentUrl":"https:\/\/secure.gravatar.com\/avatar\/c824b04e6df0e37a03219d0b6481672889df542894588964102459e46513159c?s=96&d=mm&r=g","caption":"We Love Cycling Spain"},"url":"https:\/\/www.welovecycling.com\/es\/author\/amunoz\/"}]}},"_links":{"self":[{"href":"https:\/\/www.welovecycling.com\/es\/wp-json\/wp\/v2\/posts\/9510","targetHints":{"allow":["GET"]}}],"collection":[{"href":"https:\/\/www.welovecycling.com\/es\/wp-json\/wp\/v2\/posts"}],"about":[{"href":"https:\/\/www.welovecycling.com\/es\/wp-json\/wp\/v2\/types\/post"}],"author":[{"embeddable":true,"href":"https:\/\/www.welovecycling.com\/es\/wp-json\/wp\/v2\/users\/29"}],"replies":[{"embeddable":true,"href":"https:\/\/www.welovecycling.com\/es\/wp-json\/wp\/v2\/comments?post=9510"}],"version-history":[{"count":2,"href":"https:\/\/www.welovecycling.com\/es\/wp-json\/wp\/v2\/posts\/9510\/revisions"}],"predecessor-version":[{"id":9516,"href":"https:\/\/www.welovecycling.com\/es\/wp-json\/wp\/v2\/posts\/9510\/revisions\/9516"}],"wp:featuredmedia":[{"embeddable":true,"href":"https:\/\/www.welovecycling.com\/es\/wp-json\/wp\/v2\/media\/9515"}],"wp:attachment":[{"href":"https:\/\/www.welovecycling.com\/es\/wp-json\/wp\/v2\/media?parent=9510"}],"wp:term":[{"taxonomy":"category","embeddable":true,"href":"https:\/\/www.welovecycling.com\/es\/wp-json\/wp\/v2\/categories?post=9510"},{"taxonomy":"post_tag","embeddable":true,"href":"https:\/\/www.welovecycling.com\/es\/wp-json\/wp\/v2\/tags?post=9510"},{"taxonomy":"global-categories","embeddable":true,"href":"https:\/\/www.welovecycling.com\/es\/wp-json\/wp\/v2\/global-categories?post=9510"}],"curies":[{"name":"wp","href":"https:\/\/api.w.org\/{rel}","templated":true}]}}