{"id":9494,"date":"2022-12-15T12:41:12","date_gmt":"2022-12-15T10:41:12","guid":{"rendered":"https:\/\/www.welovecycling.com\/es\/?p=9494"},"modified":"2022-12-15T12:41:12","modified_gmt":"2022-12-15T10:41:12","slug":"coche-electrico","status":"publish","type":"post","link":"https:\/\/www.welovecycling.com\/es\/2022\/12\/15\/coche-electrico\/","title":{"rendered":"La visi\u00f3n de Kasia Niewidoma sobre el coche el\u00e9ctrico para ciclistas profesionales"},"content":{"rendered":"<p><strong>Kasia <a href=\"https:\/\/www.welovecycling.com\/es\/2022\/05\/27\/kasia-niewiadoma\/\">Niewiadoma<\/a> no suele estar parada. Esta polaca con una trayectoria estelar debut\u00f3 en\u00a0 profesionales a los 19 a\u00f1os y actualmente corre bajo los colores del UCI Women&#8217;s WorldTeam Canyon\/SRAM Racing. Ha sido campeona nacional polaca y ha subido al podio en el Tour femenino, el Campeonato de Europa sub-23 de fondo en carretera, la Flecha Valona femenina y el Giro Rosa, entre otros. Semejante abanico se traduce en un apretado calendario de carreras y entrenamientos durante todo el a\u00f1o y en la necesidad de llegar a los sitios de forma eficiente y con todo el equipo necesario. Nos reunimos con Kasia antes de que se marchara a un campo de entrenamiento para que nos contara qu\u00e9 puede hacer un coche el\u00e9ctrico por un ciclista con un estilo de vida activo y al aire libre.<\/strong><\/p>\n<p><!--more--><\/p>\n<p>En primer lugar, cambiar de un coche normal puede parecer un cambio significativo para muchos. Entonces, \u00bfpor qu\u00e9 Kasia se decant\u00f3 por los coches el\u00e9ctricos? &#8220;Pasar mucho tiempo en la monta\u00f1a me hizo reflexionar sobre mi huella de carbono en el medio ambiente, y estar rodeada de naturaleza me hizo pensar en c\u00f3mo pod\u00eda mejorar mi vida ecol\u00f3gica. Un coche el\u00e9ctrico me pareci\u00f3 un gran primer paso y, tras investigar un poco, me di cuenta de que el \u0160koda Enyaq iV ser\u00eda el \u00fanico. El mantenimiento de un coche el\u00e9ctrico es mucho m\u00e1s f\u00e1cil de lo que todos pensamos antes de hacernos con uno.&#8221;<\/p>\n<p>Adaptarse a la vida con un coche el\u00e9ctrico puede parecer todo un reto despu\u00e9s de haber estado acostumbrado \u00fanicamente a un coche cl\u00e1sico y a todas las necesidades e infraestructuras de repostaje que lo rodean. Si miramos las cifras, bas\u00e1ndonos en una media de 2021, la Uni\u00f3n Europea ofrece cinco cargadores p\u00fablicos r\u00e1pidos por cada 100 km. Como la demanda y las ventas de veh\u00edculos el\u00e9ctricos siguen dispar\u00e1ndose, se espera que en 2035 y <a href=\"https:\/\/www.virta.global\/blog\/ev-charging-infrastructure-development-statistics\">m\u00e1s adelante el 100%<\/a> de los coches nuevos que se vendan en la UE sean el\u00e9ctricos. El objetivo previsto es llegar a casi 3 millones de estaciones de recarga en toda la UE. Pero eso es el futuro: \u00bfqu\u00e9 ajustes hay que hacer ahora, sobre todo con un estilo de vida activo? &#8220;Al principio, tuve la sensaci\u00f3n de que ten\u00eda que adaptarme a coger el coche y salir a la aventura, por miedo a quedarme sin bater\u00eda&#8221;, dice Kasia. &#8220;Dediqu\u00e9 bastante tiempo a leer y ver todos los v\u00eddeos informativos sobre el coche, tratando de informarme todo lo posible. Investigu\u00e9 un poco sobre los puntos de recarga alrededor de mi casa y de las zonas de entrenamiento.&#8221;<\/p>\n<figure id=\"attachment_9498\" aria-describedby=\"caption-attachment-9498\" style=\"width: 1022px\" class=\"wp-caption alignnone\"><a href=\"https:\/\/d2p6e6u75xmxt8.cloudfront.net\/6\/2022\/12\/Kasia-Review-2.webp\"><img loading=\"lazy\" decoding=\"async\" class=\"wp-image-9498 size-full\" src=\"https:\/\/d2p6e6u75xmxt8.cloudfront.net\/6\/2022\/12\/Kasia-Review-2.webp\" alt=\"Kasia Niewiadoma\" width=\"1022\" height=\"682\" srcset=\"https:\/\/d2p6e6u75xmxt8.cloudfront.net\/6\/2022\/12\/Kasia-Review-2.webp 1022w, https:\/\/d2p6e6u75xmxt8.cloudfront.net\/6\/2022\/12\/Kasia-Review-2-300x200.webp 300w, https:\/\/d2p6e6u75xmxt8.cloudfront.net\/6\/2022\/12\/Kasia-Review-2-768x513.webp 768w, https:\/\/d2p6e6u75xmxt8.cloudfront.net\/6\/2022\/12\/Kasia-Review-2-272x182.webp 272w\" sizes=\"auto, (max-width: 1022px) 100vw, 1022px\" \/><\/a><figcaption id=\"caption-attachment-9498\" class=\"wp-caption-text\">El \u0160koda Enyaq iV es grande, espacioso y cabe de todo.<\/figcaption><\/figure>\n<p style=\"font-weight: 400;\">\n<p>&#8220;Inexperta y tal vez un poco demasiado estresada, pensaba demasiado en escenarios dif\u00edciles, pero la realidad es que el propio coche es demasiado inteligente como para dejarte nunca en una situaci\u00f3n as\u00ed. Con un poco de organizaci\u00f3n y estructura que he creado en torno a mis d\u00edas de viaje, me di cuenta de que es superf\u00e1cil buscar estaciones de recarga repartidas por toda Europa y, de hecho, tener un descanso de 30 minutos durante un largo viaje es incre\u00edble para el cuerpo y la mente&#8221;, a\u00f1adi\u00f3 Kasia y continu\u00f3: &#8220;Me acostumbr\u00e9 a ello a base de cometer errores primero. Con un poco de paciencia, puedes jugar con diferentes cargadores y ver qu\u00e9 funciona mejor. Tengo un par de sitios cerca de casa a los que siempre voy dependiendo del plan de viaje. Algunos pa\u00edses como Francia o B\u00e9lgica, por ejemplo, tienen cargadores muy r\u00e1pidos y de f\u00e1cil acceso que cargan el coche en un santiam\u00e9n, otros requieren m\u00e1s planificaci\u00f3n, pero de nuevo, las opciones est\u00e1n ah\u00ed&#8221;.<\/p>\n<p>Como ya hemos dicho, Kasia tiene un d\u00eda a d\u00eda muy ajetreado y activo que incluye muchos desplazamientos. \u00bfC\u00f3mo ha cambiado su forma de viajar (especialmente en bicicleta) con el nuevo veh\u00edculo? &#8220;El Enyaq iV es muy espacioso, lo que para m\u00ed supone un gran cambio. Nunca viajo ligera de equipaje, siempre llevo al menos dos bicicletas, ruedas de repuesto, mucho material de gimnasia y ropa. Nunca me he sentido tan satisfecha con un coche como con \u0160koda. Puedo meter todo lo que necesito para m\u00ed y, si mi pareja decide acompa\u00f1arme, tambi\u00e9n hay espacio para \u00e9l y sus bicicletas extragrandes: todo el mundo tiene espacio para respirar. El coche es muy eficiente, as\u00ed que viajar lejos nunca es un problema, sobre todo cuando te adentras en la monta\u00f1a y puedes utilizar el modo de recuperaci\u00f3n, a\u00f1adiendo kil\u00f3metros extra. Eso me hizo darme cuenta de que este coche es multifuncional&#8221;, coment\u00f3 Kasia. El maletero del Enyaq iV tiene una capacidad de 585 litros y hay un espacio bajo el suelo del maletero para guardar los cables de carga, adem\u00e1s de un mont\u00f3n de ingeniosos espacios de almacenamiento y bolsillos.<\/p>\n<p><a href=\"https:\/\/d2p6e6u75xmxt8.cloudfront.net\/6\/2022\/12\/Kasia-Review-1.webp\"><img loading=\"lazy\" decoding=\"async\" class=\"wp-image-9501 size-full\" src=\"https:\/\/d2p6e6u75xmxt8.cloudfront.net\/6\/2022\/12\/Kasia-Review-1.webp\" alt=\"Kasia Niewiadoma\" width=\"1022\" height=\"575\" data-wp-editing=\"1\" srcset=\"https:\/\/d2p6e6u75xmxt8.cloudfront.net\/6\/2022\/12\/Kasia-Review-1.webp 1022w, https:\/\/d2p6e6u75xmxt8.cloudfront.net\/6\/2022\/12\/Kasia-Review-1-300x169.webp 300w, https:\/\/d2p6e6u75xmxt8.cloudfront.net\/6\/2022\/12\/Kasia-Review-1-768x432.webp 768w\" sizes=\"auto, (max-width: 1022px) 100vw, 1022px\" \/><\/a><\/p>\n<p>La autonom\u00eda m\u00e1xima que puede alcanzar oficialmente un modelo de gama alta del Enyaq iV es de 536 km, e incluso el modelo b\u00e1sico tiene una autonom\u00eda oficial respetable de 412 km. Sin embargo, es poco probable que llegues tan lejos en el mundo real, ya que influyen factores como el estilo de conducci\u00f3n, la velocidad y la temperatura. &#8220;Al principio me sorprendi\u00f3 la autonom\u00eda de este coche: es mi primer veh\u00edculo el\u00e9ctrico y nunca hubiera imaginado que se pudieran recorrer m\u00e1s de 400 km con una sola carga. Normalmente, nunca conduzco m\u00e1s de tres horas sin parar, as\u00ed que para m\u00ed funciona perfectamente. Una vez que estoy lista para parar, puedo cargar el coche, hacer una peque\u00f1a sesi\u00f3n de estiramientos, tomar un tentempi\u00e9 y volver a la carretera. Personalmente, creo que las paradas para cargar el coche nos permiten tener este d\u00eda de viaje sano y tranquilo&#8221;.<\/p>\n<p>El Enyaq iV obtuvo cinco estrellas en seguridad en las pruebas de Euro NCAP. Dispone de mucha tecnolog\u00eda de seguridad de serie, incluida la frenada autom\u00e1tica de emergencia. &#8220;Cuando empec\u00e9 a conducir el coche, no paraba de decir &#8216;madre m\u00eda, este coche se conduce solo&#8217;. A\u00fan sigo sorprendi\u00e9ndome de lo inteligente que es el sistema de conducci\u00f3n, que me mantiene siempre s\u00faper seguro en las carreteras, especialmente al volver de una gran carrera o al aparcar en paralelo en las peque\u00f1as calles espa\u00f1olas. Creo que con el Enyaq hay que construir una relaci\u00f3n en la que cada uno aprende las habilidades del otro&#8221;, aclara Kasia. &#8220;Nunca me gust\u00f3 dar marcha atr\u00e1s con el coche ni intentar encajar en plazas de aparcamiento peque\u00f1as, pero gracias a todas las c\u00e1maras que hay alrededor del coche, he ganado m\u00e1s confianza y he mejorado mucho. El control de velocidad en autopista me da una gran sensaci\u00f3n de seguridad y lo que tambi\u00e9n es incre\u00edble es c\u00f3mo cambian las luces por la noche, d\u00e1ndote una claridad y una visi\u00f3n incre\u00edbles mientras te ocupas de otros coches que vienen en direcci\u00f3n contraria.&#8221;<\/p>\n<p>Skoda tambi\u00e9n ha dotado al Enyaq iV de un mont\u00f3n de funciones inteligentes dise\u00f1adas para eliminar el estr\u00e9s del d\u00eda a d\u00eda, como una aplicaci\u00f3n para el tel\u00e9fono que permite controlar la carga de la bater\u00eda a distancia o la posibilidad de ajustar a fondo los reposacabezas. El Enyaq iV viene con una pantalla t\u00e1ctil de infoentretenimiento de 13 pulgadas y funciones de conectividad. Los iconos de la pantalla son grandes y claros, por lo que no hay que forzar la vista para encontrar lo que se busca, y cuenta con radio DAB, navegaci\u00f3n integrada y mirroring para smartphone. &#8220;Suelo poner un mapa en la pantalla y tambi\u00e9n conecto mi tel\u00e9fono para tener un viaje m\u00e1s seguro y placentero con m\u00fasica o largas conversaciones con mis amigos&#8221;.<\/p>\n<p>\u00bfTienes experiencia con veh\u00edculos el\u00e9ctricos como \u00e1vido ciclista? Cu\u00e9ntanosla.<\/p>\n","protected":false},"excerpt":{"rendered":"<p>Kasia Niewiadoma no suele estar parada. Esta polaca con una trayectoria estelar debut\u00f3 en\u00a0 profesionales a los 19 a\u00f1os y [&hellip;]<\/p>\n","protected":false},"author":29,"featured_media":9503,"comment_status":"open","ping_status":"open","sticky":false,"template":"","format":"standard","meta":{"footnotes":""},"categories":[7],"tags":[2211],"global-categories":[1866],"class_list":["post-9494","post","type-post","status-publish","format-standard","has-post-thumbnail","hentry","category-carretera","tag-coche-electrico","global-categories-enyaq-iv"],"yoast_head":"<!-- This site is optimized with the Yoast SEO Premium plugin v25.3 (Yoast SEO v25.9) - https:\/\/yoast.com\/wordpress\/plugins\/seo\/ -->\n<title>La visi\u00f3n de Kasia Niewidoma sobre el coche el\u00e9ctrico para ciclistas<\/title>\n<meta name=\"description\" content=\"La visi\u00f3n de Kasia Niewidoma sobre el coche el\u00e9ctrico para ciclistas profesionales. Seguridad, autonom\u00eda y ecolog\u00eda.\" \/>\n<meta name=\"robots\" content=\"index, follow, max-snippet:-1, max-image-preview:large, max-video-preview:-1\" \/>\n<link rel=\"canonical\" href=\"https:\/\/www.welovecycling.com\/es\/2022\/12\/15\/coche-electrico\/\" \/>\n<meta property=\"og:locale\" content=\"es_ES\" \/>\n<meta property=\"og:type\" content=\"article\" \/>\n<meta property=\"og:title\" content=\"La visi\u00f3n de Kasia Niewidoma sobre el coche el\u00e9ctrico para ciclistas profesionales\" \/>\n<meta property=\"og:description\" content=\"La visi\u00f3n de Kasia Niewidoma sobre el coche el\u00e9ctrico para ciclistas profesionales. Seguridad, autonom\u00eda y ecolog\u00eda.\" \/>\n<meta property=\"og:url\" content=\"https:\/\/www.welovecycling.com\/es\/2022\/12\/15\/coche-electrico\/\" \/>\n<meta property=\"og:site_name\" content=\"\u0160koda We Love Cycling - Spain\" \/>\n<meta property=\"article:published_time\" content=\"2022-12-15T10:41:12+00:00\" \/>\n<meta property=\"og:image\" content=\"https:\/\/d2p6e6u75xmxt8.cloudfront.net\/6\/2022\/12\/Kasia-Niewiadoma-Enyaq-iV-Review-CVR.webp\" \/>\n\t<meta property=\"og:image:width\" content=\"990\" \/>\n\t<meta property=\"og:image:height\" content=\"660\" \/>\n\t<meta property=\"og:image:type\" content=\"image\/webp\" \/>\n<meta name=\"author\" content=\"We Love Cycling Spain\" \/>\n<meta name=\"twitter:card\" content=\"summary_large_image\" \/>\n<meta name=\"twitter:title\" content=\"La visi\u00f3n de Kasia Niewidoma sobre el coche el\u00e9ctrico para ciclistas profesionales\" \/>\n<meta name=\"twitter:description\" content=\"La visi\u00f3n de Kasia Niewidoma sobre el coche el\u00e9ctrico para ciclistas profesionales. Seguridad, autonom\u00eda y ecolog\u00eda.\" \/>\n<meta name=\"twitter:label1\" content=\"Written by\" \/>\n\t<meta name=\"twitter:data1\" content=\"We Love Cycling\" \/>\n\t<meta name=\"twitter:label2\" content=\"Est. reading time\" \/>\n\t<meta name=\"twitter:data2\" content=\"6\" \/>\n<script type=\"application\/ld+json\" class=\"yoast-schema-graph\">{\"@context\":\"https:\/\/schema.org\",\"@graph\":[{\"@type\":\"WebPage\",\"@id\":\"https:\/\/www.welovecycling.com\/es\/2022\/12\/15\/coche-electrico\/\",\"url\":\"https:\/\/www.welovecycling.com\/es\/2022\/12\/15\/coche-electrico\/\",\"name\":\"La visi\u00f3n de Kasia Niewidoma sobre el coche el\u00e9ctrico para ciclistas\",\"isPartOf\":{\"@id\":\"https:\/\/www.welovecycling.com\/es\/#website\"},\"primaryImageOfPage\":{\"@id\":\"https:\/\/www.welovecycling.com\/es\/2022\/12\/15\/coche-electrico\/#primaryimage\"},\"image\":{\"@id\":\"https:\/\/www.welovecycling.com\/es\/2022\/12\/15\/coche-electrico\/#primaryimage\"},\"thumbnailUrl\":\"https:\/\/d2p6e6u75xmxt8.cloudfront.net\/6\/2022\/12\/Kasia-Niewiadoma-Enyaq-iV-Review-CVR.webp\",\"datePublished\":\"2022-12-15T10:41:12+00:00\",\"author\":{\"@id\":\"https:\/\/www.welovecycling.com\/es\/#\/schema\/person\/deb61715b5812698ee79fb96f343ccd4\"},\"description\":\"La visi\u00f3n de Kasia Niewidoma sobre el coche el\u00e9ctrico para ciclistas profesionales. Seguridad, autonom\u00eda y ecolog\u00eda.\",\"breadcrumb\":{\"@id\":\"https:\/\/www.welovecycling.com\/es\/2022\/12\/15\/coche-electrico\/#breadcrumb\"},\"inLanguage\":\"es-ES\",\"potentialAction\":[{\"@type\":\"ReadAction\",\"target\":[\"https:\/\/www.welovecycling.com\/es\/2022\/12\/15\/coche-electrico\/\"]}]},{\"@type\":\"ImageObject\",\"inLanguage\":\"es-ES\",\"@id\":\"https:\/\/www.welovecycling.com\/es\/2022\/12\/15\/coche-electrico\/#primaryimage\",\"url\":\"https:\/\/d2p6e6u75xmxt8.cloudfront.net\/6\/2022\/12\/Kasia-Niewiadoma-Enyaq-iV-Review-CVR.webp\",\"contentUrl\":\"https:\/\/d2p6e6u75xmxt8.cloudfront.net\/6\/2022\/12\/Kasia-Niewiadoma-Enyaq-iV-Review-CVR.webp\",\"width\":990,\"height\":660,\"caption\":\"Kasia Niewiadoma\"},{\"@type\":\"BreadcrumbList\",\"@id\":\"https:\/\/www.welovecycling.com\/es\/2022\/12\/15\/coche-electrico\/#breadcrumb\",\"itemListElement\":[{\"@type\":\"ListItem\",\"position\":1,\"name\":\"Home\",\"item\":\"https:\/\/www.welovecycling.com\/es\/\"},{\"@type\":\"ListItem\",\"position\":2,\"name\":\"La visi\u00f3n de Kasia Niewidoma sobre el coche el\u00e9ctrico para ciclistas profesionales\"}]},{\"@type\":\"WebSite\",\"@id\":\"https:\/\/www.welovecycling.com\/es\/#website\",\"url\":\"https:\/\/www.welovecycling.com\/es\/\",\"name\":\"\u0160koda We Love Cycling - Spain\",\"description\":\"\u0160koda WeLoveCycling Spain\",\"potentialAction\":[{\"@type\":\"SearchAction\",\"target\":{\"@type\":\"EntryPoint\",\"urlTemplate\":\"https:\/\/www.welovecycling.com\/es\/?s={search_term_string}\"},\"query-input\":{\"@type\":\"PropertyValueSpecification\",\"valueRequired\":true,\"valueName\":\"search_term_string\"}}],\"inLanguage\":\"es-ES\"},{\"@type\":\"Person\",\"@id\":\"https:\/\/www.welovecycling.com\/es\/#\/schema\/person\/deb61715b5812698ee79fb96f343ccd4\",\"name\":\"We Love Cycling Spain\",\"image\":{\"@type\":\"ImageObject\",\"inLanguage\":\"es-ES\",\"@id\":\"https:\/\/www.welovecycling.com\/es\/#\/schema\/person\/image\/\",\"url\":\"https:\/\/secure.gravatar.com\/avatar\/c824b04e6df0e37a03219d0b6481672889df542894588964102459e46513159c?s=96&d=mm&r=g\",\"contentUrl\":\"https:\/\/secure.gravatar.com\/avatar\/c824b04e6df0e37a03219d0b6481672889df542894588964102459e46513159c?s=96&d=mm&r=g\",\"caption\":\"We Love Cycling Spain\"},\"url\":\"https:\/\/www.welovecycling.com\/es\/author\/amunoz\/\"}]}<\/script>\n<!-- \/ Yoast SEO Premium plugin. -->","yoast_head_json":{"title":"La visi\u00f3n de Kasia Niewidoma sobre el coche el\u00e9ctrico para ciclistas","description":"La visi\u00f3n de Kasia Niewidoma sobre el coche el\u00e9ctrico para ciclistas profesionales. Seguridad, autonom\u00eda y ecolog\u00eda.","robots":{"index":"index","follow":"follow","max-snippet":"max-snippet:-1","max-image-preview":"max-image-preview:large","max-video-preview":"max-video-preview:-1"},"canonical":"https:\/\/www.welovecycling.com\/es\/2022\/12\/15\/coche-electrico\/","og_locale":"es_ES","og_type":"article","og_title":"La visi\u00f3n de Kasia Niewidoma sobre el coche el\u00e9ctrico para ciclistas profesionales","og_description":"La visi\u00f3n de Kasia Niewidoma sobre el coche el\u00e9ctrico para ciclistas profesionales. Seguridad, autonom\u00eda y ecolog\u00eda.","og_url":"https:\/\/www.welovecycling.com\/es\/2022\/12\/15\/coche-electrico\/","og_site_name":"\u0160koda We Love Cycling - Spain","article_published_time":"2022-12-15T10:41:12+00:00","og_image":[{"width":990,"height":660,"url":"https:\/\/d2p6e6u75xmxt8.cloudfront.net\/6\/2022\/12\/Kasia-Niewiadoma-Enyaq-iV-Review-CVR.webp","type":"image\/webp"}],"author":"We Love Cycling Spain","twitter_card":"summary_large_image","twitter_title":"La visi\u00f3n de Kasia Niewidoma sobre el coche el\u00e9ctrico para ciclistas profesionales","twitter_description":"La visi\u00f3n de Kasia Niewidoma sobre el coche el\u00e9ctrico para ciclistas profesionales. Seguridad, autonom\u00eda y ecolog\u00eda.","twitter_misc":{"Written by":"We Love Cycling","Est. reading time":"6"},"schema":{"@context":"https:\/\/schema.org","@graph":[{"@type":"WebPage","@id":"https:\/\/www.welovecycling.com\/es\/2022\/12\/15\/coche-electrico\/","url":"https:\/\/www.welovecycling.com\/es\/2022\/12\/15\/coche-electrico\/","name":"La visi\u00f3n de Kasia Niewidoma sobre el coche el\u00e9ctrico para ciclistas","isPartOf":{"@id":"https:\/\/www.welovecycling.com\/es\/#website"},"primaryImageOfPage":{"@id":"https:\/\/www.welovecycling.com\/es\/2022\/12\/15\/coche-electrico\/#primaryimage"},"image":{"@id":"https:\/\/www.welovecycling.com\/es\/2022\/12\/15\/coche-electrico\/#primaryimage"},"thumbnailUrl":"https:\/\/d2p6e6u75xmxt8.cloudfront.net\/6\/2022\/12\/Kasia-Niewiadoma-Enyaq-iV-Review-CVR.webp","datePublished":"2022-12-15T10:41:12+00:00","author":{"@id":"https:\/\/www.welovecycling.com\/es\/#\/schema\/person\/deb61715b5812698ee79fb96f343ccd4"},"description":"La visi\u00f3n de Kasia Niewidoma sobre el coche el\u00e9ctrico para ciclistas profesionales. Seguridad, autonom\u00eda y ecolog\u00eda.","breadcrumb":{"@id":"https:\/\/www.welovecycling.com\/es\/2022\/12\/15\/coche-electrico\/#breadcrumb"},"inLanguage":"es-ES","potentialAction":[{"@type":"ReadAction","target":["https:\/\/www.welovecycling.com\/es\/2022\/12\/15\/coche-electrico\/"]}]},{"@type":"ImageObject","inLanguage":"es-ES","@id":"https:\/\/www.welovecycling.com\/es\/2022\/12\/15\/coche-electrico\/#primaryimage","url":"https:\/\/d2p6e6u75xmxt8.cloudfront.net\/6\/2022\/12\/Kasia-Niewiadoma-Enyaq-iV-Review-CVR.webp","contentUrl":"https:\/\/d2p6e6u75xmxt8.cloudfront.net\/6\/2022\/12\/Kasia-Niewiadoma-Enyaq-iV-Review-CVR.webp","width":990,"height":660,"caption":"Kasia Niewiadoma"},{"@type":"BreadcrumbList","@id":"https:\/\/www.welovecycling.com\/es\/2022\/12\/15\/coche-electrico\/#breadcrumb","itemListElement":[{"@type":"ListItem","position":1,"name":"Home","item":"https:\/\/www.welovecycling.com\/es\/"},{"@type":"ListItem","position":2,"name":"La visi\u00f3n de Kasia Niewidoma sobre el coche el\u00e9ctrico para ciclistas profesionales"}]},{"@type":"WebSite","@id":"https:\/\/www.welovecycling.com\/es\/#website","url":"https:\/\/www.welovecycling.com\/es\/","name":"\u0160koda We Love Cycling - Spain","description":"\u0160koda WeLoveCycling Spain","potentialAction":[{"@type":"SearchAction","target":{"@type":"EntryPoint","urlTemplate":"https:\/\/www.welovecycling.com\/es\/?s={search_term_string}"},"query-input":{"@type":"PropertyValueSpecification","valueRequired":true,"valueName":"search_term_string"}}],"inLanguage":"es-ES"},{"@type":"Person","@id":"https:\/\/www.welovecycling.com\/es\/#\/schema\/person\/deb61715b5812698ee79fb96f343ccd4","name":"We Love Cycling Spain","image":{"@type":"ImageObject","inLanguage":"es-ES","@id":"https:\/\/www.welovecycling.com\/es\/#\/schema\/person\/image\/","url":"https:\/\/secure.gravatar.com\/avatar\/c824b04e6df0e37a03219d0b6481672889df542894588964102459e46513159c?s=96&d=mm&r=g","contentUrl":"https:\/\/secure.gravatar.com\/avatar\/c824b04e6df0e37a03219d0b6481672889df542894588964102459e46513159c?s=96&d=mm&r=g","caption":"We Love Cycling Spain"},"url":"https:\/\/www.welovecycling.com\/es\/author\/amunoz\/"}]}},"_links":{"self":[{"href":"https:\/\/www.welovecycling.com\/es\/wp-json\/wp\/v2\/posts\/9494","targetHints":{"allow":["GET"]}}],"collection":[{"href":"https:\/\/www.welovecycling.com\/es\/wp-json\/wp\/v2\/posts"}],"about":[{"href":"https:\/\/www.welovecycling.com\/es\/wp-json\/wp\/v2\/types\/post"}],"author":[{"embeddable":true,"href":"https:\/\/www.welovecycling.com\/es\/wp-json\/wp\/v2\/users\/29"}],"replies":[{"embeddable":true,"href":"https:\/\/www.welovecycling.com\/es\/wp-json\/wp\/v2\/comments?post=9494"}],"version-history":[{"count":2,"href":"https:\/\/www.welovecycling.com\/es\/wp-json\/wp\/v2\/posts\/9494\/revisions"}],"predecessor-version":[{"id":9504,"href":"https:\/\/www.welovecycling.com\/es\/wp-json\/wp\/v2\/posts\/9494\/revisions\/9504"}],"wp:featuredmedia":[{"embeddable":true,"href":"https:\/\/www.welovecycling.com\/es\/wp-json\/wp\/v2\/media\/9503"}],"wp:attachment":[{"href":"https:\/\/www.welovecycling.com\/es\/wp-json\/wp\/v2\/media?parent=9494"}],"wp:term":[{"taxonomy":"category","embeddable":true,"href":"https:\/\/www.welovecycling.com\/es\/wp-json\/wp\/v2\/categories?post=9494"},{"taxonomy":"post_tag","embeddable":true,"href":"https:\/\/www.welovecycling.com\/es\/wp-json\/wp\/v2\/tags?post=9494"},{"taxonomy":"global-categories","embeddable":true,"href":"https:\/\/www.welovecycling.com\/es\/wp-json\/wp\/v2\/global-categories?post=9494"}],"curies":[{"name":"wp","href":"https:\/\/api.w.org\/{rel}","templated":true}]}}