{"id":9481,"date":"2022-12-09T01:20:40","date_gmt":"2022-12-08T23:20:40","guid":{"rendered":"https:\/\/www.welovecycling.com\/es\/?p=9481"},"modified":"2022-12-09T01:20:40","modified_gmt":"2022-12-08T23:20:40","slug":"gravel-series","status":"publish","type":"post","link":"https:\/\/www.welovecycling.com\/es\/2022\/12\/09\/gravel-series\/","title":{"rendered":"Las Gravel Series &#8211; Un nuevo salto de calidad"},"content":{"rendered":"<p style=\"font-weight: 400;\"><strong>Las carreras de gravel est\u00e1n ganando importancia. En octubre, la UCI concedi\u00f3 sus primeros t\u00edtulos de campe\u00f3n del mundo de gravel: el belga Gianni Vermeesh se convirti\u00f3 en el primer Campe\u00f3n del Mundo de Gravel UCI \u00c9lite Masculino y la francesa Pauline Ferrand-Prevot gan\u00f3 el equivalente femenino y el derecho a vestir el maillot arco iris.<\/strong><\/p>\n<p><!--more--><\/p>\n<p>Lo m\u00e1s destacable de la carrera masculina fueron los corredores que no ganaron. Por ejemplo, el m\u00faltiple campe\u00f3n del mundo de ciclocross y ganador de una etapa del Tour de Francia, Mathieu van der Poel, fue tercero en la carrera, mientras que el siete veces ganador del Maillot Verde \u0160koda del Tour de Francia, <a href=\"https:\/\/www.welovecycling.com\/wide\/2020\/09\/08\/the-story-of-the-skoda-green-jersey-and-the-legend-of-peter-sagan\/\">Peter Sagan,<\/a> termin\u00f3 en 14\u00aa posici\u00f3n. El italiano Davide Rebellin, antiguo especialista en carreras en ruta, tristemente fallecido el 30 de noviembre, termin\u00f3 en el puesto 39 de los 99 corredores participantes en la carrera, una actuaci\u00f3n impresionante para un atleta de 51 a\u00f1os.<\/p>\n<p>Poco m\u00e1s de un mes despu\u00e9s de estos campeonatos hist\u00f3ricos, el promotor<a href=\"https:\/\/gravelearthseries.com\/wp-content\/uploads\/2022\/11\/Press-Release-EN.pdf\"> gerundense Klassmark<\/a> anunci\u00f3 que en 2023 se estrenar\u00e1 una nueva serie mundial de carreras gravel. La serie, llamada Gravel Earth, combinar\u00e1 de seis a ocho carreras, en diferentes lugares del mundo, y culminar\u00e1 con un Campeonato Final de Tierra a finales de octubre o noviembre en un lugar a\u00fan por determinar. La serie se cre\u00f3 &#8220;con la ambici\u00f3n de mantener la esencia [de las carreras de gravel] [y] reunir algunos de los eventos m\u00e1s importantes y experimentados. Los valores de este deporte, el respeto por el medio ambiente y el amor por el territorio deben prevalecer sobre cualquier competici\u00f3n&#8221;.<\/p>\n<p>La copropietaria de <a href=\"https:\/\/www.velonews.com\/news\/gravel\/the-gravel-earth-series-to-make-a-global-debut-in-2023\/\">Klassmark, Cristina Freixes<\/a>, explic\u00f3 a los periodistas que la idea de las Gravel Series era dar a conocer a m\u00e1s aficionados al ciclismo las carreras todoterreno en lugares extraordinarios de todo el mundo. &#8220;Lo que quer\u00edamos era elegir diferentes tipos de estilos de carreras, pero todas en lugares incre\u00edbles&#8221;, dijo. &#8220;Para ofrecer m\u00e1s una experiencia que una competici\u00f3n&#8221;.<\/p>\n<p>La serie arrancar\u00e1 los d\u00edas 29 y 30 de abril con La Traka, en la Costa Brava y Girona (Espa\u00f1a). Le seguir\u00e1, del 20 al 23 de junio, la Migration Gravel Race, de cuatro etapas, en el Maasai Mara de Kenia. Pocos d\u00edas despu\u00e9s, los corredores de gravel estar\u00e1n en Francia para la carrera Nature is Bike. El 1 de julio, los especialistas de la grava se dar\u00e1n cita en el coraz\u00f3n de los Alpes suizos, en Andermatt, para disputar la Octopus Gravel Race, con segmentos cronometrados. Le sigue una carrera de una sola etapa en The Rift, Islandia, el 23 de julio, y otra prueba de una sola etapa el 12 de agosto en Bergslagen, Suecia. Todo un viaje.<\/p>\n<p>Pero no todo son visitas tur\u00edsticas. En cada prueba se asignar\u00e1n puntos a los primeros clasificados masculinos, femeninos y no binarios, y cada prueba tendr\u00e1 una ponderaci\u00f3n diferente, en funci\u00f3n de su &#8220;dificultad y prestigio&#8221;. La clasificaci\u00f3n final se calcular\u00e1 sumando las dos mejores puntuaciones de un corredor, as\u00ed como los resultados de la Final de Tierra, que, por supuesto, otorgar\u00e1 m\u00e1s puntos que las carreras anteriores.<\/p>\n<p>Dado que cada prueba se punt\u00faa de forma diferente, los ciclistas pueden elegir participar en las pruebas que mejor se adapten a su estilo y habilidades. Los corredores que prefieran las carreras por etapas optar\u00e1n por la Migration Gravel Race de Kenia, que otorga 12.000 puntos, mientras que las carreras de Suecia e Islandia otorgan 9.000 puntos cada una. Seg\u00fan Freixes, &#8220;este formato de clasificaci\u00f3n premia a los ciclistas m\u00e1s regulares y vers\u00e1tiles del a\u00f1o&#8221;.<\/p>\n<p>Pero el verdadero <a href=\"https:\/\/gravelearthseries.com\/wp-content\/uploads\/2022\/11\/Press-Release-EN.pdf\">objetivo de las<\/a> Gravel Series es promover las carreras de gravel y los ideales medioambientales. &#8220;Las pistas de las Gravel Series promueven zonas remotas poco visitadas por el gran p\u00fablico para encontrar un contacto genuino con la Tierra&#8221;, declara el comunicado de prensa. &#8220;El valor paisaj\u00edstico y el entorno natural en el que se desarrollan los eventos deben ser la primera premisa&#8221;.<\/p>\n","protected":false},"excerpt":{"rendered":"<p>Las carreras de gravel est\u00e1n ganando importancia. En octubre, la UCI concedi\u00f3 sus primeros t\u00edtulos de campe\u00f3n del mundo de [&hellip;]<\/p>\n","protected":false},"author":29,"featured_media":9483,"comment_status":"open","ping_status":"open","sticky":false,"template":"","format":"standard","meta":{"footnotes":""},"categories":[7,9],"tags":[867],"global-categories":[],"class_list":["post-9481","post","type-post","status-publish","format-standard","has-post-thumbnail","hentry","category-carretera","category-mtb-aventura","tag-gravel"],"yoast_head":"<!-- This site is optimized with the Yoast SEO Premium plugin v25.3 (Yoast SEO v25.9) - https:\/\/yoast.com\/wordpress\/plugins\/seo\/ -->\n<title>Las Gravel Series - Un nuevo salto de calidad<\/title>\n<meta name=\"description\" content=\"Las Gravel Series - Un nuevo salto de calidad. Nace una competici\u00f3n mundial de gravel para el a\u00f1o 2023. Las Gravel Series.\" \/>\n<meta name=\"robots\" content=\"index, follow, max-snippet:-1, max-image-preview:large, max-video-preview:-1\" \/>\n<link rel=\"canonical\" href=\"https:\/\/www.welovecycling.com\/es\/2022\/12\/09\/gravel-series\/\" \/>\n<meta property=\"og:locale\" content=\"es_ES\" \/>\n<meta property=\"og:type\" content=\"article\" \/>\n<meta property=\"og:title\" content=\"Las Gravel Series - Un nuevo salto de calidad\" \/>\n<meta property=\"og:description\" content=\"Las Gravel Series - Un nuevo salto de calidad. Nace una competici\u00f3n mundial de gravel para el a\u00f1o 2023. Las Gravel Series.\" \/>\n<meta property=\"og:url\" content=\"https:\/\/www.welovecycling.com\/es\/2022\/12\/09\/gravel-series\/\" \/>\n<meta property=\"og:site_name\" content=\"\u0160koda We Love Cycling - Spain\" \/>\n<meta property=\"article:published_time\" content=\"2022-12-08T23:20:40+00:00\" \/>\n<meta property=\"og:image\" content=\"https:\/\/d2p6e6u75xmxt8.cloudfront.net\/6\/2022\/12\/UCI-Gravel-Race-profimedia-0729344374-CVR.webp\" \/>\n\t<meta property=\"og:image:width\" content=\"990\" \/>\n\t<meta property=\"og:image:height\" content=\"660\" \/>\n\t<meta property=\"og:image:type\" content=\"image\/webp\" \/>\n<meta name=\"author\" content=\"We Love Cycling Spain\" \/>\n<meta name=\"twitter:card\" content=\"summary_large_image\" \/>\n<meta name=\"twitter:title\" content=\"Las Gravel Series - Un nuevo salto de calidad\" \/>\n<meta name=\"twitter:description\" content=\"Las Gravel Series - Un nuevo salto de calidad. Nace una competici\u00f3n mundial de gravel para el a\u00f1o 2023. Las Gravel Series.\" \/>\n<meta name=\"twitter:label1\" content=\"Written by\" \/>\n\t<meta name=\"twitter:data1\" content=\"Siegfried Mortkowitz\" \/>\n\t<meta name=\"twitter:label2\" content=\"Est. reading time\" \/>\n\t<meta name=\"twitter:data2\" content=\"5\" \/>\n<script type=\"application\/ld+json\" class=\"yoast-schema-graph\">{\"@context\":\"https:\/\/schema.org\",\"@graph\":[{\"@type\":\"WebPage\",\"@id\":\"https:\/\/www.welovecycling.com\/es\/2022\/12\/09\/gravel-series\/\",\"url\":\"https:\/\/www.welovecycling.com\/es\/2022\/12\/09\/gravel-series\/\",\"name\":\"Las Gravel Series - Un nuevo salto de calidad\",\"isPartOf\":{\"@id\":\"https:\/\/www.welovecycling.com\/es\/#website\"},\"primaryImageOfPage\":{\"@id\":\"https:\/\/www.welovecycling.com\/es\/2022\/12\/09\/gravel-series\/#primaryimage\"},\"image\":{\"@id\":\"https:\/\/www.welovecycling.com\/es\/2022\/12\/09\/gravel-series\/#primaryimage\"},\"thumbnailUrl\":\"https:\/\/d2p6e6u75xmxt8.cloudfront.net\/6\/2022\/12\/UCI-Gravel-Race-profimedia-0729344374-CVR.webp\",\"datePublished\":\"2022-12-08T23:20:40+00:00\",\"author\":{\"@id\":\"https:\/\/www.welovecycling.com\/es\/#\/schema\/person\/deb61715b5812698ee79fb96f343ccd4\"},\"description\":\"Las Gravel Series - Un nuevo salto de calidad. Nace una competici\u00f3n mundial de gravel para el a\u00f1o 2023. Las Gravel Series.\",\"breadcrumb\":{\"@id\":\"https:\/\/www.welovecycling.com\/es\/2022\/12\/09\/gravel-series\/#breadcrumb\"},\"inLanguage\":\"es-ES\",\"potentialAction\":[{\"@type\":\"ReadAction\",\"target\":[\"https:\/\/www.welovecycling.com\/es\/2022\/12\/09\/gravel-series\/\"]}]},{\"@type\":\"ImageObject\",\"inLanguage\":\"es-ES\",\"@id\":\"https:\/\/www.welovecycling.com\/es\/2022\/12\/09\/gravel-series\/#primaryimage\",\"url\":\"https:\/\/d2p6e6u75xmxt8.cloudfront.net\/6\/2022\/12\/UCI-Gravel-Race-profimedia-0729344374-CVR.webp\",\"contentUrl\":\"https:\/\/d2p6e6u75xmxt8.cloudfront.net\/6\/2022\/12\/UCI-Gravel-Race-profimedia-0729344374-CVR.webp\",\"width\":990,\"height\":660,\"caption\":\"UCI Gravel Race\"},{\"@type\":\"BreadcrumbList\",\"@id\":\"https:\/\/www.welovecycling.com\/es\/2022\/12\/09\/gravel-series\/#breadcrumb\",\"itemListElement\":[{\"@type\":\"ListItem\",\"position\":1,\"name\":\"Home\",\"item\":\"https:\/\/www.welovecycling.com\/es\/\"},{\"@type\":\"ListItem\",\"position\":2,\"name\":\"Las Gravel Series &#8211; Un nuevo salto de calidad\"}]},{\"@type\":\"WebSite\",\"@id\":\"https:\/\/www.welovecycling.com\/es\/#website\",\"url\":\"https:\/\/www.welovecycling.com\/es\/\",\"name\":\"\u0160koda We Love Cycling - Spain\",\"description\":\"\u0160koda WeLoveCycling Spain\",\"potentialAction\":[{\"@type\":\"SearchAction\",\"target\":{\"@type\":\"EntryPoint\",\"urlTemplate\":\"https:\/\/www.welovecycling.com\/es\/?s={search_term_string}\"},\"query-input\":{\"@type\":\"PropertyValueSpecification\",\"valueRequired\":true,\"valueName\":\"search_term_string\"}}],\"inLanguage\":\"es-ES\"},{\"@type\":\"Person\",\"@id\":\"https:\/\/www.welovecycling.com\/es\/#\/schema\/person\/deb61715b5812698ee79fb96f343ccd4\",\"name\":\"We Love Cycling Spain\",\"image\":{\"@type\":\"ImageObject\",\"inLanguage\":\"es-ES\",\"@id\":\"https:\/\/www.welovecycling.com\/es\/#\/schema\/person\/image\/\",\"url\":\"https:\/\/secure.gravatar.com\/avatar\/c824b04e6df0e37a03219d0b6481672889df542894588964102459e46513159c?s=96&d=mm&r=g\",\"contentUrl\":\"https:\/\/secure.gravatar.com\/avatar\/c824b04e6df0e37a03219d0b6481672889df542894588964102459e46513159c?s=96&d=mm&r=g\",\"caption\":\"We Love Cycling Spain\"},\"url\":\"https:\/\/www.welovecycling.com\/es\/author\/amunoz\/\"}]}<\/script>\n<!-- \/ Yoast SEO Premium plugin. -->","yoast_head_json":{"title":"Las Gravel Series - Un nuevo salto de calidad","description":"Las Gravel Series - Un nuevo salto de calidad. Nace una competici\u00f3n mundial de gravel para el a\u00f1o 2023. Las Gravel Series.","robots":{"index":"index","follow":"follow","max-snippet":"max-snippet:-1","max-image-preview":"max-image-preview:large","max-video-preview":"max-video-preview:-1"},"canonical":"https:\/\/www.welovecycling.com\/es\/2022\/12\/09\/gravel-series\/","og_locale":"es_ES","og_type":"article","og_title":"Las Gravel Series - Un nuevo salto de calidad","og_description":"Las Gravel Series - Un nuevo salto de calidad. Nace una competici\u00f3n mundial de gravel para el a\u00f1o 2023. Las Gravel Series.","og_url":"https:\/\/www.welovecycling.com\/es\/2022\/12\/09\/gravel-series\/","og_site_name":"\u0160koda We Love Cycling - Spain","article_published_time":"2022-12-08T23:20:40+00:00","og_image":[{"width":990,"height":660,"url":"https:\/\/d2p6e6u75xmxt8.cloudfront.net\/6\/2022\/12\/UCI-Gravel-Race-profimedia-0729344374-CVR.webp","type":"image\/webp"}],"author":"We Love Cycling Spain","twitter_card":"summary_large_image","twitter_title":"Las Gravel Series - Un nuevo salto de calidad","twitter_description":"Las Gravel Series - Un nuevo salto de calidad. Nace una competici\u00f3n mundial de gravel para el a\u00f1o 2023. Las Gravel Series.","twitter_misc":{"Written by":"Siegfried Mortkowitz","Est. reading time":"5"},"schema":{"@context":"https:\/\/schema.org","@graph":[{"@type":"WebPage","@id":"https:\/\/www.welovecycling.com\/es\/2022\/12\/09\/gravel-series\/","url":"https:\/\/www.welovecycling.com\/es\/2022\/12\/09\/gravel-series\/","name":"Las Gravel Series - Un nuevo salto de calidad","isPartOf":{"@id":"https:\/\/www.welovecycling.com\/es\/#website"},"primaryImageOfPage":{"@id":"https:\/\/www.welovecycling.com\/es\/2022\/12\/09\/gravel-series\/#primaryimage"},"image":{"@id":"https:\/\/www.welovecycling.com\/es\/2022\/12\/09\/gravel-series\/#primaryimage"},"thumbnailUrl":"https:\/\/d2p6e6u75xmxt8.cloudfront.net\/6\/2022\/12\/UCI-Gravel-Race-profimedia-0729344374-CVR.webp","datePublished":"2022-12-08T23:20:40+00:00","author":{"@id":"https:\/\/www.welovecycling.com\/es\/#\/schema\/person\/deb61715b5812698ee79fb96f343ccd4"},"description":"Las Gravel Series - Un nuevo salto de calidad. Nace una competici\u00f3n mundial de gravel para el a\u00f1o 2023. Las Gravel Series.","breadcrumb":{"@id":"https:\/\/www.welovecycling.com\/es\/2022\/12\/09\/gravel-series\/#breadcrumb"},"inLanguage":"es-ES","potentialAction":[{"@type":"ReadAction","target":["https:\/\/www.welovecycling.com\/es\/2022\/12\/09\/gravel-series\/"]}]},{"@type":"ImageObject","inLanguage":"es-ES","@id":"https:\/\/www.welovecycling.com\/es\/2022\/12\/09\/gravel-series\/#primaryimage","url":"https:\/\/d2p6e6u75xmxt8.cloudfront.net\/6\/2022\/12\/UCI-Gravel-Race-profimedia-0729344374-CVR.webp","contentUrl":"https:\/\/d2p6e6u75xmxt8.cloudfront.net\/6\/2022\/12\/UCI-Gravel-Race-profimedia-0729344374-CVR.webp","width":990,"height":660,"caption":"UCI Gravel Race"},{"@type":"BreadcrumbList","@id":"https:\/\/www.welovecycling.com\/es\/2022\/12\/09\/gravel-series\/#breadcrumb","itemListElement":[{"@type":"ListItem","position":1,"name":"Home","item":"https:\/\/www.welovecycling.com\/es\/"},{"@type":"ListItem","position":2,"name":"Las Gravel Series &#8211; Un nuevo salto de calidad"}]},{"@type":"WebSite","@id":"https:\/\/www.welovecycling.com\/es\/#website","url":"https:\/\/www.welovecycling.com\/es\/","name":"\u0160koda We Love Cycling - Spain","description":"\u0160koda WeLoveCycling Spain","potentialAction":[{"@type":"SearchAction","target":{"@type":"EntryPoint","urlTemplate":"https:\/\/www.welovecycling.com\/es\/?s={search_term_string}"},"query-input":{"@type":"PropertyValueSpecification","valueRequired":true,"valueName":"search_term_string"}}],"inLanguage":"es-ES"},{"@type":"Person","@id":"https:\/\/www.welovecycling.com\/es\/#\/schema\/person\/deb61715b5812698ee79fb96f343ccd4","name":"We Love Cycling Spain","image":{"@type":"ImageObject","inLanguage":"es-ES","@id":"https:\/\/www.welovecycling.com\/es\/#\/schema\/person\/image\/","url":"https:\/\/secure.gravatar.com\/avatar\/c824b04e6df0e37a03219d0b6481672889df542894588964102459e46513159c?s=96&d=mm&r=g","contentUrl":"https:\/\/secure.gravatar.com\/avatar\/c824b04e6df0e37a03219d0b6481672889df542894588964102459e46513159c?s=96&d=mm&r=g","caption":"We Love Cycling Spain"},"url":"https:\/\/www.welovecycling.com\/es\/author\/amunoz\/"}]}},"_links":{"self":[{"href":"https:\/\/www.welovecycling.com\/es\/wp-json\/wp\/v2\/posts\/9481","targetHints":{"allow":["GET"]}}],"collection":[{"href":"https:\/\/www.welovecycling.com\/es\/wp-json\/wp\/v2\/posts"}],"about":[{"href":"https:\/\/www.welovecycling.com\/es\/wp-json\/wp\/v2\/types\/post"}],"author":[{"embeddable":true,"href":"https:\/\/www.welovecycling.com\/es\/wp-json\/wp\/v2\/users\/29"}],"replies":[{"embeddable":true,"href":"https:\/\/www.welovecycling.com\/es\/wp-json\/wp\/v2\/comments?post=9481"}],"version-history":[{"count":1,"href":"https:\/\/www.welovecycling.com\/es\/wp-json\/wp\/v2\/posts\/9481\/revisions"}],"predecessor-version":[{"id":9489,"href":"https:\/\/www.welovecycling.com\/es\/wp-json\/wp\/v2\/posts\/9481\/revisions\/9489"}],"wp:featuredmedia":[{"embeddable":true,"href":"https:\/\/www.welovecycling.com\/es\/wp-json\/wp\/v2\/media\/9483"}],"wp:attachment":[{"href":"https:\/\/www.welovecycling.com\/es\/wp-json\/wp\/v2\/media?parent=9481"}],"wp:term":[{"taxonomy":"category","embeddable":true,"href":"https:\/\/www.welovecycling.com\/es\/wp-json\/wp\/v2\/categories?post=9481"},{"taxonomy":"post_tag","embeddable":true,"href":"https:\/\/www.welovecycling.com\/es\/wp-json\/wp\/v2\/tags?post=9481"},{"taxonomy":"global-categories","embeddable":true,"href":"https:\/\/www.welovecycling.com\/es\/wp-json\/wp\/v2\/global-categories?post=9481"}],"curies":[{"name":"wp","href":"https:\/\/api.w.org\/{rel}","templated":true}]}}