{"id":9454,"date":"2022-11-30T16:34:34","date_gmt":"2022-11-30T14:34:34","guid":{"rendered":"https:\/\/www.welovecycling.com\/es\/?p=9454"},"modified":"2022-11-24T16:50:07","modified_gmt":"2022-11-24T14:50:07","slug":"variabilidad-frencuencia-cardiaca-entrenamiento","status":"publish","type":"post","link":"https:\/\/www.welovecycling.com\/es\/2022\/11\/30\/variabilidad-frencuencia-cardiaca-entrenamiento\/","title":{"rendered":"Variabilidad de la Frecuencia Card\u00edaca \u2013 Como usarla para entrenar"},"content":{"rendered":"<p style=\"font-weight: 400;\"><strong>Los cambios en la variabilidad de la frecuencia card\u00edaca dicen mucho sobre lo bien que est\u00e1s manejando el estr\u00e9s, y eso incluye tu entrenamiento. La VFC puede ayudarte a ver si est\u00e1s bien recuperado y preparado para afrontar una alta intensidad o si tu cuerpo necesita m\u00e1s descanso para ponerse al d\u00eda. Pero, \u00bfpuede realmente utilizar la VFC para guiar sus decisiones de entrenamiento?<\/strong><\/p>\n<p><!--more--><\/p>\n<h2><strong>\u00bfC\u00f3mo responde la VFC a los entrenamientos?<\/strong><\/h2>\n<p style=\"font-weight: 400;\">Los <a href=\"https:\/\/pubmed.ncbi.nlm.nih.gov\/17849143\/\">estudios demuestran<\/a> que el ejercicio extenuante conduce a una disminuci\u00f3n de la VFC. Tambi\u00e9n demuestran que con un descanso y una recuperaci\u00f3n suficientes, la variabilidad de la frecuencia card\u00edaca vuelve a aumentar. Esta relaci\u00f3n entre el entrenamiento y la VFC es muy importante para cualquier ciclista que se plantee utilizar la VFC para el entrenamiento. Entonces, \u00bfc\u00f3mo se puede utilizar esta informaci\u00f3n en el entrenamiento?<\/p>\n<h2><strong>Entrenamiento inteligente con la VFC<\/strong><\/h2>\n<p style=\"font-weight: 400;\">\u00a0Tener un <a href=\"https:\/\/www.welovecycling.com\/es\/2019\/10\/07\/plan-entrenamiento-ciclista-objetivos\/\">plan de entrenamiento<\/a> predeterminado es importante, ya que da una estructura a toda la temporada y garantiza que se cubran todas las bases. La VFC es una capa m\u00e1s. Si tu VFC es baja y su pr\u00f3xima sesi\u00f3n debe ser de intervalos de alta intensidad, debes incluir un <a href=\"https:\/\/www.welovecycling.com\/es\/2019\/10\/11\/bloques-entrenamiento-ciclista\/\">recorrido de recuperaci\u00f3n<\/a> y trasladar la intensidad al d\u00eda siguiente. Y, del mismo modo, si tu VFC es alta, sabes que puede esforzarse m\u00e1s en el entrenamiento y que te recuperar\u00e1s r\u00e1pidamente. Deber\u00eda ayudarte a entrenar de forma m\u00e1s inteligente, al menos en teor\u00eda.<\/p>\n<figure id=\"attachment_6401\" aria-describedby=\"caption-attachment-6401\" style=\"width: 1250px\" class=\"wp-caption alignnone\"><a href=\"https:\/\/d2p6e6u75xmxt8.cloudfront.net\/6\/2020\/07\/Training-Ride-CVR-profimedia-0128732705.jpg\"><img loading=\"lazy\" decoding=\"async\" class=\"wp-image-6401 size-full\" src=\"https:\/\/d2p6e6u75xmxt8.cloudfront.net\/6\/2020\/07\/Training-Ride-CVR-profimedia-0128732705.jpg\" alt=\"Training Ride\" width=\"1250\" height=\"831\" \/><\/a><figcaption id=\"caption-attachment-6401\" class=\"wp-caption-text\">La medici\u00f3n de la VFC puede revelar mucho sobre tu salud, tu estilo de vida y tu entrenamiento. Puedes utilizar la VFC para hacer un seguimiento de las mejoras en todas estas \u00e1reas. \u00a9 Profimedia<\/figcaption><\/figure>\n<h2><strong><br \/>\nUsar la VFC ayuda a mejorar el rendimiento<\/strong><\/h2>\n<ul>\n<li><a href=\"https:\/\/pubmed.ncbi.nlm.nih.gov\/29809080\/\">Investigadores de la Universidad Miguel Hern\u00e1ndez y de la Universidad de Stellenbosch<\/a> decidieron probar si la VFC puede utilizarse realmente para guiar las sesiones de entrenamiento y obtener mejores resultados. Reclutaron a 17 ciclistas para su estudio y, tras 4 semanas de entrenamiento normalizado, los dividieron en dos grupos.\n<p><strong>Grupo de entrenamiento t\u00edpico:<\/strong> Durante 3 semanas, los ciclistas aumentaban la intensidad y luego descansaban una semana. Lo har\u00edan dos veces para un total de 8 semanas.<br \/>\n<strong>Grupo de entrenamiento guiado por la VFC:<\/strong> Los ciclistas entrenar\u00edan durante 8 semanas y la intensidad del entrenamiento se decidir\u00eda en funci\u00f3n de su VFC. Pero nunca har\u00edan m\u00e1s de 2 d\u00edas consecutivos de alta intensidad o de descanso.<\/p>\n<p>Lo que los investigadores encontraron al final del experimento fue que el grupo de VFC pas\u00f3 significativamente menos tiempo entrenando a una intensidad moderada pero m\u00e1s tiempo a baja intensidad. Ambos grupos pasaron m\u00e1s o menos el mismo tiempo a alta intensidad. \u00bfY en cuanto a su rendimiento? El grupo guiado por la VFC lo hizo mucho mejor en comparaci\u00f3n con el grupo de entrenamiento t\u00edpico.<\/p>\n<p><em>Aumento del 5% de la potencia m\u00e1xima<\/em><br \/>\n<em>Un 14% m\u00e1s de aumento de la potencia en los umbrales ventilatorios VT2 (la mayor intensidad sostenida durante 30 a 60 minutos)<\/em><br \/>\n<em>Un 7% m\u00e1s de aumento de la potencia en una contrarreloj de 40 minutos<\/em><\/p>\n<p>Los autores concluyeron que estas mejoras pueden deberse a que los atletas guiados por la VFC estaban m\u00e1s preparados para sus sesiones de alta intensidad y tambi\u00e9n a que pasaron menos tiempo a intensidad moderada. En general, se trata de una gran noticia para todos los ciclistas que siguen la VFC.<\/li>\n<\/ul>\n<h2><strong>El entrenamiento no es lo \u00fanico que influye en la VFC<\/strong><\/h2>\n<p style=\"font-weight: 400;\">Puede ser tentador, despu\u00e9s de leer los resultados de ese estudio, lanzarse a los datos de la VFC y ajustar cada sesi\u00f3n de entrenamiento bas\u00e1ndose en ellos. Tienes que tener en cuenta que hay otras cosas que influyen en tu VFC. <a href=\"https:\/\/www.welovecycling.com\/es\/2022\/11\/16\/mejorar-variabilidad-frecuencia-cardiaca\/\">En el art\u00edculo anterior,<\/a> hablamos de c\u00f3mo pueden contribuir tu estilo de vida, el sue\u00f1o, el estr\u00e9s laboral o la dieta. El entrenamiento no es lo \u00fanico que puedes ajustar. Y es igualmente importante ser consciente de c\u00f3mo te sientes. Al igual que no debes ser un esclavo de tus n\u00fameros de potencia, no seas un esclavo de la VFC.<\/p>\n<h2><strong>Utilizar la Frecuencia Cardiaca en reposo con la VFC<\/strong><\/h2>\n<p>Una vez que te acostumbres a seguir e interpretar la VFC, puedes combinarla con la frecuencia card\u00edaca en reposo (FCR). Esto puede ayudarte a saber mejor c\u00f3mo est\u00e1 funcionando tu cuerpo. Ten en cuenta que no se trata de reglas estrictas, sino de observaciones generales de atletas que han utilizado la VFC.<\/p>\n<p>Un aumento de la VFC junto con una disminuci\u00f3n de la FC es una se\u00f1al de que est\u00e1s reaccionando bien al entrenamiento y est\u00e1s preparado para m\u00e1s.<br \/>\nUn aumento de la VFC junto con un aumento de la FCR indica que est\u00e1s acumulando fatiga, a menos que est\u00e9s al principio de un bloque de entrenamiento.<br \/>\nUna disminuci\u00f3n de la VFC junto con un aumento de la FCR tambi\u00e9n indica fatiga, a menos que est\u00e9 disminuyendo, en cuyo caso es una buena se\u00f1al de que est\u00e1 listo para rendir.<br \/>\nUna disminuci\u00f3n de la VFC junto con una disminuci\u00f3n de la FCR es un signo de entrenamiento prolongado de baja intensidad y alto volumen. El descanso deber\u00eda invertir la tendencia; si no, es un signo de sobreentrenamiento.<\/p>\n<p>Equipado con todos estos datos, seguro que sacas el m\u00e1ximo partido a tus series y sprints. Y quiz\u00e1s incluso te tomes ese d\u00eda de descanso extra cuando tu cuerpo te lo pida.<\/p>\n","protected":false},"excerpt":{"rendered":"<p>Los cambios en la variabilidad de la frecuencia card\u00edaca dicen mucho sobre lo bien que est\u00e1s manejando el estr\u00e9s, y [&hellip;]<\/p>\n","protected":false},"author":29,"featured_media":9460,"comment_status":"open","ping_status":"open","sticky":false,"template":"","format":"standard","meta":{"footnotes":""},"categories":[7],"tags":[],"global-categories":[],"class_list":["post-9454","post","type-post","status-publish","format-standard","has-post-thumbnail","hentry","category-carretera"],"yoast_head":"<!-- This site is optimized with the Yoast SEO Premium plugin v25.3 (Yoast SEO v25.9) - https:\/\/yoast.com\/wordpress\/plugins\/seo\/ -->\n<title>Variabilidad de la Frecuencia Card\u00edaca \u2013 Como usarla para entrenar<\/title>\n<meta name=\"description\" content=\"Variabilidad de la Frecuencia Card\u00edaca Entrenamiento. C\u00f3mo usarla para entrenar. Consejos para aplicar los resultados de la VFC a tus sesiones.\" \/>\n<meta name=\"robots\" content=\"index, follow, max-snippet:-1, max-image-preview:large, max-video-preview:-1\" \/>\n<link rel=\"canonical\" href=\"https:\/\/www.welovecycling.com\/es\/2022\/11\/30\/variabilidad-frencuencia-cardiaca-entrenamiento\/\" \/>\n<meta property=\"og:locale\" content=\"es_ES\" \/>\n<meta property=\"og:type\" content=\"article\" \/>\n<meta property=\"og:title\" content=\"Variabilidad de la Frecuencia Card\u00edaca \u2013 Como usarla para entrenar\" \/>\n<meta property=\"og:description\" content=\"Variabilidad de la Frecuencia Card\u00edaca Entrenamiento. C\u00f3mo usarla para entrenar. Consejos para aplicar los resultados de la VFC a tus sesiones.\" \/>\n<meta property=\"og:url\" content=\"https:\/\/www.welovecycling.com\/es\/2022\/11\/30\/variabilidad-frencuencia-cardiaca-entrenamiento\/\" \/>\n<meta property=\"og:site_name\" content=\"\u0160koda We Love Cycling - Spain\" \/>\n<meta property=\"article:published_time\" content=\"2022-11-30T14:34:34+00:00\" \/>\n<meta property=\"og:image\" content=\"https:\/\/d2p6e6u75xmxt8.cloudfront.net\/6\/2022\/11\/Indoor-Cycling-Training-profimedia-0735714767-CVR.webp\" \/>\n\t<meta property=\"og:image:width\" content=\"990\" \/>\n\t<meta property=\"og:image:height\" content=\"660\" \/>\n\t<meta property=\"og:image:type\" content=\"image\/webp\" \/>\n<meta name=\"author\" content=\"We Love Cycling Spain\" \/>\n<meta name=\"twitter:card\" content=\"summary_large_image\" \/>\n<meta name=\"twitter:title\" content=\"Variabilidad de la Frecuencia Card\u00edaca Entrenamiento\" \/>\n<meta name=\"twitter:description\" content=\"Variabilidad de la Frecuencia Card\u00edaca Entrenamiento. C\u00f3mo usarla para entrenar. Consejos para aplicar los resultados de la VFC a tus sesiones.\" \/>\n<meta name=\"twitter:label1\" content=\"Written by\" \/>\n\t<meta name=\"twitter:data1\" content=\"Jiri Kaloc\" \/>\n\t<meta name=\"twitter:label2\" content=\"Est. reading time\" \/>\n\t<meta name=\"twitter:data2\" content=\"5\" \/>\n<script type=\"application\/ld+json\" class=\"yoast-schema-graph\">{\"@context\":\"https:\/\/schema.org\",\"@graph\":[{\"@type\":\"WebPage\",\"@id\":\"https:\/\/www.welovecycling.com\/es\/2022\/11\/30\/variabilidad-frencuencia-cardiaca-entrenamiento\/\",\"url\":\"https:\/\/www.welovecycling.com\/es\/2022\/11\/30\/variabilidad-frencuencia-cardiaca-entrenamiento\/\",\"name\":\"Variabilidad de la Frecuencia Card\u00edaca \u2013 Como usarla para entrenar\",\"isPartOf\":{\"@id\":\"https:\/\/www.welovecycling.com\/es\/#website\"},\"primaryImageOfPage\":{\"@id\":\"https:\/\/www.welovecycling.com\/es\/2022\/11\/30\/variabilidad-frencuencia-cardiaca-entrenamiento\/#primaryimage\"},\"image\":{\"@id\":\"https:\/\/www.welovecycling.com\/es\/2022\/11\/30\/variabilidad-frencuencia-cardiaca-entrenamiento\/#primaryimage\"},\"thumbnailUrl\":\"https:\/\/d2p6e6u75xmxt8.cloudfront.net\/6\/2022\/11\/Indoor-Cycling-Training-profimedia-0735714767-CVR.webp\",\"datePublished\":\"2022-11-30T14:34:34+00:00\",\"author\":{\"@id\":\"https:\/\/www.welovecycling.com\/es\/#\/schema\/person\/deb61715b5812698ee79fb96f343ccd4\"},\"description\":\"Variabilidad de la Frecuencia Card\u00edaca Entrenamiento. C\u00f3mo usarla para entrenar. Consejos para aplicar los resultados de la VFC a tus sesiones.\",\"breadcrumb\":{\"@id\":\"https:\/\/www.welovecycling.com\/es\/2022\/11\/30\/variabilidad-frencuencia-cardiaca-entrenamiento\/#breadcrumb\"},\"inLanguage\":\"es-ES\",\"potentialAction\":[{\"@type\":\"ReadAction\",\"target\":[\"https:\/\/www.welovecycling.com\/es\/2022\/11\/30\/variabilidad-frencuencia-cardiaca-entrenamiento\/\"]}]},{\"@type\":\"ImageObject\",\"inLanguage\":\"es-ES\",\"@id\":\"https:\/\/www.welovecycling.com\/es\/2022\/11\/30\/variabilidad-frencuencia-cardiaca-entrenamiento\/#primaryimage\",\"url\":\"https:\/\/d2p6e6u75xmxt8.cloudfront.net\/6\/2022\/11\/Indoor-Cycling-Training-profimedia-0735714767-CVR.webp\",\"contentUrl\":\"https:\/\/d2p6e6u75xmxt8.cloudfront.net\/6\/2022\/11\/Indoor-Cycling-Training-profimedia-0735714767-CVR.webp\",\"width\":990,\"height\":660,\"caption\":\"Indoor Cycling\"},{\"@type\":\"BreadcrumbList\",\"@id\":\"https:\/\/www.welovecycling.com\/es\/2022\/11\/30\/variabilidad-frencuencia-cardiaca-entrenamiento\/#breadcrumb\",\"itemListElement\":[{\"@type\":\"ListItem\",\"position\":1,\"name\":\"Home\",\"item\":\"https:\/\/www.welovecycling.com\/es\/\"},{\"@type\":\"ListItem\",\"position\":2,\"name\":\"Variabilidad de la Frecuencia Card\u00edaca \u2013 Como usarla para entrenar\"}]},{\"@type\":\"WebSite\",\"@id\":\"https:\/\/www.welovecycling.com\/es\/#website\",\"url\":\"https:\/\/www.welovecycling.com\/es\/\",\"name\":\"\u0160koda We Love Cycling - Spain\",\"description\":\"\u0160koda WeLoveCycling Spain\",\"potentialAction\":[{\"@type\":\"SearchAction\",\"target\":{\"@type\":\"EntryPoint\",\"urlTemplate\":\"https:\/\/www.welovecycling.com\/es\/?s={search_term_string}\"},\"query-input\":{\"@type\":\"PropertyValueSpecification\",\"valueRequired\":true,\"valueName\":\"search_term_string\"}}],\"inLanguage\":\"es-ES\"},{\"@type\":\"Person\",\"@id\":\"https:\/\/www.welovecycling.com\/es\/#\/schema\/person\/deb61715b5812698ee79fb96f343ccd4\",\"name\":\"We Love Cycling Spain\",\"image\":{\"@type\":\"ImageObject\",\"inLanguage\":\"es-ES\",\"@id\":\"https:\/\/www.welovecycling.com\/es\/#\/schema\/person\/image\/\",\"url\":\"https:\/\/secure.gravatar.com\/avatar\/c824b04e6df0e37a03219d0b6481672889df542894588964102459e46513159c?s=96&d=mm&r=g\",\"contentUrl\":\"https:\/\/secure.gravatar.com\/avatar\/c824b04e6df0e37a03219d0b6481672889df542894588964102459e46513159c?s=96&d=mm&r=g\",\"caption\":\"We Love Cycling Spain\"},\"url\":\"https:\/\/www.welovecycling.com\/es\/author\/amunoz\/\"}]}<\/script>\n<!-- \/ Yoast SEO Premium plugin. -->","yoast_head_json":{"title":"Variabilidad de la Frecuencia Card\u00edaca \u2013 Como usarla para entrenar","description":"Variabilidad de la Frecuencia Card\u00edaca Entrenamiento. C\u00f3mo usarla para entrenar. Consejos para aplicar los resultados de la VFC a tus sesiones.","robots":{"index":"index","follow":"follow","max-snippet":"max-snippet:-1","max-image-preview":"max-image-preview:large","max-video-preview":"max-video-preview:-1"},"canonical":"https:\/\/www.welovecycling.com\/es\/2022\/11\/30\/variabilidad-frencuencia-cardiaca-entrenamiento\/","og_locale":"es_ES","og_type":"article","og_title":"Variabilidad de la Frecuencia Card\u00edaca \u2013 Como usarla para entrenar","og_description":"Variabilidad de la Frecuencia Card\u00edaca Entrenamiento. C\u00f3mo usarla para entrenar. Consejos para aplicar los resultados de la VFC a tus sesiones.","og_url":"https:\/\/www.welovecycling.com\/es\/2022\/11\/30\/variabilidad-frencuencia-cardiaca-entrenamiento\/","og_site_name":"\u0160koda We Love Cycling - Spain","article_published_time":"2022-11-30T14:34:34+00:00","og_image":[{"width":990,"height":660,"url":"https:\/\/d2p6e6u75xmxt8.cloudfront.net\/6\/2022\/11\/Indoor-Cycling-Training-profimedia-0735714767-CVR.webp","type":"image\/webp"}],"author":"We Love Cycling Spain","twitter_card":"summary_large_image","twitter_title":"Variabilidad de la Frecuencia Card\u00edaca Entrenamiento","twitter_description":"Variabilidad de la Frecuencia Card\u00edaca Entrenamiento. C\u00f3mo usarla para entrenar. Consejos para aplicar los resultados de la VFC a tus sesiones.","twitter_misc":{"Written by":"Jiri Kaloc","Est. reading time":"5"},"schema":{"@context":"https:\/\/schema.org","@graph":[{"@type":"WebPage","@id":"https:\/\/www.welovecycling.com\/es\/2022\/11\/30\/variabilidad-frencuencia-cardiaca-entrenamiento\/","url":"https:\/\/www.welovecycling.com\/es\/2022\/11\/30\/variabilidad-frencuencia-cardiaca-entrenamiento\/","name":"Variabilidad de la Frecuencia Card\u00edaca \u2013 Como usarla para entrenar","isPartOf":{"@id":"https:\/\/www.welovecycling.com\/es\/#website"},"primaryImageOfPage":{"@id":"https:\/\/www.welovecycling.com\/es\/2022\/11\/30\/variabilidad-frencuencia-cardiaca-entrenamiento\/#primaryimage"},"image":{"@id":"https:\/\/www.welovecycling.com\/es\/2022\/11\/30\/variabilidad-frencuencia-cardiaca-entrenamiento\/#primaryimage"},"thumbnailUrl":"https:\/\/d2p6e6u75xmxt8.cloudfront.net\/6\/2022\/11\/Indoor-Cycling-Training-profimedia-0735714767-CVR.webp","datePublished":"2022-11-30T14:34:34+00:00","author":{"@id":"https:\/\/www.welovecycling.com\/es\/#\/schema\/person\/deb61715b5812698ee79fb96f343ccd4"},"description":"Variabilidad de la Frecuencia Card\u00edaca Entrenamiento. C\u00f3mo usarla para entrenar. Consejos para aplicar los resultados de la VFC a tus sesiones.","breadcrumb":{"@id":"https:\/\/www.welovecycling.com\/es\/2022\/11\/30\/variabilidad-frencuencia-cardiaca-entrenamiento\/#breadcrumb"},"inLanguage":"es-ES","potentialAction":[{"@type":"ReadAction","target":["https:\/\/www.welovecycling.com\/es\/2022\/11\/30\/variabilidad-frencuencia-cardiaca-entrenamiento\/"]}]},{"@type":"ImageObject","inLanguage":"es-ES","@id":"https:\/\/www.welovecycling.com\/es\/2022\/11\/30\/variabilidad-frencuencia-cardiaca-entrenamiento\/#primaryimage","url":"https:\/\/d2p6e6u75xmxt8.cloudfront.net\/6\/2022\/11\/Indoor-Cycling-Training-profimedia-0735714767-CVR.webp","contentUrl":"https:\/\/d2p6e6u75xmxt8.cloudfront.net\/6\/2022\/11\/Indoor-Cycling-Training-profimedia-0735714767-CVR.webp","width":990,"height":660,"caption":"Indoor Cycling"},{"@type":"BreadcrumbList","@id":"https:\/\/www.welovecycling.com\/es\/2022\/11\/30\/variabilidad-frencuencia-cardiaca-entrenamiento\/#breadcrumb","itemListElement":[{"@type":"ListItem","position":1,"name":"Home","item":"https:\/\/www.welovecycling.com\/es\/"},{"@type":"ListItem","position":2,"name":"Variabilidad de la Frecuencia Card\u00edaca \u2013 Como usarla para entrenar"}]},{"@type":"WebSite","@id":"https:\/\/www.welovecycling.com\/es\/#website","url":"https:\/\/www.welovecycling.com\/es\/","name":"\u0160koda We Love Cycling - Spain","description":"\u0160koda WeLoveCycling Spain","potentialAction":[{"@type":"SearchAction","target":{"@type":"EntryPoint","urlTemplate":"https:\/\/www.welovecycling.com\/es\/?s={search_term_string}"},"query-input":{"@type":"PropertyValueSpecification","valueRequired":true,"valueName":"search_term_string"}}],"inLanguage":"es-ES"},{"@type":"Person","@id":"https:\/\/www.welovecycling.com\/es\/#\/schema\/person\/deb61715b5812698ee79fb96f343ccd4","name":"We Love Cycling Spain","image":{"@type":"ImageObject","inLanguage":"es-ES","@id":"https:\/\/www.welovecycling.com\/es\/#\/schema\/person\/image\/","url":"https:\/\/secure.gravatar.com\/avatar\/c824b04e6df0e37a03219d0b6481672889df542894588964102459e46513159c?s=96&d=mm&r=g","contentUrl":"https:\/\/secure.gravatar.com\/avatar\/c824b04e6df0e37a03219d0b6481672889df542894588964102459e46513159c?s=96&d=mm&r=g","caption":"We Love Cycling Spain"},"url":"https:\/\/www.welovecycling.com\/es\/author\/amunoz\/"}]}},"_links":{"self":[{"href":"https:\/\/www.welovecycling.com\/es\/wp-json\/wp\/v2\/posts\/9454","targetHints":{"allow":["GET"]}}],"collection":[{"href":"https:\/\/www.welovecycling.com\/es\/wp-json\/wp\/v2\/posts"}],"about":[{"href":"https:\/\/www.welovecycling.com\/es\/wp-json\/wp\/v2\/types\/post"}],"author":[{"embeddable":true,"href":"https:\/\/www.welovecycling.com\/es\/wp-json\/wp\/v2\/users\/29"}],"replies":[{"embeddable":true,"href":"https:\/\/www.welovecycling.com\/es\/wp-json\/wp\/v2\/comments?post=9454"}],"version-history":[{"count":2,"href":"https:\/\/www.welovecycling.com\/es\/wp-json\/wp\/v2\/posts\/9454\/revisions"}],"predecessor-version":[{"id":9467,"href":"https:\/\/www.welovecycling.com\/es\/wp-json\/wp\/v2\/posts\/9454\/revisions\/9467"}],"wp:featuredmedia":[{"embeddable":true,"href":"https:\/\/www.welovecycling.com\/es\/wp-json\/wp\/v2\/media\/9460"}],"wp:attachment":[{"href":"https:\/\/www.welovecycling.com\/es\/wp-json\/wp\/v2\/media?parent=9454"}],"wp:term":[{"taxonomy":"category","embeddable":true,"href":"https:\/\/www.welovecycling.com\/es\/wp-json\/wp\/v2\/categories?post=9454"},{"taxonomy":"post_tag","embeddable":true,"href":"https:\/\/www.welovecycling.com\/es\/wp-json\/wp\/v2\/tags?post=9454"},{"taxonomy":"global-categories","embeddable":true,"href":"https:\/\/www.welovecycling.com\/es\/wp-json\/wp\/v2\/global-categories?post=9454"}],"curies":[{"name":"wp","href":"https:\/\/api.w.org\/{rel}","templated":true}]}}