{"id":9433,"date":"2022-11-14T11:17:45","date_gmt":"2022-11-14T09:17:45","guid":{"rendered":"https:\/\/www.welovecycling.com\/es\/?p=9433"},"modified":"2022-11-14T13:27:39","modified_gmt":"2022-11-14T11:27:39","slug":"podcast-de-ciclismo","status":"publish","type":"post","link":"https:\/\/www.welovecycling.com\/es\/2022\/11\/14\/podcast-de-ciclismo\/","title":{"rendered":"Podcast de ciclismo, una nueva &#8216;vieja&#8217; forma de comunicar"},"content":{"rendered":"<p style=\"font-weight: 400;\"><b>El ciclismo y la radio han estado siempre unidos. Desde siempre, la radio ha sido un medio perfecto para contar lo que pasaba en carrera. Un redactor en salida, otro en moto y uno en meta enfrente de la tele para narrar una competici\u00f3n que en los 70, 80 y 90 muchos se ve\u00edan obligados a escuchar en el trabajo o en el coche. Incluso La Vuelta fue un campo de batalla entre la Ser y la Cope, De la Morena y Garc\u00eda, que se peleaba por ofrecer antes y durante m\u00e1s tiempo la informaci\u00f3n sobre la carrera a sus oyentes. Eran otros tiempos, pero con la aparici\u00f3n de internet a principios de los 2000 el podcast ya estaba inventando, aunque ahora es cuando se ha puesto de moda.<\/b><\/p>\n<p><!--more--><\/p>\n<p>El formato de podcast de ciclismo no es nada novedoso. Durante a\u00f1os la mayor parte de los programas de radio convencional han colgado sus archivos de sonido en sus p\u00e1ginas web con el &#8216;directo&#8217; de la etapa del d\u00eda y la retransmisi\u00f3n completa. Solo ten\u00edas que ir all\u00ed, descargarte el archivo y escucharlo en tu ipod-m\u00f3vil.<\/p>\n<p>El gran salto se ha dado con el nacimiento de las plataformas musicales como<strong> Spotify y Itunes<\/strong>. En un principio s\u00f3lo &#8216;vend\u00edan&#8217; m\u00fasica. Pero la sencillez de escucharlo en tu m\u00f3vil, online, sin tener que descargarte ning\u00fan archivo, las veces que quieras&#8230;\u00a0 provoc\u00f3 que adem\u00e1s de m\u00fasica se empezasen tambi\u00e9n a colgar los programas de radio. La sencillez para encontrar audios sobre los temas que m\u00e1s te gustan en cualquiera de estas plataformas hizo que, adem\u00e1s, el mercado de contenido de audio de nicho tuviese futuro lejos de la radio en directo y comenzase a tener vida propia. Hab\u00edan nacido los <strong>podcast especializados,<\/strong> en este caso de ciclismo, que es lo que nos interesa.<\/p>\n<p>Para montar un podcast de ciclismo no hace falta trabajar en una emisora de radio. <strong>Incluso con un m\u00f3vil, una llamada de whatsapp, imaginaci\u00f3n y algo de dominio de edici\u00f3n de sonido puedes montar el tuyo con solo un pc y subirlo a la red<\/strong>. Por eso el universo de podcast de ciclismo es tan amplio. Cubre desde medios de comunicaci\u00f3n que hacen especiales, como <strong>RNE para el Tour, periodistas de ciclismo que crean sus propios contenidos, entrenadores o especialistas<\/strong> que difunden sus conocimientos o simples aficionados que quieren divertirse. La ventaja del podcast es que no tiene porqu\u00e9 tener una periodicidad, solo hace falta crear tu canal, colgarlo y ver si crea inter\u00e9s o no para seguir haciendo m\u00e1s. El usuario puede configurar sus alertas para que le llegue el nuevo programa y escucharlo en cualquier momento.<\/p>\n<p>Del infinito universo<strong> podcast de ciclismo<\/strong> en castellano te he seleccionado los que creo que m\u00e1s te pueden aportar para entrenar o conocer el desarrollo del ciclismo profesional. Todos los puedes encontrar en <a href=\"https:\/\/www.ivoox.com\/ciclismo_sb.html?sb=ciclismo\">Ivoox,<\/a> la plataforma de podcast en castellano m\u00e1s amplia.<\/p>\n<h2><strong>Cycling Podcast<\/strong><\/h2>\n<p><img loading=\"lazy\" decoding=\"async\" class=\"alignleft\" src=\"https:\/\/img-static.ivoox.com\/index.php?w=141&amp;h=141&amp;url=https:\/\/static-1.ivoox.com\/canales\/8\/8\/1\/4\/2551618934188_XXL.jpg?ts=1657272726\" alt=\"\" width=\"141\" height=\"141\" \/>Pese a su nombre, est\u00e1 editado en castellano. El<a href=\"https:\/\/www.ivoox.com\/podcast-cycling-podcast_sq_f11243138_2.html\"> Cycling Podcast<\/a> naci\u00f3 en ingl\u00e9s hace casi un lustro, pero desde hace dos a\u00f1os tiene su versi\u00f3n espa\u00f1ola con Laura Meseguer. La periodista ha compartido micro con Rob Hutch, Joseba Beloki y Juan Charry.<\/p>\n<p>Lleva ya 40 programas de algo m\u00e1s de una hora de duraci\u00f3n en los que combina reportajes de actualidad sobre el Giro, el Tour o la Lieja Bastogne Lieja con entrevistas a protagonistas, por su micro ya han pasado Juan Ayuso, Egan Bernal o <a href=\"https:\/\/www.welovecycling.com\/es\/2022\/11\/08\/alejandro-valverde-cambio-de-ritmo\/\">Alejandro Valverde<\/a>, con un contenido m\u00e1s t\u00e9cnico con entrenadores y ex-ciclistas.<\/p>\n<p>Tambi\u00e9n monogr\u00e1ficos sobre la Paris Roubaix, libros de ciclismo, pel\u00edculas y los testimonios de Perico, Freire, Purito, Contador&#8230; No tiene una periodicidad marcada, pero siempre que lo escuchas tiene contenido de calidad.<\/p>\n<h2><strong>A Cola De Pelot\u00f3n<\/strong><\/h2>\n<p><img loading=\"lazy\" decoding=\"async\" class=\"alignright\" src=\"https:\/\/static-2.ivoox.com\/canales\/5\/2\/8\/0\/7961612820825_MD.jpg\" alt=\"\" width=\"141\" height=\"141\" \/><a href=\"https:\/\/www.ivoox.com\/audios-a-cola-del-peloton_s0_f292460_p2_1.html?o=all\">A Cola de Pelot\u00f3n<\/a> es uno de los podcast decanos en panorama ciclista en castellano. Elaborado por un grupo de periodistas, lleva ya m\u00e1s de 500 programas en un lustro. Suelen hacer como m\u00ednimo uno semanal de duraci\u00f3n entre una y dos horas, pero el ritmo se incrementa cuando hay competici\u00f3n con especial sobre las etapas de Vuelta, Giro, Tour y cl\u00e1sicas.<\/p>\n<p>Tienen una secci\u00f3n muy amplia de tertulia y an\u00e1lisis de la competici\u00f3n, tanto de carretera como pista o ciclocross, aunque tambi\u00e9n incluyen entrevistas con protagonistas del ciclismo, alg\u00fan apartado m\u00e1s cultural con libros o ciclismo hist\u00f3rico y un apartado de cicloturismo.<\/p>\n<h2><strong>Ciclismo evolutivo<\/strong><\/h2>\n<p><img loading=\"lazy\" decoding=\"async\" class=\"alignleft\" src=\"https:\/\/img-static.ivoox.com\/index.php?w=145&amp;h=145&amp;url=https:\/\/static-2.ivoox.com\/canales\/7\/5\/6\/9\/1021597759657_XXL.jpg?ts=1597759697\" alt=\"\" width=\"145\" height=\"145\" \/>La especialidad de Manu Arjona en el podcast <a href=\"https:\/\/www.ivoox.com\/podcast-ciclismo-evolutivo_sq_f1703235_1.html\">Ciclismo Evolutivo<\/a> es analizar todos los aspectos del entrenamiento ciclista. En cada uno de los programas invita para entrevistar a un especialista relacionado con el rendimiento sobre la bicicleta.<\/p>\n<p>Desde nutrici\u00f3n, a entrenamiento por series, por edades, adaptaci\u00f3n al calor, al fr\u00edo, recuperaci\u00f3n, gimnasio, ejercicios de fuerza, psicolog\u00eda, preparaci\u00f3n para la competici\u00f3n&#8230;<\/p>\n<p>Entre los especialistas, entrenadores como Xavier Artetxe,\u00a0 Xavier Muriel o I\u00f1igo San Mill\u00e1n o ciclistas como Imanol Erviti o \u00c1lvaro Cuadros. Ya lleva casi 200 programas y su duraci\u00f3n va entre 30 minutos y una hora.<\/p>\n<p>&nbsp;<\/p>\n<h2><strong>La Vuelta &#8211; Podcast Oficial<\/strong><\/h2>\n<p><img loading=\"lazy\" decoding=\"async\" class=\"alignright size-extra-large\" src=\"https:\/\/img-static.ivoox.com\/index.php?w=145&amp;h=145&amp;url=https:\/\/static-1.ivoox.com\/canales\/8\/6\/0\/0\/9381640090068_XXL.jpg?ts=1640090228\" width=\"145\" height=\"145\" \/>Una de las f\u00f3rmulas que consiguen los podcast es que los aficionados sigan consumiendo un evento aunque no est\u00e9 en competici\u00f3n. Desde 2020 <a href=\"https:\/\/www.ivoox.com\/podcast-vuelta-podcast-oficial_sq_f11080118_6.html\">La Vuelta tiene su podcast oficial.<\/a> Durante la carrera hay un podcast diario de unos 20 minutos sobre lo que ha ocurrido en la etapa.<\/p>\n<p>Pero la particularidad es que en los meses fuera de <a href=\"https:\/\/www.welovecycling.com\/es\/2022\/09\/06\/la-vuelta-de-la-incertidumbre-de-evenepoel-a-roglic-y-mas\/\">la Vuelta<\/a> analiza el recorrido de la pr\u00f3xima edici\u00f3n, todo lo relacionado con la carrera que no es ciclismo puro y a partir de ahora tambi\u00e9n entrevista a ciclistas que han pasado por la carrera espa\u00f1ola. Llevan ya m\u00e1s de un centenar de programas.<\/p>\n<h2><strong>Pedal Vintage<\/strong><\/h2>\n<p><img loading=\"lazy\" decoding=\"async\" class=\"alignleft\" src=\"https:\/\/img-static.ivoox.com\/index.php?w=145&amp;h=145&amp;url=https:\/\/static-1.ivoox.com\/canales\/4\/1\/7\/6\/5321613066714_XXL.jpg?ts=1613066791\" alt=\"\" width=\"145\" height=\"145\" \/>Es uno de los ejemplos de un podcast que es complicado que hubiese tenido hueco en la radio convencional. Dirigido por los periodistas Miguel Gonz\u00e1lez y Sa\u00fal Miguel este podcast nos cuenta cosas que ya <a href=\"https:\/\/www.ivoox.com\/podcast-pedal-vintage_sq_f11130236_2.html\">sucedieron hace a\u00f1os en el ciclismo profesional<\/a> en tipo monogr\u00e1fico.<\/p>\n<p>Los tienen sobre ciclistas, Pascal Richard, Virenque, Kloden o Gilberto Simoni. Sobre carreras concretas. El Giro del 98, el Tour del 86 o el Tour de Flandes del 89. Y sobre aspectos del ciclismo como lo segundones, los chuparruedas o la prensa ciclista desparecida. Muchos de ellos complementados con testimonios de los protagonistas. Tienen una duraci\u00f3n siempre superior a la hora y media y ya llegan casi al centenar.<\/p>\n<h2><strong>Luz Ardiden, la monta\u00f1a m\u00e1gica de los espa\u00f1oles<\/strong><\/h2>\n<p><img loading=\"lazy\" decoding=\"async\" class=\"alignright\" src=\"https:\/\/img-static.ivoox.com\/index.php?w=145&amp;h=145&amp;url=https:\/\/static-2.ivoox.com\/canales\/7\/8\/4\/5\/9911625505487_XXL.jpg?ts=1625505549\" alt=\"\" width=\"145\" height=\"145\" \/>Hay medios de comunicaci\u00f3n que hacen especiales sobre ciclismo, pero que no son sencillos de encontrar en las plataformas si no sabes el nombre. Uno de ellos es <a href=\"https:\/\/www.ivoox.com\/podcast-luz-ardiden-la-montana-magica_sq_f11307925_1.html\">Luz Ardiden. La monta\u00f1a m\u00e1gica de los espa\u00f1oles<\/a>. Creado por el equipo de periodistas y t\u00e9cnicos de Radio Nacional para el Tour de Francia 2021, que ten\u00eda a la estaci\u00f3n de esqu\u00ed pirenaica como meta de la \u00faltima etapa de alta monta\u00f1a.<\/p>\n<p>Son seis cap\u00edtulos, cada uno de ellos dedicado a una de las victorias espa\u00f1olas en Luz Ardiden en el Tour del Francia. Perico, Cubino, Indurain, Samuel S\u00e1nchez, Roberto Laiseka y a su alrededor directores, compa\u00f1eros, rivales y hasta aficionados que lo vieron en directo. Un monogr\u00e1fico con episodios de unos 25 minutos de duraci\u00f3n cada uno.<\/p>\n","protected":false},"excerpt":{"rendered":"<p>El ciclismo y la radio han estado siempre unidos. Desde siempre, la radio ha sido un medio perfecto para contar [&hellip;]<\/p>\n","protected":false},"author":29,"featured_media":9435,"comment_status":"open","ping_status":"open","sticky":false,"template":"","format":"standard","meta":{"footnotes":""},"categories":[7,8,9,6],"tags":[2179,2208],"global-categories":[1164],"class_list":["post-9433","post","type-post","status-publish","format-standard","has-post-thumbnail","hentry","category-carretera","category-life-style","category-mtb-aventura","category-urban","tag-podcast-ciclismo","tag-podcast-ciclistas","global-categories-cycling"],"yoast_head":"<!-- This site is optimized with the Yoast SEO Premium plugin v25.3 (Yoast SEO v25.9) - https:\/\/yoast.com\/wordpress\/plugins\/seo\/ -->\n<title>Podcast de ciclismo, una nueva &#039;vieja&#039; forma de comunicar<\/title>\n<meta name=\"description\" content=\"Podcast de ciclismo, una nueva &#039;vieja&#039; forma de comunicar. Por qu\u00e9 raz\u00f3n ahora se han puesto de moda los podcast ciclistas.\" \/>\n<meta name=\"robots\" content=\"index, follow, max-snippet:-1, max-image-preview:large, max-video-preview:-1\" \/>\n<link rel=\"canonical\" href=\"https:\/\/www.welovecycling.com\/es\/2022\/11\/14\/podcast-de-ciclismo\/\" \/>\n<meta property=\"og:locale\" content=\"es_ES\" \/>\n<meta property=\"og:type\" content=\"article\" \/>\n<meta property=\"og:title\" content=\"Podcast de ciclismo, una nueva &#039;vieja&#039; forma de comunicar\" \/>\n<meta property=\"og:description\" content=\"Podcast de ciclismo, una nueva &#039;vieja&#039; forma de comunicar. Por qu\u00e9 raz\u00f3n ahora se han puesto de moda los podcast ciclistas.\" \/>\n<meta property=\"og:url\" content=\"https:\/\/www.welovecycling.com\/es\/2022\/11\/14\/podcast-de-ciclismo\/\" \/>\n<meta property=\"og:site_name\" content=\"\u0160koda We Love Cycling - Spain\" \/>\n<meta property=\"article:published_time\" content=\"2022-11-14T09:17:45+00:00\" \/>\n<meta property=\"article:modified_time\" content=\"2022-11-14T11:27:39+00:00\" \/>\n<meta property=\"og:image\" content=\"https:\/\/d2p6e6u75xmxt8.cloudfront.net\/6\/2022\/11\/VUELTA-30.webp\" \/>\n\t<meta property=\"og:image:width\" content=\"1200\" \/>\n\t<meta property=\"og:image:height\" content=\"795\" \/>\n\t<meta property=\"og:image:type\" content=\"image\/webp\" \/>\n<meta name=\"author\" content=\"We Love Cycling Spain\" \/>\n<meta name=\"twitter:card\" content=\"summary_large_image\" \/>\n<meta name=\"twitter:title\" content=\"Podcast de ciclismo, una nueva &#039;vieja&#039; forma de comunicar\" \/>\n<meta name=\"twitter:description\" content=\"Podcast de ciclismo, una nueva &#039;vieja&#039; forma de comunicar. Por qu\u00e9 raz\u00f3n ahora se han puesto de moda los podcast ciclistas.\" \/>\n<meta name=\"twitter:label1\" content=\"Written by\" \/>\n\t<meta name=\"twitter:data1\" content=\"Luis Ortega @Ciclored\" \/>\n\t<meta name=\"twitter:label2\" content=\"Est. reading time\" \/>\n\t<meta name=\"twitter:data2\" content=\"6 minutes\" \/>\n<script type=\"application\/ld+json\" class=\"yoast-schema-graph\">{\"@context\":\"https:\/\/schema.org\",\"@graph\":[{\"@type\":\"WebPage\",\"@id\":\"https:\/\/www.welovecycling.com\/es\/2022\/11\/14\/podcast-de-ciclismo\/\",\"url\":\"https:\/\/www.welovecycling.com\/es\/2022\/11\/14\/podcast-de-ciclismo\/\",\"name\":\"Podcast de ciclismo, una nueva 'vieja' forma de comunicar\",\"isPartOf\":{\"@id\":\"https:\/\/www.welovecycling.com\/es\/#website\"},\"primaryImageOfPage\":{\"@id\":\"https:\/\/www.welovecycling.com\/es\/2022\/11\/14\/podcast-de-ciclismo\/#primaryimage\"},\"image\":{\"@id\":\"https:\/\/www.welovecycling.com\/es\/2022\/11\/14\/podcast-de-ciclismo\/#primaryimage\"},\"thumbnailUrl\":\"https:\/\/d2p6e6u75xmxt8.cloudfront.net\/6\/2022\/11\/VUELTA-30.webp\",\"datePublished\":\"2022-11-14T09:17:45+00:00\",\"dateModified\":\"2022-11-14T11:27:39+00:00\",\"author\":{\"@id\":\"https:\/\/www.welovecycling.com\/es\/#\/schema\/person\/deb61715b5812698ee79fb96f343ccd4\"},\"description\":\"Podcast de ciclismo, una nueva 'vieja' forma de comunicar. Por qu\u00e9 raz\u00f3n ahora se han puesto de moda los podcast ciclistas.\",\"breadcrumb\":{\"@id\":\"https:\/\/www.welovecycling.com\/es\/2022\/11\/14\/podcast-de-ciclismo\/#breadcrumb\"},\"inLanguage\":\"es-ES\",\"potentialAction\":[{\"@type\":\"ReadAction\",\"target\":[\"https:\/\/www.welovecycling.com\/es\/2022\/11\/14\/podcast-de-ciclismo\/\"]}]},{\"@type\":\"ImageObject\",\"inLanguage\":\"es-ES\",\"@id\":\"https:\/\/www.welovecycling.com\/es\/2022\/11\/14\/podcast-de-ciclismo\/#primaryimage\",\"url\":\"https:\/\/d2p6e6u75xmxt8.cloudfront.net\/6\/2022\/11\/VUELTA-30.webp\",\"contentUrl\":\"https:\/\/d2p6e6u75xmxt8.cloudfront.net\/6\/2022\/11\/VUELTA-30.webp\",\"width\":1200,\"height\":795},{\"@type\":\"BreadcrumbList\",\"@id\":\"https:\/\/www.welovecycling.com\/es\/2022\/11\/14\/podcast-de-ciclismo\/#breadcrumb\",\"itemListElement\":[{\"@type\":\"ListItem\",\"position\":1,\"name\":\"Home\",\"item\":\"https:\/\/www.welovecycling.com\/es\/\"},{\"@type\":\"ListItem\",\"position\":2,\"name\":\"Podcast de ciclismo, una nueva &#8216;vieja&#8217; forma de comunicar\"}]},{\"@type\":\"WebSite\",\"@id\":\"https:\/\/www.welovecycling.com\/es\/#website\",\"url\":\"https:\/\/www.welovecycling.com\/es\/\",\"name\":\"\u0160koda We Love Cycling - Spain\",\"description\":\"\u0160koda WeLoveCycling Spain\",\"potentialAction\":[{\"@type\":\"SearchAction\",\"target\":{\"@type\":\"EntryPoint\",\"urlTemplate\":\"https:\/\/www.welovecycling.com\/es\/?s={search_term_string}\"},\"query-input\":{\"@type\":\"PropertyValueSpecification\",\"valueRequired\":true,\"valueName\":\"search_term_string\"}}],\"inLanguage\":\"es-ES\"},{\"@type\":\"Person\",\"@id\":\"https:\/\/www.welovecycling.com\/es\/#\/schema\/person\/deb61715b5812698ee79fb96f343ccd4\",\"name\":\"We Love Cycling Spain\",\"image\":{\"@type\":\"ImageObject\",\"inLanguage\":\"es-ES\",\"@id\":\"https:\/\/www.welovecycling.com\/es\/#\/schema\/person\/image\/\",\"url\":\"https:\/\/secure.gravatar.com\/avatar\/c824b04e6df0e37a03219d0b6481672889df542894588964102459e46513159c?s=96&d=mm&r=g\",\"contentUrl\":\"https:\/\/secure.gravatar.com\/avatar\/c824b04e6df0e37a03219d0b6481672889df542894588964102459e46513159c?s=96&d=mm&r=g\",\"caption\":\"We Love Cycling Spain\"},\"url\":\"https:\/\/www.welovecycling.com\/es\/author\/amunoz\/\"}]}<\/script>\n<!-- \/ Yoast SEO Premium plugin. -->","yoast_head_json":{"title":"Podcast de ciclismo, una nueva 'vieja' forma de comunicar","description":"Podcast de ciclismo, una nueva 'vieja' forma de comunicar. Por qu\u00e9 raz\u00f3n ahora se han puesto de moda los podcast ciclistas.","robots":{"index":"index","follow":"follow","max-snippet":"max-snippet:-1","max-image-preview":"max-image-preview:large","max-video-preview":"max-video-preview:-1"},"canonical":"https:\/\/www.welovecycling.com\/es\/2022\/11\/14\/podcast-de-ciclismo\/","og_locale":"es_ES","og_type":"article","og_title":"Podcast de ciclismo, una nueva 'vieja' forma de comunicar","og_description":"Podcast de ciclismo, una nueva 'vieja' forma de comunicar. Por qu\u00e9 raz\u00f3n ahora se han puesto de moda los podcast ciclistas.","og_url":"https:\/\/www.welovecycling.com\/es\/2022\/11\/14\/podcast-de-ciclismo\/","og_site_name":"\u0160koda We Love Cycling - Spain","article_published_time":"2022-11-14T09:17:45+00:00","article_modified_time":"2022-11-14T11:27:39+00:00","og_image":[{"width":1200,"height":795,"url":"https:\/\/d2p6e6u75xmxt8.cloudfront.net\/6\/2022\/11\/VUELTA-30.webp","type":"image\/webp"}],"author":"We Love Cycling Spain","twitter_card":"summary_large_image","twitter_title":"Podcast de ciclismo, una nueva 'vieja' forma de comunicar","twitter_description":"Podcast de ciclismo, una nueva 'vieja' forma de comunicar. Por qu\u00e9 raz\u00f3n ahora se han puesto de moda los podcast ciclistas.","twitter_misc":{"Written by":"Luis Ortega @Ciclored","Est. reading time":"6 minutes"},"schema":{"@context":"https:\/\/schema.org","@graph":[{"@type":"WebPage","@id":"https:\/\/www.welovecycling.com\/es\/2022\/11\/14\/podcast-de-ciclismo\/","url":"https:\/\/www.welovecycling.com\/es\/2022\/11\/14\/podcast-de-ciclismo\/","name":"Podcast de ciclismo, una nueva 'vieja' forma de comunicar","isPartOf":{"@id":"https:\/\/www.welovecycling.com\/es\/#website"},"primaryImageOfPage":{"@id":"https:\/\/www.welovecycling.com\/es\/2022\/11\/14\/podcast-de-ciclismo\/#primaryimage"},"image":{"@id":"https:\/\/www.welovecycling.com\/es\/2022\/11\/14\/podcast-de-ciclismo\/#primaryimage"},"thumbnailUrl":"https:\/\/d2p6e6u75xmxt8.cloudfront.net\/6\/2022\/11\/VUELTA-30.webp","datePublished":"2022-11-14T09:17:45+00:00","dateModified":"2022-11-14T11:27:39+00:00","author":{"@id":"https:\/\/www.welovecycling.com\/es\/#\/schema\/person\/deb61715b5812698ee79fb96f343ccd4"},"description":"Podcast de ciclismo, una nueva 'vieja' forma de comunicar. Por qu\u00e9 raz\u00f3n ahora se han puesto de moda los podcast ciclistas.","breadcrumb":{"@id":"https:\/\/www.welovecycling.com\/es\/2022\/11\/14\/podcast-de-ciclismo\/#breadcrumb"},"inLanguage":"es-ES","potentialAction":[{"@type":"ReadAction","target":["https:\/\/www.welovecycling.com\/es\/2022\/11\/14\/podcast-de-ciclismo\/"]}]},{"@type":"ImageObject","inLanguage":"es-ES","@id":"https:\/\/www.welovecycling.com\/es\/2022\/11\/14\/podcast-de-ciclismo\/#primaryimage","url":"https:\/\/d2p6e6u75xmxt8.cloudfront.net\/6\/2022\/11\/VUELTA-30.webp","contentUrl":"https:\/\/d2p6e6u75xmxt8.cloudfront.net\/6\/2022\/11\/VUELTA-30.webp","width":1200,"height":795},{"@type":"BreadcrumbList","@id":"https:\/\/www.welovecycling.com\/es\/2022\/11\/14\/podcast-de-ciclismo\/#breadcrumb","itemListElement":[{"@type":"ListItem","position":1,"name":"Home","item":"https:\/\/www.welovecycling.com\/es\/"},{"@type":"ListItem","position":2,"name":"Podcast de ciclismo, una nueva &#8216;vieja&#8217; forma de comunicar"}]},{"@type":"WebSite","@id":"https:\/\/www.welovecycling.com\/es\/#website","url":"https:\/\/www.welovecycling.com\/es\/","name":"\u0160koda We Love Cycling - Spain","description":"\u0160koda WeLoveCycling Spain","potentialAction":[{"@type":"SearchAction","target":{"@type":"EntryPoint","urlTemplate":"https:\/\/www.welovecycling.com\/es\/?s={search_term_string}"},"query-input":{"@type":"PropertyValueSpecification","valueRequired":true,"valueName":"search_term_string"}}],"inLanguage":"es-ES"},{"@type":"Person","@id":"https:\/\/www.welovecycling.com\/es\/#\/schema\/person\/deb61715b5812698ee79fb96f343ccd4","name":"We Love Cycling Spain","image":{"@type":"ImageObject","inLanguage":"es-ES","@id":"https:\/\/www.welovecycling.com\/es\/#\/schema\/person\/image\/","url":"https:\/\/secure.gravatar.com\/avatar\/c824b04e6df0e37a03219d0b6481672889df542894588964102459e46513159c?s=96&d=mm&r=g","contentUrl":"https:\/\/secure.gravatar.com\/avatar\/c824b04e6df0e37a03219d0b6481672889df542894588964102459e46513159c?s=96&d=mm&r=g","caption":"We Love Cycling Spain"},"url":"https:\/\/www.welovecycling.com\/es\/author\/amunoz\/"}]}},"_links":{"self":[{"href":"https:\/\/www.welovecycling.com\/es\/wp-json\/wp\/v2\/posts\/9433","targetHints":{"allow":["GET"]}}],"collection":[{"href":"https:\/\/www.welovecycling.com\/es\/wp-json\/wp\/v2\/posts"}],"about":[{"href":"https:\/\/www.welovecycling.com\/es\/wp-json\/wp\/v2\/types\/post"}],"author":[{"embeddable":true,"href":"https:\/\/www.welovecycling.com\/es\/wp-json\/wp\/v2\/users\/29"}],"replies":[{"embeddable":true,"href":"https:\/\/www.welovecycling.com\/es\/wp-json\/wp\/v2\/comments?post=9433"}],"version-history":[{"count":2,"href":"https:\/\/www.welovecycling.com\/es\/wp-json\/wp\/v2\/posts\/9433\/revisions"}],"predecessor-version":[{"id":9437,"href":"https:\/\/www.welovecycling.com\/es\/wp-json\/wp\/v2\/posts\/9433\/revisions\/9437"}],"wp:featuredmedia":[{"embeddable":true,"href":"https:\/\/www.welovecycling.com\/es\/wp-json\/wp\/v2\/media\/9435"}],"wp:attachment":[{"href":"https:\/\/www.welovecycling.com\/es\/wp-json\/wp\/v2\/media?parent=9433"}],"wp:term":[{"taxonomy":"category","embeddable":true,"href":"https:\/\/www.welovecycling.com\/es\/wp-json\/wp\/v2\/categories?post=9433"},{"taxonomy":"post_tag","embeddable":true,"href":"https:\/\/www.welovecycling.com\/es\/wp-json\/wp\/v2\/tags?post=9433"},{"taxonomy":"global-categories","embeddable":true,"href":"https:\/\/www.welovecycling.com\/es\/wp-json\/wp\/v2\/global-categories?post=9433"}],"curies":[{"name":"wp","href":"https:\/\/api.w.org\/{rel}","templated":true}]}}