{"id":9411,"date":"2022-11-08T16:50:29","date_gmt":"2022-11-08T14:50:29","guid":{"rendered":"https:\/\/www.welovecycling.com\/es\/?p=9411"},"modified":"2022-11-24T13:49:50","modified_gmt":"2022-11-24T11:49:50","slug":"alejandro-valverde-cambio-de-ritmo","status":"publish","type":"post","link":"https:\/\/www.welovecycling.com\/es\/2022\/11\/08\/alejandro-valverde-cambio-de-ritmo\/","title":{"rendered":"Alejandro Valverde, cambio de ritmo"},"content":{"rendered":"<p><strong>Parece que ahora s\u00ed. Alejandro Valverde ha colgado la bicicleta como profesional. La \u00faltima carrera con puntos UCI fue en el Giro de Lombard\u00eda a principios de octubre y en el Criterium de Saitama de noviembre, organizado por el Tour, dej\u00f3 de dar pedales en el profesionalismo. Con \u00e9l se cierra una generaci\u00f3n de ciclistas que empez\u00f3 entrenando por sensaciones y ha acabado con vatios y tecnolog\u00eda.<\/strong><\/p>\n<p><!--more--><\/p>\n<p>La carrera de Valverde estuvo a punto de acabar hasta en tres ocasiones. La primera con la sanci\u00f3n del CONI ratificada por el TAS que le dej\u00f3 casi un a\u00f1o y medio sin competir entre mayo de 2010 y enero de 2012. Despu\u00e9s con la ca\u00edda del Tour de Francia de 2017, en la que se <a href=\"https:\/\/www.welovecycling.com\/es\/2018\/02\/01\/la-vuelta-2018-segun-alejandro-valverde\/\">fractur\u00f3 la r\u00f3tula con 37 a\u00f1os<\/a> y por \u00faltimo en 2021 despu\u00e9s de fracturarse la clav\u00edcula en La Vuelta. Casualidad o no, despu\u00e9s de todos los parones volvi\u00f3 m\u00e1s fuerte y sigui\u00f3 ganando como si nada.<\/p>\n<p>En este 2022 Alejandro Valverde ha cerrado 20 temporadas como profesional (debut\u00f3 en 2002 con Kelme) en las que ha sumado 1<strong>33 victorias en casi todos los terrenos.<\/strong> Al sprint, en media monta\u00f1a, en alta monta\u00f1a, escapado, en grupos grandes, en peque\u00f1os grupos, en Cl\u00e1sicas, en Grandes Vueltas, incluso en el Mundial. Pero si hay una se\u00f1a caracter\u00edstica del estilo del murciano es su punta de velocidad y su capacidad para recuperar <strong>despu\u00e9s de una &#8216;paradinha&#8217;.<\/strong> As\u00ed que te he ido seleccionando alguno de los momentos m\u00e1s espectaculares de Alejandro Valverde en toda su carrera deportiva.<\/p>\n<h2><strong>Lieja 2015<\/strong><\/h2>\n<p>Para mi gusto es la mayor exhibici\u00f3n de Alejandro Valverde. La <a href=\"https:\/\/www.welovecycling.com\/es\/2019\/05\/09\/lieja-bastogne-lieja\/\">Lieja Bastogne Lieja<\/a> de 2015 eran m\u00e1s de 260 kil\u00f3metros y 4.600 metros de desnivel. A la parte final, los muros de Saint Nicol\u00e1s y Ans lleg\u00f3 un grupo de m\u00e1s de una veintena de ciclistas. Complicado de resolver. En los \u00faltimos 700 metros, los 5oo primeros en una rampa del 6%,\u00a0 el l\u00edder de Movistar fue capaz cambiar de ritmo y cerrar un ataque de Dani Moreno, volver a cambiar y llegar a la rueda de Purito Rodr\u00edguez y despu\u00e9s en el plano rematar en el sprint a un todav\u00eda imberbe Julien Alaphilippe y al propio Joaqu\u00edm Rodr\u00edguez.<\/p>\n<lite-youtube videoid=00kK4suJbpk params=\"enablejsapi=1\" style=\"background-image: url('https:\/\/i.ytimg.com\/vi_webp\/00kK4suJbpk\/maxresdefault.webp');\"><\/lite-youtube>\n<h2><strong><br \/>\nLa Pandera, Vuelta 2003<\/strong><\/h2>\n<p>La <strong>Vuelta de 2003 fue la presentaci\u00f3n &#8216;en sociedad&#8217; de Alejandro Valverde<\/strong>. Es cierto que ya hab\u00eda estrenado su palmar\u00e9s profesional, pero fue en la ronda espa\u00f1ola donde salt\u00f3 al estrellato. Acud\u00eda como gregario de \u00d3scar Sevilla (que todav\u00eda no se ha retirado) en el Kelme y acab\u00f3 como jefe de filas y con el manchego ech\u00e1ndole una mano. Era la primera que se llegaba a La Pandera y Alejandro se hab\u00eda soltado de Felix C\u00e1rdenas y Roberto Heras en la parte final de la subida, con rampas del 15%. Solt\u00f3, par\u00f3, utiliz\u00f3 a Sevilla como gregario y en el tramo de bajada de <a href=\"https:\/\/www.welovecycling.com\/es\/2022\/09\/12\/evenepoel\/\">La Pandera<\/a> antes de la meta recuper\u00f3 lo suficiente para soltar a ambos al sprint y llevarse la etapa.<\/p>\n<lite-youtube videoid=CLAfok4Yj44 params=\"enablejsapi=1\" style=\"background-image: url('https:\/\/i.ytimg.com\/vi_webp\/CLAfok4Yj44\/maxresdefault.webp');\"><\/lite-youtube>\n<p>&nbsp;<\/p>\n<h2><strong>Morredero, Vuelta 2006<\/strong><\/h2>\n<p>En la etapa 7 de La Vuelta a Espa\u00f1a de 2006 muy poca gente vaticinaba lo que iba a pasar al final. Vinokourov, que andaba perdido en la general, arranc\u00f3 a un kil\u00f3metro de meta en el Alto del Morredero (Le\u00f3n), una subida larga, pero tendida. Abri\u00f3 hueco y por detr\u00e1s Sastre, Marchante, Brajkovic, Beltr\u00e1n y Kashechkin no quer\u00edan dar un relevo a Alejandro por miedo a que les rematase en el sprint. No hizo falta. Cuando restaban 400 metros el murciano arranc\u00f3, pas\u00f3 a Vinokourov y gan\u00f3 con solvencia en meta. Dos semana despu\u00e9s, en Granada, el kazajo se tom\u00f3 venganza y acab\u00f3 ganando aquella Vuelta 2006.<\/p>\n<lite-youtube videoid=IgrX7D0mRqo params=\"enablejsapi=1\" style=\"background-image: url('https:\/\/i.ytimg.com\/vi_webp\/IgrX7D0mRqo\/maxresdefault.webp');\"><\/lite-youtube>\n<p>&nbsp;<\/p>\n<h2><strong>Plumelec, Tour 2008<\/strong><\/h2>\n<p>Fue la \u00fanica vez que Alejandro Valverde se visit\u00f3 de amarillo en el Tour de Francia. El de 2008 empezaba en el norte, en Brest, con una etapa llana y con un final corto y explosivo en Plumelec. Un kil\u00f3metro al 8%. El \u00fanico tramo en subida de casi todo el norte de Francia. Se hab\u00eda escapado el aleman Schumacher y manten\u00eda un margen en el \u00faltimo kil\u00f3metro. Por detr\u00e1s arranco el luxemburgu\u00e9s Kirchen, que lleg\u00f3 a so\u00f1ar con el triunfo. Pero a 300 metros, despu\u00e9s de aprovechar el tir\u00f3n de Cadel Evans, Valverde salt\u00f3, pas\u00f3 con facilidad a Kirchen y acab\u00f3 ganando la etapa con solvencia.<\/p>\n<lite-youtube videoid=_ef1XaDJKuQ params=\"enablejsapi=1\" style=\"background-image: url('https:\/\/i.ytimg.com\/vi_webp\/_ef1XaDJKuQ\/maxresdefault.webp');\"><\/lite-youtube>\n<p>.<\/p>\n<h2><strong>Courchevel, Tour 2005<\/strong><\/h2>\n<p>Pese que debut\u00f3 en 2002, Alejandro Valverde no fue al Tour hasta cuatro a\u00f1os despu\u00e9s. En aquellos a\u00f1os la carrera francesa hab\u00eda dejado de invitar al Kelme, su equipo de entonces, y hasta que no entr\u00f3 en la estructura de Abarca Sport el murciano no pudo acudir a Francia. Llegaba la monta\u00f1a con una etapa en Alpes entre Grenoble y Courchevel, con el Cormet de Roselend de por medio y la largu\u00edsima subida al Altiport como meta. <strong>Lance Armstrong<\/strong> ya se hab\u00eda desecho de Basso, Leipheimer y Evans, a priori sus principales rivales, y solo aguantaban el ritmo Rasmussen, Mancebo y Valverde. El cierto que ni el dan\u00e9s ni el abulense eran r\u00e1pidos, pero ninguno pudo con el cambio de ritmo de Armstrong. Solo Alejandro, que acab\u00f3 rematando al americano en meta.<\/p>\n<lite-youtube videoid=YczUgIbP91A params=\"enablejsapi=1\" style=\"background-image: url('https:\/\/i.ytimg.com\/vi_webp\/YczUgIbP91A\/maxresdefault.webp');\"><\/lite-youtube>\n<p>&nbsp;<\/p>\n<h2><strong>La Gallina, Vuelta 2012<\/strong><\/h2>\n<p>Quiz\u00e1s la edici\u00f3n m\u00e1s emocionante de La Vuelta en los \u00faltimos a\u00f1os. Primero por el nivel de los contendientes, <strong>Froome, Contador, Valverde y Purito.<\/strong> Despu\u00e9s por la dureza del recorrido, que ese a\u00f1o tuvo Andorra, Ancares, dos etapas en Asturias, Cantabria, el final en la Bola de Mundo&#8230;y por la famosa resoluci\u00f3n en Fuente D\u00e9. En la etapa 10 debutaba La Gallina andorrana por su vertiente &#8216;menos&#8217; dura, la de Canolich. A dos kil\u00f3metros del final iban juntos Contador, Froome, Valverde y Purito. El madrile\u00f1o arranc\u00f3 de lejos y a 150 metros parec\u00eda tener asegurado el triunfo, pero le pasaron Valverde y Purito con victoria para el murciano.<\/p>\n<p><a href=\"https:\/\/www.youtube.com\/watch?v=VcnXcmvO9SA\">https:\/\/www.youtube.com\/watch?v=VcnXcmvO9SA<\/a><\/p>\n","protected":false},"excerpt":{"rendered":"<p>Parece que ahora s\u00ed. Alejandro Valverde ha colgado la bicicleta como profesional. La \u00faltima carrera con puntos UCI fue en [&hellip;]<\/p>\n","protected":false},"author":29,"featured_media":3320,"comment_status":"open","ping_status":"open","sticky":false,"template":"","format":"standard","meta":{"footnotes":""},"categories":[7],"tags":[1111,557],"global-categories":[1164],"class_list":["post-9411","post","type-post","status-publish","format-standard","has-post-thumbnail","hentry","category-carretera","tag-alejandro-valverde","tag-tour-de-francia","global-categories-cycling"],"yoast_head":"<!-- This site is optimized with the Yoast SEO Premium plugin v25.3 (Yoast SEO v25.9) - https:\/\/yoast.com\/wordpress\/plugins\/seo\/ -->\n<title>Alejandro Valverde, cambio de ritmo - \u0160koda We Love Cycling - Spain<\/title>\n<meta name=\"description\" content=\"Alejandro Valverde, cambio de ritmo. Las mejores victorias de Valverde en su carrera profesional. Siempre con demarraje brutal.\" \/>\n<meta name=\"robots\" content=\"index, follow, max-snippet:-1, max-image-preview:large, max-video-preview:-1\" \/>\n<link rel=\"canonical\" href=\"https:\/\/www.welovecycling.com\/es\/2022\/11\/08\/alejandro-valverde-cambio-de-ritmo\/\" \/>\n<meta property=\"og:locale\" content=\"es_ES\" \/>\n<meta property=\"og:type\" content=\"article\" \/>\n<meta property=\"og:title\" content=\"Alejandro Valverde, cambio de ritmo\" \/>\n<meta property=\"og:description\" content=\"Alejandro Valverde, cambio de ritmo. Las mejores victorias de Valverde en su carrera profesional. Siempre con demarraje brutal.\" \/>\n<meta property=\"og:url\" content=\"https:\/\/www.welovecycling.com\/es\/2022\/11\/08\/alejandro-valverde-cambio-de-ritmo\/\" \/>\n<meta property=\"og:site_name\" content=\"\u0160koda We Love Cycling - Spain\" \/>\n<meta property=\"article:published_time\" content=\"2022-11-08T14:50:29+00:00\" \/>\n<meta property=\"article:modified_time\" content=\"2022-11-24T11:49:50+00:00\" \/>\n<meta property=\"og:image\" content=\"https:\/\/d2p6e6u75xmxt8.cloudfront.net\/6\/2018\/08\/La-Vuelta.-Etapa-4.-Valverde.jpg\" \/>\n\t<meta property=\"og:image:width\" content=\"1280\" \/>\n\t<meta property=\"og:image:height\" content=\"686\" \/>\n\t<meta property=\"og:image:type\" content=\"image\/jpeg\" \/>\n<meta name=\"author\" content=\"We Love Cycling Spain\" \/>\n<meta name=\"twitter:card\" content=\"summary_large_image\" \/>\n<meta name=\"twitter:title\" content=\"Alejandro Valverde, cambio de ritmo\" \/>\n<meta name=\"twitter:description\" content=\"Alejandro Valverde, cambio de ritmo. Las mejores victorias de Valverde en su carrera profesional. Siempre con demarraje brutal.\" \/>\n<meta name=\"twitter:label1\" content=\"Written by\" \/>\n\t<meta name=\"twitter:data1\" content=\"Luis Ortega @Ciclored\" \/>\n\t<meta name=\"twitter:label2\" content=\"Est. reading time\" \/>\n\t<meta name=\"twitter:data2\" content=\"5 minutes\" \/>\n<script type=\"application\/ld+json\" class=\"yoast-schema-graph\">{\"@context\":\"https:\/\/schema.org\",\"@graph\":[{\"@type\":\"WebPage\",\"@id\":\"https:\/\/www.welovecycling.com\/es\/2022\/11\/08\/alejandro-valverde-cambio-de-ritmo\/\",\"url\":\"https:\/\/www.welovecycling.com\/es\/2022\/11\/08\/alejandro-valverde-cambio-de-ritmo\/\",\"name\":\"Alejandro Valverde, cambio de ritmo - \u0160koda We Love Cycling - Spain\",\"isPartOf\":{\"@id\":\"https:\/\/www.welovecycling.com\/es\/#website\"},\"primaryImageOfPage\":{\"@id\":\"https:\/\/www.welovecycling.com\/es\/2022\/11\/08\/alejandro-valverde-cambio-de-ritmo\/#primaryimage\"},\"image\":{\"@id\":\"https:\/\/www.welovecycling.com\/es\/2022\/11\/08\/alejandro-valverde-cambio-de-ritmo\/#primaryimage\"},\"thumbnailUrl\":\"https:\/\/d2p6e6u75xmxt8.cloudfront.net\/6\/2018\/08\/La-Vuelta.-Etapa-4.-Valverde.jpg\",\"datePublished\":\"2022-11-08T14:50:29+00:00\",\"dateModified\":\"2022-11-24T11:49:50+00:00\",\"author\":{\"@id\":\"https:\/\/www.welovecycling.com\/es\/#\/schema\/person\/deb61715b5812698ee79fb96f343ccd4\"},\"description\":\"Alejandro Valverde, cambio de ritmo. Las mejores victorias de Valverde en su carrera profesional. Siempre con demarraje brutal.\",\"breadcrumb\":{\"@id\":\"https:\/\/www.welovecycling.com\/es\/2022\/11\/08\/alejandro-valverde-cambio-de-ritmo\/#breadcrumb\"},\"inLanguage\":\"es-ES\",\"potentialAction\":[{\"@type\":\"ReadAction\",\"target\":[\"https:\/\/www.welovecycling.com\/es\/2022\/11\/08\/alejandro-valverde-cambio-de-ritmo\/\"]}]},{\"@type\":\"ImageObject\",\"inLanguage\":\"es-ES\",\"@id\":\"https:\/\/www.welovecycling.com\/es\/2022\/11\/08\/alejandro-valverde-cambio-de-ritmo\/#primaryimage\",\"url\":\"https:\/\/d2p6e6u75xmxt8.cloudfront.net\/6\/2018\/08\/La-Vuelta.-Etapa-4.-Valverde.jpg\",\"contentUrl\":\"https:\/\/d2p6e6u75xmxt8.cloudfront.net\/6\/2018\/08\/La-Vuelta.-Etapa-4.-Valverde.jpg\",\"width\":1280,\"height\":686},{\"@type\":\"BreadcrumbList\",\"@id\":\"https:\/\/www.welovecycling.com\/es\/2022\/11\/08\/alejandro-valverde-cambio-de-ritmo\/#breadcrumb\",\"itemListElement\":[{\"@type\":\"ListItem\",\"position\":1,\"name\":\"Home\",\"item\":\"https:\/\/www.welovecycling.com\/es\/\"},{\"@type\":\"ListItem\",\"position\":2,\"name\":\"Alejandro Valverde, cambio de ritmo\"}]},{\"@type\":\"WebSite\",\"@id\":\"https:\/\/www.welovecycling.com\/es\/#website\",\"url\":\"https:\/\/www.welovecycling.com\/es\/\",\"name\":\"\u0160koda We Love Cycling - Spain\",\"description\":\"\u0160koda WeLoveCycling Spain\",\"potentialAction\":[{\"@type\":\"SearchAction\",\"target\":{\"@type\":\"EntryPoint\",\"urlTemplate\":\"https:\/\/www.welovecycling.com\/es\/?s={search_term_string}\"},\"query-input\":{\"@type\":\"PropertyValueSpecification\",\"valueRequired\":true,\"valueName\":\"search_term_string\"}}],\"inLanguage\":\"es-ES\"},{\"@type\":\"Person\",\"@id\":\"https:\/\/www.welovecycling.com\/es\/#\/schema\/person\/deb61715b5812698ee79fb96f343ccd4\",\"name\":\"We Love Cycling Spain\",\"image\":{\"@type\":\"ImageObject\",\"inLanguage\":\"es-ES\",\"@id\":\"https:\/\/www.welovecycling.com\/es\/#\/schema\/person\/image\/\",\"url\":\"https:\/\/secure.gravatar.com\/avatar\/c824b04e6df0e37a03219d0b6481672889df542894588964102459e46513159c?s=96&d=mm&r=g\",\"contentUrl\":\"https:\/\/secure.gravatar.com\/avatar\/c824b04e6df0e37a03219d0b6481672889df542894588964102459e46513159c?s=96&d=mm&r=g\",\"caption\":\"We Love Cycling Spain\"},\"url\":\"https:\/\/www.welovecycling.com\/es\/author\/amunoz\/\"}]}<\/script>\n<!-- \/ Yoast SEO Premium plugin. -->","yoast_head_json":{"title":"Alejandro Valverde, cambio de ritmo - \u0160koda We Love Cycling - Spain","description":"Alejandro Valverde, cambio de ritmo. Las mejores victorias de Valverde en su carrera profesional. Siempre con demarraje brutal.","robots":{"index":"index","follow":"follow","max-snippet":"max-snippet:-1","max-image-preview":"max-image-preview:large","max-video-preview":"max-video-preview:-1"},"canonical":"https:\/\/www.welovecycling.com\/es\/2022\/11\/08\/alejandro-valverde-cambio-de-ritmo\/","og_locale":"es_ES","og_type":"article","og_title":"Alejandro Valverde, cambio de ritmo","og_description":"Alejandro Valverde, cambio de ritmo. Las mejores victorias de Valverde en su carrera profesional. Siempre con demarraje brutal.","og_url":"https:\/\/www.welovecycling.com\/es\/2022\/11\/08\/alejandro-valverde-cambio-de-ritmo\/","og_site_name":"\u0160koda We Love Cycling - Spain","article_published_time":"2022-11-08T14:50:29+00:00","article_modified_time":"2022-11-24T11:49:50+00:00","og_image":[{"width":1280,"height":686,"url":"https:\/\/d2p6e6u75xmxt8.cloudfront.net\/6\/2018\/08\/La-Vuelta.-Etapa-4.-Valverde.jpg","type":"image\/jpeg"}],"author":"We Love Cycling Spain","twitter_card":"summary_large_image","twitter_title":"Alejandro Valverde, cambio de ritmo","twitter_description":"Alejandro Valverde, cambio de ritmo. Las mejores victorias de Valverde en su carrera profesional. Siempre con demarraje brutal.","twitter_misc":{"Written by":"Luis Ortega @Ciclored","Est. reading time":"5 minutes"},"schema":{"@context":"https:\/\/schema.org","@graph":[{"@type":"WebPage","@id":"https:\/\/www.welovecycling.com\/es\/2022\/11\/08\/alejandro-valverde-cambio-de-ritmo\/","url":"https:\/\/www.welovecycling.com\/es\/2022\/11\/08\/alejandro-valverde-cambio-de-ritmo\/","name":"Alejandro Valverde, cambio de ritmo - \u0160koda We Love Cycling - Spain","isPartOf":{"@id":"https:\/\/www.welovecycling.com\/es\/#website"},"primaryImageOfPage":{"@id":"https:\/\/www.welovecycling.com\/es\/2022\/11\/08\/alejandro-valverde-cambio-de-ritmo\/#primaryimage"},"image":{"@id":"https:\/\/www.welovecycling.com\/es\/2022\/11\/08\/alejandro-valverde-cambio-de-ritmo\/#primaryimage"},"thumbnailUrl":"https:\/\/d2p6e6u75xmxt8.cloudfront.net\/6\/2018\/08\/La-Vuelta.-Etapa-4.-Valverde.jpg","datePublished":"2022-11-08T14:50:29+00:00","dateModified":"2022-11-24T11:49:50+00:00","author":{"@id":"https:\/\/www.welovecycling.com\/es\/#\/schema\/person\/deb61715b5812698ee79fb96f343ccd4"},"description":"Alejandro Valverde, cambio de ritmo. Las mejores victorias de Valverde en su carrera profesional. Siempre con demarraje brutal.","breadcrumb":{"@id":"https:\/\/www.welovecycling.com\/es\/2022\/11\/08\/alejandro-valverde-cambio-de-ritmo\/#breadcrumb"},"inLanguage":"es-ES","potentialAction":[{"@type":"ReadAction","target":["https:\/\/www.welovecycling.com\/es\/2022\/11\/08\/alejandro-valverde-cambio-de-ritmo\/"]}]},{"@type":"ImageObject","inLanguage":"es-ES","@id":"https:\/\/www.welovecycling.com\/es\/2022\/11\/08\/alejandro-valverde-cambio-de-ritmo\/#primaryimage","url":"https:\/\/d2p6e6u75xmxt8.cloudfront.net\/6\/2018\/08\/La-Vuelta.-Etapa-4.-Valverde.jpg","contentUrl":"https:\/\/d2p6e6u75xmxt8.cloudfront.net\/6\/2018\/08\/La-Vuelta.-Etapa-4.-Valverde.jpg","width":1280,"height":686},{"@type":"BreadcrumbList","@id":"https:\/\/www.welovecycling.com\/es\/2022\/11\/08\/alejandro-valverde-cambio-de-ritmo\/#breadcrumb","itemListElement":[{"@type":"ListItem","position":1,"name":"Home","item":"https:\/\/www.welovecycling.com\/es\/"},{"@type":"ListItem","position":2,"name":"Alejandro Valverde, cambio de ritmo"}]},{"@type":"WebSite","@id":"https:\/\/www.welovecycling.com\/es\/#website","url":"https:\/\/www.welovecycling.com\/es\/","name":"\u0160koda We Love Cycling - Spain","description":"\u0160koda WeLoveCycling Spain","potentialAction":[{"@type":"SearchAction","target":{"@type":"EntryPoint","urlTemplate":"https:\/\/www.welovecycling.com\/es\/?s={search_term_string}"},"query-input":{"@type":"PropertyValueSpecification","valueRequired":true,"valueName":"search_term_string"}}],"inLanguage":"es-ES"},{"@type":"Person","@id":"https:\/\/www.welovecycling.com\/es\/#\/schema\/person\/deb61715b5812698ee79fb96f343ccd4","name":"We Love Cycling Spain","image":{"@type":"ImageObject","inLanguage":"es-ES","@id":"https:\/\/www.welovecycling.com\/es\/#\/schema\/person\/image\/","url":"https:\/\/secure.gravatar.com\/avatar\/c824b04e6df0e37a03219d0b6481672889df542894588964102459e46513159c?s=96&d=mm&r=g","contentUrl":"https:\/\/secure.gravatar.com\/avatar\/c824b04e6df0e37a03219d0b6481672889df542894588964102459e46513159c?s=96&d=mm&r=g","caption":"We Love Cycling Spain"},"url":"https:\/\/www.welovecycling.com\/es\/author\/amunoz\/"}]}},"_links":{"self":[{"href":"https:\/\/www.welovecycling.com\/es\/wp-json\/wp\/v2\/posts\/9411","targetHints":{"allow":["GET"]}}],"collection":[{"href":"https:\/\/www.welovecycling.com\/es\/wp-json\/wp\/v2\/posts"}],"about":[{"href":"https:\/\/www.welovecycling.com\/es\/wp-json\/wp\/v2\/types\/post"}],"author":[{"embeddable":true,"href":"https:\/\/www.welovecycling.com\/es\/wp-json\/wp\/v2\/users\/29"}],"replies":[{"embeddable":true,"href":"https:\/\/www.welovecycling.com\/es\/wp-json\/wp\/v2\/comments?post=9411"}],"version-history":[{"count":2,"href":"https:\/\/www.welovecycling.com\/es\/wp-json\/wp\/v2\/posts\/9411\/revisions"}],"predecessor-version":[{"id":9465,"href":"https:\/\/www.welovecycling.com\/es\/wp-json\/wp\/v2\/posts\/9411\/revisions\/9465"}],"wp:featuredmedia":[{"embeddable":true,"href":"https:\/\/www.welovecycling.com\/es\/wp-json\/wp\/v2\/media\/3320"}],"wp:attachment":[{"href":"https:\/\/www.welovecycling.com\/es\/wp-json\/wp\/v2\/media?parent=9411"}],"wp:term":[{"taxonomy":"category","embeddable":true,"href":"https:\/\/www.welovecycling.com\/es\/wp-json\/wp\/v2\/categories?post=9411"},{"taxonomy":"post_tag","embeddable":true,"href":"https:\/\/www.welovecycling.com\/es\/wp-json\/wp\/v2\/tags?post=9411"},{"taxonomy":"global-categories","embeddable":true,"href":"https:\/\/www.welovecycling.com\/es\/wp-json\/wp\/v2\/global-categories?post=9411"}],"curies":[{"name":"wp","href":"https:\/\/api.w.org\/{rel}","templated":true}]}}