{"id":9403,"date":"2022-11-03T12:40:45","date_gmt":"2022-11-03T10:40:45","guid":{"rendered":"https:\/\/www.welovecycling.com\/es\/?p=9403"},"modified":"2022-11-03T12:40:45","modified_gmt":"2022-11-03T10:40:45","slug":"maverick-vinales","status":"publish","type":"post","link":"https:\/\/www.welovecycling.com\/es\/2022\/11\/03\/maverick-vinales\/","title":{"rendered":"Maverick Vi\u00f1ales: &#8220;En mi entrenamiento hay mucha bicicleta&#8221;"},"content":{"rendered":"<p><strong>\u00bfC\u00f3mo es posible que un piloto de MotoGP mundialmente conocido y con 1,4 millones de seguidores en Instagram aparezca entre dunas en bicicleta? Uno de losdorsales m\u00e1s sorprendentes en la \u0160koda Titan Desert Almer\u00eda de este a\u00f1o ha sido el de Maverick Vi\u00f1ales. <a href=\"https:\/\/www.instagram.com\/maverick12official\/\">El campe\u00f3n del mundo de Moto3<\/a> de 2013 particip\u00f3 representando a \u0160koda de la que ha sido nombrado recientemente embajador. Nacido en Catalu\u00f1a, Maverick comenz\u00f3 a competir ya a los tres a\u00f1os y ha ido ascendiendo a la fama hasta llegar al Aprilia Racing de MotoGP. Pero eso no responde a la pregunta de por qu\u00e9 un piloto de fama mundial opt\u00f3 por correr en una bici de dos ruedas sin motor bajo el sol abrasador.<\/strong><!--more--><\/p>\n<p>Maverick Vi\u00f1ales sac\u00f3 tiempo de su apretada agenda de carreras para charlar con We Love Cycling sobre su primera experiencia en la \u0160koda Titan Desert Almer\u00eda. La entrevista contin\u00faa a continuaci\u00f3n<\/p>\n<p><strong>Eres uno de los mejores pilotos del mundo,\u00a0 qu\u00e9 te llev\u00f3 a la bicicleta. \u00bfC\u00f3mo te propuso \u0160koda convertirte en su embajador del ciclismo?<\/strong><\/p>\n<p>El ciclismo forma parte de mi entrenamiento y preparaci\u00f3n f\u00edsica. Adem\u00e1s, me apasiona este deporte. El v\u00ednculo con \u0160koda comenz\u00f3 con Tomi Misser, el embajador de la marca. Nos reunimos con los representantes de \u0160koda y con Tomi y, desde el primer momento, sent\u00ed que compart\u00edamos muchos valores, as\u00ed como la pasi\u00f3n por el ciclismo.<\/p>\n<p>https:\/\/www.instagram.com\/p\/CjcHVRRDW4_\/?hl=en<\/p>\n<p><strong>\u00bfPor qu\u00e9 elegiste la \u0160koda Titan Desert Almer\u00eda, sin duda un reto complicado, como tu debut en una carrera ciclista?<\/strong><\/p>\n<p>En realidad, mi debut fue hace muchos a\u00f1os, he tenido la oportunidad de participar en varias carreras, principalmente de bicicleta de monta\u00f1a. Sin embargo, en 2022, elegimos participar en la \u0160koda Titan Desert Almer\u00eda, para preparar la segunda parte de la gira de la Copa del Mundo de Asia, ya que encajaba perfectamente en el calendario.<\/p>\n<p><strong>\u00bfC\u00f3mo afrontaste la preparaci\u00f3n de la carrera? \u00bfEn qu\u00e9 medida fue similar a la preparaci\u00f3n de una carrera de motos?<\/strong><\/p>\n<p>La preparaci\u00f3n de la \u0160koda Titan Desert Almer\u00eda fue similar a la preparaci\u00f3n de una carrera de motos. Hago mucho ciclismo en mi d\u00eda a d\u00eda, as\u00ed que no vari\u00e9 demasiado mi programa de entrenamiento.<\/p>\n<p><strong>\u00bfC\u00f3mo te sentiste en la l\u00ednea de salida?<\/strong><\/p>\n<p>En la salida se respiraba mucha deportividad, buen ambiente y pasi\u00f3n por este deporte. Las sensaciones fueron muy buenas y empec\u00e9 la carrera muy motivado.<\/p>\n<p><strong>\u00bfCu\u00e1l fue el momento m\u00e1s duro para ti durante la carrera?<\/strong><\/p>\n<p>Para m\u00ed, el momento m\u00e1s duro de \u00e9sta y de todas las carreras es la salida porque empiezas en fr\u00edo, todo el mundo da el 100% y hay unos 10-15 minutos de sufrimiento que son muy duros.<\/p>\n<p>https:\/\/www.instagram.com\/p\/CjYHCZBt46L\/?hl=en<\/p>\n<p><strong>\u00bfCu\u00e1l es el consejo m\u00e1s valioso que le dar\u00edas a alguien que corre la <a href=\"https:\/\/www.welovecycling.com\/es\/2022\/10\/14\/skoda-titan-desert-almeria-2022-en-casa-de-los-looser\/\">\u0160koda Titan Desert Almer\u00eda<\/a> por primera vez?<\/strong><\/p>\n<p>Mi consejo es que venga preparado f\u00edsicamente y que se prepare de antemano para las zonas arenosas en las que hay que &#8220;surfear&#8221; con la moto y que son dif\u00edciles de manejar.<\/p>\n<p><strong>\u00bfEn qui\u00e9n o en qu\u00e9 te apoyaste durante la carrera?<\/strong><\/p>\n<p>Durante la carrera, me apoy\u00e9 mucho en Tomi Misser, escuch\u00e9 sus consejos en todo momento. Tomi tiene un gran nivel y mucha experiencia en este tipo de carreras. Segu\u00ed sus consejos durante la carrera y los apliqu\u00e9 tambi\u00e9n fuera de ella, durante mis entrenamientos.<\/p>\n<p><strong>\u00bfVolver\u00e1s?\u00a0<\/strong><\/p>\n<p>Claro que s\u00ed. Es un evento divertido y exigente en un entorno muy especial.<\/p>\n<p><em>Gracias, Maverick Vi\u00f1ales, por tus conocimientos y te deseamos muchos \u00e9xitos en cualquiera de las dos ruedas.<\/em><\/p>\n","protected":false},"excerpt":{"rendered":"<p>\u00bfC\u00f3mo es posible que un piloto de MotoGP mundialmente conocido y con 1,4 millones de seguidores en Instagram aparezca entre [&hellip;]<\/p>\n","protected":false},"author":29,"featured_media":9406,"comment_status":"open","ping_status":"open","sticky":false,"template":"","format":"standard","meta":{"footnotes":""},"categories":[9],"tags":[],"global-categories":[],"class_list":["post-9403","post","type-post","status-publish","format-standard","has-post-thumbnail","hentry","category-mtb-aventura"],"yoast_head":"<!-- This site is optimized with the Yoast SEO Premium plugin v25.3 (Yoast SEO v25.9) - https:\/\/yoast.com\/wordpress\/plugins\/seo\/ -->\n<title>Maverick Vi\u00f1ales: &quot;En mi entrenamiento hay mucha bicicleta&quot;<\/title>\n<meta name=\"description\" content=\"Maverick Vi\u00f1ales: &quot;En mi entrenamiento hay mucha bicicleta&quot;. El piloto, embajador \u0160koda, nos cuenta como le fue la \u0160koda Titan Desert Almeria.\" \/>\n<meta name=\"robots\" content=\"index, follow, max-snippet:-1, max-image-preview:large, max-video-preview:-1\" \/>\n<link rel=\"canonical\" href=\"https:\/\/www.welovecycling.com\/es\/2022\/11\/03\/maverick-vinales\/\" \/>\n<meta property=\"og:locale\" content=\"es_ES\" \/>\n<meta property=\"og:type\" content=\"article\" \/>\n<meta property=\"og:title\" content=\"Maverick Vi\u00f1ales: &quot;En mi entrenamiento hay mucha bicicleta&quot;\" \/>\n<meta property=\"og:description\" content=\"Maverick Vi\u00f1ales: &quot;En mi entrenamiento hay mucha bicicleta&quot;. El piloto, embajador \u0160koda, nos cuenta como le fue la \u0160koda Titan Desert Almeria.\" \/>\n<meta property=\"og:url\" content=\"https:\/\/www.welovecycling.com\/es\/2022\/11\/03\/maverick-vinales\/\" \/>\n<meta property=\"og:site_name\" content=\"\u0160koda We Love Cycling - Spain\" \/>\n<meta property=\"article:published_time\" content=\"2022-11-03T10:40:45+00:00\" \/>\n<meta property=\"og:image\" content=\"https:\/\/d2p6e6u75xmxt8.cloudfront.net\/6\/2022\/11\/Maverick-Vinales-CVR.webp\" \/>\n\t<meta property=\"og:image:width\" content=\"990\" \/>\n\t<meta property=\"og:image:height\" content=\"660\" \/>\n\t<meta property=\"og:image:type\" content=\"image\/webp\" \/>\n<meta name=\"author\" content=\"We Love Cycling Spain\" \/>\n<meta name=\"twitter:card\" content=\"summary_large_image\" \/>\n<meta name=\"twitter:title\" content=\"Maverick Vi\u00f1ales: &quot;En mi entrenamiento hay mucha bicicleta&quot;.\" \/>\n<meta name=\"twitter:description\" content=\"Maverick Vi\u00f1ales: &quot;En mi entrenamiento hay mucha bicicleta&quot;. El piloto, embajador \u0160koda, nos cuenta como le fue la \u0160koda Titan Desert Almeria.\" \/>\n<meta name=\"twitter:label1\" content=\"Written by\" \/>\n\t<meta name=\"twitter:data1\" content=\"Frantiska Blazkova\" \/>\n\t<meta name=\"twitter:label2\" content=\"Est. reading time\" \/>\n\t<meta name=\"twitter:data2\" content=\"6\" \/>\n<script type=\"application\/ld+json\" class=\"yoast-schema-graph\">{\"@context\":\"https:\/\/schema.org\",\"@graph\":[{\"@type\":\"WebPage\",\"@id\":\"https:\/\/www.welovecycling.com\/es\/2022\/11\/03\/maverick-vinales\/\",\"url\":\"https:\/\/www.welovecycling.com\/es\/2022\/11\/03\/maverick-vinales\/\",\"name\":\"Maverick Vi\u00f1ales: \\\"En mi entrenamiento hay mucha bicicleta\\\"\",\"isPartOf\":{\"@id\":\"https:\/\/www.welovecycling.com\/es\/#website\"},\"primaryImageOfPage\":{\"@id\":\"https:\/\/www.welovecycling.com\/es\/2022\/11\/03\/maverick-vinales\/#primaryimage\"},\"image\":{\"@id\":\"https:\/\/www.welovecycling.com\/es\/2022\/11\/03\/maverick-vinales\/#primaryimage\"},\"thumbnailUrl\":\"https:\/\/d2p6e6u75xmxt8.cloudfront.net\/6\/2022\/11\/Maverick-Vinales-CVR.webp\",\"datePublished\":\"2022-11-03T10:40:45+00:00\",\"author\":{\"@id\":\"https:\/\/www.welovecycling.com\/es\/#\/schema\/person\/deb61715b5812698ee79fb96f343ccd4\"},\"description\":\"Maverick Vi\u00f1ales: \\\"En mi entrenamiento hay mucha bicicleta\\\". El piloto, embajador \u0160koda, nos cuenta como le fue la \u0160koda Titan Desert Almeria.\",\"breadcrumb\":{\"@id\":\"https:\/\/www.welovecycling.com\/es\/2022\/11\/03\/maverick-vinales\/#breadcrumb\"},\"inLanguage\":\"es-ES\",\"potentialAction\":[{\"@type\":\"ReadAction\",\"target\":[\"https:\/\/www.welovecycling.com\/es\/2022\/11\/03\/maverick-vinales\/\"]}]},{\"@type\":\"ImageObject\",\"inLanguage\":\"es-ES\",\"@id\":\"https:\/\/www.welovecycling.com\/es\/2022\/11\/03\/maverick-vinales\/#primaryimage\",\"url\":\"https:\/\/d2p6e6u75xmxt8.cloudfront.net\/6\/2022\/11\/Maverick-Vinales-CVR.webp\",\"contentUrl\":\"https:\/\/d2p6e6u75xmxt8.cloudfront.net\/6\/2022\/11\/Maverick-Vinales-CVR.webp\",\"width\":990,\"height\":660},{\"@type\":\"BreadcrumbList\",\"@id\":\"https:\/\/www.welovecycling.com\/es\/2022\/11\/03\/maverick-vinales\/#breadcrumb\",\"itemListElement\":[{\"@type\":\"ListItem\",\"position\":1,\"name\":\"Home\",\"item\":\"https:\/\/www.welovecycling.com\/es\/\"},{\"@type\":\"ListItem\",\"position\":2,\"name\":\"Maverick Vi\u00f1ales: &#8220;En mi entrenamiento hay mucha bicicleta&#8221;\"}]},{\"@type\":\"WebSite\",\"@id\":\"https:\/\/www.welovecycling.com\/es\/#website\",\"url\":\"https:\/\/www.welovecycling.com\/es\/\",\"name\":\"\u0160koda We Love Cycling - Spain\",\"description\":\"\u0160koda WeLoveCycling Spain\",\"potentialAction\":[{\"@type\":\"SearchAction\",\"target\":{\"@type\":\"EntryPoint\",\"urlTemplate\":\"https:\/\/www.welovecycling.com\/es\/?s={search_term_string}\"},\"query-input\":{\"@type\":\"PropertyValueSpecification\",\"valueRequired\":true,\"valueName\":\"search_term_string\"}}],\"inLanguage\":\"es-ES\"},{\"@type\":\"Person\",\"@id\":\"https:\/\/www.welovecycling.com\/es\/#\/schema\/person\/deb61715b5812698ee79fb96f343ccd4\",\"name\":\"We Love Cycling Spain\",\"image\":{\"@type\":\"ImageObject\",\"inLanguage\":\"es-ES\",\"@id\":\"https:\/\/www.welovecycling.com\/es\/#\/schema\/person\/image\/\",\"url\":\"https:\/\/secure.gravatar.com\/avatar\/c824b04e6df0e37a03219d0b6481672889df542894588964102459e46513159c?s=96&d=mm&r=g\",\"contentUrl\":\"https:\/\/secure.gravatar.com\/avatar\/c824b04e6df0e37a03219d0b6481672889df542894588964102459e46513159c?s=96&d=mm&r=g\",\"caption\":\"We Love Cycling Spain\"},\"url\":\"https:\/\/www.welovecycling.com\/es\/author\/amunoz\/\"}]}<\/script>\n<!-- \/ Yoast SEO Premium plugin. -->","yoast_head_json":{"title":"Maverick Vi\u00f1ales: \"En mi entrenamiento hay mucha bicicleta\"","description":"Maverick Vi\u00f1ales: \"En mi entrenamiento hay mucha bicicleta\". El piloto, embajador \u0160koda, nos cuenta como le fue la \u0160koda Titan Desert Almeria.","robots":{"index":"index","follow":"follow","max-snippet":"max-snippet:-1","max-image-preview":"max-image-preview:large","max-video-preview":"max-video-preview:-1"},"canonical":"https:\/\/www.welovecycling.com\/es\/2022\/11\/03\/maverick-vinales\/","og_locale":"es_ES","og_type":"article","og_title":"Maverick Vi\u00f1ales: \"En mi entrenamiento hay mucha bicicleta\"","og_description":"Maverick Vi\u00f1ales: \"En mi entrenamiento hay mucha bicicleta\". El piloto, embajador \u0160koda, nos cuenta como le fue la \u0160koda Titan Desert Almeria.","og_url":"https:\/\/www.welovecycling.com\/es\/2022\/11\/03\/maverick-vinales\/","og_site_name":"\u0160koda We Love Cycling - Spain","article_published_time":"2022-11-03T10:40:45+00:00","og_image":[{"width":990,"height":660,"url":"https:\/\/d2p6e6u75xmxt8.cloudfront.net\/6\/2022\/11\/Maverick-Vinales-CVR.webp","type":"image\/webp"}],"author":"We Love Cycling Spain","twitter_card":"summary_large_image","twitter_title":"Maverick Vi\u00f1ales: \"En mi entrenamiento hay mucha bicicleta\".","twitter_description":"Maverick Vi\u00f1ales: \"En mi entrenamiento hay mucha bicicleta\". El piloto, embajador \u0160koda, nos cuenta como le fue la \u0160koda Titan Desert Almeria.","twitter_misc":{"Written by":"Frantiska Blazkova","Est. reading time":"6"},"schema":{"@context":"https:\/\/schema.org","@graph":[{"@type":"WebPage","@id":"https:\/\/www.welovecycling.com\/es\/2022\/11\/03\/maverick-vinales\/","url":"https:\/\/www.welovecycling.com\/es\/2022\/11\/03\/maverick-vinales\/","name":"Maverick Vi\u00f1ales: \"En mi entrenamiento hay mucha bicicleta\"","isPartOf":{"@id":"https:\/\/www.welovecycling.com\/es\/#website"},"primaryImageOfPage":{"@id":"https:\/\/www.welovecycling.com\/es\/2022\/11\/03\/maverick-vinales\/#primaryimage"},"image":{"@id":"https:\/\/www.welovecycling.com\/es\/2022\/11\/03\/maverick-vinales\/#primaryimage"},"thumbnailUrl":"https:\/\/d2p6e6u75xmxt8.cloudfront.net\/6\/2022\/11\/Maverick-Vinales-CVR.webp","datePublished":"2022-11-03T10:40:45+00:00","author":{"@id":"https:\/\/www.welovecycling.com\/es\/#\/schema\/person\/deb61715b5812698ee79fb96f343ccd4"},"description":"Maverick Vi\u00f1ales: \"En mi entrenamiento hay mucha bicicleta\". El piloto, embajador \u0160koda, nos cuenta como le fue la \u0160koda Titan Desert Almeria.","breadcrumb":{"@id":"https:\/\/www.welovecycling.com\/es\/2022\/11\/03\/maverick-vinales\/#breadcrumb"},"inLanguage":"es-ES","potentialAction":[{"@type":"ReadAction","target":["https:\/\/www.welovecycling.com\/es\/2022\/11\/03\/maverick-vinales\/"]}]},{"@type":"ImageObject","inLanguage":"es-ES","@id":"https:\/\/www.welovecycling.com\/es\/2022\/11\/03\/maverick-vinales\/#primaryimage","url":"https:\/\/d2p6e6u75xmxt8.cloudfront.net\/6\/2022\/11\/Maverick-Vinales-CVR.webp","contentUrl":"https:\/\/d2p6e6u75xmxt8.cloudfront.net\/6\/2022\/11\/Maverick-Vinales-CVR.webp","width":990,"height":660},{"@type":"BreadcrumbList","@id":"https:\/\/www.welovecycling.com\/es\/2022\/11\/03\/maverick-vinales\/#breadcrumb","itemListElement":[{"@type":"ListItem","position":1,"name":"Home","item":"https:\/\/www.welovecycling.com\/es\/"},{"@type":"ListItem","position":2,"name":"Maverick Vi\u00f1ales: &#8220;En mi entrenamiento hay mucha bicicleta&#8221;"}]},{"@type":"WebSite","@id":"https:\/\/www.welovecycling.com\/es\/#website","url":"https:\/\/www.welovecycling.com\/es\/","name":"\u0160koda We Love Cycling - Spain","description":"\u0160koda WeLoveCycling Spain","potentialAction":[{"@type":"SearchAction","target":{"@type":"EntryPoint","urlTemplate":"https:\/\/www.welovecycling.com\/es\/?s={search_term_string}"},"query-input":{"@type":"PropertyValueSpecification","valueRequired":true,"valueName":"search_term_string"}}],"inLanguage":"es-ES"},{"@type":"Person","@id":"https:\/\/www.welovecycling.com\/es\/#\/schema\/person\/deb61715b5812698ee79fb96f343ccd4","name":"We Love Cycling Spain","image":{"@type":"ImageObject","inLanguage":"es-ES","@id":"https:\/\/www.welovecycling.com\/es\/#\/schema\/person\/image\/","url":"https:\/\/secure.gravatar.com\/avatar\/c824b04e6df0e37a03219d0b6481672889df542894588964102459e46513159c?s=96&d=mm&r=g","contentUrl":"https:\/\/secure.gravatar.com\/avatar\/c824b04e6df0e37a03219d0b6481672889df542894588964102459e46513159c?s=96&d=mm&r=g","caption":"We Love Cycling Spain"},"url":"https:\/\/www.welovecycling.com\/es\/author\/amunoz\/"}]}},"_links":{"self":[{"href":"https:\/\/www.welovecycling.com\/es\/wp-json\/wp\/v2\/posts\/9403","targetHints":{"allow":["GET"]}}],"collection":[{"href":"https:\/\/www.welovecycling.com\/es\/wp-json\/wp\/v2\/posts"}],"about":[{"href":"https:\/\/www.welovecycling.com\/es\/wp-json\/wp\/v2\/types\/post"}],"author":[{"embeddable":true,"href":"https:\/\/www.welovecycling.com\/es\/wp-json\/wp\/v2\/users\/29"}],"replies":[{"embeddable":true,"href":"https:\/\/www.welovecycling.com\/es\/wp-json\/wp\/v2\/comments?post=9403"}],"version-history":[{"count":1,"href":"https:\/\/www.welovecycling.com\/es\/wp-json\/wp\/v2\/posts\/9403\/revisions"}],"predecessor-version":[{"id":9407,"href":"https:\/\/www.welovecycling.com\/es\/wp-json\/wp\/v2\/posts\/9403\/revisions\/9407"}],"wp:featuredmedia":[{"embeddable":true,"href":"https:\/\/www.welovecycling.com\/es\/wp-json\/wp\/v2\/media\/9406"}],"wp:attachment":[{"href":"https:\/\/www.welovecycling.com\/es\/wp-json\/wp\/v2\/media?parent=9403"}],"wp:term":[{"taxonomy":"category","embeddable":true,"href":"https:\/\/www.welovecycling.com\/es\/wp-json\/wp\/v2\/categories?post=9403"},{"taxonomy":"post_tag","embeddable":true,"href":"https:\/\/www.welovecycling.com\/es\/wp-json\/wp\/v2\/tags?post=9403"},{"taxonomy":"global-categories","embeddable":true,"href":"https:\/\/www.welovecycling.com\/es\/wp-json\/wp\/v2\/global-categories?post=9403"}],"curies":[{"name":"wp","href":"https:\/\/api.w.org\/{rel}","templated":true}]}}