{"id":9383,"date":"2022-10-31T17:49:33","date_gmt":"2022-10-31T15:49:33","guid":{"rendered":"https:\/\/www.welovecycling.com\/es\/?p=9383"},"modified":"2022-10-27T18:03:01","modified_gmt":"2022-10-27T16:03:01","slug":"tres-mejores-escaladores","status":"publish","type":"post","link":"https:\/\/www.welovecycling.com\/es\/2022\/10\/31\/tres-mejores-escaladores\/","title":{"rendered":"OPINION: Los tres mejores escaladores de todos los tiempos"},"content":{"rendered":"<p><strong>Desde que la monta\u00f1a se introdujo por primera vez en el Tour de Francia en lo que s\u00f3lo puede describirse como un intento de asesinato, los escaladores han sido elevados en la comunidad ciclista como una especie de semidioses. Aunque todas las disciplinas de una carrera ciclista son emocionantes, y los mejores son siempre venerados por sus habilidades, cuando se trata de escaladores, no hay m\u00e1s que asombro. Aqu\u00ed tienes los que son, para mi, los tres mejores escaladores de la historia.<\/strong><br \/>\n<!--more--><\/p>\n<p>Ninguna otra disciplina requiere tanta potencia bruta, resistencia y determinaci\u00f3n como subir una pendiente del 20% a 20 km\/h. Y aunque nos encanta ver a Poga\u010dar, Contador o Richard Virenque, su innegable talento y sus resultados no pueden compararse con el dominio total que algunos otros corredores establecieron en las monta\u00f1as en los d\u00edas dorados del ciclismo. Aunque al menos 20 personas merecen ser mencionadas cuando hablamos de grandes escaladores, hemos decidido darte el top 3 de los mejores Reyes de la monta\u00f1a que ha visto el mundo.<\/p>\n<h2><strong>3. Charlie Gaul<\/strong><\/h2>\n<p>Hab\u00eda mucha gente que podr\u00eda haber estado en este tercer puesto. Gino Bartali, Fausto Coppi, Luise Herrera, Julio Jim\u00e9nez, Marco Pantani por mencionar algunos. Sin embargo, la leyenda del \u00c1ngel de las Tormentas inclin\u00f3 la balanza a favor de Charlie Gaul. El genial ciclista podr\u00eda haber estado mucho m\u00e1s arriba en esta lista si no fuera por su terrible comportamiento, a menudo francamente altanero.<\/p>\n<figure id=\"attachment_9385\" aria-describedby=\"caption-attachment-9385\" style=\"width: 990px\" class=\"wp-caption alignnone\"><a href=\"https:\/\/d2p6e6u75xmxt8.cloudfront.net\/6\/2022\/10\/Charly-Gaul-profimedia-0286572150-CVR.webp\"><img loading=\"lazy\" decoding=\"async\" class=\"wp-image-9385 size-full\" src=\"https:\/\/d2p6e6u75xmxt8.cloudfront.net\/6\/2022\/10\/Charly-Gaul-profimedia-0286572150-CVR.webp\" alt=\"Charly Gaul\" width=\"990\" height=\"660\" srcset=\"https:\/\/d2p6e6u75xmxt8.cloudfront.net\/6\/2022\/10\/Charly-Gaul-profimedia-0286572150-CVR.webp 990w, https:\/\/d2p6e6u75xmxt8.cloudfront.net\/6\/2022\/10\/Charly-Gaul-profimedia-0286572150-CVR-300x200.webp 300w, https:\/\/d2p6e6u75xmxt8.cloudfront.net\/6\/2022\/10\/Charly-Gaul-profimedia-0286572150-CVR-768x512.webp 768w, https:\/\/d2p6e6u75xmxt8.cloudfront.net\/6\/2022\/10\/Charly-Gaul-profimedia-0286572150-CVR-272x182.webp 272w\" sizes=\"auto, (max-width: 990px) 100vw, 990px\" \/><\/a><figcaption id=\"caption-attachment-9385\" class=\"wp-caption-text\">\u00a9 Profimedia<\/figcaption><\/figure>\n<p>S\u00ed, Gaul no era un hombre agradable ni mucho menos, pero ya sea por su odio o por su ardiente deseo de avanzar, era una aut\u00e9ntica locomotora sobre la bicicleta. La mejor muestra de su poder\u00edo fue en el Tour de Francia de 1958, cuando revel\u00f3 su t\u00e1ctica a sus competidores y aun as\u00ed logr\u00f3 pasar volando por encima de ellos y conseguir una impresionante victoria, que lo consolid\u00f3 como uno de los mejores escaladores de la historia. Con su pasi\u00f3n y su fuerza bruta, Gaul recibi\u00f3 r\u00e1pidamente el apodo de &#8220;\u00c1ngel de la Monta\u00f1a&#8221; y continu\u00f3 haciendo llorar a otros corredores cada vez que una gran vuelta llegaba a las monta\u00f1as.<\/p>\n<p>A lo largo de su carrera, Galia gan\u00f3 una clasificaci\u00f3n general en el Tour de Francia y dos veces en el Giro de Italia. Adem\u00e1s, fue cuatro veces como Rey de la Monta\u00f1a (dos veces en el Tour de Francia y otras dos en el Giro). El luxemburgu\u00e9s tambi\u00e9n gan\u00f3 10 etapas en el Tour y 11 en el Giro de Italia. Si no fuera por su horrible temperamento, probablemente habr\u00eda ganado varias veces m\u00e1s, pero su incapacidad para llevarse bien con sus compa\u00f1eros le empuj\u00f3 a estar siempre en un equipo con poca o ninguna ayuda de sus compa\u00f1eros. Aun as\u00ed, Gaul sigue siendo uno de los escaladores m\u00e1s impresionantes de la historia del ciclismo.<\/p>\n<h2><strong>2. Federico Mart\u00edn Bahamontes<\/strong><\/h2>\n<p>El apodo de &#8220;El \u00c1guila de Toledo&#8221; deber\u00eda decir mucho sobre el talento, las habilidades y la velocidad de Federico Mart\u00edn Bahamontes. A d\u00eda de hoy, sigue siendo uno de los escaladores m\u00e1s populares y condecorados de la historia. Corri\u00f3 en una \u00e9poca en la que si no eras grande, pr\u00e1cticamente no eras nadie. En su \u00e9poca, tuvo que enfrentarse a Charly Gaul, al que quiz\u00e1 recuerdes de nuestra anterior entrada. Bahamontes no s\u00f3lo le hizo la competencia, sino que finalmente el espa\u00f1ol venci\u00f3 a Gaul en 1959 para conseguir su primer y \u00fanico Tour de Francia.<\/p>\n<figure id=\"attachment_9387\" aria-describedby=\"caption-attachment-9387\" style=\"width: 1250px\" class=\"wp-caption alignnone\"><a href=\"https:\/\/d2p6e6u75xmxt8.cloudfront.net\/6\/2022\/10\/profimedia-0287277709.webp\"><img loading=\"lazy\" decoding=\"async\" class=\"wp-image-9387 size-full\" src=\"https:\/\/d2p6e6u75xmxt8.cloudfront.net\/6\/2022\/10\/profimedia-0287277709.webp\" alt=\"Federico Bahamontes\" width=\"1250\" height=\"833\" srcset=\"https:\/\/d2p6e6u75xmxt8.cloudfront.net\/6\/2022\/10\/profimedia-0287277709.webp 1250w, https:\/\/d2p6e6u75xmxt8.cloudfront.net\/6\/2022\/10\/profimedia-0287277709-300x200.webp 300w, https:\/\/d2p6e6u75xmxt8.cloudfront.net\/6\/2022\/10\/profimedia-0287277709-1024x682.webp 1024w, https:\/\/d2p6e6u75xmxt8.cloudfront.net\/6\/2022\/10\/profimedia-0287277709-768x512.webp 768w, https:\/\/d2p6e6u75xmxt8.cloudfront.net\/6\/2022\/10\/profimedia-0287277709-272x182.webp 272w\" sizes=\"auto, (max-width: 1250px) 100vw, 1250px\" \/><\/a><figcaption id=\"caption-attachment-9387\" class=\"wp-caption-text\">Federico Bahamontes gan\u00f3 el Tour del 59. \u00a9 Profimedia<\/figcaption><\/figure>\n<p>&nbsp;<\/p>\n<p>Como escalador, <a href=\"https:\/\/www.welovecycling.com\/es\/2018\/07\/09\/el-valle-del-tour\/\">Bahamontes<\/a> fue simplemente brillante. Gan\u00f3 la Clasificaci\u00f3n de la Monta\u00f1a siete veces y obtuvo otras tantas victorias de etapa. Adem\u00e1s, se convirti\u00f3 una vez en el rey de la monta\u00f1a en el Giro de Italia y dos veces en la Vuelta a Espa\u00f1a.<\/p>\n<p>Mientras Gaul se apoyaba en su potencia y fuerza bruta, el \u00c1guila de Toledo transformaba la escalada en una forma de arte. Bahamontes inspir\u00f3 a generaciones de ciclistas que dedicaron su vida a alcanzar el estatus de Dios del espa\u00f1ol. Sin embargo, s\u00f3lo uno consigui\u00f3 ser a\u00fan m\u00e1s grande, y su nombre es&#8230;<\/p>\n<h2><strong>1. Lucien Van Impe<\/strong><\/h2>\n<p>Lucien Van Impe creci\u00f3 viendo a Gauly Bahamontes batirse en las etapas de monta\u00f1a del Tour de Francia. Al ser belga, una tierra tan plana como un plato, <a href=\"http:\/\/www.sitiodeciclismo.net\/coureurfiche.php?coureurid=7754\">Van Impe<\/a> ten\u00eda un importante h\u00e1ndicap en su sue\u00f1o de llegar a ser tan grande como sus \u00eddolos. Sin embargo, con la motivaci\u00f3n adecuada, todo es posible.<\/p>\n<p>Lucien era simplemente impresionante como ciclista. Era una fuerza a tener en cuenta, una potencia. Van Impe complet\u00f3 el Tour de Francia 15 veces en sus 21 a\u00f1os de carrera. Adem\u00e1s, termin\u00f3 entre los cinco primeros de la prueba ciclista m\u00e1s grande ocho veces. Adem\u00e1s, Van Impe gan\u00f3 un Tour y fue\u00a0 seis veces el Rey de la Monta\u00f1a. Para rematar su asombrosa biograf\u00eda, consigui\u00f3 9 victorias de etapa, dos veces se convirti\u00f3 en el ganador de la clasificaci\u00f3n de la monta\u00f1a en el Giro de Italia y en 1983, hacia el final de su larga y pr\u00f3diga carrera, Van Impe fue hasta campe\u00f3n nacional de B\u00e9lgica.<\/p>\n<figure id=\"attachment_9388\" aria-describedby=\"caption-attachment-9388\" style=\"width: 1250px\" class=\"wp-caption alignnone\"><a href=\"https:\/\/d2p6e6u75xmxt8.cloudfront.net\/6\/2022\/10\/profimedia-0335399619.webp\"><img loading=\"lazy\" decoding=\"async\" class=\"wp-image-9388 size-full\" src=\"https:\/\/d2p6e6u75xmxt8.cloudfront.net\/6\/2022\/10\/profimedia-0335399619.webp\" alt=\"Lucien van Impe\" width=\"1250\" height=\"833\" srcset=\"https:\/\/d2p6e6u75xmxt8.cloudfront.net\/6\/2022\/10\/profimedia-0335399619.webp 1250w, https:\/\/d2p6e6u75xmxt8.cloudfront.net\/6\/2022\/10\/profimedia-0335399619-300x200.webp 300w, https:\/\/d2p6e6u75xmxt8.cloudfront.net\/6\/2022\/10\/profimedia-0335399619-1024x682.webp 1024w, https:\/\/d2p6e6u75xmxt8.cloudfront.net\/6\/2022\/10\/profimedia-0335399619-768x512.webp 768w, https:\/\/d2p6e6u75xmxt8.cloudfront.net\/6\/2022\/10\/profimedia-0335399619-272x182.webp 272w\" sizes=\"auto, (max-width: 1250px) 100vw, 1250px\" \/><\/a><figcaption id=\"caption-attachment-9388\" class=\"wp-caption-text\">Lucien Van Impe y Eddy Merckx fotografiados mientras Bpost presenta los nuevos sellos de la serie &#8220;B\u00e9lgica se vuelve amarilla, los diez ganadores del Tour belga&#8221; en la imprenta de sellos postales de Malinas, el mi\u00e9rcoles 07 de junio de 2017.. \u00a9 Profimedia \/ BELGA PHOTO LAURIE DIEFFEMBACQ<\/figcaption><\/figure>\n<p>El movimiento caracter\u00edstico de Van Impe era atacar todas las etapas de monta\u00f1a para ganar un tiempo significativo sobre sus competidores. Esto le llev\u00f3 a menudo a hacer muchos kil\u00f3metros en solitario. S\u00f3lo las alucinantes actuaciones de Eddy Merckx y Bernard Hinault en las contrarrelojes individuales no permitieron a Van Impe conseguir m\u00e1s de una victoria en la general del Tour.<\/p>\n<p>Lucien Van Impe se convirti\u00f3 en sin\u00f3nimo del maillot de puntos al dominar no una sino dos generaciones de ciclistas. Sigue siendo el escalador m\u00e1s respetado, conocido y querido por la comunidad ciclista y, sin duda, es una inspiraci\u00f3n para las cabras montesas de todo el mundo.<\/p>\n<p>La joven generaci\u00f3n de escaladores de hoy en d\u00eda tiene ciertamente una proverbial monta\u00f1a que conquistar si quiere cimentar sus nombres junto a los m\u00e1s grandes de la edad de oro del ciclismo. Aun as\u00ed, no falta talento, por lo que esperamos ver al menos un rey de la monta\u00f1a realmente inspirador en esta generaci\u00f3n. Te estamos mirando a ti, Poga\u010dar.<\/p>\n","protected":false},"excerpt":{"rendered":"<p>Desde que la monta\u00f1a se introdujo por primera vez en el Tour de Francia en lo que s\u00f3lo puede describirse [&hellip;]<\/p>\n","protected":false},"author":29,"featured_media":9390,"comment_status":"open","ping_status":"open","sticky":false,"template":"","format":"standard","meta":{"footnotes":""},"categories":[7],"tags":[],"global-categories":[],"class_list":["post-9383","post","type-post","status-publish","format-standard","has-post-thumbnail","hentry","category-carretera"],"yoast_head":"<!-- This site is optimized with the Yoast SEO Premium plugin v25.3 (Yoast SEO v25.9) - https:\/\/yoast.com\/wordpress\/plugins\/seo\/ -->\n<title>OPINION: Los tres mejores escaladores de todos los tiempos<\/title>\n<meta name=\"description\" content=\"Los tres mejores escaladores de la historia. De Charlie Gaul a Lucien Van Impe pasando por Federico Mart\u00edn Bahamontes.\" \/>\n<meta name=\"robots\" content=\"index, follow, max-snippet:-1, max-image-preview:large, max-video-preview:-1\" \/>\n<link rel=\"canonical\" href=\"https:\/\/www.welovecycling.com\/es\/2022\/10\/31\/tres-mejores-escaladores\/\" \/>\n<meta property=\"og:locale\" content=\"es_ES\" \/>\n<meta property=\"og:type\" content=\"article\" \/>\n<meta property=\"og:title\" content=\"Los tres mejores escaladores de la historia\" \/>\n<meta property=\"og:description\" content=\"Los tres mejores escaladores de la historia. De Charlie Gaul a Lucien Van Impe pasando por Federico Mart\u00edn Bahamontes.\" \/>\n<meta property=\"og:url\" content=\"https:\/\/www.welovecycling.com\/es\/2022\/10\/31\/tres-mejores-escaladores\/\" \/>\n<meta property=\"og:site_name\" content=\"\u0160koda We Love Cycling - Spain\" \/>\n<meta property=\"article:published_time\" content=\"2022-10-31T15:49:33+00:00\" \/>\n<meta name=\"author\" content=\"We Love Cycling Spain\" \/>\n<meta name=\"twitter:card\" content=\"summary_large_image\" \/>\n<meta name=\"twitter:title\" content=\"Los tres mejores escaladores de la historia\" \/>\n<meta name=\"twitter:description\" content=\"Los tres mejores escaladores de la historia. De Charlie Gaul a Lucien Van Impe pasando por Federico Mart\u00edn Bahamontes.\" \/>\n<meta name=\"twitter:image\" content=\"https:\/\/d2p6e6u75xmxt8.cloudfront.net\/6\/2022\/10\/Charly-Gaul-CVR-profimedia-0068243308.webp\" \/>\n<meta name=\"twitter:label1\" content=\"Written by\" \/>\n\t<meta name=\"twitter:data1\" content=\"Martin Atanasov\" \/>\n\t<meta name=\"twitter:label2\" content=\"Est. reading time\" \/>\n\t<meta name=\"twitter:data2\" content=\"5\" \/>\n<script type=\"application\/ld+json\" class=\"yoast-schema-graph\">{\"@context\":\"https:\/\/schema.org\",\"@graph\":[{\"@type\":\"WebPage\",\"@id\":\"https:\/\/www.welovecycling.com\/es\/2022\/10\/31\/tres-mejores-escaladores\/\",\"url\":\"https:\/\/www.welovecycling.com\/es\/2022\/10\/31\/tres-mejores-escaladores\/\",\"name\":\"OPINION: Los tres mejores escaladores de todos los tiempos\",\"isPartOf\":{\"@id\":\"https:\/\/www.welovecycling.com\/es\/#website\"},\"primaryImageOfPage\":{\"@id\":\"https:\/\/www.welovecycling.com\/es\/2022\/10\/31\/tres-mejores-escaladores\/#primaryimage\"},\"image\":{\"@id\":\"https:\/\/www.welovecycling.com\/es\/2022\/10\/31\/tres-mejores-escaladores\/#primaryimage\"},\"thumbnailUrl\":\"https:\/\/d2p6e6u75xmxt8.cloudfront.net\/6\/2022\/10\/Charly-Gaul-CVR-profimedia-0068243308.webp\",\"datePublished\":\"2022-10-31T15:49:33+00:00\",\"author\":{\"@id\":\"https:\/\/www.welovecycling.com\/es\/#\/schema\/person\/deb61715b5812698ee79fb96f343ccd4\"},\"description\":\"Los tres mejores escaladores de la historia. De Charlie Gaul a Lucien Van Impe pasando por Federico Mart\u00edn Bahamontes.\",\"breadcrumb\":{\"@id\":\"https:\/\/www.welovecycling.com\/es\/2022\/10\/31\/tres-mejores-escaladores\/#breadcrumb\"},\"inLanguage\":\"es-ES\",\"potentialAction\":[{\"@type\":\"ReadAction\",\"target\":[\"https:\/\/www.welovecycling.com\/es\/2022\/10\/31\/tres-mejores-escaladores\/\"]}]},{\"@type\":\"ImageObject\",\"inLanguage\":\"es-ES\",\"@id\":\"https:\/\/www.welovecycling.com\/es\/2022\/10\/31\/tres-mejores-escaladores\/#primaryimage\",\"url\":\"https:\/\/d2p6e6u75xmxt8.cloudfront.net\/6\/2022\/10\/Charly-Gaul-CVR-profimedia-0068243308.webp\",\"contentUrl\":\"https:\/\/d2p6e6u75xmxt8.cloudfront.net\/6\/2022\/10\/Charly-Gaul-CVR-profimedia-0068243308.webp\",\"width\":990,\"height\":660},{\"@type\":\"BreadcrumbList\",\"@id\":\"https:\/\/www.welovecycling.com\/es\/2022\/10\/31\/tres-mejores-escaladores\/#breadcrumb\",\"itemListElement\":[{\"@type\":\"ListItem\",\"position\":1,\"name\":\"Home\",\"item\":\"https:\/\/www.welovecycling.com\/es\/\"},{\"@type\":\"ListItem\",\"position\":2,\"name\":\"OPINION: Los tres mejores escaladores de todos los tiempos\"}]},{\"@type\":\"WebSite\",\"@id\":\"https:\/\/www.welovecycling.com\/es\/#website\",\"url\":\"https:\/\/www.welovecycling.com\/es\/\",\"name\":\"\u0160koda We Love Cycling - Spain\",\"description\":\"\u0160koda WeLoveCycling Spain\",\"potentialAction\":[{\"@type\":\"SearchAction\",\"target\":{\"@type\":\"EntryPoint\",\"urlTemplate\":\"https:\/\/www.welovecycling.com\/es\/?s={search_term_string}\"},\"query-input\":{\"@type\":\"PropertyValueSpecification\",\"valueRequired\":true,\"valueName\":\"search_term_string\"}}],\"inLanguage\":\"es-ES\"},{\"@type\":\"Person\",\"@id\":\"https:\/\/www.welovecycling.com\/es\/#\/schema\/person\/deb61715b5812698ee79fb96f343ccd4\",\"name\":\"We Love Cycling Spain\",\"image\":{\"@type\":\"ImageObject\",\"inLanguage\":\"es-ES\",\"@id\":\"https:\/\/www.welovecycling.com\/es\/#\/schema\/person\/image\/\",\"url\":\"https:\/\/secure.gravatar.com\/avatar\/c824b04e6df0e37a03219d0b6481672889df542894588964102459e46513159c?s=96&d=mm&r=g\",\"contentUrl\":\"https:\/\/secure.gravatar.com\/avatar\/c824b04e6df0e37a03219d0b6481672889df542894588964102459e46513159c?s=96&d=mm&r=g\",\"caption\":\"We Love Cycling Spain\"},\"url\":\"https:\/\/www.welovecycling.com\/es\/author\/amunoz\/\"}]}<\/script>\n<!-- \/ Yoast SEO Premium plugin. -->","yoast_head_json":{"title":"OPINION: Los tres mejores escaladores de todos los tiempos","description":"Los tres mejores escaladores de la historia. De Charlie Gaul a Lucien Van Impe pasando por Federico Mart\u00edn Bahamontes.","robots":{"index":"index","follow":"follow","max-snippet":"max-snippet:-1","max-image-preview":"max-image-preview:large","max-video-preview":"max-video-preview:-1"},"canonical":"https:\/\/www.welovecycling.com\/es\/2022\/10\/31\/tres-mejores-escaladores\/","og_locale":"es_ES","og_type":"article","og_title":"Los tres mejores escaladores de la historia","og_description":"Los tres mejores escaladores de la historia. De Charlie Gaul a Lucien Van Impe pasando por Federico Mart\u00edn Bahamontes.","og_url":"https:\/\/www.welovecycling.com\/es\/2022\/10\/31\/tres-mejores-escaladores\/","og_site_name":"\u0160koda We Love Cycling - Spain","article_published_time":"2022-10-31T15:49:33+00:00","author":"We Love Cycling Spain","twitter_card":"summary_large_image","twitter_title":"Los tres mejores escaladores de la historia","twitter_description":"Los tres mejores escaladores de la historia. De Charlie Gaul a Lucien Van Impe pasando por Federico Mart\u00edn Bahamontes.","twitter_image":"https:\/\/d2p6e6u75xmxt8.cloudfront.net\/6\/2022\/10\/Charly-Gaul-CVR-profimedia-0068243308.webp","twitter_misc":{"Written by":"Martin Atanasov","Est. reading time":"5"},"schema":{"@context":"https:\/\/schema.org","@graph":[{"@type":"WebPage","@id":"https:\/\/www.welovecycling.com\/es\/2022\/10\/31\/tres-mejores-escaladores\/","url":"https:\/\/www.welovecycling.com\/es\/2022\/10\/31\/tres-mejores-escaladores\/","name":"OPINION: Los tres mejores escaladores de todos los tiempos","isPartOf":{"@id":"https:\/\/www.welovecycling.com\/es\/#website"},"primaryImageOfPage":{"@id":"https:\/\/www.welovecycling.com\/es\/2022\/10\/31\/tres-mejores-escaladores\/#primaryimage"},"image":{"@id":"https:\/\/www.welovecycling.com\/es\/2022\/10\/31\/tres-mejores-escaladores\/#primaryimage"},"thumbnailUrl":"https:\/\/d2p6e6u75xmxt8.cloudfront.net\/6\/2022\/10\/Charly-Gaul-CVR-profimedia-0068243308.webp","datePublished":"2022-10-31T15:49:33+00:00","author":{"@id":"https:\/\/www.welovecycling.com\/es\/#\/schema\/person\/deb61715b5812698ee79fb96f343ccd4"},"description":"Los tres mejores escaladores de la historia. De Charlie Gaul a Lucien Van Impe pasando por Federico Mart\u00edn Bahamontes.","breadcrumb":{"@id":"https:\/\/www.welovecycling.com\/es\/2022\/10\/31\/tres-mejores-escaladores\/#breadcrumb"},"inLanguage":"es-ES","potentialAction":[{"@type":"ReadAction","target":["https:\/\/www.welovecycling.com\/es\/2022\/10\/31\/tres-mejores-escaladores\/"]}]},{"@type":"ImageObject","inLanguage":"es-ES","@id":"https:\/\/www.welovecycling.com\/es\/2022\/10\/31\/tres-mejores-escaladores\/#primaryimage","url":"https:\/\/d2p6e6u75xmxt8.cloudfront.net\/6\/2022\/10\/Charly-Gaul-CVR-profimedia-0068243308.webp","contentUrl":"https:\/\/d2p6e6u75xmxt8.cloudfront.net\/6\/2022\/10\/Charly-Gaul-CVR-profimedia-0068243308.webp","width":990,"height":660},{"@type":"BreadcrumbList","@id":"https:\/\/www.welovecycling.com\/es\/2022\/10\/31\/tres-mejores-escaladores\/#breadcrumb","itemListElement":[{"@type":"ListItem","position":1,"name":"Home","item":"https:\/\/www.welovecycling.com\/es\/"},{"@type":"ListItem","position":2,"name":"OPINION: Los tres mejores escaladores de todos los tiempos"}]},{"@type":"WebSite","@id":"https:\/\/www.welovecycling.com\/es\/#website","url":"https:\/\/www.welovecycling.com\/es\/","name":"\u0160koda We Love Cycling - Spain","description":"\u0160koda WeLoveCycling Spain","potentialAction":[{"@type":"SearchAction","target":{"@type":"EntryPoint","urlTemplate":"https:\/\/www.welovecycling.com\/es\/?s={search_term_string}"},"query-input":{"@type":"PropertyValueSpecification","valueRequired":true,"valueName":"search_term_string"}}],"inLanguage":"es-ES"},{"@type":"Person","@id":"https:\/\/www.welovecycling.com\/es\/#\/schema\/person\/deb61715b5812698ee79fb96f343ccd4","name":"We Love Cycling Spain","image":{"@type":"ImageObject","inLanguage":"es-ES","@id":"https:\/\/www.welovecycling.com\/es\/#\/schema\/person\/image\/","url":"https:\/\/secure.gravatar.com\/avatar\/c824b04e6df0e37a03219d0b6481672889df542894588964102459e46513159c?s=96&d=mm&r=g","contentUrl":"https:\/\/secure.gravatar.com\/avatar\/c824b04e6df0e37a03219d0b6481672889df542894588964102459e46513159c?s=96&d=mm&r=g","caption":"We Love Cycling Spain"},"url":"https:\/\/www.welovecycling.com\/es\/author\/amunoz\/"}]}},"_links":{"self":[{"href":"https:\/\/www.welovecycling.com\/es\/wp-json\/wp\/v2\/posts\/9383","targetHints":{"allow":["GET"]}}],"collection":[{"href":"https:\/\/www.welovecycling.com\/es\/wp-json\/wp\/v2\/posts"}],"about":[{"href":"https:\/\/www.welovecycling.com\/es\/wp-json\/wp\/v2\/types\/post"}],"author":[{"embeddable":true,"href":"https:\/\/www.welovecycling.com\/es\/wp-json\/wp\/v2\/users\/29"}],"replies":[{"embeddable":true,"href":"https:\/\/www.welovecycling.com\/es\/wp-json\/wp\/v2\/comments?post=9383"}],"version-history":[{"count":2,"href":"https:\/\/www.welovecycling.com\/es\/wp-json\/wp\/v2\/posts\/9383\/revisions"}],"predecessor-version":[{"id":9393,"href":"https:\/\/www.welovecycling.com\/es\/wp-json\/wp\/v2\/posts\/9383\/revisions\/9393"}],"wp:featuredmedia":[{"embeddable":true,"href":"https:\/\/www.welovecycling.com\/es\/wp-json\/wp\/v2\/media\/9390"}],"wp:attachment":[{"href":"https:\/\/www.welovecycling.com\/es\/wp-json\/wp\/v2\/media?parent=9383"}],"wp:term":[{"taxonomy":"category","embeddable":true,"href":"https:\/\/www.welovecycling.com\/es\/wp-json\/wp\/v2\/categories?post=9383"},{"taxonomy":"post_tag","embeddable":true,"href":"https:\/\/www.welovecycling.com\/es\/wp-json\/wp\/v2\/tags?post=9383"},{"taxonomy":"global-categories","embeddable":true,"href":"https:\/\/www.welovecycling.com\/es\/wp-json\/wp\/v2\/global-categories?post=9383"}],"curies":[{"name":"wp","href":"https:\/\/api.w.org\/{rel}","templated":true}]}}