{"id":9351,"date":"2022-10-21T12:08:19","date_gmt":"2022-10-21T10:08:19","guid":{"rendered":"https:\/\/www.welovecycling.com\/es\/?p=9351"},"modified":"2022-10-19T12:28:29","modified_gmt":"2022-10-19T10:28:29","slug":"tecnica-de-pedaleo","status":"publish","type":"post","link":"https:\/\/www.welovecycling.com\/es\/2022\/10\/21\/tecnica-de-pedaleo\/","title":{"rendered":"Mejora de la t\u00e9cnica de pedaleo"},"content":{"rendered":"<p><strong>Mejorar la econom\u00eda de la bicicleta significa ir m\u00e1s r\u00e1pido con menos esfuerzo. Es el sue\u00f1o de todo ciclista. Hay muchas maneras de mejorar tu econom\u00eda. La \u00faltima vez hablamos de los beneficios que puedes obtener al mejorar la posici\u00f3n de la bicicleta y el mantenimiento mec\u00e1nico. Ahora es el momento de analizar la t\u00e9cnica de pedaleo y el entrenamiento en s\u00ed.<\/strong><\/p>\n<p><!--more--><\/p>\n<h2><strong>Mas pedaleos de baja intensidad<\/strong><\/h2>\n<p>Hay dos tipos de fibras musculares. Las fibras musculares de contracci\u00f3n r\u00e1pida son potentes y te permiten esprintar y levantar peso. Se cansan r\u00e1pidamente y no son muy econ\u00f3micas en el uso de la energ\u00eda. Las fibras de contracci\u00f3n lenta son casi lo contrario, no son muy potentes, pero son econ\u00f3micas: te permiten rodar durante mucho tiempo. Esto significa que al realizar muchos entrenamientos a baja intensidad se entrenan las<a href=\"https:\/\/www.acefitness.org\/resources\/pros\/expert-articles\/5714\/muscle-fiber-types-fast-twitch-vs-slow-twitch\/#:~:text=Slow%2Dtwitch%20fibers%20are%20also,a%20significant%20amount%20of%20force.\"> fibras musculares de contracci\u00f3n lenta<\/a>, lo que mejora la econom\u00eda del ciclismo.<\/p>\n<p>Si dispones de tiempo extra, una de las formas de mejorar tu econom\u00eda es simplemente aumentar su volumen de entrenamiento. La buena noticia es que, a diferencia del VO2 Max, que disminuye con la edad, la econom\u00eda puede seguir mejorando incluso a medida que se envejece, siempre que se dedique m\u00e1s tiempo a entrenar a intensidades m\u00e1s bajas y se aumente el volumen de entrenamiento.<\/p>\n<h2><strong>Mejorar la t\u00e9cnica<\/strong><\/h2>\n<p>Seamos sinceros, los entusiastas del ciclismo no se contienen cuando se trata de <a href=\"https:\/\/www.welovecycling.com\/es\/2021\/12\/02\/horas-semana-entrenan-ciclistas-profesionales\/\">volumen de entrenamiento<\/a>. Nos encanta ir en bicicleta cada vez que podemos. Por lo tanto, el consejo de pedalear m\u00e1s no es muy \u00fatil a menos que el ciclismo sea tu trabajo. Afortunadamente, todos podemos mejorar nuestra t\u00e9cnica de pedaleo y resulta que la t\u00e9cnica puede tener un gran impacto en la econom\u00eda del ciclismo. Todo lo que haces sobre la bicicleta cuesta ox\u00edgeno. Si est\u00e1s desequilibrado, tenso y te mueves demasiado de un lado a otro, est\u00e1s gastando ox\u00edgeno extra en cosas que no te hacen ir m\u00e1s r\u00e1pido.<\/p>\n<figure id=\"attachment_7277\" aria-describedby=\"caption-attachment-7277\" style=\"width: 1250px\" class=\"wp-caption alignnone\"><a href=\"https:\/\/d2p6e6u75xmxt8.cloudfront.net\/6\/2021\/02\/Cycling-Training-profimedia-0374728363.jpg\"><img loading=\"lazy\" decoding=\"async\" class=\"wp-image-7277 size-full\" src=\"https:\/\/d2p6e6u75xmxt8.cloudfront.net\/6\/2021\/02\/Cycling-Training-profimedia-0374728363.jpg\" alt=\"Cycling Training\" width=\"1250\" height=\"833\" srcset=\"https:\/\/d2p6e6u75xmxt8.cloudfront.net\/6\/2021\/02\/Cycling-Training-profimedia-0374728363.jpg 1250w, https:\/\/d2p6e6u75xmxt8.cloudfront.net\/6\/2021\/02\/Cycling-Training-profimedia-0374728363-300x200.jpg 300w, https:\/\/d2p6e6u75xmxt8.cloudfront.net\/6\/2021\/02\/Cycling-Training-profimedia-0374728363-1024x682.jpg 1024w, https:\/\/d2p6e6u75xmxt8.cloudfront.net\/6\/2021\/02\/Cycling-Training-profimedia-0374728363-768x512.jpg 768w, https:\/\/d2p6e6u75xmxt8.cloudfront.net\/6\/2021\/02\/Cycling-Training-profimedia-0374728363-272x182.jpg 272w\" sizes=\"auto, (max-width: 1250px) 100vw, 1250px\" \/><\/a><figcaption id=\"caption-attachment-7277\" class=\"wp-caption-text\">La econom\u00eda del ciclismo es importante para determinar el rendimiento. \u00a9 Richard Johnson \/ Caia Image \/ Profimedia<\/figcaption><\/figure>\n<h2><strong><br \/>\nRelajar el cuerpo<\/strong><\/h2>\n<p>Lo primero que todo el mundo puede empezar a trabajar es la tensi\u00f3n. Es muy f\u00e1cil tensar todo el cuerpo cuando se est\u00e1 pisando fuerte los pedales. Por desgracia, cada m\u00fasculo que mantiene la tensi\u00f3n te est\u00e1 costando ox\u00edgeno. Esos hombros tensos, la mand\u00edbula y un agarre de muerte en el manillar simplemente no est\u00e1n ayudando. Relajar los m\u00fasculos que no necesitan estar tensos disminuye el consumo de ox\u00edgeno y mejora tu econom\u00eda. Puedes probar a poner una pegatina en el manillar para &#8220;relajar los hombros&#8221;. Si te lo recuerdas a ti mismo con la suficiente frecuencia, se convertir\u00e1 en algo natural rodar m\u00e1s relajado.<\/p>\n<h2><strong>Afina el golpe de pedal<\/strong><\/h2>\n<p>El movimiento de pedaleo no es un movimiento natural para las piernas humanas. Hemos evolucionado para caminar, correr y saltar, no para girar las piernas en c\u00edrculos. Hay que tenerlo en cuenta a la hora de aprender la t\u00e9cnica de pedaleo m\u00e1s eficiente. La mejora de la econom\u00eda de pedaleo se reduce a lo que ocurre en la parte superior del golpe de pedal. La mayor\u00eda de los ciclistas comienzan a aplicar la presi\u00f3n desde la posici\u00f3n de la 1 hasta la de las 5. El truco est\u00e1 en levantar el pedaleo y hacer que sea m\u00e1s f\u00e1cil. Consiste en empezar a pedalear antes para evitar una ca\u00edda del par motor. A continuaci\u00f3n, tres cosas que debes tener en cuenta cuando intentes optimizar tu t\u00e9cnica de pedaleo.<\/p>\n<p>Comienza el golpe de pedal temprano, en torno a la posici\u00f3n de las 11 horas y conc\u00e9ntrate en generar fuerza hasta la posici\u00f3n de las 5 horas aproximadamente.<br \/>\nNo intentes aplicar la fuerza en la parte inferior del golpe de pedal. Esto pone en peligro los flexores de la cadera y no genera mucha potencia adicional.<br \/>\nTampoco te centres demasiado en tirar con las piernas. Esto tambi\u00e9n podr\u00eda da\u00f1ar los flexores de la cadera y no a\u00f1adir\u00e1 vatios significativos a tu rendimiento.<\/p>\n<p>Hay una forma m\u00e1s de mejorar la econom\u00eda del ciclismo sin a\u00f1adir m\u00e1s recorridos ni centrarse en la t\u00e9cnica. Lo veremos la pr\u00f3xima vez.<\/p>\n","protected":false},"excerpt":{"rendered":"<p>Mejorar la econom\u00eda de la bicicleta significa ir m\u00e1s r\u00e1pido con menos esfuerzo. Es el sue\u00f1o de todo ciclista. Hay [&hellip;]<\/p>\n","protected":false},"author":29,"featured_media":9358,"comment_status":"open","ping_status":"open","sticky":false,"template":"","format":"standard","meta":{"footnotes":""},"categories":[7],"tags":[247,2202],"global-categories":[],"class_list":["post-9351","post","type-post","status-publish","format-standard","has-post-thumbnail","hentry","category-carretera","tag-entrenamiento","tag-tecnica-de-pedaleo"],"yoast_head":"<!-- This site is optimized with the Yoast SEO Premium plugin v25.3 (Yoast SEO v25.9) - https:\/\/yoast.com\/wordpress\/plugins\/seo\/ -->\n<title>Mejora de la t\u00e9cnica de pedaleo - \u0160koda We Love Cycling - Spain<\/title>\n<meta name=\"description\" content=\"Mejorar la t\u00e9cnica de pedaleo y aumentar el volumen de entrenamiento ayudan a incrementar la econom\u00eda del ciclismo.\" \/>\n<meta name=\"robots\" content=\"index, follow, max-snippet:-1, max-image-preview:large, max-video-preview:-1\" \/>\n<link rel=\"canonical\" href=\"https:\/\/www.welovecycling.com\/es\/2022\/10\/21\/tecnica-de-pedaleo\/\" \/>\n<meta property=\"og:locale\" content=\"es_ES\" \/>\n<meta property=\"og:type\" content=\"article\" \/>\n<meta property=\"og:title\" content=\"Mejora de la t\u00e9cnica de pedaleo\" \/>\n<meta property=\"og:description\" content=\"Mejorar la t\u00e9cnica de pedaleo y aumentar el volumen de entrenamiento ayudan a incrementar la econom\u00eda del ciclismo.\" \/>\n<meta property=\"og:url\" content=\"https:\/\/www.welovecycling.com\/es\/2022\/10\/21\/tecnica-de-pedaleo\/\" \/>\n<meta property=\"og:site_name\" content=\"\u0160koda We Love Cycling - Spain\" \/>\n<meta property=\"article:published_time\" content=\"2022-10-21T10:08:19+00:00\" \/>\n<meta property=\"og:image\" content=\"https:\/\/d2p6e6u75xmxt8.cloudfront.net\/6\/2022\/10\/Cyclist-Nature-profimedia-0730490956-CVR.jpg\" \/>\n\t<meta property=\"og:image:width\" content=\"990\" \/>\n\t<meta property=\"og:image:height\" content=\"660\" \/>\n\t<meta property=\"og:image:type\" content=\"image\/jpeg\" \/>\n<meta name=\"author\" content=\"We Love Cycling Spain\" \/>\n<meta name=\"twitter:card\" content=\"summary_large_image\" \/>\n<meta name=\"twitter:title\" content=\"Mejora de la t\u00e9cnica de pedaleo\" \/>\n<meta name=\"twitter:description\" content=\"Mejorar la t\u00e9cnica de pedaleo y aumentar el volumen de entrenamiento ayudan a incrementar la econom\u00eda del ciclismo.\" \/>\n<meta name=\"twitter:label1\" content=\"Written by\" \/>\n\t<meta name=\"twitter:data1\" content=\"Jiri Kaloc\" \/>\n\t<meta name=\"twitter:label2\" content=\"Est. reading time\" \/>\n\t<meta name=\"twitter:data2\" content=\"5\" \/>\n<script type=\"application\/ld+json\" class=\"yoast-schema-graph\">{\"@context\":\"https:\/\/schema.org\",\"@graph\":[{\"@type\":\"WebPage\",\"@id\":\"https:\/\/www.welovecycling.com\/es\/2022\/10\/21\/tecnica-de-pedaleo\/\",\"url\":\"https:\/\/www.welovecycling.com\/es\/2022\/10\/21\/tecnica-de-pedaleo\/\",\"name\":\"Mejora de la t\u00e9cnica de pedaleo - \u0160koda We Love Cycling - Spain\",\"isPartOf\":{\"@id\":\"https:\/\/www.welovecycling.com\/es\/#website\"},\"primaryImageOfPage\":{\"@id\":\"https:\/\/www.welovecycling.com\/es\/2022\/10\/21\/tecnica-de-pedaleo\/#primaryimage\"},\"image\":{\"@id\":\"https:\/\/www.welovecycling.com\/es\/2022\/10\/21\/tecnica-de-pedaleo\/#primaryimage\"},\"thumbnailUrl\":\"https:\/\/d2p6e6u75xmxt8.cloudfront.net\/6\/2022\/10\/Cyclist-Nature-profimedia-0730490956-CVR.jpg\",\"datePublished\":\"2022-10-21T10:08:19+00:00\",\"author\":{\"@id\":\"https:\/\/www.welovecycling.com\/es\/#\/schema\/person\/deb61715b5812698ee79fb96f343ccd4\"},\"description\":\"Mejorar la t\u00e9cnica de pedaleo y aumentar el volumen de entrenamiento ayudan a incrementar la econom\u00eda del ciclismo.\",\"breadcrumb\":{\"@id\":\"https:\/\/www.welovecycling.com\/es\/2022\/10\/21\/tecnica-de-pedaleo\/#breadcrumb\"},\"inLanguage\":\"es-ES\",\"potentialAction\":[{\"@type\":\"ReadAction\",\"target\":[\"https:\/\/www.welovecycling.com\/es\/2022\/10\/21\/tecnica-de-pedaleo\/\"]}]},{\"@type\":\"ImageObject\",\"inLanguage\":\"es-ES\",\"@id\":\"https:\/\/www.welovecycling.com\/es\/2022\/10\/21\/tecnica-de-pedaleo\/#primaryimage\",\"url\":\"https:\/\/d2p6e6u75xmxt8.cloudfront.net\/6\/2022\/10\/Cyclist-Nature-profimedia-0730490956-CVR.jpg\",\"contentUrl\":\"https:\/\/d2p6e6u75xmxt8.cloudfront.net\/6\/2022\/10\/Cyclist-Nature-profimedia-0730490956-CVR.jpg\",\"width\":990,\"height\":660,\"caption\":\"Cyclist in nature\"},{\"@type\":\"BreadcrumbList\",\"@id\":\"https:\/\/www.welovecycling.com\/es\/2022\/10\/21\/tecnica-de-pedaleo\/#breadcrumb\",\"itemListElement\":[{\"@type\":\"ListItem\",\"position\":1,\"name\":\"Home\",\"item\":\"https:\/\/www.welovecycling.com\/es\/\"},{\"@type\":\"ListItem\",\"position\":2,\"name\":\"Mejora de la t\u00e9cnica de pedaleo\"}]},{\"@type\":\"WebSite\",\"@id\":\"https:\/\/www.welovecycling.com\/es\/#website\",\"url\":\"https:\/\/www.welovecycling.com\/es\/\",\"name\":\"\u0160koda We Love Cycling - Spain\",\"description\":\"\u0160koda WeLoveCycling Spain\",\"potentialAction\":[{\"@type\":\"SearchAction\",\"target\":{\"@type\":\"EntryPoint\",\"urlTemplate\":\"https:\/\/www.welovecycling.com\/es\/?s={search_term_string}\"},\"query-input\":{\"@type\":\"PropertyValueSpecification\",\"valueRequired\":true,\"valueName\":\"search_term_string\"}}],\"inLanguage\":\"es-ES\"},{\"@type\":\"Person\",\"@id\":\"https:\/\/www.welovecycling.com\/es\/#\/schema\/person\/deb61715b5812698ee79fb96f343ccd4\",\"name\":\"We Love Cycling Spain\",\"image\":{\"@type\":\"ImageObject\",\"inLanguage\":\"es-ES\",\"@id\":\"https:\/\/www.welovecycling.com\/es\/#\/schema\/person\/image\/\",\"url\":\"https:\/\/secure.gravatar.com\/avatar\/c824b04e6df0e37a03219d0b6481672889df542894588964102459e46513159c?s=96&d=mm&r=g\",\"contentUrl\":\"https:\/\/secure.gravatar.com\/avatar\/c824b04e6df0e37a03219d0b6481672889df542894588964102459e46513159c?s=96&d=mm&r=g\",\"caption\":\"We Love Cycling Spain\"},\"url\":\"https:\/\/www.welovecycling.com\/es\/author\/amunoz\/\"}]}<\/script>\n<!-- \/ Yoast SEO Premium plugin. -->","yoast_head_json":{"title":"Mejora de la t\u00e9cnica de pedaleo - \u0160koda We Love Cycling - Spain","description":"Mejorar la t\u00e9cnica de pedaleo y aumentar el volumen de entrenamiento ayudan a incrementar la econom\u00eda del ciclismo.","robots":{"index":"index","follow":"follow","max-snippet":"max-snippet:-1","max-image-preview":"max-image-preview:large","max-video-preview":"max-video-preview:-1"},"canonical":"https:\/\/www.welovecycling.com\/es\/2022\/10\/21\/tecnica-de-pedaleo\/","og_locale":"es_ES","og_type":"article","og_title":"Mejora de la t\u00e9cnica de pedaleo","og_description":"Mejorar la t\u00e9cnica de pedaleo y aumentar el volumen de entrenamiento ayudan a incrementar la econom\u00eda del ciclismo.","og_url":"https:\/\/www.welovecycling.com\/es\/2022\/10\/21\/tecnica-de-pedaleo\/","og_site_name":"\u0160koda We Love Cycling - Spain","article_published_time":"2022-10-21T10:08:19+00:00","og_image":[{"width":990,"height":660,"url":"https:\/\/d2p6e6u75xmxt8.cloudfront.net\/6\/2022\/10\/Cyclist-Nature-profimedia-0730490956-CVR.jpg","type":"image\/jpeg"}],"author":"We Love Cycling Spain","twitter_card":"summary_large_image","twitter_title":"Mejora de la t\u00e9cnica de pedaleo","twitter_description":"Mejorar la t\u00e9cnica de pedaleo y aumentar el volumen de entrenamiento ayudan a incrementar la econom\u00eda del ciclismo.","twitter_misc":{"Written by":"Jiri Kaloc","Est. reading time":"5"},"schema":{"@context":"https:\/\/schema.org","@graph":[{"@type":"WebPage","@id":"https:\/\/www.welovecycling.com\/es\/2022\/10\/21\/tecnica-de-pedaleo\/","url":"https:\/\/www.welovecycling.com\/es\/2022\/10\/21\/tecnica-de-pedaleo\/","name":"Mejora de la t\u00e9cnica de pedaleo - \u0160koda We Love Cycling - Spain","isPartOf":{"@id":"https:\/\/www.welovecycling.com\/es\/#website"},"primaryImageOfPage":{"@id":"https:\/\/www.welovecycling.com\/es\/2022\/10\/21\/tecnica-de-pedaleo\/#primaryimage"},"image":{"@id":"https:\/\/www.welovecycling.com\/es\/2022\/10\/21\/tecnica-de-pedaleo\/#primaryimage"},"thumbnailUrl":"https:\/\/d2p6e6u75xmxt8.cloudfront.net\/6\/2022\/10\/Cyclist-Nature-profimedia-0730490956-CVR.jpg","datePublished":"2022-10-21T10:08:19+00:00","author":{"@id":"https:\/\/www.welovecycling.com\/es\/#\/schema\/person\/deb61715b5812698ee79fb96f343ccd4"},"description":"Mejorar la t\u00e9cnica de pedaleo y aumentar el volumen de entrenamiento ayudan a incrementar la econom\u00eda del ciclismo.","breadcrumb":{"@id":"https:\/\/www.welovecycling.com\/es\/2022\/10\/21\/tecnica-de-pedaleo\/#breadcrumb"},"inLanguage":"es-ES","potentialAction":[{"@type":"ReadAction","target":["https:\/\/www.welovecycling.com\/es\/2022\/10\/21\/tecnica-de-pedaleo\/"]}]},{"@type":"ImageObject","inLanguage":"es-ES","@id":"https:\/\/www.welovecycling.com\/es\/2022\/10\/21\/tecnica-de-pedaleo\/#primaryimage","url":"https:\/\/d2p6e6u75xmxt8.cloudfront.net\/6\/2022\/10\/Cyclist-Nature-profimedia-0730490956-CVR.jpg","contentUrl":"https:\/\/d2p6e6u75xmxt8.cloudfront.net\/6\/2022\/10\/Cyclist-Nature-profimedia-0730490956-CVR.jpg","width":990,"height":660,"caption":"Cyclist in nature"},{"@type":"BreadcrumbList","@id":"https:\/\/www.welovecycling.com\/es\/2022\/10\/21\/tecnica-de-pedaleo\/#breadcrumb","itemListElement":[{"@type":"ListItem","position":1,"name":"Home","item":"https:\/\/www.welovecycling.com\/es\/"},{"@type":"ListItem","position":2,"name":"Mejora de la t\u00e9cnica de pedaleo"}]},{"@type":"WebSite","@id":"https:\/\/www.welovecycling.com\/es\/#website","url":"https:\/\/www.welovecycling.com\/es\/","name":"\u0160koda We Love Cycling - Spain","description":"\u0160koda WeLoveCycling Spain","potentialAction":[{"@type":"SearchAction","target":{"@type":"EntryPoint","urlTemplate":"https:\/\/www.welovecycling.com\/es\/?s={search_term_string}"},"query-input":{"@type":"PropertyValueSpecification","valueRequired":true,"valueName":"search_term_string"}}],"inLanguage":"es-ES"},{"@type":"Person","@id":"https:\/\/www.welovecycling.com\/es\/#\/schema\/person\/deb61715b5812698ee79fb96f343ccd4","name":"We Love Cycling Spain","image":{"@type":"ImageObject","inLanguage":"es-ES","@id":"https:\/\/www.welovecycling.com\/es\/#\/schema\/person\/image\/","url":"https:\/\/secure.gravatar.com\/avatar\/c824b04e6df0e37a03219d0b6481672889df542894588964102459e46513159c?s=96&d=mm&r=g","contentUrl":"https:\/\/secure.gravatar.com\/avatar\/c824b04e6df0e37a03219d0b6481672889df542894588964102459e46513159c?s=96&d=mm&r=g","caption":"We Love Cycling Spain"},"url":"https:\/\/www.welovecycling.com\/es\/author\/amunoz\/"}]}},"_links":{"self":[{"href":"https:\/\/www.welovecycling.com\/es\/wp-json\/wp\/v2\/posts\/9351","targetHints":{"allow":["GET"]}}],"collection":[{"href":"https:\/\/www.welovecycling.com\/es\/wp-json\/wp\/v2\/posts"}],"about":[{"href":"https:\/\/www.welovecycling.com\/es\/wp-json\/wp\/v2\/types\/post"}],"author":[{"embeddable":true,"href":"https:\/\/www.welovecycling.com\/es\/wp-json\/wp\/v2\/users\/29"}],"replies":[{"embeddable":true,"href":"https:\/\/www.welovecycling.com\/es\/wp-json\/wp\/v2\/comments?post=9351"}],"version-history":[{"count":2,"href":"https:\/\/www.welovecycling.com\/es\/wp-json\/wp\/v2\/posts\/9351\/revisions"}],"predecessor-version":[{"id":9362,"href":"https:\/\/www.welovecycling.com\/es\/wp-json\/wp\/v2\/posts\/9351\/revisions\/9362"}],"wp:featuredmedia":[{"embeddable":true,"href":"https:\/\/www.welovecycling.com\/es\/wp-json\/wp\/v2\/media\/9358"}],"wp:attachment":[{"href":"https:\/\/www.welovecycling.com\/es\/wp-json\/wp\/v2\/media?parent=9351"}],"wp:term":[{"taxonomy":"category","embeddable":true,"href":"https:\/\/www.welovecycling.com\/es\/wp-json\/wp\/v2\/categories?post=9351"},{"taxonomy":"post_tag","embeddable":true,"href":"https:\/\/www.welovecycling.com\/es\/wp-json\/wp\/v2\/tags?post=9351"},{"taxonomy":"global-categories","embeddable":true,"href":"https:\/\/www.welovecycling.com\/es\/wp-json\/wp\/v2\/global-categories?post=9351"}],"curies":[{"name":"wp","href":"https:\/\/api.w.org\/{rel}","templated":true}]}}